{"id":10117,"date":"2025-03-07T11:45:08","date_gmt":"2025-03-07T10:45:08","guid":{"rendered":"https:\/\/www.duerodeporte.com\/?p=10117"},"modified":"2025-03-07T12:53:40","modified_gmt":"2025-03-07T11:53:40","slug":"el-virgen-de-las-vinas-sera-testigo-de-la-lucha-por-el-subcampeonato-de-rugby-aranda-y-el-pase-a-la-final-de-copa-norte-de-ribera-rugby","status":"publish","type":"post","link":"https:\/\/www.duerodeporte.com\/index.php\/archivos\/10117","title":{"rendered":"El Virgen de las Vi\u00f1as, testigo del pase a la final de Ribera Rugby y la lucha de Rugby Aranda por el subcampeonato"},"content":{"rendered":"\n<h2 class=\"wp-block-heading\">Rugby Aranda busca este s\u00e1bado (16:00 h) un triunfo que mantenga vivos a los celeste y vino en la pelea por ser el segundo mejor equipo de Liga Senior. Lograrlo no ser\u00e1 sencillo con la visita del flamante y reciente campe\u00f3n, Arroyo Lions. Mientras, Ribera Rugby aspira a jugar la final de Copa Norte de Plata, algo que las doradas tienen muy encarrilado tras doblegar en la ida de semifinales a Ping\u00fcinas por 0-69 <\/h2>\n\n\n\n<p>Las temporadas van llegando a su fin y los campeonatos entran en la fase en la que se deciden los objetivos. En esa tesitura, el fin de semana se viene intenso para <strong>el<\/strong> <strong>rugby de las Tierras del Duero<\/strong>. Rugby Aranda quiere mantener sus opciones de lograr el <strong>subcampeonato de <a href=\"https:\/\/rugbycyl.es\/resultados-clubs-de-castilla-y-leon\/\">Liga Senior<\/a><\/strong>, mientras Ribera Rugby ha de confirmar su pase a la<strong> final de Copa Norte de Plata<\/strong>. Dos objetivos posibles, pero al mismo tiempo m\u00e1s complejo para unos y que para otras.<\/p>\n\n\n\n<figure class=\"wp-block-image size-large\"><a href=\"https:\/\/federopticosmarin.com\/?fbclid=PAZXh0bgNhZW0CMTEAAabIoAbUDhVg1YT0Q7uRhGr4roHYUhcDZghyRbpy_8ZgEi6wbFGXUuQjdwc_aem_ZLMqcBU1hOQaZQnxJoMSew\"><img loading=\"lazy\" decoding=\"async\" width=\"1024\" height=\"234\" src=\"https:\/\/www.duerodeporte.com\/wp-content\/uploads\/2024\/11\/Optica_noviembre-1024x234.jpeg\" alt=\"\" class=\"wp-image-7369\" srcset=\"https:\/\/www.duerodeporte.com\/wp-content\/uploads\/2024\/11\/Optica_noviembre-1024x234.jpeg 1024w, https:\/\/www.duerodeporte.com\/wp-content\/uploads\/2024\/11\/Optica_noviembre-300x68.jpeg 300w, https:\/\/www.duerodeporte.com\/wp-content\/uploads\/2024\/11\/Optica_noviembre-768x175.jpeg 768w, https:\/\/www.duerodeporte.com\/wp-content\/uploads\/2024\/11\/Optica_noviembre-1536x350.jpeg 1536w, https:\/\/www.duerodeporte.com\/wp-content\/uploads\/2024\/11\/Optica_noviembre-696x159.jpeg 696w, https:\/\/www.duerodeporte.com\/wp-content\/uploads\/2024\/11\/Optica_noviembre-1068x244.jpeg 1068w, https:\/\/www.duerodeporte.com\/wp-content\/uploads\/2024\/11\/Optica_noviembre.jpeg 1600w\" sizes=\"auto, (max-width: 1024px) 100vw, 1024px\" \/><\/a><\/figure>\n\n\n\n<p>En el caso de <strong><a href=\"https:\/\/www.instagram.com\/riberarugby\/?hl=es\">Ribera Rugby<\/a><\/strong>, el pase a la final de Copa Norte parece mucho m\u00e1s sencillo pero habr\u00e1 que pelearlo. Las del quince dorado cuentan con una ampl\u00eda renta tras el partido de ida de semifinales celebrado hace quince d\u00edas en San Amaro (Burgos) donde doblegaron al filial de <strong><a href=\"https:\/\/www.instagram.com\/pinguinasrugbyburgos\/?hl=es\">Ping\u00fcinas<\/a> <\/strong>por 0-69.<\/p>\n\n\n\n<p>As\u00ed, el duelo de este <strong>domingo <\/strong>(<strong>12:00 horas<\/strong>) en el Virgen de las Vi\u00f1as no debe presentar excesivos problemas. M\u00e1s all\u00e1 de los deportivo, el encuentro se enmarca dentro de los actos conmemorativos del 8 de Marzo &#8211;<strong>D\u00eda Internacional de la Mujer<\/strong>&#8211; y la entidad dorada realizar\u00e1 un<strong> saque de honor<\/strong> a cargo de la vicepresidenta de la <strong><a href=\"https:\/\/www.instagram.com\/a.f.rupertabaraya\/?hl=es\">Asociaci\u00f3n Feminista Ruperta Baraya<\/a><\/strong>, <strong>Diana Mart\u00ednez<\/strong>, y tambi\u00e9n jugadora de Villa de Aranda. Un gesto que la pasada temporada tambi\u00e9n realiz\u00f3 Ribera Rugby con la presencia de la atleta Mara Arranz.<\/p>\n\n\n<div class=\"wp-block-image\">\n<figure class=\"aligncenter size-large\"><a href=\"https:\/\/whatsapp.com\/channel\/0029VaKr9Jr5kg76tHjXkZ2b\"><img loading=\"lazy\" decoding=\"async\" width=\"1024\" height=\"80\" src=\"https:\/\/www.duerodeporte.com\/wp-content\/uploads\/2024\/06\/2-2-1024x80.png\" alt=\"\" class=\"wp-image-3887\" srcset=\"https:\/\/www.duerodeporte.com\/wp-content\/uploads\/2024\/06\/2-2-1024x80.png 1024w, https:\/\/www.duerodeporte.com\/wp-content\/uploads\/2024\/06\/2-2-300x23.png 300w, https:\/\/www.duerodeporte.com\/wp-content\/uploads\/2024\/06\/2-2-768x60.png 768w, https:\/\/www.duerodeporte.com\/wp-content\/uploads\/2024\/06\/2-2-1536x120.png 1536w, https:\/\/www.duerodeporte.com\/wp-content\/uploads\/2024\/06\/2-2-696x54.png 696w, https:\/\/www.duerodeporte.com\/wp-content\/uploads\/2024\/06\/2-2-1068x83.png 1068w, https:\/\/www.duerodeporte.com\/wp-content\/uploads\/2024\/06\/2-2.png 1920w\" sizes=\"auto, (max-width: 1024px) 100vw, 1024px\" \/><\/a><\/figure>\n<\/div>\n\n\n<h2 class=\"wp-block-heading\">El subcampeonato celeste y vino en juego<\/h2>\n\n\n\n<p>Mientras tanto, un d\u00eda antes el<strong> s\u00e1bado <\/strong>(<strong>16:00 horas<\/strong>) <strong><a href=\"https:\/\/www.instagram.com\/rugbyaranda\/?hl=es\">Rugby Aranda<\/a><\/strong> (2\u00ba, 41 puntos)recibe en la pen\u00faltima jornada de la Liga Senior Masculina de Castilla y Le\u00f3n a <a href=\"https:\/\/www.instagram.com\/arroyolionsrugby\/?hl=es\"><strong>Arroyo Lions<\/strong> <\/a>(1\u00ba, 52 puntos) Un duelo que servir\u00e1 para ver en liza al <strong>reciente campe\u00f3n de la liga regular 24-25<\/strong>, la escuadra vallisoletana, y quien lograra ese mismo t\u00edtulo la pasada campa\u00f1a, los propios celeste y vino.<\/p>\n\n\n\n<p>El encuentro que se presenta con las aspiraciones al subcampeonato para los de las Tierras del Duero, pero no ser\u00e1 sencillo, ni a\u00fan definitivo, a tenor de la entidad del rival y las dos jornadas que restan. En la primera vuelta lejos del Virgen de las Vi\u00f1as, el resultado ante los vallisoletanos no fue favorable (<strong>57-13<\/strong>) De este modo, los celeste y vino tendr\u00edan que vencer a Arroyo Lions algo que solo ha logrado Palencia este curso (15-12) para poder depender de s\u00ed mismos.<\/p>\n\n\n\n<p>Sea como fuere <strong>a\u00fan resta una jornada m\u00e1s <\/strong>para poder lograrlo y un adversario que tambi\u00e9n aspira al subcampeonato, <strong>Le\u00f3n<\/strong>. Y es que los leoneses son terceros (30 puntos) por detr\u00e1s de <strong>Palencia <\/strong>(34 puntos) pero cuentan con un partido menos y ante el colista, Rugby Arroyo. As\u00ed pues, todo hace indicar que el subcampeonato se decidir\u00e1 en la \u00faltima jornada, pero optar a \u00e9l pasa por lo que sucede este fin de semana.<\/p>\n","protected":false},"excerpt":{"rendered":"<p>Rugby Aranda busca este s\u00e1bado (16:00 h) un triunfo que mantenga vivos a los celeste y vino en la pelea por ser el segundo mejor equipo de Liga Senior. Lograrlo [&hellip;]<\/p>\n","protected":false},"author":3,"featured_media":10118,"comment_status":"open","ping_status":"open","sticky":false,"template":"","format":"standard","meta":{"footnotes":""},"categories":[21,15],"tags":[43,104,137,44,813],"class_list":["post-10117","post","type-post","status-publish","format-standard","has-post-thumbnail","category-rugby","category-portada","tag-aranda-de-duero","tag-burgos","tag-copa-norte","tag-ribera-rugby","tag-rygby"],"yoast_head":"<!-- This site is optimized with the Yoast SEO plugin v27.5 - https:\/\/yoast.com\/product\/yoast-seo-wordpress\/ -->\r\n<title>El Virgen de las Vi\u00f1as, testigo del pase a la final de Ribera Rugby y la lucha de Rugby Aranda por el subcampeonato<\/title>\r\n<meta name=\"description\" content=\"El Deporte de Aranda y las tierras del Duero\" \/>\r\n<meta name=\"robots\" content=\"index, follow, max-snippet:-1, max-image-preview:large, max-video-preview:-1\" \/>\r\n<link rel=\"canonical\" href=\"https:\/\/www.duerodeporte.com\/index.php\/archivos\/10117\" \/>\r\n<meta property=\"og:locale\" content=\"es_ES\" \/>\r\n<meta property=\"og:type\" content=\"article\" \/>\r\n<meta property=\"og:title\" content=\"El Virgen de las Vi\u00f1as, testigo del pase a la final de Ribera Rugby y la lucha de Rugby Aranda por el subcampeonato\" \/>\r\n<meta property=\"og:description\" content=\"El Deporte de Aranda y las tierras del Duero\" \/>\r\n<meta property=\"og:url\" content=\"https:\/\/www.duerodeporte.com\/index.php\/archivos\/10117\" \/>\r\n<meta property=\"og:site_name\" content=\"Duero Deporte\" \/>\r\n<meta property=\"article:publisher\" content=\"https:\/\/www.facebook.com\/61555928375028\" \/>\r\n<meta property=\"article:published_time\" content=\"2025-03-07T10:45:08+00:00\" \/>\r\n<meta property=\"article:modified_time\" content=\"2025-03-07T11:53:40+00:00\" \/>\r\n<meta property=\"og:image\" content=\"https:\/\/www.duerodeporte.com\/wp-content\/uploads\/2025\/03\/WhatsApp-Image-2025-03-05-at-16.46.27.jpeg\" \/>\r\n\t<meta property=\"og:image:width\" content=\"1080\" \/>\r\n\t<meta property=\"og:image:height\" content=\"641\" \/>\r\n\t<meta property=\"og:image:type\" content=\"image\/jpeg\" \/>\r\n<meta name=\"author\" content=\"Diego A. Mart\u00edn\" \/>\r\n<meta name=\"twitter:card\" content=\"summary_large_image\" \/>\r\n<meta name=\"twitter:creator\" content=\"@Diegoamartin13\" \/>\r\n<meta name=\"twitter:site\" content=\"@Diegoamartin13\" \/>\r\n<meta name=\"twitter:label1\" content=\"Escrito por\" \/>\n\t<meta name=\"twitter:data1\" content=\"Diego A. Mart\u00edn\" \/>\n\t<meta name=\"twitter:label2\" content=\"Tiempo de lectura\" \/>\n\t<meta name=\"twitter:data2\" content=\"4 minutos\" \/>\r\n<script type=\"application\/ld+json\" class=\"yoast-schema-graph\">{\"@context\":\"https:\\\/\\\/schema.org\",\"@graph\":[{\"@type\":[\"Article\",\"SocialMediaPosting\"],\"@id\":\"https:\\\/\\\/www.duerodeporte.com\\\/index.php\\\/archivos\\\/10117#article\",\"isPartOf\":{\"@id\":\"https:\\\/\\\/www.duerodeporte.com\\\/index.php\\\/archivos\\\/10117\"},\"author\":{\"name\":\"Diego A. Mart\u00edn\",\"@id\":\"https:\\\/\\\/www.duerodeporte.com\\\/#\\\/schema\\\/person\\\/5f3368966f635b5ae0d23ffaf7a7f894\"},\"headline\":\"El Virgen de las Vi\u00f1as, testigo del pase a la final de Ribera Rugby y la lucha de Rugby Aranda por el subcampeonato\",\"datePublished\":\"2025-03-07T10:45:08+00:00\",\"dateModified\":\"2025-03-07T11:53:40+00:00\",\"mainEntityOfPage\":{\"@id\":\"https:\\\/\\\/www.duerodeporte.com\\\/index.php\\\/archivos\\\/10117\"},\"wordCount\":576,\"commentCount\":0,\"publisher\":{\"@id\":\"https:\\\/\\\/www.duerodeporte.com\\\/#organization\"},\"image\":{\"@id\":\"https:\\\/\\\/www.duerodeporte.com\\\/index.php\\\/archivos\\\/10117#primaryimage\"},\"thumbnailUrl\":\"https:\\\/\\\/www.duerodeporte.com\\\/wp-content\\\/uploads\\\/2025\\\/03\\\/WhatsApp-Image-2025-03-05-at-16.46.27.jpeg\",\"keywords\":[\"aranda de duero\",\"burgos\",\"Copa Norte\",\"Ribera Rugby\",\"rygby\"],\"articleSection\":[\"RUGBY\",\"z_PORTADA\"],\"inLanguage\":\"es\",\"potentialAction\":[{\"@type\":\"CommentAction\",\"name\":\"Comment\",\"target\":[\"https:\\\/\\\/www.duerodeporte.com\\\/index.php\\\/archivos\\\/10117#respond\"]}]},{\"@type\":[\"WebPage\",\"ItemPage\"],\"@id\":\"https:\\\/\\\/www.duerodeporte.com\\\/index.php\\\/archivos\\\/10117\",\"url\":\"https:\\\/\\\/www.duerodeporte.com\\\/index.php\\\/archivos\\\/10117\",\"name\":\"El Virgen de las Vi\u00f1as, testigo del pase a la final de Ribera Rugby y la lucha de Rugby Aranda por el subcampeonato\",\"isPartOf\":{\"@id\":\"https:\\\/\\\/www.duerodeporte.com\\\/#website\"},\"primaryImageOfPage\":{\"@id\":\"https:\\\/\\\/www.duerodeporte.com\\\/index.php\\\/archivos\\\/10117#primaryimage\"},\"image\":{\"@id\":\"https:\\\/\\\/www.duerodeporte.com\\\/index.php\\\/archivos\\\/10117#primaryimage\"},\"thumbnailUrl\":\"https:\\\/\\\/www.duerodeporte.com\\\/wp-content\\\/uploads\\\/2025\\\/03\\\/WhatsApp-Image-2025-03-05-at-16.46.27.jpeg\",\"datePublished\":\"2025-03-07T10:45:08+00:00\",\"dateModified\":\"2025-03-07T11:53:40+00:00\",\"description\":\"El Deporte de Aranda y las tierras del Duero\",\"breadcrumb\":{\"@id\":\"https:\\\/\\\/www.duerodeporte.com\\\/index.php\\\/archivos\\\/10117#breadcrumb\"},\"inLanguage\":\"es\",\"potentialAction\":[{\"@type\":\"ReadAction\",\"target\":[\"https:\\\/\\\/www.duerodeporte.com\\\/index.php\\\/archivos\\\/10117\"]}]},{\"@type\":\"ImageObject\",\"inLanguage\":\"es\",\"@id\":\"https:\\\/\\\/www.duerodeporte.com\\\/index.php\\\/archivos\\\/10117#primaryimage\",\"url\":\"https:\\\/\\\/www.duerodeporte.com\\\/wp-content\\\/uploads\\\/2025\\\/03\\\/WhatsApp-Image-2025-03-05-at-16.46.27.jpeg\",\"contentUrl\":\"https:\\\/\\\/www.duerodeporte.com\\\/wp-content\\\/uploads\\\/2025\\\/03\\\/WhatsApp-Image-2025-03-05-at-16.46.27.jpeg\",\"width\":1080,\"height\":641,\"caption\":\"Las del quince dorado ya superaron en la ida a las burgaleses en San Amaro. \\\/ Ribera Rugby\"},{\"@type\":\"BreadcrumbList\",\"@id\":\"https:\\\/\\\/www.duerodeporte.com\\\/index.php\\\/archivos\\\/10117#breadcrumb\",\"itemListElement\":[{\"@type\":\"ListItem\",\"position\":1,\"name\":\"Portada\",\"item\":\"https:\\\/\\\/www.duerodeporte.com\\\/\"},{\"@type\":\"ListItem\",\"position\":2,\"name\":\"El Virgen de las Vi\u00f1as, testigo del pase a la final de Ribera Rugby y la lucha de Rugby Aranda por el subcampeonato\"}]},{\"@type\":\"WebSite\",\"@id\":\"https:\\\/\\\/www.duerodeporte.com\\\/#website\",\"url\":\"https:\\\/\\\/www.duerodeporte.com\\\/\",\"name\":\"Duero Deporte\",\"description\":\"El Deporte de Aranda y las tierras del Duero\",\"publisher\":{\"@id\":\"https:\\\/\\\/www.duerodeporte.com\\\/#organization\"},\"alternateName\":\"El Deporte de Aranda y las tierras del Duero\",\"potentialAction\":[{\"@type\":\"SearchAction\",\"target\":{\"@type\":\"EntryPoint\",\"urlTemplate\":\"https:\\\/\\\/www.duerodeporte.com\\\/?s={search_term_string}\"},\"query-input\":{\"@type\":\"PropertyValueSpecification\",\"valueRequired\":true,\"valueName\":\"search_term_string\"}}],\"inLanguage\":\"es\"},{\"@type\":\"Organization\",\"@id\":\"https:\\\/\\\/www.duerodeporte.com\\\/#organization\",\"name\":\"Duero Deporte\",\"alternateName\":\"El Deporte de Aranda y las tierras del Duero\",\"url\":\"https:\\\/\\\/www.duerodeporte.com\\\/\",\"logo\":{\"@type\":\"ImageObject\",\"inLanguage\":\"es\",\"@id\":\"https:\\\/\\\/www.duerodeporte.com\\\/#\\\/schema\\\/logo\\\/image\\\/\",\"url\":\"https:\\\/\\\/www.duerodeporte.com\\\/wp-content\\\/uploads\\\/2023\\\/11\\\/A.ColorSinFondo-e1708011627555.png\",\"contentUrl\":\"https:\\\/\\\/www.duerodeporte.com\\\/wp-content\\\/uploads\\\/2023\\\/11\\\/A.ColorSinFondo-e1708011627555.png\",\"width\":750,\"height\":132,\"caption\":\"Duero Deporte\"},\"image\":{\"@id\":\"https:\\\/\\\/www.duerodeporte.com\\\/#\\\/schema\\\/logo\\\/image\\\/\"},\"sameAs\":[\"https:\\\/\\\/www.facebook.com\\\/61555928375028\",\"https:\\\/\\\/x.com\\\/Diegoamartin13\",\"https:\\\/\\\/www.youtube.com\\\/channel\\\/UCxIGQL8b9gmW-NjaChabCdA\"]},{\"@type\":\"Person\",\"@id\":\"https:\\\/\\\/www.duerodeporte.com\\\/#\\\/schema\\\/person\\\/5f3368966f635b5ae0d23ffaf7a7f894\",\"name\":\"Diego A. Mart\u00edn\",\"image\":{\"@type\":\"ImageObject\",\"inLanguage\":\"es\",\"@id\":\"https:\\\/\\\/www.duerodeporte.com\\\/wp-content\\\/uploads\\\/2024\\\/01\\\/Diego2-e1706522808572-150x150.jpeg\",\"url\":\"https:\\\/\\\/www.duerodeporte.com\\\/wp-content\\\/uploads\\\/2024\\\/01\\\/Diego2-e1706522808572-150x150.jpeg\",\"contentUrl\":\"https:\\\/\\\/www.duerodeporte.com\\\/wp-content\\\/uploads\\\/2024\\\/01\\\/Diego2-e1706522808572-150x150.jpeg\",\"caption\":\"Diego A. Mart\u00edn\"},\"url\":\"https:\\\/\\\/www.duerodeporte.com\\\/index.php\\\/archivos\\\/author\\\/diego\"}]}<\/script>\r\n<!-- \/ Yoast SEO plugin. -->","yoast_head_json":{"title":"El Virgen de las Vi\u00f1as, testigo del pase a la final de Ribera Rugby y la lucha de Rugby Aranda por el subcampeonato","description":"El Deporte de Aranda y las tierras del Duero","robots":{"index":"index","follow":"follow","max-snippet":"max-snippet:-1","max-image-preview":"max-image-preview:large","max-video-preview":"max-video-preview:-1"},"canonical":"https:\/\/www.duerodeporte.com\/index.php\/archivos\/10117","og_locale":"es_ES","og_type":"article","og_title":"El Virgen de las Vi\u00f1as, testigo del pase a la final de Ribera Rugby y la lucha de Rugby Aranda por el subcampeonato","og_description":"El Deporte de Aranda y las tierras del Duero","og_url":"https:\/\/www.duerodeporte.com\/index.php\/archivos\/10117","og_site_name":"Duero Deporte","article_publisher":"https:\/\/www.facebook.com\/61555928375028","article_published_time":"2025-03-07T10:45:08+00:00","article_modified_time":"2025-03-07T11:53:40+00:00","og_image":[{"width":1080,"height":641,"url":"https:\/\/www.duerodeporte.com\/wp-content\/uploads\/2025\/03\/WhatsApp-Image-2025-03-05-at-16.46.27.jpeg","type":"image\/jpeg"}],"author":"Diego A. Mart\u00edn","twitter_card":"summary_large_image","twitter_creator":"@Diegoamartin13","twitter_site":"@Diegoamartin13","twitter_misc":{"Escrito por":"Diego A. Mart\u00edn","Tiempo de lectura":"4 minutos"},"schema":{"@context":"https:\/\/schema.org","@graph":[{"@type":["Article","SocialMediaPosting"],"@id":"https:\/\/www.duerodeporte.com\/index.php\/archivos\/10117#article","isPartOf":{"@id":"https:\/\/www.duerodeporte.com\/index.php\/archivos\/10117"},"author":{"name":"Diego A. Mart\u00edn","@id":"https:\/\/www.duerodeporte.com\/#\/schema\/person\/5f3368966f635b5ae0d23ffaf7a7f894"},"headline":"El Virgen de las Vi\u00f1as, testigo del pase a la final de Ribera Rugby y la lucha de Rugby Aranda por el subcampeonato","datePublished":"2025-03-07T10:45:08+00:00","dateModified":"2025-03-07T11:53:40+00:00","mainEntityOfPage":{"@id":"https:\/\/www.duerodeporte.com\/index.php\/archivos\/10117"},"wordCount":576,"commentCount":0,"publisher":{"@id":"https:\/\/www.duerodeporte.com\/#organization"},"image":{"@id":"https:\/\/www.duerodeporte.com\/index.php\/archivos\/10117#primaryimage"},"thumbnailUrl":"https:\/\/www.duerodeporte.com\/wp-content\/uploads\/2025\/03\/WhatsApp-Image-2025-03-05-at-16.46.27.jpeg","keywords":["aranda de duero","burgos","Copa Norte","Ribera Rugby","rygby"],"articleSection":["RUGBY","z_PORTADA"],"inLanguage":"es","potentialAction":[{"@type":"CommentAction","name":"Comment","target":["https:\/\/www.duerodeporte.com\/index.php\/archivos\/10117#respond"]}]},{"@type":["WebPage","ItemPage"],"@id":"https:\/\/www.duerodeporte.com\/index.php\/archivos\/10117","url":"https:\/\/www.duerodeporte.com\/index.php\/archivos\/10117","name":"El Virgen de las Vi\u00f1as, testigo del pase a la final de Ribera Rugby y la lucha de Rugby Aranda por el subcampeonato","isPartOf":{"@id":"https:\/\/www.duerodeporte.com\/#website"},"primaryImageOfPage":{"@id":"https:\/\/www.duerodeporte.com\/index.php\/archivos\/10117#primaryimage"},"image":{"@id":"https:\/\/www.duerodeporte.com\/index.php\/archivos\/10117#primaryimage"},"thumbnailUrl":"https:\/\/www.duerodeporte.com\/wp-content\/uploads\/2025\/03\/WhatsApp-Image-2025-03-05-at-16.46.27.jpeg","datePublished":"2025-03-07T10:45:08+00:00","dateModified":"2025-03-07T11:53:40+00:00","description":"El Deporte de Aranda y las tierras del Duero","breadcrumb":{"@id":"https:\/\/www.duerodeporte.com\/index.php\/archivos\/10117#breadcrumb"},"inLanguage":"es","potentialAction":[{"@type":"ReadAction","target":["https:\/\/www.duerodeporte.com\/index.php\/archivos\/10117"]}]},{"@type":"ImageObject","inLanguage":"es","@id":"https:\/\/www.duerodeporte.com\/index.php\/archivos\/10117#primaryimage","url":"https:\/\/www.duerodeporte.com\/wp-content\/uploads\/2025\/03\/WhatsApp-Image-2025-03-05-at-16.46.27.jpeg","contentUrl":"https:\/\/www.duerodeporte.com\/wp-content\/uploads\/2025\/03\/WhatsApp-Image-2025-03-05-at-16.46.27.jpeg","width":1080,"height":641,"caption":"Las del quince dorado ya superaron en la ida a las burgaleses en San Amaro. \/ Ribera Rugby"},{"@type":"BreadcrumbList","@id":"https:\/\/www.duerodeporte.com\/index.php\/archivos\/10117#breadcrumb","itemListElement":[{"@type":"ListItem","position":1,"name":"Portada","item":"https:\/\/www.duerodeporte.com\/"},{"@type":"ListItem","position":2,"name":"El Virgen de las Vi\u00f1as, testigo del pase a la final de Ribera Rugby y la lucha de Rugby Aranda por el subcampeonato"}]},{"@type":"WebSite","@id":"https:\/\/www.duerodeporte.com\/#website","url":"https:\/\/www.duerodeporte.com\/","name":"Duero Deporte","description":"El Deporte de Aranda y las tierras del Duero","publisher":{"@id":"https:\/\/www.duerodeporte.com\/#organization"},"alternateName":"El Deporte de Aranda y las tierras del Duero","potentialAction":[{"@type":"SearchAction","target":{"@type":"EntryPoint","urlTemplate":"https:\/\/www.duerodeporte.com\/?s={search_term_string}"},"query-input":{"@type":"PropertyValueSpecification","valueRequired":true,"valueName":"search_term_string"}}],"inLanguage":"es"},{"@type":"Organization","@id":"https:\/\/www.duerodeporte.com\/#organization","name":"Duero Deporte","alternateName":"El Deporte de Aranda y las tierras del Duero","url":"https:\/\/www.duerodeporte.com\/","logo":{"@type":"ImageObject","inLanguage":"es","@id":"https:\/\/www.duerodeporte.com\/#\/schema\/logo\/image\/","url":"https:\/\/www.duerodeporte.com\/wp-content\/uploads\/2023\/11\/A.ColorSinFondo-e1708011627555.png","contentUrl":"https:\/\/www.duerodeporte.com\/wp-content\/uploads\/2023\/11\/A.ColorSinFondo-e1708011627555.png","width":750,"height":132,"caption":"Duero Deporte"},"image":{"@id":"https:\/\/www.duerodeporte.com\/#\/schema\/logo\/image\/"},"sameAs":["https:\/\/www.facebook.com\/61555928375028","https:\/\/x.com\/Diegoamartin13","https:\/\/www.youtube.com\/channel\/UCxIGQL8b9gmW-NjaChabCdA"]},{"@type":"Person","@id":"https:\/\/www.duerodeporte.com\/#\/schema\/person\/5f3368966f635b5ae0d23ffaf7a7f894","name":"Diego A. Mart\u00edn","image":{"@type":"ImageObject","inLanguage":"es","@id":"https:\/\/www.duerodeporte.com\/wp-content\/uploads\/2024\/01\/Diego2-e1706522808572-150x150.jpeg","url":"https:\/\/www.duerodeporte.com\/wp-content\/uploads\/2024\/01\/Diego2-e1706522808572-150x150.jpeg","contentUrl":"https:\/\/www.duerodeporte.com\/wp-content\/uploads\/2024\/01\/Diego2-e1706522808572-150x150.jpeg","caption":"Diego A. Mart\u00edn"},"url":"https:\/\/www.duerodeporte.com\/index.php\/archivos\/author\/diego"}]}},"views":308,"_links":{"self":[{"href":"https:\/\/www.duerodeporte.com\/index.php\/wp-json\/wp\/v2\/posts\/10117","targetHints":{"allow":["GET"]}}],"collection":[{"href":"https:\/\/www.duerodeporte.com\/index.php\/wp-json\/wp\/v2\/posts"}],"about":[{"href":"https:\/\/www.duerodeporte.com\/index.php\/wp-json\/wp\/v2\/types\/post"}],"author":[{"embeddable":true,"href":"https:\/\/www.duerodeporte.com\/index.php\/wp-json\/wp\/v2\/users\/3"}],"replies":[{"embeddable":true,"href":"https:\/\/www.duerodeporte.com\/index.php\/wp-json\/wp\/v2\/comments?post=10117"}],"version-history":[{"count":12,"href":"https:\/\/www.duerodeporte.com\/index.php\/wp-json\/wp\/v2\/posts\/10117\/revisions"}],"predecessor-version":[{"id":10143,"href":"https:\/\/www.duerodeporte.com\/index.php\/wp-json\/wp\/v2\/posts\/10117\/revisions\/10143"}],"wp:featuredmedia":[{"embeddable":true,"href":"https:\/\/www.duerodeporte.com\/index.php\/wp-json\/wp\/v2\/media\/10118"}],"wp:attachment":[{"href":"https:\/\/www.duerodeporte.com\/index.php\/wp-json\/wp\/v2\/media?parent=10117"}],"wp:term":[{"taxonomy":"category","embeddable":true,"href":"https:\/\/www.duerodeporte.com\/index.php\/wp-json\/wp\/v2\/categories?post=10117"},{"taxonomy":"post_tag","embeddable":true,"href":"https:\/\/www.duerodeporte.com\/index.php\/wp-json\/wp\/v2\/tags?post=10117"}],"curies":[{"name":"wp","href":"https:\/\/api.w.org\/{rel}","templated":true}]}}