{"id":10451,"date":"2025-03-24T15:45:13","date_gmt":"2025-03-24T14:45:13","guid":{"rendered":"https:\/\/www.duerodeporte.com\/?p=10451"},"modified":"2025-03-24T17:15:14","modified_gmt":"2025-03-24T16:15:14","slug":"rugby-aranda-cierra-el-curso-con-victoria-en-salamanca","status":"publish","type":"post","link":"https:\/\/www.duerodeporte.com\/index.php\/archivos\/10451","title":{"rendered":"Rugby Aranda cierra el curso con victoria en Salamanca"},"content":{"rendered":"\n<h2 class=\"wp-block-heading\">El XV celeste y vino se impone por 10-39 y confirma el subcampeonato logrado la jornada anterior. Ahora los de las Tierras del Duero se centrar\u00e1n en la Copa Presidente<\/h2>\n\n\n\n<p><strong><a href=\"https:\/\/www.instagram.com\/rugbyaranda\/?hl=es\">Rugby Aranda<\/a><\/strong> mantiene su buen estado de forma tras cerrar la fase regular de la Liga Senior con la <strong>11\u00aa victoria del curso en 14 jornadas<\/strong> tras doblegar a domicilio a <strong><a href=\"https:\/\/www.instagram.com\/salamanca_r_c\/?hl=es\">Salamanca Rugby Club<\/a><\/strong> (10-39)<\/p>\n\n\n<div class=\"wp-block-image\">\n<figure class=\"aligncenter size-large\"><a href=\"https:\/\/federopticosmarin.com\/?fbclid=PAZXh0bgNhZW0CMTEAAabuW6CQyD_mGaTa3x9BuHyFI-6DX5AR6OXiYWqW0nWPifIFoEOuijh1_u4_aem_FofJxJEzqU_vC4pGPaXwNg\"><img loading=\"lazy\" decoding=\"async\" width=\"1024\" height=\"234\" src=\"https:\/\/www.duerodeporte.com\/wp-content\/uploads\/2025\/02\/Federopticos-febrero-1024x234.jpeg\" alt=\"\" class=\"wp-image-9489\" srcset=\"https:\/\/www.duerodeporte.com\/wp-content\/uploads\/2025\/02\/Federopticos-febrero-1024x234.jpeg 1024w, https:\/\/www.duerodeporte.com\/wp-content\/uploads\/2025\/02\/Federopticos-febrero-300x68.jpeg 300w, https:\/\/www.duerodeporte.com\/wp-content\/uploads\/2025\/02\/Federopticos-febrero-768x175.jpeg 768w, https:\/\/www.duerodeporte.com\/wp-content\/uploads\/2025\/02\/Federopticos-febrero-1536x350.jpeg 1536w, https:\/\/www.duerodeporte.com\/wp-content\/uploads\/2025\/02\/Federopticos-febrero-696x159.jpeg 696w, https:\/\/www.duerodeporte.com\/wp-content\/uploads\/2025\/02\/Federopticos-febrero-1068x244.jpeg 1068w, https:\/\/www.duerodeporte.com\/wp-content\/uploads\/2025\/02\/Federopticos-febrero.jpeg 1600w\" sizes=\"auto, (max-width: 1024px) 100vw, 1024px\" \/><\/a><\/figure>\n<\/div>\n\n\n<p>El XV celeste y vino se impuso con claridad a la escuadra charra despu\u00e9s de protagonizar un encuentro que supieron llevar a su terreno, a pesar de las condiciones del<strong> terreno de juego abnegado <\/strong>por el agua.<\/p>\n\n\n\n<p>As\u00ed, con esta victoria los de las Tierras del Duero certifican el <strong>subcampeonato <\/strong>logrado la pasada jornadas tras sumar finalmente <strong>50 puntos<\/strong> y tan solo tres derrotas. El t\u00edtulo se march\u00f3 para tierras pucelanas con el Arroyo Lions (58 puntos)<\/p>\n\n\n\n<figure class=\"wp-block-embed is-type-rich is-provider-twitter wp-block-embed-twitter\"><div class=\"wp-block-embed__wrapper\">\nhttps:\/\/twitter.com\/Diegoamartin13\/status\/1903822747026825301\n<\/div><\/figure>\n\n\n\n<p>Ahora el equipo se centrar\u00e1 en la<strong> <a href=\"https:\/\/rugbycyl.es\/\">Copa Presidente de Castilla y L\u00e9on<\/a> <\/strong>que comenzar\u00e1 con la ronda de cuartos de final a partir del <strong>primer fin de semana del mes de abril<\/strong>. A la espera de conocerse los cruces los celeste y vino descansar\u00e1n el pr\u00f3ximo fin de semana.<\/p>\n\n\n\n<h2 class=\"wp-block-heading\">Victoria del equipo femenino<\/h2>\n\n\n\n<p>Por otro lado, el <strong>proyecto femenino del Rugby Aranda<\/strong> se med\u00eda este fin de semana en el campo de la Virgen de las Vi\u00f1as al propio <strong>Salamanca Rugby Club<\/strong> (<strong>15-0<\/strong>) en la <strong>2\u00aa concentraci\u00f3n de equipos<\/strong>. Un encuentro de escuadras en el que las del XV celeste y vino tambi\u00e9n jugaron ante la <strong>selecci\u00f3n de Castilla y Le\u00f3n Sub-16<\/strong>, pero no con la misma fortuna que ante las charras tras perder por<strong> 5-17<\/strong>.<\/p>\n\n\n\n<figure class=\"wp-block-image size-large\"><img loading=\"lazy\" decoding=\"async\" width=\"1024\" height=\"680\" src=\"https:\/\/www.duerodeporte.com\/wp-content\/uploads\/2025\/03\/WhatsApp-Image-2025-03-23-at-22.28.13-1024x680.jpeg\" alt=\"\" class=\"wp-image-10486\" srcset=\"https:\/\/www.duerodeporte.com\/wp-content\/uploads\/2025\/03\/WhatsApp-Image-2025-03-23-at-22.28.13-1024x680.jpeg 1024w, https:\/\/www.duerodeporte.com\/wp-content\/uploads\/2025\/03\/WhatsApp-Image-2025-03-23-at-22.28.13-300x199.jpeg 300w, https:\/\/www.duerodeporte.com\/wp-content\/uploads\/2025\/03\/WhatsApp-Image-2025-03-23-at-22.28.13-768x510.jpeg 768w, https:\/\/www.duerodeporte.com\/wp-content\/uploads\/2025\/03\/WhatsApp-Image-2025-03-23-at-22.28.13-1536x1020.jpeg 1536w, https:\/\/www.duerodeporte.com\/wp-content\/uploads\/2025\/03\/WhatsApp-Image-2025-03-23-at-22.28.13-696x462.jpeg 696w, https:\/\/www.duerodeporte.com\/wp-content\/uploads\/2025\/03\/WhatsApp-Image-2025-03-23-at-22.28.13-1068x709.jpeg 1068w, https:\/\/www.duerodeporte.com\/wp-content\/uploads\/2025\/03\/WhatsApp-Image-2025-03-23-at-22.28.13-1920x1275.jpeg 1920w, https:\/\/www.duerodeporte.com\/wp-content\/uploads\/2025\/03\/WhatsApp-Image-2025-03-23-at-22.28.13.jpeg 2048w\" sizes=\"auto, (max-width: 1024px) 100vw, 1024px\" \/><\/figure>\n","protected":false},"excerpt":{"rendered":"<p>El XV celeste y vino se impone por 10-39 y confirma el subcampeonato logrado la jornada anterior. Ahora los de las Tierras del Duero se centrar\u00e1n en la Copa Presidente [&hellip;]<\/p>\n","protected":false},"author":3,"featured_media":10487,"comment_status":"open","ping_status":"open","sticky":false,"template":"","format":"standard","meta":{"footnotes":""},"categories":[21,15],"tags":[43,45,31,730],"class_list":["post-10451","post","type-post","status-publish","format-standard","has-post-thumbnail","category-rugby","category-portada","tag-aranda-de-duero","tag-frcyl","tag-rugby","tag-salamanca-rugby-club"],"yoast_head":"<!-- This site is optimized with the Yoast SEO plugin v27.5 - https:\/\/yoast.com\/product\/yoast-seo-wordpress\/ -->\r\n<title>Rugby Aranda cierra el curso con victoria en Salamanca<\/title>\r\n<meta name=\"description\" content=\"El Deporte de Aranda y las tierras del Duero\" \/>\r\n<meta name=\"robots\" content=\"index, follow, max-snippet:-1, max-image-preview:large, max-video-preview:-1\" \/>\r\n<link rel=\"canonical\" href=\"https:\/\/www.duerodeporte.com\/index.php\/archivos\/10451\" \/>\r\n<meta property=\"og:locale\" content=\"es_ES\" \/>\r\n<meta property=\"og:type\" content=\"article\" \/>\r\n<meta property=\"og:title\" content=\"Rugby Aranda cierra el curso con victoria en Salamanca\" \/>\r\n<meta property=\"og:description\" content=\"El Deporte de Aranda y las tierras del Duero\" \/>\r\n<meta property=\"og:url\" content=\"https:\/\/www.duerodeporte.com\/index.php\/archivos\/10451\" \/>\r\n<meta property=\"og:site_name\" content=\"Duero Deporte\" \/>\r\n<meta property=\"article:publisher\" content=\"https:\/\/www.facebook.com\/61555928375028\" \/>\r\n<meta property=\"article:published_time\" content=\"2025-03-24T14:45:13+00:00\" \/>\r\n<meta property=\"article:modified_time\" content=\"2025-03-24T16:15:14+00:00\" \/>\r\n<meta property=\"og:image\" content=\"https:\/\/www.duerodeporte.com\/wp-content\/uploads\/2025\/03\/Gmu8o5jWcAAe3Bd-e1742827470582.jpeg\" \/>\r\n\t<meta property=\"og:image:width\" content=\"928\" \/>\r\n\t<meta property=\"og:image:height\" content=\"490\" \/>\r\n\t<meta property=\"og:image:type\" content=\"image\/jpeg\" \/>\r\n<meta name=\"author\" content=\"Diego A. Mart\u00edn\" \/>\r\n<meta name=\"twitter:card\" content=\"summary_large_image\" \/>\r\n<meta name=\"twitter:creator\" content=\"@Diegoamartin13\" \/>\r\n<meta name=\"twitter:site\" content=\"@Diegoamartin13\" \/>\r\n<meta name=\"twitter:label1\" content=\"Escrito por\" \/>\n\t<meta name=\"twitter:data1\" content=\"Diego A. Mart\u00edn\" \/>\n\t<meta name=\"twitter:label2\" content=\"Tiempo de lectura\" \/>\n\t<meta name=\"twitter:data2\" content=\"2 minutos\" \/>\r\n<script type=\"application\/ld+json\" class=\"yoast-schema-graph\">{\"@context\":\"https:\\\/\\\/schema.org\",\"@graph\":[{\"@type\":[\"Article\",\"SocialMediaPosting\"],\"@id\":\"https:\\\/\\\/www.duerodeporte.com\\\/index.php\\\/archivos\\\/10451#article\",\"isPartOf\":{\"@id\":\"https:\\\/\\\/www.duerodeporte.com\\\/index.php\\\/archivos\\\/10451\"},\"author\":{\"name\":\"Diego A. Mart\u00edn\",\"@id\":\"https:\\\/\\\/www.duerodeporte.com\\\/#\\\/schema\\\/person\\\/5f3368966f635b5ae0d23ffaf7a7f894\"},\"headline\":\"Rugby Aranda cierra el curso con victoria en Salamanca\",\"datePublished\":\"2025-03-24T14:45:13+00:00\",\"dateModified\":\"2025-03-24T16:15:14+00:00\",\"mainEntityOfPage\":{\"@id\":\"https:\\\/\\\/www.duerodeporte.com\\\/index.php\\\/archivos\\\/10451\"},\"wordCount\":290,\"commentCount\":0,\"publisher\":{\"@id\":\"https:\\\/\\\/www.duerodeporte.com\\\/#organization\"},\"image\":{\"@id\":\"https:\\\/\\\/www.duerodeporte.com\\\/index.php\\\/archivos\\\/10451#primaryimage\"},\"thumbnailUrl\":\"https:\\\/\\\/www.duerodeporte.com\\\/wp-content\\\/uploads\\\/2025\\\/03\\\/Gmu8o5jWcAAe3Bd-e1742827470582.jpeg\",\"keywords\":[\"aranda de duero\",\"FRCyL\",\"rugby\",\"Salamanca Rugby Club\"],\"articleSection\":[\"RUGBY\",\"z_PORTADA\"],\"inLanguage\":\"es\",\"potentialAction\":[{\"@type\":\"CommentAction\",\"name\":\"Comment\",\"target\":[\"https:\\\/\\\/www.duerodeporte.com\\\/index.php\\\/archivos\\\/10451#respond\"]}]},{\"@type\":[\"WebPage\",\"ItemPage\"],\"@id\":\"https:\\\/\\\/www.duerodeporte.com\\\/index.php\\\/archivos\\\/10451\",\"url\":\"https:\\\/\\\/www.duerodeporte.com\\\/index.php\\\/archivos\\\/10451\",\"name\":\"Rugby Aranda cierra el curso con victoria en Salamanca\",\"isPartOf\":{\"@id\":\"https:\\\/\\\/www.duerodeporte.com\\\/#website\"},\"primaryImageOfPage\":{\"@id\":\"https:\\\/\\\/www.duerodeporte.com\\\/index.php\\\/archivos\\\/10451#primaryimage\"},\"image\":{\"@id\":\"https:\\\/\\\/www.duerodeporte.com\\\/index.php\\\/archivos\\\/10451#primaryimage\"},\"thumbnailUrl\":\"https:\\\/\\\/www.duerodeporte.com\\\/wp-content\\\/uploads\\\/2025\\\/03\\\/Gmu8o5jWcAAe3Bd-e1742827470582.jpeg\",\"datePublished\":\"2025-03-24T14:45:13+00:00\",\"dateModified\":\"2025-03-24T16:15:14+00:00\",\"description\":\"El Deporte de Aranda y las tierras del Duero\",\"breadcrumb\":{\"@id\":\"https:\\\/\\\/www.duerodeporte.com\\\/index.php\\\/archivos\\\/10451#breadcrumb\"},\"inLanguage\":\"es\",\"potentialAction\":[{\"@type\":\"ReadAction\",\"target\":[\"https:\\\/\\\/www.duerodeporte.com\\\/index.php\\\/archivos\\\/10451\"]}]},{\"@type\":\"ImageObject\",\"inLanguage\":\"es\",\"@id\":\"https:\\\/\\\/www.duerodeporte.com\\\/index.php\\\/archivos\\\/10451#primaryimage\",\"url\":\"https:\\\/\\\/www.duerodeporte.com\\\/wp-content\\\/uploads\\\/2025\\\/03\\\/Gmu8o5jWcAAe3Bd-e1742827470582.jpeg\",\"contentUrl\":\"https:\\\/\\\/www.duerodeporte.com\\\/wp-content\\\/uploads\\\/2025\\\/03\\\/Gmu8o5jWcAAe3Bd-e1742827470582.jpeg\",\"width\":928,\"height\":490,\"caption\":\"El cuadro celeste y vino se impuso en Salamanca en el campo de rugby de la Aldehuela. \\\/ Rugby Aranda\"},{\"@type\":\"BreadcrumbList\",\"@id\":\"https:\\\/\\\/www.duerodeporte.com\\\/index.php\\\/archivos\\\/10451#breadcrumb\",\"itemListElement\":[{\"@type\":\"ListItem\",\"position\":1,\"name\":\"Portada\",\"item\":\"https:\\\/\\\/www.duerodeporte.com\\\/\"},{\"@type\":\"ListItem\",\"position\":2,\"name\":\"Rugby Aranda cierra el curso con victoria en Salamanca\"}]},{\"@type\":\"WebSite\",\"@id\":\"https:\\\/\\\/www.duerodeporte.com\\\/#website\",\"url\":\"https:\\\/\\\/www.duerodeporte.com\\\/\",\"name\":\"Duero Deporte\",\"description\":\"El Deporte de Aranda y las tierras del Duero\",\"publisher\":{\"@id\":\"https:\\\/\\\/www.duerodeporte.com\\\/#organization\"},\"alternateName\":\"El Deporte de Aranda y las tierras del Duero\",\"potentialAction\":[{\"@type\":\"SearchAction\",\"target\":{\"@type\":\"EntryPoint\",\"urlTemplate\":\"https:\\\/\\\/www.duerodeporte.com\\\/?s={search_term_string}\"},\"query-input\":{\"@type\":\"PropertyValueSpecification\",\"valueRequired\":true,\"valueName\":\"search_term_string\"}}],\"inLanguage\":\"es\"},{\"@type\":\"Organization\",\"@id\":\"https:\\\/\\\/www.duerodeporte.com\\\/#organization\",\"name\":\"Duero Deporte\",\"alternateName\":\"El Deporte de Aranda y las tierras del Duero\",\"url\":\"https:\\\/\\\/www.duerodeporte.com\\\/\",\"logo\":{\"@type\":\"ImageObject\",\"inLanguage\":\"es\",\"@id\":\"https:\\\/\\\/www.duerodeporte.com\\\/#\\\/schema\\\/logo\\\/image\\\/\",\"url\":\"https:\\\/\\\/www.duerodeporte.com\\\/wp-content\\\/uploads\\\/2023\\\/11\\\/A.ColorSinFondo-e1708011627555.png\",\"contentUrl\":\"https:\\\/\\\/www.duerodeporte.com\\\/wp-content\\\/uploads\\\/2023\\\/11\\\/A.ColorSinFondo-e1708011627555.png\",\"width\":750,\"height\":132,\"caption\":\"Duero Deporte\"},\"image\":{\"@id\":\"https:\\\/\\\/www.duerodeporte.com\\\/#\\\/schema\\\/logo\\\/image\\\/\"},\"sameAs\":[\"https:\\\/\\\/www.facebook.com\\\/61555928375028\",\"https:\\\/\\\/x.com\\\/Diegoamartin13\",\"https:\\\/\\\/www.youtube.com\\\/channel\\\/UCxIGQL8b9gmW-NjaChabCdA\"]},{\"@type\":\"Person\",\"@id\":\"https:\\\/\\\/www.duerodeporte.com\\\/#\\\/schema\\\/person\\\/5f3368966f635b5ae0d23ffaf7a7f894\",\"name\":\"Diego A. Mart\u00edn\",\"image\":{\"@type\":\"ImageObject\",\"inLanguage\":\"es\",\"@id\":\"https:\\\/\\\/www.duerodeporte.com\\\/wp-content\\\/uploads\\\/2024\\\/01\\\/Diego2-e1706522808572-150x150.jpeg\",\"url\":\"https:\\\/\\\/www.duerodeporte.com\\\/wp-content\\\/uploads\\\/2024\\\/01\\\/Diego2-e1706522808572-150x150.jpeg\",\"contentUrl\":\"https:\\\/\\\/www.duerodeporte.com\\\/wp-content\\\/uploads\\\/2024\\\/01\\\/Diego2-e1706522808572-150x150.jpeg\",\"caption\":\"Diego A. Mart\u00edn\"},\"url\":\"https:\\\/\\\/www.duerodeporte.com\\\/index.php\\\/archivos\\\/author\\\/diego\"}]}<\/script>\r\n<!-- \/ Yoast SEO plugin. -->","yoast_head_json":{"title":"Rugby Aranda cierra el curso con victoria en Salamanca","description":"El Deporte de Aranda y las tierras del Duero","robots":{"index":"index","follow":"follow","max-snippet":"max-snippet:-1","max-image-preview":"max-image-preview:large","max-video-preview":"max-video-preview:-1"},"canonical":"https:\/\/www.duerodeporte.com\/index.php\/archivos\/10451","og_locale":"es_ES","og_type":"article","og_title":"Rugby Aranda cierra el curso con victoria en Salamanca","og_description":"El Deporte de Aranda y las tierras del Duero","og_url":"https:\/\/www.duerodeporte.com\/index.php\/archivos\/10451","og_site_name":"Duero Deporte","article_publisher":"https:\/\/www.facebook.com\/61555928375028","article_published_time":"2025-03-24T14:45:13+00:00","article_modified_time":"2025-03-24T16:15:14+00:00","og_image":[{"width":928,"height":490,"url":"https:\/\/www.duerodeporte.com\/wp-content\/uploads\/2025\/03\/Gmu8o5jWcAAe3Bd-e1742827470582.jpeg","type":"image\/jpeg"}],"author":"Diego A. Mart\u00edn","twitter_card":"summary_large_image","twitter_creator":"@Diegoamartin13","twitter_site":"@Diegoamartin13","twitter_misc":{"Escrito por":"Diego A. Mart\u00edn","Tiempo de lectura":"2 minutos"},"schema":{"@context":"https:\/\/schema.org","@graph":[{"@type":["Article","SocialMediaPosting"],"@id":"https:\/\/www.duerodeporte.com\/index.php\/archivos\/10451#article","isPartOf":{"@id":"https:\/\/www.duerodeporte.com\/index.php\/archivos\/10451"},"author":{"name":"Diego A. Mart\u00edn","@id":"https:\/\/www.duerodeporte.com\/#\/schema\/person\/5f3368966f635b5ae0d23ffaf7a7f894"},"headline":"Rugby Aranda cierra el curso con victoria en Salamanca","datePublished":"2025-03-24T14:45:13+00:00","dateModified":"2025-03-24T16:15:14+00:00","mainEntityOfPage":{"@id":"https:\/\/www.duerodeporte.com\/index.php\/archivos\/10451"},"wordCount":290,"commentCount":0,"publisher":{"@id":"https:\/\/www.duerodeporte.com\/#organization"},"image":{"@id":"https:\/\/www.duerodeporte.com\/index.php\/archivos\/10451#primaryimage"},"thumbnailUrl":"https:\/\/www.duerodeporte.com\/wp-content\/uploads\/2025\/03\/Gmu8o5jWcAAe3Bd-e1742827470582.jpeg","keywords":["aranda de duero","FRCyL","rugby","Salamanca Rugby Club"],"articleSection":["RUGBY","z_PORTADA"],"inLanguage":"es","potentialAction":[{"@type":"CommentAction","name":"Comment","target":["https:\/\/www.duerodeporte.com\/index.php\/archivos\/10451#respond"]}]},{"@type":["WebPage","ItemPage"],"@id":"https:\/\/www.duerodeporte.com\/index.php\/archivos\/10451","url":"https:\/\/www.duerodeporte.com\/index.php\/archivos\/10451","name":"Rugby Aranda cierra el curso con victoria en Salamanca","isPartOf":{"@id":"https:\/\/www.duerodeporte.com\/#website"},"primaryImageOfPage":{"@id":"https:\/\/www.duerodeporte.com\/index.php\/archivos\/10451#primaryimage"},"image":{"@id":"https:\/\/www.duerodeporte.com\/index.php\/archivos\/10451#primaryimage"},"thumbnailUrl":"https:\/\/www.duerodeporte.com\/wp-content\/uploads\/2025\/03\/Gmu8o5jWcAAe3Bd-e1742827470582.jpeg","datePublished":"2025-03-24T14:45:13+00:00","dateModified":"2025-03-24T16:15:14+00:00","description":"El Deporte de Aranda y las tierras del Duero","breadcrumb":{"@id":"https:\/\/www.duerodeporte.com\/index.php\/archivos\/10451#breadcrumb"},"inLanguage":"es","potentialAction":[{"@type":"ReadAction","target":["https:\/\/www.duerodeporte.com\/index.php\/archivos\/10451"]}]},{"@type":"ImageObject","inLanguage":"es","@id":"https:\/\/www.duerodeporte.com\/index.php\/archivos\/10451#primaryimage","url":"https:\/\/www.duerodeporte.com\/wp-content\/uploads\/2025\/03\/Gmu8o5jWcAAe3Bd-e1742827470582.jpeg","contentUrl":"https:\/\/www.duerodeporte.com\/wp-content\/uploads\/2025\/03\/Gmu8o5jWcAAe3Bd-e1742827470582.jpeg","width":928,"height":490,"caption":"El cuadro celeste y vino se impuso en Salamanca en el campo de rugby de la Aldehuela. \/ Rugby Aranda"},{"@type":"BreadcrumbList","@id":"https:\/\/www.duerodeporte.com\/index.php\/archivos\/10451#breadcrumb","itemListElement":[{"@type":"ListItem","position":1,"name":"Portada","item":"https:\/\/www.duerodeporte.com\/"},{"@type":"ListItem","position":2,"name":"Rugby Aranda cierra el curso con victoria en Salamanca"}]},{"@type":"WebSite","@id":"https:\/\/www.duerodeporte.com\/#website","url":"https:\/\/www.duerodeporte.com\/","name":"Duero Deporte","description":"El Deporte de Aranda y las tierras del Duero","publisher":{"@id":"https:\/\/www.duerodeporte.com\/#organization"},"alternateName":"El Deporte de Aranda y las tierras del Duero","potentialAction":[{"@type":"SearchAction","target":{"@type":"EntryPoint","urlTemplate":"https:\/\/www.duerodeporte.com\/?s={search_term_string}"},"query-input":{"@type":"PropertyValueSpecification","valueRequired":true,"valueName":"search_term_string"}}],"inLanguage":"es"},{"@type":"Organization","@id":"https:\/\/www.duerodeporte.com\/#organization","name":"Duero Deporte","alternateName":"El Deporte de Aranda y las tierras del Duero","url":"https:\/\/www.duerodeporte.com\/","logo":{"@type":"ImageObject","inLanguage":"es","@id":"https:\/\/www.duerodeporte.com\/#\/schema\/logo\/image\/","url":"https:\/\/www.duerodeporte.com\/wp-content\/uploads\/2023\/11\/A.ColorSinFondo-e1708011627555.png","contentUrl":"https:\/\/www.duerodeporte.com\/wp-content\/uploads\/2023\/11\/A.ColorSinFondo-e1708011627555.png","width":750,"height":132,"caption":"Duero Deporte"},"image":{"@id":"https:\/\/www.duerodeporte.com\/#\/schema\/logo\/image\/"},"sameAs":["https:\/\/www.facebook.com\/61555928375028","https:\/\/x.com\/Diegoamartin13","https:\/\/www.youtube.com\/channel\/UCxIGQL8b9gmW-NjaChabCdA"]},{"@type":"Person","@id":"https:\/\/www.duerodeporte.com\/#\/schema\/person\/5f3368966f635b5ae0d23ffaf7a7f894","name":"Diego A. Mart\u00edn","image":{"@type":"ImageObject","inLanguage":"es","@id":"https:\/\/www.duerodeporte.com\/wp-content\/uploads\/2024\/01\/Diego2-e1706522808572-150x150.jpeg","url":"https:\/\/www.duerodeporte.com\/wp-content\/uploads\/2024\/01\/Diego2-e1706522808572-150x150.jpeg","contentUrl":"https:\/\/www.duerodeporte.com\/wp-content\/uploads\/2024\/01\/Diego2-e1706522808572-150x150.jpeg","caption":"Diego A. Mart\u00edn"},"url":"https:\/\/www.duerodeporte.com\/index.php\/archivos\/author\/diego"}]}},"views":273,"_links":{"self":[{"href":"https:\/\/www.duerodeporte.com\/index.php\/wp-json\/wp\/v2\/posts\/10451","targetHints":{"allow":["GET"]}}],"collection":[{"href":"https:\/\/www.duerodeporte.com\/index.php\/wp-json\/wp\/v2\/posts"}],"about":[{"href":"https:\/\/www.duerodeporte.com\/index.php\/wp-json\/wp\/v2\/types\/post"}],"author":[{"embeddable":true,"href":"https:\/\/www.duerodeporte.com\/index.php\/wp-json\/wp\/v2\/users\/3"}],"replies":[{"embeddable":true,"href":"https:\/\/www.duerodeporte.com\/index.php\/wp-json\/wp\/v2\/comments?post=10451"}],"version-history":[{"count":5,"href":"https:\/\/www.duerodeporte.com\/index.php\/wp-json\/wp\/v2\/posts\/10451\/revisions"}],"predecessor-version":[{"id":10491,"href":"https:\/\/www.duerodeporte.com\/index.php\/wp-json\/wp\/v2\/posts\/10451\/revisions\/10491"}],"wp:featuredmedia":[{"embeddable":true,"href":"https:\/\/www.duerodeporte.com\/index.php\/wp-json\/wp\/v2\/media\/10487"}],"wp:attachment":[{"href":"https:\/\/www.duerodeporte.com\/index.php\/wp-json\/wp\/v2\/media?parent=10451"}],"wp:term":[{"taxonomy":"category","embeddable":true,"href":"https:\/\/www.duerodeporte.com\/index.php\/wp-json\/wp\/v2\/categories?post=10451"},{"taxonomy":"post_tag","embeddable":true,"href":"https:\/\/www.duerodeporte.com\/index.php\/wp-json\/wp\/v2\/tags?post=10451"}],"curies":[{"name":"wp","href":"https:\/\/api.w.org\/{rel}","templated":true}]}}