{"id":10547,"date":"2025-03-27T18:11:15","date_gmt":"2025-03-27T17:11:15","guid":{"rendered":"https:\/\/www.duerodeporte.com\/?p=10547"},"modified":"2025-03-28T22:29:00","modified_gmt":"2025-03-28T21:29:00","slug":"ion-perez-busca-su-septimo-triunfo-profesional-ante-el-rumano-antony-vlad","status":"publish","type":"post","link":"https:\/\/www.duerodeporte.com\/index.php\/archivos\/10547","title":{"rendered":"Ion P\u00e9rez busca su s\u00e9ptimo triunfo profesional ante el rumano Antony Vlad"},"content":{"rendered":"\n<h2 class=\"wp-block-heading\">El p\u00fagil de la Tierras del Duero se sube de nuevo al ring tras su \u00faltimo triunfo el pasado mes de septiembre. Enfrente contar\u00e1 con el joven aspirante rumano que pretende sorprender al arandino. La noche comenzar\u00e1 con exhibici\u00f3n de los p\u00fagiles del Aranda Box y continuar\u00e1 con cuatro eliminatorias valederas para el Campeonato Elite de Castilla y Le\u00f3n<\/h2>\n\n\n\n<p>Todo listo para la velada de <strong>boxeo<\/strong>. Este <strong>s\u00e1bado <\/strong>desde las <strong>19:30 horas <\/strong>el boxeo ser\u00e1 protagonista en las Tierras del Duero. El <strong>Santiago Mangu\u00e1n <\/strong>acoger\u00e1 una noche deportiva en la que<strong> <a href=\"https:\/\/www.instagram.com\/ionperezlorenzo\/?hl=es\">Ion P\u00e9rez<\/a> buscar\u00e1 su s\u00e9ptima victoria como profesional<\/strong> ante su afici\u00f3n.<\/p>\n\n\n<div class=\"wp-block-image\">\n<figure class=\"aligncenter size-large\"><a href=\"https:\/\/myrotulo.com\/\"><img loading=\"lazy\" decoding=\"async\" width=\"1024\" height=\"241\" src=\"https:\/\/www.duerodeporte.com\/wp-content\/uploads\/2025\/03\/myrotulo-1024x241.jpeg\" alt=\"\" class=\"wp-image-10493\" srcset=\"https:\/\/www.duerodeporte.com\/wp-content\/uploads\/2025\/03\/myrotulo-1024x241.jpeg 1024w, https:\/\/www.duerodeporte.com\/wp-content\/uploads\/2025\/03\/myrotulo-300x70.jpeg 300w, https:\/\/www.duerodeporte.com\/wp-content\/uploads\/2025\/03\/myrotulo-768x180.jpeg 768w, https:\/\/www.duerodeporte.com\/wp-content\/uploads\/2025\/03\/myrotulo-1536x361.jpeg 1536w, https:\/\/www.duerodeporte.com\/wp-content\/uploads\/2025\/03\/myrotulo-696x163.jpeg 696w, https:\/\/www.duerodeporte.com\/wp-content\/uploads\/2025\/03\/myrotulo-1068x251.jpeg 1068w, https:\/\/www.duerodeporte.com\/wp-content\/uploads\/2025\/03\/myrotulo-1920x451.jpeg 1920w, https:\/\/www.duerodeporte.com\/wp-content\/uploads\/2025\/03\/myrotulo.jpeg 2048w\" sizes=\"auto, (max-width: 1024px) 100vw, 1024px\" \/><\/a><\/figure>\n<\/div>\n\n\n<p>El p\u00fagil del <strong><a href=\"https:\/\/www.instagram.com\/c.d.aranda_box\/?hl=es\">Aranda Box<\/a><\/strong> buscar\u00e1 un nuevo triunfo ante la afici\u00f3n local tras la <a href=\"https:\/\/www.duerodeporte.com\/index.php\/archivos\/6059\">victoria el pasado mes de septiembre ante el rumano Costel Cimpean<\/a>. En esta ocasi\u00f3n, nuevamente un p\u00fagil del pa\u00eds centroeuropeo  ser\u00e1 el adversario del arandino. El joven <strong><a href=\"https:\/\/boxrec.com\/en\/box-pro\/1277189\">Antony Vlad<\/a><\/strong> -20 a\u00f1os- se subir\u00e1 al cuadril\u00e1tero para medirse a un<strong> Ion P\u00e9rez que atesora 6 victorias <\/strong>y tan solo una derrota. Un Vlad que suma dos combates en su haber y aspira a lograr su primera victoria.<\/p>\n\n\n\n<h2 class=\"wp-block-heading\">Eliminatorias Elite de Castila y L\u00e9on<\/h2>\n\n\n\n<p>Como antesala al gran combate de la noche, el Aranda Box junto a Tundra -organizadores- junto a la<strong><a href=\"https:\/\/www.federacionboxeocastillayleon.com\/es?fbclid=PAZXh0bgNhZW0CMTEAAaZLode_WawPnbkD-ZjDRRK_2WIrJ7AifP6zRc1tu-BV47CB4hbFuUkmTlI_aem_NgPRdyW7ybroeSX-N7MJeg\"> Federaci\u00f3n de Castilla y Le\u00f3n<\/a><\/strong> y en colaboraci\u00f3n con el <strong><a href=\"https:\/\/www.arandactiva.com\/\">Ayuntamiento de Aranda de Duero<\/a><\/strong> llevar\u00e1 a cabo cuatro <strong>eliminatorias <\/strong>valederas para el <strong>Campeonato de Castilla y Le\u00f3n <\/strong>en categor\u00eda <strong>\u00c9lite<\/strong>. <strong>Leopoldo Barbero<\/strong>, miembro del Aranda Box, participar\u00e1 en una de ellas frente a Mario L\u00f3pez.<\/p>\n\n\n\n<p>Tambi\u00e9n se celebrar\u00e1n otros <strong>cinco combates de exhibic\u00f3n con presencia de p\u00fagiles del Club Aranda Box<\/strong>. La cantera y las j\u00f3venes promesas del club arandino se medir\u00e1n a boxeadores con mucho futuro tambi\u00e9n.<\/p>\n\n\n\n<figure class=\"wp-block-image size-large\"><a href=\"https:\/\/whatsapp.com\/channel\/0029VaKr9Jr5kg76tHjXkZ2b\"><img loading=\"lazy\" decoding=\"async\" width=\"1024\" height=\"80\" src=\"https:\/\/www.duerodeporte.com\/wp-content\/uploads\/2024\/06\/2-2-1024x80.png\" alt=\"\" class=\"wp-image-3887\" srcset=\"https:\/\/www.duerodeporte.com\/wp-content\/uploads\/2024\/06\/2-2-1024x80.png 1024w, https:\/\/www.duerodeporte.com\/wp-content\/uploads\/2024\/06\/2-2-300x23.png 300w, https:\/\/www.duerodeporte.com\/wp-content\/uploads\/2024\/06\/2-2-768x60.png 768w, https:\/\/www.duerodeporte.com\/wp-content\/uploads\/2024\/06\/2-2-1536x120.png 1536w, https:\/\/www.duerodeporte.com\/wp-content\/uploads\/2024\/06\/2-2-696x54.png 696w, https:\/\/www.duerodeporte.com\/wp-content\/uploads\/2024\/06\/2-2-1068x83.png 1068w, https:\/\/www.duerodeporte.com\/wp-content\/uploads\/2024\/06\/2-2.png 1920w\" sizes=\"auto, (max-width: 1024px) 100vw, 1024px\" \/><\/a><\/figure>\n\n\n\n<h2 class=\"wp-block-heading\">DUERO Deporte te lleva al boxeo<\/h2>\n\n\n\n<p>Por otro lado, y m\u00e1s all\u00e1 de la <strong>venta anticipada <\/strong>de entradas -12 euros en Bar Casanova, Bar Palo Santo, Bar Revolver, Bar Jamari y Bar Josfe,<a href=\"https:\/\/www.instagram.com\/reel\/DHs3pVSsXB4\/?utm_source=ig_web_copy_link&amp;igsh=MzRlODBiNWFlZA==\"> <strong>DUERO Deporte<\/strong> realiza un<strong> sorteo de cinco entradas dobles<\/strong> a trav\u00e9s de Instagram para poder asistir a la velada<\/a>.<\/p>\n\n\n\n<figure class=\"wp-block-image size-large\"><a href=\"https:\/\/www.instagram.com\/reel\/DHs3pVSsXB4\/?utm_source=ig_web_copy_link&amp;igsh=MzRlODBiNWFlZA==\"><img loading=\"lazy\" decoding=\"async\" width=\"1024\" height=\"647\" src=\"https:\/\/www.duerodeporte.com\/wp-content\/uploads\/2025\/03\/boxeo-1024x647.jpg\" alt=\"\" class=\"wp-image-10554\" srcset=\"https:\/\/www.duerodeporte.com\/wp-content\/uploads\/2025\/03\/boxeo-1024x647.jpg 1024w, https:\/\/www.duerodeporte.com\/wp-content\/uploads\/2025\/03\/boxeo-300x190.jpg 300w, https:\/\/www.duerodeporte.com\/wp-content\/uploads\/2025\/03\/boxeo-768x485.jpg 768w, https:\/\/www.duerodeporte.com\/wp-content\/uploads\/2025\/03\/boxeo-696x440.jpg 696w, https:\/\/www.duerodeporte.com\/wp-content\/uploads\/2025\/03\/boxeo-1068x675.jpg 1068w, https:\/\/www.duerodeporte.com\/wp-content\/uploads\/2025\/03\/boxeo.jpg 1386w\" sizes=\"auto, (max-width: 1024px) 100vw, 1024px\" \/><\/a><figcaption class=\"wp-element-caption\">DUERO Deporte realiza un sorteo para que asistas a la velada. \/ duerodeporte.com<\/figcaption><\/figure>\n\n\n\n<p>Del mismo modo, las entradas individuales se podr\u00e1n adquirir en taquilla el mismo d\u00eda de la velada con un precio de 15 euros.<\/p>\n","protected":false},"excerpt":{"rendered":"<p>El p\u00fagil de la Tierras del Duero se sube de nuevo al ring tras su \u00faltimo triunfo el pasado mes de septiembre. Enfrente contar\u00e1 con el joven aspirante rumano que [&hellip;]<\/p>\n","protected":false},"author":3,"featured_media":10552,"comment_status":"open","ping_status":"open","sticky":false,"template":"","format":"standard","meta":{"footnotes":""},"categories":[430,15],"tags":[458,43,677,178,357],"class_list":["post-10547","post","type-post","status-publish","format-standard","has-post-thumbnail","category-boxeo","category-portada","tag-aranda-box","tag-aranda-de-duero","tag-ayuntamiento-de-aranda","tag-boxeo","tag-ion-perez"],"yoast_head":"<!-- This site is optimized with the Yoast SEO plugin v27.5 - https:\/\/yoast.com\/product\/yoast-seo-wordpress\/ -->\r\n<title>Ion P\u00e9rez busca su s\u00e9ptimo triunfo profesional ante el rumano Antony Vlad<\/title>\r\n<meta name=\"description\" content=\"El Deporte de Aranda y las tierras del Duero\" \/>\r\n<meta name=\"robots\" content=\"index, follow, max-snippet:-1, max-image-preview:large, max-video-preview:-1\" \/>\r\n<link rel=\"canonical\" href=\"https:\/\/www.duerodeporte.com\/index.php\/archivos\/10547\" \/>\r\n<meta property=\"og:locale\" content=\"es_ES\" \/>\r\n<meta property=\"og:type\" content=\"article\" \/>\r\n<meta property=\"og:title\" content=\"Ion P\u00e9rez busca su s\u00e9ptimo triunfo profesional ante el rumano Antony Vlad\" \/>\r\n<meta property=\"og:description\" content=\"El Deporte de Aranda y las tierras del Duero\" \/>\r\n<meta property=\"og:url\" content=\"https:\/\/www.duerodeporte.com\/index.php\/archivos\/10547\" \/>\r\n<meta property=\"og:site_name\" content=\"Duero Deporte\" \/>\r\n<meta property=\"article:publisher\" content=\"https:\/\/www.facebook.com\/61555928375028\" \/>\r\n<meta property=\"article:published_time\" content=\"2025-03-27T17:11:15+00:00\" \/>\r\n<meta property=\"article:modified_time\" content=\"2025-03-28T21:29:00+00:00\" \/>\r\n<meta property=\"og:image\" content=\"https:\/\/www.duerodeporte.com\/wp-content\/uploads\/2025\/03\/IMG-20240914-WA0010.jpg\" \/>\r\n\t<meta property=\"og:image:width\" content=\"1140\" \/>\r\n\t<meta property=\"og:image:height\" content=\"912\" \/>\r\n\t<meta property=\"og:image:type\" content=\"image\/jpeg\" \/>\r\n<meta name=\"author\" content=\"Diego A. Mart\u00edn\" \/>\r\n<meta name=\"twitter:card\" content=\"summary_large_image\" \/>\r\n<meta name=\"twitter:creator\" content=\"@Diegoamartin13\" \/>\r\n<meta name=\"twitter:site\" content=\"@Diegoamartin13\" \/>\r\n<meta name=\"twitter:label1\" content=\"Escrito por\" \/>\n\t<meta name=\"twitter:data1\" content=\"Diego A. Mart\u00edn\" \/>\n\t<meta name=\"twitter:label2\" content=\"Tiempo de lectura\" \/>\n\t<meta name=\"twitter:data2\" content=\"3 minutos\" \/>\r\n<script type=\"application\/ld+json\" class=\"yoast-schema-graph\">{\"@context\":\"https:\\\/\\\/schema.org\",\"@graph\":[{\"@type\":[\"Article\",\"SocialMediaPosting\"],\"@id\":\"https:\\\/\\\/www.duerodeporte.com\\\/index.php\\\/archivos\\\/10547#article\",\"isPartOf\":{\"@id\":\"https:\\\/\\\/www.duerodeporte.com\\\/index.php\\\/archivos\\\/10547\"},\"author\":{\"name\":\"Diego A. Mart\u00edn\",\"@id\":\"https:\\\/\\\/www.duerodeporte.com\\\/#\\\/schema\\\/person\\\/5f3368966f635b5ae0d23ffaf7a7f894\"},\"headline\":\"Ion P\u00e9rez busca su s\u00e9ptimo triunfo profesional ante el rumano Antony Vlad\",\"datePublished\":\"2025-03-27T17:11:15+00:00\",\"dateModified\":\"2025-03-28T21:29:00+00:00\",\"mainEntityOfPage\":{\"@id\":\"https:\\\/\\\/www.duerodeporte.com\\\/index.php\\\/archivos\\\/10547\"},\"wordCount\":420,\"commentCount\":0,\"publisher\":{\"@id\":\"https:\\\/\\\/www.duerodeporte.com\\\/#organization\"},\"image\":{\"@id\":\"https:\\\/\\\/www.duerodeporte.com\\\/index.php\\\/archivos\\\/10547#primaryimage\"},\"thumbnailUrl\":\"https:\\\/\\\/www.duerodeporte.com\\\/wp-content\\\/uploads\\\/2025\\\/03\\\/IMG-20240914-WA0010.jpg\",\"keywords\":[\"Aranda Box\",\"aranda de duero\",\"Ayuntamiento de Aranda\",\"boxeo\",\"Ion P\u00e9rez\"],\"articleSection\":[\"BOXEO\",\"z_PORTADA\"],\"inLanguage\":\"es\",\"potentialAction\":[{\"@type\":\"CommentAction\",\"name\":\"Comment\",\"target\":[\"https:\\\/\\\/www.duerodeporte.com\\\/index.php\\\/archivos\\\/10547#respond\"]}]},{\"@type\":[\"WebPage\",\"ItemPage\"],\"@id\":\"https:\\\/\\\/www.duerodeporte.com\\\/index.php\\\/archivos\\\/10547\",\"url\":\"https:\\\/\\\/www.duerodeporte.com\\\/index.php\\\/archivos\\\/10547\",\"name\":\"Ion P\u00e9rez busca su s\u00e9ptimo triunfo profesional ante el rumano Antony Vlad\",\"isPartOf\":{\"@id\":\"https:\\\/\\\/www.duerodeporte.com\\\/#website\"},\"primaryImageOfPage\":{\"@id\":\"https:\\\/\\\/www.duerodeporte.com\\\/index.php\\\/archivos\\\/10547#primaryimage\"},\"image\":{\"@id\":\"https:\\\/\\\/www.duerodeporte.com\\\/index.php\\\/archivos\\\/10547#primaryimage\"},\"thumbnailUrl\":\"https:\\\/\\\/www.duerodeporte.com\\\/wp-content\\\/uploads\\\/2025\\\/03\\\/IMG-20240914-WA0010.jpg\",\"datePublished\":\"2025-03-27T17:11:15+00:00\",\"dateModified\":\"2025-03-28T21:29:00+00:00\",\"description\":\"El Deporte de Aranda y las tierras del Duero\",\"breadcrumb\":{\"@id\":\"https:\\\/\\\/www.duerodeporte.com\\\/index.php\\\/archivos\\\/10547#breadcrumb\"},\"inLanguage\":\"es\",\"potentialAction\":[{\"@type\":\"ReadAction\",\"target\":[\"https:\\\/\\\/www.duerodeporte.com\\\/index.php\\\/archivos\\\/10547\"]}]},{\"@type\":\"ImageObject\",\"inLanguage\":\"es\",\"@id\":\"https:\\\/\\\/www.duerodeporte.com\\\/index.php\\\/archivos\\\/10547#primaryimage\",\"url\":\"https:\\\/\\\/www.duerodeporte.com\\\/wp-content\\\/uploads\\\/2025\\\/03\\\/IMG-20240914-WA0010.jpg\",\"contentUrl\":\"https:\\\/\\\/www.duerodeporte.com\\\/wp-content\\\/uploads\\\/2025\\\/03\\\/IMG-20240914-WA0010.jpg\",\"width\":1140,\"height\":912,\"caption\":\"Ion P\u00e9rez durante el descanso de uno de sus combates. \\\/ duerodeporte.com\"},{\"@type\":\"BreadcrumbList\",\"@id\":\"https:\\\/\\\/www.duerodeporte.com\\\/index.php\\\/archivos\\\/10547#breadcrumb\",\"itemListElement\":[{\"@type\":\"ListItem\",\"position\":1,\"name\":\"Portada\",\"item\":\"https:\\\/\\\/www.duerodeporte.com\\\/\"},{\"@type\":\"ListItem\",\"position\":2,\"name\":\"Ion P\u00e9rez busca su s\u00e9ptimo triunfo profesional ante el rumano Antony Vlad\"}]},{\"@type\":\"WebSite\",\"@id\":\"https:\\\/\\\/www.duerodeporte.com\\\/#website\",\"url\":\"https:\\\/\\\/www.duerodeporte.com\\\/\",\"name\":\"Duero Deporte\",\"description\":\"El Deporte de Aranda y las tierras del Duero\",\"publisher\":{\"@id\":\"https:\\\/\\\/www.duerodeporte.com\\\/#organization\"},\"alternateName\":\"El Deporte de Aranda y las tierras del Duero\",\"potentialAction\":[{\"@type\":\"SearchAction\",\"target\":{\"@type\":\"EntryPoint\",\"urlTemplate\":\"https:\\\/\\\/www.duerodeporte.com\\\/?s={search_term_string}\"},\"query-input\":{\"@type\":\"PropertyValueSpecification\",\"valueRequired\":true,\"valueName\":\"search_term_string\"}}],\"inLanguage\":\"es\"},{\"@type\":\"Organization\",\"@id\":\"https:\\\/\\\/www.duerodeporte.com\\\/#organization\",\"name\":\"Duero Deporte\",\"alternateName\":\"El Deporte de Aranda y las tierras del Duero\",\"url\":\"https:\\\/\\\/www.duerodeporte.com\\\/\",\"logo\":{\"@type\":\"ImageObject\",\"inLanguage\":\"es\",\"@id\":\"https:\\\/\\\/www.duerodeporte.com\\\/#\\\/schema\\\/logo\\\/image\\\/\",\"url\":\"https:\\\/\\\/www.duerodeporte.com\\\/wp-content\\\/uploads\\\/2023\\\/11\\\/A.ColorSinFondo-e1708011627555.png\",\"contentUrl\":\"https:\\\/\\\/www.duerodeporte.com\\\/wp-content\\\/uploads\\\/2023\\\/11\\\/A.ColorSinFondo-e1708011627555.png\",\"width\":750,\"height\":132,\"caption\":\"Duero Deporte\"},\"image\":{\"@id\":\"https:\\\/\\\/www.duerodeporte.com\\\/#\\\/schema\\\/logo\\\/image\\\/\"},\"sameAs\":[\"https:\\\/\\\/www.facebook.com\\\/61555928375028\",\"https:\\\/\\\/x.com\\\/Diegoamartin13\",\"https:\\\/\\\/www.youtube.com\\\/channel\\\/UCxIGQL8b9gmW-NjaChabCdA\"]},{\"@type\":\"Person\",\"@id\":\"https:\\\/\\\/www.duerodeporte.com\\\/#\\\/schema\\\/person\\\/5f3368966f635b5ae0d23ffaf7a7f894\",\"name\":\"Diego A. Mart\u00edn\",\"image\":{\"@type\":\"ImageObject\",\"inLanguage\":\"es\",\"@id\":\"https:\\\/\\\/www.duerodeporte.com\\\/wp-content\\\/uploads\\\/2024\\\/01\\\/Diego2-e1706522808572-150x150.jpeg\",\"url\":\"https:\\\/\\\/www.duerodeporte.com\\\/wp-content\\\/uploads\\\/2024\\\/01\\\/Diego2-e1706522808572-150x150.jpeg\",\"contentUrl\":\"https:\\\/\\\/www.duerodeporte.com\\\/wp-content\\\/uploads\\\/2024\\\/01\\\/Diego2-e1706522808572-150x150.jpeg\",\"caption\":\"Diego A. Mart\u00edn\"},\"url\":\"https:\\\/\\\/www.duerodeporte.com\\\/index.php\\\/archivos\\\/author\\\/diego\"}]}<\/script>\r\n<!-- \/ Yoast SEO plugin. -->","yoast_head_json":{"title":"Ion P\u00e9rez busca su s\u00e9ptimo triunfo profesional ante el rumano Antony Vlad","description":"El Deporte de Aranda y las tierras del Duero","robots":{"index":"index","follow":"follow","max-snippet":"max-snippet:-1","max-image-preview":"max-image-preview:large","max-video-preview":"max-video-preview:-1"},"canonical":"https:\/\/www.duerodeporte.com\/index.php\/archivos\/10547","og_locale":"es_ES","og_type":"article","og_title":"Ion P\u00e9rez busca su s\u00e9ptimo triunfo profesional ante el rumano Antony Vlad","og_description":"El Deporte de Aranda y las tierras del Duero","og_url":"https:\/\/www.duerodeporte.com\/index.php\/archivos\/10547","og_site_name":"Duero Deporte","article_publisher":"https:\/\/www.facebook.com\/61555928375028","article_published_time":"2025-03-27T17:11:15+00:00","article_modified_time":"2025-03-28T21:29:00+00:00","og_image":[{"width":1140,"height":912,"url":"https:\/\/www.duerodeporte.com\/wp-content\/uploads\/2025\/03\/IMG-20240914-WA0010.jpg","type":"image\/jpeg"}],"author":"Diego A. Mart\u00edn","twitter_card":"summary_large_image","twitter_creator":"@Diegoamartin13","twitter_site":"@Diegoamartin13","twitter_misc":{"Escrito por":"Diego A. Mart\u00edn","Tiempo de lectura":"3 minutos"},"schema":{"@context":"https:\/\/schema.org","@graph":[{"@type":["Article","SocialMediaPosting"],"@id":"https:\/\/www.duerodeporte.com\/index.php\/archivos\/10547#article","isPartOf":{"@id":"https:\/\/www.duerodeporte.com\/index.php\/archivos\/10547"},"author":{"name":"Diego A. Mart\u00edn","@id":"https:\/\/www.duerodeporte.com\/#\/schema\/person\/5f3368966f635b5ae0d23ffaf7a7f894"},"headline":"Ion P\u00e9rez busca su s\u00e9ptimo triunfo profesional ante el rumano Antony Vlad","datePublished":"2025-03-27T17:11:15+00:00","dateModified":"2025-03-28T21:29:00+00:00","mainEntityOfPage":{"@id":"https:\/\/www.duerodeporte.com\/index.php\/archivos\/10547"},"wordCount":420,"commentCount":0,"publisher":{"@id":"https:\/\/www.duerodeporte.com\/#organization"},"image":{"@id":"https:\/\/www.duerodeporte.com\/index.php\/archivos\/10547#primaryimage"},"thumbnailUrl":"https:\/\/www.duerodeporte.com\/wp-content\/uploads\/2025\/03\/IMG-20240914-WA0010.jpg","keywords":["Aranda Box","aranda de duero","Ayuntamiento de Aranda","boxeo","Ion P\u00e9rez"],"articleSection":["BOXEO","z_PORTADA"],"inLanguage":"es","potentialAction":[{"@type":"CommentAction","name":"Comment","target":["https:\/\/www.duerodeporte.com\/index.php\/archivos\/10547#respond"]}]},{"@type":["WebPage","ItemPage"],"@id":"https:\/\/www.duerodeporte.com\/index.php\/archivos\/10547","url":"https:\/\/www.duerodeporte.com\/index.php\/archivos\/10547","name":"Ion P\u00e9rez busca su s\u00e9ptimo triunfo profesional ante el rumano Antony Vlad","isPartOf":{"@id":"https:\/\/www.duerodeporte.com\/#website"},"primaryImageOfPage":{"@id":"https:\/\/www.duerodeporte.com\/index.php\/archivos\/10547#primaryimage"},"image":{"@id":"https:\/\/www.duerodeporte.com\/index.php\/archivos\/10547#primaryimage"},"thumbnailUrl":"https:\/\/www.duerodeporte.com\/wp-content\/uploads\/2025\/03\/IMG-20240914-WA0010.jpg","datePublished":"2025-03-27T17:11:15+00:00","dateModified":"2025-03-28T21:29:00+00:00","description":"El Deporte de Aranda y las tierras del Duero","breadcrumb":{"@id":"https:\/\/www.duerodeporte.com\/index.php\/archivos\/10547#breadcrumb"},"inLanguage":"es","potentialAction":[{"@type":"ReadAction","target":["https:\/\/www.duerodeporte.com\/index.php\/archivos\/10547"]}]},{"@type":"ImageObject","inLanguage":"es","@id":"https:\/\/www.duerodeporte.com\/index.php\/archivos\/10547#primaryimage","url":"https:\/\/www.duerodeporte.com\/wp-content\/uploads\/2025\/03\/IMG-20240914-WA0010.jpg","contentUrl":"https:\/\/www.duerodeporte.com\/wp-content\/uploads\/2025\/03\/IMG-20240914-WA0010.jpg","width":1140,"height":912,"caption":"Ion P\u00e9rez durante el descanso de uno de sus combates. \/ duerodeporte.com"},{"@type":"BreadcrumbList","@id":"https:\/\/www.duerodeporte.com\/index.php\/archivos\/10547#breadcrumb","itemListElement":[{"@type":"ListItem","position":1,"name":"Portada","item":"https:\/\/www.duerodeporte.com\/"},{"@type":"ListItem","position":2,"name":"Ion P\u00e9rez busca su s\u00e9ptimo triunfo profesional ante el rumano Antony Vlad"}]},{"@type":"WebSite","@id":"https:\/\/www.duerodeporte.com\/#website","url":"https:\/\/www.duerodeporte.com\/","name":"Duero Deporte","description":"El Deporte de Aranda y las tierras del Duero","publisher":{"@id":"https:\/\/www.duerodeporte.com\/#organization"},"alternateName":"El Deporte de Aranda y las tierras del Duero","potentialAction":[{"@type":"SearchAction","target":{"@type":"EntryPoint","urlTemplate":"https:\/\/www.duerodeporte.com\/?s={search_term_string}"},"query-input":{"@type":"PropertyValueSpecification","valueRequired":true,"valueName":"search_term_string"}}],"inLanguage":"es"},{"@type":"Organization","@id":"https:\/\/www.duerodeporte.com\/#organization","name":"Duero Deporte","alternateName":"El Deporte de Aranda y las tierras del Duero","url":"https:\/\/www.duerodeporte.com\/","logo":{"@type":"ImageObject","inLanguage":"es","@id":"https:\/\/www.duerodeporte.com\/#\/schema\/logo\/image\/","url":"https:\/\/www.duerodeporte.com\/wp-content\/uploads\/2023\/11\/A.ColorSinFondo-e1708011627555.png","contentUrl":"https:\/\/www.duerodeporte.com\/wp-content\/uploads\/2023\/11\/A.ColorSinFondo-e1708011627555.png","width":750,"height":132,"caption":"Duero Deporte"},"image":{"@id":"https:\/\/www.duerodeporte.com\/#\/schema\/logo\/image\/"},"sameAs":["https:\/\/www.facebook.com\/61555928375028","https:\/\/x.com\/Diegoamartin13","https:\/\/www.youtube.com\/channel\/UCxIGQL8b9gmW-NjaChabCdA"]},{"@type":"Person","@id":"https:\/\/www.duerodeporte.com\/#\/schema\/person\/5f3368966f635b5ae0d23ffaf7a7f894","name":"Diego A. Mart\u00edn","image":{"@type":"ImageObject","inLanguage":"es","@id":"https:\/\/www.duerodeporte.com\/wp-content\/uploads\/2024\/01\/Diego2-e1706522808572-150x150.jpeg","url":"https:\/\/www.duerodeporte.com\/wp-content\/uploads\/2024\/01\/Diego2-e1706522808572-150x150.jpeg","contentUrl":"https:\/\/www.duerodeporte.com\/wp-content\/uploads\/2024\/01\/Diego2-e1706522808572-150x150.jpeg","caption":"Diego A. Mart\u00edn"},"url":"https:\/\/www.duerodeporte.com\/index.php\/archivos\/author\/diego"}]}},"views":381,"_links":{"self":[{"href":"https:\/\/www.duerodeporte.com\/index.php\/wp-json\/wp\/v2\/posts\/10547","targetHints":{"allow":["GET"]}}],"collection":[{"href":"https:\/\/www.duerodeporte.com\/index.php\/wp-json\/wp\/v2\/posts"}],"about":[{"href":"https:\/\/www.duerodeporte.com\/index.php\/wp-json\/wp\/v2\/types\/post"}],"author":[{"embeddable":true,"href":"https:\/\/www.duerodeporte.com\/index.php\/wp-json\/wp\/v2\/users\/3"}],"replies":[{"embeddable":true,"href":"https:\/\/www.duerodeporte.com\/index.php\/wp-json\/wp\/v2\/comments?post=10547"}],"version-history":[{"count":7,"href":"https:\/\/www.duerodeporte.com\/index.php\/wp-json\/wp\/v2\/posts\/10547\/revisions"}],"predecessor-version":[{"id":10557,"href":"https:\/\/www.duerodeporte.com\/index.php\/wp-json\/wp\/v2\/posts\/10547\/revisions\/10557"}],"wp:featuredmedia":[{"embeddable":true,"href":"https:\/\/www.duerodeporte.com\/index.php\/wp-json\/wp\/v2\/media\/10552"}],"wp:attachment":[{"href":"https:\/\/www.duerodeporte.com\/index.php\/wp-json\/wp\/v2\/media?parent=10547"}],"wp:term":[{"taxonomy":"category","embeddable":true,"href":"https:\/\/www.duerodeporte.com\/index.php\/wp-json\/wp\/v2\/categories?post=10547"},{"taxonomy":"post_tag","embeddable":true,"href":"https:\/\/www.duerodeporte.com\/index.php\/wp-json\/wp\/v2\/tags?post=10547"}],"curies":[{"name":"wp","href":"https:\/\/api.w.org\/{rel}","templated":true}]}}