{"id":11351,"date":"2025-05-03T18:03:49","date_gmt":"2025-05-03T17:03:49","guid":{"rendered":"https:\/\/www.duerodeporte.com\/?p=11351"},"modified":"2025-05-04T16:10:17","modified_gmt":"2025-05-04T15:10:17","slug":"aranda-seguira-siendo-de-asobal-28-25","status":"publish","type":"post","link":"https:\/\/www.duerodeporte.com\/index.php\/archivos\/11351","title":{"rendered":"Aranda seguir\u00e1 siendo de ASOBAL (28-25)"},"content":{"rendered":"\n<h2 class=\"wp-block-heading\">Tubos Aranda Villa de Aranda supera a Puente Genil y logra la permanencia a falta de tres jornadas para el final. Partido deslucido, pero con desenlace favorable para una ciudad que seguir\u00e1 paseando el amarillo por novena vez en la m\u00e1xima categor\u00eda del balonmano espa\u00f1ol<\/h2>\n\n\n\n<p><strong><a href=\"https:\/\/www.bmvilladearanda.com\/\">Tubos Aranda Villa de Aranda<\/a><\/strong> seguir\u00e1 en<a href=\"https:\/\/asobal.es\/\"> <strong>Liga Plenitude ASOBAL<\/strong><\/a> la pr\u00f3xima temporada. El triunfo ante <strong><a href=\"https:\/\/clubbalonmanopuentegenil.es\/\">Puente Genil<\/a> <\/strong>(28-25) permite a los amarillos disfrutar <strong>por novena vez en sus 25 a\u00f1os de historia <\/strong>de la m\u00e1xima categor\u00eda del balonmano nacional. Noticia, no por esperada, tremendamente celebrada por todo el <strong>Santiago Mangu\u00e1n<\/strong>. <\/p>\n\n\n<div class=\"wp-block-image\">\n<figure class=\"aligncenter size-large\"><a href=\"https:\/\/multiriber.com\/\"><img loading=\"lazy\" decoding=\"async\" width=\"1024\" height=\"234\" src=\"https:\/\/www.duerodeporte.com\/wp-content\/uploads\/2023\/11\/multiriber-1024x234.png\" alt=\"\" class=\"wp-image-7716\" srcset=\"https:\/\/www.duerodeporte.com\/wp-content\/uploads\/2023\/11\/multiriber-1024x234.png 1024w, https:\/\/www.duerodeporte.com\/wp-content\/uploads\/2023\/11\/multiriber-300x69.png 300w, https:\/\/www.duerodeporte.com\/wp-content\/uploads\/2023\/11\/multiriber-768x176.png 768w, https:\/\/www.duerodeporte.com\/wp-content\/uploads\/2023\/11\/multiriber-1536x351.png 1536w, https:\/\/www.duerodeporte.com\/wp-content\/uploads\/2023\/11\/multiriber-696x159.png 696w, https:\/\/www.duerodeporte.com\/wp-content\/uploads\/2023\/11\/multiriber-1068x244.png 1068w, https:\/\/www.duerodeporte.com\/wp-content\/uploads\/2023\/11\/multiriber.png 1845w\" sizes=\"auto, (max-width: 1024px) 100vw, 1024px\" \/><\/a><\/figure>\n<\/div>\n\n\n<p>El aficionado amarillo comienza el partido en el Santiago Mangu\u00e1n en ese momento en el que busca su <strong>camiseta <\/strong>en el armario o toma esa <strong>bufanda <\/strong>que en tantas batallas lo ha acompa\u00f1ado. Desde el <strong>canterano <\/strong>que se sienta en la grada para ver al equipo en el que sue\u00f1a jugar, hasta el <strong>anciano <\/strong>que ha vivido, sufrido, disfrutado y padecido <strong>ascensos<\/strong>, <strong>descensos<\/strong>, victorias y desencuentros. Porque ser del Villa de Aranda es ser arandino, <strong>un sentimiento&#8230;<\/strong> como bien refleja uno de los c\u00e1nticos de la afici\u00f3n. Un sentimiento con el que la Liga Plenitude ASOBAL volver\u00e1 a contar la pr\u00f3xima temporada&#8230; porque este s\u00e1bado, si,<strong> Aranda seguir\u00e1 siendo de ASOBAL<\/strong>.<\/p>\n\n\n\n<figure class=\"wp-block-embed is-type-video is-provider-youtube wp-block-embed-youtube wp-embed-aspect-16-9 wp-has-aspect-ratio\"><div class=\"wp-block-embed__wrapper\">\n<iframe loading=\"lazy\"  id=\"_ytid_10194\"  width=\"696\" height=\"391\"  data-origwidth=\"696\" data-origheight=\"391\" src=\"https:\/\/www.youtube.com\/embed\/7XDeKeFnvSk?enablejsapi=1&#038;autoplay=0&#038;cc_load_policy=0&#038;cc_lang_pref=&#038;iv_load_policy=1&#038;loop=0&#038;rel=0&#038;fs=1&#038;playsinline=0&#038;autohide=2&#038;theme=dark&#038;color=red&#038;controls=1&#038;disablekb=0&#038;\" class=\"__youtube_prefs__  epyt-is-override  no-lazyload\" title=\"YouTube player\"  allow=\"fullscreen; accelerometer; autoplay; clipboard-write; encrypted-media; gyroscope; picture-in-picture; web-share\" referrerpolicy=\"strict-origin-when-cross-origin\" allowfullscreen data-no-lazy=\"1\" data-skipgform_ajax_framebjll=\"\"><\/iframe>\n<\/div><\/figure>\n\n\n\n<p>Eso fue lo m\u00e1s importante de<strong> una victoria que tuvo que trabajar el equipo <\/strong>tras un partido inc\u00f3modo marchado por una <strong>deslucida primera parte<\/strong> (13-12) y tras una segunda en la que puso todo en orden para desilusi\u00f3n de los cordobeses que se mantienen en puestos comprometidos (28-25)<\/p>\n\n\n\n<p>Con los <strong>ramalazos de Mosquera y Tamayo <\/strong>el equipo logr\u00f3 ponerse por delante antes que <strong>Samu Saiz y Dalmau mandaran el partido al +3<\/strong> (10-7) pero la escuadra de Bustos sab\u00eda que a falta de cuatro jornadas hab\u00eda mucho en juego y se puso por delante (<strong>10-11<\/strong>) en la parte final de un primer tiempo espeso. Los amarillos supieron resolver la situaci\u00f3n. <strong>Rogonovs<\/strong>,<strong> Berbel <\/strong>y<strong> Dalmau firmaron el<\/strong> <strong>13-12<\/strong> con el que se lleg\u00f3 al final de la primera parte.<\/p>\n\n\n\n<h2 class=\"wp-block-heading\">Si todo va mal&#8230; aparece el <em>Yellow Power<\/em><\/h2>\n\n\n\n<p>La segunda parte inici\u00f3 con la frustraci\u00f3n de ver como las <strong>decisiones arbitrales<\/strong> ca\u00edan del mismo lado y como los errores se precipitaban con el paso de los minutos. La <strong>expulsi\u00f3n de David L\u00f3pez<\/strong> y un Puente Genil que se aferraba al partido (<strong>18-17<\/strong>) no presagiaban buen final.<\/p>\n\n\n\n<figure class=\"wp-block-embed is-type-rich is-provider-twitter wp-block-embed-twitter\"><div class=\"wp-block-embed__wrapper\">\n<blockquote class=\"twitter-tweet\" data-width=\"550\" data-dnt=\"true\"><p lang=\"es\" dir=\"ltr\">\ud83d\udfe0 BALONMANO <a href=\"https:\/\/twitter.com\/hashtag\/D%C3%8DADEPARTIDO?src=hash&amp;ref_src=twsrc%5Etfw\">#D\u00cdADEPARTIDO<\/a><br><br>\ud83e\udd3e\ud83c\udffb\u200d\u2642\ufe0f FINAL&#8230; Aranda de Duero seguir\u00e1 disfrutando de Liga Plenitude <a href=\"https:\/\/twitter.com\/ASOBAL?ref_src=twsrc%5Etfw\">@ASOBAL<\/a> la pr\u00f3xima temporada<br> <br>\ud83d\udfe1\ud83d\udfe1 <a href=\"https:\/\/twitter.com\/bmvillaaranda?ref_src=twsrc%5Etfw\">@bmvillaaranda<\/a> 2\ufe0f\u20e38\ufe0f\u20e3<br>\u26ab\u26ab <a href=\"https:\/\/twitter.com\/AngelXimenezBM?ref_src=twsrc%5Etfw\">@AngelXimenezBM<\/a> 2\ufe0f\u20e35\ufe0f\u20e3<br><br>\ud83d\udcca Resultados y clasificaci\u00f3n 2\ufe0f\u20e37\ufe0f\u20e3&#39; jr. Liga Plenitude <a href=\"https:\/\/twitter.com\/ASOBAL?ref_src=twsrc%5Etfw\">@ASOBAL<\/a>: <a href=\"https:\/\/t.co\/oYtt14Q3Sa\">https:\/\/t.co\/oYtt14Q3Sa<\/a><br><br>\ud83c\udfa6\u2026 <a href=\"https:\/\/t.co\/yna8BKSMGQ\">pic.twitter.com\/yna8BKSMGQ<\/a><\/p>&mdash; Diego A. Mart\u00edn (duerodeporte.com) (@Diegoamartin13) <a href=\"https:\/\/twitter.com\/Diegoamartin13\/status\/1918712036772499929?ref_src=twsrc%5Etfw\">May 3, 2025<\/a><\/blockquote><script async src=\"https:\/\/platform.twitter.com\/widgets.js\" charset=\"utf-8\"><\/script>\n<\/div><\/figure>\n\n\n\n<p>Pero <strong>siempre se impone la l\u00f3gica y aparece el <em>Yellow power<\/em><\/strong>. Ese<strong> sentimiento<\/strong>, que unido al talento de un equipo <strong>incansable<\/strong>, hace que los partidos en el Santiago Mangu\u00e1n sean diferentes. Los amarillos se sobrepusieron con <strong>resiliencia<\/strong>. Bal\u00f3n para el +5 y Puente Genil se puso a dos goles. E incluso <strong>23-22<\/strong>. Pero todo quedaba para el <strong>talento<\/strong>, la <strong>ambici\u00f3n <\/strong>y un final de los que gustan en el feudo de las Tierras del Duero.<\/p>\n\n\n\n<p><strong>Tiempo muerto de Javi M\u00e1rquez con 24-23 y bola para abrir brecha<\/strong>, pero con todo lleg\u00f3 el <strong>25-25 <\/strong>a falta de dos minutos para el final. Nadie dijo que fuera sencillo. Y en eso el Yellow Power apareci\u00f3 para que <strong>Pinillos<\/strong>, <strong>Dalmau <\/strong>y <strong>Rogonovs <\/strong>resolvieran, cerraran y mandaran el partido al<strong> 28-25 <\/strong>para hacer explotar el j\u00fabilo en un Santiago Mangu\u00e1n que sigue siendo de ASOBAL.<\/p>\n","protected":false},"excerpt":{"rendered":"<p>Tubos Aranda Villa de Aranda supera a Puente Genil y logra la permanencia a falta de tres jornadas para el final. Partido deslucido, pero con desenlace favorable para una ciudad [&hellip;]<\/p>\n","protected":false},"author":3,"featured_media":11367,"comment_status":"open","ping_status":"open","sticky":false,"template":"","format":"standard","meta":{"footnotes":""},"categories":[18,15],"tags":[43,177,27,718,40,28],"class_list":["post-11351","post","type-post","status-publish","format-standard","has-post-thumbnail","category-balonmano","category-portada","tag-aranda-de-duero","tag-asobal","tag-balonmano","tag-puente-genil","tag-rfebm","tag-villa-de-aranda"],"yoast_head":"<!-- This site is optimized with the Yoast SEO plugin v27.5 - https:\/\/yoast.com\/product\/yoast-seo-wordpress\/ -->\r\n<title>Aranda seguir\u00e1 siendo de ASOBAL (28-25)<\/title>\r\n<meta name=\"description\" content=\"El Deporte de Aranda y las tierras del Duero\" \/>\r\n<meta name=\"robots\" content=\"index, follow, max-snippet:-1, max-image-preview:large, max-video-preview:-1\" \/>\r\n<link rel=\"canonical\" href=\"https:\/\/www.duerodeporte.com\/index.php\/archivos\/11351\" \/>\r\n<meta property=\"og:locale\" content=\"es_ES\" \/>\r\n<meta property=\"og:type\" content=\"article\" \/>\r\n<meta property=\"og:title\" content=\"Aranda seguir\u00e1 siendo de ASOBAL (28-25)\" \/>\r\n<meta property=\"og:description\" content=\"El Deporte de Aranda y las tierras del Duero\" \/>\r\n<meta property=\"og:url\" content=\"https:\/\/www.duerodeporte.com\/index.php\/archivos\/11351\" \/>\r\n<meta property=\"og:site_name\" content=\"Duero Deporte\" \/>\r\n<meta property=\"article:publisher\" content=\"https:\/\/www.facebook.com\/61555928375028\" \/>\r\n<meta property=\"article:published_time\" content=\"2025-05-03T17:03:49+00:00\" \/>\r\n<meta property=\"article:modified_time\" content=\"2025-05-04T15:10:17+00:00\" \/>\r\n<meta property=\"og:image\" content=\"https:\/\/www.duerodeporte.com\/wp-content\/uploads\/2025\/05\/WhatsApp-Image-2025-05-03-at-19.05.49.jpeg\" \/>\r\n\t<meta property=\"og:image:width\" content=\"2048\" \/>\r\n\t<meta property=\"og:image:height\" content=\"1211\" \/>\r\n\t<meta property=\"og:image:type\" content=\"image\/jpeg\" \/>\r\n<meta name=\"author\" content=\"Diego A. Mart\u00edn\" \/>\r\n<meta name=\"twitter:card\" content=\"summary_large_image\" \/>\r\n<meta name=\"twitter:creator\" content=\"@Diegoamartin13\" \/>\r\n<meta name=\"twitter:site\" content=\"@Diegoamartin13\" \/>\r\n<meta name=\"twitter:label1\" content=\"Escrito por\" \/>\n\t<meta name=\"twitter:data1\" content=\"Diego A. Mart\u00edn\" \/>\n\t<meta name=\"twitter:label2\" content=\"Tiempo de lectura\" \/>\n\t<meta name=\"twitter:data2\" content=\"3 minutos\" \/>\r\n<script type=\"application\/ld+json\" class=\"yoast-schema-graph\">{\"@context\":\"https:\\\/\\\/schema.org\",\"@graph\":[{\"@type\":[\"Article\",\"SocialMediaPosting\"],\"@id\":\"https:\\\/\\\/www.duerodeporte.com\\\/index.php\\\/archivos\\\/11351#article\",\"isPartOf\":{\"@id\":\"https:\\\/\\\/www.duerodeporte.com\\\/index.php\\\/archivos\\\/11351\"},\"author\":{\"name\":\"Diego A. Mart\u00edn\",\"@id\":\"https:\\\/\\\/www.duerodeporte.com\\\/#\\\/schema\\\/person\\\/5f3368966f635b5ae0d23ffaf7a7f894\"},\"headline\":\"Aranda seguir\u00e1 siendo de ASOBAL (28-25)\",\"datePublished\":\"2025-05-03T17:03:49+00:00\",\"dateModified\":\"2025-05-04T15:10:17+00:00\",\"mainEntityOfPage\":{\"@id\":\"https:\\\/\\\/www.duerodeporte.com\\\/index.php\\\/archivos\\\/11351\"},\"wordCount\":580,\"commentCount\":0,\"publisher\":{\"@id\":\"https:\\\/\\\/www.duerodeporte.com\\\/#organization\"},\"image\":{\"@id\":\"https:\\\/\\\/www.duerodeporte.com\\\/index.php\\\/archivos\\\/11351#primaryimage\"},\"thumbnailUrl\":\"https:\\\/\\\/www.duerodeporte.com\\\/wp-content\\\/uploads\\\/2025\\\/05\\\/WhatsApp-Image-2025-05-03-at-19.05.49.jpeg\",\"keywords\":[\"aranda de duero\",\"Asobal\",\"balonmano\",\"Puente Genil\",\"Rfebm\",\"Villa de Aranda\"],\"articleSection\":[\"BALONMANO\",\"z_PORTADA\"],\"inLanguage\":\"es\",\"potentialAction\":[{\"@type\":\"CommentAction\",\"name\":\"Comment\",\"target\":[\"https:\\\/\\\/www.duerodeporte.com\\\/index.php\\\/archivos\\\/11351#respond\"]}]},{\"@type\":[\"WebPage\",\"ItemPage\"],\"@id\":\"https:\\\/\\\/www.duerodeporte.com\\\/index.php\\\/archivos\\\/11351\",\"url\":\"https:\\\/\\\/www.duerodeporte.com\\\/index.php\\\/archivos\\\/11351\",\"name\":\"Aranda seguir\u00e1 siendo de ASOBAL (28-25)\",\"isPartOf\":{\"@id\":\"https:\\\/\\\/www.duerodeporte.com\\\/#website\"},\"primaryImageOfPage\":{\"@id\":\"https:\\\/\\\/www.duerodeporte.com\\\/index.php\\\/archivos\\\/11351#primaryimage\"},\"image\":{\"@id\":\"https:\\\/\\\/www.duerodeporte.com\\\/index.php\\\/archivos\\\/11351#primaryimage\"},\"thumbnailUrl\":\"https:\\\/\\\/www.duerodeporte.com\\\/wp-content\\\/uploads\\\/2025\\\/05\\\/WhatsApp-Image-2025-05-03-at-19.05.49.jpeg\",\"datePublished\":\"2025-05-03T17:03:49+00:00\",\"dateModified\":\"2025-05-04T15:10:17+00:00\",\"description\":\"El Deporte de Aranda y las tierras del Duero\",\"breadcrumb\":{\"@id\":\"https:\\\/\\\/www.duerodeporte.com\\\/index.php\\\/archivos\\\/11351#breadcrumb\"},\"inLanguage\":\"es\",\"potentialAction\":[{\"@type\":\"ReadAction\",\"target\":[\"https:\\\/\\\/www.duerodeporte.com\\\/index.php\\\/archivos\\\/11351\"]}]},{\"@type\":\"ImageObject\",\"inLanguage\":\"es\",\"@id\":\"https:\\\/\\\/www.duerodeporte.com\\\/index.php\\\/archivos\\\/11351#primaryimage\",\"url\":\"https:\\\/\\\/www.duerodeporte.com\\\/wp-content\\\/uploads\\\/2025\\\/05\\\/WhatsApp-Image-2025-05-03-at-19.05.49.jpeg\",\"contentUrl\":\"https:\\\/\\\/www.duerodeporte.com\\\/wp-content\\\/uploads\\\/2025\\\/05\\\/WhatsApp-Image-2025-05-03-at-19.05.49.jpeg\",\"width\":2048,\"height\":1211,\"caption\":\"La escuadra amarilla tras uno de los triunfos en el Santiago Mangu\u00e1n. \\\/ duerodeporte.com\"},{\"@type\":\"BreadcrumbList\",\"@id\":\"https:\\\/\\\/www.duerodeporte.com\\\/index.php\\\/archivos\\\/11351#breadcrumb\",\"itemListElement\":[{\"@type\":\"ListItem\",\"position\":1,\"name\":\"Portada\",\"item\":\"https:\\\/\\\/www.duerodeporte.com\\\/\"},{\"@type\":\"ListItem\",\"position\":2,\"name\":\"Aranda seguir\u00e1 siendo de ASOBAL (28-25)\"}]},{\"@type\":\"WebSite\",\"@id\":\"https:\\\/\\\/www.duerodeporte.com\\\/#website\",\"url\":\"https:\\\/\\\/www.duerodeporte.com\\\/\",\"name\":\"Duero Deporte\",\"description\":\"El Deporte de Aranda y las tierras del Duero\",\"publisher\":{\"@id\":\"https:\\\/\\\/www.duerodeporte.com\\\/#organization\"},\"alternateName\":\"El Deporte de Aranda y las tierras del Duero\",\"potentialAction\":[{\"@type\":\"SearchAction\",\"target\":{\"@type\":\"EntryPoint\",\"urlTemplate\":\"https:\\\/\\\/www.duerodeporte.com\\\/?s={search_term_string}\"},\"query-input\":{\"@type\":\"PropertyValueSpecification\",\"valueRequired\":true,\"valueName\":\"search_term_string\"}}],\"inLanguage\":\"es\"},{\"@type\":\"Organization\",\"@id\":\"https:\\\/\\\/www.duerodeporte.com\\\/#organization\",\"name\":\"Duero Deporte\",\"alternateName\":\"El Deporte de Aranda y las tierras del Duero\",\"url\":\"https:\\\/\\\/www.duerodeporte.com\\\/\",\"logo\":{\"@type\":\"ImageObject\",\"inLanguage\":\"es\",\"@id\":\"https:\\\/\\\/www.duerodeporte.com\\\/#\\\/schema\\\/logo\\\/image\\\/\",\"url\":\"https:\\\/\\\/www.duerodeporte.com\\\/wp-content\\\/uploads\\\/2023\\\/11\\\/A.ColorSinFondo-e1708011627555.png\",\"contentUrl\":\"https:\\\/\\\/www.duerodeporte.com\\\/wp-content\\\/uploads\\\/2023\\\/11\\\/A.ColorSinFondo-e1708011627555.png\",\"width\":750,\"height\":132,\"caption\":\"Duero Deporte\"},\"image\":{\"@id\":\"https:\\\/\\\/www.duerodeporte.com\\\/#\\\/schema\\\/logo\\\/image\\\/\"},\"sameAs\":[\"https:\\\/\\\/www.facebook.com\\\/61555928375028\",\"https:\\\/\\\/x.com\\\/Diegoamartin13\",\"https:\\\/\\\/www.youtube.com\\\/channel\\\/UCxIGQL8b9gmW-NjaChabCdA\"]},{\"@type\":\"Person\",\"@id\":\"https:\\\/\\\/www.duerodeporte.com\\\/#\\\/schema\\\/person\\\/5f3368966f635b5ae0d23ffaf7a7f894\",\"name\":\"Diego A. Mart\u00edn\",\"image\":{\"@type\":\"ImageObject\",\"inLanguage\":\"es\",\"@id\":\"https:\\\/\\\/www.duerodeporte.com\\\/wp-content\\\/uploads\\\/2024\\\/01\\\/Diego2-e1706522808572-150x150.jpeg\",\"url\":\"https:\\\/\\\/www.duerodeporte.com\\\/wp-content\\\/uploads\\\/2024\\\/01\\\/Diego2-e1706522808572-150x150.jpeg\",\"contentUrl\":\"https:\\\/\\\/www.duerodeporte.com\\\/wp-content\\\/uploads\\\/2024\\\/01\\\/Diego2-e1706522808572-150x150.jpeg\",\"caption\":\"Diego A. Mart\u00edn\"},\"url\":\"https:\\\/\\\/www.duerodeporte.com\\\/index.php\\\/archivos\\\/author\\\/diego\"}]}<\/script>\r\n<!-- \/ Yoast SEO plugin. -->","yoast_head_json":{"title":"Aranda seguir\u00e1 siendo de ASOBAL (28-25)","description":"El Deporte de Aranda y las tierras del Duero","robots":{"index":"index","follow":"follow","max-snippet":"max-snippet:-1","max-image-preview":"max-image-preview:large","max-video-preview":"max-video-preview:-1"},"canonical":"https:\/\/www.duerodeporte.com\/index.php\/archivos\/11351","og_locale":"es_ES","og_type":"article","og_title":"Aranda seguir\u00e1 siendo de ASOBAL (28-25)","og_description":"El Deporte de Aranda y las tierras del Duero","og_url":"https:\/\/www.duerodeporte.com\/index.php\/archivos\/11351","og_site_name":"Duero Deporte","article_publisher":"https:\/\/www.facebook.com\/61555928375028","article_published_time":"2025-05-03T17:03:49+00:00","article_modified_time":"2025-05-04T15:10:17+00:00","og_image":[{"width":2048,"height":1211,"url":"https:\/\/www.duerodeporte.com\/wp-content\/uploads\/2025\/05\/WhatsApp-Image-2025-05-03-at-19.05.49.jpeg","type":"image\/jpeg"}],"author":"Diego A. Mart\u00edn","twitter_card":"summary_large_image","twitter_creator":"@Diegoamartin13","twitter_site":"@Diegoamartin13","twitter_misc":{"Escrito por":"Diego A. Mart\u00edn","Tiempo de lectura":"3 minutos"},"schema":{"@context":"https:\/\/schema.org","@graph":[{"@type":["Article","SocialMediaPosting"],"@id":"https:\/\/www.duerodeporte.com\/index.php\/archivos\/11351#article","isPartOf":{"@id":"https:\/\/www.duerodeporte.com\/index.php\/archivos\/11351"},"author":{"name":"Diego A. Mart\u00edn","@id":"https:\/\/www.duerodeporte.com\/#\/schema\/person\/5f3368966f635b5ae0d23ffaf7a7f894"},"headline":"Aranda seguir\u00e1 siendo de ASOBAL (28-25)","datePublished":"2025-05-03T17:03:49+00:00","dateModified":"2025-05-04T15:10:17+00:00","mainEntityOfPage":{"@id":"https:\/\/www.duerodeporte.com\/index.php\/archivos\/11351"},"wordCount":580,"commentCount":0,"publisher":{"@id":"https:\/\/www.duerodeporte.com\/#organization"},"image":{"@id":"https:\/\/www.duerodeporte.com\/index.php\/archivos\/11351#primaryimage"},"thumbnailUrl":"https:\/\/www.duerodeporte.com\/wp-content\/uploads\/2025\/05\/WhatsApp-Image-2025-05-03-at-19.05.49.jpeg","keywords":["aranda de duero","Asobal","balonmano","Puente Genil","Rfebm","Villa de Aranda"],"articleSection":["BALONMANO","z_PORTADA"],"inLanguage":"es","potentialAction":[{"@type":"CommentAction","name":"Comment","target":["https:\/\/www.duerodeporte.com\/index.php\/archivos\/11351#respond"]}]},{"@type":["WebPage","ItemPage"],"@id":"https:\/\/www.duerodeporte.com\/index.php\/archivos\/11351","url":"https:\/\/www.duerodeporte.com\/index.php\/archivos\/11351","name":"Aranda seguir\u00e1 siendo de ASOBAL (28-25)","isPartOf":{"@id":"https:\/\/www.duerodeporte.com\/#website"},"primaryImageOfPage":{"@id":"https:\/\/www.duerodeporte.com\/index.php\/archivos\/11351#primaryimage"},"image":{"@id":"https:\/\/www.duerodeporte.com\/index.php\/archivos\/11351#primaryimage"},"thumbnailUrl":"https:\/\/www.duerodeporte.com\/wp-content\/uploads\/2025\/05\/WhatsApp-Image-2025-05-03-at-19.05.49.jpeg","datePublished":"2025-05-03T17:03:49+00:00","dateModified":"2025-05-04T15:10:17+00:00","description":"El Deporte de Aranda y las tierras del Duero","breadcrumb":{"@id":"https:\/\/www.duerodeporte.com\/index.php\/archivos\/11351#breadcrumb"},"inLanguage":"es","potentialAction":[{"@type":"ReadAction","target":["https:\/\/www.duerodeporte.com\/index.php\/archivos\/11351"]}]},{"@type":"ImageObject","inLanguage":"es","@id":"https:\/\/www.duerodeporte.com\/index.php\/archivos\/11351#primaryimage","url":"https:\/\/www.duerodeporte.com\/wp-content\/uploads\/2025\/05\/WhatsApp-Image-2025-05-03-at-19.05.49.jpeg","contentUrl":"https:\/\/www.duerodeporte.com\/wp-content\/uploads\/2025\/05\/WhatsApp-Image-2025-05-03-at-19.05.49.jpeg","width":2048,"height":1211,"caption":"La escuadra amarilla tras uno de los triunfos en el Santiago Mangu\u00e1n. \/ duerodeporte.com"},{"@type":"BreadcrumbList","@id":"https:\/\/www.duerodeporte.com\/index.php\/archivos\/11351#breadcrumb","itemListElement":[{"@type":"ListItem","position":1,"name":"Portada","item":"https:\/\/www.duerodeporte.com\/"},{"@type":"ListItem","position":2,"name":"Aranda seguir\u00e1 siendo de ASOBAL (28-25)"}]},{"@type":"WebSite","@id":"https:\/\/www.duerodeporte.com\/#website","url":"https:\/\/www.duerodeporte.com\/","name":"Duero Deporte","description":"El Deporte de Aranda y las tierras del Duero","publisher":{"@id":"https:\/\/www.duerodeporte.com\/#organization"},"alternateName":"El Deporte de Aranda y las tierras del Duero","potentialAction":[{"@type":"SearchAction","target":{"@type":"EntryPoint","urlTemplate":"https:\/\/www.duerodeporte.com\/?s={search_term_string}"},"query-input":{"@type":"PropertyValueSpecification","valueRequired":true,"valueName":"search_term_string"}}],"inLanguage":"es"},{"@type":"Organization","@id":"https:\/\/www.duerodeporte.com\/#organization","name":"Duero Deporte","alternateName":"El Deporte de Aranda y las tierras del Duero","url":"https:\/\/www.duerodeporte.com\/","logo":{"@type":"ImageObject","inLanguage":"es","@id":"https:\/\/www.duerodeporte.com\/#\/schema\/logo\/image\/","url":"https:\/\/www.duerodeporte.com\/wp-content\/uploads\/2023\/11\/A.ColorSinFondo-e1708011627555.png","contentUrl":"https:\/\/www.duerodeporte.com\/wp-content\/uploads\/2023\/11\/A.ColorSinFondo-e1708011627555.png","width":750,"height":132,"caption":"Duero Deporte"},"image":{"@id":"https:\/\/www.duerodeporte.com\/#\/schema\/logo\/image\/"},"sameAs":["https:\/\/www.facebook.com\/61555928375028","https:\/\/x.com\/Diegoamartin13","https:\/\/www.youtube.com\/channel\/UCxIGQL8b9gmW-NjaChabCdA"]},{"@type":"Person","@id":"https:\/\/www.duerodeporte.com\/#\/schema\/person\/5f3368966f635b5ae0d23ffaf7a7f894","name":"Diego A. Mart\u00edn","image":{"@type":"ImageObject","inLanguage":"es","@id":"https:\/\/www.duerodeporte.com\/wp-content\/uploads\/2024\/01\/Diego2-e1706522808572-150x150.jpeg","url":"https:\/\/www.duerodeporte.com\/wp-content\/uploads\/2024\/01\/Diego2-e1706522808572-150x150.jpeg","contentUrl":"https:\/\/www.duerodeporte.com\/wp-content\/uploads\/2024\/01\/Diego2-e1706522808572-150x150.jpeg","caption":"Diego A. Mart\u00edn"},"url":"https:\/\/www.duerodeporte.com\/index.php\/archivos\/author\/diego"}]}},"views":469,"_links":{"self":[{"href":"https:\/\/www.duerodeporte.com\/index.php\/wp-json\/wp\/v2\/posts\/11351","targetHints":{"allow":["GET"]}}],"collection":[{"href":"https:\/\/www.duerodeporte.com\/index.php\/wp-json\/wp\/v2\/posts"}],"about":[{"href":"https:\/\/www.duerodeporte.com\/index.php\/wp-json\/wp\/v2\/types\/post"}],"author":[{"embeddable":true,"href":"https:\/\/www.duerodeporte.com\/index.php\/wp-json\/wp\/v2\/users\/3"}],"replies":[{"embeddable":true,"href":"https:\/\/www.duerodeporte.com\/index.php\/wp-json\/wp\/v2\/comments?post=11351"}],"version-history":[{"count":18,"href":"https:\/\/www.duerodeporte.com\/index.php\/wp-json\/wp\/v2\/posts\/11351\/revisions"}],"predecessor-version":[{"id":11387,"href":"https:\/\/www.duerodeporte.com\/index.php\/wp-json\/wp\/v2\/posts\/11351\/revisions\/11387"}],"wp:featuredmedia":[{"embeddable":true,"href":"https:\/\/www.duerodeporte.com\/index.php\/wp-json\/wp\/v2\/media\/11367"}],"wp:attachment":[{"href":"https:\/\/www.duerodeporte.com\/index.php\/wp-json\/wp\/v2\/media?parent=11351"}],"wp:term":[{"taxonomy":"category","embeddable":true,"href":"https:\/\/www.duerodeporte.com\/index.php\/wp-json\/wp\/v2\/categories?post=11351"},{"taxonomy":"post_tag","embeddable":true,"href":"https:\/\/www.duerodeporte.com\/index.php\/wp-json\/wp\/v2\/tags?post=11351"}],"curies":[{"name":"wp","href":"https:\/\/api.w.org\/{rel}","templated":true}]}}