{"id":11455,"date":"2025-05-08T10:43:49","date_gmt":"2025-05-08T09:43:49","guid":{"rendered":"https:\/\/www.duerodeporte.com\/?p=11455"},"modified":"2025-05-09T00:10:56","modified_gmt":"2025-05-08T23:10:56","slug":"rogonovs-se-mide-a-los-hispanos-en-la-clasificacion-del-europeo-2026","status":"publish","type":"post","link":"https:\/\/www.duerodeporte.com\/index.php\/archivos\/11455","title":{"rendered":"Rogonovs se medir\u00e1 a Los Hispanos en la clasificaci\u00f3n del Europeo 2026"},"content":{"rendered":"\n<h2 class=\"wp-block-heading\">El pivote de Tubos Aranda Villa de Aranda se enfrentar\u00e1 a la selecci\u00f3n espa\u00f1ola el pr\u00f3ximo domingo (18:00 h) en Huesca. Este jueves la escuadra b\u00e1ltica juega ante Serbia en Jelgava a partir de las 18:40 horas. Samu Saiz con los Hispanos j\u00fanior. Tres jugadores amarillos optan al 7 ideal de ASOBAL<\/h2>\n\n\n\n<p>El crecimiento del balonmano b\u00e1ltico de selecciones como Letonia va de la mano con la creciente generaci\u00f3n de nuevos talentos, entre ellos el pivote de <strong><a href=\"https:\/\/www.bmvilladearanda.com\/\">Tubos Aranda Villa de Aranda<\/a><\/strong>. <strong><a href=\"https:\/\/www.instagram.com\/_zhenia.r_\/?hl=es\">Jevgenijs Rogonovs<\/a><\/strong>, renovado para la pr\u00f3xima temporada en las filas de la escuadra del Santiago Mangu\u00e1n, juega los \u00faltimos dos partidos de la <strong>clasificaci\u00f3n para el Europeo 2026 <\/strong>de Dinamarca, Suecia y Noruega.<\/p>\n\n\n<div class=\"wp-block-image\">\n<figure class=\"aligncenter size-large\"><a href=\"https:\/\/multiriber.com\/\"><img loading=\"lazy\" decoding=\"async\" width=\"1024\" height=\"234\" src=\"https:\/\/www.duerodeporte.com\/wp-content\/uploads\/2024\/07\/multiriber.fw_-1024x234.png\" alt=\"\" class=\"wp-image-4730\" srcset=\"https:\/\/www.duerodeporte.com\/wp-content\/uploads\/2024\/07\/multiriber.fw_-1024x234.png 1024w, https:\/\/www.duerodeporte.com\/wp-content\/uploads\/2024\/07\/multiriber.fw_-300x69.png 300w, https:\/\/www.duerodeporte.com\/wp-content\/uploads\/2024\/07\/multiriber.fw_-768x176.png 768w, https:\/\/www.duerodeporte.com\/wp-content\/uploads\/2024\/07\/multiriber.fw_-1536x351.png 1536w, https:\/\/www.duerodeporte.com\/wp-content\/uploads\/2024\/07\/multiriber.fw_-696x159.png 696w, https:\/\/www.duerodeporte.com\/wp-content\/uploads\/2024\/07\/multiriber.fw_-1068x244.png 1068w, https:\/\/www.duerodeporte.com\/wp-content\/uploads\/2024\/07\/multiriber.fw_.png 1845w\" sizes=\"auto, (max-width: 1024px) 100vw, 1024px\" \/><\/a><\/figure>\n<\/div>\n\n\n<p>Aunque sin opciones, los de Cutura seguir\u00e1n sumando experiencia internacional en los dos partidos que restan ante <strong>Serbia este jueves <\/strong>(<strong>18:40 h<\/strong>) y <strong>frente a Los Hispanos el domingo <\/strong>(<strong>18:00 h<\/strong>) <strong>en Huesca<\/strong>. Un encuentro cuanto menos especial para el pivote que ha crecido en su balonmano en Espa\u00f1a las dos \u00faltimas temporadas. <\/p>\n\n\n\n<figure class=\"wp-block-embed is-type-rich is-provider-twitter wp-block-embed-twitter\"><div class=\"wp-block-embed__wrapper\">\n<blockquote class=\"twitter-tweet\" data-width=\"550\" data-dnt=\"true\"><p lang=\"es\" dir=\"ltr\">\ud83d\udfe0 BALONMANO<br><br>\ud83e\udd3e\ud83c\udffb\u200d\u2642\ufe0f Jevgenijs Rogonovs y Samu Saiz viajan con Letonia e <a href=\"https:\/\/twitter.com\/hashtag\/Hispanos?src=hash&amp;ref_src=twsrc%5Etfw\">#Hispanos<\/a> j\u00fanior respectivamente<br><br>\u27a1\ufe0f El pivote b\u00e1ltico se mide a Serbia y Espa\u00f1a en la ronda de clasificaci\u00f3n para el Europeo 2\ufe0f\u20e30\ufe0f\u20e32\ufe0f\u20e36\ufe0f\u20e3<br><br>\u27a1\ufe0f El lateral valenciano viaja a Z\u00farich con <a href=\"https:\/\/twitter.com\/RFEBalonmano?ref_src=twsrc%5Etfw\">@RFEBalonmano<\/a> al Trofeo Airport\u2026 <a href=\"https:\/\/t.co\/SXvclyuep2\">pic.twitter.com\/SXvclyuep2<\/a><\/p>&mdash; Diego A. Mart\u00edn (duerodeporte.com) (@Diegoamartin13) <a href=\"https:\/\/twitter.com\/Diegoamartin13\/status\/1919523317251240038?ref_src=twsrc%5Etfw\">May 5, 2025<\/a><\/blockquote><script async src=\"https:\/\/platform.twitter.com\/widgets.js\" charset=\"utf-8\"><\/script>\n<\/div><\/figure>\n\n\n\n<h2 class=\"wp-block-heading\">Samu Saiz con los Hispanos j\u00fanior en Zurich<\/h2>\n\n\n\n<p>Mientras, el otro internacional en las filas de la escuadra amarilla con compromisos esta semana de selecciones, <strong>Samu Saiz<\/strong>, se encuentra en Suiza con los Hispanos j\u00fanior para afrontar el torneo <strong>Airport Trophy<\/strong>. Javier Fern\u00e1ndez &#8216;Javato&#8217; vuelve a contar con el lateral amarillo, asiduo en las \u00faltimas concentraciones. El levantino formar\u00e1 con el resto de la selecci\u00f3n en los partidos ante <strong>Alemania<\/strong>, <strong>Suiza <\/strong>y <strong>Francia<\/strong>. <\/p>\n\n\n\n<h2 class=\"wp-block-heading\">Tres amarillos optan al 7 ideal<\/h2>\n\n\n\n<p>Mientras tanto, este impasse en la actualidad de la Liga Plenitude ASOBAL trae muchas otras cuestiones en la actualidad de la propia competici\u00f3n y de los clubes. Ente ellas la elecci\u00f3n del 7 ideal de la temporada.<\/p>\n\n\n\n<figure class=\"wp-block-embed is-type-rich is-provider-twitter wp-block-embed-twitter\"><div class=\"wp-block-embed__wrapper\">\n<blockquote class=\"twitter-tweet\" data-width=\"550\" data-dnt=\"true\"><p lang=\"es\" dir=\"ltr\">\ud83d\udfe0 BALONMANO<br><br>\ud83e\udd3e\ud83c\udffb\u200d\u2642\ufe0f Tres jugadores de <a href=\"https:\/\/twitter.com\/hashtag\/TubosAranda?src=hash&amp;ref_src=twsrc%5Etfw\">#TubosAranda<\/a> <a href=\"https:\/\/twitter.com\/bmvillaaranda?ref_src=twsrc%5Etfw\">@bmvillaaranda<\/a> optan al 7\ufe0f\u20e3 ideal de la temporada 2\ufe0f\u20e34\ufe0f\u20e3-2\ufe0f\u20e35\ufe0f\u20e3<br><br>\u27a1\ufe0f Puedes votar por <a href=\"https:\/\/twitter.com\/PGuitart1?ref_src=twsrc%5Etfw\">@PGuitart1<\/a> <a href=\"https:\/\/twitter.com\/arthurwsp_?ref_src=twsrc%5Etfw\">@arthurwsp_<\/a> o Fischer en este enlace: <a href=\"https:\/\/t.co\/O6j0p1s50Y\">https:\/\/t.co\/O6j0p1s50Y<\/a><br><br>\ud83c\udfa6 <a href=\"https:\/\/t.co\/QxLvd9klfJ\">https:\/\/t.co\/QxLvd9klfJ<\/a> <a href=\"https:\/\/t.co\/S86UsGnU61\">https:\/\/t.co\/S86UsGnU61<\/a> <a href=\"https:\/\/t.co\/xG31fasSpl\">pic.twitter.com\/xG31fasSpl<\/a><\/p>&mdash; Diego A. Mart\u00edn (duerodeporte.com) (@Diegoamartin13) <a href=\"https:\/\/twitter.com\/Diegoamartin13\/status\/1920258855151255805?ref_src=twsrc%5Etfw\">May 7, 2025<\/a><\/blockquote><script async src=\"https:\/\/platform.twitter.com\/widgets.js\" charset=\"utf-8\"><\/script>\n<\/div><\/figure>\n\n\n\n<p>La propia organizadora de Liga Plenitude ha publicado los nombres de los jugadores que optan a entrar en cada una de las posici\u00f3nes y entre ellos aparecen tres integrantes del Tubos Aranda Villa de Aranda: <strong>Pau Guitart<\/strong>, <strong>Guillermo Fischer<\/strong> y <strong>Arthur Pereira<\/strong>. Vota, <strong><a href=\"https:\/\/www.whatsapp.com\/channel\/0029Vb0N9UmEQIaiQpK1Ff0l\">AQU\u00cd<\/a><\/strong>.<\/p>\n\n\n\n<h2 class=\"wp-block-heading\">Asier Iribar en la agenda amarilla<\/h2>\n\n\n\n<p>M\u00e1s all\u00e1 de los premios a la gran temporada todos los clubes ya apuntan a la siguiente y el Tubos Aranda no es menos. As\u00ed, de cara al <strong>proyecto 25-26<\/strong>, la direcci\u00f3n deportiva sigue trabajando en la elaboraci\u00f3n de la plantilla. Un plantel en la que podr\u00eda estar el joven central vasco de Bidasoa, <strong><a href=\"https:\/\/www.instagram.com\/asieriribar23\/?hl=es\">Asier Iribar<\/a><\/strong>, como ya adelant\u00f3 esta semana DUERO Deporte tras las conversaciones que han existido entre ambos clubes.<\/p>\n\n\n\n<figure class=\"wp-block-embed is-type-rich is-provider-twitter wp-block-embed-twitter\"><div class=\"wp-block-embed__wrapper\">\n<blockquote class=\"twitter-tweet\" data-width=\"550\" data-dnt=\"true\"><p lang=\"es\" dir=\"ltr\">\ud83d\udfe0 BALONMANO<br><br>\ud83e\udd3e\ud83c\udffb\u200d\u2642\ufe0f <a href=\"https:\/\/twitter.com\/IribarAsier?ref_src=twsrc%5Etfw\">@IribarAsier<\/a> interesa al proyecto de <a href=\"https:\/\/twitter.com\/hashtag\/TubosAranda?src=hash&amp;ref_src=twsrc%5Etfw\">#TubosAranda<\/a> <a href=\"https:\/\/twitter.com\/bmvillaaranda?ref_src=twsrc%5Etfw\">@bmvillaaranda<\/a> para la temporada 2\ufe0f\u20e35\ufe0f\u20e3-2\ufe0f\u20e36\ufe0f\u20e3<br><br>\u27a1\ufe0f A sus 22 a\u00f1os, el central zumaiarra ha militado las 4\ufe0f\u20e3 \u00faltimas temporadas en <a href=\"https:\/\/twitter.com\/hashtag\/LigaPlenitude?src=hash&amp;ref_src=twsrc%5Etfw\">#LigaPlenitude<\/a> <a href=\"https:\/\/twitter.com\/ASOBAL?ref_src=twsrc%5Etfw\">@asobal<\/a><br><br>\u27a1\ufe0f Debut\u00f3 en <a href=\"https:\/\/twitter.com\/CDBidasoaIrun?ref_src=twsrc%5Etfw\">@CDBidasoaIrun<\/a> antes de pasar por <a href=\"https:\/\/twitter.com\/balonmancangas?ref_src=twsrc%5Etfw\">@balonmancangas<\/a> y\u2026 <a href=\"https:\/\/t.co\/gVG6ClGqb6\">pic.twitter.com\/gVG6ClGqb6<\/a><\/p>&mdash; Diego A. Mart\u00edn (duerodeporte.com) (@Diegoamartin13) <a href=\"https:\/\/twitter.com\/Diegoamartin13\/status\/1919712039859032337?ref_src=twsrc%5Etfw\">May 6, 2025<\/a><\/blockquote><script async src=\"https:\/\/platform.twitter.com\/widgets.js\" charset=\"utf-8\"><\/script>\n<\/div><\/figure>\n","protected":false},"excerpt":{"rendered":"<p>El pivote de Tubos Aranda Villa de Aranda se enfrentar\u00e1 a la selecci\u00f3n espa\u00f1ola el pr\u00f3ximo domingo (18:00 h) en Huesca. Este jueves la escuadra b\u00e1ltica juega ante Serbia en [&hellip;]<\/p>\n","protected":false},"author":3,"featured_media":11456,"comment_status":"open","ping_status":"open","sticky":false,"template":"","format":"standard","meta":{"footnotes":""},"categories":[18,15],"tags":[43,177,27,172,527,859,673,40,28],"class_list":["post-11455","post","type-post","status-publish","format-standard","has-post-thumbnail","category-balonmano","category-portada","tag-aranda-de-duero","tag-asobal","tag-balonmano","tag-espana","tag-euro-2026","tag-letonia","tag-rfebm","tag-villa-de-aranda"],"yoast_head":"<!-- This site is optimized with the Yoast SEO plugin v27.5 - https:\/\/yoast.com\/product\/yoast-seo-wordpress\/ -->\r\n<title>Rogonovs se medir\u00e1 a Los Hispanos en la clasificaci\u00f3n del Europeo 2026<\/title>\r\n<meta name=\"description\" content=\"El Deporte de Aranda y las tierras del Duero\" \/>\r\n<meta name=\"robots\" content=\"index, follow, max-snippet:-1, max-image-preview:large, max-video-preview:-1\" \/>\r\n<link rel=\"canonical\" href=\"https:\/\/www.duerodeporte.com\/index.php\/archivos\/11455\" \/>\r\n<meta property=\"og:locale\" content=\"es_ES\" \/>\r\n<meta property=\"og:type\" content=\"article\" \/>\r\n<meta property=\"og:title\" content=\"Rogonovs se medir\u00e1 a Los Hispanos en la clasificaci\u00f3n del Europeo 2026\" \/>\r\n<meta property=\"og:description\" content=\"El Deporte de Aranda y las tierras del Duero\" \/>\r\n<meta property=\"og:url\" content=\"https:\/\/www.duerodeporte.com\/index.php\/archivos\/11455\" \/>\r\n<meta property=\"og:site_name\" content=\"Duero Deporte\" \/>\r\n<meta property=\"article:publisher\" content=\"https:\/\/www.facebook.com\/61555928375028\" \/>\r\n<meta property=\"article:published_time\" content=\"2025-05-08T09:43:49+00:00\" \/>\r\n<meta property=\"article:modified_time\" content=\"2025-05-08T23:10:56+00:00\" \/>\r\n<meta property=\"og:image\" content=\"https:\/\/www.duerodeporte.com\/wp-content\/uploads\/2025\/05\/Photo-82-1200x630@LatvijasHandbolaFederacijatvija.jpg\" \/>\r\n\t<meta property=\"og:image:width\" content=\"802\" \/>\r\n\t<meta property=\"og:image:height\" content=\"450\" \/>\r\n\t<meta property=\"og:image:type\" content=\"image\/jpeg\" \/>\r\n<meta name=\"author\" content=\"Diego A. Mart\u00edn\" \/>\r\n<meta name=\"twitter:card\" content=\"summary_large_image\" \/>\r\n<meta name=\"twitter:creator\" content=\"@Diegoamartin13\" \/>\r\n<meta name=\"twitter:site\" content=\"@Diegoamartin13\" \/>\r\n<meta name=\"twitter:label1\" content=\"Escrito por\" \/>\n\t<meta name=\"twitter:data1\" content=\"Diego A. Mart\u00edn\" \/>\n\t<meta name=\"twitter:label2\" content=\"Tiempo de lectura\" \/>\n\t<meta name=\"twitter:data2\" content=\"3 minutos\" \/>\r\n<script type=\"application\/ld+json\" class=\"yoast-schema-graph\">{\"@context\":\"https:\\\/\\\/schema.org\",\"@graph\":[{\"@type\":[\"Article\",\"SocialMediaPosting\"],\"@id\":\"https:\\\/\\\/www.duerodeporte.com\\\/index.php\\\/archivos\\\/11455#article\",\"isPartOf\":{\"@id\":\"https:\\\/\\\/www.duerodeporte.com\\\/index.php\\\/archivos\\\/11455\"},\"author\":{\"name\":\"Diego A. Mart\u00edn\",\"@id\":\"https:\\\/\\\/www.duerodeporte.com\\\/#\\\/schema\\\/person\\\/5f3368966f635b5ae0d23ffaf7a7f894\"},\"headline\":\"Rogonovs se medir\u00e1 a Los Hispanos en la clasificaci\u00f3n del Europeo 2026\",\"datePublished\":\"2025-05-08T09:43:49+00:00\",\"dateModified\":\"2025-05-08T23:10:56+00:00\",\"mainEntityOfPage\":{\"@id\":\"https:\\\/\\\/www.duerodeporte.com\\\/index.php\\\/archivos\\\/11455\"},\"wordCount\":448,\"commentCount\":0,\"publisher\":{\"@id\":\"https:\\\/\\\/www.duerodeporte.com\\\/#organization\"},\"image\":{\"@id\":\"https:\\\/\\\/www.duerodeporte.com\\\/index.php\\\/archivos\\\/11455#primaryimage\"},\"thumbnailUrl\":\"https:\\\/\\\/www.duerodeporte.com\\\/wp-content\\\/uploads\\\/2025\\\/05\\\/Photo-82-1200x630@LatvijasHandbolaFederacijatvija.jpg\",\"keywords\":[\"aranda de duero\",\"Asobal\",\"balonmano\",\"EHF\",\"Espa\u00f1a\",\"Euro 2026\",\"Letonia\",\"Rfebm\",\"Villa de Aranda\"],\"articleSection\":[\"BALONMANO\",\"z_PORTADA\"],\"inLanguage\":\"es\",\"potentialAction\":[{\"@type\":\"CommentAction\",\"name\":\"Comment\",\"target\":[\"https:\\\/\\\/www.duerodeporte.com\\\/index.php\\\/archivos\\\/11455#respond\"]}]},{\"@type\":[\"WebPage\",\"ItemPage\"],\"@id\":\"https:\\\/\\\/www.duerodeporte.com\\\/index.php\\\/archivos\\\/11455\",\"url\":\"https:\\\/\\\/www.duerodeporte.com\\\/index.php\\\/archivos\\\/11455\",\"name\":\"Rogonovs se medir\u00e1 a Los Hispanos en la clasificaci\u00f3n del Europeo 2026\",\"isPartOf\":{\"@id\":\"https:\\\/\\\/www.duerodeporte.com\\\/#website\"},\"primaryImageOfPage\":{\"@id\":\"https:\\\/\\\/www.duerodeporte.com\\\/index.php\\\/archivos\\\/11455#primaryimage\"},\"image\":{\"@id\":\"https:\\\/\\\/www.duerodeporte.com\\\/index.php\\\/archivos\\\/11455#primaryimage\"},\"thumbnailUrl\":\"https:\\\/\\\/www.duerodeporte.com\\\/wp-content\\\/uploads\\\/2025\\\/05\\\/Photo-82-1200x630@LatvijasHandbolaFederacijatvija.jpg\",\"datePublished\":\"2025-05-08T09:43:49+00:00\",\"dateModified\":\"2025-05-08T23:10:56+00:00\",\"description\":\"El Deporte de Aranda y las tierras del Duero\",\"breadcrumb\":{\"@id\":\"https:\\\/\\\/www.duerodeporte.com\\\/index.php\\\/archivos\\\/11455#breadcrumb\"},\"inLanguage\":\"es\",\"potentialAction\":[{\"@type\":\"ReadAction\",\"target\":[\"https:\\\/\\\/www.duerodeporte.com\\\/index.php\\\/archivos\\\/11455\"]}]},{\"@type\":\"ImageObject\",\"inLanguage\":\"es\",\"@id\":\"https:\\\/\\\/www.duerodeporte.com\\\/index.php\\\/archivos\\\/11455#primaryimage\",\"url\":\"https:\\\/\\\/www.duerodeporte.com\\\/wp-content\\\/uploads\\\/2025\\\/05\\\/Photo-82-1200x630@LatvijasHandbolaFederacijatvija.jpg\",\"contentUrl\":\"https:\\\/\\\/www.duerodeporte.com\\\/wp-content\\\/uploads\\\/2025\\\/05\\\/Photo-82-1200x630@LatvijasHandbolaFederacijatvija.jpg\",\"width\":802,\"height\":450,\"caption\":\"La selecci\u00f3n de Letonia con Rogonovs en el centro junto al portero let\u00f3n -de verde-. \\\/ Latvijas Handbola feder\u0101cija\"},{\"@type\":\"BreadcrumbList\",\"@id\":\"https:\\\/\\\/www.duerodeporte.com\\\/index.php\\\/archivos\\\/11455#breadcrumb\",\"itemListElement\":[{\"@type\":\"ListItem\",\"position\":1,\"name\":\"Portada\",\"item\":\"https:\\\/\\\/www.duerodeporte.com\\\/\"},{\"@type\":\"ListItem\",\"position\":2,\"name\":\"Rogonovs se medir\u00e1 a Los Hispanos en la clasificaci\u00f3n del Europeo 2026\"}]},{\"@type\":\"WebSite\",\"@id\":\"https:\\\/\\\/www.duerodeporte.com\\\/#website\",\"url\":\"https:\\\/\\\/www.duerodeporte.com\\\/\",\"name\":\"Duero Deporte\",\"description\":\"El Deporte de Aranda y las tierras del Duero\",\"publisher\":{\"@id\":\"https:\\\/\\\/www.duerodeporte.com\\\/#organization\"},\"alternateName\":\"El Deporte de Aranda y las tierras del Duero\",\"potentialAction\":[{\"@type\":\"SearchAction\",\"target\":{\"@type\":\"EntryPoint\",\"urlTemplate\":\"https:\\\/\\\/www.duerodeporte.com\\\/?s={search_term_string}\"},\"query-input\":{\"@type\":\"PropertyValueSpecification\",\"valueRequired\":true,\"valueName\":\"search_term_string\"}}],\"inLanguage\":\"es\"},{\"@type\":\"Organization\",\"@id\":\"https:\\\/\\\/www.duerodeporte.com\\\/#organization\",\"name\":\"Duero Deporte\",\"alternateName\":\"El Deporte de Aranda y las tierras del Duero\",\"url\":\"https:\\\/\\\/www.duerodeporte.com\\\/\",\"logo\":{\"@type\":\"ImageObject\",\"inLanguage\":\"es\",\"@id\":\"https:\\\/\\\/www.duerodeporte.com\\\/#\\\/schema\\\/logo\\\/image\\\/\",\"url\":\"https:\\\/\\\/www.duerodeporte.com\\\/wp-content\\\/uploads\\\/2023\\\/11\\\/A.ColorSinFondo-e1708011627555.png\",\"contentUrl\":\"https:\\\/\\\/www.duerodeporte.com\\\/wp-content\\\/uploads\\\/2023\\\/11\\\/A.ColorSinFondo-e1708011627555.png\",\"width\":750,\"height\":132,\"caption\":\"Duero Deporte\"},\"image\":{\"@id\":\"https:\\\/\\\/www.duerodeporte.com\\\/#\\\/schema\\\/logo\\\/image\\\/\"},\"sameAs\":[\"https:\\\/\\\/www.facebook.com\\\/61555928375028\",\"https:\\\/\\\/x.com\\\/Diegoamartin13\",\"https:\\\/\\\/www.youtube.com\\\/channel\\\/UCxIGQL8b9gmW-NjaChabCdA\"]},{\"@type\":\"Person\",\"@id\":\"https:\\\/\\\/www.duerodeporte.com\\\/#\\\/schema\\\/person\\\/5f3368966f635b5ae0d23ffaf7a7f894\",\"name\":\"Diego A. Mart\u00edn\",\"image\":{\"@type\":\"ImageObject\",\"inLanguage\":\"es\",\"@id\":\"https:\\\/\\\/www.duerodeporte.com\\\/wp-content\\\/uploads\\\/2024\\\/01\\\/Diego2-e1706522808572-150x150.jpeg\",\"url\":\"https:\\\/\\\/www.duerodeporte.com\\\/wp-content\\\/uploads\\\/2024\\\/01\\\/Diego2-e1706522808572-150x150.jpeg\",\"contentUrl\":\"https:\\\/\\\/www.duerodeporte.com\\\/wp-content\\\/uploads\\\/2024\\\/01\\\/Diego2-e1706522808572-150x150.jpeg\",\"caption\":\"Diego A. Mart\u00edn\"},\"url\":\"https:\\\/\\\/www.duerodeporte.com\\\/index.php\\\/archivos\\\/author\\\/diego\"}]}<\/script>\r\n<!-- \/ Yoast SEO plugin. -->","yoast_head_json":{"title":"Rogonovs se medir\u00e1 a Los Hispanos en la clasificaci\u00f3n del Europeo 2026","description":"El Deporte de Aranda y las tierras del Duero","robots":{"index":"index","follow":"follow","max-snippet":"max-snippet:-1","max-image-preview":"max-image-preview:large","max-video-preview":"max-video-preview:-1"},"canonical":"https:\/\/www.duerodeporte.com\/index.php\/archivos\/11455","og_locale":"es_ES","og_type":"article","og_title":"Rogonovs se medir\u00e1 a Los Hispanos en la clasificaci\u00f3n del Europeo 2026","og_description":"El Deporte de Aranda y las tierras del Duero","og_url":"https:\/\/www.duerodeporte.com\/index.php\/archivos\/11455","og_site_name":"Duero Deporte","article_publisher":"https:\/\/www.facebook.com\/61555928375028","article_published_time":"2025-05-08T09:43:49+00:00","article_modified_time":"2025-05-08T23:10:56+00:00","og_image":[{"width":802,"height":450,"url":"https:\/\/www.duerodeporte.com\/wp-content\/uploads\/2025\/05\/Photo-82-1200x630@LatvijasHandbolaFederacijatvija.jpg","type":"image\/jpeg"}],"author":"Diego A. Mart\u00edn","twitter_card":"summary_large_image","twitter_creator":"@Diegoamartin13","twitter_site":"@Diegoamartin13","twitter_misc":{"Escrito por":"Diego A. Mart\u00edn","Tiempo de lectura":"3 minutos"},"schema":{"@context":"https:\/\/schema.org","@graph":[{"@type":["Article","SocialMediaPosting"],"@id":"https:\/\/www.duerodeporte.com\/index.php\/archivos\/11455#article","isPartOf":{"@id":"https:\/\/www.duerodeporte.com\/index.php\/archivos\/11455"},"author":{"name":"Diego A. Mart\u00edn","@id":"https:\/\/www.duerodeporte.com\/#\/schema\/person\/5f3368966f635b5ae0d23ffaf7a7f894"},"headline":"Rogonovs se medir\u00e1 a Los Hispanos en la clasificaci\u00f3n del Europeo 2026","datePublished":"2025-05-08T09:43:49+00:00","dateModified":"2025-05-08T23:10:56+00:00","mainEntityOfPage":{"@id":"https:\/\/www.duerodeporte.com\/index.php\/archivos\/11455"},"wordCount":448,"commentCount":0,"publisher":{"@id":"https:\/\/www.duerodeporte.com\/#organization"},"image":{"@id":"https:\/\/www.duerodeporte.com\/index.php\/archivos\/11455#primaryimage"},"thumbnailUrl":"https:\/\/www.duerodeporte.com\/wp-content\/uploads\/2025\/05\/Photo-82-1200x630@LatvijasHandbolaFederacijatvija.jpg","keywords":["aranda de duero","Asobal","balonmano","EHF","Espa\u00f1a","Euro 2026","Letonia","Rfebm","Villa de Aranda"],"articleSection":["BALONMANO","z_PORTADA"],"inLanguage":"es","potentialAction":[{"@type":"CommentAction","name":"Comment","target":["https:\/\/www.duerodeporte.com\/index.php\/archivos\/11455#respond"]}]},{"@type":["WebPage","ItemPage"],"@id":"https:\/\/www.duerodeporte.com\/index.php\/archivos\/11455","url":"https:\/\/www.duerodeporte.com\/index.php\/archivos\/11455","name":"Rogonovs se medir\u00e1 a Los Hispanos en la clasificaci\u00f3n del Europeo 2026","isPartOf":{"@id":"https:\/\/www.duerodeporte.com\/#website"},"primaryImageOfPage":{"@id":"https:\/\/www.duerodeporte.com\/index.php\/archivos\/11455#primaryimage"},"image":{"@id":"https:\/\/www.duerodeporte.com\/index.php\/archivos\/11455#primaryimage"},"thumbnailUrl":"https:\/\/www.duerodeporte.com\/wp-content\/uploads\/2025\/05\/Photo-82-1200x630@LatvijasHandbolaFederacijatvija.jpg","datePublished":"2025-05-08T09:43:49+00:00","dateModified":"2025-05-08T23:10:56+00:00","description":"El Deporte de Aranda y las tierras del Duero","breadcrumb":{"@id":"https:\/\/www.duerodeporte.com\/index.php\/archivos\/11455#breadcrumb"},"inLanguage":"es","potentialAction":[{"@type":"ReadAction","target":["https:\/\/www.duerodeporte.com\/index.php\/archivos\/11455"]}]},{"@type":"ImageObject","inLanguage":"es","@id":"https:\/\/www.duerodeporte.com\/index.php\/archivos\/11455#primaryimage","url":"https:\/\/www.duerodeporte.com\/wp-content\/uploads\/2025\/05\/Photo-82-1200x630@LatvijasHandbolaFederacijatvija.jpg","contentUrl":"https:\/\/www.duerodeporte.com\/wp-content\/uploads\/2025\/05\/Photo-82-1200x630@LatvijasHandbolaFederacijatvija.jpg","width":802,"height":450,"caption":"La selecci\u00f3n de Letonia con Rogonovs en el centro junto al portero let\u00f3n -de verde-. \/ Latvijas Handbola feder\u0101cija"},{"@type":"BreadcrumbList","@id":"https:\/\/www.duerodeporte.com\/index.php\/archivos\/11455#breadcrumb","itemListElement":[{"@type":"ListItem","position":1,"name":"Portada","item":"https:\/\/www.duerodeporte.com\/"},{"@type":"ListItem","position":2,"name":"Rogonovs se medir\u00e1 a Los Hispanos en la clasificaci\u00f3n del Europeo 2026"}]},{"@type":"WebSite","@id":"https:\/\/www.duerodeporte.com\/#website","url":"https:\/\/www.duerodeporte.com\/","name":"Duero Deporte","description":"El Deporte de Aranda y las tierras del Duero","publisher":{"@id":"https:\/\/www.duerodeporte.com\/#organization"},"alternateName":"El Deporte de Aranda y las tierras del Duero","potentialAction":[{"@type":"SearchAction","target":{"@type":"EntryPoint","urlTemplate":"https:\/\/www.duerodeporte.com\/?s={search_term_string}"},"query-input":{"@type":"PropertyValueSpecification","valueRequired":true,"valueName":"search_term_string"}}],"inLanguage":"es"},{"@type":"Organization","@id":"https:\/\/www.duerodeporte.com\/#organization","name":"Duero Deporte","alternateName":"El Deporte de Aranda y las tierras del Duero","url":"https:\/\/www.duerodeporte.com\/","logo":{"@type":"ImageObject","inLanguage":"es","@id":"https:\/\/www.duerodeporte.com\/#\/schema\/logo\/image\/","url":"https:\/\/www.duerodeporte.com\/wp-content\/uploads\/2023\/11\/A.ColorSinFondo-e1708011627555.png","contentUrl":"https:\/\/www.duerodeporte.com\/wp-content\/uploads\/2023\/11\/A.ColorSinFondo-e1708011627555.png","width":750,"height":132,"caption":"Duero Deporte"},"image":{"@id":"https:\/\/www.duerodeporte.com\/#\/schema\/logo\/image\/"},"sameAs":["https:\/\/www.facebook.com\/61555928375028","https:\/\/x.com\/Diegoamartin13","https:\/\/www.youtube.com\/channel\/UCxIGQL8b9gmW-NjaChabCdA"]},{"@type":"Person","@id":"https:\/\/www.duerodeporte.com\/#\/schema\/person\/5f3368966f635b5ae0d23ffaf7a7f894","name":"Diego A. Mart\u00edn","image":{"@type":"ImageObject","inLanguage":"es","@id":"https:\/\/www.duerodeporte.com\/wp-content\/uploads\/2024\/01\/Diego2-e1706522808572-150x150.jpeg","url":"https:\/\/www.duerodeporte.com\/wp-content\/uploads\/2024\/01\/Diego2-e1706522808572-150x150.jpeg","contentUrl":"https:\/\/www.duerodeporte.com\/wp-content\/uploads\/2024\/01\/Diego2-e1706522808572-150x150.jpeg","caption":"Diego A. Mart\u00edn"},"url":"https:\/\/www.duerodeporte.com\/index.php\/archivos\/author\/diego"}]}},"views":392,"_links":{"self":[{"href":"https:\/\/www.duerodeporte.com\/index.php\/wp-json\/wp\/v2\/posts\/11455","targetHints":{"allow":["GET"]}}],"collection":[{"href":"https:\/\/www.duerodeporte.com\/index.php\/wp-json\/wp\/v2\/posts"}],"about":[{"href":"https:\/\/www.duerodeporte.com\/index.php\/wp-json\/wp\/v2\/types\/post"}],"author":[{"embeddable":true,"href":"https:\/\/www.duerodeporte.com\/index.php\/wp-json\/wp\/v2\/users\/3"}],"replies":[{"embeddable":true,"href":"https:\/\/www.duerodeporte.com\/index.php\/wp-json\/wp\/v2\/comments?post=11455"}],"version-history":[{"count":10,"href":"https:\/\/www.duerodeporte.com\/index.php\/wp-json\/wp\/v2\/posts\/11455\/revisions"}],"predecessor-version":[{"id":11487,"href":"https:\/\/www.duerodeporte.com\/index.php\/wp-json\/wp\/v2\/posts\/11455\/revisions\/11487"}],"wp:featuredmedia":[{"embeddable":true,"href":"https:\/\/www.duerodeporte.com\/index.php\/wp-json\/wp\/v2\/media\/11456"}],"wp:attachment":[{"href":"https:\/\/www.duerodeporte.com\/index.php\/wp-json\/wp\/v2\/media?parent=11455"}],"wp:term":[{"taxonomy":"category","embeddable":true,"href":"https:\/\/www.duerodeporte.com\/index.php\/wp-json\/wp\/v2\/categories?post=11455"},{"taxonomy":"post_tag","embeddable":true,"href":"https:\/\/www.duerodeporte.com\/index.php\/wp-json\/wp\/v2\/tags?post=11455"}],"curies":[{"name":"wp","href":"https:\/\/api.w.org\/{rel}","templated":true}]}}