{"id":11554,"date":"2025-05-14T13:00:44","date_gmt":"2025-05-14T12:00:44","guid":{"rendered":"https:\/\/www.duerodeporte.com\/?p=11554"},"modified":"2025-05-14T13:04:04","modified_gmt":"2025-05-14T12:04:04","slug":"un-cuenca-en-horas-bajas-pero-siempre-amenazante","status":"publish","type":"post","link":"https:\/\/www.duerodeporte.com\/index.php\/archivos\/11554","title":{"rendered":"Un Cuenca en horas bajas, pero siempre amenazante"},"content":{"rendered":"\n<h2 class=\"wp-block-heading\">A pesar del baj\u00f3n de los Lidio Jim\u00e9nez en la segunda vuelta, la escuadra conquense apura la competici\u00f3n para cerrar el curso lo m\u00e1s arriba posible. Jugadores como Hackbarth, Tchitombi, Perbelini, destacan en una plantilla que suma tres derrotas en los \u00faltimos cuatro partidos de liga<\/h2>\n\n\n\n<p>La pen\u00faltima jornada como local para el Tubos Aranda Villa de Aranda contar\u00e1 con la visita de un <strong><a href=\"https:\/\/www.bmciudadencantada.es\/\">Balonmano Cuenca<\/a><\/strong> (<strong>10\u00ba<\/strong>,<strong> 23 puntos<\/strong>) que no atraviesa por el mejor momento de la temporada. Los de Lidio Jim\u00e9nez se han visto superados por la escuadra amarilla tras la \u00faltima jornada y se presentan como un rival directo por alcanzar la 8\u00aa plaza de Liga Plenitude ASOBAL.<\/p>\n\n\n<div class=\"wp-block-image\">\n<figure class=\"aligncenter size-large\"><a href=\"https:\/\/multiriber.com\/\"><img loading=\"lazy\" decoding=\"async\" width=\"1024\" height=\"234\" src=\"https:\/\/www.duerodeporte.com\/wp-content\/uploads\/2024\/07\/multiriber.fw_-1024x234.png\" alt=\"\" class=\"wp-image-4730\" srcset=\"https:\/\/www.duerodeporte.com\/wp-content\/uploads\/2024\/07\/multiriber.fw_-1024x234.png 1024w, https:\/\/www.duerodeporte.com\/wp-content\/uploads\/2024\/07\/multiriber.fw_-300x69.png 300w, https:\/\/www.duerodeporte.com\/wp-content\/uploads\/2024\/07\/multiriber.fw_-768x176.png 768w, https:\/\/www.duerodeporte.com\/wp-content\/uploads\/2024\/07\/multiriber.fw_-1536x351.png 1536w, https:\/\/www.duerodeporte.com\/wp-content\/uploads\/2024\/07\/multiriber.fw_-696x159.png 696w, https:\/\/www.duerodeporte.com\/wp-content\/uploads\/2024\/07\/multiriber.fw_-1068x244.png 1068w, https:\/\/www.duerodeporte.com\/wp-content\/uploads\/2024\/07\/multiriber.fw_.png 1845w\" sizes=\"auto, (max-width: 1024px) 100vw, 1024px\" \/><\/a><\/figure>\n<\/div>\n\n\n<p>Una semana m\u00e1s DUERO Deporte repasa y analiza al rival amarillo de la mano del especialista<strong><a href=\"https:\/\/x.com\/MagdalenoSolla\"> \u00c1ngel Magdaleno<\/a><\/strong>. <strong>\u00abTras una gran primera vuelta, los de Lidio Jim\u00e9nez est\u00e1n firmando una segunda muy mala. Aunque son capaces de lo mejor y lo peor\u00bb<\/strong>, apunta el periodista gallego.<\/p>\n\n\n\n<p>La escuadra conquense cuenta en sus filas con uno de los m\u00e1ximos artilleros de la competici\u00f3n. <strong>Rudolph\u00a0Hackbarth es el 5\u00ba m\u00e1ximo goleador con 147 goles en los 27 partidos disputados<\/strong>. Junto al extremo derecho brasile\u00f1o destacan otros hombres como el central franc\u00e9s <strong>Aurelien\u00a0Tchitombi<\/strong>, el lateral izquierdo <strong>Joao Guilherme\u00a0Perbelini<\/strong>, <strong>Alex\u00a0Pozzer<\/strong> e incluso <strong>Santi Barcerl\u00f3<\/strong>, el hermano del ex amarillo Joaqu\u00edn Barcel\u00f3.<\/p>\n\n\n\n<p>En cuento a los n\u00fameros de esta temporada, y m\u00e1s all\u00e1 del empate en El Sargal ante el propio Tubos Aranda, <strong>los castellano-manchegos suman m\u00e1s derrotas <\/strong>(<strong>14<\/strong>)<strong> que victorias <\/strong>(<strong>10<\/strong>) <strong>y tres empates<\/strong>. Y en su trayectoria m\u00e1s reciente tan solo han ganado un partido de los \u00faltimos cuatro enfrentamientos, cayendo en los otros tres restantes. Una racha que ha propiciado que los de Lidio Jim\u00e9nez caigan varios puestos en la clasificaci\u00f3n. As\u00ed lo ve \u00c1ngel Magdaleno:<\/p>\n\n\n\n<figure class=\"wp-block-video aligncenter\"><video height=\"1080\" style=\"aspect-ratio: 1080 \/ 1080;\" width=\"1080\" controls src=\"https:\/\/www.duerodeporte.com\/wp-content\/uploads\/2025\/05\/Publicacion-de-Instagram-1080x1080-px-30.mp4\"><\/video><\/figure>\n\n\n\n<p>El an\u00e1lisis de Cuenca por \u00c1ngel Magdaleno. \/ duerodeporte.com<br><br><\/p>\n","protected":false},"excerpt":{"rendered":"<p>A pesar del baj\u00f3n de los Lidio Jim\u00e9nez en la segunda vuelta, la escuadra conquense apura la competici\u00f3n para cerrar el curso lo m\u00e1s arriba posible. Jugadores como Hackbarth, Tchitombi, [&hellip;]<\/p>\n","protected":false},"author":3,"featured_media":11556,"comment_status":"open","ping_status":"open","sticky":false,"template":"","format":"standard","meta":{"footnotes":""},"categories":[18,15],"tags":[43,177,27,726,40,28],"class_list":["post-11554","post","type-post","status-publish","format-standard","has-post-thumbnail","category-balonmano","category-portada","tag-aranda-de-duero","tag-asobal","tag-balonmano","tag-cuenca","tag-rfebm","tag-villa-de-aranda"],"yoast_head":"<!-- This site is optimized with the Yoast SEO plugin v27.5 - https:\/\/yoast.com\/product\/yoast-seo-wordpress\/ -->\r\n<title>Un Cuenca en horas bajas, pero siempre amenazante<\/title>\r\n<meta name=\"description\" content=\"El Deporte de Aranda y las tierras del Duero\" \/>\r\n<meta name=\"robots\" content=\"index, follow, max-snippet:-1, max-image-preview:large, max-video-preview:-1\" \/>\r\n<link rel=\"canonical\" href=\"https:\/\/www.duerodeporte.com\/index.php\/archivos\/11554\" \/>\r\n<meta property=\"og:locale\" content=\"es_ES\" \/>\r\n<meta property=\"og:type\" content=\"article\" \/>\r\n<meta property=\"og:title\" content=\"Un Cuenca en horas bajas, pero siempre amenazante\" \/>\r\n<meta property=\"og:description\" content=\"El Deporte de Aranda y las tierras del Duero\" \/>\r\n<meta property=\"og:url\" content=\"https:\/\/www.duerodeporte.com\/index.php\/archivos\/11554\" \/>\r\n<meta property=\"og:site_name\" content=\"Duero Deporte\" \/>\r\n<meta property=\"article:publisher\" content=\"https:\/\/www.facebook.com\/61555928375028\" \/>\r\n<meta property=\"article:published_time\" content=\"2025-05-14T12:00:44+00:00\" \/>\r\n<meta property=\"article:modified_time\" content=\"2025-05-14T12:04:04+00:00\" \/>\r\n<meta property=\"og:image\" content=\"https:\/\/www.duerodeporte.com\/wp-content\/uploads\/2025\/05\/Rebi-Cuenca-Leon-1-Juan-Alberto-Lillo-scaled-e1747224229627.jpg\" \/>\r\n\t<meta property=\"og:image:width\" content=\"2342\" \/>\r\n\t<meta property=\"og:image:height\" content=\"1395\" \/>\r\n\t<meta property=\"og:image:type\" content=\"image\/jpeg\" \/>\r\n<meta name=\"author\" content=\"Diego A. Mart\u00edn\" \/>\r\n<meta name=\"twitter:card\" content=\"summary_large_image\" \/>\r\n<meta name=\"twitter:creator\" content=\"@Diegoamartin13\" \/>\r\n<meta name=\"twitter:site\" content=\"@Diegoamartin13\" \/>\r\n<meta name=\"twitter:label1\" content=\"Escrito por\" \/>\n\t<meta name=\"twitter:data1\" content=\"Diego A. Mart\u00edn\" \/>\n\t<meta name=\"twitter:label2\" content=\"Tiempo de lectura\" \/>\n\t<meta name=\"twitter:data2\" content=\"2 minutos\" \/>\r\n<script type=\"application\/ld+json\" class=\"yoast-schema-graph\">{\"@context\":\"https:\\\/\\\/schema.org\",\"@graph\":[{\"@type\":[\"Article\",\"SocialMediaPosting\"],\"@id\":\"https:\\\/\\\/www.duerodeporte.com\\\/index.php\\\/archivos\\\/11554#article\",\"isPartOf\":{\"@id\":\"https:\\\/\\\/www.duerodeporte.com\\\/index.php\\\/archivos\\\/11554\"},\"author\":{\"name\":\"Diego A. Mart\u00edn\",\"@id\":\"https:\\\/\\\/www.duerodeporte.com\\\/#\\\/schema\\\/person\\\/5f3368966f635b5ae0d23ffaf7a7f894\"},\"headline\":\"Un Cuenca en horas bajas, pero siempre amenazante\",\"datePublished\":\"2025-05-14T12:00:44+00:00\",\"dateModified\":\"2025-05-14T12:04:04+00:00\",\"mainEntityOfPage\":{\"@id\":\"https:\\\/\\\/www.duerodeporte.com\\\/index.php\\\/archivos\\\/11554\"},\"wordCount\":329,\"commentCount\":0,\"publisher\":{\"@id\":\"https:\\\/\\\/www.duerodeporte.com\\\/#organization\"},\"image\":{\"@id\":\"https:\\\/\\\/www.duerodeporte.com\\\/index.php\\\/archivos\\\/11554#primaryimage\"},\"thumbnailUrl\":\"https:\\\/\\\/www.duerodeporte.com\\\/wp-content\\\/uploads\\\/2025\\\/05\\\/Rebi-Cuenca-Leon-1-Juan-Alberto-Lillo-scaled-e1747224229627.jpg\",\"keywords\":[\"aranda de duero\",\"Asobal\",\"balonmano\",\"Cuenca\",\"Rfebm\",\"Villa de Aranda\"],\"articleSection\":[\"BALONMANO\",\"z_PORTADA\"],\"inLanguage\":\"es\",\"potentialAction\":[{\"@type\":\"CommentAction\",\"name\":\"Comment\",\"target\":[\"https:\\\/\\\/www.duerodeporte.com\\\/index.php\\\/archivos\\\/11554#respond\"]}]},{\"@type\":[\"WebPage\",\"ItemPage\"],\"@id\":\"https:\\\/\\\/www.duerodeporte.com\\\/index.php\\\/archivos\\\/11554\",\"url\":\"https:\\\/\\\/www.duerodeporte.com\\\/index.php\\\/archivos\\\/11554\",\"name\":\"Un Cuenca en horas bajas, pero siempre amenazante\",\"isPartOf\":{\"@id\":\"https:\\\/\\\/www.duerodeporte.com\\\/#website\"},\"primaryImageOfPage\":{\"@id\":\"https:\\\/\\\/www.duerodeporte.com\\\/index.php\\\/archivos\\\/11554#primaryimage\"},\"image\":{\"@id\":\"https:\\\/\\\/www.duerodeporte.com\\\/index.php\\\/archivos\\\/11554#primaryimage\"},\"thumbnailUrl\":\"https:\\\/\\\/www.duerodeporte.com\\\/wp-content\\\/uploads\\\/2025\\\/05\\\/Rebi-Cuenca-Leon-1-Juan-Alberto-Lillo-scaled-e1747224229627.jpg\",\"datePublished\":\"2025-05-14T12:00:44+00:00\",\"dateModified\":\"2025-05-14T12:04:04+00:00\",\"description\":\"El Deporte de Aranda y las tierras del Duero\",\"breadcrumb\":{\"@id\":\"https:\\\/\\\/www.duerodeporte.com\\\/index.php\\\/archivos\\\/11554#breadcrumb\"},\"inLanguage\":\"es\",\"potentialAction\":[{\"@type\":\"ReadAction\",\"target\":[\"https:\\\/\\\/www.duerodeporte.com\\\/index.php\\\/archivos\\\/11554\"]}]},{\"@type\":\"ImageObject\",\"inLanguage\":\"es\",\"@id\":\"https:\\\/\\\/www.duerodeporte.com\\\/index.php\\\/archivos\\\/11554#primaryimage\",\"url\":\"https:\\\/\\\/www.duerodeporte.com\\\/wp-content\\\/uploads\\\/2025\\\/05\\\/Rebi-Cuenca-Leon-1-Juan-Alberto-Lillo-scaled-e1747224229627.jpg\",\"contentUrl\":\"https:\\\/\\\/www.duerodeporte.com\\\/wp-content\\\/uploads\\\/2025\\\/05\\\/Rebi-Cuenca-Leon-1-Juan-Alberto-Lillo-scaled-e1747224229627.jpg\",\"width\":2342,\"height\":1395,\"caption\":\"La plantilla de Rebi Cuenca antes de afrontar un partido en el vestuario de El Sargal. \\\/ Juan Alberto Lillo (ASOBAL)\"},{\"@type\":\"BreadcrumbList\",\"@id\":\"https:\\\/\\\/www.duerodeporte.com\\\/index.php\\\/archivos\\\/11554#breadcrumb\",\"itemListElement\":[{\"@type\":\"ListItem\",\"position\":1,\"name\":\"Portada\",\"item\":\"https:\\\/\\\/www.duerodeporte.com\\\/\"},{\"@type\":\"ListItem\",\"position\":2,\"name\":\"Un Cuenca en horas bajas, pero siempre amenazante\"}]},{\"@type\":\"WebSite\",\"@id\":\"https:\\\/\\\/www.duerodeporte.com\\\/#website\",\"url\":\"https:\\\/\\\/www.duerodeporte.com\\\/\",\"name\":\"Duero Deporte\",\"description\":\"El Deporte de Aranda y las tierras del Duero\",\"publisher\":{\"@id\":\"https:\\\/\\\/www.duerodeporte.com\\\/#organization\"},\"alternateName\":\"El Deporte de Aranda y las tierras del Duero\",\"potentialAction\":[{\"@type\":\"SearchAction\",\"target\":{\"@type\":\"EntryPoint\",\"urlTemplate\":\"https:\\\/\\\/www.duerodeporte.com\\\/?s={search_term_string}\"},\"query-input\":{\"@type\":\"PropertyValueSpecification\",\"valueRequired\":true,\"valueName\":\"search_term_string\"}}],\"inLanguage\":\"es\"},{\"@type\":\"Organization\",\"@id\":\"https:\\\/\\\/www.duerodeporte.com\\\/#organization\",\"name\":\"Duero Deporte\",\"alternateName\":\"El Deporte de Aranda y las tierras del Duero\",\"url\":\"https:\\\/\\\/www.duerodeporte.com\\\/\",\"logo\":{\"@type\":\"ImageObject\",\"inLanguage\":\"es\",\"@id\":\"https:\\\/\\\/www.duerodeporte.com\\\/#\\\/schema\\\/logo\\\/image\\\/\",\"url\":\"https:\\\/\\\/www.duerodeporte.com\\\/wp-content\\\/uploads\\\/2023\\\/11\\\/A.ColorSinFondo-e1708011627555.png\",\"contentUrl\":\"https:\\\/\\\/www.duerodeporte.com\\\/wp-content\\\/uploads\\\/2023\\\/11\\\/A.ColorSinFondo-e1708011627555.png\",\"width\":750,\"height\":132,\"caption\":\"Duero Deporte\"},\"image\":{\"@id\":\"https:\\\/\\\/www.duerodeporte.com\\\/#\\\/schema\\\/logo\\\/image\\\/\"},\"sameAs\":[\"https:\\\/\\\/www.facebook.com\\\/61555928375028\",\"https:\\\/\\\/x.com\\\/Diegoamartin13\",\"https:\\\/\\\/www.youtube.com\\\/channel\\\/UCxIGQL8b9gmW-NjaChabCdA\"]},{\"@type\":\"Person\",\"@id\":\"https:\\\/\\\/www.duerodeporte.com\\\/#\\\/schema\\\/person\\\/5f3368966f635b5ae0d23ffaf7a7f894\",\"name\":\"Diego A. Mart\u00edn\",\"image\":{\"@type\":\"ImageObject\",\"inLanguage\":\"es\",\"@id\":\"https:\\\/\\\/www.duerodeporte.com\\\/wp-content\\\/uploads\\\/2024\\\/01\\\/Diego2-e1706522808572-150x150.jpeg\",\"url\":\"https:\\\/\\\/www.duerodeporte.com\\\/wp-content\\\/uploads\\\/2024\\\/01\\\/Diego2-e1706522808572-150x150.jpeg\",\"contentUrl\":\"https:\\\/\\\/www.duerodeporte.com\\\/wp-content\\\/uploads\\\/2024\\\/01\\\/Diego2-e1706522808572-150x150.jpeg\",\"caption\":\"Diego A. Mart\u00edn\"},\"url\":\"https:\\\/\\\/www.duerodeporte.com\\\/index.php\\\/archivos\\\/author\\\/diego\"}]}<\/script>\r\n<!-- \/ Yoast SEO plugin. -->","yoast_head_json":{"title":"Un Cuenca en horas bajas, pero siempre amenazante","description":"El Deporte de Aranda y las tierras del Duero","robots":{"index":"index","follow":"follow","max-snippet":"max-snippet:-1","max-image-preview":"max-image-preview:large","max-video-preview":"max-video-preview:-1"},"canonical":"https:\/\/www.duerodeporte.com\/index.php\/archivos\/11554","og_locale":"es_ES","og_type":"article","og_title":"Un Cuenca en horas bajas, pero siempre amenazante","og_description":"El Deporte de Aranda y las tierras del Duero","og_url":"https:\/\/www.duerodeporte.com\/index.php\/archivos\/11554","og_site_name":"Duero Deporte","article_publisher":"https:\/\/www.facebook.com\/61555928375028","article_published_time":"2025-05-14T12:00:44+00:00","article_modified_time":"2025-05-14T12:04:04+00:00","og_image":[{"width":2342,"height":1395,"url":"https:\/\/www.duerodeporte.com\/wp-content\/uploads\/2025\/05\/Rebi-Cuenca-Leon-1-Juan-Alberto-Lillo-scaled-e1747224229627.jpg","type":"image\/jpeg"}],"author":"Diego A. Mart\u00edn","twitter_card":"summary_large_image","twitter_creator":"@Diegoamartin13","twitter_site":"@Diegoamartin13","twitter_misc":{"Escrito por":"Diego A. Mart\u00edn","Tiempo de lectura":"2 minutos"},"schema":{"@context":"https:\/\/schema.org","@graph":[{"@type":["Article","SocialMediaPosting"],"@id":"https:\/\/www.duerodeporte.com\/index.php\/archivos\/11554#article","isPartOf":{"@id":"https:\/\/www.duerodeporte.com\/index.php\/archivos\/11554"},"author":{"name":"Diego A. Mart\u00edn","@id":"https:\/\/www.duerodeporte.com\/#\/schema\/person\/5f3368966f635b5ae0d23ffaf7a7f894"},"headline":"Un Cuenca en horas bajas, pero siempre amenazante","datePublished":"2025-05-14T12:00:44+00:00","dateModified":"2025-05-14T12:04:04+00:00","mainEntityOfPage":{"@id":"https:\/\/www.duerodeporte.com\/index.php\/archivos\/11554"},"wordCount":329,"commentCount":0,"publisher":{"@id":"https:\/\/www.duerodeporte.com\/#organization"},"image":{"@id":"https:\/\/www.duerodeporte.com\/index.php\/archivos\/11554#primaryimage"},"thumbnailUrl":"https:\/\/www.duerodeporte.com\/wp-content\/uploads\/2025\/05\/Rebi-Cuenca-Leon-1-Juan-Alberto-Lillo-scaled-e1747224229627.jpg","keywords":["aranda de duero","Asobal","balonmano","Cuenca","Rfebm","Villa de Aranda"],"articleSection":["BALONMANO","z_PORTADA"],"inLanguage":"es","potentialAction":[{"@type":"CommentAction","name":"Comment","target":["https:\/\/www.duerodeporte.com\/index.php\/archivos\/11554#respond"]}]},{"@type":["WebPage","ItemPage"],"@id":"https:\/\/www.duerodeporte.com\/index.php\/archivos\/11554","url":"https:\/\/www.duerodeporte.com\/index.php\/archivos\/11554","name":"Un Cuenca en horas bajas, pero siempre amenazante","isPartOf":{"@id":"https:\/\/www.duerodeporte.com\/#website"},"primaryImageOfPage":{"@id":"https:\/\/www.duerodeporte.com\/index.php\/archivos\/11554#primaryimage"},"image":{"@id":"https:\/\/www.duerodeporte.com\/index.php\/archivos\/11554#primaryimage"},"thumbnailUrl":"https:\/\/www.duerodeporte.com\/wp-content\/uploads\/2025\/05\/Rebi-Cuenca-Leon-1-Juan-Alberto-Lillo-scaled-e1747224229627.jpg","datePublished":"2025-05-14T12:00:44+00:00","dateModified":"2025-05-14T12:04:04+00:00","description":"El Deporte de Aranda y las tierras del Duero","breadcrumb":{"@id":"https:\/\/www.duerodeporte.com\/index.php\/archivos\/11554#breadcrumb"},"inLanguage":"es","potentialAction":[{"@type":"ReadAction","target":["https:\/\/www.duerodeporte.com\/index.php\/archivos\/11554"]}]},{"@type":"ImageObject","inLanguage":"es","@id":"https:\/\/www.duerodeporte.com\/index.php\/archivos\/11554#primaryimage","url":"https:\/\/www.duerodeporte.com\/wp-content\/uploads\/2025\/05\/Rebi-Cuenca-Leon-1-Juan-Alberto-Lillo-scaled-e1747224229627.jpg","contentUrl":"https:\/\/www.duerodeporte.com\/wp-content\/uploads\/2025\/05\/Rebi-Cuenca-Leon-1-Juan-Alberto-Lillo-scaled-e1747224229627.jpg","width":2342,"height":1395,"caption":"La plantilla de Rebi Cuenca antes de afrontar un partido en el vestuario de El Sargal. \/ Juan Alberto Lillo (ASOBAL)"},{"@type":"BreadcrumbList","@id":"https:\/\/www.duerodeporte.com\/index.php\/archivos\/11554#breadcrumb","itemListElement":[{"@type":"ListItem","position":1,"name":"Portada","item":"https:\/\/www.duerodeporte.com\/"},{"@type":"ListItem","position":2,"name":"Un Cuenca en horas bajas, pero siempre amenazante"}]},{"@type":"WebSite","@id":"https:\/\/www.duerodeporte.com\/#website","url":"https:\/\/www.duerodeporte.com\/","name":"Duero Deporte","description":"El Deporte de Aranda y las tierras del Duero","publisher":{"@id":"https:\/\/www.duerodeporte.com\/#organization"},"alternateName":"El Deporte de Aranda y las tierras del Duero","potentialAction":[{"@type":"SearchAction","target":{"@type":"EntryPoint","urlTemplate":"https:\/\/www.duerodeporte.com\/?s={search_term_string}"},"query-input":{"@type":"PropertyValueSpecification","valueRequired":true,"valueName":"search_term_string"}}],"inLanguage":"es"},{"@type":"Organization","@id":"https:\/\/www.duerodeporte.com\/#organization","name":"Duero Deporte","alternateName":"El Deporte de Aranda y las tierras del Duero","url":"https:\/\/www.duerodeporte.com\/","logo":{"@type":"ImageObject","inLanguage":"es","@id":"https:\/\/www.duerodeporte.com\/#\/schema\/logo\/image\/","url":"https:\/\/www.duerodeporte.com\/wp-content\/uploads\/2023\/11\/A.ColorSinFondo-e1708011627555.png","contentUrl":"https:\/\/www.duerodeporte.com\/wp-content\/uploads\/2023\/11\/A.ColorSinFondo-e1708011627555.png","width":750,"height":132,"caption":"Duero Deporte"},"image":{"@id":"https:\/\/www.duerodeporte.com\/#\/schema\/logo\/image\/"},"sameAs":["https:\/\/www.facebook.com\/61555928375028","https:\/\/x.com\/Diegoamartin13","https:\/\/www.youtube.com\/channel\/UCxIGQL8b9gmW-NjaChabCdA"]},{"@type":"Person","@id":"https:\/\/www.duerodeporte.com\/#\/schema\/person\/5f3368966f635b5ae0d23ffaf7a7f894","name":"Diego A. Mart\u00edn","image":{"@type":"ImageObject","inLanguage":"es","@id":"https:\/\/www.duerodeporte.com\/wp-content\/uploads\/2024\/01\/Diego2-e1706522808572-150x150.jpeg","url":"https:\/\/www.duerodeporte.com\/wp-content\/uploads\/2024\/01\/Diego2-e1706522808572-150x150.jpeg","contentUrl":"https:\/\/www.duerodeporte.com\/wp-content\/uploads\/2024\/01\/Diego2-e1706522808572-150x150.jpeg","caption":"Diego A. Mart\u00edn"},"url":"https:\/\/www.duerodeporte.com\/index.php\/archivos\/author\/diego"}]}},"views":337,"_links":{"self":[{"href":"https:\/\/www.duerodeporte.com\/index.php\/wp-json\/wp\/v2\/posts\/11554","targetHints":{"allow":["GET"]}}],"collection":[{"href":"https:\/\/www.duerodeporte.com\/index.php\/wp-json\/wp\/v2\/posts"}],"about":[{"href":"https:\/\/www.duerodeporte.com\/index.php\/wp-json\/wp\/v2\/types\/post"}],"author":[{"embeddable":true,"href":"https:\/\/www.duerodeporte.com\/index.php\/wp-json\/wp\/v2\/users\/3"}],"replies":[{"embeddable":true,"href":"https:\/\/www.duerodeporte.com\/index.php\/wp-json\/wp\/v2\/comments?post=11554"}],"version-history":[{"count":3,"href":"https:\/\/www.duerodeporte.com\/index.php\/wp-json\/wp\/v2\/posts\/11554\/revisions"}],"predecessor-version":[{"id":11559,"href":"https:\/\/www.duerodeporte.com\/index.php\/wp-json\/wp\/v2\/posts\/11554\/revisions\/11559"}],"wp:featuredmedia":[{"embeddable":true,"href":"https:\/\/www.duerodeporte.com\/index.php\/wp-json\/wp\/v2\/media\/11556"}],"wp:attachment":[{"href":"https:\/\/www.duerodeporte.com\/index.php\/wp-json\/wp\/v2\/media?parent=11554"}],"wp:term":[{"taxonomy":"category","embeddable":true,"href":"https:\/\/www.duerodeporte.com\/index.php\/wp-json\/wp\/v2\/categories?post=11554"},{"taxonomy":"post_tag","embeddable":true,"href":"https:\/\/www.duerodeporte.com\/index.php\/wp-json\/wp\/v2\/tags?post=11554"}],"curies":[{"name":"wp","href":"https:\/\/api.w.org\/{rel}","templated":true}]}}