{"id":11560,"date":"2025-05-14T14:08:27","date_gmt":"2025-05-14T13:08:27","guid":{"rendered":"https:\/\/www.duerodeporte.com\/?p=11560"},"modified":"2025-05-14T20:36:20","modified_gmt":"2025-05-14T19:36:20","slug":"andis-bors-reforzara-el-extremo-derecho-amarillo","status":"publish","type":"post","link":"https:\/\/www.duerodeporte.com\/index.php\/archivos\/11560","title":{"rendered":"El joven extremo derecho let\u00f3n Andis Bors jugar\u00e1 en Tubos Aranda"},"content":{"rendered":"\n<h2 class=\"wp-block-heading\">El joven internacional vivir\u00e1 su primera experiencia lejos de Letonia donde hasta ahora ha militado con la Murjanu SG. El pasado fin de semana se midi\u00f3 junto a Rogonovs a Los Hispanos en partido de clasificaci\u00f3n para el Europeo en Huesca<\/h2>\n\n\n\n<p>El mercado no para de ofrecer novedades cuando se est\u00e1 llegando al final de la temporada. La <strong>actualidad <\/strong>del primer equipo de <strong><a href=\"https:\/\/www.bmvilladearanda.com\/\">Villa de Aranda<\/a><\/strong> vive afortunadamente una gran <strong>efervescencia<\/strong>, gracias a tener ya amarrada la permanencia una temporada m\u00e1s en Liga Plenitude ASOBAL. Una competicion que conocer\u00e1 de cerca el pr\u00edximo curso 25-26 el extremo let\u00f3n <strong><a href=\"https:\/\/www.instagram.com\/bors_a9\/?hl=es\">Andis Bors<\/a><\/strong>.<\/p>\n\n\n<div class=\"wp-block-image\">\n<figure class=\"aligncenter size-large\"><a href=\"https:\/\/multiriber.com\/\"><img loading=\"lazy\" decoding=\"async\" width=\"1024\" height=\"234\" src=\"https:\/\/www.duerodeporte.com\/wp-content\/uploads\/2024\/07\/multiriber.fw_-1024x234.png\" alt=\"\" class=\"wp-image-4730\" srcset=\"https:\/\/www.duerodeporte.com\/wp-content\/uploads\/2024\/07\/multiriber.fw_-1024x234.png 1024w, https:\/\/www.duerodeporte.com\/wp-content\/uploads\/2024\/07\/multiriber.fw_-300x69.png 300w, https:\/\/www.duerodeporte.com\/wp-content\/uploads\/2024\/07\/multiriber.fw_-768x176.png 768w, https:\/\/www.duerodeporte.com\/wp-content\/uploads\/2024\/07\/multiriber.fw_-1536x351.png 1536w, https:\/\/www.duerodeporte.com\/wp-content\/uploads\/2024\/07\/multiriber.fw_-696x159.png 696w, https:\/\/www.duerodeporte.com\/wp-content\/uploads\/2024\/07\/multiriber.fw_-1068x244.png 1068w, https:\/\/www.duerodeporte.com\/wp-content\/uploads\/2024\/07\/multiriber.fw_.png 1845w\" sizes=\"auto, (max-width: 1024px) 100vw, 1024px\" \/><\/a><\/figure>\n<\/div>\n\n\n<p>Seg\u00fan ha podido confirmar <strong>DUERO Deporte<\/strong> el joven internacional, compa\u00f1ero de Jevgenijs Rogonovs en la selecci\u00f3n nacional, vestir\u00e1 de amarillo la pr\u00f3xima temporada. A sus <strong>18 a\u00f1os<\/strong>, Bors sigue el camino del pivote amarillo para desarrollar su carrera deportiva. Una<strong> apuesta de futuro con la que la escuadra de Javi M\u00e1rquez<\/strong> apuntala las posiciones m\u00e1s abiertas del juego amarillo. Borns militaba hasta la fecha en las filas del equipo let\u00f3n <strong><a href=\"https:\/\/msg.edu.lv\/par-mums\/vesture\/\">Murjanu SG<\/a><\/strong>, y este pasado fin de semana jug\u00f3, junto a Rogonovs, en Huesca ante Los Hispanos el \u00faltimo partido de clasificaci\u00f3n para el Europeo 2026.<\/p>\n\n\n\n<figure class=\"wp-block-video\"><video height=\"478\" style=\"aspect-ratio: 848 \/ 478;\" width=\"848\" controls src=\"https:\/\/www.duerodeporte.com\/wp-content\/uploads\/2025\/05\/WhatsApp-Video-2025-05-14-at-15.04.35.mp4\"><\/video><figcaption class=\"wp-element-caption\">El extremo let\u00f3n con el n\u00famero 9 ante Los Hispanos. \/ TDP<\/figcaption><\/figure>\n\n\n\n<p>Tras la renovaci\u00f3n de<strong> Juan Tamayo<\/strong>, la continuidad del capit\u00e1n <strong>V\u00edctor Megias<\/strong> y <strong>\u00c1lex Berbel <\/strong>y la incorporaci\u00f3n de <strong>Mateo Arias<\/strong> (Cisne) junto a la llegada de<strong> Andis Bors<\/strong> apuntalan las posiciones de extremos, hasta la fecha.<\/p>\n\n\n\n<h2 class=\"wp-block-heading\">Sit\u00faan a Francisco&nbsp;Pereira en Aranda<\/h2>\n\n\n\n<p>Por otro lado, desde<strong> <\/strong><a href=\"https:\/\/www.mibalonmano.com\/tubos-aranda-villa-de-aranda-fichaje-central-luso-francisco-pereira\">mibalonmano.com<\/a> colocan al <strong>central <\/strong>portugu\u00e9s <strong>Francisco&nbsp;Pereira<\/strong> en el Tubos Aranda Villa de Aranda la pr\u00f3xima temporada. A sus 26 a\u00f1os de edad ha militado las tres \u00faltimas temporadas en el balonmano franc\u00e9s -dos a\u00f1os en Caen- y actualmente en <strong><a href=\"https:\/\/www.jscherbourg.fr\/\">JS Cherbourg Manche<\/a><\/strong>.<\/p>\n\n\n\n<figure class=\"wp-block-video\"><video height=\"720\" style=\"aspect-ratio: 1280 \/ 720;\" width=\"1280\" controls src=\"https:\/\/www.duerodeporte.com\/wp-content\/uploads\/2025\/05\/video5846102294092848485.mp4\"><\/video><figcaption class=\"wp-element-caption\">El central luso con el n\u00famero 50 de JS Cherbourg Manche (Proligue) \/ JS Cherbourg Manche<\/figcaption><\/figure>\n\n\n\n<h2 class=\"wp-block-heading\">Mosquera no seguir\u00e1 de amarillo<\/h2>\n\n\n\n<p>Del mismo modo el propio Tubos Aranda Villa de Aranda ha anunciado este mismo mi\u00e9rcoles el <strong>final de la cesi\u00f3n del colombiano<\/strong> <strong>Santi Mosquera<\/strong> con la entidad amarilla, que regresar\u00e1 a Cuenca, rival que visita este s\u00e1bado (17:30 h) el Santiago Mangu\u00e1n.<\/p>\n\n\n\n<figure class=\"wp-block-embed is-type-rich is-provider-twitter wp-block-embed-twitter\"><div class=\"wp-block-embed__wrapper\">\n<blockquote class=\"twitter-tweet\" data-width=\"550\" data-dnt=\"true\"><p lang=\"es\" dir=\"ltr\">\ud83d\udfe0 BALONMANO<br><br>\ud83e\udd3e\ud83c\udffb\u200d\u2642\ufe0f <a href=\"https:\/\/twitter.com\/hashtag\/TubosAranda?src=hash&amp;ref_src=twsrc%5Etfw\">#TubosAranda<\/a> <a href=\"https:\/\/twitter.com\/bmvillaaranda?ref_src=twsrc%5Etfw\">@bmvillaaranda<\/a> anuncia la marcha de Santi Mosquera al t\u00e9rmino de la presente temporada<br><br>\u27a1\ufe0f El colombiano regresar\u00e1 a <a href=\"https:\/\/twitter.com\/BMCdadEncantada?ref_src=twsrc%5Etfw\">@BMCdadEncantada<\/a> desde donde lleg\u00f3 en calidad de cedido<br><br>\ud83c\udfa6 <a href=\"https:\/\/t.co\/QxLvd9klfJ\">https:\/\/t.co\/QxLvd9klfJ<\/a> <a href=\"https:\/\/t.co\/6YFx8OLhu0\">https:\/\/t.co\/6YFx8OLhu0<\/a> <a href=\"https:\/\/t.co\/EyMTn7diw5\">pic.twitter.com\/EyMTn7diw5<\/a><\/p>&mdash; Diego A. Mart\u00edn (duerodeporte.com) (@Diegoamartin13) <a href=\"https:\/\/twitter.com\/Diegoamartin13\/status\/1922636579073311115?ref_src=twsrc%5Etfw\">May 14, 2025<\/a><\/blockquote><script async src=\"https:\/\/platform.twitter.com\/widgets.js\" charset=\"utf-8\"><\/script>\n<\/div><\/figure>\n","protected":false},"excerpt":{"rendered":"<p>El joven internacional vivir\u00e1 su primera experiencia lejos de Letonia donde hasta ahora ha militado con la Murjanu SG. El pasado fin de semana se midi\u00f3 junto a Rogonovs a [&hellip;]<\/p>\n","protected":false},"author":3,"featured_media":11561,"comment_status":"open","ping_status":"open","sticky":false,"template":"","format":"standard","meta":{"footnotes":""},"categories":[18,15],"tags":[43,177,27,40,83,28],"class_list":["post-11560","post","type-post","status-publish","format-standard","has-post-thumbnail","category-balonmano","category-portada","tag-aranda-de-duero","tag-asobal","tag-balonmano","tag-rfebm","tag-tierras-del-duero","tag-villa-de-aranda"],"yoast_head":"<!-- This site is optimized with the Yoast SEO plugin v27.5 - https:\/\/yoast.com\/product\/yoast-seo-wordpress\/ -->\r\n<title>El joven extremo derecho let\u00f3n Andis Bors jugar\u00e1 en Tubos Aranda<\/title>\r\n<meta name=\"description\" content=\"El Deporte de Aranda y las tierras del Duero\" \/>\r\n<meta name=\"robots\" content=\"index, follow, max-snippet:-1, max-image-preview:large, max-video-preview:-1\" \/>\r\n<link rel=\"canonical\" href=\"https:\/\/www.duerodeporte.com\/index.php\/archivos\/11560\" \/>\r\n<meta property=\"og:locale\" content=\"es_ES\" \/>\r\n<meta property=\"og:type\" content=\"article\" \/>\r\n<meta property=\"og:title\" content=\"El joven extremo derecho let\u00f3n Andis Bors jugar\u00e1 en Tubos Aranda\" \/>\r\n<meta property=\"og:description\" content=\"El Deporte de Aranda y las tierras del Duero\" \/>\r\n<meta property=\"og:url\" content=\"https:\/\/www.duerodeporte.com\/index.php\/archivos\/11560\" \/>\r\n<meta property=\"og:site_name\" content=\"Duero Deporte\" \/>\r\n<meta property=\"article:publisher\" content=\"https:\/\/www.facebook.com\/61555928375028\" \/>\r\n<meta property=\"article:published_time\" content=\"2025-05-14T13:08:27+00:00\" \/>\r\n<meta property=\"article:modified_time\" content=\"2025-05-14T19:36:20+00:00\" \/>\r\n<meta property=\"og:image\" content=\"https:\/\/www.duerodeporte.com\/wp-content\/uploads\/2025\/05\/andis-bors-e1747228224982.jpg\" \/>\r\n\t<meta property=\"og:image:width\" content=\"793\" \/>\r\n\t<meta property=\"og:image:height\" content=\"495\" \/>\r\n\t<meta property=\"og:image:type\" content=\"image\/jpeg\" \/>\r\n<meta name=\"author\" content=\"Diego A. Mart\u00edn\" \/>\r\n<meta name=\"twitter:card\" content=\"summary_large_image\" \/>\r\n<meta name=\"twitter:creator\" content=\"@Diegoamartin13\" \/>\r\n<meta name=\"twitter:site\" content=\"@Diegoamartin13\" \/>\r\n<meta name=\"twitter:label1\" content=\"Escrito por\" \/>\n\t<meta name=\"twitter:data1\" content=\"Diego A. Mart\u00edn\" \/>\n\t<meta name=\"twitter:label2\" content=\"Tiempo de lectura\" \/>\n\t<meta name=\"twitter:data2\" content=\"3 minutos\" \/>\r\n<script type=\"application\/ld+json\" class=\"yoast-schema-graph\">{\"@context\":\"https:\\\/\\\/schema.org\",\"@graph\":[{\"@type\":[\"Article\",\"SocialMediaPosting\"],\"@id\":\"https:\\\/\\\/www.duerodeporte.com\\\/index.php\\\/archivos\\\/11560#article\",\"isPartOf\":{\"@id\":\"https:\\\/\\\/www.duerodeporte.com\\\/index.php\\\/archivos\\\/11560\"},\"author\":{\"name\":\"Diego A. Mart\u00edn\",\"@id\":\"https:\\\/\\\/www.duerodeporte.com\\\/#\\\/schema\\\/person\\\/5f3368966f635b5ae0d23ffaf7a7f894\"},\"headline\":\"El joven extremo derecho let\u00f3n Andis Bors jugar\u00e1 en Tubos Aranda\",\"datePublished\":\"2025-05-14T13:08:27+00:00\",\"dateModified\":\"2025-05-14T19:36:20+00:00\",\"mainEntityOfPage\":{\"@id\":\"https:\\\/\\\/www.duerodeporte.com\\\/index.php\\\/archivos\\\/11560\"},\"wordCount\":403,\"commentCount\":0,\"publisher\":{\"@id\":\"https:\\\/\\\/www.duerodeporte.com\\\/#organization\"},\"image\":{\"@id\":\"https:\\\/\\\/www.duerodeporte.com\\\/index.php\\\/archivos\\\/11560#primaryimage\"},\"thumbnailUrl\":\"https:\\\/\\\/www.duerodeporte.com\\\/wp-content\\\/uploads\\\/2025\\\/05\\\/andis-bors-e1747228224982.jpg\",\"keywords\":[\"aranda de duero\",\"Asobal\",\"balonmano\",\"Rfebm\",\"tierras del duero\",\"Villa de Aranda\"],\"articleSection\":[\"BALONMANO\",\"z_PORTADA\"],\"inLanguage\":\"es\",\"potentialAction\":[{\"@type\":\"CommentAction\",\"name\":\"Comment\",\"target\":[\"https:\\\/\\\/www.duerodeporte.com\\\/index.php\\\/archivos\\\/11560#respond\"]}]},{\"@type\":[\"WebPage\",\"ItemPage\"],\"@id\":\"https:\\\/\\\/www.duerodeporte.com\\\/index.php\\\/archivos\\\/11560\",\"url\":\"https:\\\/\\\/www.duerodeporte.com\\\/index.php\\\/archivos\\\/11560\",\"name\":\"El joven extremo derecho let\u00f3n Andis Bors jugar\u00e1 en Tubos Aranda\",\"isPartOf\":{\"@id\":\"https:\\\/\\\/www.duerodeporte.com\\\/#website\"},\"primaryImageOfPage\":{\"@id\":\"https:\\\/\\\/www.duerodeporte.com\\\/index.php\\\/archivos\\\/11560#primaryimage\"},\"image\":{\"@id\":\"https:\\\/\\\/www.duerodeporte.com\\\/index.php\\\/archivos\\\/11560#primaryimage\"},\"thumbnailUrl\":\"https:\\\/\\\/www.duerodeporte.com\\\/wp-content\\\/uploads\\\/2025\\\/05\\\/andis-bors-e1747228224982.jpg\",\"datePublished\":\"2025-05-14T13:08:27+00:00\",\"dateModified\":\"2025-05-14T19:36:20+00:00\",\"description\":\"El Deporte de Aranda y las tierras del Duero\",\"breadcrumb\":{\"@id\":\"https:\\\/\\\/www.duerodeporte.com\\\/index.php\\\/archivos\\\/11560#breadcrumb\"},\"inLanguage\":\"es\",\"potentialAction\":[{\"@type\":\"ReadAction\",\"target\":[\"https:\\\/\\\/www.duerodeporte.com\\\/index.php\\\/archivos\\\/11560\"]}]},{\"@type\":\"ImageObject\",\"inLanguage\":\"es\",\"@id\":\"https:\\\/\\\/www.duerodeporte.com\\\/index.php\\\/archivos\\\/11560#primaryimage\",\"url\":\"https:\\\/\\\/www.duerodeporte.com\\\/wp-content\\\/uploads\\\/2025\\\/05\\\/andis-bors-e1747228224982.jpg\",\"contentUrl\":\"https:\\\/\\\/www.duerodeporte.com\\\/wp-content\\\/uploads\\\/2025\\\/05\\\/andis-bors-e1747228224982.jpg\",\"width\":793,\"height\":495,\"caption\":\"El joven extremo Andis Bors con la camiseta de Lituania. \\\/ bors_a9 (Instagram)\"},{\"@type\":\"BreadcrumbList\",\"@id\":\"https:\\\/\\\/www.duerodeporte.com\\\/index.php\\\/archivos\\\/11560#breadcrumb\",\"itemListElement\":[{\"@type\":\"ListItem\",\"position\":1,\"name\":\"Portada\",\"item\":\"https:\\\/\\\/www.duerodeporte.com\\\/\"},{\"@type\":\"ListItem\",\"position\":2,\"name\":\"El joven extremo derecho let\u00f3n Andis Bors jugar\u00e1 en Tubos Aranda\"}]},{\"@type\":\"WebSite\",\"@id\":\"https:\\\/\\\/www.duerodeporte.com\\\/#website\",\"url\":\"https:\\\/\\\/www.duerodeporte.com\\\/\",\"name\":\"Duero Deporte\",\"description\":\"El Deporte de Aranda y las tierras del Duero\",\"publisher\":{\"@id\":\"https:\\\/\\\/www.duerodeporte.com\\\/#organization\"},\"alternateName\":\"El Deporte de Aranda y las tierras del Duero\",\"potentialAction\":[{\"@type\":\"SearchAction\",\"target\":{\"@type\":\"EntryPoint\",\"urlTemplate\":\"https:\\\/\\\/www.duerodeporte.com\\\/?s={search_term_string}\"},\"query-input\":{\"@type\":\"PropertyValueSpecification\",\"valueRequired\":true,\"valueName\":\"search_term_string\"}}],\"inLanguage\":\"es\"},{\"@type\":\"Organization\",\"@id\":\"https:\\\/\\\/www.duerodeporte.com\\\/#organization\",\"name\":\"Duero Deporte\",\"alternateName\":\"El Deporte de Aranda y las tierras del Duero\",\"url\":\"https:\\\/\\\/www.duerodeporte.com\\\/\",\"logo\":{\"@type\":\"ImageObject\",\"inLanguage\":\"es\",\"@id\":\"https:\\\/\\\/www.duerodeporte.com\\\/#\\\/schema\\\/logo\\\/image\\\/\",\"url\":\"https:\\\/\\\/www.duerodeporte.com\\\/wp-content\\\/uploads\\\/2023\\\/11\\\/A.ColorSinFondo-e1708011627555.png\",\"contentUrl\":\"https:\\\/\\\/www.duerodeporte.com\\\/wp-content\\\/uploads\\\/2023\\\/11\\\/A.ColorSinFondo-e1708011627555.png\",\"width\":750,\"height\":132,\"caption\":\"Duero Deporte\"},\"image\":{\"@id\":\"https:\\\/\\\/www.duerodeporte.com\\\/#\\\/schema\\\/logo\\\/image\\\/\"},\"sameAs\":[\"https:\\\/\\\/www.facebook.com\\\/61555928375028\",\"https:\\\/\\\/x.com\\\/Diegoamartin13\",\"https:\\\/\\\/www.youtube.com\\\/channel\\\/UCxIGQL8b9gmW-NjaChabCdA\"]},{\"@type\":\"Person\",\"@id\":\"https:\\\/\\\/www.duerodeporte.com\\\/#\\\/schema\\\/person\\\/5f3368966f635b5ae0d23ffaf7a7f894\",\"name\":\"Diego A. Mart\u00edn\",\"image\":{\"@type\":\"ImageObject\",\"inLanguage\":\"es\",\"@id\":\"https:\\\/\\\/www.duerodeporte.com\\\/wp-content\\\/uploads\\\/2024\\\/01\\\/Diego2-e1706522808572-150x150.jpeg\",\"url\":\"https:\\\/\\\/www.duerodeporte.com\\\/wp-content\\\/uploads\\\/2024\\\/01\\\/Diego2-e1706522808572-150x150.jpeg\",\"contentUrl\":\"https:\\\/\\\/www.duerodeporte.com\\\/wp-content\\\/uploads\\\/2024\\\/01\\\/Diego2-e1706522808572-150x150.jpeg\",\"caption\":\"Diego A. Mart\u00edn\"},\"url\":\"https:\\\/\\\/www.duerodeporte.com\\\/index.php\\\/archivos\\\/author\\\/diego\"}]}<\/script>\r\n<!-- \/ Yoast SEO plugin. -->","yoast_head_json":{"title":"El joven extremo derecho let\u00f3n Andis Bors jugar\u00e1 en Tubos Aranda","description":"El Deporte de Aranda y las tierras del Duero","robots":{"index":"index","follow":"follow","max-snippet":"max-snippet:-1","max-image-preview":"max-image-preview:large","max-video-preview":"max-video-preview:-1"},"canonical":"https:\/\/www.duerodeporte.com\/index.php\/archivos\/11560","og_locale":"es_ES","og_type":"article","og_title":"El joven extremo derecho let\u00f3n Andis Bors jugar\u00e1 en Tubos Aranda","og_description":"El Deporte de Aranda y las tierras del Duero","og_url":"https:\/\/www.duerodeporte.com\/index.php\/archivos\/11560","og_site_name":"Duero Deporte","article_publisher":"https:\/\/www.facebook.com\/61555928375028","article_published_time":"2025-05-14T13:08:27+00:00","article_modified_time":"2025-05-14T19:36:20+00:00","og_image":[{"width":793,"height":495,"url":"https:\/\/www.duerodeporte.com\/wp-content\/uploads\/2025\/05\/andis-bors-e1747228224982.jpg","type":"image\/jpeg"}],"author":"Diego A. Mart\u00edn","twitter_card":"summary_large_image","twitter_creator":"@Diegoamartin13","twitter_site":"@Diegoamartin13","twitter_misc":{"Escrito por":"Diego A. Mart\u00edn","Tiempo de lectura":"3 minutos"},"schema":{"@context":"https:\/\/schema.org","@graph":[{"@type":["Article","SocialMediaPosting"],"@id":"https:\/\/www.duerodeporte.com\/index.php\/archivos\/11560#article","isPartOf":{"@id":"https:\/\/www.duerodeporte.com\/index.php\/archivos\/11560"},"author":{"name":"Diego A. Mart\u00edn","@id":"https:\/\/www.duerodeporte.com\/#\/schema\/person\/5f3368966f635b5ae0d23ffaf7a7f894"},"headline":"El joven extremo derecho let\u00f3n Andis Bors jugar\u00e1 en Tubos Aranda","datePublished":"2025-05-14T13:08:27+00:00","dateModified":"2025-05-14T19:36:20+00:00","mainEntityOfPage":{"@id":"https:\/\/www.duerodeporte.com\/index.php\/archivos\/11560"},"wordCount":403,"commentCount":0,"publisher":{"@id":"https:\/\/www.duerodeporte.com\/#organization"},"image":{"@id":"https:\/\/www.duerodeporte.com\/index.php\/archivos\/11560#primaryimage"},"thumbnailUrl":"https:\/\/www.duerodeporte.com\/wp-content\/uploads\/2025\/05\/andis-bors-e1747228224982.jpg","keywords":["aranda de duero","Asobal","balonmano","Rfebm","tierras del duero","Villa de Aranda"],"articleSection":["BALONMANO","z_PORTADA"],"inLanguage":"es","potentialAction":[{"@type":"CommentAction","name":"Comment","target":["https:\/\/www.duerodeporte.com\/index.php\/archivos\/11560#respond"]}]},{"@type":["WebPage","ItemPage"],"@id":"https:\/\/www.duerodeporte.com\/index.php\/archivos\/11560","url":"https:\/\/www.duerodeporte.com\/index.php\/archivos\/11560","name":"El joven extremo derecho let\u00f3n Andis Bors jugar\u00e1 en Tubos Aranda","isPartOf":{"@id":"https:\/\/www.duerodeporte.com\/#website"},"primaryImageOfPage":{"@id":"https:\/\/www.duerodeporte.com\/index.php\/archivos\/11560#primaryimage"},"image":{"@id":"https:\/\/www.duerodeporte.com\/index.php\/archivos\/11560#primaryimage"},"thumbnailUrl":"https:\/\/www.duerodeporte.com\/wp-content\/uploads\/2025\/05\/andis-bors-e1747228224982.jpg","datePublished":"2025-05-14T13:08:27+00:00","dateModified":"2025-05-14T19:36:20+00:00","description":"El Deporte de Aranda y las tierras del Duero","breadcrumb":{"@id":"https:\/\/www.duerodeporte.com\/index.php\/archivos\/11560#breadcrumb"},"inLanguage":"es","potentialAction":[{"@type":"ReadAction","target":["https:\/\/www.duerodeporte.com\/index.php\/archivos\/11560"]}]},{"@type":"ImageObject","inLanguage":"es","@id":"https:\/\/www.duerodeporte.com\/index.php\/archivos\/11560#primaryimage","url":"https:\/\/www.duerodeporte.com\/wp-content\/uploads\/2025\/05\/andis-bors-e1747228224982.jpg","contentUrl":"https:\/\/www.duerodeporte.com\/wp-content\/uploads\/2025\/05\/andis-bors-e1747228224982.jpg","width":793,"height":495,"caption":"El joven extremo Andis Bors con la camiseta de Lituania. \/ bors_a9 (Instagram)"},{"@type":"BreadcrumbList","@id":"https:\/\/www.duerodeporte.com\/index.php\/archivos\/11560#breadcrumb","itemListElement":[{"@type":"ListItem","position":1,"name":"Portada","item":"https:\/\/www.duerodeporte.com\/"},{"@type":"ListItem","position":2,"name":"El joven extremo derecho let\u00f3n Andis Bors jugar\u00e1 en Tubos Aranda"}]},{"@type":"WebSite","@id":"https:\/\/www.duerodeporte.com\/#website","url":"https:\/\/www.duerodeporte.com\/","name":"Duero Deporte","description":"El Deporte de Aranda y las tierras del Duero","publisher":{"@id":"https:\/\/www.duerodeporte.com\/#organization"},"alternateName":"El Deporte de Aranda y las tierras del Duero","potentialAction":[{"@type":"SearchAction","target":{"@type":"EntryPoint","urlTemplate":"https:\/\/www.duerodeporte.com\/?s={search_term_string}"},"query-input":{"@type":"PropertyValueSpecification","valueRequired":true,"valueName":"search_term_string"}}],"inLanguage":"es"},{"@type":"Organization","@id":"https:\/\/www.duerodeporte.com\/#organization","name":"Duero Deporte","alternateName":"El Deporte de Aranda y las tierras del Duero","url":"https:\/\/www.duerodeporte.com\/","logo":{"@type":"ImageObject","inLanguage":"es","@id":"https:\/\/www.duerodeporte.com\/#\/schema\/logo\/image\/","url":"https:\/\/www.duerodeporte.com\/wp-content\/uploads\/2023\/11\/A.ColorSinFondo-e1708011627555.png","contentUrl":"https:\/\/www.duerodeporte.com\/wp-content\/uploads\/2023\/11\/A.ColorSinFondo-e1708011627555.png","width":750,"height":132,"caption":"Duero Deporte"},"image":{"@id":"https:\/\/www.duerodeporte.com\/#\/schema\/logo\/image\/"},"sameAs":["https:\/\/www.facebook.com\/61555928375028","https:\/\/x.com\/Diegoamartin13","https:\/\/www.youtube.com\/channel\/UCxIGQL8b9gmW-NjaChabCdA"]},{"@type":"Person","@id":"https:\/\/www.duerodeporte.com\/#\/schema\/person\/5f3368966f635b5ae0d23ffaf7a7f894","name":"Diego A. Mart\u00edn","image":{"@type":"ImageObject","inLanguage":"es","@id":"https:\/\/www.duerodeporte.com\/wp-content\/uploads\/2024\/01\/Diego2-e1706522808572-150x150.jpeg","url":"https:\/\/www.duerodeporte.com\/wp-content\/uploads\/2024\/01\/Diego2-e1706522808572-150x150.jpeg","contentUrl":"https:\/\/www.duerodeporte.com\/wp-content\/uploads\/2024\/01\/Diego2-e1706522808572-150x150.jpeg","caption":"Diego A. Mart\u00edn"},"url":"https:\/\/www.duerodeporte.com\/index.php\/archivos\/author\/diego"}]}},"views":1089,"_links":{"self":[{"href":"https:\/\/www.duerodeporte.com\/index.php\/wp-json\/wp\/v2\/posts\/11560","targetHints":{"allow":["GET"]}}],"collection":[{"href":"https:\/\/www.duerodeporte.com\/index.php\/wp-json\/wp\/v2\/posts"}],"about":[{"href":"https:\/\/www.duerodeporte.com\/index.php\/wp-json\/wp\/v2\/types\/post"}],"author":[{"embeddable":true,"href":"https:\/\/www.duerodeporte.com\/index.php\/wp-json\/wp\/v2\/users\/3"}],"replies":[{"embeddable":true,"href":"https:\/\/www.duerodeporte.com\/index.php\/wp-json\/wp\/v2\/comments?post=11560"}],"version-history":[{"count":8,"href":"https:\/\/www.duerodeporte.com\/index.php\/wp-json\/wp\/v2\/posts\/11560\/revisions"}],"predecessor-version":[{"id":11576,"href":"https:\/\/www.duerodeporte.com\/index.php\/wp-json\/wp\/v2\/posts\/11560\/revisions\/11576"}],"wp:featuredmedia":[{"embeddable":true,"href":"https:\/\/www.duerodeporte.com\/index.php\/wp-json\/wp\/v2\/media\/11561"}],"wp:attachment":[{"href":"https:\/\/www.duerodeporte.com\/index.php\/wp-json\/wp\/v2\/media?parent=11560"}],"wp:term":[{"taxonomy":"category","embeddable":true,"href":"https:\/\/www.duerodeporte.com\/index.php\/wp-json\/wp\/v2\/categories?post=11560"},{"taxonomy":"post_tag","embeddable":true,"href":"https:\/\/www.duerodeporte.com\/index.php\/wp-json\/wp\/v2\/tags?post=11560"}],"curies":[{"name":"wp","href":"https:\/\/api.w.org\/{rel}","templated":true}]}}