{"id":11626,"date":"2025-05-17T10:23:33","date_gmt":"2025-05-17T09:23:33","guid":{"rendered":"https:\/\/www.duerodeporte.com\/?p=11626"},"modified":"2025-05-17T10:32:24","modified_gmt":"2025-05-17T09:32:24","slug":"tubos-aranda-villa-de-aranda-mide-su-ambicion-ante-cuenca","status":"publish","type":"post","link":"https:\/\/www.duerodeporte.com\/index.php\/archivos\/11626","title":{"rendered":"Tubos Aranda Villa de Aranda mide su ambici\u00f3n ante Cuenca"},"content":{"rendered":"\n<h2 class=\"wp-block-heading\">Los amarillos tiene la posibilidad de seguir escalando puestos en la clasificaci\u00f3n tras lograr la salvaci\u00f3n. Rogonovs ser\u00e1 baja por luxaci\u00f3n en un dedo y Mosquera por motivos contractuales. La calidad que ostenta la plantilla de Lidio Jim\u00e9nez de Cuenca no hace fiarse. Las pe\u00f1as del club celebran su tradicional paellada<\/h2>\n\n\n\n<p>Pen\u00faltimo cap\u00edtulo en casa. <strong><a href=\"https:\/\/www.bmvilladearanda.com\/\">Tubos Aranda Villa de Aranda<\/a><\/strong> recibe este <strong>s\u00e1bado<\/strong> (<strong>17:30 h<\/strong>) a <strong><a href=\"https:\/\/www.bmciudadencantada.es\/\">Cuenca<\/a><\/strong> en la <strong>lucha por el 8&#8242; puesto<\/strong> de Liga Plenitude<strong> ASOBAL<\/strong>. La competici\u00f3n se retoma tras una semana de par\u00f3n de selecciones con fiesta en los proleg\u00f3menos con la <strong>tradicional paellada que organizan las penas del club<\/strong>. Fiesta en el Santiago Mangu\u00e1n.<\/p>\n\n\n\n<figure class=\"wp-block-image size-large\"><a href=\"https:\/\/multiriber.com\/\"><img loading=\"lazy\" decoding=\"async\" width=\"1024\" height=\"234\" src=\"https:\/\/www.duerodeporte.com\/wp-content\/uploads\/2023\/11\/multiriber-1024x234.png\" alt=\"\" class=\"wp-image-7716\" srcset=\"https:\/\/www.duerodeporte.com\/wp-content\/uploads\/2023\/11\/multiriber-1024x234.png 1024w, https:\/\/www.duerodeporte.com\/wp-content\/uploads\/2023\/11\/multiriber-300x69.png 300w, https:\/\/www.duerodeporte.com\/wp-content\/uploads\/2023\/11\/multiriber-768x176.png 768w, https:\/\/www.duerodeporte.com\/wp-content\/uploads\/2023\/11\/multiriber-1536x351.png 1536w, https:\/\/www.duerodeporte.com\/wp-content\/uploads\/2023\/11\/multiriber-696x159.png 696w, https:\/\/www.duerodeporte.com\/wp-content\/uploads\/2023\/11\/multiriber-1068x244.png 1068w, https:\/\/www.duerodeporte.com\/wp-content\/uploads\/2023\/11\/multiriber.png 1845w\" sizes=\"auto, (max-width: 1024px) 100vw, 1024px\" \/><\/a><\/figure>\n\n\n\n<p>El partido de la<a href=\"https:\/\/asobal.es\/\"> <strong>28&#8242; jornada<\/strong><\/a> llega con cambio de posiciones entre amarillos y conquenses. Hasta la pasada jornada, la escuadra de Lidio Jim\u00e9nez siempre estuvieron por delante en la tabla. La <strong>victoria de la salvaci\u00f3n amarilla<\/strong> ante Puente Genial y la reciente <strong>mala racha de Cuenca<\/strong> sit\u00faan a los de M\u00e1rquez en la 9&#8242; plaza (24 puntos) En el duelo de la primera vuelta en El Sargal empate (<strong>24-24<\/strong>)<\/p>\n\n\n\n<p>La plantilla amarilla contar\u00e1 con la baja del pivote let\u00f3n <strong>Rogonovs<\/strong>, que sufri\u00f3 una peque\u00f1a luxaci\u00f3n en el dedo menique de su mano izquierda durante uno de los entrenamientos de la semana. Adem\u00e1s, se suma la ausencia de <strong>Santi Mosquera<\/strong> por motivos contractuales. El colombiano, cedido a Aranda por el propio Cuenca no puede jugar ante su equipo de pertenencia. <\/p>\n\n\n\n<h2 class=\"wp-block-heading\">\u00abHay que hacer que no est\u00e9n c\u00f3modos\u00bb<\/h2>\n\n\n\n<p>Mientras el entrenador manchego de Tubos Aranda, Javi M\u00e1rquez, apunta a la victoria, pero para ellos su equipo deber\u00e1 <strong>\u00abhacer que ellos no se sientan c\u00f3modos\u00bb<\/strong>. Al mismo tiempo que es consciente que ser\u00e1 un partido <strong>\u00abduro, disputado y muy igualado\u00bb<\/strong>.<\/p>\n\n\n\n<figure class=\"wp-block-embed is-type-rich is-provider-twitter wp-block-embed-twitter\"><div class=\"wp-block-embed__wrapper\">\n<blockquote class=\"twitter-tweet\" data-width=\"550\" data-dnt=\"true\"><p lang=\"es\" dir=\"ltr\">\ud83d\udfe0 BALONMANO <a href=\"https:\/\/twitter.com\/hashtag\/PREVIA?src=hash&amp;ref_src=twsrc%5Etfw\">#PREVIA<\/a><br><br>\ud83e\udd3e\ud83c\udffb\u200d\u2642\ufe0f El t\u00e9cnico de <a href=\"https:\/\/twitter.com\/bmvillaaranda?ref_src=twsrc%5Etfw\">@bmvillaaranda<\/a>, <a href=\"https:\/\/twitter.com\/fcjaviermarquez?ref_src=twsrc%5Etfw\">@fcjaviermarquez<\/a>, repasa la previa frente a <a href=\"https:\/\/twitter.com\/BMCdadEncantada?ref_src=twsrc%5Etfw\">@BMCdadEncantada<\/a><br><br>\ud83d\udde3\ufe0f &quot;Preveo un partido duro, disputado y muy igualado&#8230; tenemos que hacer un partido donde ellos no est\u00e9n c\u00f3modos&quot;<br><br>\u27a1\ufe0f 2\ufe0f\u20e38\ufe0f\u20e3&#39; jr. <a href=\"https:\/\/twitter.com\/hashtag\/LigaPlenitude?src=hash&amp;ref_src=twsrc%5Etfw\">#LigaPlenitude<\/a> <a href=\"https:\/\/twitter.com\/ASOBAL?ref_src=twsrc%5Etfw\">@ASOBAL<\/a><br>\ud83d\uddd3\ufe0f 1\ufe0f\u20e37\ufe0f\u20e3 de\u2026 <a href=\"https:\/\/t.co\/R4kcHxdMGT\">pic.twitter.com\/R4kcHxdMGT<\/a><\/p>&mdash; Diego A. Mart\u00edn (duerodeporte.com) (@Diegoamartin13) <a href=\"https:\/\/twitter.com\/Diegoamartin13\/status\/1923103596125597893?ref_src=twsrc%5Etfw\">May 15, 2025<\/a><\/blockquote><script async src=\"https:\/\/platform.twitter.com\/widgets.js\" charset=\"utf-8\"><\/script>\n<\/div><\/figure>\n\n\n\n<h2 class=\"wp-block-heading\">Cuenca no se resigna a pesar de su bajada de rendimiento<\/h2>\n\n\n\n<p>Del ado castellano manchego, el extraordinario plantel de los de Lidio Jim\u00e9nez no est\u00e1 al nivel de la primera vuelta. Los anuncios de las bajas para la pr\u00f3xima temporada como <strong>Pozzer<\/strong>, <strong>Hackbarth<\/strong>, <strong>Sergio<\/strong> y <strong>David<\/strong> <strong>Mach<\/strong> han levantado sospechas. Jugadores que si saltar\u00e1n al 40&#215;20 amarillo. Quien no lo har\u00e1 ser\u00e1 <strong>Dani Neves<\/strong>. <\/p>\n\n\n\n<p>El encuentro comenzar\u00e1 a las 17:30 horas con el arbitraje de los colegiados <strong>Josep Millan Cazorla<\/strong> y <strong>Roland S\u00e1nchez Bordetas<\/strong>.<\/p>\n","protected":false},"excerpt":{"rendered":"<p>Los amarillos tiene la posibilidad de seguir escalando puestos en la clasificaci\u00f3n tras lograr la salvaci\u00f3n. Rogonovs ser\u00e1 baja por luxaci\u00f3n en un dedo y Mosquera por motivos contractuales. La [&hellip;]<\/p>\n","protected":false},"author":3,"featured_media":11632,"comment_status":"open","ping_status":"open","sticky":false,"template":"","format":"standard","meta":{"footnotes":""},"categories":[18,15],"tags":[43,177,27,726,40,28],"class_list":["post-11626","post","type-post","status-publish","format-standard","has-post-thumbnail","category-balonmano","category-portada","tag-aranda-de-duero","tag-asobal","tag-balonmano","tag-cuenca","tag-rfebm","tag-villa-de-aranda"],"yoast_head":"<!-- This site is optimized with the Yoast SEO plugin v27.5 - https:\/\/yoast.com\/product\/yoast-seo-wordpress\/ -->\r\n<title>Tubos Aranda Villa de Aranda mide su ambici\u00f3n ante Cuenca<\/title>\r\n<meta name=\"description\" content=\"El Deporte de Aranda y las tierras del Duero\" \/>\r\n<meta name=\"robots\" content=\"index, follow, max-snippet:-1, max-image-preview:large, max-video-preview:-1\" \/>\r\n<link rel=\"canonical\" href=\"https:\/\/www.duerodeporte.com\/index.php\/archivos\/11626\" \/>\r\n<meta property=\"og:locale\" content=\"es_ES\" \/>\r\n<meta property=\"og:type\" content=\"article\" \/>\r\n<meta property=\"og:title\" content=\"Tubos Aranda Villa de Aranda mide su ambici\u00f3n ante Cuenca\" \/>\r\n<meta property=\"og:description\" content=\"El Deporte de Aranda y las tierras del Duero\" \/>\r\n<meta property=\"og:url\" content=\"https:\/\/www.duerodeporte.com\/index.php\/archivos\/11626\" \/>\r\n<meta property=\"og:site_name\" content=\"Duero Deporte\" \/>\r\n<meta property=\"article:publisher\" content=\"https:\/\/www.facebook.com\/61555928375028\" \/>\r\n<meta property=\"article:published_time\" content=\"2025-05-17T09:23:33+00:00\" \/>\r\n<meta property=\"article:modified_time\" content=\"2025-05-17T09:32:24+00:00\" \/>\r\n<meta property=\"og:image\" content=\"https:\/\/www.duerodeporte.com\/wp-content\/uploads\/2025\/05\/IMG-20250517-WA0014.jpg\" \/>\r\n\t<meta property=\"og:image:width\" content=\"2040\" \/>\r\n\t<meta property=\"og:image:height\" content=\"1530\" \/>\r\n\t<meta property=\"og:image:type\" content=\"image\/jpeg\" \/>\r\n<meta name=\"author\" content=\"Diego A. Mart\u00edn\" \/>\r\n<meta name=\"twitter:card\" content=\"summary_large_image\" \/>\r\n<meta name=\"twitter:creator\" content=\"@Diegoamartin13\" \/>\r\n<meta name=\"twitter:site\" content=\"@Diegoamartin13\" \/>\r\n<meta name=\"twitter:label1\" content=\"Escrito por\" \/>\n\t<meta name=\"twitter:data1\" content=\"Diego A. Mart\u00edn\" \/>\n\t<meta name=\"twitter:label2\" content=\"Tiempo de lectura\" \/>\n\t<meta name=\"twitter:data2\" content=\"3 minutos\" \/>\r\n<script type=\"application\/ld+json\" class=\"yoast-schema-graph\">{\"@context\":\"https:\\\/\\\/schema.org\",\"@graph\":[{\"@type\":[\"Article\",\"SocialMediaPosting\"],\"@id\":\"https:\\\/\\\/www.duerodeporte.com\\\/index.php\\\/archivos\\\/11626#article\",\"isPartOf\":{\"@id\":\"https:\\\/\\\/www.duerodeporte.com\\\/index.php\\\/archivos\\\/11626\"},\"author\":{\"name\":\"Diego A. Mart\u00edn\",\"@id\":\"https:\\\/\\\/www.duerodeporte.com\\\/#\\\/schema\\\/person\\\/5f3368966f635b5ae0d23ffaf7a7f894\"},\"headline\":\"Tubos Aranda Villa de Aranda mide su ambici\u00f3n ante Cuenca\",\"datePublished\":\"2025-05-17T09:23:33+00:00\",\"dateModified\":\"2025-05-17T09:32:24+00:00\",\"mainEntityOfPage\":{\"@id\":\"https:\\\/\\\/www.duerodeporte.com\\\/index.php\\\/archivos\\\/11626\"},\"wordCount\":416,\"commentCount\":0,\"publisher\":{\"@id\":\"https:\\\/\\\/www.duerodeporte.com\\\/#organization\"},\"image\":{\"@id\":\"https:\\\/\\\/www.duerodeporte.com\\\/index.php\\\/archivos\\\/11626#primaryimage\"},\"thumbnailUrl\":\"https:\\\/\\\/www.duerodeporte.com\\\/wp-content\\\/uploads\\\/2025\\\/05\\\/IMG-20250517-WA0014.jpg\",\"keywords\":[\"aranda de duero\",\"Asobal\",\"balonmano\",\"Cuenca\",\"Rfebm\",\"Villa de Aranda\"],\"articleSection\":[\"BALONMANO\",\"z_PORTADA\"],\"inLanguage\":\"es\",\"potentialAction\":[{\"@type\":\"CommentAction\",\"name\":\"Comment\",\"target\":[\"https:\\\/\\\/www.duerodeporte.com\\\/index.php\\\/archivos\\\/11626#respond\"]}]},{\"@type\":[\"WebPage\",\"ItemPage\"],\"@id\":\"https:\\\/\\\/www.duerodeporte.com\\\/index.php\\\/archivos\\\/11626\",\"url\":\"https:\\\/\\\/www.duerodeporte.com\\\/index.php\\\/archivos\\\/11626\",\"name\":\"Tubos Aranda Villa de Aranda mide su ambici\u00f3n ante Cuenca\",\"isPartOf\":{\"@id\":\"https:\\\/\\\/www.duerodeporte.com\\\/#website\"},\"primaryImageOfPage\":{\"@id\":\"https:\\\/\\\/www.duerodeporte.com\\\/index.php\\\/archivos\\\/11626#primaryimage\"},\"image\":{\"@id\":\"https:\\\/\\\/www.duerodeporte.com\\\/index.php\\\/archivos\\\/11626#primaryimage\"},\"thumbnailUrl\":\"https:\\\/\\\/www.duerodeporte.com\\\/wp-content\\\/uploads\\\/2025\\\/05\\\/IMG-20250517-WA0014.jpg\",\"datePublished\":\"2025-05-17T09:23:33+00:00\",\"dateModified\":\"2025-05-17T09:32:24+00:00\",\"description\":\"El Deporte de Aranda y las tierras del Duero\",\"breadcrumb\":{\"@id\":\"https:\\\/\\\/www.duerodeporte.com\\\/index.php\\\/archivos\\\/11626#breadcrumb\"},\"inLanguage\":\"es\",\"potentialAction\":[{\"@type\":\"ReadAction\",\"target\":[\"https:\\\/\\\/www.duerodeporte.com\\\/index.php\\\/archivos\\\/11626\"]}]},{\"@type\":\"ImageObject\",\"inLanguage\":\"es\",\"@id\":\"https:\\\/\\\/www.duerodeporte.com\\\/index.php\\\/archivos\\\/11626#primaryimage\",\"url\":\"https:\\\/\\\/www.duerodeporte.com\\\/wp-content\\\/uploads\\\/2025\\\/05\\\/IMG-20250517-WA0014.jpg\",\"contentUrl\":\"https:\\\/\\\/www.duerodeporte.com\\\/wp-content\\\/uploads\\\/2025\\\/05\\\/IMG-20250517-WA0014.jpg\",\"width\":2040,\"height\":1530},{\"@type\":\"BreadcrumbList\",\"@id\":\"https:\\\/\\\/www.duerodeporte.com\\\/index.php\\\/archivos\\\/11626#breadcrumb\",\"itemListElement\":[{\"@type\":\"ListItem\",\"position\":1,\"name\":\"Portada\",\"item\":\"https:\\\/\\\/www.duerodeporte.com\\\/\"},{\"@type\":\"ListItem\",\"position\":2,\"name\":\"Tubos Aranda Villa de Aranda mide su ambici\u00f3n ante Cuenca\"}]},{\"@type\":\"WebSite\",\"@id\":\"https:\\\/\\\/www.duerodeporte.com\\\/#website\",\"url\":\"https:\\\/\\\/www.duerodeporte.com\\\/\",\"name\":\"Duero Deporte\",\"description\":\"El Deporte de Aranda y las tierras del Duero\",\"publisher\":{\"@id\":\"https:\\\/\\\/www.duerodeporte.com\\\/#organization\"},\"alternateName\":\"El Deporte de Aranda y las tierras del Duero\",\"potentialAction\":[{\"@type\":\"SearchAction\",\"target\":{\"@type\":\"EntryPoint\",\"urlTemplate\":\"https:\\\/\\\/www.duerodeporte.com\\\/?s={search_term_string}\"},\"query-input\":{\"@type\":\"PropertyValueSpecification\",\"valueRequired\":true,\"valueName\":\"search_term_string\"}}],\"inLanguage\":\"es\"},{\"@type\":\"Organization\",\"@id\":\"https:\\\/\\\/www.duerodeporte.com\\\/#organization\",\"name\":\"Duero Deporte\",\"alternateName\":\"El Deporte de Aranda y las tierras del Duero\",\"url\":\"https:\\\/\\\/www.duerodeporte.com\\\/\",\"logo\":{\"@type\":\"ImageObject\",\"inLanguage\":\"es\",\"@id\":\"https:\\\/\\\/www.duerodeporte.com\\\/#\\\/schema\\\/logo\\\/image\\\/\",\"url\":\"https:\\\/\\\/www.duerodeporte.com\\\/wp-content\\\/uploads\\\/2023\\\/11\\\/A.ColorSinFondo-e1708011627555.png\",\"contentUrl\":\"https:\\\/\\\/www.duerodeporte.com\\\/wp-content\\\/uploads\\\/2023\\\/11\\\/A.ColorSinFondo-e1708011627555.png\",\"width\":750,\"height\":132,\"caption\":\"Duero Deporte\"},\"image\":{\"@id\":\"https:\\\/\\\/www.duerodeporte.com\\\/#\\\/schema\\\/logo\\\/image\\\/\"},\"sameAs\":[\"https:\\\/\\\/www.facebook.com\\\/61555928375028\",\"https:\\\/\\\/x.com\\\/Diegoamartin13\",\"https:\\\/\\\/www.youtube.com\\\/channel\\\/UCxIGQL8b9gmW-NjaChabCdA\"]},{\"@type\":\"Person\",\"@id\":\"https:\\\/\\\/www.duerodeporte.com\\\/#\\\/schema\\\/person\\\/5f3368966f635b5ae0d23ffaf7a7f894\",\"name\":\"Diego A. Mart\u00edn\",\"image\":{\"@type\":\"ImageObject\",\"inLanguage\":\"es\",\"@id\":\"https:\\\/\\\/www.duerodeporte.com\\\/wp-content\\\/uploads\\\/2024\\\/01\\\/Diego2-e1706522808572-150x150.jpeg\",\"url\":\"https:\\\/\\\/www.duerodeporte.com\\\/wp-content\\\/uploads\\\/2024\\\/01\\\/Diego2-e1706522808572-150x150.jpeg\",\"contentUrl\":\"https:\\\/\\\/www.duerodeporte.com\\\/wp-content\\\/uploads\\\/2024\\\/01\\\/Diego2-e1706522808572-150x150.jpeg\",\"caption\":\"Diego A. Mart\u00edn\"},\"url\":\"https:\\\/\\\/www.duerodeporte.com\\\/index.php\\\/archivos\\\/author\\\/diego\"}]}<\/script>\r\n<!-- \/ Yoast SEO plugin. -->","yoast_head_json":{"title":"Tubos Aranda Villa de Aranda mide su ambici\u00f3n ante Cuenca","description":"El Deporte de Aranda y las tierras del Duero","robots":{"index":"index","follow":"follow","max-snippet":"max-snippet:-1","max-image-preview":"max-image-preview:large","max-video-preview":"max-video-preview:-1"},"canonical":"https:\/\/www.duerodeporte.com\/index.php\/archivos\/11626","og_locale":"es_ES","og_type":"article","og_title":"Tubos Aranda Villa de Aranda mide su ambici\u00f3n ante Cuenca","og_description":"El Deporte de Aranda y las tierras del Duero","og_url":"https:\/\/www.duerodeporte.com\/index.php\/archivos\/11626","og_site_name":"Duero Deporte","article_publisher":"https:\/\/www.facebook.com\/61555928375028","article_published_time":"2025-05-17T09:23:33+00:00","article_modified_time":"2025-05-17T09:32:24+00:00","og_image":[{"width":2040,"height":1530,"url":"https:\/\/www.duerodeporte.com\/wp-content\/uploads\/2025\/05\/IMG-20250517-WA0014.jpg","type":"image\/jpeg"}],"author":"Diego A. Mart\u00edn","twitter_card":"summary_large_image","twitter_creator":"@Diegoamartin13","twitter_site":"@Diegoamartin13","twitter_misc":{"Escrito por":"Diego A. Mart\u00edn","Tiempo de lectura":"3 minutos"},"schema":{"@context":"https:\/\/schema.org","@graph":[{"@type":["Article","SocialMediaPosting"],"@id":"https:\/\/www.duerodeporte.com\/index.php\/archivos\/11626#article","isPartOf":{"@id":"https:\/\/www.duerodeporte.com\/index.php\/archivos\/11626"},"author":{"name":"Diego A. Mart\u00edn","@id":"https:\/\/www.duerodeporte.com\/#\/schema\/person\/5f3368966f635b5ae0d23ffaf7a7f894"},"headline":"Tubos Aranda Villa de Aranda mide su ambici\u00f3n ante Cuenca","datePublished":"2025-05-17T09:23:33+00:00","dateModified":"2025-05-17T09:32:24+00:00","mainEntityOfPage":{"@id":"https:\/\/www.duerodeporte.com\/index.php\/archivos\/11626"},"wordCount":416,"commentCount":0,"publisher":{"@id":"https:\/\/www.duerodeporte.com\/#organization"},"image":{"@id":"https:\/\/www.duerodeporte.com\/index.php\/archivos\/11626#primaryimage"},"thumbnailUrl":"https:\/\/www.duerodeporte.com\/wp-content\/uploads\/2025\/05\/IMG-20250517-WA0014.jpg","keywords":["aranda de duero","Asobal","balonmano","Cuenca","Rfebm","Villa de Aranda"],"articleSection":["BALONMANO","z_PORTADA"],"inLanguage":"es","potentialAction":[{"@type":"CommentAction","name":"Comment","target":["https:\/\/www.duerodeporte.com\/index.php\/archivos\/11626#respond"]}]},{"@type":["WebPage","ItemPage"],"@id":"https:\/\/www.duerodeporte.com\/index.php\/archivos\/11626","url":"https:\/\/www.duerodeporte.com\/index.php\/archivos\/11626","name":"Tubos Aranda Villa de Aranda mide su ambici\u00f3n ante Cuenca","isPartOf":{"@id":"https:\/\/www.duerodeporte.com\/#website"},"primaryImageOfPage":{"@id":"https:\/\/www.duerodeporte.com\/index.php\/archivos\/11626#primaryimage"},"image":{"@id":"https:\/\/www.duerodeporte.com\/index.php\/archivos\/11626#primaryimage"},"thumbnailUrl":"https:\/\/www.duerodeporte.com\/wp-content\/uploads\/2025\/05\/IMG-20250517-WA0014.jpg","datePublished":"2025-05-17T09:23:33+00:00","dateModified":"2025-05-17T09:32:24+00:00","description":"El Deporte de Aranda y las tierras del Duero","breadcrumb":{"@id":"https:\/\/www.duerodeporte.com\/index.php\/archivos\/11626#breadcrumb"},"inLanguage":"es","potentialAction":[{"@type":"ReadAction","target":["https:\/\/www.duerodeporte.com\/index.php\/archivos\/11626"]}]},{"@type":"ImageObject","inLanguage":"es","@id":"https:\/\/www.duerodeporte.com\/index.php\/archivos\/11626#primaryimage","url":"https:\/\/www.duerodeporte.com\/wp-content\/uploads\/2025\/05\/IMG-20250517-WA0014.jpg","contentUrl":"https:\/\/www.duerodeporte.com\/wp-content\/uploads\/2025\/05\/IMG-20250517-WA0014.jpg","width":2040,"height":1530},{"@type":"BreadcrumbList","@id":"https:\/\/www.duerodeporte.com\/index.php\/archivos\/11626#breadcrumb","itemListElement":[{"@type":"ListItem","position":1,"name":"Portada","item":"https:\/\/www.duerodeporte.com\/"},{"@type":"ListItem","position":2,"name":"Tubos Aranda Villa de Aranda mide su ambici\u00f3n ante Cuenca"}]},{"@type":"WebSite","@id":"https:\/\/www.duerodeporte.com\/#website","url":"https:\/\/www.duerodeporte.com\/","name":"Duero Deporte","description":"El Deporte de Aranda y las tierras del Duero","publisher":{"@id":"https:\/\/www.duerodeporte.com\/#organization"},"alternateName":"El Deporte de Aranda y las tierras del Duero","potentialAction":[{"@type":"SearchAction","target":{"@type":"EntryPoint","urlTemplate":"https:\/\/www.duerodeporte.com\/?s={search_term_string}"},"query-input":{"@type":"PropertyValueSpecification","valueRequired":true,"valueName":"search_term_string"}}],"inLanguage":"es"},{"@type":"Organization","@id":"https:\/\/www.duerodeporte.com\/#organization","name":"Duero Deporte","alternateName":"El Deporte de Aranda y las tierras del Duero","url":"https:\/\/www.duerodeporte.com\/","logo":{"@type":"ImageObject","inLanguage":"es","@id":"https:\/\/www.duerodeporte.com\/#\/schema\/logo\/image\/","url":"https:\/\/www.duerodeporte.com\/wp-content\/uploads\/2023\/11\/A.ColorSinFondo-e1708011627555.png","contentUrl":"https:\/\/www.duerodeporte.com\/wp-content\/uploads\/2023\/11\/A.ColorSinFondo-e1708011627555.png","width":750,"height":132,"caption":"Duero Deporte"},"image":{"@id":"https:\/\/www.duerodeporte.com\/#\/schema\/logo\/image\/"},"sameAs":["https:\/\/www.facebook.com\/61555928375028","https:\/\/x.com\/Diegoamartin13","https:\/\/www.youtube.com\/channel\/UCxIGQL8b9gmW-NjaChabCdA"]},{"@type":"Person","@id":"https:\/\/www.duerodeporte.com\/#\/schema\/person\/5f3368966f635b5ae0d23ffaf7a7f894","name":"Diego A. Mart\u00edn","image":{"@type":"ImageObject","inLanguage":"es","@id":"https:\/\/www.duerodeporte.com\/wp-content\/uploads\/2024\/01\/Diego2-e1706522808572-150x150.jpeg","url":"https:\/\/www.duerodeporte.com\/wp-content\/uploads\/2024\/01\/Diego2-e1706522808572-150x150.jpeg","contentUrl":"https:\/\/www.duerodeporte.com\/wp-content\/uploads\/2024\/01\/Diego2-e1706522808572-150x150.jpeg","caption":"Diego A. Mart\u00edn"},"url":"https:\/\/www.duerodeporte.com\/index.php\/archivos\/author\/diego"}]}},"views":447,"_links":{"self":[{"href":"https:\/\/www.duerodeporte.com\/index.php\/wp-json\/wp\/v2\/posts\/11626","targetHints":{"allow":["GET"]}}],"collection":[{"href":"https:\/\/www.duerodeporte.com\/index.php\/wp-json\/wp\/v2\/posts"}],"about":[{"href":"https:\/\/www.duerodeporte.com\/index.php\/wp-json\/wp\/v2\/types\/post"}],"author":[{"embeddable":true,"href":"https:\/\/www.duerodeporte.com\/index.php\/wp-json\/wp\/v2\/users\/3"}],"replies":[{"embeddable":true,"href":"https:\/\/www.duerodeporte.com\/index.php\/wp-json\/wp\/v2\/comments?post=11626"}],"version-history":[{"count":4,"href":"https:\/\/www.duerodeporte.com\/index.php\/wp-json\/wp\/v2\/posts\/11626\/revisions"}],"predecessor-version":[{"id":11630,"href":"https:\/\/www.duerodeporte.com\/index.php\/wp-json\/wp\/v2\/posts\/11626\/revisions\/11630"}],"wp:featuredmedia":[{"embeddable":true,"href":"https:\/\/www.duerodeporte.com\/index.php\/wp-json\/wp\/v2\/media\/11632"}],"wp:attachment":[{"href":"https:\/\/www.duerodeporte.com\/index.php\/wp-json\/wp\/v2\/media?parent=11626"}],"wp:term":[{"taxonomy":"category","embeddable":true,"href":"https:\/\/www.duerodeporte.com\/index.php\/wp-json\/wp\/v2\/categories?post=11626"},{"taxonomy":"post_tag","embeddable":true,"href":"https:\/\/www.duerodeporte.com\/index.php\/wp-json\/wp\/v2\/tags?post=11626"}],"curies":[{"name":"wp","href":"https:\/\/api.w.org\/{rel}","templated":true}]}}