{"id":12162,"date":"2025-06-12T13:24:08","date_gmt":"2025-06-12T12:24:08","guid":{"rendered":"https:\/\/www.duerodeporte.com\/?p=12162"},"modified":"2025-06-12T13:53:05","modified_gmt":"2025-06-12T12:53:05","slug":"el-campus-actisport-verano-2025-comienza-el-24-de-junio","status":"publish","type":"post","link":"https:\/\/www.duerodeporte.com\/index.php\/archivos\/12162","title":{"rendered":"El Campus Actisport Verano 2025 comienza el 24 de junio en el Colegio Claret"},"content":{"rendered":"\n<h2 class=\"wp-block-heading\">Hasta el pr\u00f3ximo 5 de septiembre la entidad dedicada al deporte base llevar\u00e1 a cabo una nueva edici\u00f3n de su experiencia estival. El Colegio Claret ser\u00e1 la sede del Campus de 10:00 a 13:30 horas. Pueden participar los nacidos entre 2009 y 2021. Los precios oscilan desde los d\u00edas sueltos, semanas o todo el verano con descuentos incluidos<\/h2>\n\n\n\n<p>El verano est\u00e1 a la vuelta de la esquina y con \u00e9l las vacaciones estivales y una nueva edici\u00f3n del <strong><a href=\"https:\/\/docs.google.com\/forms\/d\/e\/1FAIpQLSee6LTSS3t4G6WIEgVeJ_UUsHB-gGHFWgOPWJOsk-CUl-bCQg\/viewform?fbclid=PAQ0xDSwKbvuBleHRuA2FlbQIxMQABp3VO5EhI_1f1VZIvYnC_5hfVx6XMD8TDVilOKS60ewu2PjGcmc3O3nFERCiV_aem_cWhGTdQJ1TqzjewygiumrA&amp;pli=1\">Campus Actisport Verano 2025<\/a><\/strong>. Una experiencia que dar\u00e1 comienzo el pr\u00f3ximo <strong>24 de junio<\/strong> y que est\u00e1 dirigida a ni\u00f1os y ni\u00f1as <strong>nacidos entre 2009 y 2021<\/strong>, ambos a\u00f1os incluidos.<\/p>\n\n\n<div class=\"wp-block-image\">\n<figure class=\"aligncenter size-full\"><a href=\"https:\/\/www.instagram.com\/actisport_deporte_ocio\/?hl=es\"><img decoding=\"async\" src=\"https:\/\/www.duerodeporte.com\/wp-content\/uploads\/2025\/06\/WhatsApp-Image-2025-06-06-at-13.19.40-2.jpeg\" alt=\"\" class=\"wp-image-12163\"\/><\/a><\/figure>\n<\/div>\n\n\n<p>Un Campus en el que la empresa dedicada al deporte de base llevar\u00e1 a cabo distintas <strong>actividades \u00edntegramente deportivas<\/strong>, aunque tambi\u00e9n de manera espec\u00edfica para los m\u00e1s peque\u00f1os desarrollar\u00e1 actividades de <strong>ocio <\/strong>y <strong>manualidades<\/strong>.<\/p>\n\n\n\n<p>Una aventura divertida que tendr\u00e1 lugar en las instalaciones del <strong><a href=\"https:\/\/www.instagram.com\/claretaranda\/?hl=es\">Colegio Claret<\/a><\/strong> en horario de <strong>10:00 a 13:30 horas<\/strong>, con la posibilidad de 7:45 a 15:15 horas -sin coste adicional- hasta el pr\u00f3ximo 5 de septiembre, antes del arranque del nuevo curso escolar.<\/p>\n\n\n\n<figure class=\"wp-block-embed is-type-rich is-provider-twitter wp-block-embed-twitter\"><div class=\"wp-block-embed__wrapper\">\n<blockquote class=\"twitter-tweet\" data-width=\"550\" data-dnt=\"true\"><p lang=\"es\" dir=\"ltr\">\ud83d\udfe0 POLIDEPORTIVO<br><br>\u2600\ufe0f Este verano regresa el Campus <a href=\"https:\/\/twitter.com\/CD_Actisport?ref_src=twsrc%5Etfw\">@CD_Actisport<\/a> para ni\u00f1os entre 2009 y 2021 (2\ufe0f\u20e34\ufe0f\u20e3 junio &#8211; 5\ufe0f\u20e3 septiembre)<br><br>\ud83d\udc5d \u00bfSabes que contiene la bolsa del Campus <a href=\"https:\/\/twitter.com\/CD_Actisport?ref_src=twsrc%5Etfw\">@CD_Actisport<\/a>?<br><br>\u27a1\ufe0f &#8230; deporte, ocio, amistad, nuevas experiencias, juegos, diversi\u00f3n, regalos, sorpresas,\u2026 <a href=\"https:\/\/t.co\/ylGCxi9iNh\">pic.twitter.com\/ylGCxi9iNh<\/a><\/p>&mdash; Diego A. Mart\u00edn (duerodeporte.com) (@Diegoamartin13) <a href=\"https:\/\/twitter.com\/Diegoamartin13\/status\/1932168334382190979?ref_src=twsrc%5Etfw\">June 9, 2025<\/a><\/blockquote><script async src=\"https:\/\/platform.twitter.com\/widgets.js\" charset=\"utf-8\"><\/script>\n<\/div><\/figure>\n\n\n\n<h2 class=\"wp-block-heading\">Inscripciones, precios y promociones<\/h2>\n\n\n\n<p>Por otro lado, todos aquellos que est\u00e9n interesados en poder hacer part\u00edcipes a sus ni\u00f1os y ni\u00f1as de esta experiencia estival pueden encontrar m\u00e1s informaci\u00f3n y realizar la inscripci\u00f3n, <strong><a href=\"https:\/\/docs.google.com\/forms\/d\/e\/1FAIpQLSee6LTSS3t4G6WIEgVeJ_UUsHB-gGHFWgOPWJOsk-CUl-bCQg\/viewform?fbclid=PAQ0xDSwKbvuBleHRuA2FlbQIxMQABp3VO5EhI_1f1VZIvYnC_5hfVx6XMD8TDVilOKS60ewu2PjGcmc3O3nFERCiV_aem_cWhGTdQJ1TqzjewygiumrA&amp;pli=1\">AQU\u00cd<\/a><\/strong>.<\/p>\n\n\n\n<p>Los precios oscilan desde <strong>25 euros el d\u00eda suelto<\/strong>, <strong>85 euros una semana<\/strong> o los 685 euros todo el verano. Junto a ello hay varias promociones y <strong>descuentos del 10% <\/strong>del precio total si se apuntan 2 o 3 hermanos; al igual que un 10% del precio total si ha participado alguna vez en nuestro Campus Actisport &#8211;<em>descuentos no acumulables<\/em>-.\u00a0<\/p>\n","protected":false},"excerpt":{"rendered":"<p>Hasta el pr\u00f3ximo 5 de septiembre la entidad dedicada al deporte base llevar\u00e1 a cabo una nueva edici\u00f3n de su experiencia estival. El Colegio Claret ser\u00e1 la sede del Campus [&hellip;]<\/p>\n","protected":false},"author":3,"featured_media":12164,"comment_status":"open","ping_status":"open","sticky":false,"template":"","format":"standard","meta":{"footnotes":""},"categories":[48,15],"tags":[43,888,890,60,83],"class_list":["post-12162","post","type-post","status-publish","format-standard","has-post-thumbnail","category-duero","category-portada","tag-aranda-de-duero","tag-campus","tag-claret","tag-polideportivo","tag-tierras-del-duero"],"yoast_head":"<!-- This site is optimized with the Yoast SEO plugin v27.5 - https:\/\/yoast.com\/product\/yoast-seo-wordpress\/ -->\r\n<title>El Campus Actisport Verano 2025 comienza el 24 de junio en el Colegio Claret<\/title>\r\n<meta name=\"description\" content=\"El Deporte de Aranda y las tierras del Duero\" \/>\r\n<meta name=\"robots\" content=\"index, follow, max-snippet:-1, max-image-preview:large, max-video-preview:-1\" \/>\r\n<link rel=\"canonical\" href=\"https:\/\/www.duerodeporte.com\/index.php\/archivos\/12162\" \/>\r\n<meta property=\"og:locale\" content=\"es_ES\" \/>\r\n<meta property=\"og:type\" content=\"article\" \/>\r\n<meta property=\"og:title\" content=\"El Campus Actisport Verano 2025 comienza el 24 de junio en el Colegio Claret\" \/>\r\n<meta property=\"og:description\" content=\"El Deporte de Aranda y las tierras del Duero\" \/>\r\n<meta property=\"og:url\" content=\"https:\/\/www.duerodeporte.com\/index.php\/archivos\/12162\" \/>\r\n<meta property=\"og:site_name\" content=\"Duero Deporte\" \/>\r\n<meta property=\"article:publisher\" content=\"https:\/\/www.facebook.com\/61555928375028\" \/>\r\n<meta property=\"article:published_time\" content=\"2025-06-12T12:24:08+00:00\" \/>\r\n<meta property=\"article:modified_time\" content=\"2025-06-12T12:53:05+00:00\" \/>\r\n<meta property=\"og:image\" content=\"https:\/\/www.duerodeporte.com\/wp-content\/uploads\/2025\/06\/WhatsApp-Image-2025-06-12-at-14.11.24.jpeg\" \/>\r\n\t<meta property=\"og:image:width\" content=\"631\" \/>\r\n\t<meta property=\"og:image:height\" content=\"429\" \/>\r\n\t<meta property=\"og:image:type\" content=\"image\/jpeg\" \/>\r\n<meta name=\"author\" content=\"Diego A. Mart\u00edn\" \/>\r\n<meta name=\"twitter:card\" content=\"summary_large_image\" \/>\r\n<meta name=\"twitter:creator\" content=\"@Diegoamartin13\" \/>\r\n<meta name=\"twitter:site\" content=\"@Diegoamartin13\" \/>\r\n<meta name=\"twitter:label1\" content=\"Escrito por\" \/>\n\t<meta name=\"twitter:data1\" content=\"Diego A. Mart\u00edn\" \/>\n\t<meta name=\"twitter:label2\" content=\"Tiempo de lectura\" \/>\n\t<meta name=\"twitter:data2\" content=\"2 minutos\" \/>\r\n<script type=\"application\/ld+json\" class=\"yoast-schema-graph\">{\"@context\":\"https:\\\/\\\/schema.org\",\"@graph\":[{\"@type\":[\"Article\",\"SocialMediaPosting\"],\"@id\":\"https:\\\/\\\/www.duerodeporte.com\\\/index.php\\\/archivos\\\/12162#article\",\"isPartOf\":{\"@id\":\"https:\\\/\\\/www.duerodeporte.com\\\/index.php\\\/archivos\\\/12162\"},\"author\":{\"name\":\"Diego A. Mart\u00edn\",\"@id\":\"https:\\\/\\\/www.duerodeporte.com\\\/#\\\/schema\\\/person\\\/5f3368966f635b5ae0d23ffaf7a7f894\"},\"headline\":\"El Campus Actisport Verano 2025 comienza el 24 de junio en el Colegio Claret\",\"datePublished\":\"2025-06-12T12:24:08+00:00\",\"dateModified\":\"2025-06-12T12:53:05+00:00\",\"mainEntityOfPage\":{\"@id\":\"https:\\\/\\\/www.duerodeporte.com\\\/index.php\\\/archivos\\\/12162\"},\"wordCount\":296,\"commentCount\":0,\"publisher\":{\"@id\":\"https:\\\/\\\/www.duerodeporte.com\\\/#organization\"},\"image\":{\"@id\":\"https:\\\/\\\/www.duerodeporte.com\\\/index.php\\\/archivos\\\/12162#primaryimage\"},\"thumbnailUrl\":\"https:\\\/\\\/www.duerodeporte.com\\\/wp-content\\\/uploads\\\/2025\\\/06\\\/WhatsApp-Image-2025-06-12-at-14.11.24.jpeg\",\"keywords\":[\"aranda de duero\",\"Campus\",\"Claret\",\"polideportivo\",\"tierras del duero\"],\"articleSection\":[\"DUERO\",\"z_PORTADA\"],\"inLanguage\":\"es\",\"potentialAction\":[{\"@type\":\"CommentAction\",\"name\":\"Comment\",\"target\":[\"https:\\\/\\\/www.duerodeporte.com\\\/index.php\\\/archivos\\\/12162#respond\"]}]},{\"@type\":[\"WebPage\",\"ItemPage\"],\"@id\":\"https:\\\/\\\/www.duerodeporte.com\\\/index.php\\\/archivos\\\/12162\",\"url\":\"https:\\\/\\\/www.duerodeporte.com\\\/index.php\\\/archivos\\\/12162\",\"name\":\"El Campus Actisport Verano 2025 comienza el 24 de junio en el Colegio Claret\",\"isPartOf\":{\"@id\":\"https:\\\/\\\/www.duerodeporte.com\\\/#website\"},\"primaryImageOfPage\":{\"@id\":\"https:\\\/\\\/www.duerodeporte.com\\\/index.php\\\/archivos\\\/12162#primaryimage\"},\"image\":{\"@id\":\"https:\\\/\\\/www.duerodeporte.com\\\/index.php\\\/archivos\\\/12162#primaryimage\"},\"thumbnailUrl\":\"https:\\\/\\\/www.duerodeporte.com\\\/wp-content\\\/uploads\\\/2025\\\/06\\\/WhatsApp-Image-2025-06-12-at-14.11.24.jpeg\",\"datePublished\":\"2025-06-12T12:24:08+00:00\",\"dateModified\":\"2025-06-12T12:53:05+00:00\",\"description\":\"El Deporte de Aranda y las tierras del Duero\",\"breadcrumb\":{\"@id\":\"https:\\\/\\\/www.duerodeporte.com\\\/index.php\\\/archivos\\\/12162#breadcrumb\"},\"inLanguage\":\"es\",\"potentialAction\":[{\"@type\":\"ReadAction\",\"target\":[\"https:\\\/\\\/www.duerodeporte.com\\\/index.php\\\/archivos\\\/12162\"]}]},{\"@type\":\"ImageObject\",\"inLanguage\":\"es\",\"@id\":\"https:\\\/\\\/www.duerodeporte.com\\\/index.php\\\/archivos\\\/12162#primaryimage\",\"url\":\"https:\\\/\\\/www.duerodeporte.com\\\/wp-content\\\/uploads\\\/2025\\\/06\\\/WhatsApp-Image-2025-06-12-at-14.11.24.jpeg\",\"contentUrl\":\"https:\\\/\\\/www.duerodeporte.com\\\/wp-content\\\/uploads\\\/2025\\\/06\\\/WhatsApp-Image-2025-06-12-at-14.11.24.jpeg\",\"width\":631,\"height\":429,\"caption\":\"Los participantes con sus camisetas conmemorativas de la pasada edici\u00f3n del Campus Actisport. \\\/ Actisport\"},{\"@type\":\"BreadcrumbList\",\"@id\":\"https:\\\/\\\/www.duerodeporte.com\\\/index.php\\\/archivos\\\/12162#breadcrumb\",\"itemListElement\":[{\"@type\":\"ListItem\",\"position\":1,\"name\":\"Portada\",\"item\":\"https:\\\/\\\/www.duerodeporte.com\\\/\"},{\"@type\":\"ListItem\",\"position\":2,\"name\":\"El Campus Actisport Verano 2025 comienza el 24 de junio en el Colegio Claret\"}]},{\"@type\":\"WebSite\",\"@id\":\"https:\\\/\\\/www.duerodeporte.com\\\/#website\",\"url\":\"https:\\\/\\\/www.duerodeporte.com\\\/\",\"name\":\"Duero Deporte\",\"description\":\"El Deporte de Aranda y las tierras del Duero\",\"publisher\":{\"@id\":\"https:\\\/\\\/www.duerodeporte.com\\\/#organization\"},\"alternateName\":\"El Deporte de Aranda y las tierras del Duero\",\"potentialAction\":[{\"@type\":\"SearchAction\",\"target\":{\"@type\":\"EntryPoint\",\"urlTemplate\":\"https:\\\/\\\/www.duerodeporte.com\\\/?s={search_term_string}\"},\"query-input\":{\"@type\":\"PropertyValueSpecification\",\"valueRequired\":true,\"valueName\":\"search_term_string\"}}],\"inLanguage\":\"es\"},{\"@type\":\"Organization\",\"@id\":\"https:\\\/\\\/www.duerodeporte.com\\\/#organization\",\"name\":\"Duero Deporte\",\"alternateName\":\"El Deporte de Aranda y las tierras del Duero\",\"url\":\"https:\\\/\\\/www.duerodeporte.com\\\/\",\"logo\":{\"@type\":\"ImageObject\",\"inLanguage\":\"es\",\"@id\":\"https:\\\/\\\/www.duerodeporte.com\\\/#\\\/schema\\\/logo\\\/image\\\/\",\"url\":\"https:\\\/\\\/www.duerodeporte.com\\\/wp-content\\\/uploads\\\/2023\\\/11\\\/A.ColorSinFondo-e1708011627555.png\",\"contentUrl\":\"https:\\\/\\\/www.duerodeporte.com\\\/wp-content\\\/uploads\\\/2023\\\/11\\\/A.ColorSinFondo-e1708011627555.png\",\"width\":750,\"height\":132,\"caption\":\"Duero Deporte\"},\"image\":{\"@id\":\"https:\\\/\\\/www.duerodeporte.com\\\/#\\\/schema\\\/logo\\\/image\\\/\"},\"sameAs\":[\"https:\\\/\\\/www.facebook.com\\\/61555928375028\",\"https:\\\/\\\/x.com\\\/Diegoamartin13\",\"https:\\\/\\\/www.youtube.com\\\/channel\\\/UCxIGQL8b9gmW-NjaChabCdA\"]},{\"@type\":\"Person\",\"@id\":\"https:\\\/\\\/www.duerodeporte.com\\\/#\\\/schema\\\/person\\\/5f3368966f635b5ae0d23ffaf7a7f894\",\"name\":\"Diego A. Mart\u00edn\",\"image\":{\"@type\":\"ImageObject\",\"inLanguage\":\"es\",\"@id\":\"https:\\\/\\\/www.duerodeporte.com\\\/wp-content\\\/uploads\\\/2024\\\/01\\\/Diego2-e1706522808572-150x150.jpeg\",\"url\":\"https:\\\/\\\/www.duerodeporte.com\\\/wp-content\\\/uploads\\\/2024\\\/01\\\/Diego2-e1706522808572-150x150.jpeg\",\"contentUrl\":\"https:\\\/\\\/www.duerodeporte.com\\\/wp-content\\\/uploads\\\/2024\\\/01\\\/Diego2-e1706522808572-150x150.jpeg\",\"caption\":\"Diego A. Mart\u00edn\"},\"url\":\"https:\\\/\\\/www.duerodeporte.com\\\/index.php\\\/archivos\\\/author\\\/diego\"}]}<\/script>\r\n<!-- \/ Yoast SEO plugin. -->","yoast_head_json":{"title":"El Campus Actisport Verano 2025 comienza el 24 de junio en el Colegio Claret","description":"El Deporte de Aranda y las tierras del Duero","robots":{"index":"index","follow":"follow","max-snippet":"max-snippet:-1","max-image-preview":"max-image-preview:large","max-video-preview":"max-video-preview:-1"},"canonical":"https:\/\/www.duerodeporte.com\/index.php\/archivos\/12162","og_locale":"es_ES","og_type":"article","og_title":"El Campus Actisport Verano 2025 comienza el 24 de junio en el Colegio Claret","og_description":"El Deporte de Aranda y las tierras del Duero","og_url":"https:\/\/www.duerodeporte.com\/index.php\/archivos\/12162","og_site_name":"Duero Deporte","article_publisher":"https:\/\/www.facebook.com\/61555928375028","article_published_time":"2025-06-12T12:24:08+00:00","article_modified_time":"2025-06-12T12:53:05+00:00","og_image":[{"width":631,"height":429,"url":"https:\/\/www.duerodeporte.com\/wp-content\/uploads\/2025\/06\/WhatsApp-Image-2025-06-12-at-14.11.24.jpeg","type":"image\/jpeg"}],"author":"Diego A. Mart\u00edn","twitter_card":"summary_large_image","twitter_creator":"@Diegoamartin13","twitter_site":"@Diegoamartin13","twitter_misc":{"Escrito por":"Diego A. Mart\u00edn","Tiempo de lectura":"2 minutos"},"schema":{"@context":"https:\/\/schema.org","@graph":[{"@type":["Article","SocialMediaPosting"],"@id":"https:\/\/www.duerodeporte.com\/index.php\/archivos\/12162#article","isPartOf":{"@id":"https:\/\/www.duerodeporte.com\/index.php\/archivos\/12162"},"author":{"name":"Diego A. Mart\u00edn","@id":"https:\/\/www.duerodeporte.com\/#\/schema\/person\/5f3368966f635b5ae0d23ffaf7a7f894"},"headline":"El Campus Actisport Verano 2025 comienza el 24 de junio en el Colegio Claret","datePublished":"2025-06-12T12:24:08+00:00","dateModified":"2025-06-12T12:53:05+00:00","mainEntityOfPage":{"@id":"https:\/\/www.duerodeporte.com\/index.php\/archivos\/12162"},"wordCount":296,"commentCount":0,"publisher":{"@id":"https:\/\/www.duerodeporte.com\/#organization"},"image":{"@id":"https:\/\/www.duerodeporte.com\/index.php\/archivos\/12162#primaryimage"},"thumbnailUrl":"https:\/\/www.duerodeporte.com\/wp-content\/uploads\/2025\/06\/WhatsApp-Image-2025-06-12-at-14.11.24.jpeg","keywords":["aranda de duero","Campus","Claret","polideportivo","tierras del duero"],"articleSection":["DUERO","z_PORTADA"],"inLanguage":"es","potentialAction":[{"@type":"CommentAction","name":"Comment","target":["https:\/\/www.duerodeporte.com\/index.php\/archivos\/12162#respond"]}]},{"@type":["WebPage","ItemPage"],"@id":"https:\/\/www.duerodeporte.com\/index.php\/archivos\/12162","url":"https:\/\/www.duerodeporte.com\/index.php\/archivos\/12162","name":"El Campus Actisport Verano 2025 comienza el 24 de junio en el Colegio Claret","isPartOf":{"@id":"https:\/\/www.duerodeporte.com\/#website"},"primaryImageOfPage":{"@id":"https:\/\/www.duerodeporte.com\/index.php\/archivos\/12162#primaryimage"},"image":{"@id":"https:\/\/www.duerodeporte.com\/index.php\/archivos\/12162#primaryimage"},"thumbnailUrl":"https:\/\/www.duerodeporte.com\/wp-content\/uploads\/2025\/06\/WhatsApp-Image-2025-06-12-at-14.11.24.jpeg","datePublished":"2025-06-12T12:24:08+00:00","dateModified":"2025-06-12T12:53:05+00:00","description":"El Deporte de Aranda y las tierras del Duero","breadcrumb":{"@id":"https:\/\/www.duerodeporte.com\/index.php\/archivos\/12162#breadcrumb"},"inLanguage":"es","potentialAction":[{"@type":"ReadAction","target":["https:\/\/www.duerodeporte.com\/index.php\/archivos\/12162"]}]},{"@type":"ImageObject","inLanguage":"es","@id":"https:\/\/www.duerodeporte.com\/index.php\/archivos\/12162#primaryimage","url":"https:\/\/www.duerodeporte.com\/wp-content\/uploads\/2025\/06\/WhatsApp-Image-2025-06-12-at-14.11.24.jpeg","contentUrl":"https:\/\/www.duerodeporte.com\/wp-content\/uploads\/2025\/06\/WhatsApp-Image-2025-06-12-at-14.11.24.jpeg","width":631,"height":429,"caption":"Los participantes con sus camisetas conmemorativas de la pasada edici\u00f3n del Campus Actisport. \/ Actisport"},{"@type":"BreadcrumbList","@id":"https:\/\/www.duerodeporte.com\/index.php\/archivos\/12162#breadcrumb","itemListElement":[{"@type":"ListItem","position":1,"name":"Portada","item":"https:\/\/www.duerodeporte.com\/"},{"@type":"ListItem","position":2,"name":"El Campus Actisport Verano 2025 comienza el 24 de junio en el Colegio Claret"}]},{"@type":"WebSite","@id":"https:\/\/www.duerodeporte.com\/#website","url":"https:\/\/www.duerodeporte.com\/","name":"Duero Deporte","description":"El Deporte de Aranda y las tierras del Duero","publisher":{"@id":"https:\/\/www.duerodeporte.com\/#organization"},"alternateName":"El Deporte de Aranda y las tierras del Duero","potentialAction":[{"@type":"SearchAction","target":{"@type":"EntryPoint","urlTemplate":"https:\/\/www.duerodeporte.com\/?s={search_term_string}"},"query-input":{"@type":"PropertyValueSpecification","valueRequired":true,"valueName":"search_term_string"}}],"inLanguage":"es"},{"@type":"Organization","@id":"https:\/\/www.duerodeporte.com\/#organization","name":"Duero Deporte","alternateName":"El Deporte de Aranda y las tierras del Duero","url":"https:\/\/www.duerodeporte.com\/","logo":{"@type":"ImageObject","inLanguage":"es","@id":"https:\/\/www.duerodeporte.com\/#\/schema\/logo\/image\/","url":"https:\/\/www.duerodeporte.com\/wp-content\/uploads\/2023\/11\/A.ColorSinFondo-e1708011627555.png","contentUrl":"https:\/\/www.duerodeporte.com\/wp-content\/uploads\/2023\/11\/A.ColorSinFondo-e1708011627555.png","width":750,"height":132,"caption":"Duero Deporte"},"image":{"@id":"https:\/\/www.duerodeporte.com\/#\/schema\/logo\/image\/"},"sameAs":["https:\/\/www.facebook.com\/61555928375028","https:\/\/x.com\/Diegoamartin13","https:\/\/www.youtube.com\/channel\/UCxIGQL8b9gmW-NjaChabCdA"]},{"@type":"Person","@id":"https:\/\/www.duerodeporte.com\/#\/schema\/person\/5f3368966f635b5ae0d23ffaf7a7f894","name":"Diego A. Mart\u00edn","image":{"@type":"ImageObject","inLanguage":"es","@id":"https:\/\/www.duerodeporte.com\/wp-content\/uploads\/2024\/01\/Diego2-e1706522808572-150x150.jpeg","url":"https:\/\/www.duerodeporte.com\/wp-content\/uploads\/2024\/01\/Diego2-e1706522808572-150x150.jpeg","contentUrl":"https:\/\/www.duerodeporte.com\/wp-content\/uploads\/2024\/01\/Diego2-e1706522808572-150x150.jpeg","caption":"Diego A. Mart\u00edn"},"url":"https:\/\/www.duerodeporte.com\/index.php\/archivos\/author\/diego"}]}},"views":460,"_links":{"self":[{"href":"https:\/\/www.duerodeporte.com\/index.php\/wp-json\/wp\/v2\/posts\/12162","targetHints":{"allow":["GET"]}}],"collection":[{"href":"https:\/\/www.duerodeporte.com\/index.php\/wp-json\/wp\/v2\/posts"}],"about":[{"href":"https:\/\/www.duerodeporte.com\/index.php\/wp-json\/wp\/v2\/types\/post"}],"author":[{"embeddable":true,"href":"https:\/\/www.duerodeporte.com\/index.php\/wp-json\/wp\/v2\/users\/3"}],"replies":[{"embeddable":true,"href":"https:\/\/www.duerodeporte.com\/index.php\/wp-json\/wp\/v2\/comments?post=12162"}],"version-history":[{"count":6,"href":"https:\/\/www.duerodeporte.com\/index.php\/wp-json\/wp\/v2\/posts\/12162\/revisions"}],"predecessor-version":[{"id":12172,"href":"https:\/\/www.duerodeporte.com\/index.php\/wp-json\/wp\/v2\/posts\/12162\/revisions\/12172"}],"wp:featuredmedia":[{"embeddable":true,"href":"https:\/\/www.duerodeporte.com\/index.php\/wp-json\/wp\/v2\/media\/12164"}],"wp:attachment":[{"href":"https:\/\/www.duerodeporte.com\/index.php\/wp-json\/wp\/v2\/media?parent=12162"}],"wp:term":[{"taxonomy":"category","embeddable":true,"href":"https:\/\/www.duerodeporte.com\/index.php\/wp-json\/wp\/v2\/categories?post=12162"},{"taxonomy":"post_tag","embeddable":true,"href":"https:\/\/www.duerodeporte.com\/index.php\/wp-json\/wp\/v2\/tags?post=12162"}],"curies":[{"name":"wp","href":"https:\/\/api.w.org\/{rel}","templated":true}]}}