{"id":12255,"date":"2025-06-19T00:54:22","date_gmt":"2025-06-18T23:54:22","guid":{"rendered":"https:\/\/www.duerodeporte.com\/?p=12255"},"modified":"2025-06-19T00:55:43","modified_gmt":"2025-06-18T23:55:43","slug":"asi-esta-el-mercado-en-asobal","status":"publish","type":"post","link":"https:\/\/www.duerodeporte.com\/index.php\/archivos\/12255","title":{"rendered":"As\u00ed est\u00e1 el mercado en ASOBAL"},"content":{"rendered":"\n<h2 class=\"wp-block-heading\">Despu\u00e9s de tres semanas tras el final de la temporada, muchos son las incorporaciones en los clubes de la m\u00e1xima categor\u00eda. Tubos Aranda es uno de los clubes m\u00e1s reforzados hasta el momento, con ocho altas. Mientras, el reci\u00e9n ascendido EON Alicante lidera la tabla con 11 caras nuevas, y en lado contrario, Huesca a\u00fan no ha anunciado ning\u00fan fichaje<\/h2>\n\n\n\n<p>El <strong>mercado <\/strong>de <strong><a href=\"https:\/\/asobal.es\/\">Liga ASOBAL<\/a> <\/strong>suma un total de <strong>84 fichajes <\/strong>de cara a la <strong>temporada 25-26<\/strong>. Apenas se han cumplido tres semanas tras echar la persiana al curso pasado y las noticias de fichajes abundan entre los clubes que conformar\u00e1n la competici\u00f3n el pr\u00f3ximo a\u00f1o.<\/p>\n\n\n<div class=\"wp-block-image\">\n<figure class=\"aligncenter size-large\"><a href=\"https:\/\/multiriber.com\/\"><img loading=\"lazy\" decoding=\"async\" width=\"1024\" height=\"234\" src=\"https:\/\/www.duerodeporte.com\/wp-content\/uploads\/2023\/11\/multiriber-1024x234.png\" alt=\"\" class=\"wp-image-7716\" srcset=\"https:\/\/www.duerodeporte.com\/wp-content\/uploads\/2023\/11\/multiriber-1024x234.png 1024w, https:\/\/www.duerodeporte.com\/wp-content\/uploads\/2023\/11\/multiriber-300x69.png 300w, https:\/\/www.duerodeporte.com\/wp-content\/uploads\/2023\/11\/multiriber-768x176.png 768w, https:\/\/www.duerodeporte.com\/wp-content\/uploads\/2023\/11\/multiriber-1536x351.png 1536w, https:\/\/www.duerodeporte.com\/wp-content\/uploads\/2023\/11\/multiriber-696x159.png 696w, https:\/\/www.duerodeporte.com\/wp-content\/uploads\/2023\/11\/multiriber-1068x244.png 1068w, https:\/\/www.duerodeporte.com\/wp-content\/uploads\/2023\/11\/multiriber.png 1845w\" sizes=\"auto, (max-width: 1024px) 100vw, 1024px\" \/><\/a><\/figure>\n<\/div>\n\n\n<p>La pr\u00e1ctica totalidad de los 16 equipos inscritos en la m\u00e1xima categor\u00eda del balonmano nacional ya han movido ficha. Tan solo <strong>Huesca no ha anunciado todav\u00eda ning\u00fan alta <\/strong>para el curso que viene.<\/p>\n\n\n\n<p>Hasta la fecha el equipo que mayor n\u00famero de fichajes ha realizado es uno de los reci\u00e9n ascendidos: <strong>EON Alicante<\/strong>. Los levantinos dirigidos por Latorre ha anunciado ya un total de <strong>11 refuerzos<\/strong> para su hist\u00f3rico estreno en la m\u00e1xima categor\u00eda.<\/p>\n\n\n\n<p>Por su parte,<strong> <a href=\"https:\/\/www.bmvilladearanda.com\/\">Tubos Aranda Villa de Aranda<\/a><\/strong> es uno de los equipos que m\u00e1s se ha reforzado hasta el momento, con <strong>ocho <\/strong>(<strong>Mart\u00ednez, Arias, Teixeira, Pereira, Iribar, Sladkowski, Poveda y Bors<\/strong>)<\/p>\n\n\n\n<figure class=\"wp-block-embed is-type-rich is-provider-twitter wp-block-embed-twitter\"><div class=\"wp-block-embed__wrapper\">\n<blockquote class=\"twitter-tweet\" data-width=\"550\" data-dnt=\"true\"><p lang=\"es\" dir=\"ltr\">\ud83d\udfe0 BALONMANO<br><br>\ud83e\udd3e\ud83c\udffb\u200d\u2642\ufe0f <a href=\"https:\/\/twitter.com\/hashtag\/TubosAranda?src=hash&amp;ref_src=twsrc%5Etfw\">#TubosAranda<\/a> <a href=\"https:\/\/twitter.com\/bmvillaaranda?ref_src=twsrc%5Etfw\">@bmvillaaranda<\/a> confirma el fichaje del let\u00f3n Andis Bors que ya avanz\u00f3 DUERO Deporte<br><br>\u27a1\ufe0f El extremo internacional se suma al proyecto <a href=\"https:\/\/twitter.com\/hashtag\/amarillo?src=hash&amp;ref_src=twsrc%5Etfw\">#amarillo<\/a> 2\ufe0f\u20e35\ufe0f\u20e3-2\ufe0f\u20e36\ufe0f\u20e3 donde jugar\u00e1 con su compatriota Rogonovs<br><br>\ud83d\udc49\ud83c\udffb Lo cont\u00f3 <a href=\"https:\/\/t.co\/QxLvd9klfJ\">https:\/\/t.co\/QxLvd9klfJ<\/a>:\u2026 <a href=\"https:\/\/t.co\/UBDBe9EI02\">https:\/\/t.co\/UBDBe9EI02<\/a> <a href=\"https:\/\/t.co\/FNjxqCTJKi\">pic.twitter.com\/FNjxqCTJKi<\/a><\/p>&mdash; Diego A. Mart\u00edn (duerodeporte.com) (@Diegoamartin13) <a href=\"https:\/\/twitter.com\/Diegoamartin13\/status\/1933888740813910331?ref_src=twsrc%5Etfw\">June 14, 2025<\/a><\/blockquote><script async src=\"https:\/\/platform.twitter.com\/widgets.js\" charset=\"utf-8\"><\/script>\n<\/div><\/figure>\n\n\n\n<p>En n\u00fameros muy parecidos se mueven otras cuatro escuadras, con siete fichajes cada una: <strong>Granollers<\/strong> (Fis, Palomino, Figueras, Fischer, Reguart, Krivokapic y Armengol); <strong>Logro\u00f1o <\/strong>(Popovic, Miguel Mart\u00ednez, \u00c1lvaro Mart\u00ednez, Pestic, Garc\u00eda, Lombardi y Cancio); <strong>Cuenca<\/strong> (Aldini, Colmena, Notario, Mosquera, Koks, Arguillas y Mendes) y <strong>Cangas <\/strong>(Suljevic, D\u2019Antonio, Rivero, L\u00f3pez, Castro, Ludman y Pereiro)<\/p>\n\n\n\n<p>Con seis nuevas caras en sus proyectos est\u00e1n: <strong>Bar\u00e7a <\/strong>(Hallgrimsson, Fern\u00e1ndez, Fabregas, Cikusa, Barrufet y Elderaa); <strong>Bidasoa <\/strong>(Xavier, Valles, Peci\u00f1a, Nevado, Tua y Mielczarski) y <strong>Valladolid <\/strong>(Serrano, Cabral, \u00c1lex, Jozinovic, Forodean y Gey-Emparan)<\/p>\n\n\n\n<p>Les siguen los proyectos del otro reci\u00e9n ascendido: <strong>Caser\u00edo <\/strong>(Mach, M\u00ednguez, L\u00f3pez, Moreno y Domingo) y <strong>Nava <\/strong>(Brais, Baptista, Roca, Pasquet y Reig-Guillen) ambos con cinco refuerzos.<\/p>\n\n\n\n<p>Y ya en la retaguardia de aquellos que a\u00fan apenas han reforzado sus plantillas con tres y dos jugadores est\u00e1n: <strong>Guadalajara <\/strong>(Vera, Blanco y Vladic); <strong>Ademar <\/strong>(Saiz y Albizu); <strong>Torrelavega <\/strong>(Moyano y Carlos G\u00f3mez) y <strong>Puente Genil<\/strong> (Dorado y Carvalho)<\/p>\n\n\n<div class=\"wp-block-image\">\n<figure class=\"aligncenter size-large\"><a href=\"https:\/\/whatsapp.com\/channel\/0029VaKr9Jr5kg76tHjXkZ2b\"><img loading=\"lazy\" decoding=\"async\" width=\"1024\" height=\"80\" src=\"https:\/\/www.duerodeporte.com\/wp-content\/uploads\/2024\/06\/2-2-1024x80.png\" alt=\"\" class=\"wp-image-3887\" srcset=\"https:\/\/www.duerodeporte.com\/wp-content\/uploads\/2024\/06\/2-2-1024x80.png 1024w, https:\/\/www.duerodeporte.com\/wp-content\/uploads\/2024\/06\/2-2-300x23.png 300w, https:\/\/www.duerodeporte.com\/wp-content\/uploads\/2024\/06\/2-2-768x60.png 768w, https:\/\/www.duerodeporte.com\/wp-content\/uploads\/2024\/06\/2-2-1536x120.png 1536w, https:\/\/www.duerodeporte.com\/wp-content\/uploads\/2024\/06\/2-2-696x54.png 696w, https:\/\/www.duerodeporte.com\/wp-content\/uploads\/2024\/06\/2-2-1068x83.png 1068w, https:\/\/www.duerodeporte.com\/wp-content\/uploads\/2024\/06\/2-2.png 1920w\" sizes=\"auto, (max-width: 1024px) 100vw, 1024px\" \/><\/a><\/figure>\n<\/div>\n\n\n<h2 class=\"wp-block-heading\">Asamblea de Clubes de ASOBAL y problemas de futuro<\/h2>\n\n\n\n<p>Por otro lado, la pasada semana se celebraba la Asamblea de Clubes ASOBAL donde los clubes trataron de <strong>evaluar y cerrar las diferentes carpetas <\/strong>del final de la temporada 2024\/2025 y sentaron las bases para la siguiente campa\u00f1a. <\/p>\n\n\n\n<p>Mientras tanto, desde otros medios de comunicaci\u00f3n como es el caso de COPE, y concretamente<a href=\"https:\/\/www.cope.es\/blogs\/derosca\/2025\/06\/17\/asobal-vende-una-de-sus-dos-oficinas-para-tener-dinero\/?amp=1\"> <strong>Luis Malvar<\/strong> en el blog de <strong><em>Derosca<\/em><\/strong><\/a><strong><em> <\/em><\/strong>va m\u00e1s all\u00e1 y apunta problemas en la estabilidad de la competici\u00f3n. Dificultades que podr\u00edan <strong>poner en riesgo la condici\u00f3n de dLiga Profesional por el CSD<\/strong>, adem\u00e1s de apuntar que <strong>Plenitude <\/strong>dejar\u00eda de ser el sponsor oficial de la m\u00e1xima categor\u00eda del balonmano nacional.<\/p>\n","protected":false},"excerpt":{"rendered":"<p>Despu\u00e9s de tres semanas tras el final de la temporada, muchos son las incorporaciones en los clubes de la m\u00e1xima categor\u00eda. Tubos Aranda es uno de los clubes m\u00e1s reforzados [&hellip;]<\/p>\n","protected":false},"author":3,"featured_media":12262,"comment_status":"open","ping_status":"open","sticky":false,"template":"","format":"standard","meta":{"footnotes":""},"categories":[18,15],"tags":[43,177,27,40,28],"class_list":["post-12255","post","type-post","status-publish","format-standard","has-post-thumbnail","category-balonmano","category-portada","tag-aranda-de-duero","tag-asobal","tag-balonmano","tag-rfebm","tag-villa-de-aranda"],"yoast_head":"<!-- This site is optimized with the Yoast SEO plugin v27.5 - https:\/\/yoast.com\/product\/yoast-seo-wordpress\/ -->\r\n<title>As\u00ed est\u00e1 el mercado en ASOBAL<\/title>\r\n<meta name=\"description\" content=\"El Deporte de Aranda y las tierras del Duero\" \/>\r\n<meta name=\"robots\" content=\"index, follow, max-snippet:-1, max-image-preview:large, max-video-preview:-1\" \/>\r\n<link rel=\"canonical\" href=\"https:\/\/www.duerodeporte.com\/index.php\/archivos\/12255\" \/>\r\n<meta property=\"og:locale\" content=\"es_ES\" \/>\r\n<meta property=\"og:type\" content=\"article\" \/>\r\n<meta property=\"og:title\" content=\"As\u00ed est\u00e1 el mercado en ASOBAL\" \/>\r\n<meta property=\"og:description\" content=\"El Deporte de Aranda y las tierras del Duero\" \/>\r\n<meta property=\"og:url\" content=\"https:\/\/www.duerodeporte.com\/index.php\/archivos\/12255\" \/>\r\n<meta property=\"og:site_name\" content=\"Duero Deporte\" \/>\r\n<meta property=\"article:publisher\" content=\"https:\/\/www.facebook.com\/61555928375028\" \/>\r\n<meta property=\"article:published_time\" content=\"2025-06-18T23:54:22+00:00\" \/>\r\n<meta property=\"article:modified_time\" content=\"2025-06-18T23:55:43+00:00\" \/>\r\n<meta property=\"og:image\" content=\"https:\/\/www.duerodeporte.com\/wp-content\/uploads\/2025\/06\/Copia-de-Duero-Deporte-careta-deporte-2025-06-19T015125.200-1024x576.png\" \/>\r\n\t<meta property=\"og:image:width\" content=\"1024\" \/>\r\n\t<meta property=\"og:image:height\" content=\"576\" \/>\r\n\t<meta property=\"og:image:type\" content=\"image\/png\" \/>\r\n<meta name=\"author\" content=\"Diego A. Mart\u00edn\" \/>\r\n<meta name=\"twitter:card\" content=\"summary_large_image\" \/>\r\n<meta name=\"twitter:creator\" content=\"@Diegoamartin13\" \/>\r\n<meta name=\"twitter:site\" content=\"@Diegoamartin13\" \/>\r\n<meta name=\"twitter:label1\" content=\"Escrito por\" \/>\n\t<meta name=\"twitter:data1\" content=\"Diego A. Mart\u00edn\" \/>\n\t<meta name=\"twitter:label2\" content=\"Tiempo de lectura\" \/>\n\t<meta name=\"twitter:data2\" content=\"3 minutos\" \/>\r\n<script type=\"application\/ld+json\" class=\"yoast-schema-graph\">{\"@context\":\"https:\\\/\\\/schema.org\",\"@graph\":[{\"@type\":[\"Article\",\"SocialMediaPosting\"],\"@id\":\"https:\\\/\\\/www.duerodeporte.com\\\/index.php\\\/archivos\\\/12255#article\",\"isPartOf\":{\"@id\":\"https:\\\/\\\/www.duerodeporte.com\\\/index.php\\\/archivos\\\/12255\"},\"author\":{\"name\":\"Diego A. Mart\u00edn\",\"@id\":\"https:\\\/\\\/www.duerodeporte.com\\\/#\\\/schema\\\/person\\\/5f3368966f635b5ae0d23ffaf7a7f894\"},\"headline\":\"As\u00ed est\u00e1 el mercado en ASOBAL\",\"datePublished\":\"2025-06-18T23:54:22+00:00\",\"dateModified\":\"2025-06-18T23:55:43+00:00\",\"mainEntityOfPage\":{\"@id\":\"https:\\\/\\\/www.duerodeporte.com\\\/index.php\\\/archivos\\\/12255\"},\"wordCount\":535,\"commentCount\":0,\"publisher\":{\"@id\":\"https:\\\/\\\/www.duerodeporte.com\\\/#organization\"},\"image\":{\"@id\":\"https:\\\/\\\/www.duerodeporte.com\\\/index.php\\\/archivos\\\/12255#primaryimage\"},\"thumbnailUrl\":\"https:\\\/\\\/www.duerodeporte.com\\\/wp-content\\\/uploads\\\/2025\\\/06\\\/Copia-de-Duero-Deporte-careta-deporte-2025-06-19T015125.200.png\",\"keywords\":[\"aranda de duero\",\"Asobal\",\"balonmano\",\"Rfebm\",\"Villa de Aranda\"],\"articleSection\":[\"BALONMANO\",\"z_PORTADA\"],\"inLanguage\":\"es\",\"potentialAction\":[{\"@type\":\"CommentAction\",\"name\":\"Comment\",\"target\":[\"https:\\\/\\\/www.duerodeporte.com\\\/index.php\\\/archivos\\\/12255#respond\"]}]},{\"@type\":[\"WebPage\",\"ItemPage\"],\"@id\":\"https:\\\/\\\/www.duerodeporte.com\\\/index.php\\\/archivos\\\/12255\",\"url\":\"https:\\\/\\\/www.duerodeporte.com\\\/index.php\\\/archivos\\\/12255\",\"name\":\"As\u00ed est\u00e1 el mercado en ASOBAL\",\"isPartOf\":{\"@id\":\"https:\\\/\\\/www.duerodeporte.com\\\/#website\"},\"primaryImageOfPage\":{\"@id\":\"https:\\\/\\\/www.duerodeporte.com\\\/index.php\\\/archivos\\\/12255#primaryimage\"},\"image\":{\"@id\":\"https:\\\/\\\/www.duerodeporte.com\\\/index.php\\\/archivos\\\/12255#primaryimage\"},\"thumbnailUrl\":\"https:\\\/\\\/www.duerodeporte.com\\\/wp-content\\\/uploads\\\/2025\\\/06\\\/Copia-de-Duero-Deporte-careta-deporte-2025-06-19T015125.200.png\",\"datePublished\":\"2025-06-18T23:54:22+00:00\",\"dateModified\":\"2025-06-18T23:55:43+00:00\",\"description\":\"El Deporte de Aranda y las tierras del Duero\",\"breadcrumb\":{\"@id\":\"https:\\\/\\\/www.duerodeporte.com\\\/index.php\\\/archivos\\\/12255#breadcrumb\"},\"inLanguage\":\"es\",\"potentialAction\":[{\"@type\":\"ReadAction\",\"target\":[\"https:\\\/\\\/www.duerodeporte.com\\\/index.php\\\/archivos\\\/12255\"]}]},{\"@type\":\"ImageObject\",\"inLanguage\":\"es\",\"@id\":\"https:\\\/\\\/www.duerodeporte.com\\\/index.php\\\/archivos\\\/12255#primaryimage\",\"url\":\"https:\\\/\\\/www.duerodeporte.com\\\/wp-content\\\/uploads\\\/2025\\\/06\\\/Copia-de-Duero-Deporte-careta-deporte-2025-06-19T015125.200.png\",\"contentUrl\":\"https:\\\/\\\/www.duerodeporte.com\\\/wp-content\\\/uploads\\\/2025\\\/06\\\/Copia-de-Duero-Deporte-careta-deporte-2025-06-19T015125.200.png\",\"width\":1600,\"height\":900,\"caption\":\"El mercado de fichajes en ASOBAL ha movilizado a todos los clubes para la pr\u00f3xima temporada. \\\/ duerodeporte.com\"},{\"@type\":\"BreadcrumbList\",\"@id\":\"https:\\\/\\\/www.duerodeporte.com\\\/index.php\\\/archivos\\\/12255#breadcrumb\",\"itemListElement\":[{\"@type\":\"ListItem\",\"position\":1,\"name\":\"Portada\",\"item\":\"https:\\\/\\\/www.duerodeporte.com\\\/\"},{\"@type\":\"ListItem\",\"position\":2,\"name\":\"As\u00ed est\u00e1 el mercado en ASOBAL\"}]},{\"@type\":\"WebSite\",\"@id\":\"https:\\\/\\\/www.duerodeporte.com\\\/#website\",\"url\":\"https:\\\/\\\/www.duerodeporte.com\\\/\",\"name\":\"Duero Deporte\",\"description\":\"El Deporte de Aranda y las tierras del Duero\",\"publisher\":{\"@id\":\"https:\\\/\\\/www.duerodeporte.com\\\/#organization\"},\"alternateName\":\"El Deporte de Aranda y las tierras del Duero\",\"potentialAction\":[{\"@type\":\"SearchAction\",\"target\":{\"@type\":\"EntryPoint\",\"urlTemplate\":\"https:\\\/\\\/www.duerodeporte.com\\\/?s={search_term_string}\"},\"query-input\":{\"@type\":\"PropertyValueSpecification\",\"valueRequired\":true,\"valueName\":\"search_term_string\"}}],\"inLanguage\":\"es\"},{\"@type\":\"Organization\",\"@id\":\"https:\\\/\\\/www.duerodeporte.com\\\/#organization\",\"name\":\"Duero Deporte\",\"alternateName\":\"El Deporte de Aranda y las tierras del Duero\",\"url\":\"https:\\\/\\\/www.duerodeporte.com\\\/\",\"logo\":{\"@type\":\"ImageObject\",\"inLanguage\":\"es\",\"@id\":\"https:\\\/\\\/www.duerodeporte.com\\\/#\\\/schema\\\/logo\\\/image\\\/\",\"url\":\"https:\\\/\\\/www.duerodeporte.com\\\/wp-content\\\/uploads\\\/2023\\\/11\\\/A.ColorSinFondo-e1708011627555.png\",\"contentUrl\":\"https:\\\/\\\/www.duerodeporte.com\\\/wp-content\\\/uploads\\\/2023\\\/11\\\/A.ColorSinFondo-e1708011627555.png\",\"width\":750,\"height\":132,\"caption\":\"Duero Deporte\"},\"image\":{\"@id\":\"https:\\\/\\\/www.duerodeporte.com\\\/#\\\/schema\\\/logo\\\/image\\\/\"},\"sameAs\":[\"https:\\\/\\\/www.facebook.com\\\/61555928375028\",\"https:\\\/\\\/x.com\\\/Diegoamartin13\",\"https:\\\/\\\/www.youtube.com\\\/channel\\\/UCxIGQL8b9gmW-NjaChabCdA\"]},{\"@type\":\"Person\",\"@id\":\"https:\\\/\\\/www.duerodeporte.com\\\/#\\\/schema\\\/person\\\/5f3368966f635b5ae0d23ffaf7a7f894\",\"name\":\"Diego A. Mart\u00edn\",\"image\":{\"@type\":\"ImageObject\",\"inLanguage\":\"es\",\"@id\":\"https:\\\/\\\/www.duerodeporte.com\\\/wp-content\\\/uploads\\\/2024\\\/01\\\/Diego2-e1706522808572-150x150.jpeg\",\"url\":\"https:\\\/\\\/www.duerodeporte.com\\\/wp-content\\\/uploads\\\/2024\\\/01\\\/Diego2-e1706522808572-150x150.jpeg\",\"contentUrl\":\"https:\\\/\\\/www.duerodeporte.com\\\/wp-content\\\/uploads\\\/2024\\\/01\\\/Diego2-e1706522808572-150x150.jpeg\",\"caption\":\"Diego A. Mart\u00edn\"},\"url\":\"https:\\\/\\\/www.duerodeporte.com\\\/index.php\\\/archivos\\\/author\\\/diego\"}]}<\/script>\r\n<!-- \/ Yoast SEO plugin. -->","yoast_head_json":{"title":"As\u00ed est\u00e1 el mercado en ASOBAL","description":"El Deporte de Aranda y las tierras del Duero","robots":{"index":"index","follow":"follow","max-snippet":"max-snippet:-1","max-image-preview":"max-image-preview:large","max-video-preview":"max-video-preview:-1"},"canonical":"https:\/\/www.duerodeporte.com\/index.php\/archivos\/12255","og_locale":"es_ES","og_type":"article","og_title":"As\u00ed est\u00e1 el mercado en ASOBAL","og_description":"El Deporte de Aranda y las tierras del Duero","og_url":"https:\/\/www.duerodeporte.com\/index.php\/archivos\/12255","og_site_name":"Duero Deporte","article_publisher":"https:\/\/www.facebook.com\/61555928375028","article_published_time":"2025-06-18T23:54:22+00:00","article_modified_time":"2025-06-18T23:55:43+00:00","og_image":[{"width":1024,"height":576,"url":"https:\/\/www.duerodeporte.com\/wp-content\/uploads\/2025\/06\/Copia-de-Duero-Deporte-careta-deporte-2025-06-19T015125.200-1024x576.png","type":"image\/png"}],"author":"Diego A. Mart\u00edn","twitter_card":"summary_large_image","twitter_creator":"@Diegoamartin13","twitter_site":"@Diegoamartin13","twitter_misc":{"Escrito por":"Diego A. Mart\u00edn","Tiempo de lectura":"3 minutos"},"schema":{"@context":"https:\/\/schema.org","@graph":[{"@type":["Article","SocialMediaPosting"],"@id":"https:\/\/www.duerodeporte.com\/index.php\/archivos\/12255#article","isPartOf":{"@id":"https:\/\/www.duerodeporte.com\/index.php\/archivos\/12255"},"author":{"name":"Diego A. Mart\u00edn","@id":"https:\/\/www.duerodeporte.com\/#\/schema\/person\/5f3368966f635b5ae0d23ffaf7a7f894"},"headline":"As\u00ed est\u00e1 el mercado en ASOBAL","datePublished":"2025-06-18T23:54:22+00:00","dateModified":"2025-06-18T23:55:43+00:00","mainEntityOfPage":{"@id":"https:\/\/www.duerodeporte.com\/index.php\/archivos\/12255"},"wordCount":535,"commentCount":0,"publisher":{"@id":"https:\/\/www.duerodeporte.com\/#organization"},"image":{"@id":"https:\/\/www.duerodeporte.com\/index.php\/archivos\/12255#primaryimage"},"thumbnailUrl":"https:\/\/www.duerodeporte.com\/wp-content\/uploads\/2025\/06\/Copia-de-Duero-Deporte-careta-deporte-2025-06-19T015125.200.png","keywords":["aranda de duero","Asobal","balonmano","Rfebm","Villa de Aranda"],"articleSection":["BALONMANO","z_PORTADA"],"inLanguage":"es","potentialAction":[{"@type":"CommentAction","name":"Comment","target":["https:\/\/www.duerodeporte.com\/index.php\/archivos\/12255#respond"]}]},{"@type":["WebPage","ItemPage"],"@id":"https:\/\/www.duerodeporte.com\/index.php\/archivos\/12255","url":"https:\/\/www.duerodeporte.com\/index.php\/archivos\/12255","name":"As\u00ed est\u00e1 el mercado en ASOBAL","isPartOf":{"@id":"https:\/\/www.duerodeporte.com\/#website"},"primaryImageOfPage":{"@id":"https:\/\/www.duerodeporte.com\/index.php\/archivos\/12255#primaryimage"},"image":{"@id":"https:\/\/www.duerodeporte.com\/index.php\/archivos\/12255#primaryimage"},"thumbnailUrl":"https:\/\/www.duerodeporte.com\/wp-content\/uploads\/2025\/06\/Copia-de-Duero-Deporte-careta-deporte-2025-06-19T015125.200.png","datePublished":"2025-06-18T23:54:22+00:00","dateModified":"2025-06-18T23:55:43+00:00","description":"El Deporte de Aranda y las tierras del Duero","breadcrumb":{"@id":"https:\/\/www.duerodeporte.com\/index.php\/archivos\/12255#breadcrumb"},"inLanguage":"es","potentialAction":[{"@type":"ReadAction","target":["https:\/\/www.duerodeporte.com\/index.php\/archivos\/12255"]}]},{"@type":"ImageObject","inLanguage":"es","@id":"https:\/\/www.duerodeporte.com\/index.php\/archivos\/12255#primaryimage","url":"https:\/\/www.duerodeporte.com\/wp-content\/uploads\/2025\/06\/Copia-de-Duero-Deporte-careta-deporte-2025-06-19T015125.200.png","contentUrl":"https:\/\/www.duerodeporte.com\/wp-content\/uploads\/2025\/06\/Copia-de-Duero-Deporte-careta-deporte-2025-06-19T015125.200.png","width":1600,"height":900,"caption":"El mercado de fichajes en ASOBAL ha movilizado a todos los clubes para la pr\u00f3xima temporada. \/ duerodeporte.com"},{"@type":"BreadcrumbList","@id":"https:\/\/www.duerodeporte.com\/index.php\/archivos\/12255#breadcrumb","itemListElement":[{"@type":"ListItem","position":1,"name":"Portada","item":"https:\/\/www.duerodeporte.com\/"},{"@type":"ListItem","position":2,"name":"As\u00ed est\u00e1 el mercado en ASOBAL"}]},{"@type":"WebSite","@id":"https:\/\/www.duerodeporte.com\/#website","url":"https:\/\/www.duerodeporte.com\/","name":"Duero Deporte","description":"El Deporte de Aranda y las tierras del Duero","publisher":{"@id":"https:\/\/www.duerodeporte.com\/#organization"},"alternateName":"El Deporte de Aranda y las tierras del Duero","potentialAction":[{"@type":"SearchAction","target":{"@type":"EntryPoint","urlTemplate":"https:\/\/www.duerodeporte.com\/?s={search_term_string}"},"query-input":{"@type":"PropertyValueSpecification","valueRequired":true,"valueName":"search_term_string"}}],"inLanguage":"es"},{"@type":"Organization","@id":"https:\/\/www.duerodeporte.com\/#organization","name":"Duero Deporte","alternateName":"El Deporte de Aranda y las tierras del Duero","url":"https:\/\/www.duerodeporte.com\/","logo":{"@type":"ImageObject","inLanguage":"es","@id":"https:\/\/www.duerodeporte.com\/#\/schema\/logo\/image\/","url":"https:\/\/www.duerodeporte.com\/wp-content\/uploads\/2023\/11\/A.ColorSinFondo-e1708011627555.png","contentUrl":"https:\/\/www.duerodeporte.com\/wp-content\/uploads\/2023\/11\/A.ColorSinFondo-e1708011627555.png","width":750,"height":132,"caption":"Duero Deporte"},"image":{"@id":"https:\/\/www.duerodeporte.com\/#\/schema\/logo\/image\/"},"sameAs":["https:\/\/www.facebook.com\/61555928375028","https:\/\/x.com\/Diegoamartin13","https:\/\/www.youtube.com\/channel\/UCxIGQL8b9gmW-NjaChabCdA"]},{"@type":"Person","@id":"https:\/\/www.duerodeporte.com\/#\/schema\/person\/5f3368966f635b5ae0d23ffaf7a7f894","name":"Diego A. Mart\u00edn","image":{"@type":"ImageObject","inLanguage":"es","@id":"https:\/\/www.duerodeporte.com\/wp-content\/uploads\/2024\/01\/Diego2-e1706522808572-150x150.jpeg","url":"https:\/\/www.duerodeporte.com\/wp-content\/uploads\/2024\/01\/Diego2-e1706522808572-150x150.jpeg","contentUrl":"https:\/\/www.duerodeporte.com\/wp-content\/uploads\/2024\/01\/Diego2-e1706522808572-150x150.jpeg","caption":"Diego A. Mart\u00edn"},"url":"https:\/\/www.duerodeporte.com\/index.php\/archivos\/author\/diego"}]}},"views":643,"_links":{"self":[{"href":"https:\/\/www.duerodeporte.com\/index.php\/wp-json\/wp\/v2\/posts\/12255","targetHints":{"allow":["GET"]}}],"collection":[{"href":"https:\/\/www.duerodeporte.com\/index.php\/wp-json\/wp\/v2\/posts"}],"about":[{"href":"https:\/\/www.duerodeporte.com\/index.php\/wp-json\/wp\/v2\/types\/post"}],"author":[{"embeddable":true,"href":"https:\/\/www.duerodeporte.com\/index.php\/wp-json\/wp\/v2\/users\/3"}],"replies":[{"embeddable":true,"href":"https:\/\/www.duerodeporte.com\/index.php\/wp-json\/wp\/v2\/comments?post=12255"}],"version-history":[{"count":8,"href":"https:\/\/www.duerodeporte.com\/index.php\/wp-json\/wp\/v2\/posts\/12255\/revisions"}],"predecessor-version":[{"id":12264,"href":"https:\/\/www.duerodeporte.com\/index.php\/wp-json\/wp\/v2\/posts\/12255\/revisions\/12264"}],"wp:featuredmedia":[{"embeddable":true,"href":"https:\/\/www.duerodeporte.com\/index.php\/wp-json\/wp\/v2\/media\/12262"}],"wp:attachment":[{"href":"https:\/\/www.duerodeporte.com\/index.php\/wp-json\/wp\/v2\/media?parent=12255"}],"wp:term":[{"taxonomy":"category","embeddable":true,"href":"https:\/\/www.duerodeporte.com\/index.php\/wp-json\/wp\/v2\/categories?post=12255"},{"taxonomy":"post_tag","embeddable":true,"href":"https:\/\/www.duerodeporte.com\/index.php\/wp-json\/wp\/v2\/tags?post=12255"}],"curies":[{"name":"wp","href":"https:\/\/api.w.org\/{rel}","templated":true}]}}