{"id":12266,"date":"2025-06-19T13:35:50","date_gmt":"2025-06-19T12:35:50","guid":{"rendered":"https:\/\/www.duerodeporte.com\/?p=12266"},"modified":"2025-06-19T16:31:57","modified_gmt":"2025-06-19T15:31:57","slug":"las-tierras-del-duero-estan-presentes-en-el-campeonato-de-espana-sub-18","status":"publish","type":"post","link":"https:\/\/www.duerodeporte.com\/index.php\/archivos\/12266","title":{"rendered":"Las Tierras del Duero est\u00e1n presentes en el Campeonato de Espa\u00f1a Sub-18"},"content":{"rendered":"\n<h2 class=\"wp-block-heading\">Un total de siete arandinos representar\u00e1n a Castilla y Le\u00f3n en el Nacional que se disputa este s\u00e1bado (17:30 h) en el Estadi Muncipal Josep Pla i Arbon\u00e9s de Parafrugell (Girona) Elena Mart\u00ednez, Ariadna Andr\u00e9s, Alejandra Ortu\u00f1o, Nerea Pe\u00f1a, Bel\u00e9n Gonzalo y C\u00e9sar Santos viajan con el combinado auton\u00f3mico con alguna opci\u00f3n de medalla<\/h2>\n\n\n\n<p>El <strong><a href=\"https:\/\/atletismorfea.es\/federacion\/communication-hub\/noticias\/palafrugell-acoge-los-mejores-sub18-de-17-federaciones-autonomicas\">Campeonato de Espa\u00f1a Sub-18 por Federaci\u00f3n Auton\u00f3micas<\/a><\/strong> se disputa este pr\u00f3ximo <strong>s\u00e1bado 21 de junio<\/strong> -a partir de las 17:30 horas- en la localidad de <strong>Palafrugell <\/strong>(<strong>Girona<\/strong>) Una cita que no estar\u00e1 exenta del gran momento por el que atraviesa el atletismo en las Tierras del Duero. As\u00ed, un total de <strong>siete atletas de Aranda de Duero <\/strong>vestir\u00e1n la indumentaria de la selecci\u00f3n de Castilla y Le\u00f3n en las instalaciones del Estadi Muncipal Josep Pla i Arbon\u00e9s.<\/p>\n\n\n<div class=\"wp-block-image\">\n<figure class=\"alignright size-large\"><a href=\"https:\/\/whatsapp.com\/channel\/0029VaKr9Jr5kg76tHjXkZ2b\"><img loading=\"lazy\" decoding=\"async\" width=\"1024\" height=\"80\" src=\"https:\/\/www.duerodeporte.com\/wp-content\/uploads\/2024\/06\/2-2-1024x80.png\" alt=\"\" class=\"wp-image-3887\" srcset=\"https:\/\/www.duerodeporte.com\/wp-content\/uploads\/2024\/06\/2-2-1024x80.png 1024w, https:\/\/www.duerodeporte.com\/wp-content\/uploads\/2024\/06\/2-2-300x23.png 300w, https:\/\/www.duerodeporte.com\/wp-content\/uploads\/2024\/06\/2-2-768x60.png 768w, https:\/\/www.duerodeporte.com\/wp-content\/uploads\/2024\/06\/2-2-1536x120.png 1536w, https:\/\/www.duerodeporte.com\/wp-content\/uploads\/2024\/06\/2-2-696x54.png 696w, https:\/\/www.duerodeporte.com\/wp-content\/uploads\/2024\/06\/2-2-1068x83.png 1068w, https:\/\/www.duerodeporte.com\/wp-content\/uploads\/2024\/06\/2-2.png 1920w\" sizes=\"auto, (max-width: 1024px) 100vw, 1024px\" \/><\/a><\/figure>\n<\/div>\n\n\n<p>Cuatro integrantes del <strong><a href=\"https:\/\/www.instagram.com\/arandaatletismo\/?hl=es\">Atletismo Aranda<\/a><\/strong> estar\u00e1n presentes en la cita: Elena Mart\u00ednez, Nerea Pe\u00f1a, Bel\u00e9n Gonzalo y C\u00e9sar Santos -reserva-. Del mismo modo, Alejandra Ortu\u00f1o del UBU Campos de Castilla-miembro de la Asociaci\u00f3n<a href=\"https:\/\/www.instagram.com\/a.d.atletismo_ribera\/?hl=es\"> <strong>Atletismo Ribera<\/strong><\/a>&#8211; tambi\u00e9n estar\u00e1 presente en la cita nacional intercomunitaria.<\/p>\n\n\n\n<p><strong><a href=\"https:\/\/www.instagram.com\/elenaa_m.c\/?hl=es\">Elena Mart\u00ednez<\/a><\/strong> doblar\u00e1 con su presencia en la prueba de <strong>400 vallas <\/strong>(<strong>1:03.44<\/strong>) y el relevo <strong>4&#215;400 mixtos<\/strong>. Ser\u00e1 una baza importante para el combinado castellano y leon\u00e9s demostrando estar siempre entre las mejores atletas en cada competici\u00f3n. De hecho llega con la<strong> 2\u00aa mejor marca de las participantes<\/strong> y opciones de sumar medalla.<\/p>\n\n\n\n<p><strong><a href=\"https:\/\/www.instagram.com\/_.ariii10\/?hl=es\">Ariadna Andr\u00e9s <\/a><\/strong>ser\u00e1 <strong>la gran favorita <\/strong>en la prueba de lanzamiento de <strong>peso<\/strong>. La del Playas de Castell\u00f3n se presenta en la cita con una marca de <strong>16.21 metros<\/strong>, \u00fanica de las participantes que ha rebasado la l\u00ednea de los 16 metros.<\/p>\n\n\n\n<p>Por su parte, <strong><a href=\"https:\/\/www.instagram.com\/ale_oa27\/?hl=es\">Alejandra Ortu\u00f1o<\/a><\/strong>, otra de las grandes referentes del mediofondo auton\u00f3mico y nacional, tomar\u00e1 parte en la prueba de los <strong>1.500 metros <\/strong>(<strong>4:49.59<\/strong>) con la 10\u00aa mejor marca de las participantes.<\/p>\n\n\n\n<p>Junto a ellas en la velocidad otro integrante m\u00e1s para las pruebas de pista, <strong><a href=\"https:\/\/www.instagram.com\/pablotardajos_\/?hl=es\">Pablo Tardajos <\/a><\/strong>(Atl\u00e9tico Salamanca &#8211; Atletismo Ribera) se unir\u00e1 finalmente el <strong>relevo 4&#215;400<\/strong> <strong>mixto<\/strong>. Compartiendo protagonismo con su paisana Elena Mart\u00ednez.<\/p>\n\n\n\n<p>En cuanto a los concursos, <strong>Nerea Pe\u00f1a<\/strong> (altura) y <strong>Bel\u00e9n Gonzalo<\/strong> (martillo) llegan a la cita con ilusi\u00f3n y en un buen estado de forma. <strong>Pe\u00f1a <\/strong>llega a este nacional por Federaciones Auton\u00f3micas con una marca de <strong>1.55 metros<\/strong> -15\u00aa de las 17 lanzadoras en liza-. Mientras, <strong>Bel\u00e9n <\/strong>con una marca de<strong> 44.16 metros<\/strong> ser\u00e1 la 13\u00aa mejor marca del concurso en la presentaci\u00f3n de candidatas.<\/p>\n\n\n\n<p>Adem\u00e1s, en <strong>C\u00e9sar Santos<\/strong> tambi\u00e9n viajar\u00e1 con la posibilidad de entrar a participar si fuera necesario en las prueba de 100 o 400 metros, pero <strong>en principio estar\u00e1 como atleta suplente<\/strong> pensando en lo que tiene por delante estas pr\u00f3ximas semanas.<\/p>\n\n\n\n<figure class=\"wp-block-embed is-type-rich is-provider-twitter wp-block-embed-twitter\"><div class=\"wp-block-embed__wrapper\">\n<blockquote class=\"twitter-tweet\" data-width=\"550\" data-dnt=\"true\"><p lang=\"es\" dir=\"ltr\">\ud83d\udfe0 ATLETISMO<br><br>\ud83c\udfc3\ud83c\udffb\u200d\u2642\ufe0f El entrenador de <a href=\"https:\/\/twitter.com\/atletismoRFEA?ref_src=twsrc%5Etfw\">@atletismoRFEA<\/a>, \u00c1ngel Sol\u00eds, ha supervisado la sesi\u00f3n de trabajo de <a href=\"https:\/\/twitter.com\/AtletismoAranda?ref_src=twsrc%5Etfw\">@AtletismoAranda<\/a> en las pistas Juan Carlos Higuero<br><br>\u27a1\ufe0f Los atletas de combinadas y vallistas de las Tierras del Duero se preparan para las pr\u00f3ximas pruebas <a href=\"https:\/\/twitter.com\/fetacyl?ref_src=twsrc%5Etfw\">@fetacyl<\/a> y\u2026 <a href=\"https:\/\/t.co\/XSNPTwWtRS\">pic.twitter.com\/XSNPTwWtRS<\/a><\/p>&mdash; Diego A. Mart\u00edn (duerodeporte.com) (@Diegoamartin13) <a href=\"https:\/\/twitter.com\/Diegoamartin13\/status\/1935055889402315003?ref_src=twsrc%5Etfw\">June 17, 2025<\/a><\/blockquote><script async src=\"https:\/\/platform.twitter.com\/widgets.js\" charset=\"utf-8\"><\/script>\n<\/div><\/figure>\n\n\n\n<h2 class=\"wp-block-heading\">Medio millar de atletas y competici\u00f3n por streaming<\/h2>\n\n\n\n<p>Un total de\u00a0<strong>445 atletas <\/strong>-227 mujeres y 218 hombres- se reunir\u00e1n en el presente Campeonato. <strong>Andaluc\u00eda <\/strong>defender\u00e1 el t\u00edtulo logrado la pasada temporada. Una competici\u00f3n cuyo palmar\u00e9s sit\u00faa a los anfitriones, la selecci\u00f3n de <strong>Catalu\u00f1a<\/strong>, como la Federaci\u00f3n m\u00e1s laureada con un total de cinco t\u00edtulos.<\/p>\n\n\n\n<p>La competici\u00f3n se retransmitir\u00e1 \u00edntegramente en<a href=\"https:\/\/www.laligaplus.laliga.com\/scheduled-livestream\/9cbeefca-0c1e-4792-6c1a-08dd9dcb5fb7\">\u00a0<strong>LaLiga+<\/strong><\/a>, y tambi\u00e9n podr\u00e1n seguirse los resultados m\u00e1s destacados en la cuenta de Twitter de\u00a0<strong><a href=\"https:\/\/x.com\/atletismoRFEA\">@atletismoRFEA<\/a><\/strong>\u00a0bajo el hashtag\u00a0<strong>#CEAtletismoFFAAsub18.\u00a0<\/strong><\/p>\n","protected":false},"excerpt":{"rendered":"<p>Un total de siete arandinos representar\u00e1n a Castilla y Le\u00f3n en el Nacional que se disputa este s\u00e1bado (17:30 h) en el Estadi Muncipal Josep Pla i Arbon\u00e9s de Parafrugell [&hellip;]<\/p>\n","protected":false},"author":3,"featured_media":12281,"comment_status":"open","ping_status":"open","sticky":false,"template":"","format":"standard","meta":{"footnotes":""},"categories":[20,15],"tags":[43,34,101,904,163],"class_list":["post-12266","post","type-post","status-publish","format-standard","has-post-thumbnail","category-atletismo","category-portada","tag-aranda-de-duero","tag-castilla-y-leon","tag-fetacyl","tag-palafrugell","tag-rfea"],"yoast_head":"<!-- This site is optimized with the Yoast SEO plugin v27.5 - https:\/\/yoast.com\/product\/yoast-seo-wordpress\/ -->\r\n<title>Las Tierras del Duero est\u00e1n presentes en el Campeonato de Espa\u00f1a Sub-18<\/title>\r\n<meta name=\"description\" content=\"El Deporte de Aranda y las tierras del Duero\" \/>\r\n<meta name=\"robots\" content=\"index, follow, max-snippet:-1, max-image-preview:large, max-video-preview:-1\" \/>\r\n<link rel=\"canonical\" href=\"https:\/\/www.duerodeporte.com\/index.php\/archivos\/12266\" \/>\r\n<meta property=\"og:locale\" content=\"es_ES\" \/>\r\n<meta property=\"og:type\" content=\"article\" \/>\r\n<meta property=\"og:title\" content=\"Las Tierras del Duero est\u00e1n presentes en el Campeonato de Espa\u00f1a Sub-18\" \/>\r\n<meta property=\"og:description\" content=\"El Deporte de Aranda y las tierras del Duero\" \/>\r\n<meta property=\"og:url\" content=\"https:\/\/www.duerodeporte.com\/index.php\/archivos\/12266\" \/>\r\n<meta property=\"og:site_name\" content=\"Duero Deporte\" \/>\r\n<meta property=\"article:publisher\" content=\"https:\/\/www.facebook.com\/61555928375028\" \/>\r\n<meta property=\"article:published_time\" content=\"2025-06-19T12:35:50+00:00\" \/>\r\n<meta property=\"article:modified_time\" content=\"2025-06-19T15:31:57+00:00\" \/>\r\n<meta property=\"og:image\" content=\"https:\/\/www.duerodeporte.com\/wp-content\/uploads\/2025\/06\/Copia-de-Duero-Deporte-careta-deporte-2025-06-19T170025.634-1024x576.png\" \/>\r\n\t<meta property=\"og:image:width\" content=\"1024\" \/>\r\n\t<meta property=\"og:image:height\" content=\"576\" \/>\r\n\t<meta property=\"og:image:type\" content=\"image\/png\" \/>\r\n<meta name=\"author\" content=\"Diego A. Mart\u00edn\" \/>\r\n<meta name=\"twitter:card\" content=\"summary_large_image\" \/>\r\n<meta name=\"twitter:creator\" content=\"@Diegoamartin13\" \/>\r\n<meta name=\"twitter:site\" content=\"@Diegoamartin13\" \/>\r\n<meta name=\"twitter:label1\" content=\"Escrito por\" \/>\n\t<meta name=\"twitter:data1\" content=\"Diego A. Mart\u00edn\" \/>\n\t<meta name=\"twitter:label2\" content=\"Tiempo de lectura\" \/>\n\t<meta name=\"twitter:data2\" content=\"3 minutos\" \/>\r\n<script type=\"application\/ld+json\" class=\"yoast-schema-graph\">{\"@context\":\"https:\\\/\\\/schema.org\",\"@graph\":[{\"@type\":[\"Article\",\"SocialMediaPosting\"],\"@id\":\"https:\\\/\\\/www.duerodeporte.com\\\/index.php\\\/archivos\\\/12266#article\",\"isPartOf\":{\"@id\":\"https:\\\/\\\/www.duerodeporte.com\\\/index.php\\\/archivos\\\/12266\"},\"author\":{\"name\":\"Diego A. Mart\u00edn\",\"@id\":\"https:\\\/\\\/www.duerodeporte.com\\\/#\\\/schema\\\/person\\\/5f3368966f635b5ae0d23ffaf7a7f894\"},\"headline\":\"Las Tierras del Duero est\u00e1n presentes en el Campeonato de Espa\u00f1a Sub-18\",\"datePublished\":\"2025-06-19T12:35:50+00:00\",\"dateModified\":\"2025-06-19T15:31:57+00:00\",\"mainEntityOfPage\":{\"@id\":\"https:\\\/\\\/www.duerodeporte.com\\\/index.php\\\/archivos\\\/12266\"},\"wordCount\":595,\"commentCount\":0,\"publisher\":{\"@id\":\"https:\\\/\\\/www.duerodeporte.com\\\/#organization\"},\"image\":{\"@id\":\"https:\\\/\\\/www.duerodeporte.com\\\/index.php\\\/archivos\\\/12266#primaryimage\"},\"thumbnailUrl\":\"https:\\\/\\\/www.duerodeporte.com\\\/wp-content\\\/uploads\\\/2025\\\/06\\\/Copia-de-Duero-Deporte-careta-deporte-2025-06-19T170025.634.png\",\"keywords\":[\"aranda de duero\",\"Castilla y Le\u00f3n\",\"Fetacyl\",\"Palafrugell\",\"rfea\"],\"articleSection\":[\"ATLETISMO\",\"z_PORTADA\"],\"inLanguage\":\"es\",\"potentialAction\":[{\"@type\":\"CommentAction\",\"name\":\"Comment\",\"target\":[\"https:\\\/\\\/www.duerodeporte.com\\\/index.php\\\/archivos\\\/12266#respond\"]}]},{\"@type\":[\"WebPage\",\"ItemPage\"],\"@id\":\"https:\\\/\\\/www.duerodeporte.com\\\/index.php\\\/archivos\\\/12266\",\"url\":\"https:\\\/\\\/www.duerodeporte.com\\\/index.php\\\/archivos\\\/12266\",\"name\":\"Las Tierras del Duero est\u00e1n presentes en el Campeonato de Espa\u00f1a Sub-18\",\"isPartOf\":{\"@id\":\"https:\\\/\\\/www.duerodeporte.com\\\/#website\"},\"primaryImageOfPage\":{\"@id\":\"https:\\\/\\\/www.duerodeporte.com\\\/index.php\\\/archivos\\\/12266#primaryimage\"},\"image\":{\"@id\":\"https:\\\/\\\/www.duerodeporte.com\\\/index.php\\\/archivos\\\/12266#primaryimage\"},\"thumbnailUrl\":\"https:\\\/\\\/www.duerodeporte.com\\\/wp-content\\\/uploads\\\/2025\\\/06\\\/Copia-de-Duero-Deporte-careta-deporte-2025-06-19T170025.634.png\",\"datePublished\":\"2025-06-19T12:35:50+00:00\",\"dateModified\":\"2025-06-19T15:31:57+00:00\",\"description\":\"El Deporte de Aranda y las tierras del Duero\",\"breadcrumb\":{\"@id\":\"https:\\\/\\\/www.duerodeporte.com\\\/index.php\\\/archivos\\\/12266#breadcrumb\"},\"inLanguage\":\"es\",\"potentialAction\":[{\"@type\":\"ReadAction\",\"target\":[\"https:\\\/\\\/www.duerodeporte.com\\\/index.php\\\/archivos\\\/12266\"]}]},{\"@type\":\"ImageObject\",\"inLanguage\":\"es\",\"@id\":\"https:\\\/\\\/www.duerodeporte.com\\\/index.php\\\/archivos\\\/12266#primaryimage\",\"url\":\"https:\\\/\\\/www.duerodeporte.com\\\/wp-content\\\/uploads\\\/2025\\\/06\\\/Copia-de-Duero-Deporte-careta-deporte-2025-06-19T170025.634.png\",\"contentUrl\":\"https:\\\/\\\/www.duerodeporte.com\\\/wp-content\\\/uploads\\\/2025\\\/06\\\/Copia-de-Duero-Deporte-careta-deporte-2025-06-19T170025.634.png\",\"width\":1600,\"height\":900,\"caption\":\"Nerea Pe\u00f1a, Bel\u00e9n Gonzalo, Pablo Tardajos, Elena Mart\u00ednez, Ariadna Andr\u00e9s, Alejandra Ortu\u00f1o y C\u00e9sar Santos -de izq. a dcha.- \\\/ duerodeporte.com\"},{\"@type\":\"BreadcrumbList\",\"@id\":\"https:\\\/\\\/www.duerodeporte.com\\\/index.php\\\/archivos\\\/12266#breadcrumb\",\"itemListElement\":[{\"@type\":\"ListItem\",\"position\":1,\"name\":\"Portada\",\"item\":\"https:\\\/\\\/www.duerodeporte.com\\\/\"},{\"@type\":\"ListItem\",\"position\":2,\"name\":\"Las Tierras del Duero est\u00e1n presentes en el Campeonato de Espa\u00f1a Sub-18\"}]},{\"@type\":\"WebSite\",\"@id\":\"https:\\\/\\\/www.duerodeporte.com\\\/#website\",\"url\":\"https:\\\/\\\/www.duerodeporte.com\\\/\",\"name\":\"Duero Deporte\",\"description\":\"El Deporte de Aranda y las tierras del Duero\",\"publisher\":{\"@id\":\"https:\\\/\\\/www.duerodeporte.com\\\/#organization\"},\"alternateName\":\"El Deporte de Aranda y las tierras del Duero\",\"potentialAction\":[{\"@type\":\"SearchAction\",\"target\":{\"@type\":\"EntryPoint\",\"urlTemplate\":\"https:\\\/\\\/www.duerodeporte.com\\\/?s={search_term_string}\"},\"query-input\":{\"@type\":\"PropertyValueSpecification\",\"valueRequired\":true,\"valueName\":\"search_term_string\"}}],\"inLanguage\":\"es\"},{\"@type\":\"Organization\",\"@id\":\"https:\\\/\\\/www.duerodeporte.com\\\/#organization\",\"name\":\"Duero Deporte\",\"alternateName\":\"El Deporte de Aranda y las tierras del Duero\",\"url\":\"https:\\\/\\\/www.duerodeporte.com\\\/\",\"logo\":{\"@type\":\"ImageObject\",\"inLanguage\":\"es\",\"@id\":\"https:\\\/\\\/www.duerodeporte.com\\\/#\\\/schema\\\/logo\\\/image\\\/\",\"url\":\"https:\\\/\\\/www.duerodeporte.com\\\/wp-content\\\/uploads\\\/2023\\\/11\\\/A.ColorSinFondo-e1708011627555.png\",\"contentUrl\":\"https:\\\/\\\/www.duerodeporte.com\\\/wp-content\\\/uploads\\\/2023\\\/11\\\/A.ColorSinFondo-e1708011627555.png\",\"width\":750,\"height\":132,\"caption\":\"Duero Deporte\"},\"image\":{\"@id\":\"https:\\\/\\\/www.duerodeporte.com\\\/#\\\/schema\\\/logo\\\/image\\\/\"},\"sameAs\":[\"https:\\\/\\\/www.facebook.com\\\/61555928375028\",\"https:\\\/\\\/x.com\\\/Diegoamartin13\",\"https:\\\/\\\/www.youtube.com\\\/channel\\\/UCxIGQL8b9gmW-NjaChabCdA\"]},{\"@type\":\"Person\",\"@id\":\"https:\\\/\\\/www.duerodeporte.com\\\/#\\\/schema\\\/person\\\/5f3368966f635b5ae0d23ffaf7a7f894\",\"name\":\"Diego A. Mart\u00edn\",\"image\":{\"@type\":\"ImageObject\",\"inLanguage\":\"es\",\"@id\":\"https:\\\/\\\/www.duerodeporte.com\\\/wp-content\\\/uploads\\\/2024\\\/01\\\/Diego2-e1706522808572-150x150.jpeg\",\"url\":\"https:\\\/\\\/www.duerodeporte.com\\\/wp-content\\\/uploads\\\/2024\\\/01\\\/Diego2-e1706522808572-150x150.jpeg\",\"contentUrl\":\"https:\\\/\\\/www.duerodeporte.com\\\/wp-content\\\/uploads\\\/2024\\\/01\\\/Diego2-e1706522808572-150x150.jpeg\",\"caption\":\"Diego A. Mart\u00edn\"},\"url\":\"https:\\\/\\\/www.duerodeporte.com\\\/index.php\\\/archivos\\\/author\\\/diego\"}]}<\/script>\r\n<!-- \/ Yoast SEO plugin. -->","yoast_head_json":{"title":"Las Tierras del Duero est\u00e1n presentes en el Campeonato de Espa\u00f1a Sub-18","description":"El Deporte de Aranda y las tierras del Duero","robots":{"index":"index","follow":"follow","max-snippet":"max-snippet:-1","max-image-preview":"max-image-preview:large","max-video-preview":"max-video-preview:-1"},"canonical":"https:\/\/www.duerodeporte.com\/index.php\/archivos\/12266","og_locale":"es_ES","og_type":"article","og_title":"Las Tierras del Duero est\u00e1n presentes en el Campeonato de Espa\u00f1a Sub-18","og_description":"El Deporte de Aranda y las tierras del Duero","og_url":"https:\/\/www.duerodeporte.com\/index.php\/archivos\/12266","og_site_name":"Duero Deporte","article_publisher":"https:\/\/www.facebook.com\/61555928375028","article_published_time":"2025-06-19T12:35:50+00:00","article_modified_time":"2025-06-19T15:31:57+00:00","og_image":[{"width":1024,"height":576,"url":"https:\/\/www.duerodeporte.com\/wp-content\/uploads\/2025\/06\/Copia-de-Duero-Deporte-careta-deporte-2025-06-19T170025.634-1024x576.png","type":"image\/png"}],"author":"Diego A. Mart\u00edn","twitter_card":"summary_large_image","twitter_creator":"@Diegoamartin13","twitter_site":"@Diegoamartin13","twitter_misc":{"Escrito por":"Diego A. Mart\u00edn","Tiempo de lectura":"3 minutos"},"schema":{"@context":"https:\/\/schema.org","@graph":[{"@type":["Article","SocialMediaPosting"],"@id":"https:\/\/www.duerodeporte.com\/index.php\/archivos\/12266#article","isPartOf":{"@id":"https:\/\/www.duerodeporte.com\/index.php\/archivos\/12266"},"author":{"name":"Diego A. Mart\u00edn","@id":"https:\/\/www.duerodeporte.com\/#\/schema\/person\/5f3368966f635b5ae0d23ffaf7a7f894"},"headline":"Las Tierras del Duero est\u00e1n presentes en el Campeonato de Espa\u00f1a Sub-18","datePublished":"2025-06-19T12:35:50+00:00","dateModified":"2025-06-19T15:31:57+00:00","mainEntityOfPage":{"@id":"https:\/\/www.duerodeporte.com\/index.php\/archivos\/12266"},"wordCount":595,"commentCount":0,"publisher":{"@id":"https:\/\/www.duerodeporte.com\/#organization"},"image":{"@id":"https:\/\/www.duerodeporte.com\/index.php\/archivos\/12266#primaryimage"},"thumbnailUrl":"https:\/\/www.duerodeporte.com\/wp-content\/uploads\/2025\/06\/Copia-de-Duero-Deporte-careta-deporte-2025-06-19T170025.634.png","keywords":["aranda de duero","Castilla y Le\u00f3n","Fetacyl","Palafrugell","rfea"],"articleSection":["ATLETISMO","z_PORTADA"],"inLanguage":"es","potentialAction":[{"@type":"CommentAction","name":"Comment","target":["https:\/\/www.duerodeporte.com\/index.php\/archivos\/12266#respond"]}]},{"@type":["WebPage","ItemPage"],"@id":"https:\/\/www.duerodeporte.com\/index.php\/archivos\/12266","url":"https:\/\/www.duerodeporte.com\/index.php\/archivos\/12266","name":"Las Tierras del Duero est\u00e1n presentes en el Campeonato de Espa\u00f1a Sub-18","isPartOf":{"@id":"https:\/\/www.duerodeporte.com\/#website"},"primaryImageOfPage":{"@id":"https:\/\/www.duerodeporte.com\/index.php\/archivos\/12266#primaryimage"},"image":{"@id":"https:\/\/www.duerodeporte.com\/index.php\/archivos\/12266#primaryimage"},"thumbnailUrl":"https:\/\/www.duerodeporte.com\/wp-content\/uploads\/2025\/06\/Copia-de-Duero-Deporte-careta-deporte-2025-06-19T170025.634.png","datePublished":"2025-06-19T12:35:50+00:00","dateModified":"2025-06-19T15:31:57+00:00","description":"El Deporte de Aranda y las tierras del Duero","breadcrumb":{"@id":"https:\/\/www.duerodeporte.com\/index.php\/archivos\/12266#breadcrumb"},"inLanguage":"es","potentialAction":[{"@type":"ReadAction","target":["https:\/\/www.duerodeporte.com\/index.php\/archivos\/12266"]}]},{"@type":"ImageObject","inLanguage":"es","@id":"https:\/\/www.duerodeporte.com\/index.php\/archivos\/12266#primaryimage","url":"https:\/\/www.duerodeporte.com\/wp-content\/uploads\/2025\/06\/Copia-de-Duero-Deporte-careta-deporte-2025-06-19T170025.634.png","contentUrl":"https:\/\/www.duerodeporte.com\/wp-content\/uploads\/2025\/06\/Copia-de-Duero-Deporte-careta-deporte-2025-06-19T170025.634.png","width":1600,"height":900,"caption":"Nerea Pe\u00f1a, Bel\u00e9n Gonzalo, Pablo Tardajos, Elena Mart\u00ednez, Ariadna Andr\u00e9s, Alejandra Ortu\u00f1o y C\u00e9sar Santos -de izq. a dcha.- \/ duerodeporte.com"},{"@type":"BreadcrumbList","@id":"https:\/\/www.duerodeporte.com\/index.php\/archivos\/12266#breadcrumb","itemListElement":[{"@type":"ListItem","position":1,"name":"Portada","item":"https:\/\/www.duerodeporte.com\/"},{"@type":"ListItem","position":2,"name":"Las Tierras del Duero est\u00e1n presentes en el Campeonato de Espa\u00f1a Sub-18"}]},{"@type":"WebSite","@id":"https:\/\/www.duerodeporte.com\/#website","url":"https:\/\/www.duerodeporte.com\/","name":"Duero Deporte","description":"El Deporte de Aranda y las tierras del Duero","publisher":{"@id":"https:\/\/www.duerodeporte.com\/#organization"},"alternateName":"El Deporte de Aranda y las tierras del Duero","potentialAction":[{"@type":"SearchAction","target":{"@type":"EntryPoint","urlTemplate":"https:\/\/www.duerodeporte.com\/?s={search_term_string}"},"query-input":{"@type":"PropertyValueSpecification","valueRequired":true,"valueName":"search_term_string"}}],"inLanguage":"es"},{"@type":"Organization","@id":"https:\/\/www.duerodeporte.com\/#organization","name":"Duero Deporte","alternateName":"El Deporte de Aranda y las tierras del Duero","url":"https:\/\/www.duerodeporte.com\/","logo":{"@type":"ImageObject","inLanguage":"es","@id":"https:\/\/www.duerodeporte.com\/#\/schema\/logo\/image\/","url":"https:\/\/www.duerodeporte.com\/wp-content\/uploads\/2023\/11\/A.ColorSinFondo-e1708011627555.png","contentUrl":"https:\/\/www.duerodeporte.com\/wp-content\/uploads\/2023\/11\/A.ColorSinFondo-e1708011627555.png","width":750,"height":132,"caption":"Duero Deporte"},"image":{"@id":"https:\/\/www.duerodeporte.com\/#\/schema\/logo\/image\/"},"sameAs":["https:\/\/www.facebook.com\/61555928375028","https:\/\/x.com\/Diegoamartin13","https:\/\/www.youtube.com\/channel\/UCxIGQL8b9gmW-NjaChabCdA"]},{"@type":"Person","@id":"https:\/\/www.duerodeporte.com\/#\/schema\/person\/5f3368966f635b5ae0d23ffaf7a7f894","name":"Diego A. Mart\u00edn","image":{"@type":"ImageObject","inLanguage":"es","@id":"https:\/\/www.duerodeporte.com\/wp-content\/uploads\/2024\/01\/Diego2-e1706522808572-150x150.jpeg","url":"https:\/\/www.duerodeporte.com\/wp-content\/uploads\/2024\/01\/Diego2-e1706522808572-150x150.jpeg","contentUrl":"https:\/\/www.duerodeporte.com\/wp-content\/uploads\/2024\/01\/Diego2-e1706522808572-150x150.jpeg","caption":"Diego A. Mart\u00edn"},"url":"https:\/\/www.duerodeporte.com\/index.php\/archivos\/author\/diego"}]}},"views":381,"_links":{"self":[{"href":"https:\/\/www.duerodeporte.com\/index.php\/wp-json\/wp\/v2\/posts\/12266","targetHints":{"allow":["GET"]}}],"collection":[{"href":"https:\/\/www.duerodeporte.com\/index.php\/wp-json\/wp\/v2\/posts"}],"about":[{"href":"https:\/\/www.duerodeporte.com\/index.php\/wp-json\/wp\/v2\/types\/post"}],"author":[{"embeddable":true,"href":"https:\/\/www.duerodeporte.com\/index.php\/wp-json\/wp\/v2\/users\/3"}],"replies":[{"embeddable":true,"href":"https:\/\/www.duerodeporte.com\/index.php\/wp-json\/wp\/v2\/comments?post=12266"}],"version-history":[{"count":13,"href":"https:\/\/www.duerodeporte.com\/index.php\/wp-json\/wp\/v2\/posts\/12266\/revisions"}],"predecessor-version":[{"id":12284,"href":"https:\/\/www.duerodeporte.com\/index.php\/wp-json\/wp\/v2\/posts\/12266\/revisions\/12284"}],"wp:featuredmedia":[{"embeddable":true,"href":"https:\/\/www.duerodeporte.com\/index.php\/wp-json\/wp\/v2\/media\/12281"}],"wp:attachment":[{"href":"https:\/\/www.duerodeporte.com\/index.php\/wp-json\/wp\/v2\/media?parent=12266"}],"wp:term":[{"taxonomy":"category","embeddable":true,"href":"https:\/\/www.duerodeporte.com\/index.php\/wp-json\/wp\/v2\/categories?post=12266"},{"taxonomy":"post_tag","embeddable":true,"href":"https:\/\/www.duerodeporte.com\/index.php\/wp-json\/wp\/v2\/tags?post=12266"}],"curies":[{"name":"wp","href":"https:\/\/api.w.org\/{rel}","templated":true}]}}