{"id":12729,"date":"2025-07-18T13:00:17","date_gmt":"2025-07-18T12:00:17","guid":{"rendered":"https:\/\/www.duerodeporte.com\/?p=12729"},"modified":"2025-07-18T15:34:12","modified_gmt":"2025-07-18T14:34:12","slug":"sara-martin-i-de-aranda","status":"publish","type":"post","link":"https:\/\/www.duerodeporte.com\/index.php\/archivos\/12729","title":{"rendered":"Sara Mart\u00edn I de Aranda"},"content":{"rendered":"\n<h2 class=\"wp-block-heading\">La afici\u00f3n arandina muestra con orgullo su cari\u00f1o a la flamante campeona de Espa\u00f1a. Una marcha en bicicleta por la villa y el acto conmemorativo en la Plaza del Trigo con la presencia del ex ciclista Carmelo Miranda, el entrenador de Sara en escuelas, Ventura Lafuente y al alcalde de Aranda, Antonio Linaje agasajan a la de Movistar con un maillot especial para la ocasi\u00f3n, flores y la bandera de Aranda<\/h2>\n\n\n\n<p><strong>Aranda de Duero se rinde a su gran campeona <a href=\"https:\/\/www.instagram.com\/samartinmartin\/?hl=es\">Sara Mart\u00edn<\/a><\/strong>.<a href=\"https:\/\/www.duerodeporte.com\/index.php\/archivos\/12465\"> La victoria en el reciente Campeonato de Espa\u00f1a, celebrado en Granada<\/a>, ha servido para que la ciclista de <strong><a href=\"https:\/\/www.instagram.com\/movistar_team\/?hl=es\">Movistar Team<\/a><\/strong> reciba todas la muestras de cari\u00f1o del mundo de la bici. Cerca de <strong>dos centenares de personas<\/strong> han acompa\u00f1ado en bicicleta a Mart\u00edn en un recorrido dise\u00f1ado por la Concejal\u00eda de Deportes.<\/p>\n\n\n\n<figure class=\"wp-block-image size-large\"><a href=\"https:\/\/www.duerodeporte.com\/wp-content\/uploads\/2024\/06\/2-2.png\"><img loading=\"lazy\" decoding=\"async\" width=\"1024\" height=\"80\" src=\"https:\/\/www.duerodeporte.com\/wp-content\/uploads\/2024\/06\/2-2-1024x80.png\" alt=\"\" class=\"wp-image-3887\" srcset=\"https:\/\/www.duerodeporte.com\/wp-content\/uploads\/2024\/06\/2-2-1024x80.png 1024w, https:\/\/www.duerodeporte.com\/wp-content\/uploads\/2024\/06\/2-2-300x23.png 300w, https:\/\/www.duerodeporte.com\/wp-content\/uploads\/2024\/06\/2-2-768x60.png 768w, https:\/\/www.duerodeporte.com\/wp-content\/uploads\/2024\/06\/2-2-1536x120.png 1536w, https:\/\/www.duerodeporte.com\/wp-content\/uploads\/2024\/06\/2-2-696x54.png 696w, https:\/\/www.duerodeporte.com\/wp-content\/uploads\/2024\/06\/2-2-1068x83.png 1068w, https:\/\/www.duerodeporte.com\/wp-content\/uploads\/2024\/06\/2-2.png 1920w\" sizes=\"auto, (max-width: 1024px) 100vw, 1024px\" \/><\/a><\/figure>\n\n\n\n<p>Con posterioridad, el acto presentado en la Plaza del Trigo por el director de <strong>DUERO Deporte<\/strong>, Diego Mart\u00edn, y el animador<strong> DJ Ziry<\/strong> ha contado con la presencia del alcalde de Aranda de Duero,<strong> Antonio Linaje<\/strong>; <strong>Ventura La fuente<\/strong> (entrenador en categor\u00edas) y el exciclista profesional y emblema Arandina, <strong>Carmelo Miranda<\/strong>.<\/p>\n\n\n\n<p>La campeona de Espa\u00f1a, que ya ha estrenado su nuevo maillot distintivo con los colores de Movistar, cuenta desde este jueves con un <strong>nuevo jersey tremendamente especial dise\u00f1ado para la ocasi\u00f3n<\/strong>. Una prenda del color <strong>celeste <\/strong>de la bandera de Aranda con una franja <strong>roji gualda<\/strong>, la baranda de Duero y el <strong>n\u00famero 31<\/strong> con el que Sara logr\u00f3 el pasado 29 de junio conquistar la cima del ciclismo espa\u00f1ol. El alcalde fue el encargado de entregarle la preciada prenda.<\/p>\n\n\n\n<p>A continuaci\u00f3n, <strong>Ventura La fuente<\/strong> ha compartido experiencias del paso de Sara Mart\u00edn por la escuela del <a href=\"https:\/\/www.instagram.com\/ccarandino\/?hl=es\">Club Ciclista Arandino<\/a>. Ahora los tiempos son otros y <a href=\"https:\/\/www.instagram.com\/veloclubribera\/?hl=es\">Veloclub Ribera del Duero <\/a>ha estado presente tambi\u00e9n en el acto de celebraci\u00f3n.<\/p>\n\n\n\n<figure class=\"wp-block-embed is-type-rich is-provider-twitter wp-block-embed-twitter\"><div class=\"wp-block-embed__wrapper\">\n<blockquote class=\"twitter-tweet\" data-width=\"550\" data-dnt=\"true\"><p lang=\"es\" dir=\"ltr\">\ud83d\udfe0 CICLISMO<br><br>\ud83d\udeb4\u200d\u2640\ufe0f El homenaje a <a href=\"https:\/\/twitter.com\/SamartinmartinA?ref_src=twsrc%5Etfw\">@SamartinmartinA<\/a> ha mostrado el orgullo de todos sus paisanos por la ciclista internacional <br><br>\u27a1\ufe0f Puedes repasar toda la ceremonia en honor a la flamante campeona de Espa\u00f1a en im\u00e1genes (parte 2)<br><br>\ud83c\udfa6 <a href=\"https:\/\/t.co\/QxLvd9klfJ\">https:\/\/t.co\/QxLvd9klfJ<\/a> <a href=\"https:\/\/t.co\/6ZaHJw5Trz\">pic.twitter.com\/6ZaHJw5Trz<\/a><\/p>&mdash; Diego A. Mart\u00edn (duerodeporte.com) (@Diegoamartin13) <a href=\"https:\/\/twitter.com\/Diegoamartin13\/status\/1945982323960201385?ref_src=twsrc%5Etfw\">July 17, 2025<\/a><\/blockquote><script async src=\"https:\/\/platform.twitter.com\/widgets.js\" charset=\"utf-8\"><\/script>\n<\/div><\/figure>\n\n\n\n<p>Finalmente, la organizaci\u00f3n quiso escenificar el relevo generacional con <strong>Carmelo Miranda<\/strong> quien le otorg\u00f3 una peque\u00f1a bandera de Aranda de Duero para culminar la celebraci\u00f3n.<\/p>\n\n\n\n<h2 class=\"wp-block-heading\">En el Tour de Francia<\/h2>\n\n\n\n<p>Por otro lado, Mart\u00edn ha dejado entrever su pr\u00f3xima presencia en la \u00a1<strong>Grande Boucl\u00e9<\/strong>&#8216; Ser\u00eda su segunda presencia en el Tour de Francia un hito solo al alcance de Carmelo Miranda.<\/p>\n","protected":false},"excerpt":{"rendered":"<p>La afici\u00f3n arandina muestra con orgullo su cari\u00f1o a la flamante campeona de Espa\u00f1a. Una marcha en bicicleta por la villa y el acto conmemorativo en la Plaza del Trigo [&hellip;]<\/p>\n","protected":false},"author":3,"featured_media":12736,"comment_status":"open","ping_status":"open","sticky":false,"template":"","format":"standard","meta":{"footnotes":""},"categories":[19,15],"tags":[43,51,80,108,81],"class_list":["post-12729","post","type-post","status-publish","format-standard","has-post-thumbnail","category-ciclismo","category-portada","tag-aranda-de-duero","tag-ciclismo","tag-movistar-team","tag-rfec","tag-sara-martin"],"yoast_head":"<!-- This site is optimized with the Yoast SEO plugin v27.5 - https:\/\/yoast.com\/product\/yoast-seo-wordpress\/ -->\r\n<title>Sara Mart\u00edn I de Aranda<\/title>\r\n<meta name=\"description\" content=\"El Deporte de Aranda y las tierras del Duero\" \/>\r\n<meta name=\"robots\" content=\"index, follow, max-snippet:-1, max-image-preview:large, max-video-preview:-1\" \/>\r\n<link rel=\"canonical\" href=\"https:\/\/www.duerodeporte.com\/index.php\/archivos\/12729\" \/>\r\n<meta property=\"og:locale\" content=\"es_ES\" \/>\r\n<meta property=\"og:type\" content=\"article\" \/>\r\n<meta property=\"og:title\" content=\"Sara Mart\u00edn I de Aranda\" \/>\r\n<meta property=\"og:description\" content=\"El Deporte de Aranda y las tierras del Duero\" \/>\r\n<meta property=\"og:url\" content=\"https:\/\/www.duerodeporte.com\/index.php\/archivos\/12729\" \/>\r\n<meta property=\"og:site_name\" content=\"Duero Deporte\" \/>\r\n<meta property=\"article:publisher\" content=\"https:\/\/www.facebook.com\/61555928375028\" \/>\r\n<meta property=\"article:published_time\" content=\"2025-07-18T12:00:17+00:00\" \/>\r\n<meta property=\"article:modified_time\" content=\"2025-07-18T14:34:12+00:00\" \/>\r\n<meta property=\"og:image\" content=\"https:\/\/www.duerodeporte.com\/wp-content\/uploads\/2025\/07\/WhatsApp-Image-2025-07-17-at-23.18.32.jpeg\" \/>\r\n\t<meta property=\"og:image:width\" content=\"1616\" \/>\r\n\t<meta property=\"og:image:height\" content=\"1080\" \/>\r\n\t<meta property=\"og:image:type\" content=\"image\/jpeg\" \/>\r\n<meta name=\"author\" content=\"Diego A. Mart\u00edn\" \/>\r\n<meta name=\"twitter:card\" content=\"summary_large_image\" \/>\r\n<meta name=\"twitter:creator\" content=\"@Diegoamartin13\" \/>\r\n<meta name=\"twitter:site\" content=\"@Diegoamartin13\" \/>\r\n<meta name=\"twitter:label1\" content=\"Escrito por\" \/>\n\t<meta name=\"twitter:data1\" content=\"Diego A. Mart\u00edn\" \/>\n\t<meta name=\"twitter:label2\" content=\"Tiempo de lectura\" \/>\n\t<meta name=\"twitter:data2\" content=\"3 minutos\" \/>\r\n<script type=\"application\/ld+json\" class=\"yoast-schema-graph\">{\"@context\":\"https:\\\/\\\/schema.org\",\"@graph\":[{\"@type\":[\"Article\",\"SocialMediaPosting\"],\"@id\":\"https:\\\/\\\/www.duerodeporte.com\\\/index.php\\\/archivos\\\/12729#article\",\"isPartOf\":{\"@id\":\"https:\\\/\\\/www.duerodeporte.com\\\/index.php\\\/archivos\\\/12729\"},\"author\":{\"name\":\"Diego A. Mart\u00edn\",\"@id\":\"https:\\\/\\\/www.duerodeporte.com\\\/#\\\/schema\\\/person\\\/5f3368966f635b5ae0d23ffaf7a7f894\"},\"headline\":\"Sara Mart\u00edn I de Aranda\",\"datePublished\":\"2025-07-18T12:00:17+00:00\",\"dateModified\":\"2025-07-18T14:34:12+00:00\",\"mainEntityOfPage\":{\"@id\":\"https:\\\/\\\/www.duerodeporte.com\\\/index.php\\\/archivos\\\/12729\"},\"wordCount\":402,\"commentCount\":0,\"publisher\":{\"@id\":\"https:\\\/\\\/www.duerodeporte.com\\\/#organization\"},\"image\":{\"@id\":\"https:\\\/\\\/www.duerodeporte.com\\\/index.php\\\/archivos\\\/12729#primaryimage\"},\"thumbnailUrl\":\"https:\\\/\\\/www.duerodeporte.com\\\/wp-content\\\/uploads\\\/2025\\\/07\\\/WhatsApp-Image-2025-07-17-at-23.18.32.jpeg\",\"keywords\":[\"aranda de duero\",\"ciclismo\",\"movistar team\",\"rfec\",\"sara mart\u00edn\"],\"articleSection\":[\"CICLISMO\",\"z_PORTADA\"],\"inLanguage\":\"es\",\"potentialAction\":[{\"@type\":\"CommentAction\",\"name\":\"Comment\",\"target\":[\"https:\\\/\\\/www.duerodeporte.com\\\/index.php\\\/archivos\\\/12729#respond\"]}]},{\"@type\":[\"WebPage\",\"ItemPage\"],\"@id\":\"https:\\\/\\\/www.duerodeporte.com\\\/index.php\\\/archivos\\\/12729\",\"url\":\"https:\\\/\\\/www.duerodeporte.com\\\/index.php\\\/archivos\\\/12729\",\"name\":\"Sara Mart\u00edn I de Aranda\",\"isPartOf\":{\"@id\":\"https:\\\/\\\/www.duerodeporte.com\\\/#website\"},\"primaryImageOfPage\":{\"@id\":\"https:\\\/\\\/www.duerodeporte.com\\\/index.php\\\/archivos\\\/12729#primaryimage\"},\"image\":{\"@id\":\"https:\\\/\\\/www.duerodeporte.com\\\/index.php\\\/archivos\\\/12729#primaryimage\"},\"thumbnailUrl\":\"https:\\\/\\\/www.duerodeporte.com\\\/wp-content\\\/uploads\\\/2025\\\/07\\\/WhatsApp-Image-2025-07-17-at-23.18.32.jpeg\",\"datePublished\":\"2025-07-18T12:00:17+00:00\",\"dateModified\":\"2025-07-18T14:34:12+00:00\",\"description\":\"El Deporte de Aranda y las tierras del Duero\",\"breadcrumb\":{\"@id\":\"https:\\\/\\\/www.duerodeporte.com\\\/index.php\\\/archivos\\\/12729#breadcrumb\"},\"inLanguage\":\"es\",\"potentialAction\":[{\"@type\":\"ReadAction\",\"target\":[\"https:\\\/\\\/www.duerodeporte.com\\\/index.php\\\/archivos\\\/12729\"]}]},{\"@type\":\"ImageObject\",\"inLanguage\":\"es\",\"@id\":\"https:\\\/\\\/www.duerodeporte.com\\\/index.php\\\/archivos\\\/12729#primaryimage\",\"url\":\"https:\\\/\\\/www.duerodeporte.com\\\/wp-content\\\/uploads\\\/2025\\\/07\\\/WhatsApp-Image-2025-07-17-at-23.18.32.jpeg\",\"contentUrl\":\"https:\\\/\\\/www.duerodeporte.com\\\/wp-content\\\/uploads\\\/2025\\\/07\\\/WhatsApp-Image-2025-07-17-at-23.18.32.jpeg\",\"width\":1616,\"height\":1080,\"caption\":\"Sara Mart\u00edn ya es un referente para los j\u00f3venes ciclistas de la localidad. \\\/ Eduardo Gorriz\"},{\"@type\":\"BreadcrumbList\",\"@id\":\"https:\\\/\\\/www.duerodeporte.com\\\/index.php\\\/archivos\\\/12729#breadcrumb\",\"itemListElement\":[{\"@type\":\"ListItem\",\"position\":1,\"name\":\"Portada\",\"item\":\"https:\\\/\\\/www.duerodeporte.com\\\/\"},{\"@type\":\"ListItem\",\"position\":2,\"name\":\"Sara Mart\u00edn I de Aranda\"}]},{\"@type\":\"WebSite\",\"@id\":\"https:\\\/\\\/www.duerodeporte.com\\\/#website\",\"url\":\"https:\\\/\\\/www.duerodeporte.com\\\/\",\"name\":\"Duero Deporte\",\"description\":\"El Deporte de Aranda y las tierras del Duero\",\"publisher\":{\"@id\":\"https:\\\/\\\/www.duerodeporte.com\\\/#organization\"},\"alternateName\":\"El Deporte de Aranda y las tierras del Duero\",\"potentialAction\":[{\"@type\":\"SearchAction\",\"target\":{\"@type\":\"EntryPoint\",\"urlTemplate\":\"https:\\\/\\\/www.duerodeporte.com\\\/?s={search_term_string}\"},\"query-input\":{\"@type\":\"PropertyValueSpecification\",\"valueRequired\":true,\"valueName\":\"search_term_string\"}}],\"inLanguage\":\"es\"},{\"@type\":\"Organization\",\"@id\":\"https:\\\/\\\/www.duerodeporte.com\\\/#organization\",\"name\":\"Duero Deporte\",\"alternateName\":\"El Deporte de Aranda y las tierras del Duero\",\"url\":\"https:\\\/\\\/www.duerodeporte.com\\\/\",\"logo\":{\"@type\":\"ImageObject\",\"inLanguage\":\"es\",\"@id\":\"https:\\\/\\\/www.duerodeporte.com\\\/#\\\/schema\\\/logo\\\/image\\\/\",\"url\":\"https:\\\/\\\/www.duerodeporte.com\\\/wp-content\\\/uploads\\\/2023\\\/11\\\/A.ColorSinFondo-e1708011627555.png\",\"contentUrl\":\"https:\\\/\\\/www.duerodeporte.com\\\/wp-content\\\/uploads\\\/2023\\\/11\\\/A.ColorSinFondo-e1708011627555.png\",\"width\":750,\"height\":132,\"caption\":\"Duero Deporte\"},\"image\":{\"@id\":\"https:\\\/\\\/www.duerodeporte.com\\\/#\\\/schema\\\/logo\\\/image\\\/\"},\"sameAs\":[\"https:\\\/\\\/www.facebook.com\\\/61555928375028\",\"https:\\\/\\\/x.com\\\/Diegoamartin13\",\"https:\\\/\\\/www.youtube.com\\\/channel\\\/UCxIGQL8b9gmW-NjaChabCdA\"]},{\"@type\":\"Person\",\"@id\":\"https:\\\/\\\/www.duerodeporte.com\\\/#\\\/schema\\\/person\\\/5f3368966f635b5ae0d23ffaf7a7f894\",\"name\":\"Diego A. Mart\u00edn\",\"image\":{\"@type\":\"ImageObject\",\"inLanguage\":\"es\",\"@id\":\"https:\\\/\\\/www.duerodeporte.com\\\/wp-content\\\/uploads\\\/2024\\\/01\\\/Diego2-e1706522808572-150x150.jpeg\",\"url\":\"https:\\\/\\\/www.duerodeporte.com\\\/wp-content\\\/uploads\\\/2024\\\/01\\\/Diego2-e1706522808572-150x150.jpeg\",\"contentUrl\":\"https:\\\/\\\/www.duerodeporte.com\\\/wp-content\\\/uploads\\\/2024\\\/01\\\/Diego2-e1706522808572-150x150.jpeg\",\"caption\":\"Diego A. Mart\u00edn\"},\"url\":\"https:\\\/\\\/www.duerodeporte.com\\\/index.php\\\/archivos\\\/author\\\/diego\"}]}<\/script>\r\n<!-- \/ Yoast SEO plugin. -->","yoast_head_json":{"title":"Sara Mart\u00edn I de Aranda","description":"El Deporte de Aranda y las tierras del Duero","robots":{"index":"index","follow":"follow","max-snippet":"max-snippet:-1","max-image-preview":"max-image-preview:large","max-video-preview":"max-video-preview:-1"},"canonical":"https:\/\/www.duerodeporte.com\/index.php\/archivos\/12729","og_locale":"es_ES","og_type":"article","og_title":"Sara Mart\u00edn I de Aranda","og_description":"El Deporte de Aranda y las tierras del Duero","og_url":"https:\/\/www.duerodeporte.com\/index.php\/archivos\/12729","og_site_name":"Duero Deporte","article_publisher":"https:\/\/www.facebook.com\/61555928375028","article_published_time":"2025-07-18T12:00:17+00:00","article_modified_time":"2025-07-18T14:34:12+00:00","og_image":[{"width":1616,"height":1080,"url":"https:\/\/www.duerodeporte.com\/wp-content\/uploads\/2025\/07\/WhatsApp-Image-2025-07-17-at-23.18.32.jpeg","type":"image\/jpeg"}],"author":"Diego A. Mart\u00edn","twitter_card":"summary_large_image","twitter_creator":"@Diegoamartin13","twitter_site":"@Diegoamartin13","twitter_misc":{"Escrito por":"Diego A. Mart\u00edn","Tiempo de lectura":"3 minutos"},"schema":{"@context":"https:\/\/schema.org","@graph":[{"@type":["Article","SocialMediaPosting"],"@id":"https:\/\/www.duerodeporte.com\/index.php\/archivos\/12729#article","isPartOf":{"@id":"https:\/\/www.duerodeporte.com\/index.php\/archivos\/12729"},"author":{"name":"Diego A. Mart\u00edn","@id":"https:\/\/www.duerodeporte.com\/#\/schema\/person\/5f3368966f635b5ae0d23ffaf7a7f894"},"headline":"Sara Mart\u00edn I de Aranda","datePublished":"2025-07-18T12:00:17+00:00","dateModified":"2025-07-18T14:34:12+00:00","mainEntityOfPage":{"@id":"https:\/\/www.duerodeporte.com\/index.php\/archivos\/12729"},"wordCount":402,"commentCount":0,"publisher":{"@id":"https:\/\/www.duerodeporte.com\/#organization"},"image":{"@id":"https:\/\/www.duerodeporte.com\/index.php\/archivos\/12729#primaryimage"},"thumbnailUrl":"https:\/\/www.duerodeporte.com\/wp-content\/uploads\/2025\/07\/WhatsApp-Image-2025-07-17-at-23.18.32.jpeg","keywords":["aranda de duero","ciclismo","movistar team","rfec","sara mart\u00edn"],"articleSection":["CICLISMO","z_PORTADA"],"inLanguage":"es","potentialAction":[{"@type":"CommentAction","name":"Comment","target":["https:\/\/www.duerodeporte.com\/index.php\/archivos\/12729#respond"]}]},{"@type":["WebPage","ItemPage"],"@id":"https:\/\/www.duerodeporte.com\/index.php\/archivos\/12729","url":"https:\/\/www.duerodeporte.com\/index.php\/archivos\/12729","name":"Sara Mart\u00edn I de Aranda","isPartOf":{"@id":"https:\/\/www.duerodeporte.com\/#website"},"primaryImageOfPage":{"@id":"https:\/\/www.duerodeporte.com\/index.php\/archivos\/12729#primaryimage"},"image":{"@id":"https:\/\/www.duerodeporte.com\/index.php\/archivos\/12729#primaryimage"},"thumbnailUrl":"https:\/\/www.duerodeporte.com\/wp-content\/uploads\/2025\/07\/WhatsApp-Image-2025-07-17-at-23.18.32.jpeg","datePublished":"2025-07-18T12:00:17+00:00","dateModified":"2025-07-18T14:34:12+00:00","description":"El Deporte de Aranda y las tierras del Duero","breadcrumb":{"@id":"https:\/\/www.duerodeporte.com\/index.php\/archivos\/12729#breadcrumb"},"inLanguage":"es","potentialAction":[{"@type":"ReadAction","target":["https:\/\/www.duerodeporte.com\/index.php\/archivos\/12729"]}]},{"@type":"ImageObject","inLanguage":"es","@id":"https:\/\/www.duerodeporte.com\/index.php\/archivos\/12729#primaryimage","url":"https:\/\/www.duerodeporte.com\/wp-content\/uploads\/2025\/07\/WhatsApp-Image-2025-07-17-at-23.18.32.jpeg","contentUrl":"https:\/\/www.duerodeporte.com\/wp-content\/uploads\/2025\/07\/WhatsApp-Image-2025-07-17-at-23.18.32.jpeg","width":1616,"height":1080,"caption":"Sara Mart\u00edn ya es un referente para los j\u00f3venes ciclistas de la localidad. \/ Eduardo Gorriz"},{"@type":"BreadcrumbList","@id":"https:\/\/www.duerodeporte.com\/index.php\/archivos\/12729#breadcrumb","itemListElement":[{"@type":"ListItem","position":1,"name":"Portada","item":"https:\/\/www.duerodeporte.com\/"},{"@type":"ListItem","position":2,"name":"Sara Mart\u00edn I de Aranda"}]},{"@type":"WebSite","@id":"https:\/\/www.duerodeporte.com\/#website","url":"https:\/\/www.duerodeporte.com\/","name":"Duero Deporte","description":"El Deporte de Aranda y las tierras del Duero","publisher":{"@id":"https:\/\/www.duerodeporte.com\/#organization"},"alternateName":"El Deporte de Aranda y las tierras del Duero","potentialAction":[{"@type":"SearchAction","target":{"@type":"EntryPoint","urlTemplate":"https:\/\/www.duerodeporte.com\/?s={search_term_string}"},"query-input":{"@type":"PropertyValueSpecification","valueRequired":true,"valueName":"search_term_string"}}],"inLanguage":"es"},{"@type":"Organization","@id":"https:\/\/www.duerodeporte.com\/#organization","name":"Duero Deporte","alternateName":"El Deporte de Aranda y las tierras del Duero","url":"https:\/\/www.duerodeporte.com\/","logo":{"@type":"ImageObject","inLanguage":"es","@id":"https:\/\/www.duerodeporte.com\/#\/schema\/logo\/image\/","url":"https:\/\/www.duerodeporte.com\/wp-content\/uploads\/2023\/11\/A.ColorSinFondo-e1708011627555.png","contentUrl":"https:\/\/www.duerodeporte.com\/wp-content\/uploads\/2023\/11\/A.ColorSinFondo-e1708011627555.png","width":750,"height":132,"caption":"Duero Deporte"},"image":{"@id":"https:\/\/www.duerodeporte.com\/#\/schema\/logo\/image\/"},"sameAs":["https:\/\/www.facebook.com\/61555928375028","https:\/\/x.com\/Diegoamartin13","https:\/\/www.youtube.com\/channel\/UCxIGQL8b9gmW-NjaChabCdA"]},{"@type":"Person","@id":"https:\/\/www.duerodeporte.com\/#\/schema\/person\/5f3368966f635b5ae0d23ffaf7a7f894","name":"Diego A. Mart\u00edn","image":{"@type":"ImageObject","inLanguage":"es","@id":"https:\/\/www.duerodeporte.com\/wp-content\/uploads\/2024\/01\/Diego2-e1706522808572-150x150.jpeg","url":"https:\/\/www.duerodeporte.com\/wp-content\/uploads\/2024\/01\/Diego2-e1706522808572-150x150.jpeg","contentUrl":"https:\/\/www.duerodeporte.com\/wp-content\/uploads\/2024\/01\/Diego2-e1706522808572-150x150.jpeg","caption":"Diego A. Mart\u00edn"},"url":"https:\/\/www.duerodeporte.com\/index.php\/archivos\/author\/diego"}]}},"views":809,"_links":{"self":[{"href":"https:\/\/www.duerodeporte.com\/index.php\/wp-json\/wp\/v2\/posts\/12729","targetHints":{"allow":["GET"]}}],"collection":[{"href":"https:\/\/www.duerodeporte.com\/index.php\/wp-json\/wp\/v2\/posts"}],"about":[{"href":"https:\/\/www.duerodeporte.com\/index.php\/wp-json\/wp\/v2\/types\/post"}],"author":[{"embeddable":true,"href":"https:\/\/www.duerodeporte.com\/index.php\/wp-json\/wp\/v2\/users\/3"}],"replies":[{"embeddable":true,"href":"https:\/\/www.duerodeporte.com\/index.php\/wp-json\/wp\/v2\/comments?post=12729"}],"version-history":[{"count":3,"href":"https:\/\/www.duerodeporte.com\/index.php\/wp-json\/wp\/v2\/posts\/12729\/revisions"}],"predecessor-version":[{"id":12738,"href":"https:\/\/www.duerodeporte.com\/index.php\/wp-json\/wp\/v2\/posts\/12729\/revisions\/12738"}],"wp:featuredmedia":[{"embeddable":true,"href":"https:\/\/www.duerodeporte.com\/index.php\/wp-json\/wp\/v2\/media\/12736"}],"wp:attachment":[{"href":"https:\/\/www.duerodeporte.com\/index.php\/wp-json\/wp\/v2\/media?parent=12729"}],"wp:term":[{"taxonomy":"category","embeddable":true,"href":"https:\/\/www.duerodeporte.com\/index.php\/wp-json\/wp\/v2\/categories?post=12729"},{"taxonomy":"post_tag","embeddable":true,"href":"https:\/\/www.duerodeporte.com\/index.php\/wp-json\/wp\/v2\/tags?post=12729"}],"curies":[{"name":"wp","href":"https:\/\/api.w.org\/{rel}","templated":true}]}}