{"id":12970,"date":"2025-07-27T18:45:41","date_gmt":"2025-07-27T17:45:41","guid":{"rendered":"https:\/\/www.duerodeporte.com\/?p=12970"},"modified":"2025-07-27T19:33:20","modified_gmt":"2025-07-27T18:33:20","slug":"alex-ibanez-subcampeon-de-espana-sub-20-de-400-vallas","status":"publish","type":"post","link":"https:\/\/www.duerodeporte.com\/index.php\/archivos\/12970","title":{"rendered":"\u00c1lex Ib\u00e1\u00f1ez, subcampe\u00f3n de Espa\u00f1a Sub 20 de 400 vallas"},"content":{"rendered":"\n<h2 class=\"wp-block-heading\">El del Atletismo Aranda refrenda su gran momento con la medalla de Plata y salvo sorpresa estar\u00e1 en el Europeo de Tempere (Finlandia) del 7 al 10 de agosto. El arandino firma un 51.72 en la final por el 51.07 de Iker Moreno, nuevo campe\u00f3n de Espa\u00f1a<\/h2>\n\n\n\n<p>El atletismo de las Tierras del Duero vuelve a estar de enhorabuena gracias a una de sus principales figuras, <strong><a href=\"https:\/\/www.instagram.com\/alex.ty.5015\/?hl=es\">\u00c1lex Ib\u00e1\u00f1ez<\/a><\/strong>. El vallista del <a href=\"https:\/\/www.instagram.com\/arandaatletismo\/?hl=es\"><strong>Atletismo Aranda<\/strong><\/a> se ha proclamado <strong>subcampe\u00f3n de Espa\u00f1a Sub-20 de 400 metros vallas<\/strong> este domingo en Villafranca de los Barros (Badajoz) Un resultado con el que da un paso de gigante para estar en el <a href=\"https:\/\/tampere2025.com\/\"><strong>Europeo <\/strong>de la categor\u00eda<strong> <\/strong>en <strong>Tempere<\/strong><\/a><strong> <\/strong>en apenas dos semanas.<\/p>\n\n\n<div class=\"wp-block-image\">\n<figure class=\"aligncenter size-large\"><a href=\"https:\/\/myrotulo.com\/\"><img loading=\"lazy\" decoding=\"async\" width=\"1024\" height=\"241\" src=\"https:\/\/www.duerodeporte.com\/wp-content\/uploads\/2025\/03\/myrotulo-1024x241.jpeg\" alt=\"\" class=\"wp-image-10493\" srcset=\"https:\/\/www.duerodeporte.com\/wp-content\/uploads\/2025\/03\/myrotulo-1024x241.jpeg 1024w, https:\/\/www.duerodeporte.com\/wp-content\/uploads\/2025\/03\/myrotulo-300x70.jpeg 300w, https:\/\/www.duerodeporte.com\/wp-content\/uploads\/2025\/03\/myrotulo-768x180.jpeg 768w, https:\/\/www.duerodeporte.com\/wp-content\/uploads\/2025\/03\/myrotulo-1536x361.jpeg 1536w, https:\/\/www.duerodeporte.com\/wp-content\/uploads\/2025\/03\/myrotulo-696x163.jpeg 696w, https:\/\/www.duerodeporte.com\/wp-content\/uploads\/2025\/03\/myrotulo-1068x251.jpeg 1068w, https:\/\/www.duerodeporte.com\/wp-content\/uploads\/2025\/03\/myrotulo-1920x451.jpeg 1920w, https:\/\/www.duerodeporte.com\/wp-content\/uploads\/2025\/03\/myrotulo.jpeg 2048w\" sizes=\"auto, (max-width: 1024px) 100vw, 1024px\" \/><\/a><\/figure>\n<\/div>\n\n\n<p>Ib\u00e1\u00f1ez se cuelga la Plata tras una re\u00f1ida final con <strong>Iker Moreno<\/strong>, nuevo campe\u00f3n nacional de la categor\u00eda. El del Playas de Castell\u00f3n firmaba su mejor carrera del a\u00f1o (51.07), para arrebatar la plusmarca nacional al propio Ib\u00e1\u00f1ez que lideraba la distancia con <strong>51.12<\/strong>. Ib\u00e1\u00f1ez par\u00f3 el crono en 51.72. El Bronce se lo llev\u00f3 el madrile\u00f1o <strong>Nicol\u00e1s Mart\u00ednez<\/strong> (Marath\u00f3n) -52-51-.<\/p>\n\n\n\n<figure class=\"wp-block-embed is-type-rich is-provider-twitter wp-block-embed-twitter\"><div class=\"wp-block-embed__wrapper\">\n<blockquote class=\"twitter-tweet\" data-width=\"550\" data-dnt=\"true\"><p lang=\"es\" dir=\"ltr\">\ud83d\udfe0 ATLETISMO<br><br>\ud83e\udd48 \u00a1SUBCAMPE\u00d3N! \u00c1lex Ib\u00e1\u00f1ez se cuelga la medalla en los 400 vallas del Campeonato <a href=\"https:\/\/twitter.com\/atletismoRFEA?ref_src=twsrc%5Etfw\">@atletismoRFEA<\/a> Sub-20  <br><br>\u27a1\ufe0f El vallista del <a href=\"https:\/\/twitter.com\/AtletismoAranda?ref_src=twsrc%5Etfw\">@AtletismoAranda<\/a> firma un 5\ufe0f\u20e31\ufe0f\u20e3.7\ufe0f\u20e32\ufe0f\u20e3 solo superado por el nuevo campe\u00f3n, Iker Moreno <br><br>\u27a1\ufe0f La gran actuaci\u00f3n de Ib\u00e1\u00f1ez lo har\u00e1 entrar en la\u2026 <a href=\"https:\/\/t.co\/mkVFZR5o7p\">pic.twitter.com\/mkVFZR5o7p<\/a><\/p>&mdash; Diego A. Mart\u00edn (duerodeporte.com) (@Diegoamartin13) <a href=\"https:\/\/twitter.com\/Diegoamartin13\/status\/1949521283453993392?ref_src=twsrc%5Etfw\">July 27, 2025<\/a><\/blockquote><script async src=\"https:\/\/platform.twitter.com\/widgets.js\" charset=\"utf-8\"><\/script>\n<\/div><\/figure>\n\n\n\n<h2 class=\"wp-block-heading\">Gran campeonato del l\u00edder del a\u00f1o<\/h2>\n\n\n\n<p>El campeonato disputado en Villafranca de los Barros (Badajoz) ha estado marcado por el calor. A pesar de todo, <strong>Ib\u00e1\u00f1ez<\/strong> <strong>ha demostrado su val\u00eda<\/strong>. Llegaba con la mejor marca de los participantes (51.12) y ha respondido a las expectativas. En <strong>semifinales fue el m\u00e1s r\u00e1pido de todas las series <\/strong>(<strong>52.38<\/strong>) Y en la final, solo \u00e9l y Moreno han sido capaces de bajar de los 52 segundos.<\/p>\n\n\n\n<p>De esta manera, el podio del Nacional, podr\u00eda corresponderse con los seleccionados por la RFEA para representar a Espa\u00f1a en el pr\u00f3ximo europeo en la distancia. <strong>La Federaci\u00f3n dar\u00e1 a conocer el martes la lista oficial<\/strong>.<\/p>\n\n\n\n<p>Pero sin lugar a dudas, y salvo sorpresa may\u00fascula, la competici\u00f3n que ha desarrollado Ib\u00e1\u00f1ez en territorio pacense le otorga el pasaporte para el Europeo. Otro extraordinario logro para el del Atletismo Aranda que repetir\u00e1 tras su participaci\u00f3n el pasado verano en el <strong><a href=\"https:\/\/www.duerodeporte.com\/index.php\/archivos\/4811\">Europeo Sub-18 de Bansk\u00e1 Bystrica <\/a><\/strong>(Eslovaquia)<\/p>\n","protected":false},"excerpt":{"rendered":"<p>El del Atletismo Aranda refrenda su gran momento con la medalla de Plata y salvo sorpresa estar\u00e1 en el Europeo de Tempere (Finlandia) del 7 al 10 de agosto. El [&hellip;]<\/p>\n","protected":false},"author":3,"featured_media":12971,"comment_status":"open","ping_status":"open","sticky":false,"template":"","format":"standard","meta":{"footnotes":""},"categories":[20,15],"tags":[477,43,99,100,101,163],"class_list":["post-12970","post","type-post","status-publish","format-standard","has-post-thumbnail","category-atletismo","category-portada","tag-alex-ibanez","tag-aranda-de-duero","tag-atletismo","tag-atletismo-aranda","tag-fetacyl","tag-rfea"],"yoast_head":"<!-- This site is optimized with the Yoast SEO plugin v27.5 - https:\/\/yoast.com\/product\/yoast-seo-wordpress\/ -->\r\n<title>\u00c1lex Ib\u00e1\u00f1ez, subcampe\u00f3n de Espa\u00f1a Sub 20 de 400 vallas<\/title>\r\n<meta name=\"description\" content=\"El Deporte de Aranda y las tierras del Duero\" \/>\r\n<meta name=\"robots\" content=\"index, follow, max-snippet:-1, max-image-preview:large, max-video-preview:-1\" \/>\r\n<link rel=\"canonical\" href=\"https:\/\/www.duerodeporte.com\/index.php\/archivos\/12970\" \/>\r\n<meta property=\"og:locale\" content=\"es_ES\" \/>\r\n<meta property=\"og:type\" content=\"article\" \/>\r\n<meta property=\"og:title\" content=\"\u00c1lex Ib\u00e1\u00f1ez, subcampe\u00f3n de Espa\u00f1a Sub 20 de 400 vallas\" \/>\r\n<meta property=\"og:description\" content=\"El Deporte de Aranda y las tierras del Duero\" \/>\r\n<meta property=\"og:url\" content=\"https:\/\/www.duerodeporte.com\/index.php\/archivos\/12970\" \/>\r\n<meta property=\"og:site_name\" content=\"Duero Deporte\" \/>\r\n<meta property=\"article:publisher\" content=\"https:\/\/www.facebook.com\/61555928375028\" \/>\r\n<meta property=\"article:published_time\" content=\"2025-07-27T17:45:41+00:00\" \/>\r\n<meta property=\"article:modified_time\" content=\"2025-07-27T18:33:20+00:00\" \/>\r\n<meta property=\"og:image\" content=\"https:\/\/www.duerodeporte.com\/wp-content\/uploads\/2025\/07\/WhatsApp-Image-2025-07-27-at-19.43.02.jpeg\" \/>\r\n\t<meta property=\"og:image:width\" content=\"1600\" \/>\r\n\t<meta property=\"og:image:height\" content=\"900\" \/>\r\n\t<meta property=\"og:image:type\" content=\"image\/jpeg\" \/>\r\n<meta name=\"author\" content=\"Diego A. Mart\u00edn\" \/>\r\n<meta name=\"twitter:card\" content=\"summary_large_image\" \/>\r\n<meta name=\"twitter:creator\" content=\"@Diegoamartin13\" \/>\r\n<meta name=\"twitter:site\" content=\"@Diegoamartin13\" \/>\r\n<meta name=\"twitter:label1\" content=\"Escrito por\" \/>\n\t<meta name=\"twitter:data1\" content=\"Diego A. Mart\u00edn\" \/>\n\t<meta name=\"twitter:label2\" content=\"Tiempo de lectura\" \/>\n\t<meta name=\"twitter:data2\" content=\"2 minutos\" \/>\r\n<script type=\"application\/ld+json\" class=\"yoast-schema-graph\">{\"@context\":\"https:\\\/\\\/schema.org\",\"@graph\":[{\"@type\":[\"Article\",\"SocialMediaPosting\"],\"@id\":\"https:\\\/\\\/www.duerodeporte.com\\\/index.php\\\/archivos\\\/12970#article\",\"isPartOf\":{\"@id\":\"https:\\\/\\\/www.duerodeporte.com\\\/index.php\\\/archivos\\\/12970\"},\"author\":{\"name\":\"Diego A. Mart\u00edn\",\"@id\":\"https:\\\/\\\/www.duerodeporte.com\\\/#\\\/schema\\\/person\\\/5f3368966f635b5ae0d23ffaf7a7f894\"},\"headline\":\"\u00c1lex Ib\u00e1\u00f1ez, subcampe\u00f3n de Espa\u00f1a Sub 20 de 400 vallas\",\"datePublished\":\"2025-07-27T17:45:41+00:00\",\"dateModified\":\"2025-07-27T18:33:20+00:00\",\"mainEntityOfPage\":{\"@id\":\"https:\\\/\\\/www.duerodeporte.com\\\/index.php\\\/archivos\\\/12970\"},\"wordCount\":374,\"commentCount\":0,\"publisher\":{\"@id\":\"https:\\\/\\\/www.duerodeporte.com\\\/#organization\"},\"image\":{\"@id\":\"https:\\\/\\\/www.duerodeporte.com\\\/index.php\\\/archivos\\\/12970#primaryimage\"},\"thumbnailUrl\":\"https:\\\/\\\/www.duerodeporte.com\\\/wp-content\\\/uploads\\\/2025\\\/07\\\/WhatsApp-Image-2025-07-27-at-19.43.02.jpeg\",\"keywords\":[\"\u00c1lex Ib\u00e1\u00f1ez\",\"aranda de duero\",\"atletismo\",\"Atletismo Aranda\",\"Fetacyl\",\"rfea\"],\"articleSection\":[\"ATLETISMO\",\"z_PORTADA\"],\"inLanguage\":\"es\",\"potentialAction\":[{\"@type\":\"CommentAction\",\"name\":\"Comment\",\"target\":[\"https:\\\/\\\/www.duerodeporte.com\\\/index.php\\\/archivos\\\/12970#respond\"]}]},{\"@type\":[\"WebPage\",\"ItemPage\"],\"@id\":\"https:\\\/\\\/www.duerodeporte.com\\\/index.php\\\/archivos\\\/12970\",\"url\":\"https:\\\/\\\/www.duerodeporte.com\\\/index.php\\\/archivos\\\/12970\",\"name\":\"\u00c1lex Ib\u00e1\u00f1ez, subcampe\u00f3n de Espa\u00f1a Sub 20 de 400 vallas\",\"isPartOf\":{\"@id\":\"https:\\\/\\\/www.duerodeporte.com\\\/#website\"},\"primaryImageOfPage\":{\"@id\":\"https:\\\/\\\/www.duerodeporte.com\\\/index.php\\\/archivos\\\/12970#primaryimage\"},\"image\":{\"@id\":\"https:\\\/\\\/www.duerodeporte.com\\\/index.php\\\/archivos\\\/12970#primaryimage\"},\"thumbnailUrl\":\"https:\\\/\\\/www.duerodeporte.com\\\/wp-content\\\/uploads\\\/2025\\\/07\\\/WhatsApp-Image-2025-07-27-at-19.43.02.jpeg\",\"datePublished\":\"2025-07-27T17:45:41+00:00\",\"dateModified\":\"2025-07-27T18:33:20+00:00\",\"description\":\"El Deporte de Aranda y las tierras del Duero\",\"breadcrumb\":{\"@id\":\"https:\\\/\\\/www.duerodeporte.com\\\/index.php\\\/archivos\\\/12970#breadcrumb\"},\"inLanguage\":\"es\",\"potentialAction\":[{\"@type\":\"ReadAction\",\"target\":[\"https:\\\/\\\/www.duerodeporte.com\\\/index.php\\\/archivos\\\/12970\"]}]},{\"@type\":\"ImageObject\",\"inLanguage\":\"es\",\"@id\":\"https:\\\/\\\/www.duerodeporte.com\\\/index.php\\\/archivos\\\/12970#primaryimage\",\"url\":\"https:\\\/\\\/www.duerodeporte.com\\\/wp-content\\\/uploads\\\/2025\\\/07\\\/WhatsApp-Image-2025-07-27-at-19.43.02.jpeg\",\"contentUrl\":\"https:\\\/\\\/www.duerodeporte.com\\\/wp-content\\\/uploads\\\/2025\\\/07\\\/WhatsApp-Image-2025-07-27-at-19.43.02.jpeg\",\"width\":1600,\"height\":900,\"caption\":\"\u00c1lex Ib\u00e1\u00f1ez en la l\u00ednea de salida de la final del Campeonato de Espa\u00f1a Sub-20. \\\/ LaLiga+\"},{\"@type\":\"BreadcrumbList\",\"@id\":\"https:\\\/\\\/www.duerodeporte.com\\\/index.php\\\/archivos\\\/12970#breadcrumb\",\"itemListElement\":[{\"@type\":\"ListItem\",\"position\":1,\"name\":\"Portada\",\"item\":\"https:\\\/\\\/www.duerodeporte.com\\\/\"},{\"@type\":\"ListItem\",\"position\":2,\"name\":\"\u00c1lex Ib\u00e1\u00f1ez, subcampe\u00f3n de Espa\u00f1a Sub 20 de 400 vallas\"}]},{\"@type\":\"WebSite\",\"@id\":\"https:\\\/\\\/www.duerodeporte.com\\\/#website\",\"url\":\"https:\\\/\\\/www.duerodeporte.com\\\/\",\"name\":\"Duero Deporte\",\"description\":\"El Deporte de Aranda y las tierras del Duero\",\"publisher\":{\"@id\":\"https:\\\/\\\/www.duerodeporte.com\\\/#organization\"},\"alternateName\":\"El Deporte de Aranda y las tierras del Duero\",\"potentialAction\":[{\"@type\":\"SearchAction\",\"target\":{\"@type\":\"EntryPoint\",\"urlTemplate\":\"https:\\\/\\\/www.duerodeporte.com\\\/?s={search_term_string}\"},\"query-input\":{\"@type\":\"PropertyValueSpecification\",\"valueRequired\":true,\"valueName\":\"search_term_string\"}}],\"inLanguage\":\"es\"},{\"@type\":\"Organization\",\"@id\":\"https:\\\/\\\/www.duerodeporte.com\\\/#organization\",\"name\":\"Duero Deporte\",\"alternateName\":\"El Deporte de Aranda y las tierras del Duero\",\"url\":\"https:\\\/\\\/www.duerodeporte.com\\\/\",\"logo\":{\"@type\":\"ImageObject\",\"inLanguage\":\"es\",\"@id\":\"https:\\\/\\\/www.duerodeporte.com\\\/#\\\/schema\\\/logo\\\/image\\\/\",\"url\":\"https:\\\/\\\/www.duerodeporte.com\\\/wp-content\\\/uploads\\\/2023\\\/11\\\/A.ColorSinFondo-e1708011627555.png\",\"contentUrl\":\"https:\\\/\\\/www.duerodeporte.com\\\/wp-content\\\/uploads\\\/2023\\\/11\\\/A.ColorSinFondo-e1708011627555.png\",\"width\":750,\"height\":132,\"caption\":\"Duero Deporte\"},\"image\":{\"@id\":\"https:\\\/\\\/www.duerodeporte.com\\\/#\\\/schema\\\/logo\\\/image\\\/\"},\"sameAs\":[\"https:\\\/\\\/www.facebook.com\\\/61555928375028\",\"https:\\\/\\\/x.com\\\/Diegoamartin13\",\"https:\\\/\\\/www.youtube.com\\\/channel\\\/UCxIGQL8b9gmW-NjaChabCdA\"]},{\"@type\":\"Person\",\"@id\":\"https:\\\/\\\/www.duerodeporte.com\\\/#\\\/schema\\\/person\\\/5f3368966f635b5ae0d23ffaf7a7f894\",\"name\":\"Diego A. Mart\u00edn\",\"image\":{\"@type\":\"ImageObject\",\"inLanguage\":\"es\",\"@id\":\"https:\\\/\\\/www.duerodeporte.com\\\/wp-content\\\/uploads\\\/2024\\\/01\\\/Diego2-e1706522808572-150x150.jpeg\",\"url\":\"https:\\\/\\\/www.duerodeporte.com\\\/wp-content\\\/uploads\\\/2024\\\/01\\\/Diego2-e1706522808572-150x150.jpeg\",\"contentUrl\":\"https:\\\/\\\/www.duerodeporte.com\\\/wp-content\\\/uploads\\\/2024\\\/01\\\/Diego2-e1706522808572-150x150.jpeg\",\"caption\":\"Diego A. Mart\u00edn\"},\"url\":\"https:\\\/\\\/www.duerodeporte.com\\\/index.php\\\/archivos\\\/author\\\/diego\"}]}<\/script>\r\n<!-- \/ Yoast SEO plugin. -->","yoast_head_json":{"title":"\u00c1lex Ib\u00e1\u00f1ez, subcampe\u00f3n de Espa\u00f1a Sub 20 de 400 vallas","description":"El Deporte de Aranda y las tierras del Duero","robots":{"index":"index","follow":"follow","max-snippet":"max-snippet:-1","max-image-preview":"max-image-preview:large","max-video-preview":"max-video-preview:-1"},"canonical":"https:\/\/www.duerodeporte.com\/index.php\/archivos\/12970","og_locale":"es_ES","og_type":"article","og_title":"\u00c1lex Ib\u00e1\u00f1ez, subcampe\u00f3n de Espa\u00f1a Sub 20 de 400 vallas","og_description":"El Deporte de Aranda y las tierras del Duero","og_url":"https:\/\/www.duerodeporte.com\/index.php\/archivos\/12970","og_site_name":"Duero Deporte","article_publisher":"https:\/\/www.facebook.com\/61555928375028","article_published_time":"2025-07-27T17:45:41+00:00","article_modified_time":"2025-07-27T18:33:20+00:00","og_image":[{"width":1600,"height":900,"url":"https:\/\/www.duerodeporte.com\/wp-content\/uploads\/2025\/07\/WhatsApp-Image-2025-07-27-at-19.43.02.jpeg","type":"image\/jpeg"}],"author":"Diego A. Mart\u00edn","twitter_card":"summary_large_image","twitter_creator":"@Diegoamartin13","twitter_site":"@Diegoamartin13","twitter_misc":{"Escrito por":"Diego A. Mart\u00edn","Tiempo de lectura":"2 minutos"},"schema":{"@context":"https:\/\/schema.org","@graph":[{"@type":["Article","SocialMediaPosting"],"@id":"https:\/\/www.duerodeporte.com\/index.php\/archivos\/12970#article","isPartOf":{"@id":"https:\/\/www.duerodeporte.com\/index.php\/archivos\/12970"},"author":{"name":"Diego A. Mart\u00edn","@id":"https:\/\/www.duerodeporte.com\/#\/schema\/person\/5f3368966f635b5ae0d23ffaf7a7f894"},"headline":"\u00c1lex Ib\u00e1\u00f1ez, subcampe\u00f3n de Espa\u00f1a Sub 20 de 400 vallas","datePublished":"2025-07-27T17:45:41+00:00","dateModified":"2025-07-27T18:33:20+00:00","mainEntityOfPage":{"@id":"https:\/\/www.duerodeporte.com\/index.php\/archivos\/12970"},"wordCount":374,"commentCount":0,"publisher":{"@id":"https:\/\/www.duerodeporte.com\/#organization"},"image":{"@id":"https:\/\/www.duerodeporte.com\/index.php\/archivos\/12970#primaryimage"},"thumbnailUrl":"https:\/\/www.duerodeporte.com\/wp-content\/uploads\/2025\/07\/WhatsApp-Image-2025-07-27-at-19.43.02.jpeg","keywords":["\u00c1lex Ib\u00e1\u00f1ez","aranda de duero","atletismo","Atletismo Aranda","Fetacyl","rfea"],"articleSection":["ATLETISMO","z_PORTADA"],"inLanguage":"es","potentialAction":[{"@type":"CommentAction","name":"Comment","target":["https:\/\/www.duerodeporte.com\/index.php\/archivos\/12970#respond"]}]},{"@type":["WebPage","ItemPage"],"@id":"https:\/\/www.duerodeporte.com\/index.php\/archivos\/12970","url":"https:\/\/www.duerodeporte.com\/index.php\/archivos\/12970","name":"\u00c1lex Ib\u00e1\u00f1ez, subcampe\u00f3n de Espa\u00f1a Sub 20 de 400 vallas","isPartOf":{"@id":"https:\/\/www.duerodeporte.com\/#website"},"primaryImageOfPage":{"@id":"https:\/\/www.duerodeporte.com\/index.php\/archivos\/12970#primaryimage"},"image":{"@id":"https:\/\/www.duerodeporte.com\/index.php\/archivos\/12970#primaryimage"},"thumbnailUrl":"https:\/\/www.duerodeporte.com\/wp-content\/uploads\/2025\/07\/WhatsApp-Image-2025-07-27-at-19.43.02.jpeg","datePublished":"2025-07-27T17:45:41+00:00","dateModified":"2025-07-27T18:33:20+00:00","description":"El Deporte de Aranda y las tierras del Duero","breadcrumb":{"@id":"https:\/\/www.duerodeporte.com\/index.php\/archivos\/12970#breadcrumb"},"inLanguage":"es","potentialAction":[{"@type":"ReadAction","target":["https:\/\/www.duerodeporte.com\/index.php\/archivos\/12970"]}]},{"@type":"ImageObject","inLanguage":"es","@id":"https:\/\/www.duerodeporte.com\/index.php\/archivos\/12970#primaryimage","url":"https:\/\/www.duerodeporte.com\/wp-content\/uploads\/2025\/07\/WhatsApp-Image-2025-07-27-at-19.43.02.jpeg","contentUrl":"https:\/\/www.duerodeporte.com\/wp-content\/uploads\/2025\/07\/WhatsApp-Image-2025-07-27-at-19.43.02.jpeg","width":1600,"height":900,"caption":"\u00c1lex Ib\u00e1\u00f1ez en la l\u00ednea de salida de la final del Campeonato de Espa\u00f1a Sub-20. \/ LaLiga+"},{"@type":"BreadcrumbList","@id":"https:\/\/www.duerodeporte.com\/index.php\/archivos\/12970#breadcrumb","itemListElement":[{"@type":"ListItem","position":1,"name":"Portada","item":"https:\/\/www.duerodeporte.com\/"},{"@type":"ListItem","position":2,"name":"\u00c1lex Ib\u00e1\u00f1ez, subcampe\u00f3n de Espa\u00f1a Sub 20 de 400 vallas"}]},{"@type":"WebSite","@id":"https:\/\/www.duerodeporte.com\/#website","url":"https:\/\/www.duerodeporte.com\/","name":"Duero Deporte","description":"El Deporte de Aranda y las tierras del Duero","publisher":{"@id":"https:\/\/www.duerodeporte.com\/#organization"},"alternateName":"El Deporte de Aranda y las tierras del Duero","potentialAction":[{"@type":"SearchAction","target":{"@type":"EntryPoint","urlTemplate":"https:\/\/www.duerodeporte.com\/?s={search_term_string}"},"query-input":{"@type":"PropertyValueSpecification","valueRequired":true,"valueName":"search_term_string"}}],"inLanguage":"es"},{"@type":"Organization","@id":"https:\/\/www.duerodeporte.com\/#organization","name":"Duero Deporte","alternateName":"El Deporte de Aranda y las tierras del Duero","url":"https:\/\/www.duerodeporte.com\/","logo":{"@type":"ImageObject","inLanguage":"es","@id":"https:\/\/www.duerodeporte.com\/#\/schema\/logo\/image\/","url":"https:\/\/www.duerodeporte.com\/wp-content\/uploads\/2023\/11\/A.ColorSinFondo-e1708011627555.png","contentUrl":"https:\/\/www.duerodeporte.com\/wp-content\/uploads\/2023\/11\/A.ColorSinFondo-e1708011627555.png","width":750,"height":132,"caption":"Duero Deporte"},"image":{"@id":"https:\/\/www.duerodeporte.com\/#\/schema\/logo\/image\/"},"sameAs":["https:\/\/www.facebook.com\/61555928375028","https:\/\/x.com\/Diegoamartin13","https:\/\/www.youtube.com\/channel\/UCxIGQL8b9gmW-NjaChabCdA"]},{"@type":"Person","@id":"https:\/\/www.duerodeporte.com\/#\/schema\/person\/5f3368966f635b5ae0d23ffaf7a7f894","name":"Diego A. Mart\u00edn","image":{"@type":"ImageObject","inLanguage":"es","@id":"https:\/\/www.duerodeporte.com\/wp-content\/uploads\/2024\/01\/Diego2-e1706522808572-150x150.jpeg","url":"https:\/\/www.duerodeporte.com\/wp-content\/uploads\/2024\/01\/Diego2-e1706522808572-150x150.jpeg","contentUrl":"https:\/\/www.duerodeporte.com\/wp-content\/uploads\/2024\/01\/Diego2-e1706522808572-150x150.jpeg","caption":"Diego A. Mart\u00edn"},"url":"https:\/\/www.duerodeporte.com\/index.php\/archivos\/author\/diego"}]}},"views":557,"_links":{"self":[{"href":"https:\/\/www.duerodeporte.com\/index.php\/wp-json\/wp\/v2\/posts\/12970","targetHints":{"allow":["GET"]}}],"collection":[{"href":"https:\/\/www.duerodeporte.com\/index.php\/wp-json\/wp\/v2\/posts"}],"about":[{"href":"https:\/\/www.duerodeporte.com\/index.php\/wp-json\/wp\/v2\/types\/post"}],"author":[{"embeddable":true,"href":"https:\/\/www.duerodeporte.com\/index.php\/wp-json\/wp\/v2\/users\/3"}],"replies":[{"embeddable":true,"href":"https:\/\/www.duerodeporte.com\/index.php\/wp-json\/wp\/v2\/comments?post=12970"}],"version-history":[{"count":4,"href":"https:\/\/www.duerodeporte.com\/index.php\/wp-json\/wp\/v2\/posts\/12970\/revisions"}],"predecessor-version":[{"id":12977,"href":"https:\/\/www.duerodeporte.com\/index.php\/wp-json\/wp\/v2\/posts\/12970\/revisions\/12977"}],"wp:featuredmedia":[{"embeddable":true,"href":"https:\/\/www.duerodeporte.com\/index.php\/wp-json\/wp\/v2\/media\/12971"}],"wp:attachment":[{"href":"https:\/\/www.duerodeporte.com\/index.php\/wp-json\/wp\/v2\/media?parent=12970"}],"wp:term":[{"taxonomy":"category","embeddable":true,"href":"https:\/\/www.duerodeporte.com\/index.php\/wp-json\/wp\/v2\/categories?post=12970"},{"taxonomy":"post_tag","embeddable":true,"href":"https:\/\/www.duerodeporte.com\/index.php\/wp-json\/wp\/v2\/tags?post=12970"}],"curies":[{"name":"wp","href":"https:\/\/api.w.org\/{rel}","templated":true}]}}