{"id":13215,"date":"2025-08-09T17:45:39","date_gmt":"2025-08-09T16:45:39","guid":{"rendered":"https:\/\/www.duerodeporte.com\/?p=13215"},"modified":"2025-08-09T18:56:10","modified_gmt":"2025-08-09T17:56:10","slug":"mario-aparicio-se-gana-a-pulso-un-puesto-en-la-vuelta","status":"publish","type":"post","link":"https:\/\/www.duerodeporte.com\/index.php\/archivos\/13215","title":{"rendered":"Mario Aparicio se gana a pulso un puesto en La Vuelta"},"content":{"rendered":"\n<h2 class=\"wp-block-heading\">El arandino cierra su mejor Vuelta a Burgos tras estar con los mejores en los terrenos m\u00e1s exigentes. El Burgos Burpellet BH dar\u00e1 a conocer la lista de La Vuelta estas semanas. Giulio Cicone gana en Lagunas de Neila e Isaac del Toro se hace con el triunfo final de una gran edici\u00f3n<\/h2>\n\n\n\n<p><strong><a href=\"https:\/\/www.instagram.com\/mario_aparicio23\/?hl=es\">Mario Aparicio<\/a><\/strong> se ha ganado a pulso estar en la pr\u00f3xima edici\u00f3n de <strong><a href=\"https:\/\/www.lavuelta.es\/es\">La Vuelta<\/a><\/strong>. As\u00ed lo argumenta su rendimiento en la reciente<a href=\"https:\/\/www.vueltaburgos.com\/es\/\"> <strong>Vuelta a Burgos<\/strong> <\/a>donde ha estado con los mejores en los escenarios m\u00e1s exigentes. El <strong><a href=\"https:\/\/www.instagram.com\/burgosburpelletbh\/?hl=es\">Burgos Burpellet BH<\/a><\/strong> deber\u00e1 decidir su ocho para la ronda del jersey rojo en las pr\u00f3ximas jornadas y la inclusi\u00f3n del arandino parece segura.<\/p>\n\n\n\n<figure class=\"wp-block-image size-large\"><img loading=\"lazy\" decoding=\"async\" width=\"1024\" height=\"241\" src=\"https:\/\/www.duerodeporte.com\/wp-content\/uploads\/2025\/03\/myrotulo-1024x241.jpeg\" alt=\"\" class=\"wp-image-10493\" srcset=\"https:\/\/www.duerodeporte.com\/wp-content\/uploads\/2025\/03\/myrotulo-1024x241.jpeg 1024w, https:\/\/www.duerodeporte.com\/wp-content\/uploads\/2025\/03\/myrotulo-300x70.jpeg 300w, https:\/\/www.duerodeporte.com\/wp-content\/uploads\/2025\/03\/myrotulo-768x180.jpeg 768w, https:\/\/www.duerodeporte.com\/wp-content\/uploads\/2025\/03\/myrotulo-1536x361.jpeg 1536w, https:\/\/www.duerodeporte.com\/wp-content\/uploads\/2025\/03\/myrotulo-696x163.jpeg 696w, https:\/\/www.duerodeporte.com\/wp-content\/uploads\/2025\/03\/myrotulo-1068x251.jpeg 1068w, https:\/\/www.duerodeporte.com\/wp-content\/uploads\/2025\/03\/myrotulo-1920x451.jpeg 1920w, https:\/\/www.duerodeporte.com\/wp-content\/uploads\/2025\/03\/myrotulo.jpeg 2048w\" sizes=\"auto, (max-width: 1024px) 100vw, 1024px\" \/><\/figure>\n\n\n\n<p>El arandino que afrontaba la \u00faltima etapa de la ronda morada este s\u00e1bado desde la 15\u00aa posici\u00f3n de la General a 57 segundos del l\u00edder, ha finalizado en la <strong>12\u00aa plaza<\/strong> siendo el mejor clasificado del equipo. La ascensi\u00f3n a<strong> Lagunas de Neila ha permitido observar nuevamente el talento y la capacidad de sacrificio<\/strong> del ciclista de las Tierras del Duero.<\/p>\n\n\n\n<figure class=\"wp-block-embed is-type-rich is-provider-twitter wp-block-embed-twitter\"><div class=\"wp-block-embed__wrapper\">\n<blockquote class=\"twitter-tweet\" data-width=\"550\" data-dnt=\"true\"><p lang=\"es\" dir=\"ltr\">\ud83d\udfe0 CICLISMO<br><br>\ud83d\udeb4\ud83c\udffb\u200d\u2642\ufe0f <a href=\"https:\/\/twitter.com\/m_aparicio23?ref_src=twsrc%5Etfw\">@m_aparicio23<\/a> (<a href=\"https:\/\/twitter.com\/BurgosBH?ref_src=twsrc%5Etfw\">@BurgosBH<\/a>) repasa su participaci\u00f3n en la XLVII edici\u00f3n <a href=\"https:\/\/twitter.com\/VueltaBurgos?ref_src=twsrc%5Etfw\">@VueltaBurgos<\/a><br><br>\ud83d\udde3\ufe0f &quot;Contento con esta 12&#39; posici\u00f3n y con ganas para poder estar en <a href=\"https:\/\/twitter.com\/lavuelta?ref_src=twsrc%5Etfw\">@lavuelta<\/a>&quot;<br><br>\u25b6\ufe0f XLVII <a href=\"https:\/\/twitter.com\/VueltaBurgos?ref_src=twsrc%5Etfw\">@VueltaBurgos<\/a> (<a href=\"https:\/\/twitter.com\/IDJBurgos?ref_src=twsrc%5Etfw\">@IDJBurgos<\/a> <a href=\"https:\/\/twitter.com\/UCI_cycling?ref_src=twsrc%5Etfw\">@UCI_cycling<\/a>)<br><br>\ud83c\udfa6 <a href=\"https:\/\/t.co\/QxLvd9kT5h\">https:\/\/t.co\/QxLvd9kT5h<\/a> <a href=\"https:\/\/t.co\/HPf5GuVmOV\">pic.twitter.com\/HPf5GuVmOV<\/a><\/p>&mdash; Diego A. Mart\u00edn (duerodeporte.com) (@Diegoamartin13) <a href=\"https:\/\/twitter.com\/Diegoamartin13\/status\/1954232761558159789?ref_src=twsrc%5Etfw\">August 9, 2025<\/a><\/blockquote><script async src=\"https:\/\/platform.twitter.com\/widgets.js\" charset=\"utf-8\"><\/script>\n<\/div><\/figure>\n\n\n\n<p>Ahora tras algunas jornadas de concentraci\u00f3n, los directores del Burgos Burpellet BH deber\u00e1n meditar cu\u00e1les son sus mejores hombres para afrontar de nuevo La Vuelta,<strong> ronda a la que regresa la escuadra morada tras su ausencia la pasada edici\u00f3n<\/strong>.<\/p>\n\n\n\n<p><strong>Una oportunidad fant\u00e1stica para que Aparicio<\/strong> <strong>demuestre el por qu\u00e9 de su progresi\u00f3n<\/strong> durante estas dos \u00faltimas temporadas. Y un gran orgullo para la afici\u00f3n de las Tierras del Duero que volver\u00edan a ver a<strong> un arandino en La Vuelta<\/strong> <strong>27 a\u00f1os despu\u00e9s<\/strong> <strong>que lo hiciera<\/strong> <strong>Carmelo Miranda <\/strong>(Estepona) por \u00faltima vez.<\/p>\n\n\n\n<h2 class=\"wp-block-heading\">M\u00e1s \u00e9xitos &#8216;burgaleses&#8217;<\/h2>\n\n\n\n<p>Por otro lado, esta edici\u00f3n de la Vuelta a Burgos ja dejado el jersey rojo de l\u00edder de la monta\u00f1a para<strong> Carlos Garc\u00eda<\/strong>. El madrile\u00f1o del Burgos BH ha demostrado con justicia ser el mejor demostrando tambi\u00e9n sus cualidades para optar al ocho de La Vuelta.<\/p>\n","protected":false},"excerpt":{"rendered":"<p>El arandino cierra su mejor Vuelta a Burgos tras estar con los mejores en los terrenos m\u00e1s exigentes. El Burgos Burpellet BH dar\u00e1 a conocer la lista de La Vuelta [&hellip;]<\/p>\n","protected":false},"author":3,"featured_media":13219,"comment_status":"open","ping_status":"open","sticky":false,"template":"","format":"standard","meta":{"footnotes":""},"categories":[19,15],"tags":[43,961,51,308,908,53,148],"class_list":["post-13215","post","type-post","status-publish","format-standard","has-post-thumbnail","category-ciclismo","category-portada","tag-aranda-de-duero","tag-burpellet","tag-ciclismo","tag-la-vuelta","tag-lagunas-de-neila","tag-mario-aparicio","tag-vuelta-a-burgos"],"yoast_head":"<!-- This site is optimized with the Yoast SEO plugin v27.5 - https:\/\/yoast.com\/product\/yoast-seo-wordpress\/ -->\r\n<title>Mario Aparicio se gana a pulso un puesto en La Vuelta<\/title>\r\n<meta name=\"description\" content=\"El Deporte de Aranda y las tierras del Duero\" \/>\r\n<meta name=\"robots\" content=\"index, follow, max-snippet:-1, max-image-preview:large, max-video-preview:-1\" \/>\r\n<link rel=\"canonical\" href=\"https:\/\/www.duerodeporte.com\/index.php\/archivos\/13215\" \/>\r\n<meta property=\"og:locale\" content=\"es_ES\" \/>\r\n<meta property=\"og:type\" content=\"article\" \/>\r\n<meta property=\"og:title\" content=\"Mario Aparicio se gana a pulso un puesto en La Vuelta\" \/>\r\n<meta property=\"og:description\" content=\"El Deporte de Aranda y las tierras del Duero\" \/>\r\n<meta property=\"og:url\" content=\"https:\/\/www.duerodeporte.com\/index.php\/archivos\/13215\" \/>\r\n<meta property=\"og:site_name\" content=\"Duero Deporte\" \/>\r\n<meta property=\"article:publisher\" content=\"https:\/\/www.facebook.com\/61555928375028\" \/>\r\n<meta property=\"article:published_time\" content=\"2025-08-09T16:45:39+00:00\" \/>\r\n<meta property=\"article:modified_time\" content=\"2025-08-09T17:56:10+00:00\" \/>\r\n<meta property=\"og:image\" content=\"https:\/\/www.duerodeporte.com\/wp-content\/uploads\/2025\/08\/Screenshot_2025-08-09-19-02-10-829_com.google.android.apps_.photos.jpg\" \/>\r\n\t<meta property=\"og:image:width\" content=\"2032\" \/>\r\n\t<meta property=\"og:image:height\" content=\"1220\" \/>\r\n\t<meta property=\"og:image:type\" content=\"image\/jpeg\" \/>\r\n<meta name=\"author\" content=\"Diego A. Mart\u00edn\" \/>\r\n<meta name=\"twitter:card\" content=\"summary_large_image\" \/>\r\n<meta name=\"twitter:creator\" content=\"@Diegoamartin13\" \/>\r\n<meta name=\"twitter:site\" content=\"@Diegoamartin13\" \/>\r\n<meta name=\"twitter:label1\" content=\"Escrito por\" \/>\n\t<meta name=\"twitter:data1\" content=\"Diego A. Mart\u00edn\" \/>\n\t<meta name=\"twitter:label2\" content=\"Tiempo de lectura\" \/>\n\t<meta name=\"twitter:data2\" content=\"2 minutos\" \/>\r\n<script type=\"application\/ld+json\" class=\"yoast-schema-graph\">{\"@context\":\"https:\\\/\\\/schema.org\",\"@graph\":[{\"@type\":[\"Article\",\"SocialMediaPosting\"],\"@id\":\"https:\\\/\\\/www.duerodeporte.com\\\/index.php\\\/archivos\\\/13215#article\",\"isPartOf\":{\"@id\":\"https:\\\/\\\/www.duerodeporte.com\\\/index.php\\\/archivos\\\/13215\"},\"author\":{\"name\":\"Diego A. Mart\u00edn\",\"@id\":\"https:\\\/\\\/www.duerodeporte.com\\\/#\\\/schema\\\/person\\\/5f3368966f635b5ae0d23ffaf7a7f894\"},\"headline\":\"Mario Aparicio se gana a pulso un puesto en La Vuelta\",\"datePublished\":\"2025-08-09T16:45:39+00:00\",\"dateModified\":\"2025-08-09T17:56:10+00:00\",\"mainEntityOfPage\":{\"@id\":\"https:\\\/\\\/www.duerodeporte.com\\\/index.php\\\/archivos\\\/13215\"},\"wordCount\":365,\"commentCount\":0,\"publisher\":{\"@id\":\"https:\\\/\\\/www.duerodeporte.com\\\/#organization\"},\"image\":{\"@id\":\"https:\\\/\\\/www.duerodeporte.com\\\/index.php\\\/archivos\\\/13215#primaryimage\"},\"thumbnailUrl\":\"https:\\\/\\\/www.duerodeporte.com\\\/wp-content\\\/uploads\\\/2025\\\/08\\\/Screenshot_2025-08-09-19-02-10-829_com.google.android.apps_.photos.jpg\",\"keywords\":[\"aranda de duero\",\"Burpellet\",\"ciclismo\",\"La Vuelta\",\"Lagunas de Neila\",\"Mario Aparicio\",\"vuelta a burgos\"],\"articleSection\":[\"CICLISMO\",\"z_PORTADA\"],\"inLanguage\":\"es\",\"potentialAction\":[{\"@type\":\"CommentAction\",\"name\":\"Comment\",\"target\":[\"https:\\\/\\\/www.duerodeporte.com\\\/index.php\\\/archivos\\\/13215#respond\"]}]},{\"@type\":[\"WebPage\",\"ItemPage\"],\"@id\":\"https:\\\/\\\/www.duerodeporte.com\\\/index.php\\\/archivos\\\/13215\",\"url\":\"https:\\\/\\\/www.duerodeporte.com\\\/index.php\\\/archivos\\\/13215\",\"name\":\"Mario Aparicio se gana a pulso un puesto en La Vuelta\",\"isPartOf\":{\"@id\":\"https:\\\/\\\/www.duerodeporte.com\\\/#website\"},\"primaryImageOfPage\":{\"@id\":\"https:\\\/\\\/www.duerodeporte.com\\\/index.php\\\/archivos\\\/13215#primaryimage\"},\"image\":{\"@id\":\"https:\\\/\\\/www.duerodeporte.com\\\/index.php\\\/archivos\\\/13215#primaryimage\"},\"thumbnailUrl\":\"https:\\\/\\\/www.duerodeporte.com\\\/wp-content\\\/uploads\\\/2025\\\/08\\\/Screenshot_2025-08-09-19-02-10-829_com.google.android.apps_.photos.jpg\",\"datePublished\":\"2025-08-09T16:45:39+00:00\",\"dateModified\":\"2025-08-09T17:56:10+00:00\",\"description\":\"El Deporte de Aranda y las tierras del Duero\",\"breadcrumb\":{\"@id\":\"https:\\\/\\\/www.duerodeporte.com\\\/index.php\\\/archivos\\\/13215#breadcrumb\"},\"inLanguage\":\"es\",\"potentialAction\":[{\"@type\":\"ReadAction\",\"target\":[\"https:\\\/\\\/www.duerodeporte.com\\\/index.php\\\/archivos\\\/13215\"]}]},{\"@type\":\"ImageObject\",\"inLanguage\":\"es\",\"@id\":\"https:\\\/\\\/www.duerodeporte.com\\\/index.php\\\/archivos\\\/13215#primaryimage\",\"url\":\"https:\\\/\\\/www.duerodeporte.com\\\/wp-content\\\/uploads\\\/2025\\\/08\\\/Screenshot_2025-08-09-19-02-10-829_com.google.android.apps_.photos.jpg\",\"contentUrl\":\"https:\\\/\\\/www.duerodeporte.com\\\/wp-content\\\/uploads\\\/2025\\\/08\\\/Screenshot_2025-08-09-19-02-10-829_com.google.android.apps_.photos.jpg\",\"width\":2032,\"height\":1220},{\"@type\":\"BreadcrumbList\",\"@id\":\"https:\\\/\\\/www.duerodeporte.com\\\/index.php\\\/archivos\\\/13215#breadcrumb\",\"itemListElement\":[{\"@type\":\"ListItem\",\"position\":1,\"name\":\"Portada\",\"item\":\"https:\\\/\\\/www.duerodeporte.com\\\/\"},{\"@type\":\"ListItem\",\"position\":2,\"name\":\"Mario Aparicio se gana a pulso un puesto en La Vuelta\"}]},{\"@type\":\"WebSite\",\"@id\":\"https:\\\/\\\/www.duerodeporte.com\\\/#website\",\"url\":\"https:\\\/\\\/www.duerodeporte.com\\\/\",\"name\":\"Duero Deporte\",\"description\":\"El Deporte de Aranda y las tierras del Duero\",\"publisher\":{\"@id\":\"https:\\\/\\\/www.duerodeporte.com\\\/#organization\"},\"alternateName\":\"El Deporte de Aranda y las tierras del Duero\",\"potentialAction\":[{\"@type\":\"SearchAction\",\"target\":{\"@type\":\"EntryPoint\",\"urlTemplate\":\"https:\\\/\\\/www.duerodeporte.com\\\/?s={search_term_string}\"},\"query-input\":{\"@type\":\"PropertyValueSpecification\",\"valueRequired\":true,\"valueName\":\"search_term_string\"}}],\"inLanguage\":\"es\"},{\"@type\":\"Organization\",\"@id\":\"https:\\\/\\\/www.duerodeporte.com\\\/#organization\",\"name\":\"Duero Deporte\",\"alternateName\":\"El Deporte de Aranda y las tierras del Duero\",\"url\":\"https:\\\/\\\/www.duerodeporte.com\\\/\",\"logo\":{\"@type\":\"ImageObject\",\"inLanguage\":\"es\",\"@id\":\"https:\\\/\\\/www.duerodeporte.com\\\/#\\\/schema\\\/logo\\\/image\\\/\",\"url\":\"https:\\\/\\\/www.duerodeporte.com\\\/wp-content\\\/uploads\\\/2023\\\/11\\\/A.ColorSinFondo-e1708011627555.png\",\"contentUrl\":\"https:\\\/\\\/www.duerodeporte.com\\\/wp-content\\\/uploads\\\/2023\\\/11\\\/A.ColorSinFondo-e1708011627555.png\",\"width\":750,\"height\":132,\"caption\":\"Duero Deporte\"},\"image\":{\"@id\":\"https:\\\/\\\/www.duerodeporte.com\\\/#\\\/schema\\\/logo\\\/image\\\/\"},\"sameAs\":[\"https:\\\/\\\/www.facebook.com\\\/61555928375028\",\"https:\\\/\\\/x.com\\\/Diegoamartin13\",\"https:\\\/\\\/www.youtube.com\\\/channel\\\/UCxIGQL8b9gmW-NjaChabCdA\"]},{\"@type\":\"Person\",\"@id\":\"https:\\\/\\\/www.duerodeporte.com\\\/#\\\/schema\\\/person\\\/5f3368966f635b5ae0d23ffaf7a7f894\",\"name\":\"Diego A. Mart\u00edn\",\"image\":{\"@type\":\"ImageObject\",\"inLanguage\":\"es\",\"@id\":\"https:\\\/\\\/www.duerodeporte.com\\\/wp-content\\\/uploads\\\/2024\\\/01\\\/Diego2-e1706522808572-150x150.jpeg\",\"url\":\"https:\\\/\\\/www.duerodeporte.com\\\/wp-content\\\/uploads\\\/2024\\\/01\\\/Diego2-e1706522808572-150x150.jpeg\",\"contentUrl\":\"https:\\\/\\\/www.duerodeporte.com\\\/wp-content\\\/uploads\\\/2024\\\/01\\\/Diego2-e1706522808572-150x150.jpeg\",\"caption\":\"Diego A. Mart\u00edn\"},\"url\":\"https:\\\/\\\/www.duerodeporte.com\\\/index.php\\\/archivos\\\/author\\\/diego\"}]}<\/script>\r\n<!-- \/ Yoast SEO plugin. -->","yoast_head_json":{"title":"Mario Aparicio se gana a pulso un puesto en La Vuelta","description":"El Deporte de Aranda y las tierras del Duero","robots":{"index":"index","follow":"follow","max-snippet":"max-snippet:-1","max-image-preview":"max-image-preview:large","max-video-preview":"max-video-preview:-1"},"canonical":"https:\/\/www.duerodeporte.com\/index.php\/archivos\/13215","og_locale":"es_ES","og_type":"article","og_title":"Mario Aparicio se gana a pulso un puesto en La Vuelta","og_description":"El Deporte de Aranda y las tierras del Duero","og_url":"https:\/\/www.duerodeporte.com\/index.php\/archivos\/13215","og_site_name":"Duero Deporte","article_publisher":"https:\/\/www.facebook.com\/61555928375028","article_published_time":"2025-08-09T16:45:39+00:00","article_modified_time":"2025-08-09T17:56:10+00:00","og_image":[{"width":2032,"height":1220,"url":"https:\/\/www.duerodeporte.com\/wp-content\/uploads\/2025\/08\/Screenshot_2025-08-09-19-02-10-829_com.google.android.apps_.photos.jpg","type":"image\/jpeg"}],"author":"Diego A. Mart\u00edn","twitter_card":"summary_large_image","twitter_creator":"@Diegoamartin13","twitter_site":"@Diegoamartin13","twitter_misc":{"Escrito por":"Diego A. Mart\u00edn","Tiempo de lectura":"2 minutos"},"schema":{"@context":"https:\/\/schema.org","@graph":[{"@type":["Article","SocialMediaPosting"],"@id":"https:\/\/www.duerodeporte.com\/index.php\/archivos\/13215#article","isPartOf":{"@id":"https:\/\/www.duerodeporte.com\/index.php\/archivos\/13215"},"author":{"name":"Diego A. Mart\u00edn","@id":"https:\/\/www.duerodeporte.com\/#\/schema\/person\/5f3368966f635b5ae0d23ffaf7a7f894"},"headline":"Mario Aparicio se gana a pulso un puesto en La Vuelta","datePublished":"2025-08-09T16:45:39+00:00","dateModified":"2025-08-09T17:56:10+00:00","mainEntityOfPage":{"@id":"https:\/\/www.duerodeporte.com\/index.php\/archivos\/13215"},"wordCount":365,"commentCount":0,"publisher":{"@id":"https:\/\/www.duerodeporte.com\/#organization"},"image":{"@id":"https:\/\/www.duerodeporte.com\/index.php\/archivos\/13215#primaryimage"},"thumbnailUrl":"https:\/\/www.duerodeporte.com\/wp-content\/uploads\/2025\/08\/Screenshot_2025-08-09-19-02-10-829_com.google.android.apps_.photos.jpg","keywords":["aranda de duero","Burpellet","ciclismo","La Vuelta","Lagunas de Neila","Mario Aparicio","vuelta a burgos"],"articleSection":["CICLISMO","z_PORTADA"],"inLanguage":"es","potentialAction":[{"@type":"CommentAction","name":"Comment","target":["https:\/\/www.duerodeporte.com\/index.php\/archivos\/13215#respond"]}]},{"@type":["WebPage","ItemPage"],"@id":"https:\/\/www.duerodeporte.com\/index.php\/archivos\/13215","url":"https:\/\/www.duerodeporte.com\/index.php\/archivos\/13215","name":"Mario Aparicio se gana a pulso un puesto en La Vuelta","isPartOf":{"@id":"https:\/\/www.duerodeporte.com\/#website"},"primaryImageOfPage":{"@id":"https:\/\/www.duerodeporte.com\/index.php\/archivos\/13215#primaryimage"},"image":{"@id":"https:\/\/www.duerodeporte.com\/index.php\/archivos\/13215#primaryimage"},"thumbnailUrl":"https:\/\/www.duerodeporte.com\/wp-content\/uploads\/2025\/08\/Screenshot_2025-08-09-19-02-10-829_com.google.android.apps_.photos.jpg","datePublished":"2025-08-09T16:45:39+00:00","dateModified":"2025-08-09T17:56:10+00:00","description":"El Deporte de Aranda y las tierras del Duero","breadcrumb":{"@id":"https:\/\/www.duerodeporte.com\/index.php\/archivos\/13215#breadcrumb"},"inLanguage":"es","potentialAction":[{"@type":"ReadAction","target":["https:\/\/www.duerodeporte.com\/index.php\/archivos\/13215"]}]},{"@type":"ImageObject","inLanguage":"es","@id":"https:\/\/www.duerodeporte.com\/index.php\/archivos\/13215#primaryimage","url":"https:\/\/www.duerodeporte.com\/wp-content\/uploads\/2025\/08\/Screenshot_2025-08-09-19-02-10-829_com.google.android.apps_.photos.jpg","contentUrl":"https:\/\/www.duerodeporte.com\/wp-content\/uploads\/2025\/08\/Screenshot_2025-08-09-19-02-10-829_com.google.android.apps_.photos.jpg","width":2032,"height":1220},{"@type":"BreadcrumbList","@id":"https:\/\/www.duerodeporte.com\/index.php\/archivos\/13215#breadcrumb","itemListElement":[{"@type":"ListItem","position":1,"name":"Portada","item":"https:\/\/www.duerodeporte.com\/"},{"@type":"ListItem","position":2,"name":"Mario Aparicio se gana a pulso un puesto en La Vuelta"}]},{"@type":"WebSite","@id":"https:\/\/www.duerodeporte.com\/#website","url":"https:\/\/www.duerodeporte.com\/","name":"Duero Deporte","description":"El Deporte de Aranda y las tierras del Duero","publisher":{"@id":"https:\/\/www.duerodeporte.com\/#organization"},"alternateName":"El Deporte de Aranda y las tierras del Duero","potentialAction":[{"@type":"SearchAction","target":{"@type":"EntryPoint","urlTemplate":"https:\/\/www.duerodeporte.com\/?s={search_term_string}"},"query-input":{"@type":"PropertyValueSpecification","valueRequired":true,"valueName":"search_term_string"}}],"inLanguage":"es"},{"@type":"Organization","@id":"https:\/\/www.duerodeporte.com\/#organization","name":"Duero Deporte","alternateName":"El Deporte de Aranda y las tierras del Duero","url":"https:\/\/www.duerodeporte.com\/","logo":{"@type":"ImageObject","inLanguage":"es","@id":"https:\/\/www.duerodeporte.com\/#\/schema\/logo\/image\/","url":"https:\/\/www.duerodeporte.com\/wp-content\/uploads\/2023\/11\/A.ColorSinFondo-e1708011627555.png","contentUrl":"https:\/\/www.duerodeporte.com\/wp-content\/uploads\/2023\/11\/A.ColorSinFondo-e1708011627555.png","width":750,"height":132,"caption":"Duero Deporte"},"image":{"@id":"https:\/\/www.duerodeporte.com\/#\/schema\/logo\/image\/"},"sameAs":["https:\/\/www.facebook.com\/61555928375028","https:\/\/x.com\/Diegoamartin13","https:\/\/www.youtube.com\/channel\/UCxIGQL8b9gmW-NjaChabCdA"]},{"@type":"Person","@id":"https:\/\/www.duerodeporte.com\/#\/schema\/person\/5f3368966f635b5ae0d23ffaf7a7f894","name":"Diego A. Mart\u00edn","image":{"@type":"ImageObject","inLanguage":"es","@id":"https:\/\/www.duerodeporte.com\/wp-content\/uploads\/2024\/01\/Diego2-e1706522808572-150x150.jpeg","url":"https:\/\/www.duerodeporte.com\/wp-content\/uploads\/2024\/01\/Diego2-e1706522808572-150x150.jpeg","contentUrl":"https:\/\/www.duerodeporte.com\/wp-content\/uploads\/2024\/01\/Diego2-e1706522808572-150x150.jpeg","caption":"Diego A. Mart\u00edn"},"url":"https:\/\/www.duerodeporte.com\/index.php\/archivos\/author\/diego"}]}},"views":472,"_links":{"self":[{"href":"https:\/\/www.duerodeporte.com\/index.php\/wp-json\/wp\/v2\/posts\/13215","targetHints":{"allow":["GET"]}}],"collection":[{"href":"https:\/\/www.duerodeporte.com\/index.php\/wp-json\/wp\/v2\/posts"}],"about":[{"href":"https:\/\/www.duerodeporte.com\/index.php\/wp-json\/wp\/v2\/types\/post"}],"author":[{"embeddable":true,"href":"https:\/\/www.duerodeporte.com\/index.php\/wp-json\/wp\/v2\/users\/3"}],"replies":[{"embeddable":true,"href":"https:\/\/www.duerodeporte.com\/index.php\/wp-json\/wp\/v2\/comments?post=13215"}],"version-history":[{"count":8,"href":"https:\/\/www.duerodeporte.com\/index.php\/wp-json\/wp\/v2\/posts\/13215\/revisions"}],"predecessor-version":[{"id":13228,"href":"https:\/\/www.duerodeporte.com\/index.php\/wp-json\/wp\/v2\/posts\/13215\/revisions\/13228"}],"wp:featuredmedia":[{"embeddable":true,"href":"https:\/\/www.duerodeporte.com\/index.php\/wp-json\/wp\/v2\/media\/13219"}],"wp:attachment":[{"href":"https:\/\/www.duerodeporte.com\/index.php\/wp-json\/wp\/v2\/media?parent=13215"}],"wp:term":[{"taxonomy":"category","embeddable":true,"href":"https:\/\/www.duerodeporte.com\/index.php\/wp-json\/wp\/v2\/categories?post=13215"},{"taxonomy":"post_tag","embeddable":true,"href":"https:\/\/www.duerodeporte.com\/index.php\/wp-json\/wp\/v2\/tags?post=13215"}],"curies":[{"name":"wp","href":"https:\/\/api.w.org\/{rel}","templated":true}]}}