{"id":14236,"date":"2025-10-05T20:42:39","date_gmt":"2025-10-05T19:42:39","guid":{"rendered":"https:\/\/www.duerodeporte.com\/?p=14236"},"modified":"2025-10-06T15:46:03","modified_gmt":"2025-10-06T14:46:03","slug":"tubos-aranda-villa-de-aranda-pone-el-cerrojo-en-guadalajara-27-30","status":"publish","type":"post","link":"https:\/\/www.duerodeporte.com\/index.php\/archivos\/14236","title":{"rendered":"Tubos Aranda Villa de Aranda pone el cerrojo en Guadalajara (27-30)"},"content":{"rendered":"\n<h2 class=\"wp-block-heading\">Segunda victoria de la temporada. Comienzo fulgurante de los amarillos (1-7) y reacci\u00f3n morada antes del descanso (13-14) En la reanudaci\u00f3n, los de M\u00e1rquez maduran el choque para llevarse los dos puntos y mantener la s\u00e9ptima plaza en Liga NEXUS Energ\u00eda ASOBAL<\/h2>\n\n\n\n<p>Triunfo en Guadalajara. <strong><a href=\"https:\/\/www.bmvilladearanda.com\/\">Tubos Aranda Villa de Aranda<\/a><\/strong> regresa con victoria tras el par\u00f3n de la pasada jornada. Los amarillos maduran un choque que supieron cerrar en el tramo final (<strong>27-30<\/strong>) <strong>Cuatro puntos<\/strong> en el haber para que los de las Tierras del Duero ocupen la <strong>7\u00aa posici\u00f3n <\/strong>en este inicio de <strong><a href=\"https:\/\/asobal.es\/\">Liga NEXUS Energ\u00eda ASOBAL<\/a><\/strong>.<\/p>\n\n\n\n<figure class=\"wp-block-image size-large\"><img loading=\"lazy\" decoding=\"async\" width=\"1024\" height=\"234\" src=\"https:\/\/www.duerodeporte.com\/wp-content\/uploads\/2025\/07\/LaVilla-1024x234.jpeg\" alt=\"\" class=\"wp-image-12898\" srcset=\"https:\/\/www.duerodeporte.com\/wp-content\/uploads\/2025\/07\/LaVilla-1024x234.jpeg 1024w, https:\/\/www.duerodeporte.com\/wp-content\/uploads\/2025\/07\/LaVilla-300x68.jpeg 300w, https:\/\/www.duerodeporte.com\/wp-content\/uploads\/2025\/07\/LaVilla-768x175.jpeg 768w, https:\/\/www.duerodeporte.com\/wp-content\/uploads\/2025\/07\/LaVilla-1536x350.jpeg 1536w, https:\/\/www.duerodeporte.com\/wp-content\/uploads\/2025\/07\/LaVilla-696x159.jpeg 696w, https:\/\/www.duerodeporte.com\/wp-content\/uploads\/2025\/07\/LaVilla-1068x244.jpeg 1068w, https:\/\/www.duerodeporte.com\/wp-content\/uploads\/2025\/07\/LaVilla.jpeg 1600w\" sizes=\"auto, (max-width: 1024px) 100vw, 1024px\" \/><\/figure>\n\n\n\n<p>Inicio fulgurante de una escuadra amarilla que no ech\u00f3 en falta la inactividad tras el par\u00f3n de la pasada jornada. <strong>Con 1-7, los de M\u00e1rquez supieron someter a su rival<\/strong>. Pero, la reacci\u00f3n morada se unir\u00eda a los errores amarillos para poner las espadas en todo lo alto. <strong>Los de Requena igualaron<\/strong> (<strong>11-11<\/strong>) en al recta final de una primera parte que se sostuvo con los siete tantos de <strong>Iribar<\/strong>. Ventaja al descanso (<strong>13-14<\/strong>)<\/p>\n\n\n\n<figure class=\"wp-block-embed is-type-rich is-provider-twitter wp-block-embed-twitter\"><div class=\"wp-block-embed__wrapper\">\n<blockquote class=\"twitter-tweet\" data-width=\"550\" data-dnt=\"true\"><p lang=\"es\" dir=\"ltr\">\ud83d\udfe0 BALONMANO<br><br>\ud83e\udd3e\ud83c\udffb\u200d\u2642\ufe0f EN JUEGO&#8230; la 4\ufe0f\u20e3&#39; jr. de la Liga <a href=\"https:\/\/twitter.com\/NexusEnergia?ref_src=twsrc%5Etfw\">@NexusEnergia<\/a> <a href=\"https:\/\/twitter.com\/ASOBAL?ref_src=twsrc%5Etfw\">@ASOBAL<\/a> en el David Santamar\u00eda de Guadalajara<br><br>\ud83d\udfe3\u26aa <a href=\"https:\/\/twitter.com\/bmguadalajara?ref_src=twsrc%5Etfw\">@bmguadalajara<\/a> 0\ufe0f\u20e3<br>\ud83d\udfe1\ud83d\udd35 <a href=\"https:\/\/twitter.com\/bmvillaaranda?ref_src=twsrc%5Etfw\">@bmvillaaranda<\/a> 1\ufe0f\u20e3<br><br>\u25b6\ufe0f 4\ufe0f\u20e3&#39; jr. Liga <a href=\"https:\/\/twitter.com\/nexus?ref_src=twsrc%5Etfw\">@nexus<\/a> <a href=\"https:\/\/twitter.com\/ASOBAL?ref_src=twsrc%5Etfw\">@ASOBAL<\/a>: <a href=\"https:\/\/t.co\/5QXEAEjbrE\">https:\/\/t.co\/5QXEAEjbrE<\/a><br><br>\ud83c\udfa6 <a href=\"https:\/\/t.co\/QxLvd9kT5h\">https:\/\/t.co\/QxLvd9kT5h<\/a> <a href=\"https:\/\/t.co\/7xPhI7yylE\">pic.twitter.com\/7xPhI7yylE<\/a><\/p>&mdash; Diego A. Mart\u00edn (duerodeporte.com) (@Diegoamartin13) <a href=\"https:\/\/twitter.com\/Diegoamartin13\/status\/1974914024983998661?ref_src=twsrc%5Etfw\">October 5, 2025<\/a><\/blockquote><script async src=\"https:\/\/platform.twitter.com\/widgets.js\" charset=\"utf-8\"><\/script>\n<\/div><\/figure>\n\n\n\n<h2 class=\"wp-block-heading\">Madurez competitiva con Pau y Arias como destacados<\/h2>\n\n\n\n<p>En la segunda parte, partido mas igualado bajo los cauces previsibles ante del inicio de la 4\u00aa jornada.<strong> Los amarillos supieron mantener el partido de su lado <\/strong>con rentas favorables de dos y tres tantos, que evitaron una posible reacci\u00f3n de los de Requena.<\/p>\n\n\n\n<p>En la parte final, el <strong>cerrojo de Pau Guitart<\/strong> con dos grandes paradas evit\u00f3 que los morados pudieron acercarse a tan solo un gol (26-28 y 27-29). Y un tanto de <strong>Mateo Arias<\/strong> -cuatro goles- puso el tranquilizador <strong>27-30<\/strong> con el que se cerr\u00f3 el encuentro en el David Santamar\u00eda. Un triunfo que la escuadra amarilla celebr\u00f3 con <strong>la marea amarilla que se desplaz\u00f3 hasta la capital alcarre\u00f1a<\/strong>.<\/p>\n\n\n\n<figure class=\"wp-block-image size-large\"><img loading=\"lazy\" decoding=\"async\" width=\"1024\" height=\"494\" src=\"https:\/\/www.duerodeporte.com\/wp-content\/uploads\/2025\/10\/clasi-4o-j-asobal-2526-1024x494.jpg\" alt=\"\" class=\"wp-image-14263\" srcset=\"https:\/\/www.duerodeporte.com\/wp-content\/uploads\/2025\/10\/clasi-4o-j-asobal-2526-1024x494.jpg 1024w, https:\/\/www.duerodeporte.com\/wp-content\/uploads\/2025\/10\/clasi-4o-j-asobal-2526-300x145.jpg 300w, https:\/\/www.duerodeporte.com\/wp-content\/uploads\/2025\/10\/clasi-4o-j-asobal-2526-768x371.jpg 768w, https:\/\/www.duerodeporte.com\/wp-content\/uploads\/2025\/10\/clasi-4o-j-asobal-2526-1536x741.jpg 1536w, https:\/\/www.duerodeporte.com\/wp-content\/uploads\/2025\/10\/clasi-4o-j-asobal-2526-696x336.jpg 696w, https:\/\/www.duerodeporte.com\/wp-content\/uploads\/2025\/10\/clasi-4o-j-asobal-2526-1068x515.jpg 1068w, https:\/\/www.duerodeporte.com\/wp-content\/uploads\/2025\/10\/clasi-4o-j-asobal-2526.jpg 1838w\" sizes=\"auto, (max-width: 1024px) 100vw, 1024px\" \/><figcaption class=\"wp-element-caption\">As\u00ed est\u00e1 la clasificaci\u00f3n de Liga NEXUS Energ\u00eda ASOBAL tras la 4\u00aa jornada. \/ RFEBM<\/figcaption><\/figure>\n\n\n<div class=\"wp-block-image\">\n<figure class=\"aligncenter size-large\"><a href=\"https:\/\/whatsapp.com\/channel\/0029VaKr9Jr5kg76tHjXkZ2b\"><img loading=\"lazy\" decoding=\"async\" width=\"1024\" height=\"80\" src=\"https:\/\/www.duerodeporte.com\/wp-content\/uploads\/2024\/06\/2-2-1024x80.png\" alt=\"\" class=\"wp-image-3887\" srcset=\"https:\/\/www.duerodeporte.com\/wp-content\/uploads\/2024\/06\/2-2-1024x80.png 1024w, https:\/\/www.duerodeporte.com\/wp-content\/uploads\/2024\/06\/2-2-300x23.png 300w, https:\/\/www.duerodeporte.com\/wp-content\/uploads\/2024\/06\/2-2-768x60.png 768w, https:\/\/www.duerodeporte.com\/wp-content\/uploads\/2024\/06\/2-2-1536x120.png 1536w, https:\/\/www.duerodeporte.com\/wp-content\/uploads\/2024\/06\/2-2-696x54.png 696w, https:\/\/www.duerodeporte.com\/wp-content\/uploads\/2024\/06\/2-2-1068x83.png 1068w, https:\/\/www.duerodeporte.com\/wp-content\/uploads\/2024\/06\/2-2.png 1920w\" sizes=\"auto, (max-width: 1024px) 100vw, 1024px\" \/><\/a><\/figure>\n<\/div>\n\n\n<h2 class=\"wp-block-heading\">El an\u00e1lisis de Javi M\u00e1rquez<\/h2>\n\n\n\n<p>Al termino del encuentro, el entrenador de los amarillos, Javi M\u00e1rquez, hizo valoraci\u00f3n del choque. <strong><em>\u00abDuro&#8230; ha sido duro, se ha notado la tensi\u00f3n de los dos equipos\u00bb<\/em><\/strong>, apuntaba el manchego. <strong><em>\u00abEl gran inicio nos ha beneficiado, a pesar de la reacci\u00f3n de Guadalajara\u00bb<\/em><\/strong>, valor\u00f3 ante las dificultades del partido. Finalmente, M\u00e1rquez coment\u00f3 la importancia de la victoria con la afici\u00f3n desplazada desde Aranda de Duero. <strong><em>\u00abDos puntos muy importantes con agradecimiento a los arandinos que nos han acompa\u00f1ado\u00bb<\/em><\/strong>, finaliz\u00f3.<\/p>\n\n\n\n<figure class=\"wp-block-embed is-type-rich is-provider-twitter wp-block-embed-twitter\"><div class=\"wp-block-embed__wrapper\">\n<blockquote class=\"twitter-tweet\" data-width=\"550\" data-dnt=\"true\"><p lang=\"es\" dir=\"ltr\">\u26a1\ufe0f\ud835\uddd9\ud835\udddf\ud835\uddd4\ud835\udde6\ud835\udddb | Declaraciones de nuestro t\u00e9cnico <a href=\"https:\/\/twitter.com\/fcjaviermarquez?ref_src=twsrc%5Etfw\">@fcjaviermarquez<\/a> tras la finalizaci\u00f3n del choque correspondiente a la Jornada 4 <a href=\"https:\/\/twitter.com\/ASOBAL?ref_src=twsrc%5Etfw\">@ASOBAL<\/a> \ud83c\udd9a <a href=\"https:\/\/twitter.com\/bmguadalajara?ref_src=twsrc%5Etfw\">@bmguadalajara<\/a>.<br><br>\ud83d\udde3\ufe0f \u201cHa sido un partido muy trabajado por nuestra parte\u201d<a href=\"https:\/\/twitter.com\/hashtag\/GUAVDA?src=hash&amp;ref_src=twsrc%5Etfw\">#GUAVDA<\/a><a href=\"https:\/\/twitter.com\/hashtag\/SomosASOBAL?src=hash&amp;ref_src=twsrc%5Etfw\">#SomosASOBAL<\/a><a href=\"https:\/\/twitter.com\/hashtag\/AVivirMilA%C3%B1osSinConocerte?src=hash&amp;ref_src=twsrc%5Etfw\">#AVivirMilA\u00f1osSinConocerte<\/a> <a href=\"https:\/\/t.co\/ntkFwOn7vq\">pic.twitter.com\/ntkFwOn7vq<\/a><\/p>&mdash; Club Balonmano Villa de Aranda (@bmvillaaranda) <a href=\"https:\/\/twitter.com\/bmvillaaranda\/status\/1974944483273060799?ref_src=twsrc%5Etfw\">October 5, 2025<\/a><\/blockquote><script async src=\"https:\/\/platform.twitter.com\/widgets.js\" charset=\"utf-8\"><\/script>\n<\/div><\/figure>\n\n\n\n<p>Ahora, Tubos Aranda Villa de Aranda suma cuatro puntos antes de recibir el <strong>pr\u00f3ximo s\u00e1bado <\/strong>(<strong>19:00 h<\/strong>) en el <strong>Santiago Mangu\u00e1n<\/strong> a <strong><a href=\"https:\/\/balonmanotorrelavega.com\/\">Torrelavega <\/a><\/strong>en el segundo partido en casa de la temporada.<\/p>\n","protected":false},"excerpt":{"rendered":"<p>Segunda victoria de la temporada. Comienzo fulgurante de los amarillos (1-7) y reacci\u00f3n morada antes del descanso (13-14) En la reanudaci\u00f3n, los de M\u00e1rquez maduran el choque para llevarse los [&hellip;]<\/p>\n","protected":false},"author":3,"featured_media":14238,"comment_status":"open","ping_status":"open","sticky":false,"template":"","format":"standard","meta":{"footnotes":""},"categories":[18,15],"tags":[],"class_list":["post-14236","post","type-post","status-publish","format-standard","has-post-thumbnail","category-balonmano","category-portada"],"yoast_head":"<!-- This site is optimized with the Yoast SEO plugin v27.5 - https:\/\/yoast.com\/product\/yoast-seo-wordpress\/ -->\r\n<title>Tubos Aranda Villa de Aranda pone el cerrojo en Guadalajara (27-30)<\/title>\r\n<meta name=\"description\" content=\"El Deporte de Aranda y las tierras del Duero\" \/>\r\n<meta name=\"robots\" content=\"index, follow, max-snippet:-1, max-image-preview:large, max-video-preview:-1\" \/>\r\n<link rel=\"canonical\" href=\"https:\/\/www.duerodeporte.com\/index.php\/archivos\/14236\" \/>\r\n<meta property=\"og:locale\" content=\"es_ES\" \/>\r\n<meta property=\"og:type\" content=\"article\" \/>\r\n<meta property=\"og:title\" content=\"Tubos Aranda Villa de Aranda pone el cerrojo en Guadalajara (27-30)\" \/>\r\n<meta property=\"og:description\" content=\"El Deporte de Aranda y las tierras del Duero\" \/>\r\n<meta property=\"og:url\" content=\"https:\/\/www.duerodeporte.com\/index.php\/archivos\/14236\" \/>\r\n<meta property=\"og:site_name\" content=\"Duero Deporte\" \/>\r\n<meta property=\"article:publisher\" content=\"https:\/\/www.facebook.com\/61555928375028\" \/>\r\n<meta property=\"article:published_time\" content=\"2025-10-05T19:42:39+00:00\" \/>\r\n<meta property=\"article:modified_time\" content=\"2025-10-06T14:46:03+00:00\" \/>\r\n<meta property=\"og:image\" content=\"https:\/\/www.duerodeporte.com\/wp-content\/uploads\/2025\/10\/5985730083614215814.jpg\" \/>\r\n\t<meta property=\"og:image:width\" content=\"1263\" \/>\r\n\t<meta property=\"og:image:height\" content=\"696\" \/>\r\n\t<meta property=\"og:image:type\" content=\"image\/jpeg\" \/>\r\n<meta name=\"author\" content=\"Diego A. Mart\u00edn\" \/>\r\n<meta name=\"twitter:card\" content=\"summary_large_image\" \/>\r\n<meta name=\"twitter:creator\" content=\"@Diegoamartin13\" \/>\r\n<meta name=\"twitter:site\" content=\"@Diegoamartin13\" \/>\r\n<meta name=\"twitter:label1\" content=\"Escrito por\" \/>\n\t<meta name=\"twitter:data1\" content=\"Diego A. Mart\u00edn\" \/>\n\t<meta name=\"twitter:label2\" content=\"Tiempo de lectura\" \/>\n\t<meta name=\"twitter:data2\" content=\"3 minutos\" \/>\r\n<script type=\"application\/ld+json\" class=\"yoast-schema-graph\">{\"@context\":\"https:\\\/\\\/schema.org\",\"@graph\":[{\"@type\":[\"Article\",\"SocialMediaPosting\"],\"@id\":\"https:\\\/\\\/www.duerodeporte.com\\\/index.php\\\/archivos\\\/14236#article\",\"isPartOf\":{\"@id\":\"https:\\\/\\\/www.duerodeporte.com\\\/index.php\\\/archivos\\\/14236\"},\"author\":{\"name\":\"Diego A. Mart\u00edn\",\"@id\":\"https:\\\/\\\/www.duerodeporte.com\\\/#\\\/schema\\\/person\\\/5f3368966f635b5ae0d23ffaf7a7f894\"},\"headline\":\"Tubos Aranda Villa de Aranda pone el cerrojo en Guadalajara (27-30)\",\"datePublished\":\"2025-10-05T19:42:39+00:00\",\"dateModified\":\"2025-10-06T14:46:03+00:00\",\"mainEntityOfPage\":{\"@id\":\"https:\\\/\\\/www.duerodeporte.com\\\/index.php\\\/archivos\\\/14236\"},\"wordCount\":469,\"commentCount\":0,\"publisher\":{\"@id\":\"https:\\\/\\\/www.duerodeporte.com\\\/#organization\"},\"image\":{\"@id\":\"https:\\\/\\\/www.duerodeporte.com\\\/index.php\\\/archivos\\\/14236#primaryimage\"},\"thumbnailUrl\":\"https:\\\/\\\/www.duerodeporte.com\\\/wp-content\\\/uploads\\\/2025\\\/10\\\/5985730083614215814.jpg\",\"articleSection\":[\"BALONMANO\",\"z_PORTADA\"],\"inLanguage\":\"es\",\"potentialAction\":[{\"@type\":\"CommentAction\",\"name\":\"Comment\",\"target\":[\"https:\\\/\\\/www.duerodeporte.com\\\/index.php\\\/archivos\\\/14236#respond\"]}]},{\"@type\":[\"WebPage\",\"ItemPage\"],\"@id\":\"https:\\\/\\\/www.duerodeporte.com\\\/index.php\\\/archivos\\\/14236\",\"url\":\"https:\\\/\\\/www.duerodeporte.com\\\/index.php\\\/archivos\\\/14236\",\"name\":\"Tubos Aranda Villa de Aranda pone el cerrojo en Guadalajara (27-30)\",\"isPartOf\":{\"@id\":\"https:\\\/\\\/www.duerodeporte.com\\\/#website\"},\"primaryImageOfPage\":{\"@id\":\"https:\\\/\\\/www.duerodeporte.com\\\/index.php\\\/archivos\\\/14236#primaryimage\"},\"image\":{\"@id\":\"https:\\\/\\\/www.duerodeporte.com\\\/index.php\\\/archivos\\\/14236#primaryimage\"},\"thumbnailUrl\":\"https:\\\/\\\/www.duerodeporte.com\\\/wp-content\\\/uploads\\\/2025\\\/10\\\/5985730083614215814.jpg\",\"datePublished\":\"2025-10-05T19:42:39+00:00\",\"dateModified\":\"2025-10-06T14:46:03+00:00\",\"description\":\"El Deporte de Aranda y las tierras del Duero\",\"breadcrumb\":{\"@id\":\"https:\\\/\\\/www.duerodeporte.com\\\/index.php\\\/archivos\\\/14236#breadcrumb\"},\"inLanguage\":\"es\",\"potentialAction\":[{\"@type\":\"ReadAction\",\"target\":[\"https:\\\/\\\/www.duerodeporte.com\\\/index.php\\\/archivos\\\/14236\"]}]},{\"@type\":\"ImageObject\",\"inLanguage\":\"es\",\"@id\":\"https:\\\/\\\/www.duerodeporte.com\\\/index.php\\\/archivos\\\/14236#primaryimage\",\"url\":\"https:\\\/\\\/www.duerodeporte.com\\\/wp-content\\\/uploads\\\/2025\\\/10\\\/5985730083614215814.jpg\",\"contentUrl\":\"https:\\\/\\\/www.duerodeporte.com\\\/wp-content\\\/uploads\\\/2025\\\/10\\\/5985730083614215814.jpg\",\"width\":1263,\"height\":696,\"caption\":\"Los amarillos sobre la cancha del David Santamar\u00eda de Guadalajara durante un tiempo muerto. \\\/ La8 Burgos\"},{\"@type\":\"BreadcrumbList\",\"@id\":\"https:\\\/\\\/www.duerodeporte.com\\\/index.php\\\/archivos\\\/14236#breadcrumb\",\"itemListElement\":[{\"@type\":\"ListItem\",\"position\":1,\"name\":\"Portada\",\"item\":\"https:\\\/\\\/www.duerodeporte.com\\\/\"},{\"@type\":\"ListItem\",\"position\":2,\"name\":\"Tubos Aranda Villa de Aranda pone el cerrojo en Guadalajara (27-30)\"}]},{\"@type\":\"WebSite\",\"@id\":\"https:\\\/\\\/www.duerodeporte.com\\\/#website\",\"url\":\"https:\\\/\\\/www.duerodeporte.com\\\/\",\"name\":\"Duero Deporte\",\"description\":\"El Deporte de Aranda y las tierras del Duero\",\"publisher\":{\"@id\":\"https:\\\/\\\/www.duerodeporte.com\\\/#organization\"},\"alternateName\":\"El Deporte de Aranda y las tierras del Duero\",\"potentialAction\":[{\"@type\":\"SearchAction\",\"target\":{\"@type\":\"EntryPoint\",\"urlTemplate\":\"https:\\\/\\\/www.duerodeporte.com\\\/?s={search_term_string}\"},\"query-input\":{\"@type\":\"PropertyValueSpecification\",\"valueRequired\":true,\"valueName\":\"search_term_string\"}}],\"inLanguage\":\"es\"},{\"@type\":\"Organization\",\"@id\":\"https:\\\/\\\/www.duerodeporte.com\\\/#organization\",\"name\":\"Duero Deporte\",\"alternateName\":\"El Deporte de Aranda y las tierras del Duero\",\"url\":\"https:\\\/\\\/www.duerodeporte.com\\\/\",\"logo\":{\"@type\":\"ImageObject\",\"inLanguage\":\"es\",\"@id\":\"https:\\\/\\\/www.duerodeporte.com\\\/#\\\/schema\\\/logo\\\/image\\\/\",\"url\":\"https:\\\/\\\/www.duerodeporte.com\\\/wp-content\\\/uploads\\\/2023\\\/11\\\/A.ColorSinFondo-e1708011627555.png\",\"contentUrl\":\"https:\\\/\\\/www.duerodeporte.com\\\/wp-content\\\/uploads\\\/2023\\\/11\\\/A.ColorSinFondo-e1708011627555.png\",\"width\":750,\"height\":132,\"caption\":\"Duero Deporte\"},\"image\":{\"@id\":\"https:\\\/\\\/www.duerodeporte.com\\\/#\\\/schema\\\/logo\\\/image\\\/\"},\"sameAs\":[\"https:\\\/\\\/www.facebook.com\\\/61555928375028\",\"https:\\\/\\\/x.com\\\/Diegoamartin13\",\"https:\\\/\\\/www.youtube.com\\\/channel\\\/UCxIGQL8b9gmW-NjaChabCdA\"]},{\"@type\":\"Person\",\"@id\":\"https:\\\/\\\/www.duerodeporte.com\\\/#\\\/schema\\\/person\\\/5f3368966f635b5ae0d23ffaf7a7f894\",\"name\":\"Diego A. Mart\u00edn\",\"image\":{\"@type\":\"ImageObject\",\"inLanguage\":\"es\",\"@id\":\"https:\\\/\\\/www.duerodeporte.com\\\/wp-content\\\/uploads\\\/2024\\\/01\\\/Diego2-e1706522808572-150x150.jpeg\",\"url\":\"https:\\\/\\\/www.duerodeporte.com\\\/wp-content\\\/uploads\\\/2024\\\/01\\\/Diego2-e1706522808572-150x150.jpeg\",\"contentUrl\":\"https:\\\/\\\/www.duerodeporte.com\\\/wp-content\\\/uploads\\\/2024\\\/01\\\/Diego2-e1706522808572-150x150.jpeg\",\"caption\":\"Diego A. Mart\u00edn\"},\"url\":\"https:\\\/\\\/www.duerodeporte.com\\\/index.php\\\/archivos\\\/author\\\/diego\"}]}<\/script>\r\n<!-- \/ Yoast SEO plugin. -->","yoast_head_json":{"title":"Tubos Aranda Villa de Aranda pone el cerrojo en Guadalajara (27-30)","description":"El Deporte de Aranda y las tierras del Duero","robots":{"index":"index","follow":"follow","max-snippet":"max-snippet:-1","max-image-preview":"max-image-preview:large","max-video-preview":"max-video-preview:-1"},"canonical":"https:\/\/www.duerodeporte.com\/index.php\/archivos\/14236","og_locale":"es_ES","og_type":"article","og_title":"Tubos Aranda Villa de Aranda pone el cerrojo en Guadalajara (27-30)","og_description":"El Deporte de Aranda y las tierras del Duero","og_url":"https:\/\/www.duerodeporte.com\/index.php\/archivos\/14236","og_site_name":"Duero Deporte","article_publisher":"https:\/\/www.facebook.com\/61555928375028","article_published_time":"2025-10-05T19:42:39+00:00","article_modified_time":"2025-10-06T14:46:03+00:00","og_image":[{"width":1263,"height":696,"url":"https:\/\/www.duerodeporte.com\/wp-content\/uploads\/2025\/10\/5985730083614215814.jpg","type":"image\/jpeg"}],"author":"Diego A. Mart\u00edn","twitter_card":"summary_large_image","twitter_creator":"@Diegoamartin13","twitter_site":"@Diegoamartin13","twitter_misc":{"Escrito por":"Diego A. Mart\u00edn","Tiempo de lectura":"3 minutos"},"schema":{"@context":"https:\/\/schema.org","@graph":[{"@type":["Article","SocialMediaPosting"],"@id":"https:\/\/www.duerodeporte.com\/index.php\/archivos\/14236#article","isPartOf":{"@id":"https:\/\/www.duerodeporte.com\/index.php\/archivos\/14236"},"author":{"name":"Diego A. Mart\u00edn","@id":"https:\/\/www.duerodeporte.com\/#\/schema\/person\/5f3368966f635b5ae0d23ffaf7a7f894"},"headline":"Tubos Aranda Villa de Aranda pone el cerrojo en Guadalajara (27-30)","datePublished":"2025-10-05T19:42:39+00:00","dateModified":"2025-10-06T14:46:03+00:00","mainEntityOfPage":{"@id":"https:\/\/www.duerodeporte.com\/index.php\/archivos\/14236"},"wordCount":469,"commentCount":0,"publisher":{"@id":"https:\/\/www.duerodeporte.com\/#organization"},"image":{"@id":"https:\/\/www.duerodeporte.com\/index.php\/archivos\/14236#primaryimage"},"thumbnailUrl":"https:\/\/www.duerodeporte.com\/wp-content\/uploads\/2025\/10\/5985730083614215814.jpg","articleSection":["BALONMANO","z_PORTADA"],"inLanguage":"es","potentialAction":[{"@type":"CommentAction","name":"Comment","target":["https:\/\/www.duerodeporte.com\/index.php\/archivos\/14236#respond"]}]},{"@type":["WebPage","ItemPage"],"@id":"https:\/\/www.duerodeporte.com\/index.php\/archivos\/14236","url":"https:\/\/www.duerodeporte.com\/index.php\/archivos\/14236","name":"Tubos Aranda Villa de Aranda pone el cerrojo en Guadalajara (27-30)","isPartOf":{"@id":"https:\/\/www.duerodeporte.com\/#website"},"primaryImageOfPage":{"@id":"https:\/\/www.duerodeporte.com\/index.php\/archivos\/14236#primaryimage"},"image":{"@id":"https:\/\/www.duerodeporte.com\/index.php\/archivos\/14236#primaryimage"},"thumbnailUrl":"https:\/\/www.duerodeporte.com\/wp-content\/uploads\/2025\/10\/5985730083614215814.jpg","datePublished":"2025-10-05T19:42:39+00:00","dateModified":"2025-10-06T14:46:03+00:00","description":"El Deporte de Aranda y las tierras del Duero","breadcrumb":{"@id":"https:\/\/www.duerodeporte.com\/index.php\/archivos\/14236#breadcrumb"},"inLanguage":"es","potentialAction":[{"@type":"ReadAction","target":["https:\/\/www.duerodeporte.com\/index.php\/archivos\/14236"]}]},{"@type":"ImageObject","inLanguage":"es","@id":"https:\/\/www.duerodeporte.com\/index.php\/archivos\/14236#primaryimage","url":"https:\/\/www.duerodeporte.com\/wp-content\/uploads\/2025\/10\/5985730083614215814.jpg","contentUrl":"https:\/\/www.duerodeporte.com\/wp-content\/uploads\/2025\/10\/5985730083614215814.jpg","width":1263,"height":696,"caption":"Los amarillos sobre la cancha del David Santamar\u00eda de Guadalajara durante un tiempo muerto. \/ La8 Burgos"},{"@type":"BreadcrumbList","@id":"https:\/\/www.duerodeporte.com\/index.php\/archivos\/14236#breadcrumb","itemListElement":[{"@type":"ListItem","position":1,"name":"Portada","item":"https:\/\/www.duerodeporte.com\/"},{"@type":"ListItem","position":2,"name":"Tubos Aranda Villa de Aranda pone el cerrojo en Guadalajara (27-30)"}]},{"@type":"WebSite","@id":"https:\/\/www.duerodeporte.com\/#website","url":"https:\/\/www.duerodeporte.com\/","name":"Duero Deporte","description":"El Deporte de Aranda y las tierras del Duero","publisher":{"@id":"https:\/\/www.duerodeporte.com\/#organization"},"alternateName":"El Deporte de Aranda y las tierras del Duero","potentialAction":[{"@type":"SearchAction","target":{"@type":"EntryPoint","urlTemplate":"https:\/\/www.duerodeporte.com\/?s={search_term_string}"},"query-input":{"@type":"PropertyValueSpecification","valueRequired":true,"valueName":"search_term_string"}}],"inLanguage":"es"},{"@type":"Organization","@id":"https:\/\/www.duerodeporte.com\/#organization","name":"Duero Deporte","alternateName":"El Deporte de Aranda y las tierras del Duero","url":"https:\/\/www.duerodeporte.com\/","logo":{"@type":"ImageObject","inLanguage":"es","@id":"https:\/\/www.duerodeporte.com\/#\/schema\/logo\/image\/","url":"https:\/\/www.duerodeporte.com\/wp-content\/uploads\/2023\/11\/A.ColorSinFondo-e1708011627555.png","contentUrl":"https:\/\/www.duerodeporte.com\/wp-content\/uploads\/2023\/11\/A.ColorSinFondo-e1708011627555.png","width":750,"height":132,"caption":"Duero Deporte"},"image":{"@id":"https:\/\/www.duerodeporte.com\/#\/schema\/logo\/image\/"},"sameAs":["https:\/\/www.facebook.com\/61555928375028","https:\/\/x.com\/Diegoamartin13","https:\/\/www.youtube.com\/channel\/UCxIGQL8b9gmW-NjaChabCdA"]},{"@type":"Person","@id":"https:\/\/www.duerodeporte.com\/#\/schema\/person\/5f3368966f635b5ae0d23ffaf7a7f894","name":"Diego A. Mart\u00edn","image":{"@type":"ImageObject","inLanguage":"es","@id":"https:\/\/www.duerodeporte.com\/wp-content\/uploads\/2024\/01\/Diego2-e1706522808572-150x150.jpeg","url":"https:\/\/www.duerodeporte.com\/wp-content\/uploads\/2024\/01\/Diego2-e1706522808572-150x150.jpeg","contentUrl":"https:\/\/www.duerodeporte.com\/wp-content\/uploads\/2024\/01\/Diego2-e1706522808572-150x150.jpeg","caption":"Diego A. Mart\u00edn"},"url":"https:\/\/www.duerodeporte.com\/index.php\/archivos\/author\/diego"}]}},"views":513,"_links":{"self":[{"href":"https:\/\/www.duerodeporte.com\/index.php\/wp-json\/wp\/v2\/posts\/14236","targetHints":{"allow":["GET"]}}],"collection":[{"href":"https:\/\/www.duerodeporte.com\/index.php\/wp-json\/wp\/v2\/posts"}],"about":[{"href":"https:\/\/www.duerodeporte.com\/index.php\/wp-json\/wp\/v2\/types\/post"}],"author":[{"embeddable":true,"href":"https:\/\/www.duerodeporte.com\/index.php\/wp-json\/wp\/v2\/users\/3"}],"replies":[{"embeddable":true,"href":"https:\/\/www.duerodeporte.com\/index.php\/wp-json\/wp\/v2\/comments?post=14236"}],"version-history":[{"count":9,"href":"https:\/\/www.duerodeporte.com\/index.php\/wp-json\/wp\/v2\/posts\/14236\/revisions"}],"predecessor-version":[{"id":14264,"href":"https:\/\/www.duerodeporte.com\/index.php\/wp-json\/wp\/v2\/posts\/14236\/revisions\/14264"}],"wp:featuredmedia":[{"embeddable":true,"href":"https:\/\/www.duerodeporte.com\/index.php\/wp-json\/wp\/v2\/media\/14238"}],"wp:attachment":[{"href":"https:\/\/www.duerodeporte.com\/index.php\/wp-json\/wp\/v2\/media?parent=14236"}],"wp:term":[{"taxonomy":"category","embeddable":true,"href":"https:\/\/www.duerodeporte.com\/index.php\/wp-json\/wp\/v2\/categories?post=14236"},{"taxonomy":"post_tag","embeddable":true,"href":"https:\/\/www.duerodeporte.com\/index.php\/wp-json\/wp\/v2\/tags?post=14236"}],"curies":[{"name":"wp","href":"https:\/\/api.w.org\/{rel}","templated":true}]}}