{"id":14321,"date":"2025-10-10T23:58:54","date_gmt":"2025-10-10T22:58:54","guid":{"rendered":"https:\/\/www.duerodeporte.com\/?p=14321"},"modified":"2025-10-11T08:25:03","modified_gmt":"2025-10-11T07:25:03","slug":"tubos-aranda-regresa-a-casa-con-un-reto-de-altura","status":"publish","type":"post","link":"https:\/\/www.duerodeporte.com\/index.php\/archivos\/14321","title":{"rendered":"Tubos Aranda Villa de Aranda regresa a casa ante un reto de altura"},"content":{"rendered":"\n<h2 class=\"wp-block-heading\">El balonmano vuelve al Pabell\u00f3n Santiago Mangu\u00e1n un mes despu\u00e9s del triunfo ante Nava en el debut de temporada. Enfrente, el Torrelavega de Cu\u00e9tara que ostenta la tercera plaza y cuenta con otros varios ex amarillos en sus filas. Bors es baja y Arthur duda hasta \u00faltima hora<\/h2>\n\n\n\n<p>Aranda de Duero vuelve a respirar balonmano. La <strong><a href=\"https:\/\/asobal.es\/liga\/calendario\/\">Liga NEXUS Energ\u00eda ASOBAL<\/a><\/strong> regresa al <strong>Santiago Mangu\u00e1n<\/strong> un mes m\u00e1s tarde del triunfal debut ante Balonmano Nava.<\/p>\n\n\n\n<figure class=\"wp-block-image size-large\"><a href=\"https:\/\/www.facebook.com\/share\/16KHQRzhu2\/\"><img loading=\"lazy\" decoding=\"async\" width=\"1024\" height=\"234\" src=\"https:\/\/www.duerodeporte.com\/wp-content\/uploads\/2025\/07\/LaVilla-1024x234.jpeg\" alt=\"\" class=\"wp-image-12898\" srcset=\"https:\/\/www.duerodeporte.com\/wp-content\/uploads\/2025\/07\/LaVilla-1024x234.jpeg 1024w, https:\/\/www.duerodeporte.com\/wp-content\/uploads\/2025\/07\/LaVilla-300x68.jpeg 300w, https:\/\/www.duerodeporte.com\/wp-content\/uploads\/2025\/07\/LaVilla-768x175.jpeg 768w, https:\/\/www.duerodeporte.com\/wp-content\/uploads\/2025\/07\/LaVilla-1536x350.jpeg 1536w, https:\/\/www.duerodeporte.com\/wp-content\/uploads\/2025\/07\/LaVilla-696x159.jpeg 696w, https:\/\/www.duerodeporte.com\/wp-content\/uploads\/2025\/07\/LaVilla-1068x244.jpeg 1068w, https:\/\/www.duerodeporte.com\/wp-content\/uploads\/2025\/07\/LaVilla.jpeg 1600w\" sizes=\"auto, (max-width: 1024px) 100vw, 1024px\" \/><\/a><\/figure>\n\n\n\n<p>As\u00ed lo ha querido \u00e9l capricho del calendario y el aplazamiento del encuentro de la 3&#8242; jornada frente al Bar\u00e7a en las Tierras del Duero (10 de diciembre) Sea como fuere, este <strong>s\u00e1bado ( 19:00<\/strong> <strong>h<\/strong>) el amarillo volver\u00e1 a te\u00f1ir las gradas del feudo arandino ante <strong><a href=\"https:\/\/balonmanotorrelavega.com\/\">Torrelavega<\/a><\/strong> (3&#8242;, 7 puntos)<\/p>\n\n\n\n<p><strong><a href=\"https:\/\/www.bmvilladearanda.com\/\">Tubos Aranda Villa de Aranda<\/a><\/strong> (7&#8242;, 4 puntos) comparecer\u00e1 tras el bals\u00e1mico 2&#8242; triunfo de la temporada, despu\u00e9s de superar a <strong>Guadalajara<\/strong> en el David Santamar\u00eda el pasado fin de semana (<strong>27-30<\/strong>) Una victoria que hace crecer a la escuadra de Javi M\u00e1rquez ante la visita de uno de los equipos m\u00e1s trabajados del Campeonato.<\/p>\n\n\n\n<h2 class=\"wp-block-heading\">Sin Bors y con la duda de Arthur<\/h2>\n\n\n\n<p>Con la baja de <strong>Andis Bors<\/strong>, ya operado y en pleno proceso de recuperaci\u00f3n, la \u00fanica duda ser\u00e1 saber si<strong> Arthur Pereira<\/strong> puede disputar minutos ante los de Jacobo Cu\u00e9tara. El brasile\u00f1o arrastra desde hace algo m\u00e1s de una semana <strong>molestias en uno de sus hombros<\/strong>. Este mismo jueves se realiz\u00f3 pruebas m\u00e9dicas en Madrid, para conocer la naturaleza del problema y poder atajarlo. Habr\u00e1 que esperar.<\/p>\n\n\n\n<p>Mientras, el entrenador de la escuadra amarilla, <strong>Javi M\u00e1rquez<\/strong>, es consciente del rival que habr\u00e1 delante y valora la importancia del triunfo ante Guadalajara para el crecimiento del equipo.<\/p>\n\n\n\n<figure class=\"wp-block-embed is-type-rich is-provider-twitter wp-block-embed-twitter\"><div class=\"wp-block-embed__wrapper\">\n<blockquote class=\"twitter-tweet\" data-width=\"550\" data-dnt=\"true\"><p lang=\"es\" dir=\"ltr\">\ud83d\udfe0 BALONMANO<br><br>\ud83e\udd3e\ud83c\udffb\u200d\u2642\ufe0f Previa 5\ufe0f\u20e3&#39; jr. Liga <a href=\"https:\/\/twitter.com\/NexusEnergia?ref_src=twsrc%5Etfw\">@NexusEnergia<\/a> <a href=\"https:\/\/twitter.com\/ASOBAL?ref_src=twsrc%5Etfw\">@ASOBAL<\/a>: <a href=\"https:\/\/twitter.com\/bmvillaaranda?ref_src=twsrc%5Etfw\">@bmvillaaranda<\/a> \ud83c\udd9a <a href=\"https:\/\/twitter.com\/BMTorrelavega?ref_src=twsrc%5Etfw\">@BMTorrelavega<\/a> <br><br>\ud83d\udde3\ufe0f <a href=\"https:\/\/twitter.com\/fcjaviermarquez?ref_src=twsrc%5Etfw\">@fcjaviermarquez<\/a>: &quot;La victoria ante <a href=\"https:\/\/twitter.com\/bmguadalajara?ref_src=twsrc%5Etfw\">@bmguadalajara<\/a> fue importante, hubo momentos buenos y malos, pero no nos desmoronamos y competinos&quot;<br><br>\ud83d\udde3\ufe0f &quot;El 3\ufe0f\u20e3&#39; puesto y los siete puntos de\u2026 <a href=\"https:\/\/t.co\/M5sNzsff7V\">pic.twitter.com\/M5sNzsff7V<\/a><\/p>&mdash; Diego A. Mart\u00edn (duerodeporte.com) (@Diegoamartin13) <a href=\"https:\/\/twitter.com\/Diegoamartin13\/status\/1976351629101212016?ref_src=twsrc%5Etfw\">October 9, 2025<\/a><\/blockquote><script async src=\"https:\/\/platform.twitter.com\/widgets.js\" charset=\"utf-8\"><\/script>\n<\/div><\/figure>\n\n\n\n<p>La <strong>5&#8242; jornada<\/strong> del Campeonato ha comenzado ya este viernes con las victorias de <strong>Bidasoa Ir\u00fan <\/strong>y<strong> Ademar Le\u00f3n<\/strong> sobre Huesca (32-24) y Puente Genil (26-23) respectivamente.<\/p>\n\n\n\n<p>A\u00fan restan otros cinco partidos m\u00e1s, sin contabilizar el duelo del Mangu\u00e1n. As\u00ed, Cangas vs Guadalajara, Cuenca vs Alicante, Caser\u00edo vs Nava, Valladolid vs Logro\u00f1o y Granollers vs Bar\u00e7a completan la jornada.<\/p>\n\n\n\n<h2 class=\"wp-block-heading\">Ganadores &#8216;Petete Experience&#8217;<\/h2>\n\n\n\n<p>Del mismo modo, la nueva promoci\u00f3n dise\u00f1ada por DUERO Deporte, en colaboraci\u00f3n con Bar La Villa, para acercar al p\u00fablico en general al balonmano, ya tiene a sus dos nuevos afortunados: <strong>Alfredo Gonz\u00e1lez<\/strong> y <strong>Enrique Franco<\/strong>.<\/p>\n\n\n\n<p>Ambos son los ganadores de la &#8216;<strong><em>Petete Experience<\/em><\/strong>&#8216; de manera que podr\u00e1n <strong>disfrutar junto a los integrantes de la Pe\u00f1a Petete del encuentro ante Torrelaveg<\/strong>a en las gradas de Santiago Mang\u00faan. Y adem\u00e1s recibir\u00e1n los <strong>calcetines exclusivos de DUERO Deporte y Bar La Villa<\/strong>, dise\u00f1ados para la ocasi\u00f3n por el fabricante <strong>Cag\u00fcen Socks<\/strong>. Enhorabuena.<\/p>\n","protected":false},"excerpt":{"rendered":"<p>El balonmano vuelve al Pabell\u00f3n Santiago Mangu\u00e1n un mes despu\u00e9s del triunfo ante Nava en el debut de temporada. Enfrente, el Torrelavega de Cu\u00e9tara que ostenta la tercera plaza y [&hellip;]<\/p>\n","protected":false},"author":3,"featured_media":14326,"comment_status":"open","ping_status":"open","sticky":false,"template":"","format":"standard","meta":{"footnotes":""},"categories":[18,15],"tags":[43,1026,177,1025,40,70,28],"class_list":["post-14321","post","type-post","status-publish","format-standard","has-post-thumbnail","category-balonmano","category-portada","tag-aranda-de-duero","tag-arthur","tag-asobal","tag-borns","tag-rfebm","tag-torrelavega","tag-villa-de-aranda"],"yoast_head":"<!-- This site is optimized with the Yoast SEO plugin v27.5 - https:\/\/yoast.com\/product\/yoast-seo-wordpress\/ -->\r\n<title>Tubos Aranda Villa de Aranda regresa a casa ante un reto de altura<\/title>\r\n<meta name=\"description\" content=\"El Deporte de Aranda y las tierras del Duero\" \/>\r\n<meta name=\"robots\" content=\"index, follow, max-snippet:-1, max-image-preview:large, max-video-preview:-1\" \/>\r\n<link rel=\"canonical\" href=\"https:\/\/www.duerodeporte.com\/index.php\/archivos\/14321\" \/>\r\n<meta property=\"og:locale\" content=\"es_ES\" \/>\r\n<meta property=\"og:type\" content=\"article\" \/>\r\n<meta property=\"og:title\" content=\"Tubos Aranda Villa de Aranda regresa a casa ante un reto de altura\" \/>\r\n<meta property=\"og:description\" content=\"El Deporte de Aranda y las tierras del Duero\" \/>\r\n<meta property=\"og:url\" content=\"https:\/\/www.duerodeporte.com\/index.php\/archivos\/14321\" \/>\r\n<meta property=\"og:site_name\" content=\"Duero Deporte\" \/>\r\n<meta property=\"article:publisher\" content=\"https:\/\/www.facebook.com\/61555928375028\" \/>\r\n<meta property=\"article:published_time\" content=\"2025-10-10T22:58:54+00:00\" \/>\r\n<meta property=\"article:modified_time\" content=\"2025-10-11T07:25:03+00:00\" \/>\r\n<meta property=\"og:image\" content=\"https:\/\/www.duerodeporte.com\/wp-content\/uploads\/2025\/10\/IMG-20251011-WA0001.jpg\" \/>\r\n\t<meta property=\"og:image:width\" content=\"1932\" \/>\r\n\t<meta property=\"og:image:height\" content=\"1220\" \/>\r\n\t<meta property=\"og:image:type\" content=\"image\/jpeg\" \/>\r\n<meta name=\"author\" content=\"Diego A. Mart\u00edn\" \/>\r\n<meta name=\"twitter:card\" content=\"summary_large_image\" \/>\r\n<meta name=\"twitter:creator\" content=\"@Diegoamartin13\" \/>\r\n<meta name=\"twitter:site\" content=\"@Diegoamartin13\" \/>\r\n<meta name=\"twitter:label1\" content=\"Escrito por\" \/>\n\t<meta name=\"twitter:data1\" content=\"Diego A. Mart\u00edn\" \/>\n\t<meta name=\"twitter:label2\" content=\"Tiempo de lectura\" \/>\n\t<meta name=\"twitter:data2\" content=\"3 minutos\" \/>\r\n<script type=\"application\/ld+json\" class=\"yoast-schema-graph\">{\"@context\":\"https:\\\/\\\/schema.org\",\"@graph\":[{\"@type\":[\"Article\",\"SocialMediaPosting\"],\"@id\":\"https:\\\/\\\/www.duerodeporte.com\\\/index.php\\\/archivos\\\/14321#article\",\"isPartOf\":{\"@id\":\"https:\\\/\\\/www.duerodeporte.com\\\/index.php\\\/archivos\\\/14321\"},\"author\":{\"name\":\"Diego A. Mart\u00edn\",\"@id\":\"https:\\\/\\\/www.duerodeporte.com\\\/#\\\/schema\\\/person\\\/5f3368966f635b5ae0d23ffaf7a7f894\"},\"headline\":\"Tubos Aranda Villa de Aranda regresa a casa ante un reto de altura\",\"datePublished\":\"2025-10-10T22:58:54+00:00\",\"dateModified\":\"2025-10-11T07:25:03+00:00\",\"mainEntityOfPage\":{\"@id\":\"https:\\\/\\\/www.duerodeporte.com\\\/index.php\\\/archivos\\\/14321\"},\"wordCount\":494,\"commentCount\":0,\"publisher\":{\"@id\":\"https:\\\/\\\/www.duerodeporte.com\\\/#organization\"},\"image\":{\"@id\":\"https:\\\/\\\/www.duerodeporte.com\\\/index.php\\\/archivos\\\/14321#primaryimage\"},\"thumbnailUrl\":\"https:\\\/\\\/www.duerodeporte.com\\\/wp-content\\\/uploads\\\/2025\\\/10\\\/IMG-20251011-WA0001.jpg\",\"keywords\":[\"aranda de duero\",\"Arthur\",\"Asobal\",\"Borns\",\"Rfebm\",\"Torrelavega\",\"Villa de Aranda\"],\"articleSection\":[\"BALONMANO\",\"z_PORTADA\"],\"inLanguage\":\"es\",\"potentialAction\":[{\"@type\":\"CommentAction\",\"name\":\"Comment\",\"target\":[\"https:\\\/\\\/www.duerodeporte.com\\\/index.php\\\/archivos\\\/14321#respond\"]}]},{\"@type\":[\"WebPage\",\"ItemPage\"],\"@id\":\"https:\\\/\\\/www.duerodeporte.com\\\/index.php\\\/archivos\\\/14321\",\"url\":\"https:\\\/\\\/www.duerodeporte.com\\\/index.php\\\/archivos\\\/14321\",\"name\":\"Tubos Aranda Villa de Aranda regresa a casa ante un reto de altura\",\"isPartOf\":{\"@id\":\"https:\\\/\\\/www.duerodeporte.com\\\/#website\"},\"primaryImageOfPage\":{\"@id\":\"https:\\\/\\\/www.duerodeporte.com\\\/index.php\\\/archivos\\\/14321#primaryimage\"},\"image\":{\"@id\":\"https:\\\/\\\/www.duerodeporte.com\\\/index.php\\\/archivos\\\/14321#primaryimage\"},\"thumbnailUrl\":\"https:\\\/\\\/www.duerodeporte.com\\\/wp-content\\\/uploads\\\/2025\\\/10\\\/IMG-20251011-WA0001.jpg\",\"datePublished\":\"2025-10-10T22:58:54+00:00\",\"dateModified\":\"2025-10-11T07:25:03+00:00\",\"description\":\"El Deporte de Aranda y las tierras del Duero\",\"breadcrumb\":{\"@id\":\"https:\\\/\\\/www.duerodeporte.com\\\/index.php\\\/archivos\\\/14321#breadcrumb\"},\"inLanguage\":\"es\",\"potentialAction\":[{\"@type\":\"ReadAction\",\"target\":[\"https:\\\/\\\/www.duerodeporte.com\\\/index.php\\\/archivos\\\/14321\"]}]},{\"@type\":\"ImageObject\",\"inLanguage\":\"es\",\"@id\":\"https:\\\/\\\/www.duerodeporte.com\\\/index.php\\\/archivos\\\/14321#primaryimage\",\"url\":\"https:\\\/\\\/www.duerodeporte.com\\\/wp-content\\\/uploads\\\/2025\\\/10\\\/IMG-20251011-WA0001.jpg\",\"contentUrl\":\"https:\\\/\\\/www.duerodeporte.com\\\/wp-content\\\/uploads\\\/2025\\\/10\\\/IMG-20251011-WA0001.jpg\",\"width\":1932,\"height\":1220},{\"@type\":\"BreadcrumbList\",\"@id\":\"https:\\\/\\\/www.duerodeporte.com\\\/index.php\\\/archivos\\\/14321#breadcrumb\",\"itemListElement\":[{\"@type\":\"ListItem\",\"position\":1,\"name\":\"Portada\",\"item\":\"https:\\\/\\\/www.duerodeporte.com\\\/\"},{\"@type\":\"ListItem\",\"position\":2,\"name\":\"Tubos Aranda Villa de Aranda regresa a casa ante un reto de altura\"}]},{\"@type\":\"WebSite\",\"@id\":\"https:\\\/\\\/www.duerodeporte.com\\\/#website\",\"url\":\"https:\\\/\\\/www.duerodeporte.com\\\/\",\"name\":\"Duero Deporte\",\"description\":\"El Deporte de Aranda y las tierras del Duero\",\"publisher\":{\"@id\":\"https:\\\/\\\/www.duerodeporte.com\\\/#organization\"},\"alternateName\":\"El Deporte de Aranda y las tierras del Duero\",\"potentialAction\":[{\"@type\":\"SearchAction\",\"target\":{\"@type\":\"EntryPoint\",\"urlTemplate\":\"https:\\\/\\\/www.duerodeporte.com\\\/?s={search_term_string}\"},\"query-input\":{\"@type\":\"PropertyValueSpecification\",\"valueRequired\":true,\"valueName\":\"search_term_string\"}}],\"inLanguage\":\"es\"},{\"@type\":\"Organization\",\"@id\":\"https:\\\/\\\/www.duerodeporte.com\\\/#organization\",\"name\":\"Duero Deporte\",\"alternateName\":\"El Deporte de Aranda y las tierras del Duero\",\"url\":\"https:\\\/\\\/www.duerodeporte.com\\\/\",\"logo\":{\"@type\":\"ImageObject\",\"inLanguage\":\"es\",\"@id\":\"https:\\\/\\\/www.duerodeporte.com\\\/#\\\/schema\\\/logo\\\/image\\\/\",\"url\":\"https:\\\/\\\/www.duerodeporte.com\\\/wp-content\\\/uploads\\\/2023\\\/11\\\/A.ColorSinFondo-e1708011627555.png\",\"contentUrl\":\"https:\\\/\\\/www.duerodeporte.com\\\/wp-content\\\/uploads\\\/2023\\\/11\\\/A.ColorSinFondo-e1708011627555.png\",\"width\":750,\"height\":132,\"caption\":\"Duero Deporte\"},\"image\":{\"@id\":\"https:\\\/\\\/www.duerodeporte.com\\\/#\\\/schema\\\/logo\\\/image\\\/\"},\"sameAs\":[\"https:\\\/\\\/www.facebook.com\\\/61555928375028\",\"https:\\\/\\\/x.com\\\/Diegoamartin13\",\"https:\\\/\\\/www.youtube.com\\\/channel\\\/UCxIGQL8b9gmW-NjaChabCdA\"]},{\"@type\":\"Person\",\"@id\":\"https:\\\/\\\/www.duerodeporte.com\\\/#\\\/schema\\\/person\\\/5f3368966f635b5ae0d23ffaf7a7f894\",\"name\":\"Diego A. Mart\u00edn\",\"image\":{\"@type\":\"ImageObject\",\"inLanguage\":\"es\",\"@id\":\"https:\\\/\\\/www.duerodeporte.com\\\/wp-content\\\/uploads\\\/2024\\\/01\\\/Diego2-e1706522808572-150x150.jpeg\",\"url\":\"https:\\\/\\\/www.duerodeporte.com\\\/wp-content\\\/uploads\\\/2024\\\/01\\\/Diego2-e1706522808572-150x150.jpeg\",\"contentUrl\":\"https:\\\/\\\/www.duerodeporte.com\\\/wp-content\\\/uploads\\\/2024\\\/01\\\/Diego2-e1706522808572-150x150.jpeg\",\"caption\":\"Diego A. Mart\u00edn\"},\"url\":\"https:\\\/\\\/www.duerodeporte.com\\\/index.php\\\/archivos\\\/author\\\/diego\"}]}<\/script>\r\n<!-- \/ Yoast SEO plugin. -->","yoast_head_json":{"title":"Tubos Aranda Villa de Aranda regresa a casa ante un reto de altura","description":"El Deporte de Aranda y las tierras del Duero","robots":{"index":"index","follow":"follow","max-snippet":"max-snippet:-1","max-image-preview":"max-image-preview:large","max-video-preview":"max-video-preview:-1"},"canonical":"https:\/\/www.duerodeporte.com\/index.php\/archivos\/14321","og_locale":"es_ES","og_type":"article","og_title":"Tubos Aranda Villa de Aranda regresa a casa ante un reto de altura","og_description":"El Deporte de Aranda y las tierras del Duero","og_url":"https:\/\/www.duerodeporte.com\/index.php\/archivos\/14321","og_site_name":"Duero Deporte","article_publisher":"https:\/\/www.facebook.com\/61555928375028","article_published_time":"2025-10-10T22:58:54+00:00","article_modified_time":"2025-10-11T07:25:03+00:00","og_image":[{"width":1932,"height":1220,"url":"https:\/\/www.duerodeporte.com\/wp-content\/uploads\/2025\/10\/IMG-20251011-WA0001.jpg","type":"image\/jpeg"}],"author":"Diego A. Mart\u00edn","twitter_card":"summary_large_image","twitter_creator":"@Diegoamartin13","twitter_site":"@Diegoamartin13","twitter_misc":{"Escrito por":"Diego A. Mart\u00edn","Tiempo de lectura":"3 minutos"},"schema":{"@context":"https:\/\/schema.org","@graph":[{"@type":["Article","SocialMediaPosting"],"@id":"https:\/\/www.duerodeporte.com\/index.php\/archivos\/14321#article","isPartOf":{"@id":"https:\/\/www.duerodeporte.com\/index.php\/archivos\/14321"},"author":{"name":"Diego A. Mart\u00edn","@id":"https:\/\/www.duerodeporte.com\/#\/schema\/person\/5f3368966f635b5ae0d23ffaf7a7f894"},"headline":"Tubos Aranda Villa de Aranda regresa a casa ante un reto de altura","datePublished":"2025-10-10T22:58:54+00:00","dateModified":"2025-10-11T07:25:03+00:00","mainEntityOfPage":{"@id":"https:\/\/www.duerodeporte.com\/index.php\/archivos\/14321"},"wordCount":494,"commentCount":0,"publisher":{"@id":"https:\/\/www.duerodeporte.com\/#organization"},"image":{"@id":"https:\/\/www.duerodeporte.com\/index.php\/archivos\/14321#primaryimage"},"thumbnailUrl":"https:\/\/www.duerodeporte.com\/wp-content\/uploads\/2025\/10\/IMG-20251011-WA0001.jpg","keywords":["aranda de duero","Arthur","Asobal","Borns","Rfebm","Torrelavega","Villa de Aranda"],"articleSection":["BALONMANO","z_PORTADA"],"inLanguage":"es","potentialAction":[{"@type":"CommentAction","name":"Comment","target":["https:\/\/www.duerodeporte.com\/index.php\/archivos\/14321#respond"]}]},{"@type":["WebPage","ItemPage"],"@id":"https:\/\/www.duerodeporte.com\/index.php\/archivos\/14321","url":"https:\/\/www.duerodeporte.com\/index.php\/archivos\/14321","name":"Tubos Aranda Villa de Aranda regresa a casa ante un reto de altura","isPartOf":{"@id":"https:\/\/www.duerodeporte.com\/#website"},"primaryImageOfPage":{"@id":"https:\/\/www.duerodeporte.com\/index.php\/archivos\/14321#primaryimage"},"image":{"@id":"https:\/\/www.duerodeporte.com\/index.php\/archivos\/14321#primaryimage"},"thumbnailUrl":"https:\/\/www.duerodeporte.com\/wp-content\/uploads\/2025\/10\/IMG-20251011-WA0001.jpg","datePublished":"2025-10-10T22:58:54+00:00","dateModified":"2025-10-11T07:25:03+00:00","description":"El Deporte de Aranda y las tierras del Duero","breadcrumb":{"@id":"https:\/\/www.duerodeporte.com\/index.php\/archivos\/14321#breadcrumb"},"inLanguage":"es","potentialAction":[{"@type":"ReadAction","target":["https:\/\/www.duerodeporte.com\/index.php\/archivos\/14321"]}]},{"@type":"ImageObject","inLanguage":"es","@id":"https:\/\/www.duerodeporte.com\/index.php\/archivos\/14321#primaryimage","url":"https:\/\/www.duerodeporte.com\/wp-content\/uploads\/2025\/10\/IMG-20251011-WA0001.jpg","contentUrl":"https:\/\/www.duerodeporte.com\/wp-content\/uploads\/2025\/10\/IMG-20251011-WA0001.jpg","width":1932,"height":1220},{"@type":"BreadcrumbList","@id":"https:\/\/www.duerodeporte.com\/index.php\/archivos\/14321#breadcrumb","itemListElement":[{"@type":"ListItem","position":1,"name":"Portada","item":"https:\/\/www.duerodeporte.com\/"},{"@type":"ListItem","position":2,"name":"Tubos Aranda Villa de Aranda regresa a casa ante un reto de altura"}]},{"@type":"WebSite","@id":"https:\/\/www.duerodeporte.com\/#website","url":"https:\/\/www.duerodeporte.com\/","name":"Duero Deporte","description":"El Deporte de Aranda y las tierras del Duero","publisher":{"@id":"https:\/\/www.duerodeporte.com\/#organization"},"alternateName":"El Deporte de Aranda y las tierras del Duero","potentialAction":[{"@type":"SearchAction","target":{"@type":"EntryPoint","urlTemplate":"https:\/\/www.duerodeporte.com\/?s={search_term_string}"},"query-input":{"@type":"PropertyValueSpecification","valueRequired":true,"valueName":"search_term_string"}}],"inLanguage":"es"},{"@type":"Organization","@id":"https:\/\/www.duerodeporte.com\/#organization","name":"Duero Deporte","alternateName":"El Deporte de Aranda y las tierras del Duero","url":"https:\/\/www.duerodeporte.com\/","logo":{"@type":"ImageObject","inLanguage":"es","@id":"https:\/\/www.duerodeporte.com\/#\/schema\/logo\/image\/","url":"https:\/\/www.duerodeporte.com\/wp-content\/uploads\/2023\/11\/A.ColorSinFondo-e1708011627555.png","contentUrl":"https:\/\/www.duerodeporte.com\/wp-content\/uploads\/2023\/11\/A.ColorSinFondo-e1708011627555.png","width":750,"height":132,"caption":"Duero Deporte"},"image":{"@id":"https:\/\/www.duerodeporte.com\/#\/schema\/logo\/image\/"},"sameAs":["https:\/\/www.facebook.com\/61555928375028","https:\/\/x.com\/Diegoamartin13","https:\/\/www.youtube.com\/channel\/UCxIGQL8b9gmW-NjaChabCdA"]},{"@type":"Person","@id":"https:\/\/www.duerodeporte.com\/#\/schema\/person\/5f3368966f635b5ae0d23ffaf7a7f894","name":"Diego A. Mart\u00edn","image":{"@type":"ImageObject","inLanguage":"es","@id":"https:\/\/www.duerodeporte.com\/wp-content\/uploads\/2024\/01\/Diego2-e1706522808572-150x150.jpeg","url":"https:\/\/www.duerodeporte.com\/wp-content\/uploads\/2024\/01\/Diego2-e1706522808572-150x150.jpeg","contentUrl":"https:\/\/www.duerodeporte.com\/wp-content\/uploads\/2024\/01\/Diego2-e1706522808572-150x150.jpeg","caption":"Diego A. Mart\u00edn"},"url":"https:\/\/www.duerodeporte.com\/index.php\/archivos\/author\/diego"}]}},"views":338,"_links":{"self":[{"href":"https:\/\/www.duerodeporte.com\/index.php\/wp-json\/wp\/v2\/posts\/14321","targetHints":{"allow":["GET"]}}],"collection":[{"href":"https:\/\/www.duerodeporte.com\/index.php\/wp-json\/wp\/v2\/posts"}],"about":[{"href":"https:\/\/www.duerodeporte.com\/index.php\/wp-json\/wp\/v2\/types\/post"}],"author":[{"embeddable":true,"href":"https:\/\/www.duerodeporte.com\/index.php\/wp-json\/wp\/v2\/users\/3"}],"replies":[{"embeddable":true,"href":"https:\/\/www.duerodeporte.com\/index.php\/wp-json\/wp\/v2\/comments?post=14321"}],"version-history":[{"count":11,"href":"https:\/\/www.duerodeporte.com\/index.php\/wp-json\/wp\/v2\/posts\/14321\/revisions"}],"predecessor-version":[{"id":14339,"href":"https:\/\/www.duerodeporte.com\/index.php\/wp-json\/wp\/v2\/posts\/14321\/revisions\/14339"}],"wp:featuredmedia":[{"embeddable":true,"href":"https:\/\/www.duerodeporte.com\/index.php\/wp-json\/wp\/v2\/media\/14326"}],"wp:attachment":[{"href":"https:\/\/www.duerodeporte.com\/index.php\/wp-json\/wp\/v2\/media?parent=14321"}],"wp:term":[{"taxonomy":"category","embeddable":true,"href":"https:\/\/www.duerodeporte.com\/index.php\/wp-json\/wp\/v2\/categories?post=14321"},{"taxonomy":"post_tag","embeddable":true,"href":"https:\/\/www.duerodeporte.com\/index.php\/wp-json\/wp\/v2\/tags?post=14321"}],"curies":[{"name":"wp","href":"https:\/\/api.w.org\/{rel}","templated":true}]}}