{"id":14601,"date":"2025-10-22T02:21:24","date_gmt":"2025-10-22T01:21:24","guid":{"rendered":"https:\/\/www.duerodeporte.com\/?p=14601"},"modified":"2025-10-22T13:26:03","modified_gmt":"2025-10-22T12:26:03","slug":"la-eclosion-de-mario-aparicio-coincide-con-el-gran-ano-de-burgos-burpellet-bh","status":"publish","type":"post","link":"https:\/\/www.duerodeporte.com\/index.php\/archivos\/14601","title":{"rendered":"La eclosi\u00f3n de Mario Aparicio va de la mano con el gran a\u00f1o del Burgos Burpellet BH"},"content":{"rendered":"\n<h2 class=\"wp-block-heading\">Los morados son la escuadra espa\u00f1ola con m\u00e1s victorias de la temporada, m\u00e1s incluso que Movistar Team. Un total de 12 triunfos que estrenaba el propio Aparicio en la etapa inaugural del Tour <a href=\"https:\/\/www.duerodeporte.com\/index.php\/archivos\/9213\">de Sharajh<\/a>. Despu\u00e9s llegaron 11 victorias m\u00e1s que permiten al equipo burgal\u00e9s ascender dos puestos en la clasificaci\u00f3n UCI con 300 puntos m\u00e1s que la pasada temporada<\/h2>\n\n\n\n<p>El excelente a\u00f1o de <strong><a href=\"https:\/\/www.instagram.com\/mario_aparicio23\/?hl=es\">Mario Aparicio<\/a> <\/strong>ha ido de la mano de la gran temporada de su equipo, el <strong>Burgos Burpellet BH<\/strong>. La escuadra morada se ha convertido en el equipo espa\u00f1ol con mayor n\u00famero de victorias en este 2025 con un total de <strong>12 triunfos<\/strong>. Uno de ellos, el primero de la temporada fue del propio arandino.<\/p>\n\n\n<div class=\"wp-block-image\">\n<figure class=\"aligncenter size-large\"><a href=\"https:\/\/whatsapp.com\/channel\/0029VaKr9Jr5kg76tHjXkZ2b\"><img loading=\"lazy\" decoding=\"async\" width=\"1024\" height=\"80\" src=\"https:\/\/www.duerodeporte.com\/wp-content\/uploads\/2024\/06\/2-2-1024x80.png\" alt=\"\" class=\"wp-image-3887\" srcset=\"https:\/\/www.duerodeporte.com\/wp-content\/uploads\/2024\/06\/2-2-1024x80.png 1024w, https:\/\/www.duerodeporte.com\/wp-content\/uploads\/2024\/06\/2-2-300x23.png 300w, https:\/\/www.duerodeporte.com\/wp-content\/uploads\/2024\/06\/2-2-768x60.png 768w, https:\/\/www.duerodeporte.com\/wp-content\/uploads\/2024\/06\/2-2-1536x120.png 1536w, https:\/\/www.duerodeporte.com\/wp-content\/uploads\/2024\/06\/2-2-696x54.png 696w, https:\/\/www.duerodeporte.com\/wp-content\/uploads\/2024\/06\/2-2-1068x83.png 1068w, https:\/\/www.duerodeporte.com\/wp-content\/uploads\/2024\/06\/2-2.png 1920w\" sizes=\"auto, (max-width: 1024px) 100vw, 1024px\" \/><\/a><\/figure>\n<\/div>\n\n\n<p>Adem\u00e1s, la escuadra morada asciende dos posiciones en la clasificaci\u00f3n UCI y ya es 27\u00aa con<strong> 3.215 puntos<\/strong>, 300 m\u00e1s que la pasada temporada. La escuadra burgalesa supera a Kern Pharma (2967.33) o Team Polti (3.085) qued\u00e1ndose a 10 puntos del Unibet franc\u00e9s (3.225)<\/p>\n\n\n\n<figure class=\"wp-block-embed is-type-rich is-provider-twitter wp-block-embed-twitter\"><div class=\"wp-block-embed__wrapper\">\n<blockquote class=\"twitter-tweet\" data-width=\"550\" data-dnt=\"true\"><p lang=\"es\" dir=\"ltr\">\ud83c\udf1f El \ud835\udc01\ud835\udc2e\ud835\udc2b\ud835\udc20\ud835\udc28\ud835\udc2c \ud835\udc01\ud835\udc2e\ud835\udc2b\ud835\udc29\ud835\udc1e\ud835\udc25\ud835\udc25\ud835\udc1e\ud835\udc2d \ud835\udc01\ud835\udc07, equipo espa\u00f1ol m\u00e1s laureado de \ud835\udfd0\ud835\udfce\ud835\udfd0\ud835\udfd3<br><br>\ud83c\udfc6 \ud835\udfcf\ud835\udfd0 \ud835\udc2f\ud835\udc22\ud835\udc1c\ud835\udc2d\ud835\udc28\ud835\udc2b\ud835\udc22\ud835\udc1a\ud835\udc2c en cuatro continentes y \ud835\udfd0\ud835\udfd5\u00ba en el ranking mundial con \ud835\udfd1\ud835\udfd0\ud835\udfcf\ud835\udfd3 \ud835\udc29\ud835\udc2e\ud835\udc27\ud835\udc2d\ud835\udc28\ud835\udc2c \ud835\udc14\ud835\udc02\ud835\udc08<br><br>\ud83d\udcdd Balance de esta gran temporada \u27a1\ufe0f <a href=\"https:\/\/t.co\/Kwi8Vp0GJz\">https:\/\/t.co\/Kwi8Vp0GJz<\/a><a href=\"https:\/\/twitter.com\/hashtag\/CicloturismoBurgos?src=hash&amp;ref_src=twsrc%5Etfw\">#CicloturismoBurgos<\/a> <a href=\"https:\/\/t.co\/asxSKLhg5T\">pic.twitter.com\/asxSKLhg5T<\/a><\/p>&mdash; Burgos Burpellet BH (@BurgosBH) <a href=\"https:\/\/twitter.com\/BurgosBH\/status\/1980945988303880524?ref_src=twsrc%5Etfw\">October 22, 2025<\/a><\/blockquote><script async src=\"https:\/\/platform.twitter.com\/widgets.js\" charset=\"utf-8\"><\/script>\n<\/div><\/figure>\n\n\n\n<h2 class=\"wp-block-heading\">Aparicio sum\u00f3 el primer triunfo morado<\/h2>\n\n\n\n<p>Mario Aparicio tiene el honor de haber sido el ciclista que estrenara, all\u00e1 por el mes e enero, el palmar\u00e9s de victorias del equipo esta temporada. El arandino lo lograba tras su<a href=\"https:\/\/www.duerodeporte.com\/index.php\/archivos\/9213\"> <strong>gran triunfo en la etapa inaugural del Tour de Sharajh<\/strong><\/a>.<\/p>\n\n\n\n<p>Despu\u00e9s llegaron los triunfos del guatemalteco<strong> Sergio Chumil<\/strong> en O Gran Cami\u00f1o adem\u00e1s de los triunfos en los Campeonatos Nacionales (<strong>Georgios Bouglas<\/strong>, <strong>Jambaljamts Sainbayar<\/strong>,<strong> Sergio Chumil<\/strong>, <strong>Alexandre Mayer<\/strong>, <strong>Eric Antonio Fag\u00fandez<\/strong>)<\/p>\n\n\n\n<p>Y en este \u00faltimo tramo de la temporada ha completado el gran palmar\u00e9s de los morados: <strong>\u00d3scar Cavia<\/strong>, ganador de etapa y de la clasificaci\u00f3n General en Tour de Huangshan&nbsp;(China); <strong>Carlos Garc\u00eda<\/strong> y <strong>Cl\u00e8ment Alleno<\/strong> -etapa y General- en el Tour de Mentougou.<\/p>\n\n\n\n<figure class=\"wp-block-image size-large\"><img loading=\"lazy\" decoding=\"async\" width=\"1024\" height=\"682\" src=\"https:\/\/www.duerodeporte.com\/wp-content\/uploads\/2025\/10\/IMG-20251019-WA0076-1024x682.jpg\" alt=\"\" class=\"wp-image-14609\" srcset=\"https:\/\/www.duerodeporte.com\/wp-content\/uploads\/2025\/10\/IMG-20251019-WA0076-1024x682.jpg 1024w, https:\/\/www.duerodeporte.com\/wp-content\/uploads\/2025\/10\/IMG-20251019-WA0076-300x200.jpg 300w, https:\/\/www.duerodeporte.com\/wp-content\/uploads\/2025\/10\/IMG-20251019-WA0076-768x512.jpg 768w, https:\/\/www.duerodeporte.com\/wp-content\/uploads\/2025\/10\/IMG-20251019-WA0076-1536x1023.jpg 1536w, https:\/\/www.duerodeporte.com\/wp-content\/uploads\/2025\/10\/IMG-20251019-WA0076-696x464.jpg 696w, https:\/\/www.duerodeporte.com\/wp-content\/uploads\/2025\/10\/IMG-20251019-WA0076-1068x712.jpg 1068w, https:\/\/www.duerodeporte.com\/wp-content\/uploads\/2025\/10\/IMG-20251019-WA0076.jpg 1600w\" sizes=\"auto, (max-width: 1024px) 100vw, 1024px\" \/><figcaption class=\"wp-element-caption\">Mario Aparicio por delante de Adri\u00e1 Pericas (UAE) en la Veneto Clasic que cerr\u00f3 el a\u00f1o. \/ Sprint Cycling Agency<\/figcaption><\/figure>\n\n\n\n<h2 class=\"wp-block-heading\">Regreso a las grandes vueltas<\/h2>\n\n\n\n<p>Un extraordinario 2025 para<strong> el Burgos Burpellet BH donde tambi\u00e9n regresaba a las grandes vueltas <\/strong>con su presencia en <strong><a href=\"https:\/\/www.lavuelta.es\/es\/\">La Vuelta<\/a><\/strong>, donde a pesar de los problemas de salud, el equipo demostr\u00f3 un pundonor fuera de lo normal para finalizar la prueba con cuatro corredores, entre ellos el propio <strong>Mario Aparicio<\/strong>.<\/p>\n\n\n\n<p>Una ronda del jersey rojo que pronto dar\u00e1 a conocer el <strong>recorrido para su edici\u00f3n de 2026 <\/strong>y en el que<strong> volver\u00e1 a estar el Burgos Burpellet BH <\/strong>de Julio Andr\u00e9s Izquierdo. Y es que los resultados obtenidos por los morados, les otorgan el derecho de regresar el pr\u00f3ximo curso.<\/p>\n","protected":false},"excerpt":{"rendered":"<p>Los morados son la escuadra espa\u00f1ola con m\u00e1s victorias de la temporada, m\u00e1s incluso que Movistar Team. Un total de 12 triunfos que estrenaba el propio Aparicio en la etapa [&hellip;]<\/p>\n","protected":false},"author":3,"featured_media":14603,"comment_status":"open","ping_status":"open","sticky":false,"template":"","format":"standard","meta":{"footnotes":""},"categories":[19,15],"tags":[43,52,961,51,308,53,108],"class_list":["post-14601","post","type-post","status-publish","format-standard","has-post-thumbnail","category-ciclismo","category-portada","tag-aranda-de-duero","tag-burgos-bh","tag-burpellet","tag-ciclismo","tag-la-vuelta","tag-mario-aparicio","tag-rfec"],"yoast_head":"<!-- This site is optimized with the Yoast SEO plugin v27.5 - https:\/\/yoast.com\/product\/yoast-seo-wordpress\/ -->\r\n<title>La eclosi\u00f3n de Mario Aparicio va de la mano con el gran a\u00f1o del Burgos Burpellet BH<\/title>\r\n<meta name=\"description\" content=\"El Deporte de Aranda y las tierras del Duero\" \/>\r\n<meta name=\"robots\" content=\"index, follow, max-snippet:-1, max-image-preview:large, max-video-preview:-1\" \/>\r\n<link rel=\"canonical\" href=\"https:\/\/www.duerodeporte.com\/index.php\/archivos\/14601\" \/>\r\n<meta property=\"og:locale\" content=\"es_ES\" \/>\r\n<meta property=\"og:type\" content=\"article\" \/>\r\n<meta property=\"og:title\" content=\"La eclosi\u00f3n de Mario Aparicio va de la mano con el gran a\u00f1o del Burgos Burpellet BH\" \/>\r\n<meta property=\"og:description\" content=\"El Deporte de Aranda y las tierras del Duero\" \/>\r\n<meta property=\"og:url\" content=\"https:\/\/www.duerodeporte.com\/index.php\/archivos\/14601\" \/>\r\n<meta property=\"og:site_name\" content=\"Duero Deporte\" \/>\r\n<meta property=\"article:publisher\" content=\"https:\/\/www.facebook.com\/61555928375028\" \/>\r\n<meta property=\"article:published_time\" content=\"2025-10-22T01:21:24+00:00\" \/>\r\n<meta property=\"article:modified_time\" content=\"2025-10-22T12:26:03+00:00\" \/>\r\n<meta property=\"og:image\" content=\"https:\/\/www.duerodeporte.com\/wp-content\/uploads\/2025\/10\/BUROGS-BH.jpg\" \/>\r\n\t<meta property=\"og:image:width\" content=\"805\" \/>\r\n\t<meta property=\"og:image:height\" content=\"512\" \/>\r\n\t<meta property=\"og:image:type\" content=\"image\/jpeg\" \/>\r\n<meta name=\"author\" content=\"Diego A. Mart\u00edn\" \/>\r\n<meta name=\"twitter:card\" content=\"summary_large_image\" \/>\r\n<meta name=\"twitter:creator\" content=\"@Diegoamartin13\" \/>\r\n<meta name=\"twitter:site\" content=\"@Diegoamartin13\" \/>\r\n<meta name=\"twitter:label1\" content=\"Escrito por\" \/>\n\t<meta name=\"twitter:data1\" content=\"Diego A. Mart\u00edn\" \/>\n\t<meta name=\"twitter:label2\" content=\"Tiempo de lectura\" \/>\n\t<meta name=\"twitter:data2\" content=\"3 minutos\" \/>\r\n<script type=\"application\/ld+json\" class=\"yoast-schema-graph\">{\"@context\":\"https:\\\/\\\/schema.org\",\"@graph\":[{\"@type\":[\"Article\",\"SocialMediaPosting\"],\"@id\":\"https:\\\/\\\/www.duerodeporte.com\\\/index.php\\\/archivos\\\/14601#article\",\"isPartOf\":{\"@id\":\"https:\\\/\\\/www.duerodeporte.com\\\/index.php\\\/archivos\\\/14601\"},\"author\":{\"name\":\"Diego A. Mart\u00edn\",\"@id\":\"https:\\\/\\\/www.duerodeporte.com\\\/#\\\/schema\\\/person\\\/5f3368966f635b5ae0d23ffaf7a7f894\"},\"headline\":\"La eclosi\u00f3n de Mario Aparicio va de la mano con el gran a\u00f1o del Burgos Burpellet BH\",\"datePublished\":\"2025-10-22T01:21:24+00:00\",\"dateModified\":\"2025-10-22T12:26:03+00:00\",\"mainEntityOfPage\":{\"@id\":\"https:\\\/\\\/www.duerodeporte.com\\\/index.php\\\/archivos\\\/14601\"},\"wordCount\":451,\"commentCount\":0,\"publisher\":{\"@id\":\"https:\\\/\\\/www.duerodeporte.com\\\/#organization\"},\"image\":{\"@id\":\"https:\\\/\\\/www.duerodeporte.com\\\/index.php\\\/archivos\\\/14601#primaryimage\"},\"thumbnailUrl\":\"https:\\\/\\\/www.duerodeporte.com\\\/wp-content\\\/uploads\\\/2025\\\/10\\\/BUROGS-BH.jpg\",\"keywords\":[\"aranda de duero\",\"Burgos BH\",\"Burpellet\",\"ciclismo\",\"La Vuelta\",\"Mario Aparicio\",\"rfec\"],\"articleSection\":[\"CICLISMO\",\"z_PORTADA\"],\"inLanguage\":\"es\",\"potentialAction\":[{\"@type\":\"CommentAction\",\"name\":\"Comment\",\"target\":[\"https:\\\/\\\/www.duerodeporte.com\\\/index.php\\\/archivos\\\/14601#respond\"]}]},{\"@type\":[\"WebPage\",\"ItemPage\"],\"@id\":\"https:\\\/\\\/www.duerodeporte.com\\\/index.php\\\/archivos\\\/14601\",\"url\":\"https:\\\/\\\/www.duerodeporte.com\\\/index.php\\\/archivos\\\/14601\",\"name\":\"La eclosi\u00f3n de Mario Aparicio va de la mano con el gran a\u00f1o del Burgos Burpellet BH\",\"isPartOf\":{\"@id\":\"https:\\\/\\\/www.duerodeporte.com\\\/#website\"},\"primaryImageOfPage\":{\"@id\":\"https:\\\/\\\/www.duerodeporte.com\\\/index.php\\\/archivos\\\/14601#primaryimage\"},\"image\":{\"@id\":\"https:\\\/\\\/www.duerodeporte.com\\\/index.php\\\/archivos\\\/14601#primaryimage\"},\"thumbnailUrl\":\"https:\\\/\\\/www.duerodeporte.com\\\/wp-content\\\/uploads\\\/2025\\\/10\\\/BUROGS-BH.jpg\",\"datePublished\":\"2025-10-22T01:21:24+00:00\",\"dateModified\":\"2025-10-22T12:26:03+00:00\",\"description\":\"El Deporte de Aranda y las tierras del Duero\",\"breadcrumb\":{\"@id\":\"https:\\\/\\\/www.duerodeporte.com\\\/index.php\\\/archivos\\\/14601#breadcrumb\"},\"inLanguage\":\"es\",\"potentialAction\":[{\"@type\":\"ReadAction\",\"target\":[\"https:\\\/\\\/www.duerodeporte.com\\\/index.php\\\/archivos\\\/14601\"]}]},{\"@type\":\"ImageObject\",\"inLanguage\":\"es\",\"@id\":\"https:\\\/\\\/www.duerodeporte.com\\\/index.php\\\/archivos\\\/14601#primaryimage\",\"url\":\"https:\\\/\\\/www.duerodeporte.com\\\/wp-content\\\/uploads\\\/2025\\\/10\\\/BUROGS-BH.jpg\",\"contentUrl\":\"https:\\\/\\\/www.duerodeporte.com\\\/wp-content\\\/uploads\\\/2025\\\/10\\\/BUROGS-BH.jpg\",\"width\":805,\"height\":512,\"caption\":\"La escuadra morada se inmortaliz\u00f3 tras la accidenta edici\u00f3n de La Vuelta. \\\/ Burgos Burpellet BH\"},{\"@type\":\"BreadcrumbList\",\"@id\":\"https:\\\/\\\/www.duerodeporte.com\\\/index.php\\\/archivos\\\/14601#breadcrumb\",\"itemListElement\":[{\"@type\":\"ListItem\",\"position\":1,\"name\":\"Portada\",\"item\":\"https:\\\/\\\/www.duerodeporte.com\\\/\"},{\"@type\":\"ListItem\",\"position\":2,\"name\":\"La eclosi\u00f3n de Mario Aparicio va de la mano con el gran a\u00f1o del Burgos Burpellet BH\"}]},{\"@type\":\"WebSite\",\"@id\":\"https:\\\/\\\/www.duerodeporte.com\\\/#website\",\"url\":\"https:\\\/\\\/www.duerodeporte.com\\\/\",\"name\":\"Duero Deporte\",\"description\":\"El Deporte de Aranda y las tierras del Duero\",\"publisher\":{\"@id\":\"https:\\\/\\\/www.duerodeporte.com\\\/#organization\"},\"alternateName\":\"El Deporte de Aranda y las tierras del Duero\",\"potentialAction\":[{\"@type\":\"SearchAction\",\"target\":{\"@type\":\"EntryPoint\",\"urlTemplate\":\"https:\\\/\\\/www.duerodeporte.com\\\/?s={search_term_string}\"},\"query-input\":{\"@type\":\"PropertyValueSpecification\",\"valueRequired\":true,\"valueName\":\"search_term_string\"}}],\"inLanguage\":\"es\"},{\"@type\":\"Organization\",\"@id\":\"https:\\\/\\\/www.duerodeporte.com\\\/#organization\",\"name\":\"Duero Deporte\",\"alternateName\":\"El Deporte de Aranda y las tierras del Duero\",\"url\":\"https:\\\/\\\/www.duerodeporte.com\\\/\",\"logo\":{\"@type\":\"ImageObject\",\"inLanguage\":\"es\",\"@id\":\"https:\\\/\\\/www.duerodeporte.com\\\/#\\\/schema\\\/logo\\\/image\\\/\",\"url\":\"https:\\\/\\\/www.duerodeporte.com\\\/wp-content\\\/uploads\\\/2023\\\/11\\\/A.ColorSinFondo-e1708011627555.png\",\"contentUrl\":\"https:\\\/\\\/www.duerodeporte.com\\\/wp-content\\\/uploads\\\/2023\\\/11\\\/A.ColorSinFondo-e1708011627555.png\",\"width\":750,\"height\":132,\"caption\":\"Duero Deporte\"},\"image\":{\"@id\":\"https:\\\/\\\/www.duerodeporte.com\\\/#\\\/schema\\\/logo\\\/image\\\/\"},\"sameAs\":[\"https:\\\/\\\/www.facebook.com\\\/61555928375028\",\"https:\\\/\\\/x.com\\\/Diegoamartin13\",\"https:\\\/\\\/www.youtube.com\\\/channel\\\/UCxIGQL8b9gmW-NjaChabCdA\"]},{\"@type\":\"Person\",\"@id\":\"https:\\\/\\\/www.duerodeporte.com\\\/#\\\/schema\\\/person\\\/5f3368966f635b5ae0d23ffaf7a7f894\",\"name\":\"Diego A. Mart\u00edn\",\"image\":{\"@type\":\"ImageObject\",\"inLanguage\":\"es\",\"@id\":\"https:\\\/\\\/www.duerodeporte.com\\\/wp-content\\\/uploads\\\/2024\\\/01\\\/Diego2-e1706522808572-150x150.jpeg\",\"url\":\"https:\\\/\\\/www.duerodeporte.com\\\/wp-content\\\/uploads\\\/2024\\\/01\\\/Diego2-e1706522808572-150x150.jpeg\",\"contentUrl\":\"https:\\\/\\\/www.duerodeporte.com\\\/wp-content\\\/uploads\\\/2024\\\/01\\\/Diego2-e1706522808572-150x150.jpeg\",\"caption\":\"Diego A. Mart\u00edn\"},\"url\":\"https:\\\/\\\/www.duerodeporte.com\\\/index.php\\\/archivos\\\/author\\\/diego\"}]}<\/script>\r\n<!-- \/ Yoast SEO plugin. -->","yoast_head_json":{"title":"La eclosi\u00f3n de Mario Aparicio va de la mano con el gran a\u00f1o del Burgos Burpellet BH","description":"El Deporte de Aranda y las tierras del Duero","robots":{"index":"index","follow":"follow","max-snippet":"max-snippet:-1","max-image-preview":"max-image-preview:large","max-video-preview":"max-video-preview:-1"},"canonical":"https:\/\/www.duerodeporte.com\/index.php\/archivos\/14601","og_locale":"es_ES","og_type":"article","og_title":"La eclosi\u00f3n de Mario Aparicio va de la mano con el gran a\u00f1o del Burgos Burpellet BH","og_description":"El Deporte de Aranda y las tierras del Duero","og_url":"https:\/\/www.duerodeporte.com\/index.php\/archivos\/14601","og_site_name":"Duero Deporte","article_publisher":"https:\/\/www.facebook.com\/61555928375028","article_published_time":"2025-10-22T01:21:24+00:00","article_modified_time":"2025-10-22T12:26:03+00:00","og_image":[{"width":805,"height":512,"url":"https:\/\/www.duerodeporte.com\/wp-content\/uploads\/2025\/10\/BUROGS-BH.jpg","type":"image\/jpeg"}],"author":"Diego A. Mart\u00edn","twitter_card":"summary_large_image","twitter_creator":"@Diegoamartin13","twitter_site":"@Diegoamartin13","twitter_misc":{"Escrito por":"Diego A. Mart\u00edn","Tiempo de lectura":"3 minutos"},"schema":{"@context":"https:\/\/schema.org","@graph":[{"@type":["Article","SocialMediaPosting"],"@id":"https:\/\/www.duerodeporte.com\/index.php\/archivos\/14601#article","isPartOf":{"@id":"https:\/\/www.duerodeporte.com\/index.php\/archivos\/14601"},"author":{"name":"Diego A. Mart\u00edn","@id":"https:\/\/www.duerodeporte.com\/#\/schema\/person\/5f3368966f635b5ae0d23ffaf7a7f894"},"headline":"La eclosi\u00f3n de Mario Aparicio va de la mano con el gran a\u00f1o del Burgos Burpellet BH","datePublished":"2025-10-22T01:21:24+00:00","dateModified":"2025-10-22T12:26:03+00:00","mainEntityOfPage":{"@id":"https:\/\/www.duerodeporte.com\/index.php\/archivos\/14601"},"wordCount":451,"commentCount":0,"publisher":{"@id":"https:\/\/www.duerodeporte.com\/#organization"},"image":{"@id":"https:\/\/www.duerodeporte.com\/index.php\/archivos\/14601#primaryimage"},"thumbnailUrl":"https:\/\/www.duerodeporte.com\/wp-content\/uploads\/2025\/10\/BUROGS-BH.jpg","keywords":["aranda de duero","Burgos BH","Burpellet","ciclismo","La Vuelta","Mario Aparicio","rfec"],"articleSection":["CICLISMO","z_PORTADA"],"inLanguage":"es","potentialAction":[{"@type":"CommentAction","name":"Comment","target":["https:\/\/www.duerodeporte.com\/index.php\/archivos\/14601#respond"]}]},{"@type":["WebPage","ItemPage"],"@id":"https:\/\/www.duerodeporte.com\/index.php\/archivos\/14601","url":"https:\/\/www.duerodeporte.com\/index.php\/archivos\/14601","name":"La eclosi\u00f3n de Mario Aparicio va de la mano con el gran a\u00f1o del Burgos Burpellet BH","isPartOf":{"@id":"https:\/\/www.duerodeporte.com\/#website"},"primaryImageOfPage":{"@id":"https:\/\/www.duerodeporte.com\/index.php\/archivos\/14601#primaryimage"},"image":{"@id":"https:\/\/www.duerodeporte.com\/index.php\/archivos\/14601#primaryimage"},"thumbnailUrl":"https:\/\/www.duerodeporte.com\/wp-content\/uploads\/2025\/10\/BUROGS-BH.jpg","datePublished":"2025-10-22T01:21:24+00:00","dateModified":"2025-10-22T12:26:03+00:00","description":"El Deporte de Aranda y las tierras del Duero","breadcrumb":{"@id":"https:\/\/www.duerodeporte.com\/index.php\/archivos\/14601#breadcrumb"},"inLanguage":"es","potentialAction":[{"@type":"ReadAction","target":["https:\/\/www.duerodeporte.com\/index.php\/archivos\/14601"]}]},{"@type":"ImageObject","inLanguage":"es","@id":"https:\/\/www.duerodeporte.com\/index.php\/archivos\/14601#primaryimage","url":"https:\/\/www.duerodeporte.com\/wp-content\/uploads\/2025\/10\/BUROGS-BH.jpg","contentUrl":"https:\/\/www.duerodeporte.com\/wp-content\/uploads\/2025\/10\/BUROGS-BH.jpg","width":805,"height":512,"caption":"La escuadra morada se inmortaliz\u00f3 tras la accidenta edici\u00f3n de La Vuelta. \/ Burgos Burpellet BH"},{"@type":"BreadcrumbList","@id":"https:\/\/www.duerodeporte.com\/index.php\/archivos\/14601#breadcrumb","itemListElement":[{"@type":"ListItem","position":1,"name":"Portada","item":"https:\/\/www.duerodeporte.com\/"},{"@type":"ListItem","position":2,"name":"La eclosi\u00f3n de Mario Aparicio va de la mano con el gran a\u00f1o del Burgos Burpellet BH"}]},{"@type":"WebSite","@id":"https:\/\/www.duerodeporte.com\/#website","url":"https:\/\/www.duerodeporte.com\/","name":"Duero Deporte","description":"El Deporte de Aranda y las tierras del Duero","publisher":{"@id":"https:\/\/www.duerodeporte.com\/#organization"},"alternateName":"El Deporte de Aranda y las tierras del Duero","potentialAction":[{"@type":"SearchAction","target":{"@type":"EntryPoint","urlTemplate":"https:\/\/www.duerodeporte.com\/?s={search_term_string}"},"query-input":{"@type":"PropertyValueSpecification","valueRequired":true,"valueName":"search_term_string"}}],"inLanguage":"es"},{"@type":"Organization","@id":"https:\/\/www.duerodeporte.com\/#organization","name":"Duero Deporte","alternateName":"El Deporte de Aranda y las tierras del Duero","url":"https:\/\/www.duerodeporte.com\/","logo":{"@type":"ImageObject","inLanguage":"es","@id":"https:\/\/www.duerodeporte.com\/#\/schema\/logo\/image\/","url":"https:\/\/www.duerodeporte.com\/wp-content\/uploads\/2023\/11\/A.ColorSinFondo-e1708011627555.png","contentUrl":"https:\/\/www.duerodeporte.com\/wp-content\/uploads\/2023\/11\/A.ColorSinFondo-e1708011627555.png","width":750,"height":132,"caption":"Duero Deporte"},"image":{"@id":"https:\/\/www.duerodeporte.com\/#\/schema\/logo\/image\/"},"sameAs":["https:\/\/www.facebook.com\/61555928375028","https:\/\/x.com\/Diegoamartin13","https:\/\/www.youtube.com\/channel\/UCxIGQL8b9gmW-NjaChabCdA"]},{"@type":"Person","@id":"https:\/\/www.duerodeporte.com\/#\/schema\/person\/5f3368966f635b5ae0d23ffaf7a7f894","name":"Diego A. Mart\u00edn","image":{"@type":"ImageObject","inLanguage":"es","@id":"https:\/\/www.duerodeporte.com\/wp-content\/uploads\/2024\/01\/Diego2-e1706522808572-150x150.jpeg","url":"https:\/\/www.duerodeporte.com\/wp-content\/uploads\/2024\/01\/Diego2-e1706522808572-150x150.jpeg","contentUrl":"https:\/\/www.duerodeporte.com\/wp-content\/uploads\/2024\/01\/Diego2-e1706522808572-150x150.jpeg","caption":"Diego A. Mart\u00edn"},"url":"https:\/\/www.duerodeporte.com\/index.php\/archivos\/author\/diego"}]}},"views":517,"_links":{"self":[{"href":"https:\/\/www.duerodeporte.com\/index.php\/wp-json\/wp\/v2\/posts\/14601","targetHints":{"allow":["GET"]}}],"collection":[{"href":"https:\/\/www.duerodeporte.com\/index.php\/wp-json\/wp\/v2\/posts"}],"about":[{"href":"https:\/\/www.duerodeporte.com\/index.php\/wp-json\/wp\/v2\/types\/post"}],"author":[{"embeddable":true,"href":"https:\/\/www.duerodeporte.com\/index.php\/wp-json\/wp\/v2\/users\/3"}],"replies":[{"embeddable":true,"href":"https:\/\/www.duerodeporte.com\/index.php\/wp-json\/wp\/v2\/comments?post=14601"}],"version-history":[{"count":8,"href":"https:\/\/www.duerodeporte.com\/index.php\/wp-json\/wp\/v2\/posts\/14601\/revisions"}],"predecessor-version":[{"id":14618,"href":"https:\/\/www.duerodeporte.com\/index.php\/wp-json\/wp\/v2\/posts\/14601\/revisions\/14618"}],"wp:featuredmedia":[{"embeddable":true,"href":"https:\/\/www.duerodeporte.com\/index.php\/wp-json\/wp\/v2\/media\/14603"}],"wp:attachment":[{"href":"https:\/\/www.duerodeporte.com\/index.php\/wp-json\/wp\/v2\/media?parent=14601"}],"wp:term":[{"taxonomy":"category","embeddable":true,"href":"https:\/\/www.duerodeporte.com\/index.php\/wp-json\/wp\/v2\/categories?post=14601"},{"taxonomy":"post_tag","embeddable":true,"href":"https:\/\/www.duerodeporte.com\/index.php\/wp-json\/wp\/v2\/tags?post=14601"}],"curies":[{"name":"wp","href":"https:\/\/api.w.org\/{rel}","templated":true}]}}