{"id":15328,"date":"2025-12-03T11:05:57","date_gmt":"2025-12-03T10:05:57","guid":{"rendered":"https:\/\/www.duerodeporte.com\/?p=15328"},"modified":"2025-12-05T10:21:03","modified_gmt":"2025-12-05T09:21:03","slug":"extenuante-final-de-ano-para-tubos-aranda-villa-de-aranda","status":"publish","type":"post","link":"https:\/\/www.duerodeporte.com\/index.php\/archivos\/15328","title":{"rendered":"Extenuante final de a\u00f1o para Tubos Aranda Villa de Aranda"},"content":{"rendered":"\n<h2 class=\"wp-block-heading\">Los amarillos deber\u00e1n disputar un total de cinco partidos en apenas 15 d\u00edas. Cuerpo t\u00e9cnico y plantilla preparan un reto que comienza este s\u00e1bado ante Bidasoa (19:15 h) en el Santiago Mangu\u00e1n y se cerrar\u00e1 el 20 de diciembre (17:00 h) ante Ademar en Le\u00f3n<\/h2>\n\n\n\n<p>El dise\u00f1o del calendario de<strong> <a href=\"https:\/\/asobal.es\/\">Liga NEXUS Energ\u00eda ASOBAL<\/a><\/strong> y los aplazamientos derivados de los encuentros internacionales del Bar\u00e7a son los factores principales del <strong>extenuante final de a\u00f1o al que deber\u00e1 hacer frente <a href=\"https:\/\/www.bmvilladearanda.com\/\">Tubos Aranda Villa de Aranda<\/a><\/strong> este mes de diciembre antes del par\u00f3n invernal previo al Campeonato de Europa.<\/p>\n\n\n\n<figure class=\"wp-block-image size-large\"><img loading=\"lazy\" decoding=\"async\" width=\"1024\" height=\"234\" src=\"https:\/\/www.duerodeporte.com\/wp-content\/uploads\/2025\/07\/LaVilla-1024x234.jpeg\" alt=\"\" class=\"wp-image-12898\" srcset=\"https:\/\/www.duerodeporte.com\/wp-content\/uploads\/2025\/07\/LaVilla-1024x234.jpeg 1024w, https:\/\/www.duerodeporte.com\/wp-content\/uploads\/2025\/07\/LaVilla-300x68.jpeg 300w, https:\/\/www.duerodeporte.com\/wp-content\/uploads\/2025\/07\/LaVilla-768x175.jpeg 768w, https:\/\/www.duerodeporte.com\/wp-content\/uploads\/2025\/07\/LaVilla-1536x350.jpeg 1536w, https:\/\/www.duerodeporte.com\/wp-content\/uploads\/2025\/07\/LaVilla-696x159.jpeg 696w, https:\/\/www.duerodeporte.com\/wp-content\/uploads\/2025\/07\/LaVilla-1068x244.jpeg 1068w, https:\/\/www.duerodeporte.com\/wp-content\/uploads\/2025\/07\/LaVilla.jpeg 1600w\" sizes=\"auto, (max-width: 1024px) 100vw, 1024px\" \/><\/figure>\n\n\n\n<p>Un total de <strong>cinco partidos en apenas 15 d\u00edas<\/strong>. <strong>Escalofriante<\/strong>. Ese es el escenario al que deber\u00e1 hacer frente la escuadra amarilla a partir de este s\u00e1bado -6 de diciembre- hasta que llegue el d\u00eda 20 de diciembre.<\/p>\n\n\n\n<p>Reto o temeridad, pero realidad que ha de afrontar con resignaci\u00f3n y resiliencia la plantilla y el cuerpo t\u00e9cnico dirigidos por <strong>Javi M\u00e1rquez<\/strong>. <strong><em>\u00abAs\u00ed es, es lo que hay\u00bb<\/em><\/strong>, apunta el entrenador manchego.<\/p>\n\n\n\n<h2 class=\"wp-block-heading\">Tres partidos en casa, pero dos entre semana<\/h2>\n\n\n\n<p>Una situaci\u00f3n, que dentro de la exigencia f\u00edsica y deportiva, al menos permitir\u00e1 a la afici\u00f3n amarilla disfrutar de su equipo en casa en tres ocasiones. As\u00ed, m\u00e1s all\u00e1 del partido de este <strong>s\u00e1bado <\/strong>(<strong>19:15 h<\/strong>) ante <a href=\"https:\/\/www.instagram.com\/cdbidasoairun\/?hl=es\"><strong>Bidasoa<\/strong> <\/a>correspondiente a la 12\u00aa jornada, Tubos Aranda Villa de Aranda afrontar\u00e1 otros dos encuentros en el Santiago Mangu\u00e1n.<\/p>\n\n\n\n<p>El <strong>mi\u00e9rcoles 10 de diciembre<\/strong>, tras el puente de La Constituci\u00f3n y La Inmaculada, turno para recibir al <strong><a href=\"https:\/\/www.instagram.com\/fcbhandbol\/?hl=es\">FC Barcelona<\/a><\/strong> (20:00 horas) Partido aplazado correspondiente a la 3\u00aa jornada del Campeonato que deb\u00eda haberse celebrado el pasado mes de octubre.<\/p>\n\n\n\n<p>Mientras, el otro enfrentamiento que le restar\u00e1 al 2025 en casa, seis d\u00edas m\u00e1s tarde, el<strong> martes 16 de diciembre<\/strong> (20:00 horas) con la visita de <strong><a href=\"https:\/\/www.instagram.com\/angelximenezbm\/?hl=es\">Puente Genil<\/a><\/strong>. Un rival &#8216;asequible&#8217; en el que los amarillos podr\u00edan sumar puntos en su objetivo de la permanencia en partido correspondiente a la 14\u00aa jornada.<\/p>\n\n\n\n<figure class=\"wp-block-embed is-type-rich is-provider-twitter wp-block-embed-twitter\"><div class=\"wp-block-embed__wrapper\">\n<blockquote class=\"twitter-tweet\" data-width=\"550\" data-dnt=\"true\"><p lang=\"es\" dir=\"ltr\">\ud83d\udfe0 BALONMANO<br><br>\ud83e\udd3e\ud83c\udffb\u200d\u2642\ufe0f <a href=\"https:\/\/twitter.com\/hashtag\/TubosAranda?src=hash&amp;ref_src=twsrc%5Etfw\">#TubosAranda<\/a> <a href=\"https:\/\/twitter.com\/bmvillaaranda?ref_src=twsrc%5Etfw\">@bmvillaaranda<\/a> afronta un total de 5\ufe0f\u20e3 partidos en apenas 2\ufe0f\u20e30\ufe0f\u20e3 d\u00edas durante este mes de diciembre antes del par\u00f3n<br><br>\ud83c\udfe0 <a href=\"https:\/\/twitter.com\/CDBidasoaIrun?ref_src=twsrc%5Etfw\">@CDBidasoaIrun<\/a> (S\u00e1bado 6\ufe0f\u20e3 de diciembre a las 19:15 horas)<br><br>\ud83c\udfe0 <a href=\"https:\/\/twitter.com\/FCBhandbol?ref_src=twsrc%5Etfw\">@FCBhandbol<\/a> (Mi\u00e9rcoles \ud83d\udd1f de diciembre a las 19:30 horas)<br><br>\ud83d\ude8c\u2026 <a href=\"https:\/\/t.co\/F36wp6707i\">pic.twitter.com\/F36wp6707i<\/a><\/p>&mdash; Diego A. Mart\u00edn (duerodeporte.com) (@Diegoamartin13) <a href=\"https:\/\/twitter.com\/Diegoamartin13\/status\/1996021331456909449?ref_src=twsrc%5Etfw\">December 3, 2025<\/a><\/blockquote><script async src=\"https:\/\/platform.twitter.com\/widgets.js\" charset=\"utf-8\"><\/script>\n<\/div><\/figure>\n\n\n\n<p>La gran traca fin de a\u00f1o en el calendario de la escuadra de las Tierras del Duero contar\u00e1 con dos salidas. <strong>Dos desplazamientos<\/strong>, al menos relativamente cercanos: <strong>Ciudad Real <\/strong>y <strong>Le\u00f3n<\/strong>.<\/p>\n\n\n\n<p>Tras medirse a Bidasoa y Barcelona, parada en la capital manchega. La 13\u00aa jornada vivir\u00e1 el regreso de Javi M\u00e1rquez a la que fuera su casa durante varias temporadas, Ciudad Real. Turno para medirsr a <strong><a href=\"https:\/\/www.instagram.com\/balonmano_caserio\/?hl=es\">Caser\u00edo <\/a><\/strong>el s\u00e1bado 13 de diciembre a las 18:00 horas en el hist\u00f3rico Quijote Arena.<\/p>\n\n\n\n<p>Finalmente, el 2025 se cerrar\u00e1 para la escuadra amarilla frente a un siempre correoso <strong><a href=\"https:\/\/www.instagram.com\/leonademar\/?hl=es\">Ademar <\/a><\/strong>en partido de la 15\u00aa jornada, y por tanto, cierre a la primera vuelta del Campeonato, el s\u00e1bado 20 de diciembre (17:00 h)<\/p>\n\n\n<div class=\"wp-block-image\">\n<figure class=\"aligncenter size-large\"><a href=\"https:\/\/whatsapp.com\/channel\/0029VaKr9Jr5kg76tHjXkZ2b\"><img loading=\"lazy\" decoding=\"async\" width=\"1024\" height=\"80\" src=\"https:\/\/www.duerodeporte.com\/wp-content\/uploads\/2024\/06\/2-2-1024x80.png\" alt=\"\" class=\"wp-image-3887\" srcset=\"https:\/\/www.duerodeporte.com\/wp-content\/uploads\/2024\/06\/2-2-1024x80.png 1024w, https:\/\/www.duerodeporte.com\/wp-content\/uploads\/2024\/06\/2-2-300x23.png 300w, https:\/\/www.duerodeporte.com\/wp-content\/uploads\/2024\/06\/2-2-768x60.png 768w, https:\/\/www.duerodeporte.com\/wp-content\/uploads\/2024\/06\/2-2-1536x120.png 1536w, https:\/\/www.duerodeporte.com\/wp-content\/uploads\/2024\/06\/2-2-696x54.png 696w, https:\/\/www.duerodeporte.com\/wp-content\/uploads\/2024\/06\/2-2-1068x83.png 1068w, https:\/\/www.duerodeporte.com\/wp-content\/uploads\/2024\/06\/2-2.png 1920w\" sizes=\"auto, (max-width: 1024px) 100vw, 1024px\" \/><\/a><\/figure>\n<\/div>\n\n\n<p>Un escenario del que veremos como queda parado un Tubos Aranda Villa de Aranda que cuenta ahora mismo con dos puntos de ventaja respecto a los puestos de descenso. Un mes de diciembre extenuante previo al par\u00f3n navide\u00f1o antes de la celebraci\u00f3n del <a href=\"https:\/\/ehfeuro.eurohandball.com\/men\/2026\/?_gl=1*19ltf15*_gcl_au*OTE3Mzg2MjEzLjE3NjQ3NTQ0OTk.*_ga*MTQyNzg2MDA4NS4xNzY0NzU0NDk5*_ga_XGW5MVF1LJ*czE3NjQ3NTQ0OTgkbzEkZzEkdDE3NjQ3NTQ0OTkkajU5JGwwJGgw\"><strong>Campeonato de Europea 2026 <\/strong>(<strong>Dinamarca, Suecia y Noruega<\/strong>)<\/a>, que parar\u00e1 la liga hasta finales del mes de enero.<\/p>\n","protected":false},"excerpt":{"rendered":"<p>Los amarillos deber\u00e1n disputar un total de cinco partidos en apenas 15 d\u00edas. Cuerpo t\u00e9cnico y plantilla preparan un reto que comienza este s\u00e1bado ante Bidasoa (19:15 h) en el [&hellip;]<\/p>\n","protected":false},"author":3,"featured_media":15330,"comment_status":"open","ping_status":"open","sticky":false,"template":"","format":"standard","meta":{"footnotes":""},"categories":[18,15],"tags":[582,43,177,27,160,534,387,718,40,28],"class_list":["post-15328","post","type-post","status-publish","format-standard","has-post-thumbnail","category-balonmano","category-portada","tag-ademar","tag-aranda-de-duero","tag-asobal","tag-balonmano","tag-barca","tag-bidasoa","tag-caserio-2","tag-puente-genil","tag-rfebm","tag-villa-de-aranda"],"yoast_head":"<!-- This site is optimized with the Yoast SEO plugin v27.5 - https:\/\/yoast.com\/product\/yoast-seo-wordpress\/ -->\r\n<title>Extenuante final de a\u00f1o para Tubos Aranda Villa de Aranda<\/title>\r\n<meta name=\"description\" content=\"El Deporte de Aranda y las tierras del Duero\" \/>\r\n<meta name=\"robots\" content=\"index, follow, max-snippet:-1, max-image-preview:large, max-video-preview:-1\" \/>\r\n<link rel=\"canonical\" href=\"https:\/\/www.duerodeporte.com\/index.php\/archivos\/15328\" \/>\r\n<meta property=\"og:locale\" content=\"es_ES\" \/>\r\n<meta property=\"og:type\" content=\"article\" \/>\r\n<meta property=\"og:title\" content=\"Extenuante final de a\u00f1o para Tubos Aranda Villa de Aranda\" \/>\r\n<meta property=\"og:description\" content=\"El Deporte de Aranda y las tierras del Duero\" \/>\r\n<meta property=\"og:url\" content=\"https:\/\/www.duerodeporte.com\/index.php\/archivos\/15328\" \/>\r\n<meta property=\"og:site_name\" content=\"Duero Deporte\" \/>\r\n<meta property=\"article:publisher\" content=\"https:\/\/www.facebook.com\/61555928375028\" \/>\r\n<meta property=\"article:published_time\" content=\"2025-12-03T10:05:57+00:00\" \/>\r\n<meta property=\"article:modified_time\" content=\"2025-12-05T09:21:03+00:00\" \/>\r\n<meta property=\"og:image\" content=\"https:\/\/www.duerodeporte.com\/wp-content\/uploads\/2025\/12\/villa-calendario-diciembre-scaled.jpg\" \/>\r\n\t<meta property=\"og:image:width\" content=\"2560\" \/>\r\n\t<meta property=\"og:image:height\" content=\"1409\" \/>\r\n\t<meta property=\"og:image:type\" content=\"image\/jpeg\" \/>\r\n<meta name=\"author\" content=\"Diego A. Mart\u00edn\" \/>\r\n<meta name=\"twitter:card\" content=\"summary_large_image\" \/>\r\n<meta name=\"twitter:creator\" content=\"@Diegoamartin13\" \/>\r\n<meta name=\"twitter:site\" content=\"@Diegoamartin13\" \/>\r\n<meta name=\"twitter:label1\" content=\"Escrito por\" \/>\n\t<meta name=\"twitter:data1\" content=\"Diego A. Mart\u00edn\" \/>\n\t<meta name=\"twitter:label2\" content=\"Tiempo de lectura\" \/>\n\t<meta name=\"twitter:data2\" content=\"3 minutos\" \/>\r\n<script type=\"application\/ld+json\" class=\"yoast-schema-graph\">{\"@context\":\"https:\\\/\\\/schema.org\",\"@graph\":[{\"@type\":[\"Article\",\"SocialMediaPosting\"],\"@id\":\"https:\\\/\\\/www.duerodeporte.com\\\/index.php\\\/archivos\\\/15328#article\",\"isPartOf\":{\"@id\":\"https:\\\/\\\/www.duerodeporte.com\\\/index.php\\\/archivos\\\/15328\"},\"author\":{\"name\":\"Diego A. Mart\u00edn\",\"@id\":\"https:\\\/\\\/www.duerodeporte.com\\\/#\\\/schema\\\/person\\\/5f3368966f635b5ae0d23ffaf7a7f894\"},\"headline\":\"Extenuante final de a\u00f1o para Tubos Aranda Villa de Aranda\",\"datePublished\":\"2025-12-03T10:05:57+00:00\",\"dateModified\":\"2025-12-05T09:21:03+00:00\",\"mainEntityOfPage\":{\"@id\":\"https:\\\/\\\/www.duerodeporte.com\\\/index.php\\\/archivos\\\/15328\"},\"wordCount\":536,\"commentCount\":0,\"publisher\":{\"@id\":\"https:\\\/\\\/www.duerodeporte.com\\\/#organization\"},\"image\":{\"@id\":\"https:\\\/\\\/www.duerodeporte.com\\\/index.php\\\/archivos\\\/15328#primaryimage\"},\"thumbnailUrl\":\"https:\\\/\\\/www.duerodeporte.com\\\/wp-content\\\/uploads\\\/2025\\\/12\\\/villa-calendario-diciembre-scaled.jpg\",\"keywords\":[\"Ademar\",\"aranda de duero\",\"Asobal\",\"balonmano\",\"Bar\u00e7a\",\"Bidasoa\",\"Caser\u00edo\",\"Puente Genil\",\"Rfebm\",\"Villa de Aranda\"],\"articleSection\":[\"BALONMANO\",\"z_PORTADA\"],\"inLanguage\":\"es\",\"potentialAction\":[{\"@type\":\"CommentAction\",\"name\":\"Comment\",\"target\":[\"https:\\\/\\\/www.duerodeporte.com\\\/index.php\\\/archivos\\\/15328#respond\"]}]},{\"@type\":[\"WebPage\",\"ItemPage\"],\"@id\":\"https:\\\/\\\/www.duerodeporte.com\\\/index.php\\\/archivos\\\/15328\",\"url\":\"https:\\\/\\\/www.duerodeporte.com\\\/index.php\\\/archivos\\\/15328\",\"name\":\"Extenuante final de a\u00f1o para Tubos Aranda Villa de Aranda\",\"isPartOf\":{\"@id\":\"https:\\\/\\\/www.duerodeporte.com\\\/#website\"},\"primaryImageOfPage\":{\"@id\":\"https:\\\/\\\/www.duerodeporte.com\\\/index.php\\\/archivos\\\/15328#primaryimage\"},\"image\":{\"@id\":\"https:\\\/\\\/www.duerodeporte.com\\\/index.php\\\/archivos\\\/15328#primaryimage\"},\"thumbnailUrl\":\"https:\\\/\\\/www.duerodeporte.com\\\/wp-content\\\/uploads\\\/2025\\\/12\\\/villa-calendario-diciembre-scaled.jpg\",\"datePublished\":\"2025-12-03T10:05:57+00:00\",\"dateModified\":\"2025-12-05T09:21:03+00:00\",\"description\":\"El Deporte de Aranda y las tierras del Duero\",\"breadcrumb\":{\"@id\":\"https:\\\/\\\/www.duerodeporte.com\\\/index.php\\\/archivos\\\/15328#breadcrumb\"},\"inLanguage\":\"es\",\"potentialAction\":[{\"@type\":\"ReadAction\",\"target\":[\"https:\\\/\\\/www.duerodeporte.com\\\/index.php\\\/archivos\\\/15328\"]}]},{\"@type\":\"ImageObject\",\"inLanguage\":\"es\",\"@id\":\"https:\\\/\\\/www.duerodeporte.com\\\/index.php\\\/archivos\\\/15328#primaryimage\",\"url\":\"https:\\\/\\\/www.duerodeporte.com\\\/wp-content\\\/uploads\\\/2025\\\/12\\\/villa-calendario-diciembre-scaled.jpg\",\"contentUrl\":\"https:\\\/\\\/www.duerodeporte.com\\\/wp-content\\\/uploads\\\/2025\\\/12\\\/villa-calendario-diciembre-scaled.jpg\",\"width\":2560,\"height\":1409,\"caption\":\"Plantilla y cuerpo t\u00e9cnico de Tubos Aranda Villa de Aranda listos para el exigente mes de diciembre que tienen por delante. \\\/ DUERO Deporte\"},{\"@type\":\"BreadcrumbList\",\"@id\":\"https:\\\/\\\/www.duerodeporte.com\\\/index.php\\\/archivos\\\/15328#breadcrumb\",\"itemListElement\":[{\"@type\":\"ListItem\",\"position\":1,\"name\":\"Portada\",\"item\":\"https:\\\/\\\/www.duerodeporte.com\\\/\"},{\"@type\":\"ListItem\",\"position\":2,\"name\":\"Extenuante final de a\u00f1o para Tubos Aranda Villa de Aranda\"}]},{\"@type\":\"WebSite\",\"@id\":\"https:\\\/\\\/www.duerodeporte.com\\\/#website\",\"url\":\"https:\\\/\\\/www.duerodeporte.com\\\/\",\"name\":\"Duero Deporte\",\"description\":\"El Deporte de Aranda y las tierras del Duero\",\"publisher\":{\"@id\":\"https:\\\/\\\/www.duerodeporte.com\\\/#organization\"},\"alternateName\":\"El Deporte de Aranda y las tierras del Duero\",\"potentialAction\":[{\"@type\":\"SearchAction\",\"target\":{\"@type\":\"EntryPoint\",\"urlTemplate\":\"https:\\\/\\\/www.duerodeporte.com\\\/?s={search_term_string}\"},\"query-input\":{\"@type\":\"PropertyValueSpecification\",\"valueRequired\":true,\"valueName\":\"search_term_string\"}}],\"inLanguage\":\"es\"},{\"@type\":\"Organization\",\"@id\":\"https:\\\/\\\/www.duerodeporte.com\\\/#organization\",\"name\":\"Duero Deporte\",\"alternateName\":\"El Deporte de Aranda y las tierras del Duero\",\"url\":\"https:\\\/\\\/www.duerodeporte.com\\\/\",\"logo\":{\"@type\":\"ImageObject\",\"inLanguage\":\"es\",\"@id\":\"https:\\\/\\\/www.duerodeporte.com\\\/#\\\/schema\\\/logo\\\/image\\\/\",\"url\":\"https:\\\/\\\/www.duerodeporte.com\\\/wp-content\\\/uploads\\\/2023\\\/11\\\/A.ColorSinFondo-e1708011627555.png\",\"contentUrl\":\"https:\\\/\\\/www.duerodeporte.com\\\/wp-content\\\/uploads\\\/2023\\\/11\\\/A.ColorSinFondo-e1708011627555.png\",\"width\":750,\"height\":132,\"caption\":\"Duero Deporte\"},\"image\":{\"@id\":\"https:\\\/\\\/www.duerodeporte.com\\\/#\\\/schema\\\/logo\\\/image\\\/\"},\"sameAs\":[\"https:\\\/\\\/www.facebook.com\\\/61555928375028\",\"https:\\\/\\\/x.com\\\/Diegoamartin13\",\"https:\\\/\\\/www.youtube.com\\\/channel\\\/UCxIGQL8b9gmW-NjaChabCdA\"]},{\"@type\":\"Person\",\"@id\":\"https:\\\/\\\/www.duerodeporte.com\\\/#\\\/schema\\\/person\\\/5f3368966f635b5ae0d23ffaf7a7f894\",\"name\":\"Diego A. Mart\u00edn\",\"image\":{\"@type\":\"ImageObject\",\"inLanguage\":\"es\",\"@id\":\"https:\\\/\\\/www.duerodeporte.com\\\/wp-content\\\/uploads\\\/2024\\\/01\\\/Diego2-e1706522808572-150x150.jpeg\",\"url\":\"https:\\\/\\\/www.duerodeporte.com\\\/wp-content\\\/uploads\\\/2024\\\/01\\\/Diego2-e1706522808572-150x150.jpeg\",\"contentUrl\":\"https:\\\/\\\/www.duerodeporte.com\\\/wp-content\\\/uploads\\\/2024\\\/01\\\/Diego2-e1706522808572-150x150.jpeg\",\"caption\":\"Diego A. Mart\u00edn\"},\"url\":\"https:\\\/\\\/www.duerodeporte.com\\\/index.php\\\/archivos\\\/author\\\/diego\"}]}<\/script>\r\n<!-- \/ Yoast SEO plugin. -->","yoast_head_json":{"title":"Extenuante final de a\u00f1o para Tubos Aranda Villa de Aranda","description":"El Deporte de Aranda y las tierras del Duero","robots":{"index":"index","follow":"follow","max-snippet":"max-snippet:-1","max-image-preview":"max-image-preview:large","max-video-preview":"max-video-preview:-1"},"canonical":"https:\/\/www.duerodeporte.com\/index.php\/archivos\/15328","og_locale":"es_ES","og_type":"article","og_title":"Extenuante final de a\u00f1o para Tubos Aranda Villa de Aranda","og_description":"El Deporte de Aranda y las tierras del Duero","og_url":"https:\/\/www.duerodeporte.com\/index.php\/archivos\/15328","og_site_name":"Duero Deporte","article_publisher":"https:\/\/www.facebook.com\/61555928375028","article_published_time":"2025-12-03T10:05:57+00:00","article_modified_time":"2025-12-05T09:21:03+00:00","og_image":[{"width":2560,"height":1409,"url":"https:\/\/www.duerodeporte.com\/wp-content\/uploads\/2025\/12\/villa-calendario-diciembre-scaled.jpg","type":"image\/jpeg"}],"author":"Diego A. Mart\u00edn","twitter_card":"summary_large_image","twitter_creator":"@Diegoamartin13","twitter_site":"@Diegoamartin13","twitter_misc":{"Escrito por":"Diego A. Mart\u00edn","Tiempo de lectura":"3 minutos"},"schema":{"@context":"https:\/\/schema.org","@graph":[{"@type":["Article","SocialMediaPosting"],"@id":"https:\/\/www.duerodeporte.com\/index.php\/archivos\/15328#article","isPartOf":{"@id":"https:\/\/www.duerodeporte.com\/index.php\/archivos\/15328"},"author":{"name":"Diego A. Mart\u00edn","@id":"https:\/\/www.duerodeporte.com\/#\/schema\/person\/5f3368966f635b5ae0d23ffaf7a7f894"},"headline":"Extenuante final de a\u00f1o para Tubos Aranda Villa de Aranda","datePublished":"2025-12-03T10:05:57+00:00","dateModified":"2025-12-05T09:21:03+00:00","mainEntityOfPage":{"@id":"https:\/\/www.duerodeporte.com\/index.php\/archivos\/15328"},"wordCount":536,"commentCount":0,"publisher":{"@id":"https:\/\/www.duerodeporte.com\/#organization"},"image":{"@id":"https:\/\/www.duerodeporte.com\/index.php\/archivos\/15328#primaryimage"},"thumbnailUrl":"https:\/\/www.duerodeporte.com\/wp-content\/uploads\/2025\/12\/villa-calendario-diciembre-scaled.jpg","keywords":["Ademar","aranda de duero","Asobal","balonmano","Bar\u00e7a","Bidasoa","Caser\u00edo","Puente Genil","Rfebm","Villa de Aranda"],"articleSection":["BALONMANO","z_PORTADA"],"inLanguage":"es","potentialAction":[{"@type":"CommentAction","name":"Comment","target":["https:\/\/www.duerodeporte.com\/index.php\/archivos\/15328#respond"]}]},{"@type":["WebPage","ItemPage"],"@id":"https:\/\/www.duerodeporte.com\/index.php\/archivos\/15328","url":"https:\/\/www.duerodeporte.com\/index.php\/archivos\/15328","name":"Extenuante final de a\u00f1o para Tubos Aranda Villa de Aranda","isPartOf":{"@id":"https:\/\/www.duerodeporte.com\/#website"},"primaryImageOfPage":{"@id":"https:\/\/www.duerodeporte.com\/index.php\/archivos\/15328#primaryimage"},"image":{"@id":"https:\/\/www.duerodeporte.com\/index.php\/archivos\/15328#primaryimage"},"thumbnailUrl":"https:\/\/www.duerodeporte.com\/wp-content\/uploads\/2025\/12\/villa-calendario-diciembre-scaled.jpg","datePublished":"2025-12-03T10:05:57+00:00","dateModified":"2025-12-05T09:21:03+00:00","description":"El Deporte de Aranda y las tierras del Duero","breadcrumb":{"@id":"https:\/\/www.duerodeporte.com\/index.php\/archivos\/15328#breadcrumb"},"inLanguage":"es","potentialAction":[{"@type":"ReadAction","target":["https:\/\/www.duerodeporte.com\/index.php\/archivos\/15328"]}]},{"@type":"ImageObject","inLanguage":"es","@id":"https:\/\/www.duerodeporte.com\/index.php\/archivos\/15328#primaryimage","url":"https:\/\/www.duerodeporte.com\/wp-content\/uploads\/2025\/12\/villa-calendario-diciembre-scaled.jpg","contentUrl":"https:\/\/www.duerodeporte.com\/wp-content\/uploads\/2025\/12\/villa-calendario-diciembre-scaled.jpg","width":2560,"height":1409,"caption":"Plantilla y cuerpo t\u00e9cnico de Tubos Aranda Villa de Aranda listos para el exigente mes de diciembre que tienen por delante. \/ DUERO Deporte"},{"@type":"BreadcrumbList","@id":"https:\/\/www.duerodeporte.com\/index.php\/archivos\/15328#breadcrumb","itemListElement":[{"@type":"ListItem","position":1,"name":"Portada","item":"https:\/\/www.duerodeporte.com\/"},{"@type":"ListItem","position":2,"name":"Extenuante final de a\u00f1o para Tubos Aranda Villa de Aranda"}]},{"@type":"WebSite","@id":"https:\/\/www.duerodeporte.com\/#website","url":"https:\/\/www.duerodeporte.com\/","name":"Duero Deporte","description":"El Deporte de Aranda y las tierras del Duero","publisher":{"@id":"https:\/\/www.duerodeporte.com\/#organization"},"alternateName":"El Deporte de Aranda y las tierras del Duero","potentialAction":[{"@type":"SearchAction","target":{"@type":"EntryPoint","urlTemplate":"https:\/\/www.duerodeporte.com\/?s={search_term_string}"},"query-input":{"@type":"PropertyValueSpecification","valueRequired":true,"valueName":"search_term_string"}}],"inLanguage":"es"},{"@type":"Organization","@id":"https:\/\/www.duerodeporte.com\/#organization","name":"Duero Deporte","alternateName":"El Deporte de Aranda y las tierras del Duero","url":"https:\/\/www.duerodeporte.com\/","logo":{"@type":"ImageObject","inLanguage":"es","@id":"https:\/\/www.duerodeporte.com\/#\/schema\/logo\/image\/","url":"https:\/\/www.duerodeporte.com\/wp-content\/uploads\/2023\/11\/A.ColorSinFondo-e1708011627555.png","contentUrl":"https:\/\/www.duerodeporte.com\/wp-content\/uploads\/2023\/11\/A.ColorSinFondo-e1708011627555.png","width":750,"height":132,"caption":"Duero Deporte"},"image":{"@id":"https:\/\/www.duerodeporte.com\/#\/schema\/logo\/image\/"},"sameAs":["https:\/\/www.facebook.com\/61555928375028","https:\/\/x.com\/Diegoamartin13","https:\/\/www.youtube.com\/channel\/UCxIGQL8b9gmW-NjaChabCdA"]},{"@type":"Person","@id":"https:\/\/www.duerodeporte.com\/#\/schema\/person\/5f3368966f635b5ae0d23ffaf7a7f894","name":"Diego A. Mart\u00edn","image":{"@type":"ImageObject","inLanguage":"es","@id":"https:\/\/www.duerodeporte.com\/wp-content\/uploads\/2024\/01\/Diego2-e1706522808572-150x150.jpeg","url":"https:\/\/www.duerodeporte.com\/wp-content\/uploads\/2024\/01\/Diego2-e1706522808572-150x150.jpeg","contentUrl":"https:\/\/www.duerodeporte.com\/wp-content\/uploads\/2024\/01\/Diego2-e1706522808572-150x150.jpeg","caption":"Diego A. Mart\u00edn"},"url":"https:\/\/www.duerodeporte.com\/index.php\/archivos\/author\/diego"}]}},"views":339,"_links":{"self":[{"href":"https:\/\/www.duerodeporte.com\/index.php\/wp-json\/wp\/v2\/posts\/15328","targetHints":{"allow":["GET"]}}],"collection":[{"href":"https:\/\/www.duerodeporte.com\/index.php\/wp-json\/wp\/v2\/posts"}],"about":[{"href":"https:\/\/www.duerodeporte.com\/index.php\/wp-json\/wp\/v2\/types\/post"}],"author":[{"embeddable":true,"href":"https:\/\/www.duerodeporte.com\/index.php\/wp-json\/wp\/v2\/users\/3"}],"replies":[{"embeddable":true,"href":"https:\/\/www.duerodeporte.com\/index.php\/wp-json\/wp\/v2\/comments?post=15328"}],"version-history":[{"count":5,"href":"https:\/\/www.duerodeporte.com\/index.php\/wp-json\/wp\/v2\/posts\/15328\/revisions"}],"predecessor-version":[{"id":15354,"href":"https:\/\/www.duerodeporte.com\/index.php\/wp-json\/wp\/v2\/posts\/15328\/revisions\/15354"}],"wp:featuredmedia":[{"embeddable":true,"href":"https:\/\/www.duerodeporte.com\/index.php\/wp-json\/wp\/v2\/media\/15330"}],"wp:attachment":[{"href":"https:\/\/www.duerodeporte.com\/index.php\/wp-json\/wp\/v2\/media?parent=15328"}],"wp:term":[{"taxonomy":"category","embeddable":true,"href":"https:\/\/www.duerodeporte.com\/index.php\/wp-json\/wp\/v2\/categories?post=15328"},{"taxonomy":"post_tag","embeddable":true,"href":"https:\/\/www.duerodeporte.com\/index.php\/wp-json\/wp\/v2\/tags?post=15328"}],"curies":[{"name":"wp","href":"https:\/\/api.w.org\/{rel}","templated":true}]}}