{"id":15365,"date":"2025-12-05T15:51:47","date_gmt":"2025-12-05T14:51:47","guid":{"rendered":"https:\/\/www.duerodeporte.com\/?p=15365"},"modified":"2025-12-05T15:52:47","modified_gmt":"2025-12-05T14:52:47","slug":"tubos-aranda-inicia-la-cuesta-de-diciembre-ante-bidasoa","status":"publish","type":"post","link":"https:\/\/www.duerodeporte.com\/index.php\/archivos\/15365","title":{"rendered":"Tubos Aranda inicia la cuesta de diciembre ante Bidasoa en el Santiago Mangu\u00e1n"},"content":{"rendered":"\n<h2 class=\"wp-block-heading\">Los amarillos reciben este s\u00e1bado (19:15 h) a Bidasoa en el primero de los cinco partidos que le restan para cerrar el 2025 en apenas 15 d\u00edas. La plantilla espera llegar en las mejores prestaciones posibles tras haber estado afectado por un virus<\/h2>\n\n\n\n<p>Llega la 13\u00aa jornada de <strong><a href=\"https:\/\/asobal.es\/asobal\/\">Liga NEXUS Energ\u00eda ASOBAL<\/a><\/strong> con la visita este s\u00e1bado (19:15 h) de <strong><a href=\"https:\/\/www.instagram.com\/cdbidasoairun\/?hl=es\">Bidasoa Ir\u00fan<\/a><\/strong> (4\u00ba, 15 puntos) al Santiago Mangu\u00e1n. Primero de los cinco partidos que le restan, en apenas 15 d\u00edas, a <strong><a href=\"https:\/\/www.instagram.com\/balonmanovilladearanda\/?hl=es\">Tubos Aranda Villa de Aranda<\/a><\/strong> (11\u00ba, 8 puntos) Un estresante calendario para cerrar el mes de diciembre y con \u00e9l la primera vuelta del campeonato.<\/p>\n\n\n\n<figure class=\"wp-block-image size-large\"><img loading=\"lazy\" decoding=\"async\" width=\"1024\" height=\"234\" src=\"https:\/\/www.duerodeporte.com\/wp-content\/uploads\/2025\/07\/LaVilla-1024x234.jpeg\" alt=\"\" class=\"wp-image-12898\" srcset=\"https:\/\/www.duerodeporte.com\/wp-content\/uploads\/2025\/07\/LaVilla-1024x234.jpeg 1024w, https:\/\/www.duerodeporte.com\/wp-content\/uploads\/2025\/07\/LaVilla-300x68.jpeg 300w, https:\/\/www.duerodeporte.com\/wp-content\/uploads\/2025\/07\/LaVilla-768x175.jpeg 768w, https:\/\/www.duerodeporte.com\/wp-content\/uploads\/2025\/07\/LaVilla-1536x350.jpeg 1536w, https:\/\/www.duerodeporte.com\/wp-content\/uploads\/2025\/07\/LaVilla-696x159.jpeg 696w, https:\/\/www.duerodeporte.com\/wp-content\/uploads\/2025\/07\/LaVilla-1068x244.jpeg 1068w, https:\/\/www.duerodeporte.com\/wp-content\/uploads\/2025\/07\/LaVilla.jpeg 1600w\" sizes=\"auto, (max-width: 1024px) 100vw, 1024px\" \/><\/figure>\n\n\n\n<p>Duelo por todo lo alto con la visita de otro de los equipos de la parte alta de la clasificaci\u00f3n. La escuadra irundarra dirigida por el<strong> \u00c1lex Mozas <\/strong>llega a las Tierra del Duero tras disputar <strong>competici\u00f3n europea <\/strong>el pasado martes en Alemania ante Flensburg (38-35)<\/p>\n\n\n\n<p>Del lado amarillo, lo importante ser\u00e1 sobreponerse de nuevo al enemigo invisible. Un <strong>virus que ha afectado a algunos de los jugadores <\/strong>y que no ha permitido preparar la semana de la manera \u00f3ptima. A expensas de ello todos estar\u00e1n <strong>listos para recibir a Ir\u00fan<\/strong>. La pasada temporada y en otras circunstancias -estreno en ASOBAL- los amarillos lograron sumar un gran punto frente a Ir\u00fan.<\/p>\n\n\n\n<figure class=\"wp-block-embed is-type-rich is-provider-twitter wp-block-embed-twitter\"><div class=\"wp-block-embed__wrapper\">\n<blockquote class=\"twitter-tweet\" data-width=\"550\" data-dnt=\"true\"><p lang=\"es\" dir=\"ltr\">\ud83d\udfe0 BALONMANO<br><br>\ud83e\udd3e\ud83c\udffb\u200d\u2642\ufe0f La previa de <a href=\"https:\/\/twitter.com\/fcjaviermarquez?ref_src=twsrc%5Etfw\">@fcjaviermarquez<\/a> ante el duelo de <a href=\"https:\/\/twitter.com\/bmvillaaranda?ref_src=twsrc%5Etfw\">@bmvillaaranda<\/a> frente a <a href=\"https:\/\/twitter.com\/CDBidasoaIrun?ref_src=twsrc%5Etfw\">@CDBidasoaIrun<\/a> <br><br>\ud83d\udde3\ufe0f &quot;Tendremos en hacer un gran trabajo en defensa y transici\u00f3n si queremos complicarles la vida&quot;<br><br>\u25b6\ufe0f 1\ufe0f\u20e32\ufe0f\u20e3&#39; jornada Liga <a href=\"https:\/\/twitter.com\/ASOBAL?ref_src=twsrc%5Etfw\">@ASOBAL<\/a>: <a href=\"https:\/\/t.co\/v999cPJgmi\">https:\/\/t.co\/v999cPJgmi<\/a><br><br>\ud83c\udfa6\u2026 <a href=\"https:\/\/t.co\/gJuofhJFvW\">pic.twitter.com\/gJuofhJFvW<\/a><\/p>&mdash; Diego A. Mart\u00edn (duerodeporte.com) (@Diegoamartin13) <a href=\"https:\/\/twitter.com\/Diegoamartin13\/status\/1996619852853768614?ref_src=twsrc%5Etfw\">December 4, 2025<\/a><\/blockquote><script async src=\"https:\/\/platform.twitter.com\/widgets.js\" charset=\"utf-8\"><\/script>\n<\/div><\/figure>\n\n\n\n<h2 class=\"wp-block-heading\">Berbel estrena su renovaci\u00f3n<\/h2>\n\n\n\n<p>Otra de las noticias de la semana ha sido la renovaci\u00f3n del extremo catal\u00e1n,<strong> \u00c1lex Berbel hasta la temporada 27\/28<\/strong>. Una manera de que uno de los jugadores con m\u00e1s minutos del equipo cuente con la tranquilidad para seguir creciendo en lo que resta de temporada.<\/p>\n\n\n\n<h2 class=\"wp-block-heading\">\u00abSolucionar el futuro de jugadores es mejor para todos\u00bb<\/h2>\n\n\n\n<p>Una situaci\u00f3n que el club persigue con respecto a otro miembros de la plantilla. Para el entrenador de los amarillos ser\u00eda importante, ahora que tanto se est\u00e1n adelantando los tiempos de renovaciones en el mercado, que en la mayor medida de lo posible <strong><em>\u00abesas cuestiones quedasen resueltas lo antes posible por la tranquilidad de todos\u00bb<\/em><\/strong>.<\/p>\n\n\n\n<figure class=\"wp-block-video\"><video height=\"1080\" style=\"aspect-ratio: 1920 \/ 1080;\" width=\"1920\" controls src=\"https:\/\/www.duerodeporte.com\/wp-content\/uploads\/2025\/12\/VID_20251204_1203145.mp4\"><\/video><\/figure>\n","protected":false},"excerpt":{"rendered":"<p>Los amarillos reciben este s\u00e1bado (19:15 h) a Bidasoa en el primero de los cinco partidos que le restan para cerrar el 2025 en apenas 15 d\u00edas. La plantilla espera [&hellip;]<\/p>\n","protected":false},"author":3,"featured_media":15367,"comment_status":"open","ping_status":"open","sticky":false,"template":"","format":"standard","meta":{"footnotes":""},"categories":[18,15],"tags":[43,177,27,40,28],"class_list":["post-15365","post","type-post","status-publish","format-standard","has-post-thumbnail","category-balonmano","category-portada","tag-aranda-de-duero","tag-asobal","tag-balonmano","tag-rfebm","tag-villa-de-aranda"],"yoast_head":"<!-- This site is optimized with the Yoast SEO plugin v27.5 - https:\/\/yoast.com\/product\/yoast-seo-wordpress\/ -->\r\n<title>Tubos Aranda inicia la cuesta de diciembre ante Bidasoa en el Santiago Mangu\u00e1n<\/title>\r\n<meta name=\"description\" content=\"El Deporte de Aranda y las tierras del Duero\" \/>\r\n<meta name=\"robots\" content=\"index, follow, max-snippet:-1, max-image-preview:large, max-video-preview:-1\" \/>\r\n<link rel=\"canonical\" href=\"https:\/\/www.duerodeporte.com\/index.php\/archivos\/15365\" \/>\r\n<meta property=\"og:locale\" content=\"es_ES\" \/>\r\n<meta property=\"og:type\" content=\"article\" \/>\r\n<meta property=\"og:title\" content=\"Tubos Aranda inicia la cuesta de diciembre ante Bidasoa en el Santiago Mangu\u00e1n\" \/>\r\n<meta property=\"og:description\" content=\"El Deporte de Aranda y las tierras del Duero\" \/>\r\n<meta property=\"og:url\" content=\"https:\/\/www.duerodeporte.com\/index.php\/archivos\/15365\" \/>\r\n<meta property=\"og:site_name\" content=\"Duero Deporte\" \/>\r\n<meta property=\"article:publisher\" content=\"https:\/\/www.facebook.com\/61555928375028\" \/>\r\n<meta property=\"article:published_time\" content=\"2025-12-05T14:51:47+00:00\" \/>\r\n<meta property=\"article:modified_time\" content=\"2025-12-05T14:52:47+00:00\" \/>\r\n<meta property=\"og:image\" content=\"https:\/\/www.duerodeporte.com\/wp-content\/uploads\/2025\/12\/IMG_20251122_194808-scaled.jpg\" \/>\r\n\t<meta property=\"og:image:width\" content=\"2560\" \/>\r\n\t<meta property=\"og:image:height\" content=\"1923\" \/>\r\n\t<meta property=\"og:image:type\" content=\"image\/jpeg\" \/>\r\n<meta name=\"author\" content=\"Diego A. Mart\u00edn\" \/>\r\n<meta name=\"twitter:card\" content=\"summary_large_image\" \/>\r\n<meta name=\"twitter:creator\" content=\"@Diegoamartin13\" \/>\r\n<meta name=\"twitter:site\" content=\"@Diegoamartin13\" \/>\r\n<meta name=\"twitter:label1\" content=\"Escrito por\" \/>\n\t<meta name=\"twitter:data1\" content=\"Diego A. Mart\u00edn\" \/>\n\t<meta name=\"twitter:label2\" content=\"Tiempo de lectura\" \/>\n\t<meta name=\"twitter:data2\" content=\"2 minutos\" \/>\r\n<script type=\"application\/ld+json\" class=\"yoast-schema-graph\">{\"@context\":\"https:\\\/\\\/schema.org\",\"@graph\":[{\"@type\":[\"Article\",\"SocialMediaPosting\"],\"@id\":\"https:\\\/\\\/www.duerodeporte.com\\\/index.php\\\/archivos\\\/15365#article\",\"isPartOf\":{\"@id\":\"https:\\\/\\\/www.duerodeporte.com\\\/index.php\\\/archivos\\\/15365\"},\"author\":{\"name\":\"Diego A. Mart\u00edn\",\"@id\":\"https:\\\/\\\/www.duerodeporte.com\\\/#\\\/schema\\\/person\\\/5f3368966f635b5ae0d23ffaf7a7f894\"},\"headline\":\"Tubos Aranda inicia la cuesta de diciembre ante Bidasoa en el Santiago Mangu\u00e1n\",\"datePublished\":\"2025-12-05T14:51:47+00:00\",\"dateModified\":\"2025-12-05T14:52:47+00:00\",\"mainEntityOfPage\":{\"@id\":\"https:\\\/\\\/www.duerodeporte.com\\\/index.php\\\/archivos\\\/15365\"},\"wordCount\":359,\"commentCount\":0,\"publisher\":{\"@id\":\"https:\\\/\\\/www.duerodeporte.com\\\/#organization\"},\"image\":{\"@id\":\"https:\\\/\\\/www.duerodeporte.com\\\/index.php\\\/archivos\\\/15365#primaryimage\"},\"thumbnailUrl\":\"https:\\\/\\\/www.duerodeporte.com\\\/wp-content\\\/uploads\\\/2025\\\/12\\\/IMG_20251122_194808-scaled-e1769077550752.jpg\",\"keywords\":[\"aranda de duero\",\"Asobal\",\"balonmano\",\"Rfebm\",\"Villa de Aranda\"],\"articleSection\":[\"BALONMANO\",\"z_PORTADA\"],\"inLanguage\":\"es\",\"potentialAction\":[{\"@type\":\"CommentAction\",\"name\":\"Comment\",\"target\":[\"https:\\\/\\\/www.duerodeporte.com\\\/index.php\\\/archivos\\\/15365#respond\"]}]},{\"@type\":[\"WebPage\",\"ItemPage\"],\"@id\":\"https:\\\/\\\/www.duerodeporte.com\\\/index.php\\\/archivos\\\/15365\",\"url\":\"https:\\\/\\\/www.duerodeporte.com\\\/index.php\\\/archivos\\\/15365\",\"name\":\"Tubos Aranda inicia la cuesta de diciembre ante Bidasoa en el Santiago Mangu\u00e1n\",\"isPartOf\":{\"@id\":\"https:\\\/\\\/www.duerodeporte.com\\\/#website\"},\"primaryImageOfPage\":{\"@id\":\"https:\\\/\\\/www.duerodeporte.com\\\/index.php\\\/archivos\\\/15365#primaryimage\"},\"image\":{\"@id\":\"https:\\\/\\\/www.duerodeporte.com\\\/index.php\\\/archivos\\\/15365#primaryimage\"},\"thumbnailUrl\":\"https:\\\/\\\/www.duerodeporte.com\\\/wp-content\\\/uploads\\\/2025\\\/12\\\/IMG_20251122_194808-scaled-e1769077550752.jpg\",\"datePublished\":\"2025-12-05T14:51:47+00:00\",\"dateModified\":\"2025-12-05T14:52:47+00:00\",\"description\":\"El Deporte de Aranda y las tierras del Duero\",\"breadcrumb\":{\"@id\":\"https:\\\/\\\/www.duerodeporte.com\\\/index.php\\\/archivos\\\/15365#breadcrumb\"},\"inLanguage\":\"es\",\"potentialAction\":[{\"@type\":\"ReadAction\",\"target\":[\"https:\\\/\\\/www.duerodeporte.com\\\/index.php\\\/archivos\\\/15365\"]}]},{\"@type\":\"ImageObject\",\"inLanguage\":\"es\",\"@id\":\"https:\\\/\\\/www.duerodeporte.com\\\/index.php\\\/archivos\\\/15365#primaryimage\",\"url\":\"https:\\\/\\\/www.duerodeporte.com\\\/wp-content\\\/uploads\\\/2025\\\/12\\\/IMG_20251122_194808-scaled-e1769077550752.jpg\",\"contentUrl\":\"https:\\\/\\\/www.duerodeporte.com\\\/wp-content\\\/uploads\\\/2025\\\/12\\\/IMG_20251122_194808-scaled-e1769077550752.jpg\",\"width\":2560,\"height\":1404,\"caption\":\"Las gradas del pabell\u00f3n Santiago Mangu\u00e1n durante uno de los encuentros de esta temporada. \\\/ DUERO Deporte\"},{\"@type\":\"BreadcrumbList\",\"@id\":\"https:\\\/\\\/www.duerodeporte.com\\\/index.php\\\/archivos\\\/15365#breadcrumb\",\"itemListElement\":[{\"@type\":\"ListItem\",\"position\":1,\"name\":\"Portada\",\"item\":\"https:\\\/\\\/www.duerodeporte.com\\\/\"},{\"@type\":\"ListItem\",\"position\":2,\"name\":\"Tubos Aranda inicia la cuesta de diciembre ante Bidasoa en el Santiago Mangu\u00e1n\"}]},{\"@type\":\"WebSite\",\"@id\":\"https:\\\/\\\/www.duerodeporte.com\\\/#website\",\"url\":\"https:\\\/\\\/www.duerodeporte.com\\\/\",\"name\":\"Duero Deporte\",\"description\":\"El Deporte de Aranda y las tierras del Duero\",\"publisher\":{\"@id\":\"https:\\\/\\\/www.duerodeporte.com\\\/#organization\"},\"alternateName\":\"El Deporte de Aranda y las tierras del Duero\",\"potentialAction\":[{\"@type\":\"SearchAction\",\"target\":{\"@type\":\"EntryPoint\",\"urlTemplate\":\"https:\\\/\\\/www.duerodeporte.com\\\/?s={search_term_string}\"},\"query-input\":{\"@type\":\"PropertyValueSpecification\",\"valueRequired\":true,\"valueName\":\"search_term_string\"}}],\"inLanguage\":\"es\"},{\"@type\":\"Organization\",\"@id\":\"https:\\\/\\\/www.duerodeporte.com\\\/#organization\",\"name\":\"Duero Deporte\",\"alternateName\":\"El Deporte de Aranda y las tierras del Duero\",\"url\":\"https:\\\/\\\/www.duerodeporte.com\\\/\",\"logo\":{\"@type\":\"ImageObject\",\"inLanguage\":\"es\",\"@id\":\"https:\\\/\\\/www.duerodeporte.com\\\/#\\\/schema\\\/logo\\\/image\\\/\",\"url\":\"https:\\\/\\\/www.duerodeporte.com\\\/wp-content\\\/uploads\\\/2023\\\/11\\\/A.ColorSinFondo-e1708011627555.png\",\"contentUrl\":\"https:\\\/\\\/www.duerodeporte.com\\\/wp-content\\\/uploads\\\/2023\\\/11\\\/A.ColorSinFondo-e1708011627555.png\",\"width\":750,\"height\":132,\"caption\":\"Duero Deporte\"},\"image\":{\"@id\":\"https:\\\/\\\/www.duerodeporte.com\\\/#\\\/schema\\\/logo\\\/image\\\/\"},\"sameAs\":[\"https:\\\/\\\/www.facebook.com\\\/61555928375028\",\"https:\\\/\\\/x.com\\\/Diegoamartin13\",\"https:\\\/\\\/www.youtube.com\\\/channel\\\/UCxIGQL8b9gmW-NjaChabCdA\"]},{\"@type\":\"Person\",\"@id\":\"https:\\\/\\\/www.duerodeporte.com\\\/#\\\/schema\\\/person\\\/5f3368966f635b5ae0d23ffaf7a7f894\",\"name\":\"Diego A. Mart\u00edn\",\"image\":{\"@type\":\"ImageObject\",\"inLanguage\":\"es\",\"@id\":\"https:\\\/\\\/www.duerodeporte.com\\\/wp-content\\\/uploads\\\/2024\\\/01\\\/Diego2-e1706522808572-150x150.jpeg\",\"url\":\"https:\\\/\\\/www.duerodeporte.com\\\/wp-content\\\/uploads\\\/2024\\\/01\\\/Diego2-e1706522808572-150x150.jpeg\",\"contentUrl\":\"https:\\\/\\\/www.duerodeporte.com\\\/wp-content\\\/uploads\\\/2024\\\/01\\\/Diego2-e1706522808572-150x150.jpeg\",\"caption\":\"Diego A. Mart\u00edn\"},\"url\":\"https:\\\/\\\/www.duerodeporte.com\\\/index.php\\\/archivos\\\/author\\\/diego\"}]}<\/script>\r\n<!-- \/ Yoast SEO plugin. -->","yoast_head_json":{"title":"Tubos Aranda inicia la cuesta de diciembre ante Bidasoa en el Santiago Mangu\u00e1n","description":"El Deporte de Aranda y las tierras del Duero","robots":{"index":"index","follow":"follow","max-snippet":"max-snippet:-1","max-image-preview":"max-image-preview:large","max-video-preview":"max-video-preview:-1"},"canonical":"https:\/\/www.duerodeporte.com\/index.php\/archivos\/15365","og_locale":"es_ES","og_type":"article","og_title":"Tubos Aranda inicia la cuesta de diciembre ante Bidasoa en el Santiago Mangu\u00e1n","og_description":"El Deporte de Aranda y las tierras del Duero","og_url":"https:\/\/www.duerodeporte.com\/index.php\/archivos\/15365","og_site_name":"Duero Deporte","article_publisher":"https:\/\/www.facebook.com\/61555928375028","article_published_time":"2025-12-05T14:51:47+00:00","article_modified_time":"2025-12-05T14:52:47+00:00","og_image":[{"width":2560,"height":1923,"url":"https:\/\/www.duerodeporte.com\/wp-content\/uploads\/2025\/12\/IMG_20251122_194808-scaled.jpg","type":"image\/jpeg"}],"author":"Diego A. Mart\u00edn","twitter_card":"summary_large_image","twitter_creator":"@Diegoamartin13","twitter_site":"@Diegoamartin13","twitter_misc":{"Escrito por":"Diego A. Mart\u00edn","Tiempo de lectura":"2 minutos"},"schema":{"@context":"https:\/\/schema.org","@graph":[{"@type":["Article","SocialMediaPosting"],"@id":"https:\/\/www.duerodeporte.com\/index.php\/archivos\/15365#article","isPartOf":{"@id":"https:\/\/www.duerodeporte.com\/index.php\/archivos\/15365"},"author":{"name":"Diego A. Mart\u00edn","@id":"https:\/\/www.duerodeporte.com\/#\/schema\/person\/5f3368966f635b5ae0d23ffaf7a7f894"},"headline":"Tubos Aranda inicia la cuesta de diciembre ante Bidasoa en el Santiago Mangu\u00e1n","datePublished":"2025-12-05T14:51:47+00:00","dateModified":"2025-12-05T14:52:47+00:00","mainEntityOfPage":{"@id":"https:\/\/www.duerodeporte.com\/index.php\/archivos\/15365"},"wordCount":359,"commentCount":0,"publisher":{"@id":"https:\/\/www.duerodeporte.com\/#organization"},"image":{"@id":"https:\/\/www.duerodeporte.com\/index.php\/archivos\/15365#primaryimage"},"thumbnailUrl":"https:\/\/www.duerodeporte.com\/wp-content\/uploads\/2025\/12\/IMG_20251122_194808-scaled-e1769077550752.jpg","keywords":["aranda de duero","Asobal","balonmano","Rfebm","Villa de Aranda"],"articleSection":["BALONMANO","z_PORTADA"],"inLanguage":"es","potentialAction":[{"@type":"CommentAction","name":"Comment","target":["https:\/\/www.duerodeporte.com\/index.php\/archivos\/15365#respond"]}]},{"@type":["WebPage","ItemPage"],"@id":"https:\/\/www.duerodeporte.com\/index.php\/archivos\/15365","url":"https:\/\/www.duerodeporte.com\/index.php\/archivos\/15365","name":"Tubos Aranda inicia la cuesta de diciembre ante Bidasoa en el Santiago Mangu\u00e1n","isPartOf":{"@id":"https:\/\/www.duerodeporte.com\/#website"},"primaryImageOfPage":{"@id":"https:\/\/www.duerodeporte.com\/index.php\/archivos\/15365#primaryimage"},"image":{"@id":"https:\/\/www.duerodeporte.com\/index.php\/archivos\/15365#primaryimage"},"thumbnailUrl":"https:\/\/www.duerodeporte.com\/wp-content\/uploads\/2025\/12\/IMG_20251122_194808-scaled-e1769077550752.jpg","datePublished":"2025-12-05T14:51:47+00:00","dateModified":"2025-12-05T14:52:47+00:00","description":"El Deporte de Aranda y las tierras del Duero","breadcrumb":{"@id":"https:\/\/www.duerodeporte.com\/index.php\/archivos\/15365#breadcrumb"},"inLanguage":"es","potentialAction":[{"@type":"ReadAction","target":["https:\/\/www.duerodeporte.com\/index.php\/archivos\/15365"]}]},{"@type":"ImageObject","inLanguage":"es","@id":"https:\/\/www.duerodeporte.com\/index.php\/archivos\/15365#primaryimage","url":"https:\/\/www.duerodeporte.com\/wp-content\/uploads\/2025\/12\/IMG_20251122_194808-scaled-e1769077550752.jpg","contentUrl":"https:\/\/www.duerodeporte.com\/wp-content\/uploads\/2025\/12\/IMG_20251122_194808-scaled-e1769077550752.jpg","width":2560,"height":1404,"caption":"Las gradas del pabell\u00f3n Santiago Mangu\u00e1n durante uno de los encuentros de esta temporada. \/ DUERO Deporte"},{"@type":"BreadcrumbList","@id":"https:\/\/www.duerodeporte.com\/index.php\/archivos\/15365#breadcrumb","itemListElement":[{"@type":"ListItem","position":1,"name":"Portada","item":"https:\/\/www.duerodeporte.com\/"},{"@type":"ListItem","position":2,"name":"Tubos Aranda inicia la cuesta de diciembre ante Bidasoa en el Santiago Mangu\u00e1n"}]},{"@type":"WebSite","@id":"https:\/\/www.duerodeporte.com\/#website","url":"https:\/\/www.duerodeporte.com\/","name":"Duero Deporte","description":"El Deporte de Aranda y las tierras del Duero","publisher":{"@id":"https:\/\/www.duerodeporte.com\/#organization"},"alternateName":"El Deporte de Aranda y las tierras del Duero","potentialAction":[{"@type":"SearchAction","target":{"@type":"EntryPoint","urlTemplate":"https:\/\/www.duerodeporte.com\/?s={search_term_string}"},"query-input":{"@type":"PropertyValueSpecification","valueRequired":true,"valueName":"search_term_string"}}],"inLanguage":"es"},{"@type":"Organization","@id":"https:\/\/www.duerodeporte.com\/#organization","name":"Duero Deporte","alternateName":"El Deporte de Aranda y las tierras del Duero","url":"https:\/\/www.duerodeporte.com\/","logo":{"@type":"ImageObject","inLanguage":"es","@id":"https:\/\/www.duerodeporte.com\/#\/schema\/logo\/image\/","url":"https:\/\/www.duerodeporte.com\/wp-content\/uploads\/2023\/11\/A.ColorSinFondo-e1708011627555.png","contentUrl":"https:\/\/www.duerodeporte.com\/wp-content\/uploads\/2023\/11\/A.ColorSinFondo-e1708011627555.png","width":750,"height":132,"caption":"Duero Deporte"},"image":{"@id":"https:\/\/www.duerodeporte.com\/#\/schema\/logo\/image\/"},"sameAs":["https:\/\/www.facebook.com\/61555928375028","https:\/\/x.com\/Diegoamartin13","https:\/\/www.youtube.com\/channel\/UCxIGQL8b9gmW-NjaChabCdA"]},{"@type":"Person","@id":"https:\/\/www.duerodeporte.com\/#\/schema\/person\/5f3368966f635b5ae0d23ffaf7a7f894","name":"Diego A. Mart\u00edn","image":{"@type":"ImageObject","inLanguage":"es","@id":"https:\/\/www.duerodeporte.com\/wp-content\/uploads\/2024\/01\/Diego2-e1706522808572-150x150.jpeg","url":"https:\/\/www.duerodeporte.com\/wp-content\/uploads\/2024\/01\/Diego2-e1706522808572-150x150.jpeg","contentUrl":"https:\/\/www.duerodeporte.com\/wp-content\/uploads\/2024\/01\/Diego2-e1706522808572-150x150.jpeg","caption":"Diego A. Mart\u00edn"},"url":"https:\/\/www.duerodeporte.com\/index.php\/archivos\/author\/diego"}]}},"views":256,"_links":{"self":[{"href":"https:\/\/www.duerodeporte.com\/index.php\/wp-json\/wp\/v2\/posts\/15365","targetHints":{"allow":["GET"]}}],"collection":[{"href":"https:\/\/www.duerodeporte.com\/index.php\/wp-json\/wp\/v2\/posts"}],"about":[{"href":"https:\/\/www.duerodeporte.com\/index.php\/wp-json\/wp\/v2\/types\/post"}],"author":[{"embeddable":true,"href":"https:\/\/www.duerodeporte.com\/index.php\/wp-json\/wp\/v2\/users\/3"}],"replies":[{"embeddable":true,"href":"https:\/\/www.duerodeporte.com\/index.php\/wp-json\/wp\/v2\/comments?post=15365"}],"version-history":[{"count":4,"href":"https:\/\/www.duerodeporte.com\/index.php\/wp-json\/wp\/v2\/posts\/15365\/revisions"}],"predecessor-version":[{"id":15371,"href":"https:\/\/www.duerodeporte.com\/index.php\/wp-json\/wp\/v2\/posts\/15365\/revisions\/15371"}],"wp:featuredmedia":[{"embeddable":true,"href":"https:\/\/www.duerodeporte.com\/index.php\/wp-json\/wp\/v2\/media\/15367"}],"wp:attachment":[{"href":"https:\/\/www.duerodeporte.com\/index.php\/wp-json\/wp\/v2\/media?parent=15365"}],"wp:term":[{"taxonomy":"category","embeddable":true,"href":"https:\/\/www.duerodeporte.com\/index.php\/wp-json\/wp\/v2\/categories?post=15365"},{"taxonomy":"post_tag","embeddable":true,"href":"https:\/\/www.duerodeporte.com\/index.php\/wp-json\/wp\/v2\/tags?post=15365"}],"curies":[{"name":"wp","href":"https:\/\/api.w.org\/{rel}","templated":true}]}}