{"id":16079,"date":"2026-01-22T11:34:56","date_gmt":"2026-01-22T10:34:56","guid":{"rendered":"https:\/\/www.duerodeporte.com\/?p=16079"},"modified":"2026-01-22T11:49:33","modified_gmt":"2026-01-22T10:49:33","slug":"el-santiago-manguan-sigue-entre-las-canchas-con-mas-espectadores","status":"publish","type":"post","link":"https:\/\/www.duerodeporte.com\/index.php\/archivos\/16079","title":{"rendered":"El Santiago Mangu\u00e1n sigue entre las canchas con m\u00e1s espectadores"},"content":{"rendered":"\n<h2 class=\"wp-block-heading\">ASOBAL publica la asistencia media de espectadores por partido al t\u00e9rmino de la primera vuelta con un incremento en el feudo amarillo hasta los 2.357 aficionados. Aranda de Duero es el tercer escenario con mayor n\u00famero de espectadores. La llegada de Caser\u00edo sit\u00faa al Quijote Arena como el terreno de juego con mayor n\u00famero de espectadores (3.653) seguido del Palacio de Deportes de Le\u00f3n con 2.446 espectadores<\/h2>\n\n\n\n<p>La incondicionalidad de la afici\u00f3n del <strong>Villa de Aranda<\/strong> sigue siendo un hecho constatable, como refleja la estad\u00edstica de la propia Liga ASOBAL tras los datos recogidos sobre asistencia de p\u00fablico al t\u00e9rmino de la <strong>primera vuelta<\/strong>. Con un total de<strong> 2.357 espectadores por partido<\/strong>, Tubos Aranda Villa de Aranda es el tercer equipo que m\u00e1s p\u00fablico re\u00fane por partido.<\/p>\n\n\n\n<figure class=\"wp-block-image size-large\"><img loading=\"lazy\" decoding=\"async\" width=\"1024\" height=\"234\" src=\"https:\/\/www.duerodeporte.com\/wp-content\/uploads\/2025\/07\/LaVilla-1024x234.jpeg\" alt=\"\" class=\"wp-image-12898\" srcset=\"https:\/\/www.duerodeporte.com\/wp-content\/uploads\/2025\/07\/LaVilla-1024x234.jpeg 1024w, https:\/\/www.duerodeporte.com\/wp-content\/uploads\/2025\/07\/LaVilla-300x68.jpeg 300w, https:\/\/www.duerodeporte.com\/wp-content\/uploads\/2025\/07\/LaVilla-768x175.jpeg 768w, https:\/\/www.duerodeporte.com\/wp-content\/uploads\/2025\/07\/LaVilla-1536x350.jpeg 1536w, https:\/\/www.duerodeporte.com\/wp-content\/uploads\/2025\/07\/LaVilla-696x159.jpeg 696w, https:\/\/www.duerodeporte.com\/wp-content\/uploads\/2025\/07\/LaVilla-1068x244.jpeg 1068w, https:\/\/www.duerodeporte.com\/wp-content\/uploads\/2025\/07\/LaVilla.jpeg 1600w\" sizes=\"auto, (max-width: 1024px) 100vw, 1024px\" \/><\/figure>\n\n\n\n<p>Cabe destacar adem\u00e1s que esta cifra es<strong> superior a los registros de la temporada pasada en el mismo per\u00edodo <\/strong>tras llegar al ecuador de la competici\u00f3n (<strong>2.100<\/strong>) <a href=\"https:\/\/www.duerodeporte.com\/index.php\/archivos\/8947\" type=\"link\" id=\"https:\/\/www.duerodeporte.com\/index.php\/archivos\/8947\">como refleja la informaci\u00f3n elaborada por DUERO Deporte hace un a\u00f1o<\/a>.<\/p>\n\n\n\n<figure class=\"wp-block-image size-full\"><a href=\"https:\/\/www.duerodeporte.com\/index.php\/archivos\/8947\"><img loading=\"lazy\" decoding=\"async\" width=\"923\" height=\"708\" src=\"https:\/\/www.duerodeporte.com\/wp-content\/uploads\/2026\/01\/IMG_20251216_203637-22.jpg\" alt=\"\" class=\"wp-image-16081\" srcset=\"https:\/\/www.duerodeporte.com\/wp-content\/uploads\/2026\/01\/IMG_20251216_203637-22.jpg 923w, https:\/\/www.duerodeporte.com\/wp-content\/uploads\/2026\/01\/IMG_20251216_203637-22-300x230.jpg 300w, https:\/\/www.duerodeporte.com\/wp-content\/uploads\/2026\/01\/IMG_20251216_203637-22-768x589.jpg 768w, https:\/\/www.duerodeporte.com\/wp-content\/uploads\/2026\/01\/IMG_20251216_203637-22-696x534.jpg 696w\" sizes=\"auto, (max-width: 923px) 100vw, 923px\" \/><\/a><figcaption class=\"wp-element-caption\">Informaci\u00f3n de DUERO Deporte de la pasada temporada en la primera vuelta. \/ DUERO Deporte<\/figcaption><\/figure>\n\n\n\n<p>En los datos globales por equipos llama la atenci\u00f3n la<strong> fuerte irrupci\u00f3n de la afici\u00f3n ciudarreale\u00f1a<\/strong>, que tras su ascenso a la m\u00e1xima categor\u00eda ha superado a Le\u00f3n, al mismo Mangu\u00e1n y Cangas en la asistencia de a los partidos, los tres equipos que dominaron este cap\u00edtulo la temporada pasada, tanto al t\u00e9rmino de la primera vuelta como al final de temporada.<\/p>\n\n\n\n<p>As\u00ed, <strong>Caser\u00edo Ciudad Real<\/strong> lidera la asistencia media a pabellones en la primera vuelta con<strong> 3.653 espectadores <\/strong>por partido, acompa\u00f1ado por ABANCA Ademar Le\u00f3n (2.446 espectadores), Tubos Villa de Aranda (2.357), Recoletas Atl\u00e9tico Valladolid (2.121) y Frigor\u00edficos del Morrazo (2.114), clubes que reflejan la fortaleza territorial y social de la Liga.<\/p>\n\n\n\n<h2 class=\"wp-block-heading\">Nuevo crecimiento total de la liga<\/h2>\n\n\n\n<p>N\u00fameros que a la postres y con el resto de datos del resto que equipos hace que la Liga NEXUS ASOBAL registre un nuevo r\u00e9cord estad\u00edstico en este per\u00edodo con un total de <strong>197.445 espectadores<\/strong>, lo que supone <strong>un incremento del 12,6%<\/strong> respecto a la temporada pasada (24-25)<\/p>\n","protected":false},"excerpt":{"rendered":"<p>ASOBAL publica la asistencia media de espectadores por partido al t\u00e9rmino de la primera vuelta con un incremento en el feudo amarillo hasta los 2.357 aficionados. Aranda de Duero es [&hellip;]<\/p>\n","protected":false},"author":3,"featured_media":15367,"comment_status":"open","ping_status":"open","sticky":false,"template":"","format":"standard","meta":{"footnotes":""},"categories":[18,15],"tags":[43,177,27,905,40,83,28],"class_list":["post-16079","post","type-post","status-publish","format-standard","has-post-thumbnail","category-balonmano","category-portada","tag-aranda-de-duero","tag-asobal","tag-balonmano","tag-espectadores","tag-rfebm","tag-tierras-del-duero","tag-villa-de-aranda"],"yoast_head":"<!-- This site is optimized with the Yoast SEO plugin v27.5 - https:\/\/yoast.com\/product\/yoast-seo-wordpress\/ -->\r\n<title>El Santiago Mangu\u00e1n sigue entre las canchas con m\u00e1s espectadores<\/title>\r\n<meta name=\"description\" content=\"El Deporte de Aranda y las tierras del Duero\" \/>\r\n<meta name=\"robots\" content=\"index, follow, max-snippet:-1, max-image-preview:large, max-video-preview:-1\" \/>\r\n<link rel=\"canonical\" href=\"https:\/\/www.duerodeporte.com\/index.php\/archivos\/16079\" \/>\r\n<meta property=\"og:locale\" content=\"es_ES\" \/>\r\n<meta property=\"og:type\" content=\"article\" \/>\r\n<meta property=\"og:title\" content=\"El Santiago Mangu\u00e1n sigue entre las canchas con m\u00e1s espectadores\" \/>\r\n<meta property=\"og:description\" content=\"El Deporte de Aranda y las tierras del Duero\" \/>\r\n<meta property=\"og:url\" content=\"https:\/\/www.duerodeporte.com\/index.php\/archivos\/16079\" \/>\r\n<meta property=\"og:site_name\" content=\"Duero Deporte\" \/>\r\n<meta property=\"article:publisher\" content=\"https:\/\/www.facebook.com\/61555928375028\" \/>\r\n<meta property=\"article:published_time\" content=\"2026-01-22T10:34:56+00:00\" \/>\r\n<meta property=\"article:modified_time\" content=\"2026-01-22T10:49:33+00:00\" \/>\r\n<meta property=\"og:image\" content=\"https:\/\/www.duerodeporte.com\/wp-content\/uploads\/2025\/12\/IMG_20251122_194808-scaled-e1769077550752.jpg\" \/>\r\n\t<meta property=\"og:image:width\" content=\"2560\" \/>\r\n\t<meta property=\"og:image:height\" content=\"1404\" \/>\r\n\t<meta property=\"og:image:type\" content=\"image\/jpeg\" \/>\r\n<meta name=\"author\" content=\"Diego A. Mart\u00edn\" \/>\r\n<meta name=\"twitter:card\" content=\"summary_large_image\" \/>\r\n<meta name=\"twitter:creator\" content=\"@Diegoamartin13\" \/>\r\n<meta name=\"twitter:site\" content=\"@Diegoamartin13\" \/>\r\n<meta name=\"twitter:label1\" content=\"Escrito por\" \/>\n\t<meta name=\"twitter:data1\" content=\"Diego A. Mart\u00edn\" \/>\n\t<meta name=\"twitter:label2\" content=\"Tiempo de lectura\" \/>\n\t<meta name=\"twitter:data2\" content=\"3 minutos\" \/>\r\n<script type=\"application\/ld+json\" class=\"yoast-schema-graph\">{\"@context\":\"https:\\\/\\\/schema.org\",\"@graph\":[{\"@type\":[\"Article\",\"SocialMediaPosting\"],\"@id\":\"https:\\\/\\\/www.duerodeporte.com\\\/index.php\\\/archivos\\\/16079#article\",\"isPartOf\":{\"@id\":\"https:\\\/\\\/www.duerodeporte.com\\\/index.php\\\/archivos\\\/16079\"},\"author\":{\"name\":\"Diego A. Mart\u00edn\",\"@id\":\"https:\\\/\\\/www.duerodeporte.com\\\/#\\\/schema\\\/person\\\/5f3368966f635b5ae0d23ffaf7a7f894\"},\"headline\":\"El Santiago Mangu\u00e1n sigue entre las canchas con m\u00e1s espectadores\",\"datePublished\":\"2026-01-22T10:34:56+00:00\",\"dateModified\":\"2026-01-22T10:49:33+00:00\",\"mainEntityOfPage\":{\"@id\":\"https:\\\/\\\/www.duerodeporte.com\\\/index.php\\\/archivos\\\/16079\"},\"wordCount\":384,\"commentCount\":0,\"publisher\":{\"@id\":\"https:\\\/\\\/www.duerodeporte.com\\\/#organization\"},\"image\":{\"@id\":\"https:\\\/\\\/www.duerodeporte.com\\\/index.php\\\/archivos\\\/16079#primaryimage\"},\"thumbnailUrl\":\"https:\\\/\\\/www.duerodeporte.com\\\/wp-content\\\/uploads\\\/2025\\\/12\\\/IMG_20251122_194808-scaled-e1769077550752.jpg\",\"keywords\":[\"aranda de duero\",\"Asobal\",\"balonmano\",\"espectadores\",\"Rfebm\",\"tierras del duero\",\"Villa de Aranda\"],\"articleSection\":[\"BALONMANO\",\"z_PORTADA\"],\"inLanguage\":\"es\",\"potentialAction\":[{\"@type\":\"CommentAction\",\"name\":\"Comment\",\"target\":[\"https:\\\/\\\/www.duerodeporte.com\\\/index.php\\\/archivos\\\/16079#respond\"]}]},{\"@type\":[\"WebPage\",\"ItemPage\"],\"@id\":\"https:\\\/\\\/www.duerodeporte.com\\\/index.php\\\/archivos\\\/16079\",\"url\":\"https:\\\/\\\/www.duerodeporte.com\\\/index.php\\\/archivos\\\/16079\",\"name\":\"El Santiago Mangu\u00e1n sigue entre las canchas con m\u00e1s espectadores\",\"isPartOf\":{\"@id\":\"https:\\\/\\\/www.duerodeporte.com\\\/#website\"},\"primaryImageOfPage\":{\"@id\":\"https:\\\/\\\/www.duerodeporte.com\\\/index.php\\\/archivos\\\/16079#primaryimage\"},\"image\":{\"@id\":\"https:\\\/\\\/www.duerodeporte.com\\\/index.php\\\/archivos\\\/16079#primaryimage\"},\"thumbnailUrl\":\"https:\\\/\\\/www.duerodeporte.com\\\/wp-content\\\/uploads\\\/2025\\\/12\\\/IMG_20251122_194808-scaled-e1769077550752.jpg\",\"datePublished\":\"2026-01-22T10:34:56+00:00\",\"dateModified\":\"2026-01-22T10:49:33+00:00\",\"description\":\"El Deporte de Aranda y las tierras del Duero\",\"breadcrumb\":{\"@id\":\"https:\\\/\\\/www.duerodeporte.com\\\/index.php\\\/archivos\\\/16079#breadcrumb\"},\"inLanguage\":\"es\",\"potentialAction\":[{\"@type\":\"ReadAction\",\"target\":[\"https:\\\/\\\/www.duerodeporte.com\\\/index.php\\\/archivos\\\/16079\"]}]},{\"@type\":\"ImageObject\",\"inLanguage\":\"es\",\"@id\":\"https:\\\/\\\/www.duerodeporte.com\\\/index.php\\\/archivos\\\/16079#primaryimage\",\"url\":\"https:\\\/\\\/www.duerodeporte.com\\\/wp-content\\\/uploads\\\/2025\\\/12\\\/IMG_20251122_194808-scaled-e1769077550752.jpg\",\"contentUrl\":\"https:\\\/\\\/www.duerodeporte.com\\\/wp-content\\\/uploads\\\/2025\\\/12\\\/IMG_20251122_194808-scaled-e1769077550752.jpg\",\"width\":2560,\"height\":1404,\"caption\":\"Las gradas del pabell\u00f3n Santiago Mangu\u00e1n durante uno de los encuentros de esta temporada. \\\/ DUERO Deporte\"},{\"@type\":\"BreadcrumbList\",\"@id\":\"https:\\\/\\\/www.duerodeporte.com\\\/index.php\\\/archivos\\\/16079#breadcrumb\",\"itemListElement\":[{\"@type\":\"ListItem\",\"position\":1,\"name\":\"Portada\",\"item\":\"https:\\\/\\\/www.duerodeporte.com\\\/\"},{\"@type\":\"ListItem\",\"position\":2,\"name\":\"El Santiago Mangu\u00e1n sigue entre las canchas con m\u00e1s espectadores\"}]},{\"@type\":\"WebSite\",\"@id\":\"https:\\\/\\\/www.duerodeporte.com\\\/#website\",\"url\":\"https:\\\/\\\/www.duerodeporte.com\\\/\",\"name\":\"Duero Deporte\",\"description\":\"El Deporte de Aranda y las tierras del Duero\",\"publisher\":{\"@id\":\"https:\\\/\\\/www.duerodeporte.com\\\/#organization\"},\"alternateName\":\"El Deporte de Aranda y las tierras del Duero\",\"potentialAction\":[{\"@type\":\"SearchAction\",\"target\":{\"@type\":\"EntryPoint\",\"urlTemplate\":\"https:\\\/\\\/www.duerodeporte.com\\\/?s={search_term_string}\"},\"query-input\":{\"@type\":\"PropertyValueSpecification\",\"valueRequired\":true,\"valueName\":\"search_term_string\"}}],\"inLanguage\":\"es\"},{\"@type\":\"Organization\",\"@id\":\"https:\\\/\\\/www.duerodeporte.com\\\/#organization\",\"name\":\"Duero Deporte\",\"alternateName\":\"El Deporte de Aranda y las tierras del Duero\",\"url\":\"https:\\\/\\\/www.duerodeporte.com\\\/\",\"logo\":{\"@type\":\"ImageObject\",\"inLanguage\":\"es\",\"@id\":\"https:\\\/\\\/www.duerodeporte.com\\\/#\\\/schema\\\/logo\\\/image\\\/\",\"url\":\"https:\\\/\\\/www.duerodeporte.com\\\/wp-content\\\/uploads\\\/2023\\\/11\\\/A.ColorSinFondo-e1708011627555.png\",\"contentUrl\":\"https:\\\/\\\/www.duerodeporte.com\\\/wp-content\\\/uploads\\\/2023\\\/11\\\/A.ColorSinFondo-e1708011627555.png\",\"width\":750,\"height\":132,\"caption\":\"Duero Deporte\"},\"image\":{\"@id\":\"https:\\\/\\\/www.duerodeporte.com\\\/#\\\/schema\\\/logo\\\/image\\\/\"},\"sameAs\":[\"https:\\\/\\\/www.facebook.com\\\/61555928375028\",\"https:\\\/\\\/x.com\\\/Diegoamartin13\",\"https:\\\/\\\/www.youtube.com\\\/channel\\\/UCxIGQL8b9gmW-NjaChabCdA\"]},{\"@type\":\"Person\",\"@id\":\"https:\\\/\\\/www.duerodeporte.com\\\/#\\\/schema\\\/person\\\/5f3368966f635b5ae0d23ffaf7a7f894\",\"name\":\"Diego A. Mart\u00edn\",\"image\":{\"@type\":\"ImageObject\",\"inLanguage\":\"es\",\"@id\":\"https:\\\/\\\/www.duerodeporte.com\\\/wp-content\\\/uploads\\\/2024\\\/01\\\/Diego2-e1706522808572-150x150.jpeg\",\"url\":\"https:\\\/\\\/www.duerodeporte.com\\\/wp-content\\\/uploads\\\/2024\\\/01\\\/Diego2-e1706522808572-150x150.jpeg\",\"contentUrl\":\"https:\\\/\\\/www.duerodeporte.com\\\/wp-content\\\/uploads\\\/2024\\\/01\\\/Diego2-e1706522808572-150x150.jpeg\",\"caption\":\"Diego A. Mart\u00edn\"},\"url\":\"https:\\\/\\\/www.duerodeporte.com\\\/index.php\\\/archivos\\\/author\\\/diego\"}]}<\/script>\r\n<!-- \/ Yoast SEO plugin. -->","yoast_head_json":{"title":"El Santiago Mangu\u00e1n sigue entre las canchas con m\u00e1s espectadores","description":"El Deporte de Aranda y las tierras del Duero","robots":{"index":"index","follow":"follow","max-snippet":"max-snippet:-1","max-image-preview":"max-image-preview:large","max-video-preview":"max-video-preview:-1"},"canonical":"https:\/\/www.duerodeporte.com\/index.php\/archivos\/16079","og_locale":"es_ES","og_type":"article","og_title":"El Santiago Mangu\u00e1n sigue entre las canchas con m\u00e1s espectadores","og_description":"El Deporte de Aranda y las tierras del Duero","og_url":"https:\/\/www.duerodeporte.com\/index.php\/archivos\/16079","og_site_name":"Duero Deporte","article_publisher":"https:\/\/www.facebook.com\/61555928375028","article_published_time":"2026-01-22T10:34:56+00:00","article_modified_time":"2026-01-22T10:49:33+00:00","og_image":[{"width":2560,"height":1404,"url":"https:\/\/www.duerodeporte.com\/wp-content\/uploads\/2025\/12\/IMG_20251122_194808-scaled-e1769077550752.jpg","type":"image\/jpeg"}],"author":"Diego A. Mart\u00edn","twitter_card":"summary_large_image","twitter_creator":"@Diegoamartin13","twitter_site":"@Diegoamartin13","twitter_misc":{"Escrito por":"Diego A. Mart\u00edn","Tiempo de lectura":"3 minutos"},"schema":{"@context":"https:\/\/schema.org","@graph":[{"@type":["Article","SocialMediaPosting"],"@id":"https:\/\/www.duerodeporte.com\/index.php\/archivos\/16079#article","isPartOf":{"@id":"https:\/\/www.duerodeporte.com\/index.php\/archivos\/16079"},"author":{"name":"Diego A. Mart\u00edn","@id":"https:\/\/www.duerodeporte.com\/#\/schema\/person\/5f3368966f635b5ae0d23ffaf7a7f894"},"headline":"El Santiago Mangu\u00e1n sigue entre las canchas con m\u00e1s espectadores","datePublished":"2026-01-22T10:34:56+00:00","dateModified":"2026-01-22T10:49:33+00:00","mainEntityOfPage":{"@id":"https:\/\/www.duerodeporte.com\/index.php\/archivos\/16079"},"wordCount":384,"commentCount":0,"publisher":{"@id":"https:\/\/www.duerodeporte.com\/#organization"},"image":{"@id":"https:\/\/www.duerodeporte.com\/index.php\/archivos\/16079#primaryimage"},"thumbnailUrl":"https:\/\/www.duerodeporte.com\/wp-content\/uploads\/2025\/12\/IMG_20251122_194808-scaled-e1769077550752.jpg","keywords":["aranda de duero","Asobal","balonmano","espectadores","Rfebm","tierras del duero","Villa de Aranda"],"articleSection":["BALONMANO","z_PORTADA"],"inLanguage":"es","potentialAction":[{"@type":"CommentAction","name":"Comment","target":["https:\/\/www.duerodeporte.com\/index.php\/archivos\/16079#respond"]}]},{"@type":["WebPage","ItemPage"],"@id":"https:\/\/www.duerodeporte.com\/index.php\/archivos\/16079","url":"https:\/\/www.duerodeporte.com\/index.php\/archivos\/16079","name":"El Santiago Mangu\u00e1n sigue entre las canchas con m\u00e1s espectadores","isPartOf":{"@id":"https:\/\/www.duerodeporte.com\/#website"},"primaryImageOfPage":{"@id":"https:\/\/www.duerodeporte.com\/index.php\/archivos\/16079#primaryimage"},"image":{"@id":"https:\/\/www.duerodeporte.com\/index.php\/archivos\/16079#primaryimage"},"thumbnailUrl":"https:\/\/www.duerodeporte.com\/wp-content\/uploads\/2025\/12\/IMG_20251122_194808-scaled-e1769077550752.jpg","datePublished":"2026-01-22T10:34:56+00:00","dateModified":"2026-01-22T10:49:33+00:00","description":"El Deporte de Aranda y las tierras del Duero","breadcrumb":{"@id":"https:\/\/www.duerodeporte.com\/index.php\/archivos\/16079#breadcrumb"},"inLanguage":"es","potentialAction":[{"@type":"ReadAction","target":["https:\/\/www.duerodeporte.com\/index.php\/archivos\/16079"]}]},{"@type":"ImageObject","inLanguage":"es","@id":"https:\/\/www.duerodeporte.com\/index.php\/archivos\/16079#primaryimage","url":"https:\/\/www.duerodeporte.com\/wp-content\/uploads\/2025\/12\/IMG_20251122_194808-scaled-e1769077550752.jpg","contentUrl":"https:\/\/www.duerodeporte.com\/wp-content\/uploads\/2025\/12\/IMG_20251122_194808-scaled-e1769077550752.jpg","width":2560,"height":1404,"caption":"Las gradas del pabell\u00f3n Santiago Mangu\u00e1n durante uno de los encuentros de esta temporada. \/ DUERO Deporte"},{"@type":"BreadcrumbList","@id":"https:\/\/www.duerodeporte.com\/index.php\/archivos\/16079#breadcrumb","itemListElement":[{"@type":"ListItem","position":1,"name":"Portada","item":"https:\/\/www.duerodeporte.com\/"},{"@type":"ListItem","position":2,"name":"El Santiago Mangu\u00e1n sigue entre las canchas con m\u00e1s espectadores"}]},{"@type":"WebSite","@id":"https:\/\/www.duerodeporte.com\/#website","url":"https:\/\/www.duerodeporte.com\/","name":"Duero Deporte","description":"El Deporte de Aranda y las tierras del Duero","publisher":{"@id":"https:\/\/www.duerodeporte.com\/#organization"},"alternateName":"El Deporte de Aranda y las tierras del Duero","potentialAction":[{"@type":"SearchAction","target":{"@type":"EntryPoint","urlTemplate":"https:\/\/www.duerodeporte.com\/?s={search_term_string}"},"query-input":{"@type":"PropertyValueSpecification","valueRequired":true,"valueName":"search_term_string"}}],"inLanguage":"es"},{"@type":"Organization","@id":"https:\/\/www.duerodeporte.com\/#organization","name":"Duero Deporte","alternateName":"El Deporte de Aranda y las tierras del Duero","url":"https:\/\/www.duerodeporte.com\/","logo":{"@type":"ImageObject","inLanguage":"es","@id":"https:\/\/www.duerodeporte.com\/#\/schema\/logo\/image\/","url":"https:\/\/www.duerodeporte.com\/wp-content\/uploads\/2023\/11\/A.ColorSinFondo-e1708011627555.png","contentUrl":"https:\/\/www.duerodeporte.com\/wp-content\/uploads\/2023\/11\/A.ColorSinFondo-e1708011627555.png","width":750,"height":132,"caption":"Duero Deporte"},"image":{"@id":"https:\/\/www.duerodeporte.com\/#\/schema\/logo\/image\/"},"sameAs":["https:\/\/www.facebook.com\/61555928375028","https:\/\/x.com\/Diegoamartin13","https:\/\/www.youtube.com\/channel\/UCxIGQL8b9gmW-NjaChabCdA"]},{"@type":"Person","@id":"https:\/\/www.duerodeporte.com\/#\/schema\/person\/5f3368966f635b5ae0d23ffaf7a7f894","name":"Diego A. Mart\u00edn","image":{"@type":"ImageObject","inLanguage":"es","@id":"https:\/\/www.duerodeporte.com\/wp-content\/uploads\/2024\/01\/Diego2-e1706522808572-150x150.jpeg","url":"https:\/\/www.duerodeporte.com\/wp-content\/uploads\/2024\/01\/Diego2-e1706522808572-150x150.jpeg","contentUrl":"https:\/\/www.duerodeporte.com\/wp-content\/uploads\/2024\/01\/Diego2-e1706522808572-150x150.jpeg","caption":"Diego A. Mart\u00edn"},"url":"https:\/\/www.duerodeporte.com\/index.php\/archivos\/author\/diego"}]}},"views":442,"_links":{"self":[{"href":"https:\/\/www.duerodeporte.com\/index.php\/wp-json\/wp\/v2\/posts\/16079","targetHints":{"allow":["GET"]}}],"collection":[{"href":"https:\/\/www.duerodeporte.com\/index.php\/wp-json\/wp\/v2\/posts"}],"about":[{"href":"https:\/\/www.duerodeporte.com\/index.php\/wp-json\/wp\/v2\/types\/post"}],"author":[{"embeddable":true,"href":"https:\/\/www.duerodeporte.com\/index.php\/wp-json\/wp\/v2\/users\/3"}],"replies":[{"embeddable":true,"href":"https:\/\/www.duerodeporte.com\/index.php\/wp-json\/wp\/v2\/comments?post=16079"}],"version-history":[{"count":2,"href":"https:\/\/www.duerodeporte.com\/index.php\/wp-json\/wp\/v2\/posts\/16079\/revisions"}],"predecessor-version":[{"id":16083,"href":"https:\/\/www.duerodeporte.com\/index.php\/wp-json\/wp\/v2\/posts\/16079\/revisions\/16083"}],"wp:featuredmedia":[{"embeddable":true,"href":"https:\/\/www.duerodeporte.com\/index.php\/wp-json\/wp\/v2\/media\/15367"}],"wp:attachment":[{"href":"https:\/\/www.duerodeporte.com\/index.php\/wp-json\/wp\/v2\/media?parent=16079"}],"wp:term":[{"taxonomy":"category","embeddable":true,"href":"https:\/\/www.duerodeporte.com\/index.php\/wp-json\/wp\/v2\/categories?post=16079"},{"taxonomy":"post_tag","embeddable":true,"href":"https:\/\/www.duerodeporte.com\/index.php\/wp-json\/wp\/v2\/tags?post=16079"}],"curies":[{"name":"wp","href":"https:\/\/api.w.org\/{rel}","templated":true}]}}