{"id":16086,"date":"2026-01-22T21:06:59","date_gmt":"2026-01-22T20:06:59","guid":{"rendered":"https:\/\/www.duerodeporte.com\/?p=16086"},"modified":"2026-01-23T02:54:00","modified_gmt":"2026-01-23T01:54:00","slug":"javi-marquez-la-salida-de-pau-no-ha-sido-honesta-con-la-plantilla","status":"publish","type":"post","link":"https:\/\/www.duerodeporte.com\/index.php\/archivos\/16086","title":{"rendered":"Javi M\u00e1rquez: \u00abLa salida de Pau no ha sido honesta con la plantilla\u00bb"},"content":{"rendered":"\n<h2 class=\"wp-block-heading\">El entrenador manchego del Villa de Aranda ofrece su opini\u00f3n ante la salida del portero catal\u00e1n y apunta que \u00abno lo esper\u00e1bamos\u00bb al tiempo que destaca: \u00ablo m\u00e1s importante es quien se queda\u00bb. A cerca del nuevo portero apunta que \u00aba\u00fan no est\u00e1 cerrado\u00bb y sobre el lateral derecho serbio Jovic destaca que \u00abes vers\u00e1til y nos va ayudar en una posici\u00f3n en la que est\u00e1bamos cojos\u00bb<\/h2>\n\n\n\n<p>La primera versi\u00f3n oficial desde el propio <strong><a href=\"https:\/\/www.bmvilladearanda.com\/\" type=\"link\" id=\"https:\/\/www.bmvilladearanda.com\/\">Villa Aranda<\/a><\/strong> tras la marcha del portero catal\u00e1n <strong><a href=\"https:\/\/www.instagram.com\/pau_guitart\/?hl=es\" type=\"link\" id=\"https:\/\/www.instagram.com\/pau_guitart\/?hl=es\">Pau Guitart<\/a><\/strong> la ha ofrecido este jueves el entrenador, <strong><a href=\"https:\/\/www.instagram.com\/fjaviermarquez\/?hl=es\" type=\"link\" id=\"https:\/\/www.instagram.com\/fjaviermarquez\/?hl=es\">Javi M\u00e1rquez<\/a><\/strong>, durante la rueda de prensa previa a la participaci\u00f3n del equipo en la <strong><a href=\"https:\/\/fcylbm.es\/blog\/2026\/01\/15\/presentada-la-viii-copa-castilla-y-leon-para-equipos-masculinos\/\" type=\"link\" id=\"https:\/\/fcylbm.es\/blog\/2026\/01\/15\/presentada-la-viii-copa-castilla-y-leon-para-equipos-masculinos\/\">Copa de Castilla y Le\u00f3n<\/a><\/strong> en Astorga.<\/p>\n\n\n\n<figure class=\"wp-block-image size-large\"><img loading=\"lazy\" decoding=\"async\" width=\"1024\" height=\"234\" src=\"https:\/\/www.duerodeporte.com\/wp-content\/uploads\/2025\/07\/LaVilla-1024x234.jpeg\" alt=\"\" class=\"wp-image-12898\" srcset=\"https:\/\/www.duerodeporte.com\/wp-content\/uploads\/2025\/07\/LaVilla-1024x234.jpeg 1024w, https:\/\/www.duerodeporte.com\/wp-content\/uploads\/2025\/07\/LaVilla-300x68.jpeg 300w, https:\/\/www.duerodeporte.com\/wp-content\/uploads\/2025\/07\/LaVilla-768x175.jpeg 768w, https:\/\/www.duerodeporte.com\/wp-content\/uploads\/2025\/07\/LaVilla-1536x350.jpeg 1536w, https:\/\/www.duerodeporte.com\/wp-content\/uploads\/2025\/07\/LaVilla-696x159.jpeg 696w, https:\/\/www.duerodeporte.com\/wp-content\/uploads\/2025\/07\/LaVilla-1068x244.jpeg 1068w, https:\/\/www.duerodeporte.com\/wp-content\/uploads\/2025\/07\/LaVilla.jpeg 1600w\" sizes=\"auto, (max-width: 1024px) 100vw, 1024px\" \/><\/figure>\n\n\n\n<p>El entrenador manchego ha dado su versi\u00f3n sobre los \u00faltimos acontecimientos respecto a la situaci\u00f3n del jugador y ha querido destacar dos aspectos fundamentales. Primero ha querido dejar claro que <strong>\u00abhay que pasar p\u00e1gina\u00bb <\/strong>porque <strong>\u00ablo importante es quien se queda\u00bb<\/strong>. Y en segundo lugar ha destacado que \u00abPau ya hab\u00eda intentado salir&#8230; <strong>creo que \u00e9l ten\u00eda claro que quer\u00eda marcharse este a\u00f1o y es algo que ha acabado ejecutando<\/strong>\u00ab.<\/p>\n\n\n\n<p>La salida del portero que fue nombrado jugador revelaci\u00f3n de la pasada temporada en Liga ASOBAL conlleva para el club \u00abun problema\u00bb, en palabras de M\u00e1rquez. El entrenador ha sido tajante manifestando que: <strong>\u00abPau ha tomado una decisi\u00f3n individual\u00bb<\/strong> que <strong>\u00abno ha sido la decisi\u00f3n m\u00e1s honesta con la plantilla\u00bb<\/strong>.<\/p>\n\n\n\n<figure class=\"wp-block-embed is-type-rich is-provider-twitter wp-block-embed-twitter\"><div class=\"wp-block-embed__wrapper\">\n<blockquote class=\"twitter-tweet\" data-width=\"550\" data-dnt=\"true\"><p lang=\"es\" dir=\"ltr\">\ud83d\udfe0 BALONMANO<br><br>\ud83e\udd3e\ud83c\udffb\u200d\u2642\ufe0f El entrenador de <a href=\"https:\/\/twitter.com\/hashtag\/TubosAranda?src=hash&amp;ref_src=twsrc%5Etfw\">#TubosAranda<\/a> <a href=\"https:\/\/twitter.com\/bmvillaaranda?ref_src=twsrc%5Etfw\">@bmvillaaranda<\/a>, <a href=\"https:\/\/twitter.com\/fcjaviermarquez?ref_src=twsrc%5Etfw\">@fcjaviermarquez<\/a>, hablado sobre la reciente salida del equipo de <a href=\"https:\/\/twitter.com\/PGuitart1?ref_src=twsrc%5Etfw\">@PGuitart1<\/a> <br><br>\ud83d\udde3\ufe0f &quot;Todo este asunto ha sido una locura&#8230; <a href=\"https:\/\/twitter.com\/PGuitart1?ref_src=twsrc%5Etfw\">@PGuitart1<\/a> toma una decisi\u00f3n individual y creo que no ha sido la decisi\u00f3n m\u00e1s honesta con la\u2026 <a href=\"https:\/\/t.co\/5dR697kmjs\">pic.twitter.com\/5dR697kmjs<\/a><\/p>&mdash; Diego A. Mart\u00edn (duerodeporte.com) (@Diegoamartin13) <a href=\"https:\/\/twitter.com\/Diegoamartin13\/status\/2014423549717418343?ref_src=twsrc%5Etfw\">January 22, 2026<\/a><\/blockquote><script async src=\"https:\/\/platform.twitter.com\/widgets.js\" charset=\"utf-8\"><\/script>\n<\/div><\/figure>\n\n\n<div class=\"wp-block-image\">\n<figure class=\"aligncenter size-large\"><a href=\"https:\/\/whatsapp.com\/channel\/0029VaKr9Jr5kg76tHjXkZ2b\"><img loading=\"lazy\" decoding=\"async\" width=\"1024\" height=\"80\" src=\"https:\/\/www.duerodeporte.com\/wp-content\/uploads\/2024\/06\/2-2-1024x80.png\" alt=\"\" class=\"wp-image-3887\" srcset=\"https:\/\/www.duerodeporte.com\/wp-content\/uploads\/2024\/06\/2-2-1024x80.png 1024w, https:\/\/www.duerodeporte.com\/wp-content\/uploads\/2024\/06\/2-2-300x23.png 300w, https:\/\/www.duerodeporte.com\/wp-content\/uploads\/2024\/06\/2-2-768x60.png 768w, https:\/\/www.duerodeporte.com\/wp-content\/uploads\/2024\/06\/2-2-1536x120.png 1536w, https:\/\/www.duerodeporte.com\/wp-content\/uploads\/2024\/06\/2-2-696x54.png 696w, https:\/\/www.duerodeporte.com\/wp-content\/uploads\/2024\/06\/2-2-1068x83.png 1068w, https:\/\/www.duerodeporte.com\/wp-content\/uploads\/2024\/06\/2-2.png 1920w\" sizes=\"auto, (max-width: 1024px) 100vw, 1024px\" \/><\/a><\/figure>\n<\/div>\n\n\n<p>Del mismo modo, y mirando hacia el futuro de la entidad, M\u00e1rquez tambi\u00e9n ha querido dejar un mensaje claro sobre la idiosincrasia del Villa de Aranda. <strong>\u00abLa esencia de este club es su afici\u00f3n, su estructura y el sentimiento de balonmano que hay en Aranda<\/strong>. Seguro que va a haber jugadores y entrenadores que pasemos, pero lo importante es el sentimiento que hay en la ciudad y <strong>eso no podemos obviar\u00bb<\/strong>, ha sentenciado.<\/p>\n\n\n\n<h2 class=\"wp-block-heading\">Los refuerzos que llegan<\/h2>\n\n\n\n<p>Por otro lado, M\u00e1rquez ha valorado el mercado en el que el club ha firmado, tras anunciarlo de manera oficial, al lateral derecho <strong>Jovic<\/strong>. <strong>\u00abNos va a ayudar por su versatilidad en una posici\u00f3n en la que est\u00e1bamos cojos\u00bb<\/strong>, ha destacado.<\/p>\n\n\n\n<p>Mientras, sobre la incorporaci\u00f3n del <a href=\"https:\/\/www.duerodeporte.com\/index.php\/archivos\/16030\" type=\"link\" id=\"https:\/\/www.duerodeporte.com\/index.php\/archivos\/16030\">portero brasile\u00f1o que puso sobre la mesa DUERO Deporte, Lucas Pereira<\/a>, ha afirmado que <strong>\u00aba\u00fan no hay nada cerrado\u00bb<\/strong> y ha desvelado que<strong> \u00abquiz\u00e1s puede que venga otro portero m\u00e1s\u00bb<\/strong>.<\/p>\n","protected":false},"excerpt":{"rendered":"<p>El entrenador manchego del Villa de Aranda ofrece su opini\u00f3n ante la salida del portero catal\u00e1n y apunta que \u00abno lo esper\u00e1bamos\u00bb al tiempo que destaca: \u00ablo m\u00e1s importante es [&hellip;]<\/p>\n","protected":false},"author":3,"featured_media":16088,"comment_status":"open","ping_status":"open","sticky":false,"template":"","format":"standard","meta":{"footnotes":""},"categories":[18,15],"tags":[43,177,27,258,864,40,83,28],"class_list":["post-16086","post","type-post","status-publish","format-standard","has-post-thumbnail","category-balonmano","category-portada","tag-aranda-de-duero","tag-asobal","tag-balonmano","tag-javi-marquez","tag-pau-guitart","tag-rfebm","tag-tierras-del-duero","tag-villa-de-aranda"],"yoast_head":"<!-- This site is optimized with the Yoast SEO plugin v27.5 - https:\/\/yoast.com\/product\/yoast-seo-wordpress\/ -->\r\n<title>Javi M\u00e1rquez: &quot;La salida de Pau no ha sido honesta con la plantilla&quot;<\/title>\r\n<meta name=\"description\" content=\"El Deporte de Aranda y las tierras del Duero\" \/>\r\n<meta name=\"robots\" content=\"index, follow, max-snippet:-1, max-image-preview:large, max-video-preview:-1\" \/>\r\n<link rel=\"canonical\" href=\"https:\/\/www.duerodeporte.com\/index.php\/archivos\/16086\" \/>\r\n<meta property=\"og:locale\" content=\"es_ES\" \/>\r\n<meta property=\"og:type\" content=\"article\" \/>\r\n<meta property=\"og:title\" content=\"Javi M\u00e1rquez: &quot;La salida de Pau no ha sido honesta con la plantilla&quot;\" \/>\r\n<meta property=\"og:description\" content=\"El Deporte de Aranda y las tierras del Duero\" \/>\r\n<meta property=\"og:url\" content=\"https:\/\/www.duerodeporte.com\/index.php\/archivos\/16086\" \/>\r\n<meta property=\"og:site_name\" content=\"Duero Deporte\" \/>\r\n<meta property=\"article:publisher\" content=\"https:\/\/www.facebook.com\/61555928375028\" \/>\r\n<meta property=\"article:published_time\" content=\"2026-01-22T20:06:59+00:00\" \/>\r\n<meta property=\"article:modified_time\" content=\"2026-01-23T01:54:00+00:00\" \/>\r\n<meta property=\"og:image\" content=\"https:\/\/www.duerodeporte.com\/wp-content\/uploads\/2026\/01\/javi-marquez-pau.jpg\" \/>\r\n\t<meta property=\"og:image:width\" content=\"1492\" \/>\r\n\t<meta property=\"og:image:height\" content=\"767\" \/>\r\n\t<meta property=\"og:image:type\" content=\"image\/jpeg\" \/>\r\n<meta name=\"author\" content=\"Diego A. Mart\u00edn\" \/>\r\n<meta name=\"twitter:card\" content=\"summary_large_image\" \/>\r\n<meta name=\"twitter:creator\" content=\"@Diegoamartin13\" \/>\r\n<meta name=\"twitter:site\" content=\"@Diegoamartin13\" \/>\r\n<meta name=\"twitter:label1\" content=\"Escrito por\" \/>\n\t<meta name=\"twitter:data1\" content=\"Diego A. Mart\u00edn\" \/>\n\t<meta name=\"twitter:label2\" content=\"Tiempo de lectura\" \/>\n\t<meta name=\"twitter:data2\" content=\"3 minutos\" \/>\r\n<script type=\"application\/ld+json\" class=\"yoast-schema-graph\">{\"@context\":\"https:\\\/\\\/schema.org\",\"@graph\":[{\"@type\":[\"Article\",\"SocialMediaPosting\"],\"@id\":\"https:\\\/\\\/www.duerodeporte.com\\\/index.php\\\/archivos\\\/16086#article\",\"isPartOf\":{\"@id\":\"https:\\\/\\\/www.duerodeporte.com\\\/index.php\\\/archivos\\\/16086\"},\"author\":{\"name\":\"Diego A. Mart\u00edn\",\"@id\":\"https:\\\/\\\/www.duerodeporte.com\\\/#\\\/schema\\\/person\\\/5f3368966f635b5ae0d23ffaf7a7f894\"},\"headline\":\"Javi M\u00e1rquez: \u00abLa salida de Pau no ha sido honesta con la plantilla\u00bb\",\"datePublished\":\"2026-01-22T20:06:59+00:00\",\"dateModified\":\"2026-01-23T01:54:00+00:00\",\"mainEntityOfPage\":{\"@id\":\"https:\\\/\\\/www.duerodeporte.com\\\/index.php\\\/archivos\\\/16086\"},\"wordCount\":442,\"commentCount\":0,\"publisher\":{\"@id\":\"https:\\\/\\\/www.duerodeporte.com\\\/#organization\"},\"image\":{\"@id\":\"https:\\\/\\\/www.duerodeporte.com\\\/index.php\\\/archivos\\\/16086#primaryimage\"},\"thumbnailUrl\":\"https:\\\/\\\/www.duerodeporte.com\\\/wp-content\\\/uploads\\\/2026\\\/01\\\/javi-marquez-pau.jpg\",\"keywords\":[\"aranda de duero\",\"Asobal\",\"balonmano\",\"Javi M\u00e1rquez\",\"Pau Guitart\",\"Rfebm\",\"tierras del duero\",\"Villa de Aranda\"],\"articleSection\":[\"BALONMANO\",\"z_PORTADA\"],\"inLanguage\":\"es\",\"potentialAction\":[{\"@type\":\"CommentAction\",\"name\":\"Comment\",\"target\":[\"https:\\\/\\\/www.duerodeporte.com\\\/index.php\\\/archivos\\\/16086#respond\"]}]},{\"@type\":[\"WebPage\",\"ItemPage\"],\"@id\":\"https:\\\/\\\/www.duerodeporte.com\\\/index.php\\\/archivos\\\/16086\",\"url\":\"https:\\\/\\\/www.duerodeporte.com\\\/index.php\\\/archivos\\\/16086\",\"name\":\"Javi M\u00e1rquez: \\\"La salida de Pau no ha sido honesta con la plantilla\\\"\",\"isPartOf\":{\"@id\":\"https:\\\/\\\/www.duerodeporte.com\\\/#website\"},\"primaryImageOfPage\":{\"@id\":\"https:\\\/\\\/www.duerodeporte.com\\\/index.php\\\/archivos\\\/16086#primaryimage\"},\"image\":{\"@id\":\"https:\\\/\\\/www.duerodeporte.com\\\/index.php\\\/archivos\\\/16086#primaryimage\"},\"thumbnailUrl\":\"https:\\\/\\\/www.duerodeporte.com\\\/wp-content\\\/uploads\\\/2026\\\/01\\\/javi-marquez-pau.jpg\",\"datePublished\":\"2026-01-22T20:06:59+00:00\",\"dateModified\":\"2026-01-23T01:54:00+00:00\",\"description\":\"El Deporte de Aranda y las tierras del Duero\",\"breadcrumb\":{\"@id\":\"https:\\\/\\\/www.duerodeporte.com\\\/index.php\\\/archivos\\\/16086#breadcrumb\"},\"inLanguage\":\"es\",\"potentialAction\":[{\"@type\":\"ReadAction\",\"target\":[\"https:\\\/\\\/www.duerodeporte.com\\\/index.php\\\/archivos\\\/16086\"]}]},{\"@type\":\"ImageObject\",\"inLanguage\":\"es\",\"@id\":\"https:\\\/\\\/www.duerodeporte.com\\\/index.php\\\/archivos\\\/16086#primaryimage\",\"url\":\"https:\\\/\\\/www.duerodeporte.com\\\/wp-content\\\/uploads\\\/2026\\\/01\\\/javi-marquez-pau.jpg\",\"contentUrl\":\"https:\\\/\\\/www.duerodeporte.com\\\/wp-content\\\/uploads\\\/2026\\\/01\\\/javi-marquez-pau.jpg\",\"width\":1492,\"height\":767,\"caption\":\"El entrenador del Villa de Aranda, Javi M\u00e1rquez, en la sala de prensa del Santiago Mangu\u00e1n. \\\/ DUERO Deporte\"},{\"@type\":\"BreadcrumbList\",\"@id\":\"https:\\\/\\\/www.duerodeporte.com\\\/index.php\\\/archivos\\\/16086#breadcrumb\",\"itemListElement\":[{\"@type\":\"ListItem\",\"position\":1,\"name\":\"Portada\",\"item\":\"https:\\\/\\\/www.duerodeporte.com\\\/\"},{\"@type\":\"ListItem\",\"position\":2,\"name\":\"Javi M\u00e1rquez: \u00abLa salida de Pau no ha sido honesta con la plantilla\u00bb\"}]},{\"@type\":\"WebSite\",\"@id\":\"https:\\\/\\\/www.duerodeporte.com\\\/#website\",\"url\":\"https:\\\/\\\/www.duerodeporte.com\\\/\",\"name\":\"Duero Deporte\",\"description\":\"El Deporte de Aranda y las tierras del Duero\",\"publisher\":{\"@id\":\"https:\\\/\\\/www.duerodeporte.com\\\/#organization\"},\"alternateName\":\"El Deporte de Aranda y las tierras del Duero\",\"potentialAction\":[{\"@type\":\"SearchAction\",\"target\":{\"@type\":\"EntryPoint\",\"urlTemplate\":\"https:\\\/\\\/www.duerodeporte.com\\\/?s={search_term_string}\"},\"query-input\":{\"@type\":\"PropertyValueSpecification\",\"valueRequired\":true,\"valueName\":\"search_term_string\"}}],\"inLanguage\":\"es\"},{\"@type\":\"Organization\",\"@id\":\"https:\\\/\\\/www.duerodeporte.com\\\/#organization\",\"name\":\"Duero Deporte\",\"alternateName\":\"El Deporte de Aranda y las tierras del Duero\",\"url\":\"https:\\\/\\\/www.duerodeporte.com\\\/\",\"logo\":{\"@type\":\"ImageObject\",\"inLanguage\":\"es\",\"@id\":\"https:\\\/\\\/www.duerodeporte.com\\\/#\\\/schema\\\/logo\\\/image\\\/\",\"url\":\"https:\\\/\\\/www.duerodeporte.com\\\/wp-content\\\/uploads\\\/2023\\\/11\\\/A.ColorSinFondo-e1708011627555.png\",\"contentUrl\":\"https:\\\/\\\/www.duerodeporte.com\\\/wp-content\\\/uploads\\\/2023\\\/11\\\/A.ColorSinFondo-e1708011627555.png\",\"width\":750,\"height\":132,\"caption\":\"Duero Deporte\"},\"image\":{\"@id\":\"https:\\\/\\\/www.duerodeporte.com\\\/#\\\/schema\\\/logo\\\/image\\\/\"},\"sameAs\":[\"https:\\\/\\\/www.facebook.com\\\/61555928375028\",\"https:\\\/\\\/x.com\\\/Diegoamartin13\",\"https:\\\/\\\/www.youtube.com\\\/channel\\\/UCxIGQL8b9gmW-NjaChabCdA\"]},{\"@type\":\"Person\",\"@id\":\"https:\\\/\\\/www.duerodeporte.com\\\/#\\\/schema\\\/person\\\/5f3368966f635b5ae0d23ffaf7a7f894\",\"name\":\"Diego A. Mart\u00edn\",\"image\":{\"@type\":\"ImageObject\",\"inLanguage\":\"es\",\"@id\":\"https:\\\/\\\/www.duerodeporte.com\\\/wp-content\\\/uploads\\\/2024\\\/01\\\/Diego2-e1706522808572-150x150.jpeg\",\"url\":\"https:\\\/\\\/www.duerodeporte.com\\\/wp-content\\\/uploads\\\/2024\\\/01\\\/Diego2-e1706522808572-150x150.jpeg\",\"contentUrl\":\"https:\\\/\\\/www.duerodeporte.com\\\/wp-content\\\/uploads\\\/2024\\\/01\\\/Diego2-e1706522808572-150x150.jpeg\",\"caption\":\"Diego A. Mart\u00edn\"},\"url\":\"https:\\\/\\\/www.duerodeporte.com\\\/index.php\\\/archivos\\\/author\\\/diego\"}]}<\/script>\r\n<!-- \/ Yoast SEO plugin. -->","yoast_head_json":{"title":"Javi M\u00e1rquez: \"La salida de Pau no ha sido honesta con la plantilla\"","description":"El Deporte de Aranda y las tierras del Duero","robots":{"index":"index","follow":"follow","max-snippet":"max-snippet:-1","max-image-preview":"max-image-preview:large","max-video-preview":"max-video-preview:-1"},"canonical":"https:\/\/www.duerodeporte.com\/index.php\/archivos\/16086","og_locale":"es_ES","og_type":"article","og_title":"Javi M\u00e1rquez: \"La salida de Pau no ha sido honesta con la plantilla\"","og_description":"El Deporte de Aranda y las tierras del Duero","og_url":"https:\/\/www.duerodeporte.com\/index.php\/archivos\/16086","og_site_name":"Duero Deporte","article_publisher":"https:\/\/www.facebook.com\/61555928375028","article_published_time":"2026-01-22T20:06:59+00:00","article_modified_time":"2026-01-23T01:54:00+00:00","og_image":[{"width":1492,"height":767,"url":"https:\/\/www.duerodeporte.com\/wp-content\/uploads\/2026\/01\/javi-marquez-pau.jpg","type":"image\/jpeg"}],"author":"Diego A. Mart\u00edn","twitter_card":"summary_large_image","twitter_creator":"@Diegoamartin13","twitter_site":"@Diegoamartin13","twitter_misc":{"Escrito por":"Diego A. Mart\u00edn","Tiempo de lectura":"3 minutos"},"schema":{"@context":"https:\/\/schema.org","@graph":[{"@type":["Article","SocialMediaPosting"],"@id":"https:\/\/www.duerodeporte.com\/index.php\/archivos\/16086#article","isPartOf":{"@id":"https:\/\/www.duerodeporte.com\/index.php\/archivos\/16086"},"author":{"name":"Diego A. Mart\u00edn","@id":"https:\/\/www.duerodeporte.com\/#\/schema\/person\/5f3368966f635b5ae0d23ffaf7a7f894"},"headline":"Javi M\u00e1rquez: \u00abLa salida de Pau no ha sido honesta con la plantilla\u00bb","datePublished":"2026-01-22T20:06:59+00:00","dateModified":"2026-01-23T01:54:00+00:00","mainEntityOfPage":{"@id":"https:\/\/www.duerodeporte.com\/index.php\/archivos\/16086"},"wordCount":442,"commentCount":0,"publisher":{"@id":"https:\/\/www.duerodeporte.com\/#organization"},"image":{"@id":"https:\/\/www.duerodeporte.com\/index.php\/archivos\/16086#primaryimage"},"thumbnailUrl":"https:\/\/www.duerodeporte.com\/wp-content\/uploads\/2026\/01\/javi-marquez-pau.jpg","keywords":["aranda de duero","Asobal","balonmano","Javi M\u00e1rquez","Pau Guitart","Rfebm","tierras del duero","Villa de Aranda"],"articleSection":["BALONMANO","z_PORTADA"],"inLanguage":"es","potentialAction":[{"@type":"CommentAction","name":"Comment","target":["https:\/\/www.duerodeporte.com\/index.php\/archivos\/16086#respond"]}]},{"@type":["WebPage","ItemPage"],"@id":"https:\/\/www.duerodeporte.com\/index.php\/archivos\/16086","url":"https:\/\/www.duerodeporte.com\/index.php\/archivos\/16086","name":"Javi M\u00e1rquez: \"La salida de Pau no ha sido honesta con la plantilla\"","isPartOf":{"@id":"https:\/\/www.duerodeporte.com\/#website"},"primaryImageOfPage":{"@id":"https:\/\/www.duerodeporte.com\/index.php\/archivos\/16086#primaryimage"},"image":{"@id":"https:\/\/www.duerodeporte.com\/index.php\/archivos\/16086#primaryimage"},"thumbnailUrl":"https:\/\/www.duerodeporte.com\/wp-content\/uploads\/2026\/01\/javi-marquez-pau.jpg","datePublished":"2026-01-22T20:06:59+00:00","dateModified":"2026-01-23T01:54:00+00:00","description":"El Deporte de Aranda y las tierras del Duero","breadcrumb":{"@id":"https:\/\/www.duerodeporte.com\/index.php\/archivos\/16086#breadcrumb"},"inLanguage":"es","potentialAction":[{"@type":"ReadAction","target":["https:\/\/www.duerodeporte.com\/index.php\/archivos\/16086"]}]},{"@type":"ImageObject","inLanguage":"es","@id":"https:\/\/www.duerodeporte.com\/index.php\/archivos\/16086#primaryimage","url":"https:\/\/www.duerodeporte.com\/wp-content\/uploads\/2026\/01\/javi-marquez-pau.jpg","contentUrl":"https:\/\/www.duerodeporte.com\/wp-content\/uploads\/2026\/01\/javi-marquez-pau.jpg","width":1492,"height":767,"caption":"El entrenador del Villa de Aranda, Javi M\u00e1rquez, en la sala de prensa del Santiago Mangu\u00e1n. \/ DUERO Deporte"},{"@type":"BreadcrumbList","@id":"https:\/\/www.duerodeporte.com\/index.php\/archivos\/16086#breadcrumb","itemListElement":[{"@type":"ListItem","position":1,"name":"Portada","item":"https:\/\/www.duerodeporte.com\/"},{"@type":"ListItem","position":2,"name":"Javi M\u00e1rquez: \u00abLa salida de Pau no ha sido honesta con la plantilla\u00bb"}]},{"@type":"WebSite","@id":"https:\/\/www.duerodeporte.com\/#website","url":"https:\/\/www.duerodeporte.com\/","name":"Duero Deporte","description":"El Deporte de Aranda y las tierras del Duero","publisher":{"@id":"https:\/\/www.duerodeporte.com\/#organization"},"alternateName":"El Deporte de Aranda y las tierras del Duero","potentialAction":[{"@type":"SearchAction","target":{"@type":"EntryPoint","urlTemplate":"https:\/\/www.duerodeporte.com\/?s={search_term_string}"},"query-input":{"@type":"PropertyValueSpecification","valueRequired":true,"valueName":"search_term_string"}}],"inLanguage":"es"},{"@type":"Organization","@id":"https:\/\/www.duerodeporte.com\/#organization","name":"Duero Deporte","alternateName":"El Deporte de Aranda y las tierras del Duero","url":"https:\/\/www.duerodeporte.com\/","logo":{"@type":"ImageObject","inLanguage":"es","@id":"https:\/\/www.duerodeporte.com\/#\/schema\/logo\/image\/","url":"https:\/\/www.duerodeporte.com\/wp-content\/uploads\/2023\/11\/A.ColorSinFondo-e1708011627555.png","contentUrl":"https:\/\/www.duerodeporte.com\/wp-content\/uploads\/2023\/11\/A.ColorSinFondo-e1708011627555.png","width":750,"height":132,"caption":"Duero Deporte"},"image":{"@id":"https:\/\/www.duerodeporte.com\/#\/schema\/logo\/image\/"},"sameAs":["https:\/\/www.facebook.com\/61555928375028","https:\/\/x.com\/Diegoamartin13","https:\/\/www.youtube.com\/channel\/UCxIGQL8b9gmW-NjaChabCdA"]},{"@type":"Person","@id":"https:\/\/www.duerodeporte.com\/#\/schema\/person\/5f3368966f635b5ae0d23ffaf7a7f894","name":"Diego A. Mart\u00edn","image":{"@type":"ImageObject","inLanguage":"es","@id":"https:\/\/www.duerodeporte.com\/wp-content\/uploads\/2024\/01\/Diego2-e1706522808572-150x150.jpeg","url":"https:\/\/www.duerodeporte.com\/wp-content\/uploads\/2024\/01\/Diego2-e1706522808572-150x150.jpeg","contentUrl":"https:\/\/www.duerodeporte.com\/wp-content\/uploads\/2024\/01\/Diego2-e1706522808572-150x150.jpeg","caption":"Diego A. Mart\u00edn"},"url":"https:\/\/www.duerodeporte.com\/index.php\/archivos\/author\/diego"}]}},"views":985,"_links":{"self":[{"href":"https:\/\/www.duerodeporte.com\/index.php\/wp-json\/wp\/v2\/posts\/16086","targetHints":{"allow":["GET"]}}],"collection":[{"href":"https:\/\/www.duerodeporte.com\/index.php\/wp-json\/wp\/v2\/posts"}],"about":[{"href":"https:\/\/www.duerodeporte.com\/index.php\/wp-json\/wp\/v2\/types\/post"}],"author":[{"embeddable":true,"href":"https:\/\/www.duerodeporte.com\/index.php\/wp-json\/wp\/v2\/users\/3"}],"replies":[{"embeddable":true,"href":"https:\/\/www.duerodeporte.com\/index.php\/wp-json\/wp\/v2\/comments?post=16086"}],"version-history":[{"count":2,"href":"https:\/\/www.duerodeporte.com\/index.php\/wp-json\/wp\/v2\/posts\/16086\/revisions"}],"predecessor-version":[{"id":16089,"href":"https:\/\/www.duerodeporte.com\/index.php\/wp-json\/wp\/v2\/posts\/16086\/revisions\/16089"}],"wp:featuredmedia":[{"embeddable":true,"href":"https:\/\/www.duerodeporte.com\/index.php\/wp-json\/wp\/v2\/media\/16088"}],"wp:attachment":[{"href":"https:\/\/www.duerodeporte.com\/index.php\/wp-json\/wp\/v2\/media?parent=16086"}],"wp:term":[{"taxonomy":"category","embeddable":true,"href":"https:\/\/www.duerodeporte.com\/index.php\/wp-json\/wp\/v2\/categories?post=16086"},{"taxonomy":"post_tag","embeddable":true,"href":"https:\/\/www.duerodeporte.com\/index.php\/wp-json\/wp\/v2\/tags?post=16086"}],"curies":[{"name":"wp","href":"https:\/\/api.w.org\/{rel}","templated":true}]}}