{"id":16108,"date":"2026-01-25T14:32:02","date_gmt":"2026-01-25T13:32:02","guid":{"rendered":"https:\/\/www.duerodeporte.com\/?p=16108"},"modified":"2026-01-25T16:31:35","modified_gmt":"2026-01-25T15:31:35","slug":"tubos-aranda-villa-de-aranda-subcampeon-de-la-copa-de-castilla-y-leon-37-30","status":"publish","type":"post","link":"https:\/\/www.duerodeporte.com\/index.php\/archivos\/16108","title":{"rendered":"Tubos Aranda Villa de Aranda, subcampe\u00f3n de la Copa de Castilla y Le\u00f3n (37-30)"},"content":{"rendered":"\n<h2 class=\"wp-block-heading\">Notable participaci\u00f3n de los amarillos en la VIII edici\u00f3n del torneo celebrado en Pabell\u00f3n Felipe Mi\u00f1ambres de Astorga. Tras eliminar a Valladolid en semifinales (32-37), los de Javi M\u00e1rquez tutearon por momentos en la final a un Ademar que acab\u00f3 llev\u00e1ndose el t\u00edtulo para Le\u00f3n (37-30)<\/h2>\n\n\n\n<p><strong>Subcampe\u00f3n<\/strong>. <strong><a href=\"https:\/\/www.bmvilladearanda.com\/\" type=\"link\" id=\"https:\/\/www.bmvilladearanda.com\/\">Tubos Aranda Villa de Aranda<\/a><\/strong> cierra su participaci\u00f3n en la VIII edici\u00f3n de la <strong><a href=\"https:\/\/fcylbm.es\/\" type=\"link\" id=\"https:\/\/fcylbm.es\/\">Copa de Castilla y Le\u00f3n<\/a> <\/strong>con un buen sabor de boca a pesar de la derrota ante <strong><a href=\"https:\/\/www.ademar.com\/\" type=\"link\" id=\"https:\/\/www.ademar.com\/\">Ademar Le\u00f3n <\/a><\/strong>en la final (<strong>37-30<\/strong>) pero tras superar a <strong>Atl\u00e9tico Valladolid<\/strong> (<strong>32-37<\/strong>) en las semifinales.<\/p>\n\n\n\n<figure class=\"wp-block-image size-large\"><img loading=\"lazy\" decoding=\"async\" width=\"1024\" height=\"234\" src=\"https:\/\/www.duerodeporte.com\/wp-content\/uploads\/2025\/07\/LaVilla-1024x234.jpeg\" alt=\"\" class=\"wp-image-12898\" srcset=\"https:\/\/www.duerodeporte.com\/wp-content\/uploads\/2025\/07\/LaVilla-1024x234.jpeg 1024w, https:\/\/www.duerodeporte.com\/wp-content\/uploads\/2025\/07\/LaVilla-300x68.jpeg 300w, https:\/\/www.duerodeporte.com\/wp-content\/uploads\/2025\/07\/LaVilla-768x175.jpeg 768w, https:\/\/www.duerodeporte.com\/wp-content\/uploads\/2025\/07\/LaVilla-1536x350.jpeg 1536w, https:\/\/www.duerodeporte.com\/wp-content\/uploads\/2025\/07\/LaVilla-696x159.jpeg 696w, https:\/\/www.duerodeporte.com\/wp-content\/uploads\/2025\/07\/LaVilla-1068x244.jpeg 1068w, https:\/\/www.duerodeporte.com\/wp-content\/uploads\/2025\/07\/LaVilla.jpeg 1600w\" sizes=\"auto, (max-width: 1024px) 100vw, 1024px\" \/><\/figure>\n\n\n\n<p>Dos exigentes test en esta participaci\u00f3n copera en una pretemporada invernal a la que a\u00fan le resta el duelo el duelo ante <strong>Bidasoa<\/strong>. Un per\u00edodo de preparaci\u00f3n que de momento deja un balance<strong> una victoria y dos derrotas <\/strong>-la otra sufrida ante <strong>Caser\u00edo <\/strong>el pasado fin de semana-.<\/p>\n\n\n\n<figure class=\"wp-block-embed is-type-rich is-provider-twitter wp-block-embed-twitter\"><div class=\"wp-block-embed__wrapper\">\n<blockquote class=\"twitter-tweet\" data-width=\"550\" data-dnt=\"true\"><p lang=\"es\" dir=\"ltr\">\ud83d\udfe0 BALONMANO<br><br>\ud83e\udd3e\ud83c\udffb\u200d\u2642\ufe0f FINAL&#8230; en el Pabell\u00f3n Felipe Mi\u00f1ambres con triunfo <a href=\"https:\/\/twitter.com\/hashtag\/amarillo?src=hash&amp;ref_src=twsrc%5Etfw\">#amarillo<\/a> y clasificaci\u00f3n a final <a href=\"https:\/\/twitter.com\/hashtag\/Copa?src=hash&amp;ref_src=twsrc%5Etfw\">#Copa<\/a> <a href=\"https:\/\/twitter.com\/FCYLBM?ref_src=twsrc%5Etfw\">@FCYLBM<\/a><br><br>\ud83d\udd34\ud83d\udfe1 <a href=\"https:\/\/twitter.com\/atlvalladolid?ref_src=twsrc%5Etfw\">@atlvalladolid<\/a> 3\ufe0f\u20e32\ufe0f\u20e3<br>\u26ab\ud83d\udfe1 <a href=\"https:\/\/twitter.com\/bmvillaaranda?ref_src=twsrc%5Etfw\">@bmvillaaranda<\/a> 3\ufe0f\u20e37\ufe0f\u20e3<br><br>\u25b6\ufe0f La escuadra de las Tierras del Duero muestra su dominio y espera a <a href=\"https:\/\/twitter.com\/BalonmanoNava?ref_src=twsrc%5Etfw\">@BalonmanoNava<\/a> o <a href=\"https:\/\/twitter.com\/ADEMARLEON?ref_src=twsrc%5Etfw\">@ADEMARLEON<\/a> <br><br>\ud83c\udfa6\u2026 <a href=\"https:\/\/t.co\/pPcQ26qyHN\">pic.twitter.com\/pPcQ26qyHN<\/a><\/p>&mdash; Diego A. Mart\u00edn (duerodeporte.com) (@Diegoamartin13) <a href=\"https:\/\/twitter.com\/Diegoamartin13\/status\/2015135018549403876?ref_src=twsrc%5Etfw\">January 24, 2026<\/a><\/blockquote><script async src=\"https:\/\/platform.twitter.com\/widgets.js\" charset=\"utf-8\"><\/script>\n<\/div><\/figure>\n\n\n\n<p>El desarrollo de la final mostr\u00f3 un gran Villa de Aranda durante <strong>buena parte de los primeros 30 minutos<\/strong> en el 40&#215;20 del Pabell\u00f3n Felipe Mi\u00f1ambres de Astorga. Los amarillos, que llegaban a la gran final <a href=\"https:\/\/x.com\/Diegoamartin13\/status\/2015135018549403876?s=20\" type=\"link\" id=\"https:\/\/x.com\/Diegoamartin13\/status\/2015135018549403876?s=20\">tras deshacerse de Valladolid en la jornadas del s\u00e1bado (32-37)<\/a> ten\u00edan ante s\u00ed la posibilidad de sorprender a los de Dani Gordo.<\/p>\n\n\n\n<p>Un Ademar que se hab\u00eda superado a Nava (38-30) para llegar a la final y que vieron como los de Javi M\u00e1rquez establec\u00edan <strong>renta de dos goles durante los diez primeros minutos<\/strong> (<strong>9-7<\/strong>) Un buen planteamiento al que poco a poco fueron respondiendo los ademaristas con varias igualadas Ademar (14-14) hasta cerrar el primer tiempo en ventaja (18-16) Tubos Aranda aguantaba para seguir sufriendo.<\/p>\n\n\n\n<h2 class=\"wp-block-heading\">Ademar acelera en la segunda parte <\/h2>\n\n\n\n<p>El arranque del segundo per\u00edodo mantuvo la incertidumbre en la lucha por el t\u00edtulo durante los diez primeros minutos con un Tubos Aranda Villa de Aranda valiente. As\u00ed, los de M\u00e1rquez ajustaron posiciones para establecer el <strong>21-20<\/strong>. Los amarillos quer\u00edan seguir creciendo en el partido y en su juego ante la solidez de la escuadra leonesa.<\/p>\n\n\n\n<p>Pero, la escuadra de Dani Gordo apret\u00f3 el acelerador para abrir diferencia de cuatro goles (<strong>24-20<\/strong>) Javi M\u00e1rquez solicit\u00f3<strong> tiempo muerto <\/strong>para reubicar a sus jugadores y demostrar el nivel competitivo de los amarillos y poder luchar por el t\u00edtulo. Por momentos, <strong>Villa de Aranda pareci\u00f3 meterse en el partido<\/strong>, pero la gran actuaci\u00f3n colectiva de los ademaristas evit\u00f3 la reacci\u00f3n arandina. <strong>La final se march\u00f3 del lado leon\u00e9s con el 31-26 en el \u00faltimo tramo<\/strong>, cerr\u00e1ndose finalmente con un <strong>37-30<\/strong> que dejaba el t\u00edtulo para los leoneses y el <strong>subcampeonato para los de las Tierras del Duero<\/strong>.<\/p>\n\n\n\n<figure class=\"wp-block-embed is-type-rich is-provider-twitter wp-block-embed-twitter\"><div class=\"wp-block-embed__wrapper\">\n<blockquote class=\"twitter-tweet\" data-width=\"550\" data-dnt=\"true\"><p lang=\"es\" dir=\"ltr\">\ud83d\udfe0 BALONMANO<br><br>\ud83e\udd3e\u200d\u2642\ufe0f FINAL&#8230; de la <a href=\"https:\/\/twitter.com\/hashtag\/Copa?src=hash&amp;ref_src=twsrc%5Etfw\">#Copa<\/a> <a href=\"https:\/\/twitter.com\/FCYLBM?ref_src=twsrc%5Etfw\">@FCYLBM<\/a> con derrota <a href=\"https:\/\/twitter.com\/hashtag\/amarilla?src=hash&amp;ref_src=twsrc%5Etfw\">#amarilla<\/a> en la final en Astorga<br><br>\u26aa\ufe0f\u26aa\ufe0f <a href=\"https:\/\/twitter.com\/ADEMARLEON?ref_src=twsrc%5Etfw\">@ADEMARLEON<\/a> 3\ufe0f\u20e37\ufe0f\u20e3<br>\ud83d\udfe1\ud83d\udd35 <a href=\"https:\/\/twitter.com\/bmvillaaranda?ref_src=twsrc%5Etfw\">@bmvillaaranda<\/a> 3\ufe0f\u20e30\ufe0f\u20e3<br><br>\u25b6\ufe0f La escuadra de las Tierras del Duero logra un subcampeonato valioso en la preparaci\u00f3n invernal<br><br>\ud83c\udfa5  <a href=\"https:\/\/twitter.com\/cyltv?ref_src=twsrc%5Etfw\">@cyltv<\/a><br><br>\ud83c\udfa6 <a href=\"https:\/\/t.co\/QxLvd9klfJ\">https:\/\/t.co\/QxLvd9klfJ<\/a> <a href=\"https:\/\/t.co\/FDiOVdT8pq\">pic.twitter.com\/FDiOVdT8pq<\/a><\/p>&mdash; Diego A. Mart\u00edn (duerodeporte.com) (@Diegoamartin13) <a href=\"https:\/\/twitter.com\/Diegoamartin13\/status\/2015416193822216615?ref_src=twsrc%5Etfw\">January 25, 2026<\/a><\/blockquote><script async src=\"https:\/\/platform.twitter.com\/widgets.js\" charset=\"utf-8\"><\/script>\n<\/div><\/figure>\n\n\n\n<p>Ahora tras la participaci\u00f3n en la Copa de Castilla y L\u00e9on, la escuadra amarilla regresa a las Tierras del Duero para descansar y comenzar a preparar durante la pr\u00f3xima semana, la \u00faltima prueba de la preparaci\u00f3n el pr\u00f3ximo <strong>s\u00e1bado <\/strong>(<strong>17:30 h<\/strong>) en <strong>O\u00f1ati <\/strong>ante <strong>Bidasoa Ir\u00fan<\/strong>.<\/p>\n","protected":false},"excerpt":{"rendered":"<p>Notable participaci\u00f3n de los amarillos en la VIII edici\u00f3n del torneo celebrado en Pabell\u00f3n Felipe Mi\u00f1ambres de Astorga. Tras eliminar a Valladolid en semifinales (32-37), los de Javi M\u00e1rquez tutearon [&hellip;]<\/p>\n","protected":false},"author":3,"featured_media":16114,"comment_status":"open","ping_status":"open","sticky":false,"template":"","format":"standard","meta":{"footnotes":""},"categories":[18,15],"tags":[788,43,177,561,27,550,40,28],"class_list":["post-16108","post","type-post","status-publish","format-standard","has-post-thumbnail","category-balonmano","category-portada","tag-ademar-leon","tag-aranda-de-duero","tag-asobal","tag-astorga","tag-balonmano","tag-copa-castilla-y-leon","tag-rfebm","tag-villa-de-aranda"],"yoast_head":"<!-- This site is optimized with the Yoast SEO plugin v27.5 - https:\/\/yoast.com\/product\/yoast-seo-wordpress\/ -->\r\n<title>Tubos Aranda Villa de Aranda, subcampe\u00f3n de la Copa de Castilla y Le\u00f3n (37-30)<\/title>\r\n<meta name=\"description\" content=\"El Deporte de Aranda y las tierras del Duero\" \/>\r\n<meta name=\"robots\" content=\"index, follow, max-snippet:-1, max-image-preview:large, max-video-preview:-1\" \/>\r\n<link rel=\"canonical\" href=\"https:\/\/www.duerodeporte.com\/index.php\/archivos\/16108\" \/>\r\n<meta property=\"og:locale\" content=\"es_ES\" \/>\r\n<meta property=\"og:type\" content=\"article\" \/>\r\n<meta property=\"og:title\" content=\"Tubos Aranda Villa de Aranda, subcampe\u00f3n de la Copa de Castilla y Le\u00f3n (37-30)\" \/>\r\n<meta property=\"og:description\" content=\"El Deporte de Aranda y las tierras del Duero\" \/>\r\n<meta property=\"og:url\" content=\"https:\/\/www.duerodeporte.com\/index.php\/archivos\/16108\" \/>\r\n<meta property=\"og:site_name\" content=\"Duero Deporte\" \/>\r\n<meta property=\"article:publisher\" content=\"https:\/\/www.facebook.com\/61555928375028\" \/>\r\n<meta property=\"article:published_time\" content=\"2026-01-25T13:32:02+00:00\" \/>\r\n<meta property=\"article:modified_time\" content=\"2026-01-25T15:31:35+00:00\" \/>\r\n<meta property=\"og:image\" content=\"https:\/\/www.duerodeporte.com\/wp-content\/uploads\/2026\/01\/G_gsh_iWoAAg3rK-scaled.jpg\" \/>\r\n\t<meta property=\"og:image:width\" content=\"2560\" \/>\r\n\t<meta property=\"og:image:height\" content=\"1673\" \/>\r\n\t<meta property=\"og:image:type\" content=\"image\/jpeg\" \/>\r\n<meta name=\"author\" content=\"Diego A. Mart\u00edn\" \/>\r\n<meta name=\"twitter:card\" content=\"summary_large_image\" \/>\r\n<meta name=\"twitter:creator\" content=\"@Diegoamartin13\" \/>\r\n<meta name=\"twitter:site\" content=\"@Diegoamartin13\" \/>\r\n<meta name=\"twitter:label1\" content=\"Escrito por\" \/>\n\t<meta name=\"twitter:data1\" content=\"Diego A. Mart\u00edn\" \/>\n\t<meta name=\"twitter:label2\" content=\"Tiempo de lectura\" \/>\n\t<meta name=\"twitter:data2\" content=\"3 minutos\" \/>\r\n<script type=\"application\/ld+json\" class=\"yoast-schema-graph\">{\"@context\":\"https:\\\/\\\/schema.org\",\"@graph\":[{\"@type\":[\"Article\",\"SocialMediaPosting\"],\"@id\":\"https:\\\/\\\/www.duerodeporte.com\\\/index.php\\\/archivos\\\/16108#article\",\"isPartOf\":{\"@id\":\"https:\\\/\\\/www.duerodeporte.com\\\/index.php\\\/archivos\\\/16108\"},\"author\":{\"name\":\"Diego A. Mart\u00edn\",\"@id\":\"https:\\\/\\\/www.duerodeporte.com\\\/#\\\/schema\\\/person\\\/5f3368966f635b5ae0d23ffaf7a7f894\"},\"headline\":\"Tubos Aranda Villa de Aranda, subcampe\u00f3n de la Copa de Castilla y Le\u00f3n (37-30)\",\"datePublished\":\"2026-01-25T13:32:02+00:00\",\"dateModified\":\"2026-01-25T15:31:35+00:00\",\"mainEntityOfPage\":{\"@id\":\"https:\\\/\\\/www.duerodeporte.com\\\/index.php\\\/archivos\\\/16108\"},\"wordCount\":541,\"commentCount\":0,\"publisher\":{\"@id\":\"https:\\\/\\\/www.duerodeporte.com\\\/#organization\"},\"image\":{\"@id\":\"https:\\\/\\\/www.duerodeporte.com\\\/index.php\\\/archivos\\\/16108#primaryimage\"},\"thumbnailUrl\":\"https:\\\/\\\/www.duerodeporte.com\\\/wp-content\\\/uploads\\\/2026\\\/01\\\/G_gsh_iWoAAg3rK-scaled.jpg\",\"keywords\":[\"Ademar Le\u00f3n\",\"aranda de duero\",\"Asobal\",\"Astorga\",\"balonmano\",\"Copa Castilla y Le\u00f3n\",\"Rfebm\",\"Villa de Aranda\"],\"articleSection\":[\"BALONMANO\",\"z_PORTADA\"],\"inLanguage\":\"es\",\"potentialAction\":[{\"@type\":\"CommentAction\",\"name\":\"Comment\",\"target\":[\"https:\\\/\\\/www.duerodeporte.com\\\/index.php\\\/archivos\\\/16108#respond\"]}]},{\"@type\":[\"WebPage\",\"ItemPage\"],\"@id\":\"https:\\\/\\\/www.duerodeporte.com\\\/index.php\\\/archivos\\\/16108\",\"url\":\"https:\\\/\\\/www.duerodeporte.com\\\/index.php\\\/archivos\\\/16108\",\"name\":\"Tubos Aranda Villa de Aranda, subcampe\u00f3n de la Copa de Castilla y Le\u00f3n (37-30)\",\"isPartOf\":{\"@id\":\"https:\\\/\\\/www.duerodeporte.com\\\/#website\"},\"primaryImageOfPage\":{\"@id\":\"https:\\\/\\\/www.duerodeporte.com\\\/index.php\\\/archivos\\\/16108#primaryimage\"},\"image\":{\"@id\":\"https:\\\/\\\/www.duerodeporte.com\\\/index.php\\\/archivos\\\/16108#primaryimage\"},\"thumbnailUrl\":\"https:\\\/\\\/www.duerodeporte.com\\\/wp-content\\\/uploads\\\/2026\\\/01\\\/G_gsh_iWoAAg3rK-scaled.jpg\",\"datePublished\":\"2026-01-25T13:32:02+00:00\",\"dateModified\":\"2026-01-25T15:31:35+00:00\",\"description\":\"El Deporte de Aranda y las tierras del Duero\",\"breadcrumb\":{\"@id\":\"https:\\\/\\\/www.duerodeporte.com\\\/index.php\\\/archivos\\\/16108#breadcrumb\"},\"inLanguage\":\"es\",\"potentialAction\":[{\"@type\":\"ReadAction\",\"target\":[\"https:\\\/\\\/www.duerodeporte.com\\\/index.php\\\/archivos\\\/16108\"]}]},{\"@type\":\"ImageObject\",\"inLanguage\":\"es\",\"@id\":\"https:\\\/\\\/www.duerodeporte.com\\\/index.php\\\/archivos\\\/16108#primaryimage\",\"url\":\"https:\\\/\\\/www.duerodeporte.com\\\/wp-content\\\/uploads\\\/2026\\\/01\\\/G_gsh_iWoAAg3rK-scaled.jpg\",\"contentUrl\":\"https:\\\/\\\/www.duerodeporte.com\\\/wp-content\\\/uploads\\\/2026\\\/01\\\/G_gsh_iWoAAg3rK-scaled.jpg\",\"width\":2560,\"height\":1673,\"caption\":\"El capit\u00e1n de Tubos Aranda Villa de Aranda, V\u00edctor Meg\u00edas, recibe el trofeo como subcampe\u00f3n de la Copa de Castilla y Le\u00f3n. \\\/ VDA\"},{\"@type\":\"BreadcrumbList\",\"@id\":\"https:\\\/\\\/www.duerodeporte.com\\\/index.php\\\/archivos\\\/16108#breadcrumb\",\"itemListElement\":[{\"@type\":\"ListItem\",\"position\":1,\"name\":\"Portada\",\"item\":\"https:\\\/\\\/www.duerodeporte.com\\\/\"},{\"@type\":\"ListItem\",\"position\":2,\"name\":\"Tubos Aranda Villa de Aranda, subcampe\u00f3n de la Copa de Castilla y Le\u00f3n (37-30)\"}]},{\"@type\":\"WebSite\",\"@id\":\"https:\\\/\\\/www.duerodeporte.com\\\/#website\",\"url\":\"https:\\\/\\\/www.duerodeporte.com\\\/\",\"name\":\"Duero Deporte\",\"description\":\"El Deporte de Aranda y las tierras del Duero\",\"publisher\":{\"@id\":\"https:\\\/\\\/www.duerodeporte.com\\\/#organization\"},\"alternateName\":\"El Deporte de Aranda y las tierras del Duero\",\"potentialAction\":[{\"@type\":\"SearchAction\",\"target\":{\"@type\":\"EntryPoint\",\"urlTemplate\":\"https:\\\/\\\/www.duerodeporte.com\\\/?s={search_term_string}\"},\"query-input\":{\"@type\":\"PropertyValueSpecification\",\"valueRequired\":true,\"valueName\":\"search_term_string\"}}],\"inLanguage\":\"es\"},{\"@type\":\"Organization\",\"@id\":\"https:\\\/\\\/www.duerodeporte.com\\\/#organization\",\"name\":\"Duero Deporte\",\"alternateName\":\"El Deporte de Aranda y las tierras del Duero\",\"url\":\"https:\\\/\\\/www.duerodeporte.com\\\/\",\"logo\":{\"@type\":\"ImageObject\",\"inLanguage\":\"es\",\"@id\":\"https:\\\/\\\/www.duerodeporte.com\\\/#\\\/schema\\\/logo\\\/image\\\/\",\"url\":\"https:\\\/\\\/www.duerodeporte.com\\\/wp-content\\\/uploads\\\/2023\\\/11\\\/A.ColorSinFondo-e1708011627555.png\",\"contentUrl\":\"https:\\\/\\\/www.duerodeporte.com\\\/wp-content\\\/uploads\\\/2023\\\/11\\\/A.ColorSinFondo-e1708011627555.png\",\"width\":750,\"height\":132,\"caption\":\"Duero Deporte\"},\"image\":{\"@id\":\"https:\\\/\\\/www.duerodeporte.com\\\/#\\\/schema\\\/logo\\\/image\\\/\"},\"sameAs\":[\"https:\\\/\\\/www.facebook.com\\\/61555928375028\",\"https:\\\/\\\/x.com\\\/Diegoamartin13\",\"https:\\\/\\\/www.youtube.com\\\/channel\\\/UCxIGQL8b9gmW-NjaChabCdA\"]},{\"@type\":\"Person\",\"@id\":\"https:\\\/\\\/www.duerodeporte.com\\\/#\\\/schema\\\/person\\\/5f3368966f635b5ae0d23ffaf7a7f894\",\"name\":\"Diego A. Mart\u00edn\",\"image\":{\"@type\":\"ImageObject\",\"inLanguage\":\"es\",\"@id\":\"https:\\\/\\\/www.duerodeporte.com\\\/wp-content\\\/uploads\\\/2024\\\/01\\\/Diego2-e1706522808572-150x150.jpeg\",\"url\":\"https:\\\/\\\/www.duerodeporte.com\\\/wp-content\\\/uploads\\\/2024\\\/01\\\/Diego2-e1706522808572-150x150.jpeg\",\"contentUrl\":\"https:\\\/\\\/www.duerodeporte.com\\\/wp-content\\\/uploads\\\/2024\\\/01\\\/Diego2-e1706522808572-150x150.jpeg\",\"caption\":\"Diego A. Mart\u00edn\"},\"url\":\"https:\\\/\\\/www.duerodeporte.com\\\/index.php\\\/archivos\\\/author\\\/diego\"}]}<\/script>\r\n<!-- \/ Yoast SEO plugin. -->","yoast_head_json":{"title":"Tubos Aranda Villa de Aranda, subcampe\u00f3n de la Copa de Castilla y Le\u00f3n (37-30)","description":"El Deporte de Aranda y las tierras del Duero","robots":{"index":"index","follow":"follow","max-snippet":"max-snippet:-1","max-image-preview":"max-image-preview:large","max-video-preview":"max-video-preview:-1"},"canonical":"https:\/\/www.duerodeporte.com\/index.php\/archivos\/16108","og_locale":"es_ES","og_type":"article","og_title":"Tubos Aranda Villa de Aranda, subcampe\u00f3n de la Copa de Castilla y Le\u00f3n (37-30)","og_description":"El Deporte de Aranda y las tierras del Duero","og_url":"https:\/\/www.duerodeporte.com\/index.php\/archivos\/16108","og_site_name":"Duero Deporte","article_publisher":"https:\/\/www.facebook.com\/61555928375028","article_published_time":"2026-01-25T13:32:02+00:00","article_modified_time":"2026-01-25T15:31:35+00:00","og_image":[{"width":2560,"height":1673,"url":"https:\/\/www.duerodeporte.com\/wp-content\/uploads\/2026\/01\/G_gsh_iWoAAg3rK-scaled.jpg","type":"image\/jpeg"}],"author":"Diego A. Mart\u00edn","twitter_card":"summary_large_image","twitter_creator":"@Diegoamartin13","twitter_site":"@Diegoamartin13","twitter_misc":{"Escrito por":"Diego A. Mart\u00edn","Tiempo de lectura":"3 minutos"},"schema":{"@context":"https:\/\/schema.org","@graph":[{"@type":["Article","SocialMediaPosting"],"@id":"https:\/\/www.duerodeporte.com\/index.php\/archivos\/16108#article","isPartOf":{"@id":"https:\/\/www.duerodeporte.com\/index.php\/archivos\/16108"},"author":{"name":"Diego A. Mart\u00edn","@id":"https:\/\/www.duerodeporte.com\/#\/schema\/person\/5f3368966f635b5ae0d23ffaf7a7f894"},"headline":"Tubos Aranda Villa de Aranda, subcampe\u00f3n de la Copa de Castilla y Le\u00f3n (37-30)","datePublished":"2026-01-25T13:32:02+00:00","dateModified":"2026-01-25T15:31:35+00:00","mainEntityOfPage":{"@id":"https:\/\/www.duerodeporte.com\/index.php\/archivos\/16108"},"wordCount":541,"commentCount":0,"publisher":{"@id":"https:\/\/www.duerodeporte.com\/#organization"},"image":{"@id":"https:\/\/www.duerodeporte.com\/index.php\/archivos\/16108#primaryimage"},"thumbnailUrl":"https:\/\/www.duerodeporte.com\/wp-content\/uploads\/2026\/01\/G_gsh_iWoAAg3rK-scaled.jpg","keywords":["Ademar Le\u00f3n","aranda de duero","Asobal","Astorga","balonmano","Copa Castilla y Le\u00f3n","Rfebm","Villa de Aranda"],"articleSection":["BALONMANO","z_PORTADA"],"inLanguage":"es","potentialAction":[{"@type":"CommentAction","name":"Comment","target":["https:\/\/www.duerodeporte.com\/index.php\/archivos\/16108#respond"]}]},{"@type":["WebPage","ItemPage"],"@id":"https:\/\/www.duerodeporte.com\/index.php\/archivos\/16108","url":"https:\/\/www.duerodeporte.com\/index.php\/archivos\/16108","name":"Tubos Aranda Villa de Aranda, subcampe\u00f3n de la Copa de Castilla y Le\u00f3n (37-30)","isPartOf":{"@id":"https:\/\/www.duerodeporte.com\/#website"},"primaryImageOfPage":{"@id":"https:\/\/www.duerodeporte.com\/index.php\/archivos\/16108#primaryimage"},"image":{"@id":"https:\/\/www.duerodeporte.com\/index.php\/archivos\/16108#primaryimage"},"thumbnailUrl":"https:\/\/www.duerodeporte.com\/wp-content\/uploads\/2026\/01\/G_gsh_iWoAAg3rK-scaled.jpg","datePublished":"2026-01-25T13:32:02+00:00","dateModified":"2026-01-25T15:31:35+00:00","description":"El Deporte de Aranda y las tierras del Duero","breadcrumb":{"@id":"https:\/\/www.duerodeporte.com\/index.php\/archivos\/16108#breadcrumb"},"inLanguage":"es","potentialAction":[{"@type":"ReadAction","target":["https:\/\/www.duerodeporte.com\/index.php\/archivos\/16108"]}]},{"@type":"ImageObject","inLanguage":"es","@id":"https:\/\/www.duerodeporte.com\/index.php\/archivos\/16108#primaryimage","url":"https:\/\/www.duerodeporte.com\/wp-content\/uploads\/2026\/01\/G_gsh_iWoAAg3rK-scaled.jpg","contentUrl":"https:\/\/www.duerodeporte.com\/wp-content\/uploads\/2026\/01\/G_gsh_iWoAAg3rK-scaled.jpg","width":2560,"height":1673,"caption":"El capit\u00e1n de Tubos Aranda Villa de Aranda, V\u00edctor Meg\u00edas, recibe el trofeo como subcampe\u00f3n de la Copa de Castilla y Le\u00f3n. \/ VDA"},{"@type":"BreadcrumbList","@id":"https:\/\/www.duerodeporte.com\/index.php\/archivos\/16108#breadcrumb","itemListElement":[{"@type":"ListItem","position":1,"name":"Portada","item":"https:\/\/www.duerodeporte.com\/"},{"@type":"ListItem","position":2,"name":"Tubos Aranda Villa de Aranda, subcampe\u00f3n de la Copa de Castilla y Le\u00f3n (37-30)"}]},{"@type":"WebSite","@id":"https:\/\/www.duerodeporte.com\/#website","url":"https:\/\/www.duerodeporte.com\/","name":"Duero Deporte","description":"El Deporte de Aranda y las tierras del Duero","publisher":{"@id":"https:\/\/www.duerodeporte.com\/#organization"},"alternateName":"El Deporte de Aranda y las tierras del Duero","potentialAction":[{"@type":"SearchAction","target":{"@type":"EntryPoint","urlTemplate":"https:\/\/www.duerodeporte.com\/?s={search_term_string}"},"query-input":{"@type":"PropertyValueSpecification","valueRequired":true,"valueName":"search_term_string"}}],"inLanguage":"es"},{"@type":"Organization","@id":"https:\/\/www.duerodeporte.com\/#organization","name":"Duero Deporte","alternateName":"El Deporte de Aranda y las tierras del Duero","url":"https:\/\/www.duerodeporte.com\/","logo":{"@type":"ImageObject","inLanguage":"es","@id":"https:\/\/www.duerodeporte.com\/#\/schema\/logo\/image\/","url":"https:\/\/www.duerodeporte.com\/wp-content\/uploads\/2023\/11\/A.ColorSinFondo-e1708011627555.png","contentUrl":"https:\/\/www.duerodeporte.com\/wp-content\/uploads\/2023\/11\/A.ColorSinFondo-e1708011627555.png","width":750,"height":132,"caption":"Duero Deporte"},"image":{"@id":"https:\/\/www.duerodeporte.com\/#\/schema\/logo\/image\/"},"sameAs":["https:\/\/www.facebook.com\/61555928375028","https:\/\/x.com\/Diegoamartin13","https:\/\/www.youtube.com\/channel\/UCxIGQL8b9gmW-NjaChabCdA"]},{"@type":"Person","@id":"https:\/\/www.duerodeporte.com\/#\/schema\/person\/5f3368966f635b5ae0d23ffaf7a7f894","name":"Diego A. Mart\u00edn","image":{"@type":"ImageObject","inLanguage":"es","@id":"https:\/\/www.duerodeporte.com\/wp-content\/uploads\/2024\/01\/Diego2-e1706522808572-150x150.jpeg","url":"https:\/\/www.duerodeporte.com\/wp-content\/uploads\/2024\/01\/Diego2-e1706522808572-150x150.jpeg","contentUrl":"https:\/\/www.duerodeporte.com\/wp-content\/uploads\/2024\/01\/Diego2-e1706522808572-150x150.jpeg","caption":"Diego A. Mart\u00edn"},"url":"https:\/\/www.duerodeporte.com\/index.php\/archivos\/author\/diego"}]}},"views":305,"_links":{"self":[{"href":"https:\/\/www.duerodeporte.com\/index.php\/wp-json\/wp\/v2\/posts\/16108","targetHints":{"allow":["GET"]}}],"collection":[{"href":"https:\/\/www.duerodeporte.com\/index.php\/wp-json\/wp\/v2\/posts"}],"about":[{"href":"https:\/\/www.duerodeporte.com\/index.php\/wp-json\/wp\/v2\/types\/post"}],"author":[{"embeddable":true,"href":"https:\/\/www.duerodeporte.com\/index.php\/wp-json\/wp\/v2\/users\/3"}],"replies":[{"embeddable":true,"href":"https:\/\/www.duerodeporte.com\/index.php\/wp-json\/wp\/v2\/comments?post=16108"}],"version-history":[{"count":6,"href":"https:\/\/www.duerodeporte.com\/index.php\/wp-json\/wp\/v2\/posts\/16108\/revisions"}],"predecessor-version":[{"id":16115,"href":"https:\/\/www.duerodeporte.com\/index.php\/wp-json\/wp\/v2\/posts\/16108\/revisions\/16115"}],"wp:featuredmedia":[{"embeddable":true,"href":"https:\/\/www.duerodeporte.com\/index.php\/wp-json\/wp\/v2\/media\/16114"}],"wp:attachment":[{"href":"https:\/\/www.duerodeporte.com\/index.php\/wp-json\/wp\/v2\/media?parent=16108"}],"wp:term":[{"taxonomy":"category","embeddable":true,"href":"https:\/\/www.duerodeporte.com\/index.php\/wp-json\/wp\/v2\/categories?post=16108"},{"taxonomy":"post_tag","embeddable":true,"href":"https:\/\/www.duerodeporte.com\/index.php\/wp-json\/wp\/v2\/tags?post=16108"}],"curies":[{"name":"wp","href":"https:\/\/api.w.org\/{rel}","templated":true}]}}