{"id":16372,"date":"2026-02-10T01:35:29","date_gmt":"2026-02-10T00:35:29","guid":{"rendered":"https:\/\/www.duerodeporte.com\/?p=16372"},"modified":"2026-02-10T01:39:09","modified_gmt":"2026-02-10T00:39:09","slug":"campeones-subcampeones-podios-y-marcas-personales-en-los-autonomicos-de-castilla-y-leon","status":"publish","type":"post","link":"https:\/\/www.duerodeporte.com\/index.php\/archivos\/16372","title":{"rendered":"Campeones, subcampeones, podios y marcas personales en los Campeonatos de Castilla y Le\u00f3n de Pista Cubierta y Lanzamientos"},"content":{"rendered":"\n<h2 class=\"wp-block-heading\">Los atletas de las Tierras del Duero siguen demostrando su extraordinario potencial en la Comunidad. <strong>David Vicente<\/strong> encabeza la exitosa n\u00f3mina bajo techo con su t\u00edtulo en 60 metros. <strong>Ariadna Andr\u00e9s<\/strong> y <strong>Helio Dango<\/strong> suman sendos subcampeonatos en Peso y Tripe Salto, respectivamente. Adem\u00e1s, <strong>\u00c1lex Ib\u00e1\u00f1ez <\/strong>logra el Bronce en 400 metros. Un fin de semana que dej\u00f3 adem\u00e1s el doble t\u00edtulo castellano y leon\u00e9s en Disco y Martillo para <strong>Bel\u00e9n Gonzalo<\/strong><\/h2>\n\n\n\n<p>Muchos nombres propios para el atletismo de las Tierras del Duero en los recientes <strong><a href=\"https:\/\/www.fetacyl.org\/salamanca-corona-a-los-campeones-absolutos\/\" type=\"link\" id=\"https:\/\/www.fetacyl.org\/salamanca-corona-a-los-campeones-absolutos\/\">Campeonato de Castilla y Le\u00f3n de Pista Cubierta<\/a><\/strong>, en Salamanca y <strong><a href=\"https:\/\/www.fetacyl.org\/cto-auton-de-lanzamientos-de-invierno-absoluto-y-menores\/\" type=\"link\" id=\"https:\/\/www.fetacyl.org\/cto-auton-de-lanzamientos-de-invierno-absoluto-y-menores\/\">Campeonato Auton\u00f3mico de Lanzamientos<\/a><\/strong>, en Le\u00f3n. David Vicente, Ariadna Andr\u00e9s, Helio Dango, \u00c1lex Ib\u00e1\u00f1ez, Sof\u00eda Velasco, Carlota \u00c1lvaro, Bel\u00e9n Gonzalo, Rodrigo Tejada y Mario de las Heras fueron los medallista en las dos citas auton\u00f3micas.<\/p>\n\n\n<div class=\"wp-block-image\">\n<figure class=\"aligncenter size-large\"><a href=\"https:\/\/www.federopticos.com\/pro\/\"><img loading=\"lazy\" decoding=\"async\" width=\"1024\" height=\"234\" src=\"https:\/\/www.duerodeporte.com\/wp-content\/uploads\/2026\/02\/Fedeopticos_feb26-1024x234.jpeg\" alt=\"\" class=\"wp-image-16369\" srcset=\"https:\/\/www.duerodeporte.com\/wp-content\/uploads\/2026\/02\/Fedeopticos_feb26-1024x234.jpeg 1024w, https:\/\/www.duerodeporte.com\/wp-content\/uploads\/2026\/02\/Fedeopticos_feb26-300x68.jpeg 300w, https:\/\/www.duerodeporte.com\/wp-content\/uploads\/2026\/02\/Fedeopticos_feb26-768x175.jpeg 768w, https:\/\/www.duerodeporte.com\/wp-content\/uploads\/2026\/02\/Fedeopticos_feb26-1536x350.jpeg 1536w, https:\/\/www.duerodeporte.com\/wp-content\/uploads\/2026\/02\/Fedeopticos_feb26-696x159.jpeg 696w, https:\/\/www.duerodeporte.com\/wp-content\/uploads\/2026\/02\/Fedeopticos_feb26-1068x244.jpeg 1068w, https:\/\/www.duerodeporte.com\/wp-content\/uploads\/2026\/02\/Fedeopticos_feb26.jpeg 1600w\" sizes=\"auto, (max-width: 1024px) 100vw, 1024px\" \/><\/a><\/figure>\n<\/div>\n\n\n<p>El abanderado de los \u00e9xitos fue el velocista del Atl\u00e9tico Salamanca, <strong><a href=\"https:\/\/www.instagram.com\/daviiiiid_94\/?hl=es\" type=\"link\" id=\"https:\/\/www.instagram.com\/daviiiiid_94\/?hl=es\">David Vicente<\/a><\/strong>. Dominador de la prueba de<strong> <\/strong>60 metros<strong> <\/strong>se proclam\u00f3 <strong>campe\u00f3n de Castilla y Le\u00f3n <\/strong>con marca personal incluida (<strong>6.84<\/strong>) El arandino afincado en Burgos vuelve a estar en forma.<\/p>\n\n\n\n<p>Junto a \u00e9l, otros deportistas de las Tierras del Duero fueron protagonistas con sendos <strong>subcampeonatos<\/strong>: <strong><a href=\"https:\/\/www.instagram.com\/ariiadnaandress\/?hl=es\" type=\"link\" id=\"https:\/\/www.instagram.com\/ariiadnaandress\/?hl=es\">Ariadna Andr\u00e9s<\/a> <\/strong>y <strong><a href=\"https:\/\/www.instagram.com\/heliodango\/?hl=es\" type=\"link\" id=\"https:\/\/www.instagram.com\/heliodango\/?hl=es\">Helio Dango<\/a><\/strong>. La del Playas de Castell\u00f3n logr\u00f3 el puesto de honor con un lanzamiento de<strong> 12.16 metros<\/strong> en Peso. Buen estado de forma de la arandina tras lograr recientemente marca m\u00ednima para el Campeonato de Espa\u00f1a. Mientras, el del Atl\u00e9tico Salamanca con un salto de <strong>14.22 metros<\/strong>,<strong> marca personal <\/strong>incluida, tambi\u00e9n se trajo el subcampeonato en el bolsillo de la pista Carlos Gil en <strong>Salamanca<\/strong>.<\/p>\n\n\n\n<figure class=\"wp-block-embed is-type-rich is-provider-twitter wp-block-embed-twitter\"><div class=\"wp-block-embed__wrapper\">\n<blockquote class=\"twitter-tweet\" data-width=\"550\" data-dnt=\"true\"><p lang=\"es\" dir=\"ltr\">\ud83d\udfe0 ATLETISMO<br><br>\ud83c\udfc3\ud83c\udffb El Campeonato <a href=\"https:\/\/twitter.com\/fetacyl?ref_src=twsrc%5Etfw\">@fetacyl<\/a> Pista Cubierta en Salamanca deja estos resultados para los atletas arandinos  <br><br>\ud83e\udd47 David Vicente (60 m -6.84-) <br>\ud83e\udd48 Ariadna Andr\u00e9s (Peso -12.16-)<br>\ud83e\udd48 Helio Dango (Triple salto -14.22-)<br>\ud83e\udd49 \u00c1lex Ib\u00e1\u00f1ez (400 m -48.85-)<br><br>\ud83d\udcca Resultados <a href=\"https:\/\/twitter.com\/fetacyl?ref_src=twsrc%5Etfw\">@fetacyl<\/a>:\u2026 <a href=\"https:\/\/t.co\/sJQcwYJYu0\">pic.twitter.com\/sJQcwYJYu0<\/a><\/p>&mdash; Diego A. Mart\u00edn (duerodeporte.com) (@Diegoamartin13) <a href=\"https:\/\/twitter.com\/Diegoamartin13\/status\/2020594809983947249?ref_src=twsrc%5Etfw\">February 8, 2026<\/a><\/blockquote><script async src=\"https:\/\/platform.twitter.com\/widgets.js\" charset=\"utf-8\"><\/script>\n<\/div><\/figure>\n\n\n\n<p>Podios a los que se unieron el <strong>Bronce de<\/strong> <strong><a href=\"https:\/\/www.instagram.com\/alex.ty.5015\/?hl=es\" type=\"link\" id=\"https:\/\/www.instagram.com\/alex.ty.5015\/?hl=es\">\u00c1lex Ib\u00e1\u00f1ez<\/a><\/strong> en los 400 metros con un registro de <strong>48.94<\/strong>, mejorando su <strong>marca personal <\/strong>en la distancia. El internacional del Atletismo Aranda comparti\u00f3 podio con el internacional palentino, \u00d3scar Husillos.<\/p>\n\n\n\n<p>Adem\u00e1s, en categor\u00edas menores, otros dos fueron los nombres a destacar en la expedici\u00f3n de las Tierras del Duero. Ambas atletas del Atletismo Aranda: <strong>Sof\u00eda Velasco <\/strong>y <strong>Carlota \u00c1lvaro<\/strong>. La primera tras colgarse la <strong>Plata <\/strong>Sub-14 en 500 metros. Mientras, \u00c1lvaro fue <strong>Bronce <\/strong>Sub-12 en los 1.000 metros.<\/p>\n\n\n\n<h2 class=\"wp-block-heading\">M\u00e1s \u00e9xitos de un gran fin de semana<\/h2>\n\n\n\n<p>Desde Salamanca a Le\u00f3n. All\u00ed se disputaba el <strong>Campeonato Auton\u00f3mico de Lanzamientos<\/strong>, coincidiendo con la jornada definitiva de la Liga Auton\u00f3mica de Lanzamientos. Un nombre propio destac\u00f3 sobre el resto en la expedici\u00f3n del <strong><a href=\"https:\/\/www.facebook.com\/atletismoaranda?locale=es_ES\" type=\"link\" id=\"https:\/\/www.facebook.com\/atletismoaranda?locale=es_ES\">Atletismo Aranda<\/a><\/strong>: <strong>Bel\u00e9n Gonzalo<\/strong>. La del Atletismo Aranda se hizo con<strong> dos t\u00edtulos auton\u00f3micos<\/strong> en categor\u00eda <strong>Sub-20<\/strong> tanto en <strong>Disco <\/strong>como en <strong>Martillo<\/strong>.<\/p>\n\n\n\n<figure class=\"wp-block-image size-full\"><img loading=\"lazy\" decoding=\"async\" width=\"644\" height=\"432\" src=\"https:\/\/www.duerodeporte.com\/wp-content\/uploads\/2026\/02\/630608028_1591154492677308_6285173230433555139_n.jpg\" alt=\"\" class=\"wp-image-16373\" srcset=\"https:\/\/www.duerodeporte.com\/wp-content\/uploads\/2026\/02\/630608028_1591154492677308_6285173230433555139_n.jpg 644w, https:\/\/www.duerodeporte.com\/wp-content\/uploads\/2026\/02\/630608028_1591154492677308_6285173230433555139_n-300x201.jpg 300w\" sizes=\"auto, (max-width: 644px) 100vw, 644px\" \/><figcaption class=\"wp-element-caption\">Mario de las Heras, Bruno Rojo, Bel\u00e9n Gonzalo y Rodrigo Tejada -de izq. a dch- \/ Atletismo Aranda<\/figcaption><\/figure>\n\n\n\n<p>Los \u00e9xitos de la expedici\u00f3n arandina a la pista del Estadio Hisp\u00e1nico de Le\u00f3n la completaron: <strong>Rodrigo Tejada<\/strong>, <strong>Mario de las Heras <\/strong>y<strong> Bruno Rojo<\/strong>. Tejada se colg\u00f3 Plata Sub-18 en Martillo. Mientras, De las Heras repiti\u00f3 subcampeonato en Disco Sub-20 y Rojo se hiz con la Plata Sub-20 en Jabalina.<\/p>\n","protected":false},"excerpt":{"rendered":"<p>Los atletas de las Tierras del Duero siguen demostrando su extraordinario potencial en la Comunidad. David Vicente encabeza la exitosa n\u00f3mina bajo techo con su t\u00edtulo en 60 metros. Ariadna [&hellip;]<\/p>\n","protected":false},"author":3,"featured_media":16374,"comment_status":"open","ping_status":"open","sticky":false,"template":"","format":"standard","meta":{"footnotes":""},"categories":[20,15],"tags":[43,782,100,781,101,484,872,102,83],"class_list":["post-16372","post","type-post","status-publish","format-standard","has-post-thumbnail","category-atletismo","category-portada","tag-aranda-de-duero","tag-atletico-salamanca","tag-atletismo-aranda","tag-atletismo-ribera","tag-fetacyl","tag-leon","tag-playas-de-castellon","tag-salamanca","tag-tierras-del-duero"],"yoast_head":"<!-- This site is optimized with the Yoast SEO plugin v27.5 - https:\/\/yoast.com\/product\/yoast-seo-wordpress\/ -->\r\n<title>Campeones, subcampeones, podios y marcas personales en los Campeonatos de Castilla y Le\u00f3n de Pista Cubierta y Lanzamientos<\/title>\r\n<meta name=\"description\" content=\"El Deporte de Aranda y las tierras del Duero\" \/>\r\n<meta name=\"robots\" content=\"index, follow, max-snippet:-1, max-image-preview:large, max-video-preview:-1\" \/>\r\n<link rel=\"canonical\" href=\"https:\/\/www.duerodeporte.com\/index.php\/archivos\/16372\" \/>\r\n<meta property=\"og:locale\" content=\"es_ES\" \/>\r\n<meta property=\"og:type\" content=\"article\" \/>\r\n<meta property=\"og:title\" content=\"Campeones, subcampeones, podios y marcas personales en los Campeonatos de Castilla y Le\u00f3n de Pista Cubierta y Lanzamientos\" \/>\r\n<meta property=\"og:description\" content=\"El Deporte de Aranda y las tierras del Duero\" \/>\r\n<meta property=\"og:url\" content=\"https:\/\/www.duerodeporte.com\/index.php\/archivos\/16372\" \/>\r\n<meta property=\"og:site_name\" content=\"Duero Deporte\" \/>\r\n<meta property=\"article:publisher\" content=\"https:\/\/www.facebook.com\/61555928375028\" \/>\r\n<meta property=\"article:published_time\" content=\"2026-02-10T00:35:29+00:00\" \/>\r\n<meta property=\"article:modified_time\" content=\"2026-02-10T00:39:09+00:00\" \/>\r\n<meta property=\"og:image\" content=\"https:\/\/www.duerodeporte.com\/wp-content\/uploads\/2026\/02\/asdasdasdasdadasdas.jpg\" \/>\r\n\t<meta property=\"og:image:width\" content=\"938\" \/>\r\n\t<meta property=\"og:image:height\" content=\"557\" \/>\r\n\t<meta property=\"og:image:type\" content=\"image\/jpeg\" \/>\r\n<meta name=\"author\" content=\"Diego A. Mart\u00edn\" \/>\r\n<meta name=\"twitter:card\" content=\"summary_large_image\" \/>\r\n<meta name=\"twitter:creator\" content=\"@Diegoamartin13\" \/>\r\n<meta name=\"twitter:site\" content=\"@Diegoamartin13\" \/>\r\n<meta name=\"twitter:label1\" content=\"Escrito por\" \/>\n\t<meta name=\"twitter:data1\" content=\"Diego A. Mart\u00edn\" \/>\n\t<meta name=\"twitter:label2\" content=\"Tiempo de lectura\" \/>\n\t<meta name=\"twitter:data2\" content=\"3 minutos\" \/>\r\n<script type=\"application\/ld+json\" class=\"yoast-schema-graph\">{\"@context\":\"https:\\\/\\\/schema.org\",\"@graph\":[{\"@type\":[\"Article\",\"SocialMediaPosting\"],\"@id\":\"https:\\\/\\\/www.duerodeporte.com\\\/index.php\\\/archivos\\\/16372#article\",\"isPartOf\":{\"@id\":\"https:\\\/\\\/www.duerodeporte.com\\\/index.php\\\/archivos\\\/16372\"},\"author\":{\"name\":\"Diego A. Mart\u00edn\",\"@id\":\"https:\\\/\\\/www.duerodeporte.com\\\/#\\\/schema\\\/person\\\/5f3368966f635b5ae0d23ffaf7a7f894\"},\"headline\":\"Campeones, subcampeones, podios y marcas personales en los Campeonatos de Castilla y Le\u00f3n de Pista Cubierta y Lanzamientos\",\"datePublished\":\"2026-02-10T00:35:29+00:00\",\"dateModified\":\"2026-02-10T00:39:09+00:00\",\"mainEntityOfPage\":{\"@id\":\"https:\\\/\\\/www.duerodeporte.com\\\/index.php\\\/archivos\\\/16372\"},\"wordCount\":538,\"commentCount\":0,\"publisher\":{\"@id\":\"https:\\\/\\\/www.duerodeporte.com\\\/#organization\"},\"image\":{\"@id\":\"https:\\\/\\\/www.duerodeporte.com\\\/index.php\\\/archivos\\\/16372#primaryimage\"},\"thumbnailUrl\":\"https:\\\/\\\/www.duerodeporte.com\\\/wp-content\\\/uploads\\\/2026\\\/02\\\/asdasdasdasdadasdas.jpg\",\"keywords\":[\"aranda de duero\",\"Atl\u00e9tico Salamanca\",\"Atletismo Aranda\",\"Atletismo Ribera\",\"Fetacyl\",\"Le\u00f3n\",\"Playas de Castell\u00f3n\",\"Salamanca\",\"tierras del duero\"],\"articleSection\":[\"ATLETISMO\",\"z_PORTADA\"],\"inLanguage\":\"es\",\"potentialAction\":[{\"@type\":\"CommentAction\",\"name\":\"Comment\",\"target\":[\"https:\\\/\\\/www.duerodeporte.com\\\/index.php\\\/archivos\\\/16372#respond\"]}]},{\"@type\":[\"WebPage\",\"ItemPage\"],\"@id\":\"https:\\\/\\\/www.duerodeporte.com\\\/index.php\\\/archivos\\\/16372\",\"url\":\"https:\\\/\\\/www.duerodeporte.com\\\/index.php\\\/archivos\\\/16372\",\"name\":\"Campeones, subcampeones, podios y marcas personales en los Campeonatos de Castilla y Le\u00f3n de Pista Cubierta y Lanzamientos\",\"isPartOf\":{\"@id\":\"https:\\\/\\\/www.duerodeporte.com\\\/#website\"},\"primaryImageOfPage\":{\"@id\":\"https:\\\/\\\/www.duerodeporte.com\\\/index.php\\\/archivos\\\/16372#primaryimage\"},\"image\":{\"@id\":\"https:\\\/\\\/www.duerodeporte.com\\\/index.php\\\/archivos\\\/16372#primaryimage\"},\"thumbnailUrl\":\"https:\\\/\\\/www.duerodeporte.com\\\/wp-content\\\/uploads\\\/2026\\\/02\\\/asdasdasdasdadasdas.jpg\",\"datePublished\":\"2026-02-10T00:35:29+00:00\",\"dateModified\":\"2026-02-10T00:39:09+00:00\",\"description\":\"El Deporte de Aranda y las tierras del Duero\",\"breadcrumb\":{\"@id\":\"https:\\\/\\\/www.duerodeporte.com\\\/index.php\\\/archivos\\\/16372#breadcrumb\"},\"inLanguage\":\"es\",\"potentialAction\":[{\"@type\":\"ReadAction\",\"target\":[\"https:\\\/\\\/www.duerodeporte.com\\\/index.php\\\/archivos\\\/16372\"]}]},{\"@type\":\"ImageObject\",\"inLanguage\":\"es\",\"@id\":\"https:\\\/\\\/www.duerodeporte.com\\\/index.php\\\/archivos\\\/16372#primaryimage\",\"url\":\"https:\\\/\\\/www.duerodeporte.com\\\/wp-content\\\/uploads\\\/2026\\\/02\\\/asdasdasdasdadasdas.jpg\",\"contentUrl\":\"https:\\\/\\\/www.duerodeporte.com\\\/wp-content\\\/uploads\\\/2026\\\/02\\\/asdasdasdasdadasdas.jpg\",\"width\":938,\"height\":557,\"caption\":\"Los \u00e9xitos del atletismo de las Tierras del Duero en los Campeonatos Auton\u00f3micos. \\\/ DUERO Deporte\"},{\"@type\":\"BreadcrumbList\",\"@id\":\"https:\\\/\\\/www.duerodeporte.com\\\/index.php\\\/archivos\\\/16372#breadcrumb\",\"itemListElement\":[{\"@type\":\"ListItem\",\"position\":1,\"name\":\"Portada\",\"item\":\"https:\\\/\\\/www.duerodeporte.com\\\/\"},{\"@type\":\"ListItem\",\"position\":2,\"name\":\"Campeones, subcampeones, podios y marcas personales en los Campeonatos de Castilla y Le\u00f3n de Pista Cubierta y Lanzamientos\"}]},{\"@type\":\"WebSite\",\"@id\":\"https:\\\/\\\/www.duerodeporte.com\\\/#website\",\"url\":\"https:\\\/\\\/www.duerodeporte.com\\\/\",\"name\":\"Duero Deporte\",\"description\":\"El Deporte de Aranda y las tierras del Duero\",\"publisher\":{\"@id\":\"https:\\\/\\\/www.duerodeporte.com\\\/#organization\"},\"alternateName\":\"El Deporte de Aranda y las tierras del Duero\",\"potentialAction\":[{\"@type\":\"SearchAction\",\"target\":{\"@type\":\"EntryPoint\",\"urlTemplate\":\"https:\\\/\\\/www.duerodeporte.com\\\/?s={search_term_string}\"},\"query-input\":{\"@type\":\"PropertyValueSpecification\",\"valueRequired\":true,\"valueName\":\"search_term_string\"}}],\"inLanguage\":\"es\"},{\"@type\":\"Organization\",\"@id\":\"https:\\\/\\\/www.duerodeporte.com\\\/#organization\",\"name\":\"Duero Deporte\",\"alternateName\":\"El Deporte de Aranda y las tierras del Duero\",\"url\":\"https:\\\/\\\/www.duerodeporte.com\\\/\",\"logo\":{\"@type\":\"ImageObject\",\"inLanguage\":\"es\",\"@id\":\"https:\\\/\\\/www.duerodeporte.com\\\/#\\\/schema\\\/logo\\\/image\\\/\",\"url\":\"https:\\\/\\\/www.duerodeporte.com\\\/wp-content\\\/uploads\\\/2023\\\/11\\\/A.ColorSinFondo-e1708011627555.png\",\"contentUrl\":\"https:\\\/\\\/www.duerodeporte.com\\\/wp-content\\\/uploads\\\/2023\\\/11\\\/A.ColorSinFondo-e1708011627555.png\",\"width\":750,\"height\":132,\"caption\":\"Duero Deporte\"},\"image\":{\"@id\":\"https:\\\/\\\/www.duerodeporte.com\\\/#\\\/schema\\\/logo\\\/image\\\/\"},\"sameAs\":[\"https:\\\/\\\/www.facebook.com\\\/61555928375028\",\"https:\\\/\\\/x.com\\\/Diegoamartin13\",\"https:\\\/\\\/www.youtube.com\\\/channel\\\/UCxIGQL8b9gmW-NjaChabCdA\"]},{\"@type\":\"Person\",\"@id\":\"https:\\\/\\\/www.duerodeporte.com\\\/#\\\/schema\\\/person\\\/5f3368966f635b5ae0d23ffaf7a7f894\",\"name\":\"Diego A. Mart\u00edn\",\"image\":{\"@type\":\"ImageObject\",\"inLanguage\":\"es\",\"@id\":\"https:\\\/\\\/www.duerodeporte.com\\\/wp-content\\\/uploads\\\/2024\\\/01\\\/Diego2-e1706522808572-150x150.jpeg\",\"url\":\"https:\\\/\\\/www.duerodeporte.com\\\/wp-content\\\/uploads\\\/2024\\\/01\\\/Diego2-e1706522808572-150x150.jpeg\",\"contentUrl\":\"https:\\\/\\\/www.duerodeporte.com\\\/wp-content\\\/uploads\\\/2024\\\/01\\\/Diego2-e1706522808572-150x150.jpeg\",\"caption\":\"Diego A. Mart\u00edn\"},\"url\":\"https:\\\/\\\/www.duerodeporte.com\\\/index.php\\\/archivos\\\/author\\\/diego\"}]}<\/script>\r\n<!-- \/ Yoast SEO plugin. -->","yoast_head_json":{"title":"Campeones, subcampeones, podios y marcas personales en los Campeonatos de Castilla y Le\u00f3n de Pista Cubierta y Lanzamientos","description":"El Deporte de Aranda y las tierras del Duero","robots":{"index":"index","follow":"follow","max-snippet":"max-snippet:-1","max-image-preview":"max-image-preview:large","max-video-preview":"max-video-preview:-1"},"canonical":"https:\/\/www.duerodeporte.com\/index.php\/archivos\/16372","og_locale":"es_ES","og_type":"article","og_title":"Campeones, subcampeones, podios y marcas personales en los Campeonatos de Castilla y Le\u00f3n de Pista Cubierta y Lanzamientos","og_description":"El Deporte de Aranda y las tierras del Duero","og_url":"https:\/\/www.duerodeporte.com\/index.php\/archivos\/16372","og_site_name":"Duero Deporte","article_publisher":"https:\/\/www.facebook.com\/61555928375028","article_published_time":"2026-02-10T00:35:29+00:00","article_modified_time":"2026-02-10T00:39:09+00:00","og_image":[{"width":938,"height":557,"url":"https:\/\/www.duerodeporte.com\/wp-content\/uploads\/2026\/02\/asdasdasdasdadasdas.jpg","type":"image\/jpeg"}],"author":"Diego A. Mart\u00edn","twitter_card":"summary_large_image","twitter_creator":"@Diegoamartin13","twitter_site":"@Diegoamartin13","twitter_misc":{"Escrito por":"Diego A. Mart\u00edn","Tiempo de lectura":"3 minutos"},"schema":{"@context":"https:\/\/schema.org","@graph":[{"@type":["Article","SocialMediaPosting"],"@id":"https:\/\/www.duerodeporte.com\/index.php\/archivos\/16372#article","isPartOf":{"@id":"https:\/\/www.duerodeporte.com\/index.php\/archivos\/16372"},"author":{"name":"Diego A. Mart\u00edn","@id":"https:\/\/www.duerodeporte.com\/#\/schema\/person\/5f3368966f635b5ae0d23ffaf7a7f894"},"headline":"Campeones, subcampeones, podios y marcas personales en los Campeonatos de Castilla y Le\u00f3n de Pista Cubierta y Lanzamientos","datePublished":"2026-02-10T00:35:29+00:00","dateModified":"2026-02-10T00:39:09+00:00","mainEntityOfPage":{"@id":"https:\/\/www.duerodeporte.com\/index.php\/archivos\/16372"},"wordCount":538,"commentCount":0,"publisher":{"@id":"https:\/\/www.duerodeporte.com\/#organization"},"image":{"@id":"https:\/\/www.duerodeporte.com\/index.php\/archivos\/16372#primaryimage"},"thumbnailUrl":"https:\/\/www.duerodeporte.com\/wp-content\/uploads\/2026\/02\/asdasdasdasdadasdas.jpg","keywords":["aranda de duero","Atl\u00e9tico Salamanca","Atletismo Aranda","Atletismo Ribera","Fetacyl","Le\u00f3n","Playas de Castell\u00f3n","Salamanca","tierras del duero"],"articleSection":["ATLETISMO","z_PORTADA"],"inLanguage":"es","potentialAction":[{"@type":"CommentAction","name":"Comment","target":["https:\/\/www.duerodeporte.com\/index.php\/archivos\/16372#respond"]}]},{"@type":["WebPage","ItemPage"],"@id":"https:\/\/www.duerodeporte.com\/index.php\/archivos\/16372","url":"https:\/\/www.duerodeporte.com\/index.php\/archivos\/16372","name":"Campeones, subcampeones, podios y marcas personales en los Campeonatos de Castilla y Le\u00f3n de Pista Cubierta y Lanzamientos","isPartOf":{"@id":"https:\/\/www.duerodeporte.com\/#website"},"primaryImageOfPage":{"@id":"https:\/\/www.duerodeporte.com\/index.php\/archivos\/16372#primaryimage"},"image":{"@id":"https:\/\/www.duerodeporte.com\/index.php\/archivos\/16372#primaryimage"},"thumbnailUrl":"https:\/\/www.duerodeporte.com\/wp-content\/uploads\/2026\/02\/asdasdasdasdadasdas.jpg","datePublished":"2026-02-10T00:35:29+00:00","dateModified":"2026-02-10T00:39:09+00:00","description":"El Deporte de Aranda y las tierras del Duero","breadcrumb":{"@id":"https:\/\/www.duerodeporte.com\/index.php\/archivos\/16372#breadcrumb"},"inLanguage":"es","potentialAction":[{"@type":"ReadAction","target":["https:\/\/www.duerodeporte.com\/index.php\/archivos\/16372"]}]},{"@type":"ImageObject","inLanguage":"es","@id":"https:\/\/www.duerodeporte.com\/index.php\/archivos\/16372#primaryimage","url":"https:\/\/www.duerodeporte.com\/wp-content\/uploads\/2026\/02\/asdasdasdasdadasdas.jpg","contentUrl":"https:\/\/www.duerodeporte.com\/wp-content\/uploads\/2026\/02\/asdasdasdasdadasdas.jpg","width":938,"height":557,"caption":"Los \u00e9xitos del atletismo de las Tierras del Duero en los Campeonatos Auton\u00f3micos. \/ DUERO Deporte"},{"@type":"BreadcrumbList","@id":"https:\/\/www.duerodeporte.com\/index.php\/archivos\/16372#breadcrumb","itemListElement":[{"@type":"ListItem","position":1,"name":"Portada","item":"https:\/\/www.duerodeporte.com\/"},{"@type":"ListItem","position":2,"name":"Campeones, subcampeones, podios y marcas personales en los Campeonatos de Castilla y Le\u00f3n de Pista Cubierta y Lanzamientos"}]},{"@type":"WebSite","@id":"https:\/\/www.duerodeporte.com\/#website","url":"https:\/\/www.duerodeporte.com\/","name":"Duero Deporte","description":"El Deporte de Aranda y las tierras del Duero","publisher":{"@id":"https:\/\/www.duerodeporte.com\/#organization"},"alternateName":"El Deporte de Aranda y las tierras del Duero","potentialAction":[{"@type":"SearchAction","target":{"@type":"EntryPoint","urlTemplate":"https:\/\/www.duerodeporte.com\/?s={search_term_string}"},"query-input":{"@type":"PropertyValueSpecification","valueRequired":true,"valueName":"search_term_string"}}],"inLanguage":"es"},{"@type":"Organization","@id":"https:\/\/www.duerodeporte.com\/#organization","name":"Duero Deporte","alternateName":"El Deporte de Aranda y las tierras del Duero","url":"https:\/\/www.duerodeporte.com\/","logo":{"@type":"ImageObject","inLanguage":"es","@id":"https:\/\/www.duerodeporte.com\/#\/schema\/logo\/image\/","url":"https:\/\/www.duerodeporte.com\/wp-content\/uploads\/2023\/11\/A.ColorSinFondo-e1708011627555.png","contentUrl":"https:\/\/www.duerodeporte.com\/wp-content\/uploads\/2023\/11\/A.ColorSinFondo-e1708011627555.png","width":750,"height":132,"caption":"Duero Deporte"},"image":{"@id":"https:\/\/www.duerodeporte.com\/#\/schema\/logo\/image\/"},"sameAs":["https:\/\/www.facebook.com\/61555928375028","https:\/\/x.com\/Diegoamartin13","https:\/\/www.youtube.com\/channel\/UCxIGQL8b9gmW-NjaChabCdA"]},{"@type":"Person","@id":"https:\/\/www.duerodeporte.com\/#\/schema\/person\/5f3368966f635b5ae0d23ffaf7a7f894","name":"Diego A. Mart\u00edn","image":{"@type":"ImageObject","inLanguage":"es","@id":"https:\/\/www.duerodeporte.com\/wp-content\/uploads\/2024\/01\/Diego2-e1706522808572-150x150.jpeg","url":"https:\/\/www.duerodeporte.com\/wp-content\/uploads\/2024\/01\/Diego2-e1706522808572-150x150.jpeg","contentUrl":"https:\/\/www.duerodeporte.com\/wp-content\/uploads\/2024\/01\/Diego2-e1706522808572-150x150.jpeg","caption":"Diego A. Mart\u00edn"},"url":"https:\/\/www.duerodeporte.com\/index.php\/archivos\/author\/diego"}]}},"views":371,"_links":{"self":[{"href":"https:\/\/www.duerodeporte.com\/index.php\/wp-json\/wp\/v2\/posts\/16372","targetHints":{"allow":["GET"]}}],"collection":[{"href":"https:\/\/www.duerodeporte.com\/index.php\/wp-json\/wp\/v2\/posts"}],"about":[{"href":"https:\/\/www.duerodeporte.com\/index.php\/wp-json\/wp\/v2\/types\/post"}],"author":[{"embeddable":true,"href":"https:\/\/www.duerodeporte.com\/index.php\/wp-json\/wp\/v2\/users\/3"}],"replies":[{"embeddable":true,"href":"https:\/\/www.duerodeporte.com\/index.php\/wp-json\/wp\/v2\/comments?post=16372"}],"version-history":[{"count":5,"href":"https:\/\/www.duerodeporte.com\/index.php\/wp-json\/wp\/v2\/posts\/16372\/revisions"}],"predecessor-version":[{"id":16379,"href":"https:\/\/www.duerodeporte.com\/index.php\/wp-json\/wp\/v2\/posts\/16372\/revisions\/16379"}],"wp:featuredmedia":[{"embeddable":true,"href":"https:\/\/www.duerodeporte.com\/index.php\/wp-json\/wp\/v2\/media\/16374"}],"wp:attachment":[{"href":"https:\/\/www.duerodeporte.com\/index.php\/wp-json\/wp\/v2\/media?parent=16372"}],"wp:term":[{"taxonomy":"category","embeddable":true,"href":"https:\/\/www.duerodeporte.com\/index.php\/wp-json\/wp\/v2\/categories?post=16372"},{"taxonomy":"post_tag","embeddable":true,"href":"https:\/\/www.duerodeporte.com\/index.php\/wp-json\/wp\/v2\/tags?post=16372"}],"curies":[{"name":"wp","href":"https:\/\/api.w.org\/{rel}","templated":true}]}}