{"id":16409,"date":"2026-02-11T21:11:25","date_gmt":"2026-02-11T20:11:25","guid":{"rendered":"https:\/\/www.duerodeporte.com\/?p=16409"},"modified":"2026-02-11T21:21:54","modified_gmt":"2026-02-11T20:21:54","slug":"rugby-aranda-debutara-frente-a-real-oviedo-rugby-en-el-grupo-a-de-permanencia","status":"publish","type":"post","link":"https:\/\/www.duerodeporte.com\/index.php\/archivos\/16409","title":{"rendered":"Rugby Aranda debutar\u00e1 frente a Real Oviedo Rugby en el Grupo A de Permanencia"},"content":{"rendered":"\n<h2 class=\"wp-block-heading\">La Federaci\u00f3n Espa\u00f1ola de Rugby ha realizado este mi\u00e9rcoles el sorteo de la 2\u00aa Fase del Campeonato en Divisi\u00f3n de Honor B. Los celeste y vino quedan encuadrados en el Grupo A de Descenso junto a ovetenses, La Unica, Gaztedi y Cormor\u00e1n. El XV de las Tierras del Duero debutar\u00e1 en el Virgen de las Vi\u00f1as y cerrar\u00e1 ante Cormor\u00e1n tambi\u00e9n en casa<\/h2>\n\n\n\n<p><strong><a href=\"https:\/\/www.instagram.com\/rugbyaranda\/?hl=es\" type=\"link\" id=\"https:\/\/www.instagram.com\/rugbyaranda\/?hl=es\">Rugby Aranda<\/a><\/strong> ya conoce el camino hacia la permanencia en <strong>Divisi\u00f3n de Honor B<\/strong>. As\u00ed ha quedado establecido despu\u00e9s del el sorteo realizado por la <strong><a href=\"https:\/\/ferugby.es\/\" type=\"link\" id=\"https:\/\/ferugby.es\/\">Federaci\u00f3n Espa\u00f1ola de Rugby<\/a><\/strong> este mi\u00e9rcoles. El XV celeste y vino, encuadrado en el <strong><a href=\"https:\/\/resultadosrugby.isquad.es\/competicion.php?id_superficie=1&amp;id_fase=5&amp;id=1016&amp;seleccion=0&amp;id_competicion=317&amp;id_temp=2526&amp;id_territorial=9999&amp;id_ambito=0\" type=\"link\" id=\"https:\/\/resultadosrugby.isquad.es\/competicion.php?id_superficie=1&amp;id_fase=5&amp;id=1016&amp;seleccion=0&amp;id_competicion=317&amp;id_temp=2526&amp;id_territorial=9999&amp;id_ambito=0\">Grupo A de Permanencia<\/a><\/strong>, se medir\u00e1 a otros cuatro de los clubes con los que ya se ha enfrentado a lo largo de la presente temporada en la 1\u00aa Fase del Campeonato: <strong><a href=\"https:\/\/www.instagram.com\/realoviedorugby\/?hl=es\" type=\"link\" id=\"https:\/\/www.instagram.com\/realoviedorugby\/?hl=es\">Real Oviedo Rugby<\/a><\/strong>, <strong><a href=\"https:\/\/www.instagram.com\/launicarugby\/?hl=es\" type=\"link\" id=\"https:\/\/www.instagram.com\/launicarugby\/?hl=es\">La Unica Rugby Taldea<\/a><\/strong>, <strong><a href=\"https:\/\/www.instagram.com\/direct\/t\/120804122645208\/?hl=es\" type=\"link\" id=\"https:\/\/www.instagram.com\/direct\/t\/120804122645208\/?hl=es\">Gaztedi Rugby Taldea<\/a><\/strong> y <strong><a href=\"https:\/\/www.instagram.com\/cormoranrugbyclub\/?hl=es\" type=\"link\" id=\"https:\/\/www.instagram.com\/cormoranrugbyclub\/?hl=es\">Cormor\u00e1n Rugby Club<\/a><\/strong>.<\/p>\n\n\n\n<figure class=\"wp-block-image size-large\"><img loading=\"lazy\" decoding=\"async\" width=\"1024\" height=\"226\" src=\"https:\/\/www.duerodeporte.com\/wp-content\/uploads\/2025\/11\/PUBLI-EL-REFUGIO-BANNER-2-1536x339-1-1024x226.jpg\" alt=\"\" class=\"wp-image-15018\" srcset=\"https:\/\/www.duerodeporte.com\/wp-content\/uploads\/2025\/11\/PUBLI-EL-REFUGIO-BANNER-2-1536x339-1-1024x226.jpg 1024w, https:\/\/www.duerodeporte.com\/wp-content\/uploads\/2025\/11\/PUBLI-EL-REFUGIO-BANNER-2-1536x339-1-300x66.jpg 300w, https:\/\/www.duerodeporte.com\/wp-content\/uploads\/2025\/11\/PUBLI-EL-REFUGIO-BANNER-2-1536x339-1-768x170.jpg 768w, https:\/\/www.duerodeporte.com\/wp-content\/uploads\/2025\/11\/PUBLI-EL-REFUGIO-BANNER-2-1536x339-1-696x154.jpg 696w, https:\/\/www.duerodeporte.com\/wp-content\/uploads\/2025\/11\/PUBLI-EL-REFUGIO-BANNER-2-1536x339-1-1068x236.jpg 1068w, https:\/\/www.duerodeporte.com\/wp-content\/uploads\/2025\/11\/PUBLI-EL-REFUGIO-BANNER-2-1536x339-1.jpg 1536w\" sizes=\"auto, (max-width: 1024px) 100vw, 1024px\" \/><\/figure>\n\n\n\n<p>Una 2\u00aa Fase del campeonato que comenzar\u00e1 el \u00faltimo fin de semana de febrero y finalizar\u00e1 el pr\u00f3ximo <strong>31 de mayo<\/strong>. Por delante diez jornadas en dos vueltas de competici\u00f3n en las que se decidir\u00e1 una \u00fanica plaza de descenso, el \u00faltimo clasificado caer\u00e1 a Liga Regional.<\/p>\n\n\n\n<h2 class=\"wp-block-heading\">El Virgen de las Vi\u00f1as, deber ser clave<\/h2>\n\n\n\n<p>Los de Gonzalo Hernando debutar\u00e1n el <strong>28 de febrero<\/strong> ante <strong>Real Oviedo Rugby<\/strong> en el Virgen de las Vi\u00f1as para desplazarse a continuaci\u00f3n a Navarra frente a La Unica. La tercera jornada, Gaztedi visitar\u00e1 las Tierras del Duero y seguidamente el XV celeste y vino visitar\u00e1 a Cormor\u00e1n antes de descansar.<\/p>\n\n\n\n<figure class=\"wp-block-embed aligncenter is-type-rich is-provider-twitter wp-block-embed-twitter\"><div class=\"wp-block-embed__wrapper\">\n<blockquote class=\"twitter-tweet\" data-width=\"550\" data-dnt=\"true\"><p lang=\"es\" dir=\"ltr\">\ud83d\udfe0 RUGBY<br><br>\ud83c\udfc9 <a href=\"https:\/\/twitter.com\/ferugby?ref_src=twsrc%5Etfw\">@ferugby<\/a> realiza el sorteo de la 2\ufe0f\u20e3&#39; Fase en <a href=\"https:\/\/twitter.com\/hashtag\/DHB?src=hash&amp;ref_src=twsrc%5Etfw\">#DHB<\/a> y da a conocer los nuevos calendario de competici\u00f3n<br><br>\u25b6\ufe0f <a href=\"https:\/\/twitter.com\/rugby_aranda?ref_src=twsrc%5Etfw\">@rugby_aranda<\/a> queda encuadrado en el Grupo A de Descenso y luchar\u00e1 por lograr la permanencia a partir del 28 de febrero y hasta el 31 de mayo<br><br>\u25b6\ufe0f El XV\u2026 <a href=\"https:\/\/t.co\/7orsWkdhAx\">pic.twitter.com\/7orsWkdhAx<\/a><\/p>&mdash; Diego A. Mart\u00edn (duerodeporte.com) (@Diegoamartin13) <a href=\"https:\/\/twitter.com\/Diegoamartin13\/status\/2021676903917064353?ref_src=twsrc%5Etfw\">February 11, 2026<\/a><\/blockquote><script async src=\"https:\/\/platform.twitter.com\/widgets.js\" charset=\"utf-8\"><\/script>\n<\/div><\/figure>\n\n\n\n<p>Encuentros que se repetir\u00e1n en una 2\u00aa vuelta que repetir\u00e1 <strong>Rugby Aranda para cerrar en el feudo arandino el 31 de mayo ante Cormor\u00e1n<\/strong> en la 9\u00aa de las 10 jornadas previstas. En la \u00faltima (10\u00aa) descansar\u00e1n los de la Tierras del Duero.<\/p>\n","protected":false},"excerpt":{"rendered":"<p>La Federaci\u00f3n Espa\u00f1ola de Rugby ha realizado este mi\u00e9rcoles el sorteo de la 2\u00aa Fase del Campeonato en Divisi\u00f3n de Honor B. Los celeste y vino quedan encuadrados en el [&hellip;]<\/p>\n","protected":false},"author":3,"featured_media":16410,"comment_status":"open","ping_status":"open","sticky":false,"template":"","format":"standard","meta":{"footnotes":""},"categories":[21,15],"tags":[43,215,92,32,83],"class_list":["post-16409","post","type-post","status-publish","format-standard","has-post-thumbnail","category-rugby","category-portada","tag-aranda-de-duero","tag-division-de-honor-b","tag-ferugby","tag-rugby-aranda","tag-tierras-del-duero"],"yoast_head":"<!-- This site is optimized with the Yoast SEO plugin v27.5 - https:\/\/yoast.com\/product\/yoast-seo-wordpress\/ -->\r\n<title>Rugby Aranda debutar\u00e1 frente a Real Oviedo Rugby en el Grupo A de Permanencia<\/title>\r\n<meta name=\"description\" content=\"El Deporte de Aranda y las tierras del Duero\" \/>\r\n<meta name=\"robots\" content=\"index, follow, max-snippet:-1, max-image-preview:large, max-video-preview:-1\" \/>\r\n<link rel=\"canonical\" href=\"https:\/\/www.duerodeporte.com\/index.php\/archivos\/16409\" \/>\r\n<meta property=\"og:locale\" content=\"es_ES\" \/>\r\n<meta property=\"og:type\" content=\"article\" \/>\r\n<meta property=\"og:title\" content=\"Rugby Aranda debutar\u00e1 frente a Real Oviedo Rugby en el Grupo A de Permanencia\" \/>\r\n<meta property=\"og:description\" content=\"El Deporte de Aranda y las tierras del Duero\" \/>\r\n<meta property=\"og:url\" content=\"https:\/\/www.duerodeporte.com\/index.php\/archivos\/16409\" \/>\r\n<meta property=\"og:site_name\" content=\"Duero Deporte\" \/>\r\n<meta property=\"article:publisher\" content=\"https:\/\/www.facebook.com\/61555928375028\" \/>\r\n<meta property=\"article:published_time\" content=\"2026-02-11T20:11:25+00:00\" \/>\r\n<meta property=\"article:modified_time\" content=\"2026-02-11T20:21:54+00:00\" \/>\r\n<meta property=\"og:image\" content=\"https:\/\/www.duerodeporte.com\/wp-content\/uploads\/2026\/02\/IMG-20251221-WA0071-e1770840753490.jpg\" \/>\r\n\t<meta property=\"og:image:width\" content=\"1600\" \/>\r\n\t<meta property=\"og:image:height\" content=\"870\" \/>\r\n\t<meta property=\"og:image:type\" content=\"image\/jpeg\" \/>\r\n<meta name=\"author\" content=\"Diego A. Mart\u00edn\" \/>\r\n<meta name=\"twitter:card\" content=\"summary_large_image\" \/>\r\n<meta name=\"twitter:creator\" content=\"@Diegoamartin13\" \/>\r\n<meta name=\"twitter:site\" content=\"@Diegoamartin13\" \/>\r\n<meta name=\"twitter:label1\" content=\"Escrito por\" \/>\n\t<meta name=\"twitter:data1\" content=\"Diego A. Mart\u00edn\" \/>\n\t<meta name=\"twitter:label2\" content=\"Tiempo de lectura\" \/>\n\t<meta name=\"twitter:data2\" content=\"2 minutos\" \/>\r\n<script type=\"application\/ld+json\" class=\"yoast-schema-graph\">{\"@context\":\"https:\\\/\\\/schema.org\",\"@graph\":[{\"@type\":[\"Article\",\"SocialMediaPosting\"],\"@id\":\"https:\\\/\\\/www.duerodeporte.com\\\/index.php\\\/archivos\\\/16409#article\",\"isPartOf\":{\"@id\":\"https:\\\/\\\/www.duerodeporte.com\\\/index.php\\\/archivos\\\/16409\"},\"author\":{\"name\":\"Diego A. Mart\u00edn\",\"@id\":\"https:\\\/\\\/www.duerodeporte.com\\\/#\\\/schema\\\/person\\\/5f3368966f635b5ae0d23ffaf7a7f894\"},\"headline\":\"Rugby Aranda debutar\u00e1 frente a Real Oviedo Rugby en el Grupo A de Permanencia\",\"datePublished\":\"2026-02-11T20:11:25+00:00\",\"dateModified\":\"2026-02-11T20:21:54+00:00\",\"mainEntityOfPage\":{\"@id\":\"https:\\\/\\\/www.duerodeporte.com\\\/index.php\\\/archivos\\\/16409\"},\"wordCount\":331,\"commentCount\":0,\"publisher\":{\"@id\":\"https:\\\/\\\/www.duerodeporte.com\\\/#organization\"},\"image\":{\"@id\":\"https:\\\/\\\/www.duerodeporte.com\\\/index.php\\\/archivos\\\/16409#primaryimage\"},\"thumbnailUrl\":\"https:\\\/\\\/www.duerodeporte.com\\\/wp-content\\\/uploads\\\/2026\\\/02\\\/IMG-20251221-WA0071-e1770840753490.jpg\",\"keywords\":[\"aranda de duero\",\"Divisi\u00f3n de Honor B\",\"ferugby\",\"Rugby Aranda\",\"tierras del duero\"],\"articleSection\":[\"RUGBY\",\"z_PORTADA\"],\"inLanguage\":\"es\",\"potentialAction\":[{\"@type\":\"CommentAction\",\"name\":\"Comment\",\"target\":[\"https:\\\/\\\/www.duerodeporte.com\\\/index.php\\\/archivos\\\/16409#respond\"]}]},{\"@type\":[\"WebPage\",\"ItemPage\"],\"@id\":\"https:\\\/\\\/www.duerodeporte.com\\\/index.php\\\/archivos\\\/16409\",\"url\":\"https:\\\/\\\/www.duerodeporte.com\\\/index.php\\\/archivos\\\/16409\",\"name\":\"Rugby Aranda debutar\u00e1 frente a Real Oviedo Rugby en el Grupo A de Permanencia\",\"isPartOf\":{\"@id\":\"https:\\\/\\\/www.duerodeporte.com\\\/#website\"},\"primaryImageOfPage\":{\"@id\":\"https:\\\/\\\/www.duerodeporte.com\\\/index.php\\\/archivos\\\/16409#primaryimage\"},\"image\":{\"@id\":\"https:\\\/\\\/www.duerodeporte.com\\\/index.php\\\/archivos\\\/16409#primaryimage\"},\"thumbnailUrl\":\"https:\\\/\\\/www.duerodeporte.com\\\/wp-content\\\/uploads\\\/2026\\\/02\\\/IMG-20251221-WA0071-e1770840753490.jpg\",\"datePublished\":\"2026-02-11T20:11:25+00:00\",\"dateModified\":\"2026-02-11T20:21:54+00:00\",\"description\":\"El Deporte de Aranda y las tierras del Duero\",\"breadcrumb\":{\"@id\":\"https:\\\/\\\/www.duerodeporte.com\\\/index.php\\\/archivos\\\/16409#breadcrumb\"},\"inLanguage\":\"es\",\"potentialAction\":[{\"@type\":\"ReadAction\",\"target\":[\"https:\\\/\\\/www.duerodeporte.com\\\/index.php\\\/archivos\\\/16409\"]}]},{\"@type\":\"ImageObject\",\"inLanguage\":\"es\",\"@id\":\"https:\\\/\\\/www.duerodeporte.com\\\/index.php\\\/archivos\\\/16409#primaryimage\",\"url\":\"https:\\\/\\\/www.duerodeporte.com\\\/wp-content\\\/uploads\\\/2026\\\/02\\\/IMG-20251221-WA0071-e1770840753490.jpg\",\"contentUrl\":\"https:\\\/\\\/www.duerodeporte.com\\\/wp-content\\\/uploads\\\/2026\\\/02\\\/IMG-20251221-WA0071-e1770840753490.jpg\",\"width\":1600,\"height\":870,\"caption\":\"Imagen del encuentro de la la 1\u00aa Fase entre Rugby Aranda y Cormor\u00e1n en el campo de la Virgen de las Vi\u00f1as. \\\/ Arturo Sanz\"},{\"@type\":\"BreadcrumbList\",\"@id\":\"https:\\\/\\\/www.duerodeporte.com\\\/index.php\\\/archivos\\\/16409#breadcrumb\",\"itemListElement\":[{\"@type\":\"ListItem\",\"position\":1,\"name\":\"Portada\",\"item\":\"https:\\\/\\\/www.duerodeporte.com\\\/\"},{\"@type\":\"ListItem\",\"position\":2,\"name\":\"Rugby Aranda debutar\u00e1 frente a Real Oviedo Rugby en el Grupo A de Permanencia\"}]},{\"@type\":\"WebSite\",\"@id\":\"https:\\\/\\\/www.duerodeporte.com\\\/#website\",\"url\":\"https:\\\/\\\/www.duerodeporte.com\\\/\",\"name\":\"Duero Deporte\",\"description\":\"El Deporte de Aranda y las tierras del Duero\",\"publisher\":{\"@id\":\"https:\\\/\\\/www.duerodeporte.com\\\/#organization\"},\"alternateName\":\"El Deporte de Aranda y las tierras del Duero\",\"potentialAction\":[{\"@type\":\"SearchAction\",\"target\":{\"@type\":\"EntryPoint\",\"urlTemplate\":\"https:\\\/\\\/www.duerodeporte.com\\\/?s={search_term_string}\"},\"query-input\":{\"@type\":\"PropertyValueSpecification\",\"valueRequired\":true,\"valueName\":\"search_term_string\"}}],\"inLanguage\":\"es\"},{\"@type\":\"Organization\",\"@id\":\"https:\\\/\\\/www.duerodeporte.com\\\/#organization\",\"name\":\"Duero Deporte\",\"alternateName\":\"El Deporte de Aranda y las tierras del Duero\",\"url\":\"https:\\\/\\\/www.duerodeporte.com\\\/\",\"logo\":{\"@type\":\"ImageObject\",\"inLanguage\":\"es\",\"@id\":\"https:\\\/\\\/www.duerodeporte.com\\\/#\\\/schema\\\/logo\\\/image\\\/\",\"url\":\"https:\\\/\\\/www.duerodeporte.com\\\/wp-content\\\/uploads\\\/2023\\\/11\\\/A.ColorSinFondo-e1708011627555.png\",\"contentUrl\":\"https:\\\/\\\/www.duerodeporte.com\\\/wp-content\\\/uploads\\\/2023\\\/11\\\/A.ColorSinFondo-e1708011627555.png\",\"width\":750,\"height\":132,\"caption\":\"Duero Deporte\"},\"image\":{\"@id\":\"https:\\\/\\\/www.duerodeporte.com\\\/#\\\/schema\\\/logo\\\/image\\\/\"},\"sameAs\":[\"https:\\\/\\\/www.facebook.com\\\/61555928375028\",\"https:\\\/\\\/x.com\\\/Diegoamartin13\",\"https:\\\/\\\/www.youtube.com\\\/channel\\\/UCxIGQL8b9gmW-NjaChabCdA\"]},{\"@type\":\"Person\",\"@id\":\"https:\\\/\\\/www.duerodeporte.com\\\/#\\\/schema\\\/person\\\/5f3368966f635b5ae0d23ffaf7a7f894\",\"name\":\"Diego A. Mart\u00edn\",\"image\":{\"@type\":\"ImageObject\",\"inLanguage\":\"es\",\"@id\":\"https:\\\/\\\/www.duerodeporte.com\\\/wp-content\\\/uploads\\\/2024\\\/01\\\/Diego2-e1706522808572-150x150.jpeg\",\"url\":\"https:\\\/\\\/www.duerodeporte.com\\\/wp-content\\\/uploads\\\/2024\\\/01\\\/Diego2-e1706522808572-150x150.jpeg\",\"contentUrl\":\"https:\\\/\\\/www.duerodeporte.com\\\/wp-content\\\/uploads\\\/2024\\\/01\\\/Diego2-e1706522808572-150x150.jpeg\",\"caption\":\"Diego A. Mart\u00edn\"},\"url\":\"https:\\\/\\\/www.duerodeporte.com\\\/index.php\\\/archivos\\\/author\\\/diego\"}]}<\/script>\r\n<!-- \/ Yoast SEO plugin. -->","yoast_head_json":{"title":"Rugby Aranda debutar\u00e1 frente a Real Oviedo Rugby en el Grupo A de Permanencia","description":"El Deporte de Aranda y las tierras del Duero","robots":{"index":"index","follow":"follow","max-snippet":"max-snippet:-1","max-image-preview":"max-image-preview:large","max-video-preview":"max-video-preview:-1"},"canonical":"https:\/\/www.duerodeporte.com\/index.php\/archivos\/16409","og_locale":"es_ES","og_type":"article","og_title":"Rugby Aranda debutar\u00e1 frente a Real Oviedo Rugby en el Grupo A de Permanencia","og_description":"El Deporte de Aranda y las tierras del Duero","og_url":"https:\/\/www.duerodeporte.com\/index.php\/archivos\/16409","og_site_name":"Duero Deporte","article_publisher":"https:\/\/www.facebook.com\/61555928375028","article_published_time":"2026-02-11T20:11:25+00:00","article_modified_time":"2026-02-11T20:21:54+00:00","og_image":[{"width":1600,"height":870,"url":"https:\/\/www.duerodeporte.com\/wp-content\/uploads\/2026\/02\/IMG-20251221-WA0071-e1770840753490.jpg","type":"image\/jpeg"}],"author":"Diego A. Mart\u00edn","twitter_card":"summary_large_image","twitter_creator":"@Diegoamartin13","twitter_site":"@Diegoamartin13","twitter_misc":{"Escrito por":"Diego A. Mart\u00edn","Tiempo de lectura":"2 minutos"},"schema":{"@context":"https:\/\/schema.org","@graph":[{"@type":["Article","SocialMediaPosting"],"@id":"https:\/\/www.duerodeporte.com\/index.php\/archivos\/16409#article","isPartOf":{"@id":"https:\/\/www.duerodeporte.com\/index.php\/archivos\/16409"},"author":{"name":"Diego A. Mart\u00edn","@id":"https:\/\/www.duerodeporte.com\/#\/schema\/person\/5f3368966f635b5ae0d23ffaf7a7f894"},"headline":"Rugby Aranda debutar\u00e1 frente a Real Oviedo Rugby en el Grupo A de Permanencia","datePublished":"2026-02-11T20:11:25+00:00","dateModified":"2026-02-11T20:21:54+00:00","mainEntityOfPage":{"@id":"https:\/\/www.duerodeporte.com\/index.php\/archivos\/16409"},"wordCount":331,"commentCount":0,"publisher":{"@id":"https:\/\/www.duerodeporte.com\/#organization"},"image":{"@id":"https:\/\/www.duerodeporte.com\/index.php\/archivos\/16409#primaryimage"},"thumbnailUrl":"https:\/\/www.duerodeporte.com\/wp-content\/uploads\/2026\/02\/IMG-20251221-WA0071-e1770840753490.jpg","keywords":["aranda de duero","Divisi\u00f3n de Honor B","ferugby","Rugby Aranda","tierras del duero"],"articleSection":["RUGBY","z_PORTADA"],"inLanguage":"es","potentialAction":[{"@type":"CommentAction","name":"Comment","target":["https:\/\/www.duerodeporte.com\/index.php\/archivos\/16409#respond"]}]},{"@type":["WebPage","ItemPage"],"@id":"https:\/\/www.duerodeporte.com\/index.php\/archivos\/16409","url":"https:\/\/www.duerodeporte.com\/index.php\/archivos\/16409","name":"Rugby Aranda debutar\u00e1 frente a Real Oviedo Rugby en el Grupo A de Permanencia","isPartOf":{"@id":"https:\/\/www.duerodeporte.com\/#website"},"primaryImageOfPage":{"@id":"https:\/\/www.duerodeporte.com\/index.php\/archivos\/16409#primaryimage"},"image":{"@id":"https:\/\/www.duerodeporte.com\/index.php\/archivos\/16409#primaryimage"},"thumbnailUrl":"https:\/\/www.duerodeporte.com\/wp-content\/uploads\/2026\/02\/IMG-20251221-WA0071-e1770840753490.jpg","datePublished":"2026-02-11T20:11:25+00:00","dateModified":"2026-02-11T20:21:54+00:00","description":"El Deporte de Aranda y las tierras del Duero","breadcrumb":{"@id":"https:\/\/www.duerodeporte.com\/index.php\/archivos\/16409#breadcrumb"},"inLanguage":"es","potentialAction":[{"@type":"ReadAction","target":["https:\/\/www.duerodeporte.com\/index.php\/archivos\/16409"]}]},{"@type":"ImageObject","inLanguage":"es","@id":"https:\/\/www.duerodeporte.com\/index.php\/archivos\/16409#primaryimage","url":"https:\/\/www.duerodeporte.com\/wp-content\/uploads\/2026\/02\/IMG-20251221-WA0071-e1770840753490.jpg","contentUrl":"https:\/\/www.duerodeporte.com\/wp-content\/uploads\/2026\/02\/IMG-20251221-WA0071-e1770840753490.jpg","width":1600,"height":870,"caption":"Imagen del encuentro de la la 1\u00aa Fase entre Rugby Aranda y Cormor\u00e1n en el campo de la Virgen de las Vi\u00f1as. \/ Arturo Sanz"},{"@type":"BreadcrumbList","@id":"https:\/\/www.duerodeporte.com\/index.php\/archivos\/16409#breadcrumb","itemListElement":[{"@type":"ListItem","position":1,"name":"Portada","item":"https:\/\/www.duerodeporte.com\/"},{"@type":"ListItem","position":2,"name":"Rugby Aranda debutar\u00e1 frente a Real Oviedo Rugby en el Grupo A de Permanencia"}]},{"@type":"WebSite","@id":"https:\/\/www.duerodeporte.com\/#website","url":"https:\/\/www.duerodeporte.com\/","name":"Duero Deporte","description":"El Deporte de Aranda y las tierras del Duero","publisher":{"@id":"https:\/\/www.duerodeporte.com\/#organization"},"alternateName":"El Deporte de Aranda y las tierras del Duero","potentialAction":[{"@type":"SearchAction","target":{"@type":"EntryPoint","urlTemplate":"https:\/\/www.duerodeporte.com\/?s={search_term_string}"},"query-input":{"@type":"PropertyValueSpecification","valueRequired":true,"valueName":"search_term_string"}}],"inLanguage":"es"},{"@type":"Organization","@id":"https:\/\/www.duerodeporte.com\/#organization","name":"Duero Deporte","alternateName":"El Deporte de Aranda y las tierras del Duero","url":"https:\/\/www.duerodeporte.com\/","logo":{"@type":"ImageObject","inLanguage":"es","@id":"https:\/\/www.duerodeporte.com\/#\/schema\/logo\/image\/","url":"https:\/\/www.duerodeporte.com\/wp-content\/uploads\/2023\/11\/A.ColorSinFondo-e1708011627555.png","contentUrl":"https:\/\/www.duerodeporte.com\/wp-content\/uploads\/2023\/11\/A.ColorSinFondo-e1708011627555.png","width":750,"height":132,"caption":"Duero Deporte"},"image":{"@id":"https:\/\/www.duerodeporte.com\/#\/schema\/logo\/image\/"},"sameAs":["https:\/\/www.facebook.com\/61555928375028","https:\/\/x.com\/Diegoamartin13","https:\/\/www.youtube.com\/channel\/UCxIGQL8b9gmW-NjaChabCdA"]},{"@type":"Person","@id":"https:\/\/www.duerodeporte.com\/#\/schema\/person\/5f3368966f635b5ae0d23ffaf7a7f894","name":"Diego A. Mart\u00edn","image":{"@type":"ImageObject","inLanguage":"es","@id":"https:\/\/www.duerodeporte.com\/wp-content\/uploads\/2024\/01\/Diego2-e1706522808572-150x150.jpeg","url":"https:\/\/www.duerodeporte.com\/wp-content\/uploads\/2024\/01\/Diego2-e1706522808572-150x150.jpeg","contentUrl":"https:\/\/www.duerodeporte.com\/wp-content\/uploads\/2024\/01\/Diego2-e1706522808572-150x150.jpeg","caption":"Diego A. Mart\u00edn"},"url":"https:\/\/www.duerodeporte.com\/index.php\/archivos\/author\/diego"}]}},"views":382,"_links":{"self":[{"href":"https:\/\/www.duerodeporte.com\/index.php\/wp-json\/wp\/v2\/posts\/16409","targetHints":{"allow":["GET"]}}],"collection":[{"href":"https:\/\/www.duerodeporte.com\/index.php\/wp-json\/wp\/v2\/posts"}],"about":[{"href":"https:\/\/www.duerodeporte.com\/index.php\/wp-json\/wp\/v2\/types\/post"}],"author":[{"embeddable":true,"href":"https:\/\/www.duerodeporte.com\/index.php\/wp-json\/wp\/v2\/users\/3"}],"replies":[{"embeddable":true,"href":"https:\/\/www.duerodeporte.com\/index.php\/wp-json\/wp\/v2\/comments?post=16409"}],"version-history":[{"count":5,"href":"https:\/\/www.duerodeporte.com\/index.php\/wp-json\/wp\/v2\/posts\/16409\/revisions"}],"predecessor-version":[{"id":16415,"href":"https:\/\/www.duerodeporte.com\/index.php\/wp-json\/wp\/v2\/posts\/16409\/revisions\/16415"}],"wp:featuredmedia":[{"embeddable":true,"href":"https:\/\/www.duerodeporte.com\/index.php\/wp-json\/wp\/v2\/media\/16410"}],"wp:attachment":[{"href":"https:\/\/www.duerodeporte.com\/index.php\/wp-json\/wp\/v2\/media?parent=16409"}],"wp:term":[{"taxonomy":"category","embeddable":true,"href":"https:\/\/www.duerodeporte.com\/index.php\/wp-json\/wp\/v2\/categories?post=16409"},{"taxonomy":"post_tag","embeddable":true,"href":"https:\/\/www.duerodeporte.com\/index.php\/wp-json\/wp\/v2\/tags?post=16409"}],"curies":[{"name":"wp","href":"https:\/\/api.w.org\/{rel}","templated":true}]}}