{"id":16834,"date":"2026-03-08T18:22:24","date_gmt":"2026-03-08T17:22:24","guid":{"rendered":"https:\/\/www.duerodeporte.com\/?p=16834"},"modified":"2026-03-08T19:35:13","modified_gmt":"2026-03-08T18:35:13","slug":"adoc-brinda-por-el-regreso-de-atapuerca-y-el-futuro-olimpico-del-cross","status":"publish","type":"post","link":"https:\/\/www.duerodeporte.com\/index.php\/archivos\/16834","title":{"rendered":"ADOC brinda por el regreso de Atapuerca y el futuro ol\u00edmpico del cross"},"content":{"rendered":"\n<h2 class=\"wp-block-heading\">La gala 2026 celebrada en Aranda de Duero corona a los campeones del Circuito 25-26 y homenajea al Cross de La Constituci\u00f3n y la labor de la Concejal\u00eda de Deportes, entre otras personalidades como Juan Carlos Higuero o Marcos Moral. El presidente de la asociaci\u00f3n, \u00cd\u00f1igo Jimeno, tiende la mano a Atapuerca y se muestra optimista sobre la designaci\u00f3n ol\u00edmpica para Francia 2030 <\/h2>\n\n\n\n<p>El cross celebraba este fin de semana en Aranda de Duero la <strong>Gala ADOC 2026<\/strong> entre aplausos, vencedores, supervivientes, homenajes y deseos para un esperanzador e ilusionante futuro.<\/p>\n\n\n<div class=\"wp-block-image\">\n<figure class=\"aligncenter size-large\"><a href=\"https:\/\/federopticosmarin.com\/\"><img decoding=\"async\" src=\"https:\/\/www.duerodeporte.com\/wp-content\/uploads\/2026\/02\/Federopticos_marzo26-1024x234.jpeg\" alt=\"\" class=\"wp-image-16641\"\/><\/a><\/figure>\n<\/div>\n\n\n<p>Nombres propios como Nassim Hassaous o Lidia Campo, a los que se unieron otros grandes personajes de las Tierras del Duero como <strong><a href=\"https:\/\/www.instagram.com\/higuero_jc\/?hl=es\" type=\"link\" id=\"https:\/\/www.instagram.com\/higuero_jc\/?hl=es\">Juan Carlos Higuero<\/a> <\/strong>o <strong>Marcos Moral<\/strong>. Protagonismo que compartieron con el de <strong>Cross de La Constituci\u00f3n<\/strong> y la<strong> <a href=\"https:\/\/www.instagram.com\/concejaliadeportes_aranda\/?hl=es\" type=\"link\" id=\"https:\/\/www.instagram.com\/concejaliadeportes_aranda\/?hl=es\">Concejal\u00eda de Deportes<\/a> <\/strong>de Aranda de Duero, premiados por su particular labor esta temporada.<\/p>\n\n\n\n<p>Una encuentro que signific\u00f3 el colof\u00f3n al Circuito ADOC 2026 y sirvi\u00f3 para reconocer a los <strong>vencedores <\/strong>del mismo en categor\u00eda absoluta y Sub-20. El escenario de la Casa de Cultura recibi\u00f3 a los vencedores y atletas de honor de ambas categor\u00edas. <strong><a href=\"https:\/\/www.instagram.com\/94nassim\/?hl=es\" type=\"link\" id=\"https:\/\/www.instagram.com\/94nassim\/?hl=es\">Nassim Hassaous<\/a><\/strong> (48 puntos) recibi\u00f3 su premio tras revalidar su t\u00edtulo. Junto a \u00e9l, el padre de <strong>Dani Arce<\/strong> (42) subcampe\u00f3n del circuito, y Younes Kniya (42)<\/p>\n\n\n\n<p>En el lado femenino, la campeona de esta edici\u00f3n <strong><a href=\"https:\/\/www.instagram.com\/lidia_camposastre\/?hl=es\" type=\"link\" id=\"https:\/\/www.instagram.com\/lidia_camposastre\/?hl=es\">Lidia Campo<\/a><\/strong> (47 puntos) comparti\u00f3 honores con la gran <strong>Mar\u00eda Forrero <\/strong>(39) -ausente en la gala- y <strong>Claudia Corral<\/strong> (35) Un podio que otorga el prestigio que merece un circuito como el de ADOC. En categor\u00eda Sub-20 coron\u00f3 a <strong>Sof\u00eda Gregorio <\/strong>(51 puntos) y<strong> Alejandro Domingo<\/strong> (48)<\/p>\n\n\n\n<h2 class=\"wp-block-heading\">Homenajes y sentidos reconocimientos<\/h2>\n\n\n\n<p>La noche continu\u00f3 con m\u00e1s <strong>nombres propios<\/strong>. Tiempo de discursos y mensajes de <strong>agradecimientos <\/strong>que brindaron por el gran presente del cross y un floreciente <strong>futuro <\/strong>de nuevas <strong>alianzas <\/strong>y planes de unidad.<\/p>\n\n\n\n<p>La ADOC reconoci\u00f3 la labor de promoci\u00f3n y apoyo medi\u00e1tico de <strong><a href=\"https:\/\/www.instagram.com\/higuero_jc\/?hl=es\" type=\"link\" id=\"https:\/\/www.instagram.com\/higuero_jc\/?hl=es\">Juan Carlos Higuero<\/a><\/strong>. El ex atleta ol\u00edmpico y ahora comunicador subi\u00f3 a un escenario que compartir\u00eda con el entrenador nacional y responsable del fondo en la RFEA, <strong><a href=\"https:\/\/www.instagram.com\/joseevillacorta\/?hl=es\" type=\"link\" id=\"https:\/\/www.instagram.com\/joseevillacorta\/?hl=es\">Jos\u00e9 Enrique Villacorta<\/a><\/strong>. El leon\u00e9s recibi\u00f3 el homenaje de ADOC por su trayectoria. Dos nombres a los que se unir\u00eda, <strong>Marcos Moral<\/strong>, el que fuera responsable de la asociaci\u00f3n en el pasado y presidente del IDJ de Burgos. Otro gran nombre para una Gala m\u00e1gica.<\/p>\n\n\n\n<p>No falt\u00f3 el homenaje a la vida y a la superaci\u00f3n en la figura de <strong>Zigor Esnaola<\/strong>, atleta atendido en la pasada edici\u00f3n del Cross Popular de Amorebieta. El <strong><a href=\"https:\/\/www.euskadi.eus\/gobierno-vasco\/emergencias-112\/\" type=\"link\" id=\"https:\/\/www.euskadi.eus\/gobierno-vasco\/emergencias-112\/\">Servicio de Emergencias del Gobierno Vasco<\/a><\/strong> y la figura del <strong>Dr. Jes\u00fas Rubianes<\/strong> fueron tambi\u00e9n homenajeados tras devolver la esperanza al veterano atleta vasco.<\/p>\n\n\n\n<p>La Asociaci\u00f3n de Organizadores de Carreas de Campo a Trav\u00e9s y Ruta no pudo olvidar el apoyo de las instituciones y los patrocinadores. As\u00ed, de manera especial la pasada edici\u00f3n del <strong>Cross de La Constituci\u00f3n<\/strong> recibi\u00f3 el premio a la mejor prueba de la pasada edici\u00f3n. Un homenaje que fue de la mano del reconocimiento que recibi\u00f3 la<strong> <a href=\"https:\/\/www.arandactiva.com\/\" type=\"link\" id=\"https:\/\/www.arandactiva.com\/\">Concejal\u00eda de Deportes de Aranda de Duero<\/a><\/strong>, por su gran labor por el deporte y en particular por el atletismo, tambi\u00e9n por su labor en la Milla Urbana.<\/p>\n\n\n\n<p>Adem\u00e1s, la ADOC, reconoci\u00f3 la innovaci\u00f3n del <strong><a href=\"https:\/\/www.crossinternacionaldeitalica.es\/es\/\" type=\"link\" id=\"https:\/\/www.crossinternacionaldeitalica.es\/es\/\">Cross de It\u00e1lica<\/a><\/strong> tras su prueba popular nocturna sum\u00e1ndose al calendario de este tipo de pruebas a lo largo del territorio nacional.<\/p>\n\n\n\n<figure class=\"wp-block-embed is-type-rich is-provider-twitter wp-block-embed-twitter\"><div class=\"wp-block-embed__wrapper\">\n<blockquote class=\"twitter-tweet\" data-width=\"550\" data-dnt=\"true\"><p lang=\"es\" dir=\"ltr\">\ud83d\udfe0 ATLETISMO<br><br>\ud83c\udfc3\ud83c\udffb\u200d\u2640\ufe0f El presidente <a href=\"https:\/\/twitter.com\/asociacionADOC?ref_src=twsrc%5Etfw\">@asociacionADOC<\/a>, \u00cd\u00f1igo Jimeno, clausura Gala 2\ufe0f\u20e30\ufe0f\u20e32\ufe0f\u20e36\ufe0f\u20e3<br> <br>\u25b6\ufe0f Jimeno invita a los organizadores de <a href=\"https:\/\/twitter.com\/CAtapuerca?ref_src=twsrc%5Etfw\">@CAtapuerca<\/a> (<a href=\"https:\/\/twitter.com\/IDJBurgos?ref_src=twsrc%5Etfw\">@IDJBurgos<\/a>) a que regresen al Circuito de la pr\u00f3xima temporada 2\ufe0f\u20e36\ufe0f\u20e3-2\ufe0f\u20e37\ufe0f\u20e3 <br><br>\u25b6\ufe0f El presidente manda un mensaje de uni\u00f3n ahora que se debate\u2026 <a href=\"https:\/\/t.co\/SrS9CFS3Iw\">pic.twitter.com\/SrS9CFS3Iw<\/a><\/p>&mdash; Diego A. Mart\u00edn (duerodeporte.com) (@Diegoamartin13) <a href=\"https:\/\/twitter.com\/Diegoamartin13\/status\/2030694082314412514?ref_src=twsrc%5Etfw\">March 8, 2026<\/a><\/blockquote><script async src=\"https:\/\/platform.twitter.com\/widgets.js\" charset=\"utf-8\"><\/script>\n<\/div><\/figure>\n\n\n\n<h2 class=\"wp-block-heading\">El deseo de Atapuerca y el cross como deporte ol\u00edmpico<\/h2>\n\n\n\n<p>El colof\u00f3n a la <strong>Gala ADOC 2026<\/strong> lo puso la gran foto de familia de organizadores, junta directiva, vencedores, premiados y homenajeados. Pero antes, el presidente de ADOC, <strong>\u00cd\u00f1igo Jimeno<\/strong>, no quiso pasar la oportunidad por reconocer el esfuerzo de todos y mirar a un floreciente futuro con esperanza.<\/p>\n\n\n\n<p>En estos tiempos en los que se debate sobre la posibilidad que el<strong> cross sea considerado <a href=\"https:\/\/www.olympics.com\/es\/\" type=\"link\" id=\"https:\/\/www.olympics.com\/es\/\">deporte ol\u00edmpico<\/a> para 2030<\/strong>, Jimeno brind\u00f3 tambi\u00e9n por sumar m\u00e1s pruebas para el futuro. Para la pr\u00f3xima temporada se sumar\u00e1<strong> Torredonjimeno<\/strong> y desde la ADOC se quiso <strong>tender la mano a que <a href=\"https:\/\/www.crossatapuerca.com\/nw\/\" type=\"link\" id=\"https:\/\/www.crossatapuerca.com\/nw\/\">Atapuerca<\/a> regresa al circuito<\/strong>. Los primeros pasos se han dado ahora toca esperar.<\/p>\n","protected":false},"excerpt":{"rendered":"<p>La gala 2026 celebrada en Aranda de Duero corona a los campeones del Circuito 25-26 y homenajea al Cross de La Constituci\u00f3n y la labor de la Concejal\u00eda de Deportes, [&hellip;]<\/p>\n","protected":false},"author":3,"featured_media":16835,"comment_status":"open","ping_status":"open","sticky":false,"template":"","format":"standard","meta":{"footnotes":""},"categories":[20,15],"tags":[592,43,301,1149,83],"class_list":["post-16834","post","type-post","status-publish","format-standard","has-post-thumbnail","category-atletismo","category-portada","tag-adoc","tag-aranda-de-duero","tag-juan-carlos-higuero","tag-lidia-campo","tag-tierras-del-duero"],"yoast_head":"<!-- This site is optimized with the Yoast SEO plugin v27.4 - https:\/\/yoast.com\/product\/yoast-seo-wordpress\/ -->\r\n<title>ADOC brinda por el regreso de Atapuerca y el futuro ol\u00edmpico del cross<\/title>\r\n<meta name=\"description\" content=\"El Deporte de Aranda y las tierras del Duero\" \/>\r\n<meta name=\"robots\" content=\"index, follow, max-snippet:-1, max-image-preview:large, max-video-preview:-1\" \/>\r\n<link rel=\"canonical\" href=\"https:\/\/www.duerodeporte.com\/index.php\/archivos\/16834\" \/>\r\n<meta property=\"og:locale\" content=\"es_ES\" \/>\r\n<meta property=\"og:type\" content=\"article\" \/>\r\n<meta property=\"og:title\" content=\"ADOC brinda por el regreso de Atapuerca y el futuro ol\u00edmpico del cross\" \/>\r\n<meta property=\"og:description\" content=\"El Deporte de Aranda y las tierras del Duero\" \/>\r\n<meta property=\"og:url\" content=\"https:\/\/www.duerodeporte.com\/index.php\/archivos\/16834\" \/>\r\n<meta property=\"og:site_name\" content=\"Duero Deporte\" \/>\r\n<meta property=\"article:publisher\" content=\"https:\/\/www.facebook.com\/61555928375028\" \/>\r\n<meta property=\"article:published_time\" content=\"2026-03-08T17:22:24+00:00\" \/>\r\n<meta property=\"article:modified_time\" content=\"2026-03-08T18:35:13+00:00\" \/>\r\n<meta property=\"og:image\" content=\"https:\/\/www.duerodeporte.com\/wp-content\/uploads\/2026\/03\/gala-ADOC-2026-11.jpg\" \/>\r\n\t<meta property=\"og:image:width\" content=\"1614\" \/>\r\n\t<meta property=\"og:image:height\" content=\"825\" \/>\r\n\t<meta property=\"og:image:type\" content=\"image\/jpeg\" \/>\r\n<meta name=\"author\" content=\"Diego A. Mart\u00edn\" \/>\r\n<meta name=\"twitter:card\" content=\"summary_large_image\" \/>\r\n<meta name=\"twitter:creator\" content=\"@Diegoamartin13\" \/>\r\n<meta name=\"twitter:site\" content=\"@Diegoamartin13\" \/>\r\n<meta name=\"twitter:label1\" content=\"Escrito por\" \/>\n\t<meta name=\"twitter:data1\" content=\"Diego A. Mart\u00edn\" \/>\n\t<meta name=\"twitter:label2\" content=\"Tiempo de lectura\" \/>\n\t<meta name=\"twitter:data2\" content=\"4 minutos\" \/>\r\n<script type=\"application\/ld+json\" class=\"yoast-schema-graph\">{\"@context\":\"https:\\\/\\\/schema.org\",\"@graph\":[{\"@type\":[\"Article\",\"SocialMediaPosting\"],\"@id\":\"https:\\\/\\\/www.duerodeporte.com\\\/index.php\\\/archivos\\\/16834#article\",\"isPartOf\":{\"@id\":\"https:\\\/\\\/www.duerodeporte.com\\\/index.php\\\/archivos\\\/16834\"},\"author\":{\"name\":\"Diego A. Mart\u00edn\",\"@id\":\"https:\\\/\\\/www.duerodeporte.com\\\/#\\\/schema\\\/person\\\/5f3368966f635b5ae0d23ffaf7a7f894\"},\"headline\":\"ADOC brinda por el regreso de Atapuerca y el futuro ol\u00edmpico del cross\",\"datePublished\":\"2026-03-08T17:22:24+00:00\",\"dateModified\":\"2026-03-08T18:35:13+00:00\",\"mainEntityOfPage\":{\"@id\":\"https:\\\/\\\/www.duerodeporte.com\\\/index.php\\\/archivos\\\/16834\"},\"wordCount\":730,\"commentCount\":0,\"publisher\":{\"@id\":\"https:\\\/\\\/www.duerodeporte.com\\\/#organization\"},\"image\":{\"@id\":\"https:\\\/\\\/www.duerodeporte.com\\\/index.php\\\/archivos\\\/16834#primaryimage\"},\"thumbnailUrl\":\"https:\\\/\\\/www.duerodeporte.com\\\/wp-content\\\/uploads\\\/2026\\\/03\\\/gala-ADOC-2026-11.jpg\",\"keywords\":[\"ADOC\",\"aranda de duero\",\"Juan Carlos Higuero\",\"Lidia Campo\",\"tierras del duero\"],\"articleSection\":[\"ATLETISMO\",\"z_PORTADA\"],\"inLanguage\":\"es\",\"potentialAction\":[{\"@type\":\"CommentAction\",\"name\":\"Comment\",\"target\":[\"https:\\\/\\\/www.duerodeporte.com\\\/index.php\\\/archivos\\\/16834#respond\"]}]},{\"@type\":[\"WebPage\",\"ItemPage\"],\"@id\":\"https:\\\/\\\/www.duerodeporte.com\\\/index.php\\\/archivos\\\/16834\",\"url\":\"https:\\\/\\\/www.duerodeporte.com\\\/index.php\\\/archivos\\\/16834\",\"name\":\"ADOC brinda por el regreso de Atapuerca y el futuro ol\u00edmpico del cross\",\"isPartOf\":{\"@id\":\"https:\\\/\\\/www.duerodeporte.com\\\/#website\"},\"primaryImageOfPage\":{\"@id\":\"https:\\\/\\\/www.duerodeporte.com\\\/index.php\\\/archivos\\\/16834#primaryimage\"},\"image\":{\"@id\":\"https:\\\/\\\/www.duerodeporte.com\\\/index.php\\\/archivos\\\/16834#primaryimage\"},\"thumbnailUrl\":\"https:\\\/\\\/www.duerodeporte.com\\\/wp-content\\\/uploads\\\/2026\\\/03\\\/gala-ADOC-2026-11.jpg\",\"datePublished\":\"2026-03-08T17:22:24+00:00\",\"dateModified\":\"2026-03-08T18:35:13+00:00\",\"description\":\"El Deporte de Aranda y las tierras del Duero\",\"breadcrumb\":{\"@id\":\"https:\\\/\\\/www.duerodeporte.com\\\/index.php\\\/archivos\\\/16834#breadcrumb\"},\"inLanguage\":\"es\",\"potentialAction\":[{\"@type\":\"ReadAction\",\"target\":[\"https:\\\/\\\/www.duerodeporte.com\\\/index.php\\\/archivos\\\/16834\"]}]},{\"@type\":\"ImageObject\",\"inLanguage\":\"es\",\"@id\":\"https:\\\/\\\/www.duerodeporte.com\\\/index.php\\\/archivos\\\/16834#primaryimage\",\"url\":\"https:\\\/\\\/www.duerodeporte.com\\\/wp-content\\\/uploads\\\/2026\\\/03\\\/gala-ADOC-2026-11.jpg\",\"contentUrl\":\"https:\\\/\\\/www.duerodeporte.com\\\/wp-content\\\/uploads\\\/2026\\\/03\\\/gala-ADOC-2026-11.jpg\",\"width\":1614,\"height\":825,\"caption\":\"Foto de familia de los premiados y galardonados en la Gala ADOC 2026 celebrada en Aranda de Duero. \\\/ DUERO Deporte\"},{\"@type\":\"BreadcrumbList\",\"@id\":\"https:\\\/\\\/www.duerodeporte.com\\\/index.php\\\/archivos\\\/16834#breadcrumb\",\"itemListElement\":[{\"@type\":\"ListItem\",\"position\":1,\"name\":\"Portada\",\"item\":\"https:\\\/\\\/www.duerodeporte.com\\\/\"},{\"@type\":\"ListItem\",\"position\":2,\"name\":\"ADOC brinda por el regreso de Atapuerca y el futuro ol\u00edmpico del cross\"}]},{\"@type\":\"WebSite\",\"@id\":\"https:\\\/\\\/www.duerodeporte.com\\\/#website\",\"url\":\"https:\\\/\\\/www.duerodeporte.com\\\/\",\"name\":\"Duero Deporte\",\"description\":\"El Deporte de Aranda y las tierras del Duero\",\"publisher\":{\"@id\":\"https:\\\/\\\/www.duerodeporte.com\\\/#organization\"},\"alternateName\":\"El Deporte de Aranda y las tierras del Duero\",\"potentialAction\":[{\"@type\":\"SearchAction\",\"target\":{\"@type\":\"EntryPoint\",\"urlTemplate\":\"https:\\\/\\\/www.duerodeporte.com\\\/?s={search_term_string}\"},\"query-input\":{\"@type\":\"PropertyValueSpecification\",\"valueRequired\":true,\"valueName\":\"search_term_string\"}}],\"inLanguage\":\"es\"},{\"@type\":\"Organization\",\"@id\":\"https:\\\/\\\/www.duerodeporte.com\\\/#organization\",\"name\":\"Duero Deporte\",\"alternateName\":\"El Deporte de Aranda y las tierras del Duero\",\"url\":\"https:\\\/\\\/www.duerodeporte.com\\\/\",\"logo\":{\"@type\":\"ImageObject\",\"inLanguage\":\"es\",\"@id\":\"https:\\\/\\\/www.duerodeporte.com\\\/#\\\/schema\\\/logo\\\/image\\\/\",\"url\":\"https:\\\/\\\/www.duerodeporte.com\\\/wp-content\\\/uploads\\\/2023\\\/11\\\/A.ColorSinFondo-e1708011627555.png\",\"contentUrl\":\"https:\\\/\\\/www.duerodeporte.com\\\/wp-content\\\/uploads\\\/2023\\\/11\\\/A.ColorSinFondo-e1708011627555.png\",\"width\":750,\"height\":132,\"caption\":\"Duero Deporte\"},\"image\":{\"@id\":\"https:\\\/\\\/www.duerodeporte.com\\\/#\\\/schema\\\/logo\\\/image\\\/\"},\"sameAs\":[\"https:\\\/\\\/www.facebook.com\\\/61555928375028\",\"https:\\\/\\\/x.com\\\/Diegoamartin13\",\"https:\\\/\\\/www.youtube.com\\\/channel\\\/UCxIGQL8b9gmW-NjaChabCdA\"]},{\"@type\":\"Person\",\"@id\":\"https:\\\/\\\/www.duerodeporte.com\\\/#\\\/schema\\\/person\\\/5f3368966f635b5ae0d23ffaf7a7f894\",\"name\":\"Diego A. Mart\u00edn\",\"image\":{\"@type\":\"ImageObject\",\"inLanguage\":\"es\",\"@id\":\"https:\\\/\\\/www.duerodeporte.com\\\/wp-content\\\/uploads\\\/2024\\\/01\\\/Diego2-e1706522808572-150x150.jpeg\",\"url\":\"https:\\\/\\\/www.duerodeporte.com\\\/wp-content\\\/uploads\\\/2024\\\/01\\\/Diego2-e1706522808572-150x150.jpeg\",\"contentUrl\":\"https:\\\/\\\/www.duerodeporte.com\\\/wp-content\\\/uploads\\\/2024\\\/01\\\/Diego2-e1706522808572-150x150.jpeg\",\"caption\":\"Diego A. Mart\u00edn\"},\"url\":\"https:\\\/\\\/www.duerodeporte.com\\\/index.php\\\/archivos\\\/author\\\/diego\"}]}<\/script>\r\n<!-- \/ Yoast SEO plugin. -->","yoast_head_json":{"title":"ADOC brinda por el regreso de Atapuerca y el futuro ol\u00edmpico del cross","description":"El Deporte de Aranda y las tierras del Duero","robots":{"index":"index","follow":"follow","max-snippet":"max-snippet:-1","max-image-preview":"max-image-preview:large","max-video-preview":"max-video-preview:-1"},"canonical":"https:\/\/www.duerodeporte.com\/index.php\/archivos\/16834","og_locale":"es_ES","og_type":"article","og_title":"ADOC brinda por el regreso de Atapuerca y el futuro ol\u00edmpico del cross","og_description":"El Deporte de Aranda y las tierras del Duero","og_url":"https:\/\/www.duerodeporte.com\/index.php\/archivos\/16834","og_site_name":"Duero Deporte","article_publisher":"https:\/\/www.facebook.com\/61555928375028","article_published_time":"2026-03-08T17:22:24+00:00","article_modified_time":"2026-03-08T18:35:13+00:00","og_image":[{"width":1614,"height":825,"url":"https:\/\/www.duerodeporte.com\/wp-content\/uploads\/2026\/03\/gala-ADOC-2026-11.jpg","type":"image\/jpeg"}],"author":"Diego A. Mart\u00edn","twitter_card":"summary_large_image","twitter_creator":"@Diegoamartin13","twitter_site":"@Diegoamartin13","twitter_misc":{"Escrito por":"Diego A. Mart\u00edn","Tiempo de lectura":"4 minutos"},"schema":{"@context":"https:\/\/schema.org","@graph":[{"@type":["Article","SocialMediaPosting"],"@id":"https:\/\/www.duerodeporte.com\/index.php\/archivos\/16834#article","isPartOf":{"@id":"https:\/\/www.duerodeporte.com\/index.php\/archivos\/16834"},"author":{"name":"Diego A. Mart\u00edn","@id":"https:\/\/www.duerodeporte.com\/#\/schema\/person\/5f3368966f635b5ae0d23ffaf7a7f894"},"headline":"ADOC brinda por el regreso de Atapuerca y el futuro ol\u00edmpico del cross","datePublished":"2026-03-08T17:22:24+00:00","dateModified":"2026-03-08T18:35:13+00:00","mainEntityOfPage":{"@id":"https:\/\/www.duerodeporte.com\/index.php\/archivos\/16834"},"wordCount":730,"commentCount":0,"publisher":{"@id":"https:\/\/www.duerodeporte.com\/#organization"},"image":{"@id":"https:\/\/www.duerodeporte.com\/index.php\/archivos\/16834#primaryimage"},"thumbnailUrl":"https:\/\/www.duerodeporte.com\/wp-content\/uploads\/2026\/03\/gala-ADOC-2026-11.jpg","keywords":["ADOC","aranda de duero","Juan Carlos Higuero","Lidia Campo","tierras del duero"],"articleSection":["ATLETISMO","z_PORTADA"],"inLanguage":"es","potentialAction":[{"@type":"CommentAction","name":"Comment","target":["https:\/\/www.duerodeporte.com\/index.php\/archivos\/16834#respond"]}]},{"@type":["WebPage","ItemPage"],"@id":"https:\/\/www.duerodeporte.com\/index.php\/archivos\/16834","url":"https:\/\/www.duerodeporte.com\/index.php\/archivos\/16834","name":"ADOC brinda por el regreso de Atapuerca y el futuro ol\u00edmpico del cross","isPartOf":{"@id":"https:\/\/www.duerodeporte.com\/#website"},"primaryImageOfPage":{"@id":"https:\/\/www.duerodeporte.com\/index.php\/archivos\/16834#primaryimage"},"image":{"@id":"https:\/\/www.duerodeporte.com\/index.php\/archivos\/16834#primaryimage"},"thumbnailUrl":"https:\/\/www.duerodeporte.com\/wp-content\/uploads\/2026\/03\/gala-ADOC-2026-11.jpg","datePublished":"2026-03-08T17:22:24+00:00","dateModified":"2026-03-08T18:35:13+00:00","description":"El Deporte de Aranda y las tierras del Duero","breadcrumb":{"@id":"https:\/\/www.duerodeporte.com\/index.php\/archivos\/16834#breadcrumb"},"inLanguage":"es","potentialAction":[{"@type":"ReadAction","target":["https:\/\/www.duerodeporte.com\/index.php\/archivos\/16834"]}]},{"@type":"ImageObject","inLanguage":"es","@id":"https:\/\/www.duerodeporte.com\/index.php\/archivos\/16834#primaryimage","url":"https:\/\/www.duerodeporte.com\/wp-content\/uploads\/2026\/03\/gala-ADOC-2026-11.jpg","contentUrl":"https:\/\/www.duerodeporte.com\/wp-content\/uploads\/2026\/03\/gala-ADOC-2026-11.jpg","width":1614,"height":825,"caption":"Foto de familia de los premiados y galardonados en la Gala ADOC 2026 celebrada en Aranda de Duero. \/ DUERO Deporte"},{"@type":"BreadcrumbList","@id":"https:\/\/www.duerodeporte.com\/index.php\/archivos\/16834#breadcrumb","itemListElement":[{"@type":"ListItem","position":1,"name":"Portada","item":"https:\/\/www.duerodeporte.com\/"},{"@type":"ListItem","position":2,"name":"ADOC brinda por el regreso de Atapuerca y el futuro ol\u00edmpico del cross"}]},{"@type":"WebSite","@id":"https:\/\/www.duerodeporte.com\/#website","url":"https:\/\/www.duerodeporte.com\/","name":"Duero Deporte","description":"El Deporte de Aranda y las tierras del Duero","publisher":{"@id":"https:\/\/www.duerodeporte.com\/#organization"},"alternateName":"El Deporte de Aranda y las tierras del Duero","potentialAction":[{"@type":"SearchAction","target":{"@type":"EntryPoint","urlTemplate":"https:\/\/www.duerodeporte.com\/?s={search_term_string}"},"query-input":{"@type":"PropertyValueSpecification","valueRequired":true,"valueName":"search_term_string"}}],"inLanguage":"es"},{"@type":"Organization","@id":"https:\/\/www.duerodeporte.com\/#organization","name":"Duero Deporte","alternateName":"El Deporte de Aranda y las tierras del Duero","url":"https:\/\/www.duerodeporte.com\/","logo":{"@type":"ImageObject","inLanguage":"es","@id":"https:\/\/www.duerodeporte.com\/#\/schema\/logo\/image\/","url":"https:\/\/www.duerodeporte.com\/wp-content\/uploads\/2023\/11\/A.ColorSinFondo-e1708011627555.png","contentUrl":"https:\/\/www.duerodeporte.com\/wp-content\/uploads\/2023\/11\/A.ColorSinFondo-e1708011627555.png","width":750,"height":132,"caption":"Duero Deporte"},"image":{"@id":"https:\/\/www.duerodeporte.com\/#\/schema\/logo\/image\/"},"sameAs":["https:\/\/www.facebook.com\/61555928375028","https:\/\/x.com\/Diegoamartin13","https:\/\/www.youtube.com\/channel\/UCxIGQL8b9gmW-NjaChabCdA"]},{"@type":"Person","@id":"https:\/\/www.duerodeporte.com\/#\/schema\/person\/5f3368966f635b5ae0d23ffaf7a7f894","name":"Diego A. Mart\u00edn","image":{"@type":"ImageObject","inLanguage":"es","@id":"https:\/\/www.duerodeporte.com\/wp-content\/uploads\/2024\/01\/Diego2-e1706522808572-150x150.jpeg","url":"https:\/\/www.duerodeporte.com\/wp-content\/uploads\/2024\/01\/Diego2-e1706522808572-150x150.jpeg","contentUrl":"https:\/\/www.duerodeporte.com\/wp-content\/uploads\/2024\/01\/Diego2-e1706522808572-150x150.jpeg","caption":"Diego A. Mart\u00edn"},"url":"https:\/\/www.duerodeporte.com\/index.php\/archivos\/author\/diego"}]}},"views":325,"_links":{"self":[{"href":"https:\/\/www.duerodeporte.com\/index.php\/wp-json\/wp\/v2\/posts\/16834","targetHints":{"allow":["GET"]}}],"collection":[{"href":"https:\/\/www.duerodeporte.com\/index.php\/wp-json\/wp\/v2\/posts"}],"about":[{"href":"https:\/\/www.duerodeporte.com\/index.php\/wp-json\/wp\/v2\/types\/post"}],"author":[{"embeddable":true,"href":"https:\/\/www.duerodeporte.com\/index.php\/wp-json\/wp\/v2\/users\/3"}],"replies":[{"embeddable":true,"href":"https:\/\/www.duerodeporte.com\/index.php\/wp-json\/wp\/v2\/comments?post=16834"}],"version-history":[{"count":3,"href":"https:\/\/www.duerodeporte.com\/index.php\/wp-json\/wp\/v2\/posts\/16834\/revisions"}],"predecessor-version":[{"id":16840,"href":"https:\/\/www.duerodeporte.com\/index.php\/wp-json\/wp\/v2\/posts\/16834\/revisions\/16840"}],"wp:featuredmedia":[{"embeddable":true,"href":"https:\/\/www.duerodeporte.com\/index.php\/wp-json\/wp\/v2\/media\/16835"}],"wp:attachment":[{"href":"https:\/\/www.duerodeporte.com\/index.php\/wp-json\/wp\/v2\/media?parent=16834"}],"wp:term":[{"taxonomy":"category","embeddable":true,"href":"https:\/\/www.duerodeporte.com\/index.php\/wp-json\/wp\/v2\/categories?post=16834"},{"taxonomy":"post_tag","embeddable":true,"href":"https:\/\/www.duerodeporte.com\/index.php\/wp-json\/wp\/v2\/tags?post=16834"}],"curies":[{"name":"wp","href":"https:\/\/api.w.org\/{rel}","templated":true}]}}