{"id":16853,"date":"2026-03-09T23:36:07","date_gmt":"2026-03-09T22:36:07","guid":{"rendered":"https:\/\/www.duerodeporte.com\/?p=16853"},"modified":"2026-03-10T00:12:48","modified_gmt":"2026-03-09T23:12:48","slug":"celia-anton-socia-de-honor-de-atletismo-ribera","status":"publish","type":"post","link":"https:\/\/www.duerodeporte.com\/index.php\/archivos\/16853","title":{"rendered":"Celia Ant\u00f3n elegida socia de honor de la Asociaci\u00f3n Deportiva Atletismo Ribera"},"content":{"rendered":"\n<h2 class=\"wp-block-heading\">El colectivo decide sumar a su proyecto a una de las figuras m\u00e1s ilustres del deporte de las Tierras del Duero. La vinculaci\u00f3n persigue el impulso del atletismo para las nuevas generaciones. Ant\u00f3n agradece el nombramiento y afirma que \u00abes un honor seguir impulsando el deporte\u00bb <\/h2>\n\n\n\n<p><strong><a href=\"https:\/\/www.instagram.com\/celia_aa23\/?hl=es\" type=\"link\" id=\"https:\/\/www.instagram.com\/celia_aa23\/?hl=es\">Celia Ant\u00f3n<\/a> <\/strong>cuenta desde ahora con el t\u00edtulo de socia de honor. Una distinci\u00f3n que le llega a la atleta internacional desde la <strong><a href=\"https:\/\/www.instagram.com\/a.d.atletismo_ribera\/?hl=es\" type=\"link\" id=\"https:\/\/www.instagram.com\/a.d.atletismo_ribera\/?hl=es\">Asociaci\u00f3n Atletismo Ribera<\/a><\/strong> como reconocimiento a toda su trayectoria deportiva y su compromiso con el deporte siendo ejemplo e inspiraci\u00f3n para las nuevas generaciones de Aranda y las Tierras del Duero.<\/p>\n\n\n<div class=\"wp-block-image\">\n<figure class=\"aligncenter size-large\"><a href=\"https:\/\/www.federopticos.com\/pro\/\"><img loading=\"lazy\" decoding=\"async\" width=\"1024\" height=\"234\" src=\"https:\/\/www.duerodeporte.com\/wp-content\/uploads\/2026\/02\/Fedeopticos_feb26-1024x234.jpeg\" alt=\"\" class=\"wp-image-16369\" srcset=\"https:\/\/www.duerodeporte.com\/wp-content\/uploads\/2026\/02\/Fedeopticos_feb26-1024x234.jpeg 1024w, https:\/\/www.duerodeporte.com\/wp-content\/uploads\/2026\/02\/Fedeopticos_feb26-300x68.jpeg 300w, https:\/\/www.duerodeporte.com\/wp-content\/uploads\/2026\/02\/Fedeopticos_feb26-768x175.jpeg 768w, https:\/\/www.duerodeporte.com\/wp-content\/uploads\/2026\/02\/Fedeopticos_feb26-1536x350.jpeg 1536w, https:\/\/www.duerodeporte.com\/wp-content\/uploads\/2026\/02\/Fedeopticos_feb26-696x159.jpeg 696w, https:\/\/www.duerodeporte.com\/wp-content\/uploads\/2026\/02\/Fedeopticos_feb26-1068x244.jpeg 1068w, https:\/\/www.duerodeporte.com\/wp-content\/uploads\/2026\/02\/Fedeopticos_feb26.jpeg 1600w\" sizes=\"auto, (max-width: 1024px) 100vw, 1024px\" \/><\/a><\/figure>\n<\/div>\n\n\n<p>El pasado viernes 6 de marzo la propia asociaci\u00f3n deportiva celebr\u00f3 su <strong>asamblea general de socios <\/strong>donde entre los puntos a debate se expuso el nombramiento de Celia Ant\u00f3n como Socia de Honor. Una cuesti\u00f3n que se resolvi\u00f3 con el <strong>apoyo un\u00e1nime<\/strong> de los asociados.<\/p>\n\n\n\n<p>La Asociaci\u00f3n Atletismo Ribera ha querido vincular la figura de Celia Ant\u00f3n al proyecto como ejemplo de <strong>presente y futuro <\/strong>y con la idea de seguir <strong>promocionando <\/strong>el atletismo mediante diferentes iniciativas que ir\u00e1n d\u00e1ndose a conocer en el futuro. Sin ir m\u00e1s lejos, hace unos meses varios miembros de la asociaci\u00f3n y la propia Celia participaron en una <strong>mesa redonda<\/strong>, idea que podr\u00eda repetirse en el futuro.<\/p>\n\n\n\n<p>El pasado s\u00e1bado tras la celebraci\u00f3n de la <strong><a href=\"https:\/\/www.duerodeporte.com\/index.php\/archivos\/16834\" type=\"link\" id=\"https:\/\/www.duerodeporte.com\/index.php\/archivos\/16834\">Gala ADOC 2026<\/a> <\/strong>en la Casa de Cultura de Aranda de Duero, la propia Celia Ant\u00f3n atend\u00eda a DUERO Deporte para valorar este nombramiento:<\/p>\n\n\n\n<figure class=\"wp-block-embed is-type-video is-provider-youtube wp-block-embed-youtube wp-embed-aspect-16-9 wp-has-aspect-ratio\"><div class=\"wp-block-embed__wrapper\">\n<iframe loading=\"lazy\"  id=\"_ytid_62797\"  width=\"696\" height=\"391\"  data-origwidth=\"696\" data-origheight=\"391\" src=\"https:\/\/www.youtube.com\/embed\/c5IPr3u577E?enablejsapi=1&#038;autoplay=0&#038;cc_load_policy=0&#038;cc_lang_pref=&#038;iv_load_policy=1&#038;loop=0&#038;rel=0&#038;fs=1&#038;playsinline=0&#038;autohide=2&#038;theme=dark&#038;color=red&#038;controls=1&#038;disablekb=0&#038;\" class=\"__youtube_prefs__  epyt-is-override  no-lazyload\" title=\"YouTube player\"  allow=\"fullscreen; accelerometer; autoplay; clipboard-write; encrypted-media; gyroscope; picture-in-picture; web-share\" referrerpolicy=\"strict-origin-when-cross-origin\" allowfullscreen data-no-lazy=\"1\" data-skipgform_ajax_framebjll=\"\"><\/iframe>\n<\/div><\/figure>\n","protected":false},"excerpt":{"rendered":"<p>El colectivo decide sumar a su proyecto a una de las figuras m\u00e1s ilustres del deporte de las Tierras del Duero. La vinculaci\u00f3n persigue el impulso del atletismo para las [&hellip;]<\/p>\n","protected":false},"author":3,"featured_media":16854,"comment_status":"open","ping_status":"open","sticky":false,"template":"","format":"standard","meta":{"footnotes":""},"categories":[20,15],"tags":[43,99,781,548],"class_list":["post-16853","post","type-post","status-publish","format-standard","has-post-thumbnail","category-atletismo","category-portada","tag-aranda-de-duero","tag-atletismo","tag-atletismo-ribera","tag-celia-anton"],"yoast_head":"<!-- This site is optimized with the Yoast SEO plugin v27.4 - https:\/\/yoast.com\/product\/yoast-seo-wordpress\/ -->\r\n<title>Celia Ant\u00f3n elegida socia de honor de la Asociaci\u00f3n Deportiva Atletismo Ribera<\/title>\r\n<meta name=\"description\" content=\"El Deporte de Aranda y las tierras del Duero\" \/>\r\n<meta name=\"robots\" content=\"index, follow, max-snippet:-1, max-image-preview:large, max-video-preview:-1\" \/>\r\n<link rel=\"canonical\" href=\"https:\/\/www.duerodeporte.com\/index.php\/archivos\/16853\" \/>\r\n<meta property=\"og:locale\" content=\"es_ES\" \/>\r\n<meta property=\"og:type\" content=\"article\" \/>\r\n<meta property=\"og:title\" content=\"Celia Ant\u00f3n elegida socia de honor de la Asociaci\u00f3n Deportiva Atletismo Ribera\" \/>\r\n<meta property=\"og:description\" content=\"El Deporte de Aranda y las tierras del Duero\" \/>\r\n<meta property=\"og:url\" content=\"https:\/\/www.duerodeporte.com\/index.php\/archivos\/16853\" \/>\r\n<meta property=\"og:site_name\" content=\"Duero Deporte\" \/>\r\n<meta property=\"article:publisher\" content=\"https:\/\/www.facebook.com\/61555928375028\" \/>\r\n<meta property=\"article:published_time\" content=\"2026-03-09T22:36:07+00:00\" \/>\r\n<meta property=\"article:modified_time\" content=\"2026-03-09T23:12:48+00:00\" \/>\r\n<meta property=\"og:image\" content=\"https:\/\/www.duerodeporte.com\/wp-content\/uploads\/2026\/03\/WhatsApp-Image-2026-03-09-at-20.37.30.jpeg\" \/>\r\n\t<meta property=\"og:image:width\" content=\"1535\" \/>\r\n\t<meta property=\"og:image:height\" content=\"853\" \/>\r\n\t<meta property=\"og:image:type\" content=\"image\/jpeg\" \/>\r\n<meta name=\"author\" content=\"Diego A. Mart\u00edn\" \/>\r\n<meta name=\"twitter:card\" content=\"summary_large_image\" \/>\r\n<meta name=\"twitter:creator\" content=\"@Diegoamartin13\" \/>\r\n<meta name=\"twitter:site\" content=\"@Diegoamartin13\" \/>\r\n<meta name=\"twitter:label1\" content=\"Escrito por\" \/>\n\t<meta name=\"twitter:data1\" content=\"Diego A. Mart\u00edn\" \/>\n\t<meta name=\"twitter:label2\" content=\"Tiempo de lectura\" \/>\n\t<meta name=\"twitter:data2\" content=\"2 minutos\" \/>\r\n<script type=\"application\/ld+json\" class=\"yoast-schema-graph\">{\"@context\":\"https:\\\/\\\/schema.org\",\"@graph\":[{\"@type\":[\"Article\",\"SocialMediaPosting\"],\"@id\":\"https:\\\/\\\/www.duerodeporte.com\\\/index.php\\\/archivos\\\/16853#article\",\"isPartOf\":{\"@id\":\"https:\\\/\\\/www.duerodeporte.com\\\/index.php\\\/archivos\\\/16853\"},\"author\":{\"name\":\"Diego A. Mart\u00edn\",\"@id\":\"https:\\\/\\\/www.duerodeporte.com\\\/#\\\/schema\\\/person\\\/5f3368966f635b5ae0d23ffaf7a7f894\"},\"headline\":\"Celia Ant\u00f3n elegida socia de honor de la Asociaci\u00f3n Deportiva Atletismo Ribera\",\"datePublished\":\"2026-03-09T22:36:07+00:00\",\"dateModified\":\"2026-03-09T23:12:48+00:00\",\"mainEntityOfPage\":{\"@id\":\"https:\\\/\\\/www.duerodeporte.com\\\/index.php\\\/archivos\\\/16853\"},\"wordCount\":292,\"commentCount\":0,\"publisher\":{\"@id\":\"https:\\\/\\\/www.duerodeporte.com\\\/#organization\"},\"image\":{\"@id\":\"https:\\\/\\\/www.duerodeporte.com\\\/index.php\\\/archivos\\\/16853#primaryimage\"},\"thumbnailUrl\":\"https:\\\/\\\/www.duerodeporte.com\\\/wp-content\\\/uploads\\\/2026\\\/03\\\/WhatsApp-Image-2026-03-09-at-20.37.30.jpeg\",\"keywords\":[\"aranda de duero\",\"atletismo\",\"Atletismo Ribera\",\"Celia Ant\u00f3n\"],\"articleSection\":[\"ATLETISMO\",\"z_PORTADA\"],\"inLanguage\":\"es\",\"potentialAction\":[{\"@type\":\"CommentAction\",\"name\":\"Comment\",\"target\":[\"https:\\\/\\\/www.duerodeporte.com\\\/index.php\\\/archivos\\\/16853#respond\"]}]},{\"@type\":[\"WebPage\",\"ItemPage\"],\"@id\":\"https:\\\/\\\/www.duerodeporte.com\\\/index.php\\\/archivos\\\/16853\",\"url\":\"https:\\\/\\\/www.duerodeporte.com\\\/index.php\\\/archivos\\\/16853\",\"name\":\"Celia Ant\u00f3n elegida socia de honor de la Asociaci\u00f3n Deportiva Atletismo Ribera\",\"isPartOf\":{\"@id\":\"https:\\\/\\\/www.duerodeporte.com\\\/#website\"},\"primaryImageOfPage\":{\"@id\":\"https:\\\/\\\/www.duerodeporte.com\\\/index.php\\\/archivos\\\/16853#primaryimage\"},\"image\":{\"@id\":\"https:\\\/\\\/www.duerodeporte.com\\\/index.php\\\/archivos\\\/16853#primaryimage\"},\"thumbnailUrl\":\"https:\\\/\\\/www.duerodeporte.com\\\/wp-content\\\/uploads\\\/2026\\\/03\\\/WhatsApp-Image-2026-03-09-at-20.37.30.jpeg\",\"datePublished\":\"2026-03-09T22:36:07+00:00\",\"dateModified\":\"2026-03-09T23:12:48+00:00\",\"description\":\"El Deporte de Aranda y las tierras del Duero\",\"breadcrumb\":{\"@id\":\"https:\\\/\\\/www.duerodeporte.com\\\/index.php\\\/archivos\\\/16853#breadcrumb\"},\"inLanguage\":\"es\",\"potentialAction\":[{\"@type\":\"ReadAction\",\"target\":[\"https:\\\/\\\/www.duerodeporte.com\\\/index.php\\\/archivos\\\/16853\"]}]},{\"@type\":\"ImageObject\",\"inLanguage\":\"es\",\"@id\":\"https:\\\/\\\/www.duerodeporte.com\\\/index.php\\\/archivos\\\/16853#primaryimage\",\"url\":\"https:\\\/\\\/www.duerodeporte.com\\\/wp-content\\\/uploads\\\/2026\\\/03\\\/WhatsApp-Image-2026-03-09-at-20.37.30.jpeg\",\"contentUrl\":\"https:\\\/\\\/www.duerodeporte.com\\\/wp-content\\\/uploads\\\/2026\\\/03\\\/WhatsApp-Image-2026-03-09-at-20.37.30.jpeg\",\"width\":1535,\"height\":853,\"caption\":\"Celia Ant\u00f3n -en el centro- junto a Leocadio de Blas (i) y Melchor Gil. \\\/ Atletismo Ribera\"},{\"@type\":\"BreadcrumbList\",\"@id\":\"https:\\\/\\\/www.duerodeporte.com\\\/index.php\\\/archivos\\\/16853#breadcrumb\",\"itemListElement\":[{\"@type\":\"ListItem\",\"position\":1,\"name\":\"Portada\",\"item\":\"https:\\\/\\\/www.duerodeporte.com\\\/\"},{\"@type\":\"ListItem\",\"position\":2,\"name\":\"Celia Ant\u00f3n elegida socia de honor de la Asociaci\u00f3n Deportiva Atletismo Ribera\"}]},{\"@type\":\"WebSite\",\"@id\":\"https:\\\/\\\/www.duerodeporte.com\\\/#website\",\"url\":\"https:\\\/\\\/www.duerodeporte.com\\\/\",\"name\":\"Duero Deporte\",\"description\":\"El Deporte de Aranda y las tierras del Duero\",\"publisher\":{\"@id\":\"https:\\\/\\\/www.duerodeporte.com\\\/#organization\"},\"alternateName\":\"El Deporte de Aranda y las tierras del Duero\",\"potentialAction\":[{\"@type\":\"SearchAction\",\"target\":{\"@type\":\"EntryPoint\",\"urlTemplate\":\"https:\\\/\\\/www.duerodeporte.com\\\/?s={search_term_string}\"},\"query-input\":{\"@type\":\"PropertyValueSpecification\",\"valueRequired\":true,\"valueName\":\"search_term_string\"}}],\"inLanguage\":\"es\"},{\"@type\":\"Organization\",\"@id\":\"https:\\\/\\\/www.duerodeporte.com\\\/#organization\",\"name\":\"Duero Deporte\",\"alternateName\":\"El Deporte de Aranda y las tierras del Duero\",\"url\":\"https:\\\/\\\/www.duerodeporte.com\\\/\",\"logo\":{\"@type\":\"ImageObject\",\"inLanguage\":\"es\",\"@id\":\"https:\\\/\\\/www.duerodeporte.com\\\/#\\\/schema\\\/logo\\\/image\\\/\",\"url\":\"https:\\\/\\\/www.duerodeporte.com\\\/wp-content\\\/uploads\\\/2023\\\/11\\\/A.ColorSinFondo-e1708011627555.png\",\"contentUrl\":\"https:\\\/\\\/www.duerodeporte.com\\\/wp-content\\\/uploads\\\/2023\\\/11\\\/A.ColorSinFondo-e1708011627555.png\",\"width\":750,\"height\":132,\"caption\":\"Duero Deporte\"},\"image\":{\"@id\":\"https:\\\/\\\/www.duerodeporte.com\\\/#\\\/schema\\\/logo\\\/image\\\/\"},\"sameAs\":[\"https:\\\/\\\/www.facebook.com\\\/61555928375028\",\"https:\\\/\\\/x.com\\\/Diegoamartin13\",\"https:\\\/\\\/www.youtube.com\\\/channel\\\/UCxIGQL8b9gmW-NjaChabCdA\"]},{\"@type\":\"Person\",\"@id\":\"https:\\\/\\\/www.duerodeporte.com\\\/#\\\/schema\\\/person\\\/5f3368966f635b5ae0d23ffaf7a7f894\",\"name\":\"Diego A. Mart\u00edn\",\"image\":{\"@type\":\"ImageObject\",\"inLanguage\":\"es\",\"@id\":\"https:\\\/\\\/www.duerodeporte.com\\\/wp-content\\\/uploads\\\/2024\\\/01\\\/Diego2-e1706522808572-150x150.jpeg\",\"url\":\"https:\\\/\\\/www.duerodeporte.com\\\/wp-content\\\/uploads\\\/2024\\\/01\\\/Diego2-e1706522808572-150x150.jpeg\",\"contentUrl\":\"https:\\\/\\\/www.duerodeporte.com\\\/wp-content\\\/uploads\\\/2024\\\/01\\\/Diego2-e1706522808572-150x150.jpeg\",\"caption\":\"Diego A. Mart\u00edn\"},\"url\":\"https:\\\/\\\/www.duerodeporte.com\\\/index.php\\\/archivos\\\/author\\\/diego\"}]}<\/script>\r\n<!-- \/ Yoast SEO plugin. -->","yoast_head_json":{"title":"Celia Ant\u00f3n elegida socia de honor de la Asociaci\u00f3n Deportiva Atletismo Ribera","description":"El Deporte de Aranda y las tierras del Duero","robots":{"index":"index","follow":"follow","max-snippet":"max-snippet:-1","max-image-preview":"max-image-preview:large","max-video-preview":"max-video-preview:-1"},"canonical":"https:\/\/www.duerodeporte.com\/index.php\/archivos\/16853","og_locale":"es_ES","og_type":"article","og_title":"Celia Ant\u00f3n elegida socia de honor de la Asociaci\u00f3n Deportiva Atletismo Ribera","og_description":"El Deporte de Aranda y las tierras del Duero","og_url":"https:\/\/www.duerodeporte.com\/index.php\/archivos\/16853","og_site_name":"Duero Deporte","article_publisher":"https:\/\/www.facebook.com\/61555928375028","article_published_time":"2026-03-09T22:36:07+00:00","article_modified_time":"2026-03-09T23:12:48+00:00","og_image":[{"width":1535,"height":853,"url":"https:\/\/www.duerodeporte.com\/wp-content\/uploads\/2026\/03\/WhatsApp-Image-2026-03-09-at-20.37.30.jpeg","type":"image\/jpeg"}],"author":"Diego A. Mart\u00edn","twitter_card":"summary_large_image","twitter_creator":"@Diegoamartin13","twitter_site":"@Diegoamartin13","twitter_misc":{"Escrito por":"Diego A. Mart\u00edn","Tiempo de lectura":"2 minutos"},"schema":{"@context":"https:\/\/schema.org","@graph":[{"@type":["Article","SocialMediaPosting"],"@id":"https:\/\/www.duerodeporte.com\/index.php\/archivos\/16853#article","isPartOf":{"@id":"https:\/\/www.duerodeporte.com\/index.php\/archivos\/16853"},"author":{"name":"Diego A. Mart\u00edn","@id":"https:\/\/www.duerodeporte.com\/#\/schema\/person\/5f3368966f635b5ae0d23ffaf7a7f894"},"headline":"Celia Ant\u00f3n elegida socia de honor de la Asociaci\u00f3n Deportiva Atletismo Ribera","datePublished":"2026-03-09T22:36:07+00:00","dateModified":"2026-03-09T23:12:48+00:00","mainEntityOfPage":{"@id":"https:\/\/www.duerodeporte.com\/index.php\/archivos\/16853"},"wordCount":292,"commentCount":0,"publisher":{"@id":"https:\/\/www.duerodeporte.com\/#organization"},"image":{"@id":"https:\/\/www.duerodeporte.com\/index.php\/archivos\/16853#primaryimage"},"thumbnailUrl":"https:\/\/www.duerodeporte.com\/wp-content\/uploads\/2026\/03\/WhatsApp-Image-2026-03-09-at-20.37.30.jpeg","keywords":["aranda de duero","atletismo","Atletismo Ribera","Celia Ant\u00f3n"],"articleSection":["ATLETISMO","z_PORTADA"],"inLanguage":"es","potentialAction":[{"@type":"CommentAction","name":"Comment","target":["https:\/\/www.duerodeporte.com\/index.php\/archivos\/16853#respond"]}]},{"@type":["WebPage","ItemPage"],"@id":"https:\/\/www.duerodeporte.com\/index.php\/archivos\/16853","url":"https:\/\/www.duerodeporte.com\/index.php\/archivos\/16853","name":"Celia Ant\u00f3n elegida socia de honor de la Asociaci\u00f3n Deportiva Atletismo Ribera","isPartOf":{"@id":"https:\/\/www.duerodeporte.com\/#website"},"primaryImageOfPage":{"@id":"https:\/\/www.duerodeporte.com\/index.php\/archivos\/16853#primaryimage"},"image":{"@id":"https:\/\/www.duerodeporte.com\/index.php\/archivos\/16853#primaryimage"},"thumbnailUrl":"https:\/\/www.duerodeporte.com\/wp-content\/uploads\/2026\/03\/WhatsApp-Image-2026-03-09-at-20.37.30.jpeg","datePublished":"2026-03-09T22:36:07+00:00","dateModified":"2026-03-09T23:12:48+00:00","description":"El Deporte de Aranda y las tierras del Duero","breadcrumb":{"@id":"https:\/\/www.duerodeporte.com\/index.php\/archivos\/16853#breadcrumb"},"inLanguage":"es","potentialAction":[{"@type":"ReadAction","target":["https:\/\/www.duerodeporte.com\/index.php\/archivos\/16853"]}]},{"@type":"ImageObject","inLanguage":"es","@id":"https:\/\/www.duerodeporte.com\/index.php\/archivos\/16853#primaryimage","url":"https:\/\/www.duerodeporte.com\/wp-content\/uploads\/2026\/03\/WhatsApp-Image-2026-03-09-at-20.37.30.jpeg","contentUrl":"https:\/\/www.duerodeporte.com\/wp-content\/uploads\/2026\/03\/WhatsApp-Image-2026-03-09-at-20.37.30.jpeg","width":1535,"height":853,"caption":"Celia Ant\u00f3n -en el centro- junto a Leocadio de Blas (i) y Melchor Gil. \/ Atletismo Ribera"},{"@type":"BreadcrumbList","@id":"https:\/\/www.duerodeporte.com\/index.php\/archivos\/16853#breadcrumb","itemListElement":[{"@type":"ListItem","position":1,"name":"Portada","item":"https:\/\/www.duerodeporte.com\/"},{"@type":"ListItem","position":2,"name":"Celia Ant\u00f3n elegida socia de honor de la Asociaci\u00f3n Deportiva Atletismo Ribera"}]},{"@type":"WebSite","@id":"https:\/\/www.duerodeporte.com\/#website","url":"https:\/\/www.duerodeporte.com\/","name":"Duero Deporte","description":"El Deporte de Aranda y las tierras del Duero","publisher":{"@id":"https:\/\/www.duerodeporte.com\/#organization"},"alternateName":"El Deporte de Aranda y las tierras del Duero","potentialAction":[{"@type":"SearchAction","target":{"@type":"EntryPoint","urlTemplate":"https:\/\/www.duerodeporte.com\/?s={search_term_string}"},"query-input":{"@type":"PropertyValueSpecification","valueRequired":true,"valueName":"search_term_string"}}],"inLanguage":"es"},{"@type":"Organization","@id":"https:\/\/www.duerodeporte.com\/#organization","name":"Duero Deporte","alternateName":"El Deporte de Aranda y las tierras del Duero","url":"https:\/\/www.duerodeporte.com\/","logo":{"@type":"ImageObject","inLanguage":"es","@id":"https:\/\/www.duerodeporte.com\/#\/schema\/logo\/image\/","url":"https:\/\/www.duerodeporte.com\/wp-content\/uploads\/2023\/11\/A.ColorSinFondo-e1708011627555.png","contentUrl":"https:\/\/www.duerodeporte.com\/wp-content\/uploads\/2023\/11\/A.ColorSinFondo-e1708011627555.png","width":750,"height":132,"caption":"Duero Deporte"},"image":{"@id":"https:\/\/www.duerodeporte.com\/#\/schema\/logo\/image\/"},"sameAs":["https:\/\/www.facebook.com\/61555928375028","https:\/\/x.com\/Diegoamartin13","https:\/\/www.youtube.com\/channel\/UCxIGQL8b9gmW-NjaChabCdA"]},{"@type":"Person","@id":"https:\/\/www.duerodeporte.com\/#\/schema\/person\/5f3368966f635b5ae0d23ffaf7a7f894","name":"Diego A. Mart\u00edn","image":{"@type":"ImageObject","inLanguage":"es","@id":"https:\/\/www.duerodeporte.com\/wp-content\/uploads\/2024\/01\/Diego2-e1706522808572-150x150.jpeg","url":"https:\/\/www.duerodeporte.com\/wp-content\/uploads\/2024\/01\/Diego2-e1706522808572-150x150.jpeg","contentUrl":"https:\/\/www.duerodeporte.com\/wp-content\/uploads\/2024\/01\/Diego2-e1706522808572-150x150.jpeg","caption":"Diego A. Mart\u00edn"},"url":"https:\/\/www.duerodeporte.com\/index.php\/archivos\/author\/diego"}]}},"views":258,"_links":{"self":[{"href":"https:\/\/www.duerodeporte.com\/index.php\/wp-json\/wp\/v2\/posts\/16853","targetHints":{"allow":["GET"]}}],"collection":[{"href":"https:\/\/www.duerodeporte.com\/index.php\/wp-json\/wp\/v2\/posts"}],"about":[{"href":"https:\/\/www.duerodeporte.com\/index.php\/wp-json\/wp\/v2\/types\/post"}],"author":[{"embeddable":true,"href":"https:\/\/www.duerodeporte.com\/index.php\/wp-json\/wp\/v2\/users\/3"}],"replies":[{"embeddable":true,"href":"https:\/\/www.duerodeporte.com\/index.php\/wp-json\/wp\/v2\/comments?post=16853"}],"version-history":[{"count":8,"href":"https:\/\/www.duerodeporte.com\/index.php\/wp-json\/wp\/v2\/posts\/16853\/revisions"}],"predecessor-version":[{"id":16865,"href":"https:\/\/www.duerodeporte.com\/index.php\/wp-json\/wp\/v2\/posts\/16853\/revisions\/16865"}],"wp:featuredmedia":[{"embeddable":true,"href":"https:\/\/www.duerodeporte.com\/index.php\/wp-json\/wp\/v2\/media\/16854"}],"wp:attachment":[{"href":"https:\/\/www.duerodeporte.com\/index.php\/wp-json\/wp\/v2\/media?parent=16853"}],"wp:term":[{"taxonomy":"category","embeddable":true,"href":"https:\/\/www.duerodeporte.com\/index.php\/wp-json\/wp\/v2\/categories?post=16853"},{"taxonomy":"post_tag","embeddable":true,"href":"https:\/\/www.duerodeporte.com\/index.php\/wp-json\/wp\/v2\/tags?post=16853"}],"curies":[{"name":"wp","href":"https:\/\/api.w.org\/{rel}","templated":true}]}}