{"id":16896,"date":"2026-03-11T16:52:31","date_gmt":"2026-03-11T15:52:31","guid":{"rendered":"https:\/\/www.duerodeporte.com\/?p=16896"},"modified":"2026-03-11T18:05:37","modified_gmt":"2026-03-11T17:05:37","slug":"vasco-teixeira-y-jevgenijs-rogonovs-convocados-para-la-ventana-de-selecciones","status":"publish","type":"post","link":"https:\/\/www.duerodeporte.com\/index.php\/archivos\/16896","title":{"rendered":"Vasco Teixeira y Jevgenijs Rogonovs convocados para la ventana de selecciones"},"content":{"rendered":"\n<h2 class=\"wp-block-heading\">El portero luso estrenar\u00e1 su primera internacionalidad absoluta, mientras el let\u00f3n regresa al combinado b\u00e1ltico en plena clasificaci\u00f3n para el pr\u00f3ximo Mundial 2027. Adem\u00e1s, Javi M\u00e1rquez dirige a los Hispanos juveniles en el Torneo Escandib\u00e9rico<\/h2>\n\n\n\n<p>Dos nuevas buenas noticias para la plantilla de <strong>Tubos Aranda Villa de Aranda<\/strong>. La escuadra amarilla nutrir\u00e1 nuevamente de internacionales a distintas federaciones europeas en la pr\u00f3xima ventana de selecciones. Y el entrenador del 1\u00ba equipo amarillo y seleccionador nacional juvenil, <strong><a href=\"https:\/\/www.instagram.com\/fjaviermarquez\/?hl=es\" type=\"link\" id=\"https:\/\/www.instagram.com\/fjaviermarquez\/?hl=es\">Javi M\u00e1rquez<\/a><\/strong>, dirigir\u00e1 a Los Hispanos en el <strong><a href=\"https:\/\/www.rfebm.com\/convocatoria-de-los-hispanos-juveniles-para-el-torneo-escandiberico\/\" type=\"link\" id=\"https:\/\/www.rfebm.com\/convocatoria-de-los-hispanos-juveniles-para-el-torneo-escandiberico\/\">Torneo Escandib\u00e9rico<\/a><\/strong> ante Noruega, Portugal y Suecia (19-21 marzo)<\/p>\n\n\n\n<figure class=\"wp-block-image size-large\"><img loading=\"lazy\" decoding=\"async\" width=\"1024\" height=\"234\" src=\"https:\/\/www.duerodeporte.com\/wp-content\/uploads\/2025\/07\/LaVilla-1024x234.jpeg\" alt=\"\" class=\"wp-image-12898\" srcset=\"https:\/\/www.duerodeporte.com\/wp-content\/uploads\/2025\/07\/LaVilla-1024x234.jpeg 1024w, https:\/\/www.duerodeporte.com\/wp-content\/uploads\/2025\/07\/LaVilla-300x68.jpeg 300w, https:\/\/www.duerodeporte.com\/wp-content\/uploads\/2025\/07\/LaVilla-768x175.jpeg 768w, https:\/\/www.duerodeporte.com\/wp-content\/uploads\/2025\/07\/LaVilla-1536x350.jpeg 1536w, https:\/\/www.duerodeporte.com\/wp-content\/uploads\/2025\/07\/LaVilla-696x159.jpeg 696w, https:\/\/www.duerodeporte.com\/wp-content\/uploads\/2025\/07\/LaVilla-1068x244.jpeg 1068w, https:\/\/www.duerodeporte.com\/wp-content\/uploads\/2025\/07\/LaVilla.jpeg 1600w\" sizes=\"auto, (max-width: 1024px) 100vw, 1024px\" \/><\/figure>\n\n\n\n<p>En esta ocasi\u00f3n, <strong><a href=\"https:\/\/www.instagram.com\/vasco_teixeira16\/?hl=es\" type=\"link\" id=\"https:\/\/www.instagram.com\/vasco_teixeira16\/?hl=es\">Vasco Teixeira<\/a> <\/strong>y <strong><a href=\"https:\/\/www.instagram.com\/_zhenia.r_\/?hl=es\" type=\"link\" id=\"https:\/\/www.instagram.com\/_zhenia.r_\/?hl=es\">Jevgenijs Rogonovs<\/a><\/strong> defender\u00e1n los colores de <strong>Portugal <\/strong>y <strong>Letonia<\/strong> de manera respectiva. Dos internacionales que demuestran el nivel que sigue manteniendo la plantilla del Villa de Aranda una temporada m\u00e1s.<\/p>\n\n\n\n<p>Para el let\u00f3n volver\u00e1 a ser especial representar al combinado b\u00e1ltico en plena lucha por alcanzar las<strong> rondas previas del pr\u00f3ximo Campeonato del Mundo <\/strong>en enero de 2027. El pr\u00f3ximo martes (19:40 h) -19 de marzo-, <a href=\"https:\/\/lolo.id\/events\/08b9b898-9e4f-4951-978f-4ce218ccf5bd\/?fbclid=PAZXh0bgNhZW0CMTEAc3J0YwZhcHBfaWQMMjU2MjgxMDQwNTU4AAGnpbzkFe-lbcOZ7y5KRDGOkvi4rLDDDr-vyoS-xgiFLnip3KzrQz--FL9Ful8_aem_Y8IQpiPwA9nK4LGRSWv1uQ\" type=\"link\" id=\"https:\/\/lolo.id\/events\/08b9b898-9e4f-4951-978f-4ce218ccf5bd\/?fbclid=PAZXh0bgNhZW0CMTEAc3J0YwZhcHBfaWQMMjU2MjgxMDQwNTU4AAGnpbzkFe-lbcOZ7y5KRDGOkvi4rLDDDr-vyoS-xgiFLnip3KzrQz--FL9Ful8_aem_Y8IQpiPwA9nK4LGRSWv1uQ\">Letonia recibe a Polonia<\/a>.<\/p>\n\n\n<div class=\"wp-block-image\">\n<figure class=\"aligncenter size-full\"><img loading=\"lazy\" decoding=\"async\" width=\"424\" height=\"539\" src=\"https:\/\/www.duerodeporte.com\/wp-content\/uploads\/2026\/03\/645774993_1576995877767704_1132432383522859380_n.jpg\" alt=\"\" class=\"wp-image-16900\" srcset=\"https:\/\/www.duerodeporte.com\/wp-content\/uploads\/2026\/03\/645774993_1576995877767704_1132432383522859380_n.jpg 424w, https:\/\/www.duerodeporte.com\/wp-content\/uploads\/2026\/03\/645774993_1576995877767704_1132432383522859380_n-236x300.jpg 236w\" sizes=\"auto, (max-width: 424px) 100vw, 424px\" \/><figcaption class=\"wp-element-caption\">Cartel del partido de Letonia ante Polonia. \/ Latvijas Handbola feder\u0101cija<\/figcaption><\/figure>\n<\/div>\n\n\n<p>Pero a\u00fan m\u00e1s especial es el caso de portero luso, que por <strong>primera vez <\/strong>en su carrera deportiva recibe la llamada para jugar con la<strong> selecci\u00f3n absoluta<\/strong> <strong>de Portugal<\/strong>. Ser\u00e1 el pr\u00f3ximo mi\u00e9rcoles (20:00 h) -20 de marzo) frente a la <strong>Rep\u00fablica Checa<\/strong> en el<a href=\"https:\/\/portal.fpa.pt\/2026\/03\/selecao-nacional-a-masculina-trofeu-cidade-de-tondela-ja-tem-protagonistas\/\" type=\"link\" id=\"https:\/\/portal.fpa.pt\/2026\/03\/selecao-nacional-a-masculina-trofeu-cidade-de-tondela-ja-tem-protagonistas\/\"> <strong>Trofeo Ciudad de Tondela<\/strong><\/a>.<\/p>\n\n\n<div class=\"wp-block-image\">\n<figure class=\"aligncenter size-full\"><img loading=\"lazy\" decoding=\"async\" width=\"417\" height=\"539\" src=\"https:\/\/www.duerodeporte.com\/wp-content\/uploads\/2026\/03\/649161908_1585140403619918_4062783696302884080_n.jpg\" alt=\"\" class=\"wp-image-16898\" srcset=\"https:\/\/www.duerodeporte.com\/wp-content\/uploads\/2026\/03\/649161908_1585140403619918_4062783696302884080_n.jpg 417w, https:\/\/www.duerodeporte.com\/wp-content\/uploads\/2026\/03\/649161908_1585140403619918_4062783696302884080_n-232x300.jpg 232w\" sizes=\"auto, (max-width: 417px) 100vw, 417px\" \/><figcaption class=\"wp-element-caption\">La lista de convocados del Paulo Pereira. \/ FAP<\/figcaption><\/figure>\n<\/div>","protected":false},"excerpt":{"rendered":"<p>El portero luso estrenar\u00e1 su primera internacionalidad absoluta, mientras el let\u00f3n regresa al combinado b\u00e1ltico en plena clasificaci\u00f3n para el pr\u00f3ximo Mundial 2027. Adem\u00e1s, Javi M\u00e1rquez dirige a los Hispanos [&hellip;]<\/p>\n","protected":false},"author":3,"featured_media":16897,"comment_status":"open","ping_status":"open","sticky":false,"template":"","format":"standard","meta":{"footnotes":""},"categories":[18],"tags":[43,177,27,40,83,28],"class_list":["post-16896","post","type-post","status-publish","format-standard","has-post-thumbnail","category-balonmano","tag-aranda-de-duero","tag-asobal","tag-balonmano","tag-rfebm","tag-tierras-del-duero","tag-villa-de-aranda"],"yoast_head":"<!-- This site is optimized with the Yoast SEO plugin v27.5 - https:\/\/yoast.com\/product\/yoast-seo-wordpress\/ -->\r\n<title>Vasco Teixeira y Jevgenijs Rogonovs convocados para la ventana de selecciones<\/title>\r\n<meta name=\"description\" content=\"El Deporte de Aranda y las tierras del Duero\" \/>\r\n<meta name=\"robots\" content=\"index, follow, max-snippet:-1, max-image-preview:large, max-video-preview:-1\" \/>\r\n<link rel=\"canonical\" href=\"https:\/\/www.duerodeporte.com\/index.php\/archivos\/16896\" \/>\r\n<meta property=\"og:locale\" content=\"es_ES\" \/>\r\n<meta property=\"og:type\" content=\"article\" \/>\r\n<meta property=\"og:title\" content=\"Vasco Teixeira y Jevgenijs Rogonovs convocados para la ventana de selecciones\" \/>\r\n<meta property=\"og:description\" content=\"El Deporte de Aranda y las tierras del Duero\" \/>\r\n<meta property=\"og:url\" content=\"https:\/\/www.duerodeporte.com\/index.php\/archivos\/16896\" \/>\r\n<meta property=\"og:site_name\" content=\"Duero Deporte\" \/>\r\n<meta property=\"article:publisher\" content=\"https:\/\/www.facebook.com\/61555928375028\" \/>\r\n<meta property=\"article:published_time\" content=\"2026-03-11T15:52:31+00:00\" \/>\r\n<meta property=\"article:modified_time\" content=\"2026-03-11T17:05:37+00:00\" \/>\r\n<meta property=\"og:image\" content=\"https:\/\/www.duerodeporte.com\/wp-content\/uploads\/2026\/03\/vasco-y-rogonovs-vda.jpg\" \/>\r\n\t<meta property=\"og:image:width\" content=\"938\" \/>\r\n\t<meta property=\"og:image:height\" content=\"522\" \/>\r\n\t<meta property=\"og:image:type\" content=\"image\/jpeg\" \/>\r\n<meta name=\"author\" content=\"Diego A. Mart\u00edn\" \/>\r\n<meta name=\"twitter:card\" content=\"summary_large_image\" \/>\r\n<meta name=\"twitter:creator\" content=\"@Diegoamartin13\" \/>\r\n<meta name=\"twitter:site\" content=\"@Diegoamartin13\" \/>\r\n<meta name=\"twitter:label1\" content=\"Escrito por\" \/>\n\t<meta name=\"twitter:data1\" content=\"Diego A. Mart\u00edn\" \/>\n\t<meta name=\"twitter:label2\" content=\"Tiempo de lectura\" \/>\n\t<meta name=\"twitter:data2\" content=\"2 minutos\" \/>\r\n<script type=\"application\/ld+json\" class=\"yoast-schema-graph\">{\"@context\":\"https:\\\/\\\/schema.org\",\"@graph\":[{\"@type\":[\"Article\",\"SocialMediaPosting\"],\"@id\":\"https:\\\/\\\/www.duerodeporte.com\\\/index.php\\\/archivos\\\/16896#article\",\"isPartOf\":{\"@id\":\"https:\\\/\\\/www.duerodeporte.com\\\/index.php\\\/archivos\\\/16896\"},\"author\":{\"name\":\"Diego A. Mart\u00edn\",\"@id\":\"https:\\\/\\\/www.duerodeporte.com\\\/#\\\/schema\\\/person\\\/5f3368966f635b5ae0d23ffaf7a7f894\"},\"headline\":\"Vasco Teixeira y Jevgenijs Rogonovs convocados para la ventana de selecciones\",\"datePublished\":\"2026-03-11T15:52:31+00:00\",\"dateModified\":\"2026-03-11T17:05:37+00:00\",\"mainEntityOfPage\":{\"@id\":\"https:\\\/\\\/www.duerodeporte.com\\\/index.php\\\/archivos\\\/16896\"},\"wordCount\":266,\"commentCount\":0,\"publisher\":{\"@id\":\"https:\\\/\\\/www.duerodeporte.com\\\/#organization\"},\"image\":{\"@id\":\"https:\\\/\\\/www.duerodeporte.com\\\/index.php\\\/archivos\\\/16896#primaryimage\"},\"thumbnailUrl\":\"https:\\\/\\\/www.duerodeporte.com\\\/wp-content\\\/uploads\\\/2026\\\/03\\\/vasco-y-rogonovs-vda.jpg\",\"keywords\":[\"aranda de duero\",\"Asobal\",\"balonmano\",\"Rfebm\",\"tierras del duero\",\"Villa de Aranda\"],\"articleSection\":[\"BALONMANO\"],\"inLanguage\":\"es\",\"potentialAction\":[{\"@type\":\"CommentAction\",\"name\":\"Comment\",\"target\":[\"https:\\\/\\\/www.duerodeporte.com\\\/index.php\\\/archivos\\\/16896#respond\"]}]},{\"@type\":[\"WebPage\",\"ItemPage\"],\"@id\":\"https:\\\/\\\/www.duerodeporte.com\\\/index.php\\\/archivos\\\/16896\",\"url\":\"https:\\\/\\\/www.duerodeporte.com\\\/index.php\\\/archivos\\\/16896\",\"name\":\"Vasco Teixeira y Jevgenijs Rogonovs convocados para la ventana de selecciones\",\"isPartOf\":{\"@id\":\"https:\\\/\\\/www.duerodeporte.com\\\/#website\"},\"primaryImageOfPage\":{\"@id\":\"https:\\\/\\\/www.duerodeporte.com\\\/index.php\\\/archivos\\\/16896#primaryimage\"},\"image\":{\"@id\":\"https:\\\/\\\/www.duerodeporte.com\\\/index.php\\\/archivos\\\/16896#primaryimage\"},\"thumbnailUrl\":\"https:\\\/\\\/www.duerodeporte.com\\\/wp-content\\\/uploads\\\/2026\\\/03\\\/vasco-y-rogonovs-vda.jpg\",\"datePublished\":\"2026-03-11T15:52:31+00:00\",\"dateModified\":\"2026-03-11T17:05:37+00:00\",\"description\":\"El Deporte de Aranda y las tierras del Duero\",\"breadcrumb\":{\"@id\":\"https:\\\/\\\/www.duerodeporte.com\\\/index.php\\\/archivos\\\/16896#breadcrumb\"},\"inLanguage\":\"es\",\"potentialAction\":[{\"@type\":\"ReadAction\",\"target\":[\"https:\\\/\\\/www.duerodeporte.com\\\/index.php\\\/archivos\\\/16896\"]}]},{\"@type\":\"ImageObject\",\"inLanguage\":\"es\",\"@id\":\"https:\\\/\\\/www.duerodeporte.com\\\/index.php\\\/archivos\\\/16896#primaryimage\",\"url\":\"https:\\\/\\\/www.duerodeporte.com\\\/wp-content\\\/uploads\\\/2026\\\/03\\\/vasco-y-rogonovs-vda.jpg\",\"contentUrl\":\"https:\\\/\\\/www.duerodeporte.com\\\/wp-content\\\/uploads\\\/2026\\\/03\\\/vasco-y-rogonovs-vda.jpg\",\"width\":938,\"height\":522,\"caption\":\"El portero portugu\u00e9s, Vasco Teixeira (i) y el pivote let\u00f3n, Jevgenijs Rogonovs. \\\/ Arturo Sanz y Alberto Calvo\"},{\"@type\":\"BreadcrumbList\",\"@id\":\"https:\\\/\\\/www.duerodeporte.com\\\/index.php\\\/archivos\\\/16896#breadcrumb\",\"itemListElement\":[{\"@type\":\"ListItem\",\"position\":1,\"name\":\"Portada\",\"item\":\"https:\\\/\\\/www.duerodeporte.com\\\/\"},{\"@type\":\"ListItem\",\"position\":2,\"name\":\"Vasco Teixeira y Jevgenijs Rogonovs convocados para la ventana de selecciones\"}]},{\"@type\":\"WebSite\",\"@id\":\"https:\\\/\\\/www.duerodeporte.com\\\/#website\",\"url\":\"https:\\\/\\\/www.duerodeporte.com\\\/\",\"name\":\"Duero Deporte\",\"description\":\"El Deporte de Aranda y las tierras del Duero\",\"publisher\":{\"@id\":\"https:\\\/\\\/www.duerodeporte.com\\\/#organization\"},\"alternateName\":\"El Deporte de Aranda y las tierras del Duero\",\"potentialAction\":[{\"@type\":\"SearchAction\",\"target\":{\"@type\":\"EntryPoint\",\"urlTemplate\":\"https:\\\/\\\/www.duerodeporte.com\\\/?s={search_term_string}\"},\"query-input\":{\"@type\":\"PropertyValueSpecification\",\"valueRequired\":true,\"valueName\":\"search_term_string\"}}],\"inLanguage\":\"es\"},{\"@type\":\"Organization\",\"@id\":\"https:\\\/\\\/www.duerodeporte.com\\\/#organization\",\"name\":\"Duero Deporte\",\"alternateName\":\"El Deporte de Aranda y las tierras del Duero\",\"url\":\"https:\\\/\\\/www.duerodeporte.com\\\/\",\"logo\":{\"@type\":\"ImageObject\",\"inLanguage\":\"es\",\"@id\":\"https:\\\/\\\/www.duerodeporte.com\\\/#\\\/schema\\\/logo\\\/image\\\/\",\"url\":\"https:\\\/\\\/www.duerodeporte.com\\\/wp-content\\\/uploads\\\/2023\\\/11\\\/A.ColorSinFondo-e1708011627555.png\",\"contentUrl\":\"https:\\\/\\\/www.duerodeporte.com\\\/wp-content\\\/uploads\\\/2023\\\/11\\\/A.ColorSinFondo-e1708011627555.png\",\"width\":750,\"height\":132,\"caption\":\"Duero Deporte\"},\"image\":{\"@id\":\"https:\\\/\\\/www.duerodeporte.com\\\/#\\\/schema\\\/logo\\\/image\\\/\"},\"sameAs\":[\"https:\\\/\\\/www.facebook.com\\\/61555928375028\",\"https:\\\/\\\/x.com\\\/Diegoamartin13\",\"https:\\\/\\\/www.youtube.com\\\/channel\\\/UCxIGQL8b9gmW-NjaChabCdA\"]},{\"@type\":\"Person\",\"@id\":\"https:\\\/\\\/www.duerodeporte.com\\\/#\\\/schema\\\/person\\\/5f3368966f635b5ae0d23ffaf7a7f894\",\"name\":\"Diego A. Mart\u00edn\",\"image\":{\"@type\":\"ImageObject\",\"inLanguage\":\"es\",\"@id\":\"https:\\\/\\\/www.duerodeporte.com\\\/wp-content\\\/uploads\\\/2024\\\/01\\\/Diego2-e1706522808572-150x150.jpeg\",\"url\":\"https:\\\/\\\/www.duerodeporte.com\\\/wp-content\\\/uploads\\\/2024\\\/01\\\/Diego2-e1706522808572-150x150.jpeg\",\"contentUrl\":\"https:\\\/\\\/www.duerodeporte.com\\\/wp-content\\\/uploads\\\/2024\\\/01\\\/Diego2-e1706522808572-150x150.jpeg\",\"caption\":\"Diego A. Mart\u00edn\"},\"url\":\"https:\\\/\\\/www.duerodeporte.com\\\/index.php\\\/archivos\\\/author\\\/diego\"}]}<\/script>\r\n<!-- \/ Yoast SEO plugin. -->","yoast_head_json":{"title":"Vasco Teixeira y Jevgenijs Rogonovs convocados para la ventana de selecciones","description":"El Deporte de Aranda y las tierras del Duero","robots":{"index":"index","follow":"follow","max-snippet":"max-snippet:-1","max-image-preview":"max-image-preview:large","max-video-preview":"max-video-preview:-1"},"canonical":"https:\/\/www.duerodeporte.com\/index.php\/archivos\/16896","og_locale":"es_ES","og_type":"article","og_title":"Vasco Teixeira y Jevgenijs Rogonovs convocados para la ventana de selecciones","og_description":"El Deporte de Aranda y las tierras del Duero","og_url":"https:\/\/www.duerodeporte.com\/index.php\/archivos\/16896","og_site_name":"Duero Deporte","article_publisher":"https:\/\/www.facebook.com\/61555928375028","article_published_time":"2026-03-11T15:52:31+00:00","article_modified_time":"2026-03-11T17:05:37+00:00","og_image":[{"width":938,"height":522,"url":"https:\/\/www.duerodeporte.com\/wp-content\/uploads\/2026\/03\/vasco-y-rogonovs-vda.jpg","type":"image\/jpeg"}],"author":"Diego A. Mart\u00edn","twitter_card":"summary_large_image","twitter_creator":"@Diegoamartin13","twitter_site":"@Diegoamartin13","twitter_misc":{"Escrito por":"Diego A. Mart\u00edn","Tiempo de lectura":"2 minutos"},"schema":{"@context":"https:\/\/schema.org","@graph":[{"@type":["Article","SocialMediaPosting"],"@id":"https:\/\/www.duerodeporte.com\/index.php\/archivos\/16896#article","isPartOf":{"@id":"https:\/\/www.duerodeporte.com\/index.php\/archivos\/16896"},"author":{"name":"Diego A. Mart\u00edn","@id":"https:\/\/www.duerodeporte.com\/#\/schema\/person\/5f3368966f635b5ae0d23ffaf7a7f894"},"headline":"Vasco Teixeira y Jevgenijs Rogonovs convocados para la ventana de selecciones","datePublished":"2026-03-11T15:52:31+00:00","dateModified":"2026-03-11T17:05:37+00:00","mainEntityOfPage":{"@id":"https:\/\/www.duerodeporte.com\/index.php\/archivos\/16896"},"wordCount":266,"commentCount":0,"publisher":{"@id":"https:\/\/www.duerodeporte.com\/#organization"},"image":{"@id":"https:\/\/www.duerodeporte.com\/index.php\/archivos\/16896#primaryimage"},"thumbnailUrl":"https:\/\/www.duerodeporte.com\/wp-content\/uploads\/2026\/03\/vasco-y-rogonovs-vda.jpg","keywords":["aranda de duero","Asobal","balonmano","Rfebm","tierras del duero","Villa de Aranda"],"articleSection":["BALONMANO"],"inLanguage":"es","potentialAction":[{"@type":"CommentAction","name":"Comment","target":["https:\/\/www.duerodeporte.com\/index.php\/archivos\/16896#respond"]}]},{"@type":["WebPage","ItemPage"],"@id":"https:\/\/www.duerodeporte.com\/index.php\/archivos\/16896","url":"https:\/\/www.duerodeporte.com\/index.php\/archivos\/16896","name":"Vasco Teixeira y Jevgenijs Rogonovs convocados para la ventana de selecciones","isPartOf":{"@id":"https:\/\/www.duerodeporte.com\/#website"},"primaryImageOfPage":{"@id":"https:\/\/www.duerodeporte.com\/index.php\/archivos\/16896#primaryimage"},"image":{"@id":"https:\/\/www.duerodeporte.com\/index.php\/archivos\/16896#primaryimage"},"thumbnailUrl":"https:\/\/www.duerodeporte.com\/wp-content\/uploads\/2026\/03\/vasco-y-rogonovs-vda.jpg","datePublished":"2026-03-11T15:52:31+00:00","dateModified":"2026-03-11T17:05:37+00:00","description":"El Deporte de Aranda y las tierras del Duero","breadcrumb":{"@id":"https:\/\/www.duerodeporte.com\/index.php\/archivos\/16896#breadcrumb"},"inLanguage":"es","potentialAction":[{"@type":"ReadAction","target":["https:\/\/www.duerodeporte.com\/index.php\/archivos\/16896"]}]},{"@type":"ImageObject","inLanguage":"es","@id":"https:\/\/www.duerodeporte.com\/index.php\/archivos\/16896#primaryimage","url":"https:\/\/www.duerodeporte.com\/wp-content\/uploads\/2026\/03\/vasco-y-rogonovs-vda.jpg","contentUrl":"https:\/\/www.duerodeporte.com\/wp-content\/uploads\/2026\/03\/vasco-y-rogonovs-vda.jpg","width":938,"height":522,"caption":"El portero portugu\u00e9s, Vasco Teixeira (i) y el pivote let\u00f3n, Jevgenijs Rogonovs. \/ Arturo Sanz y Alberto Calvo"},{"@type":"BreadcrumbList","@id":"https:\/\/www.duerodeporte.com\/index.php\/archivos\/16896#breadcrumb","itemListElement":[{"@type":"ListItem","position":1,"name":"Portada","item":"https:\/\/www.duerodeporte.com\/"},{"@type":"ListItem","position":2,"name":"Vasco Teixeira y Jevgenijs Rogonovs convocados para la ventana de selecciones"}]},{"@type":"WebSite","@id":"https:\/\/www.duerodeporte.com\/#website","url":"https:\/\/www.duerodeporte.com\/","name":"Duero Deporte","description":"El Deporte de Aranda y las tierras del Duero","publisher":{"@id":"https:\/\/www.duerodeporte.com\/#organization"},"alternateName":"El Deporte de Aranda y las tierras del Duero","potentialAction":[{"@type":"SearchAction","target":{"@type":"EntryPoint","urlTemplate":"https:\/\/www.duerodeporte.com\/?s={search_term_string}"},"query-input":{"@type":"PropertyValueSpecification","valueRequired":true,"valueName":"search_term_string"}}],"inLanguage":"es"},{"@type":"Organization","@id":"https:\/\/www.duerodeporte.com\/#organization","name":"Duero Deporte","alternateName":"El Deporte de Aranda y las tierras del Duero","url":"https:\/\/www.duerodeporte.com\/","logo":{"@type":"ImageObject","inLanguage":"es","@id":"https:\/\/www.duerodeporte.com\/#\/schema\/logo\/image\/","url":"https:\/\/www.duerodeporte.com\/wp-content\/uploads\/2023\/11\/A.ColorSinFondo-e1708011627555.png","contentUrl":"https:\/\/www.duerodeporte.com\/wp-content\/uploads\/2023\/11\/A.ColorSinFondo-e1708011627555.png","width":750,"height":132,"caption":"Duero Deporte"},"image":{"@id":"https:\/\/www.duerodeporte.com\/#\/schema\/logo\/image\/"},"sameAs":["https:\/\/www.facebook.com\/61555928375028","https:\/\/x.com\/Diegoamartin13","https:\/\/www.youtube.com\/channel\/UCxIGQL8b9gmW-NjaChabCdA"]},{"@type":"Person","@id":"https:\/\/www.duerodeporte.com\/#\/schema\/person\/5f3368966f635b5ae0d23ffaf7a7f894","name":"Diego A. Mart\u00edn","image":{"@type":"ImageObject","inLanguage":"es","@id":"https:\/\/www.duerodeporte.com\/wp-content\/uploads\/2024\/01\/Diego2-e1706522808572-150x150.jpeg","url":"https:\/\/www.duerodeporte.com\/wp-content\/uploads\/2024\/01\/Diego2-e1706522808572-150x150.jpeg","contentUrl":"https:\/\/www.duerodeporte.com\/wp-content\/uploads\/2024\/01\/Diego2-e1706522808572-150x150.jpeg","caption":"Diego A. Mart\u00edn"},"url":"https:\/\/www.duerodeporte.com\/index.php\/archivos\/author\/diego"}]}},"views":192,"_links":{"self":[{"href":"https:\/\/www.duerodeporte.com\/index.php\/wp-json\/wp\/v2\/posts\/16896","targetHints":{"allow":["GET"]}}],"collection":[{"href":"https:\/\/www.duerodeporte.com\/index.php\/wp-json\/wp\/v2\/posts"}],"about":[{"href":"https:\/\/www.duerodeporte.com\/index.php\/wp-json\/wp\/v2\/types\/post"}],"author":[{"embeddable":true,"href":"https:\/\/www.duerodeporte.com\/index.php\/wp-json\/wp\/v2\/users\/3"}],"replies":[{"embeddable":true,"href":"https:\/\/www.duerodeporte.com\/index.php\/wp-json\/wp\/v2\/comments?post=16896"}],"version-history":[{"count":9,"href":"https:\/\/www.duerodeporte.com\/index.php\/wp-json\/wp\/v2\/posts\/16896\/revisions"}],"predecessor-version":[{"id":16911,"href":"https:\/\/www.duerodeporte.com\/index.php\/wp-json\/wp\/v2\/posts\/16896\/revisions\/16911"}],"wp:featuredmedia":[{"embeddable":true,"href":"https:\/\/www.duerodeporte.com\/index.php\/wp-json\/wp\/v2\/media\/16897"}],"wp:attachment":[{"href":"https:\/\/www.duerodeporte.com\/index.php\/wp-json\/wp\/v2\/media?parent=16896"}],"wp:term":[{"taxonomy":"category","embeddable":true,"href":"https:\/\/www.duerodeporte.com\/index.php\/wp-json\/wp\/v2\/categories?post=16896"},{"taxonomy":"post_tag","embeddable":true,"href":"https:\/\/www.duerodeporte.com\/index.php\/wp-json\/wp\/v2\/tags?post=16896"}],"curies":[{"name":"wp","href":"https:\/\/api.w.org\/{rel}","templated":true}]}}