{"id":17799,"date":"2026-04-24T15:19:43","date_gmt":"2026-04-24T14:19:43","guid":{"rendered":"https:\/\/www.duerodeporte.com\/?p=17799"},"modified":"2026-04-24T15:31:48","modified_gmt":"2026-04-24T14:31:48","slug":"el-riber-recibe-el-plano-de-aranda-1503-como-homenaje-por-su-ascenso-a-regional","status":"publish","type":"post","link":"https:\/\/www.duerodeporte.com\/index.php\/archivos\/17799","title":{"rendered":"El Riber recibe el plano de Aranda 1503 como homenaje por su ascenso a Regional"},"content":{"rendered":"\n<h2 class=\"wp-block-heading\">La entidad azulona con el presidente a la cabeza junto a plantilla y cuerpo t\u00e9cnico han sido recibidos por el alcalde de la localidad, Antonio Linaje, en el Sal\u00f3n de Plenos. La concejala de Deportes, Bel\u00e9n Esteban, afirma que \u00abseguiremos apostando por este proyecto\u00bb. Desde el club, el entrenador, Bogarde apunta que \u00abpodemos llegar donde el club quiera\u00bb sobre el futuro de la entidad<\/h2>\n\n\n\n<p>El <strong><a href=\"https:\/\/www.cdarandariber.com\/\" type=\"link\" id=\"https:\/\/www.cdarandariber.com\/\">Aranda Riber <\/a><\/strong>sigue de celebraci\u00f3n. La entidad azulona, que el pasado s\u00e1bado lograba el <strong>asenso de Liga Regional<\/strong> tras proclamarse campe\u00f3n de Liga Provincial, ha sido recibida este viernes en el sal\u00f3n de plenos del <strong><a href=\"https:\/\/www.arandadeduero.es\/\" type=\"link\" id=\"https:\/\/www.arandadeduero.es\/\">Ayuntamiento de Aranda de Duero<\/a><\/strong>.<\/p>\n\n\n<div class=\"wp-block-image\">\n<figure class=\"aligncenter size-large\"><a href=\"https:\/\/multiriber.com\/\"><img loading=\"lazy\" decoding=\"async\" width=\"1024\" height=\"234\" src=\"https:\/\/www.duerodeporte.com\/wp-content\/uploads\/2023\/11\/multiriber-1024x234.png\" alt=\"\" class=\"wp-image-7716\" srcset=\"https:\/\/www.duerodeporte.com\/wp-content\/uploads\/2023\/11\/multiriber-1024x234.png 1024w, https:\/\/www.duerodeporte.com\/wp-content\/uploads\/2023\/11\/multiriber-300x69.png 300w, https:\/\/www.duerodeporte.com\/wp-content\/uploads\/2023\/11\/multiriber-768x176.png 768w, https:\/\/www.duerodeporte.com\/wp-content\/uploads\/2023\/11\/multiriber-1536x351.png 1536w, https:\/\/www.duerodeporte.com\/wp-content\/uploads\/2023\/11\/multiriber-696x159.png 696w, https:\/\/www.duerodeporte.com\/wp-content\/uploads\/2023\/11\/multiriber-1068x244.png 1068w, https:\/\/www.duerodeporte.com\/wp-content\/uploads\/2023\/11\/multiriber.png 1845w\" sizes=\"auto, (max-width: 1024px) 100vw, 1024px\" \/><\/a><\/figure>\n<\/div>\n\n\n<p>El alcalde de la ciudad, <strong>Antonio Linaje<\/strong>, y la concejala de Deportes, <strong>Bel\u00e9n Esteban<\/strong>, ha recibido a los campeones y han entregado el <strong>plano de Aranda de 1503 <\/strong>-m\u00e1xima distinci\u00f3n del Ayuntamiento- al club riberista.<\/p>\n\n\n\n<figure class=\"wp-block-embed is-type-rich is-provider-twitter wp-block-embed-twitter\"><div class=\"wp-block-embed__wrapper\">\n<blockquote class=\"twitter-tweet\" data-width=\"550\" data-dnt=\"true\"><p lang=\"es\" dir=\"ltr\">\ud83d\udfe0 F\u00daTBOL<br><br>\u26bd <a href=\"https:\/\/twitter.com\/RiberCD?ref_src=twsrc%5Etfw\">@RiberCD<\/a> recibe el homenaje del Ayuntamiento de Aranda de Duero despu\u00e9s del ascenso logrado a Liga Regional <a href=\"https:\/\/twitter.com\/FCyLF?ref_src=twsrc%5Etfw\">@FCyLF<\/a> como campeones<br><br>\u25b6\ufe0f Plantilla y cuerpo t\u00e9cnico visitan el Sal\u00f3n del Plenos donde el alcalde <a href=\"https:\/\/twitter.com\/AntonioLinaje?ref_src=twsrc%5Etfw\">@AntonioLinaje<\/a> les hace entrega de un obsequio por el \u00e9xito\u2026 <a href=\"https:\/\/t.co\/66F3ggTZ5g\">pic.twitter.com\/66F3ggTZ5g<\/a><\/p>&mdash; Diego A. Mart\u00edn (duerodeporte.com) (@Diegoamartin13) <a href=\"https:\/\/twitter.com\/Diegoamartin13\/status\/2047611970480730398?ref_src=twsrc%5Etfw\">April 24, 2026<\/a><\/blockquote><script async src=\"https:\/\/platform.twitter.com\/widgets.js\" charset=\"utf-8\"><\/script>\n<\/div><\/figure>\n\n\n\n<p>En el acto tanto el presidente del Riber, <strong>Jos\u00e9 Luis Briongos<\/strong>, como el propio alcalde, Antonio Linaje, la concejal de Deportes, Bel\u00e9n Esteban, y el entrenador del equipo campe\u00f3n de Provincial, <strong>Jos\u00e9 F\u00e9lix Mart\u00edn <em>Bogarde <\/em><\/strong>han repasado diferentes cuestiones de pasado, presente y futuro de la entidad azulona.<\/p>\n\n\n\n<p>Asi, el m\u00e1ximo responsable del club ha hecho referencia a los logros que est\u00e1 consiguiendo el club despu\u00e9s de tantos <strong>a\u00f1os de trabajo<\/strong>.<\/p>\n\n\n\n<figure class=\"wp-block-video\"><video height=\"720\" style=\"aspect-ratio: 1280 \/ 720;\" width=\"1280\" controls src=\"https:\/\/www.duerodeporte.com\/wp-content\/uploads\/2026\/04\/WhatsApp-Video-2026-04-24-at-14.43.58.mp4\"><\/video><\/figure>\n\n\n\n<p>Mientras tanto, el alcalde ha querido destacar este logro con el ascenso del club algo que ha propiciado que la entidad azulona sea ahora acreedora de la <strong>m\u00e1xima distinci\u00f3n de la localidad<\/strong>, el plano de Aranda de 1503.<\/p>\n\n\n\n<figure class=\"wp-block-video\"><video height=\"720\" style=\"aspect-ratio: 1280 \/ 720;\" width=\"1280\" controls src=\"https:\/\/www.duerodeporte.com\/wp-content\/uploads\/2026\/04\/WhatsApp-Video-2026-04-24-at-14.43.59.mp4\"><\/video><\/figure>\n\n\n\n<h2 class=\"wp-block-heading\">Bel\u00e9n Esteban: \u00abSeguiremos apostando por el Riber\u00bb<\/h2>\n\n\n\n<p>Al mismo tiempo, y de cara al futuro del proyecto azul\u00f3n desde las instancias municipales la concejala de <strong><a href=\"https:\/\/www.arandactiva.com\/\" type=\"link\" id=\"https:\/\/www.arandactiva.com\/\">Deportes<\/a><\/strong>, Bel\u00e9n Esteban, ha mandado un mensaje de tranquilidad afirmando que<strong><em> \u00abseguiremos apostando por este proyecto\u00bb<\/em><\/strong> porque <strong><em>\u00abes el momento del Riber\u00bb<\/em><\/strong>.<\/p>\n\n\n\n<figure class=\"wp-block-video\"><video height=\"720\" style=\"aspect-ratio: 1280 \/ 720;\" width=\"1280\" controls src=\"https:\/\/www.duerodeporte.com\/wp-content\/uploads\/2026\/04\/WhatsApp-Video-2026-04-24-at-12.17.41.mp4\"><\/video><\/figure>\n\n\n\n<p>Un mensaje de apoyo que ha recibido con satisfacci\u00f3n todo el club para trabajar de cara a futuro. Un porvenir que estar\u00e1 <strong><em>\u00abdonde el club quiera\u00bb<\/em><\/strong>, apuntaba el entrenador del primer equipo azul\u00f3n, Jos\u00e9 F\u00e9lix Mart\u00edn <strong><em>Bogarde<\/em><\/strong>, quien tambi\u00e9n ha hecho un llamamiento a <strong><em>\u00abrecuperar a todos aquellos jugadores que est\u00e1n fuera de Aranda\u00bb<\/em><\/strong> para las temporadas venideras.<\/p>\n\n\n\n<figure class=\"wp-block-video\"><video height=\"720\" style=\"aspect-ratio: 1280 \/ 720;\" width=\"1280\" controls src=\"https:\/\/www.duerodeporte.com\/wp-content\/uploads\/2026\/04\/WhatsApp-Video-2026-04-24-at-14.43.59-2.mp4\"><\/video><\/figure>\n","protected":false},"excerpt":{"rendered":"<p>La entidad azulona con el presidente a la cabeza junto a plantilla y cuerpo t\u00e9cnico han sido recibidos por el alcalde de la localidad, Antonio Linaje, en el Sal\u00f3n de [&hellip;]<\/p>\n","protected":false},"author":3,"featured_media":17804,"comment_status":"open","ping_status":"open","sticky":false,"template":"","format":"standard","meta":{"footnotes":""},"categories":[17,15],"tags":[43,409,275,1197,1195,26,945,83],"class_list":["post-17799","post","type-post","status-publish","format-standard","has-post-thumbnail","category-futbol","category-portada","tag-aranda-de-duero","tag-aranda-riber","tag-ayuntamiento-de-aranda-de-duero","tag-belen-esteban","tag-concejalia-de-deportes-de-aranda-de-duero","tag-futbol","tag-riber","tag-tierras-del-duero"],"yoast_head":"<!-- This site is optimized with the Yoast SEO plugin v27.4 - https:\/\/yoast.com\/product\/yoast-seo-wordpress\/ -->\r\n<title>El Riber recibe el plano de Aranda 1503 como homenaje por su ascenso a Regional<\/title>\r\n<meta name=\"description\" content=\"El Deporte de Aranda y las tierras del Duero\" \/>\r\n<meta name=\"robots\" content=\"index, follow, max-snippet:-1, max-image-preview:large, max-video-preview:-1\" \/>\r\n<link rel=\"canonical\" href=\"https:\/\/www.duerodeporte.com\/index.php\/archivos\/17799\" \/>\r\n<meta property=\"og:locale\" content=\"es_ES\" \/>\r\n<meta property=\"og:type\" content=\"article\" \/>\r\n<meta property=\"og:title\" content=\"El Riber recibe el plano de Aranda 1503 como homenaje por su ascenso a Regional\" \/>\r\n<meta property=\"og:description\" content=\"El Deporte de Aranda y las tierras del Duero\" \/>\r\n<meta property=\"og:url\" content=\"https:\/\/www.duerodeporte.com\/index.php\/archivos\/17799\" \/>\r\n<meta property=\"og:site_name\" content=\"Duero Deporte\" \/>\r\n<meta property=\"article:publisher\" content=\"https:\/\/www.facebook.com\/61555928375028\" \/>\r\n<meta property=\"article:published_time\" content=\"2026-04-24T14:19:43+00:00\" \/>\r\n<meta property=\"article:modified_time\" content=\"2026-04-24T14:31:48+00:00\" \/>\r\n<meta property=\"og:image\" content=\"https:\/\/www.duerodeporte.com\/wp-content\/uploads\/2026\/04\/WhatsApp-Image-2026-04-24-at-12.32.39.jpeg\" \/>\r\n\t<meta property=\"og:image:width\" content=\"1296\" \/>\r\n\t<meta property=\"og:image:height\" content=\"972\" \/>\r\n\t<meta property=\"og:image:type\" content=\"image\/jpeg\" \/>\r\n<meta name=\"author\" content=\"Diego A. Mart\u00edn\" \/>\r\n<meta name=\"twitter:card\" content=\"summary_large_image\" \/>\r\n<meta name=\"twitter:creator\" content=\"@Diegoamartin13\" \/>\r\n<meta name=\"twitter:site\" content=\"@Diegoamartin13\" \/>\r\n<meta name=\"twitter:label1\" content=\"Escrito por\" \/>\n\t<meta name=\"twitter:data1\" content=\"Diego A. Mart\u00edn\" \/>\n\t<meta name=\"twitter:label2\" content=\"Tiempo de lectura\" \/>\n\t<meta name=\"twitter:data2\" content=\"3 minutos\" \/>\r\n<script type=\"application\/ld+json\" class=\"yoast-schema-graph\">{\"@context\":\"https:\\\/\\\/schema.org\",\"@graph\":[{\"@type\":[\"Article\",\"SocialMediaPosting\"],\"@id\":\"https:\\\/\\\/www.duerodeporte.com\\\/index.php\\\/archivos\\\/17799#article\",\"isPartOf\":{\"@id\":\"https:\\\/\\\/www.duerodeporte.com\\\/index.php\\\/archivos\\\/17799\"},\"author\":{\"name\":\"Diego A. Mart\u00edn\",\"@id\":\"https:\\\/\\\/www.duerodeporte.com\\\/#\\\/schema\\\/person\\\/5f3368966f635b5ae0d23ffaf7a7f894\"},\"headline\":\"El Riber recibe el plano de Aranda 1503 como homenaje por su ascenso a Regional\",\"datePublished\":\"2026-04-24T14:19:43+00:00\",\"dateModified\":\"2026-04-24T14:31:48+00:00\",\"mainEntityOfPage\":{\"@id\":\"https:\\\/\\\/www.duerodeporte.com\\\/index.php\\\/archivos\\\/17799\"},\"wordCount\":400,\"commentCount\":0,\"publisher\":{\"@id\":\"https:\\\/\\\/www.duerodeporte.com\\\/#organization\"},\"image\":{\"@id\":\"https:\\\/\\\/www.duerodeporte.com\\\/index.php\\\/archivos\\\/17799#primaryimage\"},\"thumbnailUrl\":\"https:\\\/\\\/www.duerodeporte.com\\\/wp-content\\\/uploads\\\/2026\\\/04\\\/WhatsApp-Image-2026-04-24-at-12.32.39.jpeg\",\"keywords\":[\"aranda de duero\",\"Aranda Riber\",\"Ayuntamiento de Aranda de Duero\",\"Bel\u00e9n Esteban\",\"Concejal\u00eda de Deportes de Aranda de Duero\",\"f\u00fatbol\",\"Riber\",\"tierras del duero\"],\"articleSection\":[\"FUTBOL\",\"z_PORTADA\"],\"inLanguage\":\"es\",\"potentialAction\":[{\"@type\":\"CommentAction\",\"name\":\"Comment\",\"target\":[\"https:\\\/\\\/www.duerodeporte.com\\\/index.php\\\/archivos\\\/17799#respond\"]}]},{\"@type\":[\"WebPage\",\"ItemPage\"],\"@id\":\"https:\\\/\\\/www.duerodeporte.com\\\/index.php\\\/archivos\\\/17799\",\"url\":\"https:\\\/\\\/www.duerodeporte.com\\\/index.php\\\/archivos\\\/17799\",\"name\":\"El Riber recibe el plano de Aranda 1503 como homenaje por su ascenso a Regional\",\"isPartOf\":{\"@id\":\"https:\\\/\\\/www.duerodeporte.com\\\/#website\"},\"primaryImageOfPage\":{\"@id\":\"https:\\\/\\\/www.duerodeporte.com\\\/index.php\\\/archivos\\\/17799#primaryimage\"},\"image\":{\"@id\":\"https:\\\/\\\/www.duerodeporte.com\\\/index.php\\\/archivos\\\/17799#primaryimage\"},\"thumbnailUrl\":\"https:\\\/\\\/www.duerodeporte.com\\\/wp-content\\\/uploads\\\/2026\\\/04\\\/WhatsApp-Image-2026-04-24-at-12.32.39.jpeg\",\"datePublished\":\"2026-04-24T14:19:43+00:00\",\"dateModified\":\"2026-04-24T14:31:48+00:00\",\"description\":\"El Deporte de Aranda y las tierras del Duero\",\"breadcrumb\":{\"@id\":\"https:\\\/\\\/www.duerodeporte.com\\\/index.php\\\/archivos\\\/17799#breadcrumb\"},\"inLanguage\":\"es\",\"potentialAction\":[{\"@type\":\"ReadAction\",\"target\":[\"https:\\\/\\\/www.duerodeporte.com\\\/index.php\\\/archivos\\\/17799\"]}]},{\"@type\":\"ImageObject\",\"inLanguage\":\"es\",\"@id\":\"https:\\\/\\\/www.duerodeporte.com\\\/index.php\\\/archivos\\\/17799#primaryimage\",\"url\":\"https:\\\/\\\/www.duerodeporte.com\\\/wp-content\\\/uploads\\\/2026\\\/04\\\/WhatsApp-Image-2026-04-24-at-12.32.39.jpeg\",\"contentUrl\":\"https:\\\/\\\/www.duerodeporte.com\\\/wp-content\\\/uploads\\\/2026\\\/04\\\/WhatsApp-Image-2026-04-24-at-12.32.39.jpeg\",\"width\":1296,\"height\":972,\"caption\":\"El Aranda Riber recibe de manos del alcalde, Antonio Linaje, el Plano de Aranda de 1503 como homenaje por su ascenso a Liga Regional. \\\/ DUERO Deporte\"},{\"@type\":\"BreadcrumbList\",\"@id\":\"https:\\\/\\\/www.duerodeporte.com\\\/index.php\\\/archivos\\\/17799#breadcrumb\",\"itemListElement\":[{\"@type\":\"ListItem\",\"position\":1,\"name\":\"Portada\",\"item\":\"https:\\\/\\\/www.duerodeporte.com\\\/\"},{\"@type\":\"ListItem\",\"position\":2,\"name\":\"El Riber recibe el plano de Aranda 1503 como homenaje por su ascenso a Regional\"}]},{\"@type\":\"WebSite\",\"@id\":\"https:\\\/\\\/www.duerodeporte.com\\\/#website\",\"url\":\"https:\\\/\\\/www.duerodeporte.com\\\/\",\"name\":\"Duero Deporte\",\"description\":\"El Deporte de Aranda y las tierras del Duero\",\"publisher\":{\"@id\":\"https:\\\/\\\/www.duerodeporte.com\\\/#organization\"},\"alternateName\":\"El Deporte de Aranda y las tierras del Duero\",\"potentialAction\":[{\"@type\":\"SearchAction\",\"target\":{\"@type\":\"EntryPoint\",\"urlTemplate\":\"https:\\\/\\\/www.duerodeporte.com\\\/?s={search_term_string}\"},\"query-input\":{\"@type\":\"PropertyValueSpecification\",\"valueRequired\":true,\"valueName\":\"search_term_string\"}}],\"inLanguage\":\"es\"},{\"@type\":\"Organization\",\"@id\":\"https:\\\/\\\/www.duerodeporte.com\\\/#organization\",\"name\":\"Duero Deporte\",\"alternateName\":\"El Deporte de Aranda y las tierras del Duero\",\"url\":\"https:\\\/\\\/www.duerodeporte.com\\\/\",\"logo\":{\"@type\":\"ImageObject\",\"inLanguage\":\"es\",\"@id\":\"https:\\\/\\\/www.duerodeporte.com\\\/#\\\/schema\\\/logo\\\/image\\\/\",\"url\":\"https:\\\/\\\/www.duerodeporte.com\\\/wp-content\\\/uploads\\\/2023\\\/11\\\/A.ColorSinFondo-e1708011627555.png\",\"contentUrl\":\"https:\\\/\\\/www.duerodeporte.com\\\/wp-content\\\/uploads\\\/2023\\\/11\\\/A.ColorSinFondo-e1708011627555.png\",\"width\":750,\"height\":132,\"caption\":\"Duero Deporte\"},\"image\":{\"@id\":\"https:\\\/\\\/www.duerodeporte.com\\\/#\\\/schema\\\/logo\\\/image\\\/\"},\"sameAs\":[\"https:\\\/\\\/www.facebook.com\\\/61555928375028\",\"https:\\\/\\\/x.com\\\/Diegoamartin13\",\"https:\\\/\\\/www.youtube.com\\\/channel\\\/UCxIGQL8b9gmW-NjaChabCdA\"]},{\"@type\":\"Person\",\"@id\":\"https:\\\/\\\/www.duerodeporte.com\\\/#\\\/schema\\\/person\\\/5f3368966f635b5ae0d23ffaf7a7f894\",\"name\":\"Diego A. Mart\u00edn\",\"image\":{\"@type\":\"ImageObject\",\"inLanguage\":\"es\",\"@id\":\"https:\\\/\\\/www.duerodeporte.com\\\/wp-content\\\/uploads\\\/2024\\\/01\\\/Diego2-e1706522808572-150x150.jpeg\",\"url\":\"https:\\\/\\\/www.duerodeporte.com\\\/wp-content\\\/uploads\\\/2024\\\/01\\\/Diego2-e1706522808572-150x150.jpeg\",\"contentUrl\":\"https:\\\/\\\/www.duerodeporte.com\\\/wp-content\\\/uploads\\\/2024\\\/01\\\/Diego2-e1706522808572-150x150.jpeg\",\"caption\":\"Diego A. Mart\u00edn\"},\"url\":\"https:\\\/\\\/www.duerodeporte.com\\\/index.php\\\/archivos\\\/author\\\/diego\"}]}<\/script>\r\n<!-- \/ Yoast SEO plugin. -->","yoast_head_json":{"title":"El Riber recibe el plano de Aranda 1503 como homenaje por su ascenso a Regional","description":"El Deporte de Aranda y las tierras del Duero","robots":{"index":"index","follow":"follow","max-snippet":"max-snippet:-1","max-image-preview":"max-image-preview:large","max-video-preview":"max-video-preview:-1"},"canonical":"https:\/\/www.duerodeporte.com\/index.php\/archivos\/17799","og_locale":"es_ES","og_type":"article","og_title":"El Riber recibe el plano de Aranda 1503 como homenaje por su ascenso a Regional","og_description":"El Deporte de Aranda y las tierras del Duero","og_url":"https:\/\/www.duerodeporte.com\/index.php\/archivos\/17799","og_site_name":"Duero Deporte","article_publisher":"https:\/\/www.facebook.com\/61555928375028","article_published_time":"2026-04-24T14:19:43+00:00","article_modified_time":"2026-04-24T14:31:48+00:00","og_image":[{"width":1296,"height":972,"url":"https:\/\/www.duerodeporte.com\/wp-content\/uploads\/2026\/04\/WhatsApp-Image-2026-04-24-at-12.32.39.jpeg","type":"image\/jpeg"}],"author":"Diego A. Mart\u00edn","twitter_card":"summary_large_image","twitter_creator":"@Diegoamartin13","twitter_site":"@Diegoamartin13","twitter_misc":{"Escrito por":"Diego A. Mart\u00edn","Tiempo de lectura":"3 minutos"},"schema":{"@context":"https:\/\/schema.org","@graph":[{"@type":["Article","SocialMediaPosting"],"@id":"https:\/\/www.duerodeporte.com\/index.php\/archivos\/17799#article","isPartOf":{"@id":"https:\/\/www.duerodeporte.com\/index.php\/archivos\/17799"},"author":{"name":"Diego A. Mart\u00edn","@id":"https:\/\/www.duerodeporte.com\/#\/schema\/person\/5f3368966f635b5ae0d23ffaf7a7f894"},"headline":"El Riber recibe el plano de Aranda 1503 como homenaje por su ascenso a Regional","datePublished":"2026-04-24T14:19:43+00:00","dateModified":"2026-04-24T14:31:48+00:00","mainEntityOfPage":{"@id":"https:\/\/www.duerodeporte.com\/index.php\/archivos\/17799"},"wordCount":400,"commentCount":0,"publisher":{"@id":"https:\/\/www.duerodeporte.com\/#organization"},"image":{"@id":"https:\/\/www.duerodeporte.com\/index.php\/archivos\/17799#primaryimage"},"thumbnailUrl":"https:\/\/www.duerodeporte.com\/wp-content\/uploads\/2026\/04\/WhatsApp-Image-2026-04-24-at-12.32.39.jpeg","keywords":["aranda de duero","Aranda Riber","Ayuntamiento de Aranda de Duero","Bel\u00e9n Esteban","Concejal\u00eda de Deportes de Aranda de Duero","f\u00fatbol","Riber","tierras del duero"],"articleSection":["FUTBOL","z_PORTADA"],"inLanguage":"es","potentialAction":[{"@type":"CommentAction","name":"Comment","target":["https:\/\/www.duerodeporte.com\/index.php\/archivos\/17799#respond"]}]},{"@type":["WebPage","ItemPage"],"@id":"https:\/\/www.duerodeporte.com\/index.php\/archivos\/17799","url":"https:\/\/www.duerodeporte.com\/index.php\/archivos\/17799","name":"El Riber recibe el plano de Aranda 1503 como homenaje por su ascenso a Regional","isPartOf":{"@id":"https:\/\/www.duerodeporte.com\/#website"},"primaryImageOfPage":{"@id":"https:\/\/www.duerodeporte.com\/index.php\/archivos\/17799#primaryimage"},"image":{"@id":"https:\/\/www.duerodeporte.com\/index.php\/archivos\/17799#primaryimage"},"thumbnailUrl":"https:\/\/www.duerodeporte.com\/wp-content\/uploads\/2026\/04\/WhatsApp-Image-2026-04-24-at-12.32.39.jpeg","datePublished":"2026-04-24T14:19:43+00:00","dateModified":"2026-04-24T14:31:48+00:00","description":"El Deporte de Aranda y las tierras del Duero","breadcrumb":{"@id":"https:\/\/www.duerodeporte.com\/index.php\/archivos\/17799#breadcrumb"},"inLanguage":"es","potentialAction":[{"@type":"ReadAction","target":["https:\/\/www.duerodeporte.com\/index.php\/archivos\/17799"]}]},{"@type":"ImageObject","inLanguage":"es","@id":"https:\/\/www.duerodeporte.com\/index.php\/archivos\/17799#primaryimage","url":"https:\/\/www.duerodeporte.com\/wp-content\/uploads\/2026\/04\/WhatsApp-Image-2026-04-24-at-12.32.39.jpeg","contentUrl":"https:\/\/www.duerodeporte.com\/wp-content\/uploads\/2026\/04\/WhatsApp-Image-2026-04-24-at-12.32.39.jpeg","width":1296,"height":972,"caption":"El Aranda Riber recibe de manos del alcalde, Antonio Linaje, el Plano de Aranda de 1503 como homenaje por su ascenso a Liga Regional. \/ DUERO Deporte"},{"@type":"BreadcrumbList","@id":"https:\/\/www.duerodeporte.com\/index.php\/archivos\/17799#breadcrumb","itemListElement":[{"@type":"ListItem","position":1,"name":"Portada","item":"https:\/\/www.duerodeporte.com\/"},{"@type":"ListItem","position":2,"name":"El Riber recibe el plano de Aranda 1503 como homenaje por su ascenso a Regional"}]},{"@type":"WebSite","@id":"https:\/\/www.duerodeporte.com\/#website","url":"https:\/\/www.duerodeporte.com\/","name":"Duero Deporte","description":"El Deporte de Aranda y las tierras del Duero","publisher":{"@id":"https:\/\/www.duerodeporte.com\/#organization"},"alternateName":"El Deporte de Aranda y las tierras del Duero","potentialAction":[{"@type":"SearchAction","target":{"@type":"EntryPoint","urlTemplate":"https:\/\/www.duerodeporte.com\/?s={search_term_string}"},"query-input":{"@type":"PropertyValueSpecification","valueRequired":true,"valueName":"search_term_string"}}],"inLanguage":"es"},{"@type":"Organization","@id":"https:\/\/www.duerodeporte.com\/#organization","name":"Duero Deporte","alternateName":"El Deporte de Aranda y las tierras del Duero","url":"https:\/\/www.duerodeporte.com\/","logo":{"@type":"ImageObject","inLanguage":"es","@id":"https:\/\/www.duerodeporte.com\/#\/schema\/logo\/image\/","url":"https:\/\/www.duerodeporte.com\/wp-content\/uploads\/2023\/11\/A.ColorSinFondo-e1708011627555.png","contentUrl":"https:\/\/www.duerodeporte.com\/wp-content\/uploads\/2023\/11\/A.ColorSinFondo-e1708011627555.png","width":750,"height":132,"caption":"Duero Deporte"},"image":{"@id":"https:\/\/www.duerodeporte.com\/#\/schema\/logo\/image\/"},"sameAs":["https:\/\/www.facebook.com\/61555928375028","https:\/\/x.com\/Diegoamartin13","https:\/\/www.youtube.com\/channel\/UCxIGQL8b9gmW-NjaChabCdA"]},{"@type":"Person","@id":"https:\/\/www.duerodeporte.com\/#\/schema\/person\/5f3368966f635b5ae0d23ffaf7a7f894","name":"Diego A. Mart\u00edn","image":{"@type":"ImageObject","inLanguage":"es","@id":"https:\/\/www.duerodeporte.com\/wp-content\/uploads\/2024\/01\/Diego2-e1706522808572-150x150.jpeg","url":"https:\/\/www.duerodeporte.com\/wp-content\/uploads\/2024\/01\/Diego2-e1706522808572-150x150.jpeg","contentUrl":"https:\/\/www.duerodeporte.com\/wp-content\/uploads\/2024\/01\/Diego2-e1706522808572-150x150.jpeg","caption":"Diego A. Mart\u00edn"},"url":"https:\/\/www.duerodeporte.com\/index.php\/archivos\/author\/diego"}]}},"views":91,"_links":{"self":[{"href":"https:\/\/www.duerodeporte.com\/index.php\/wp-json\/wp\/v2\/posts\/17799","targetHints":{"allow":["GET"]}}],"collection":[{"href":"https:\/\/www.duerodeporte.com\/index.php\/wp-json\/wp\/v2\/posts"}],"about":[{"href":"https:\/\/www.duerodeporte.com\/index.php\/wp-json\/wp\/v2\/types\/post"}],"author":[{"embeddable":true,"href":"https:\/\/www.duerodeporte.com\/index.php\/wp-json\/wp\/v2\/users\/3"}],"replies":[{"embeddable":true,"href":"https:\/\/www.duerodeporte.com\/index.php\/wp-json\/wp\/v2\/comments?post=17799"}],"version-history":[{"count":3,"href":"https:\/\/www.duerodeporte.com\/index.php\/wp-json\/wp\/v2\/posts\/17799\/revisions"}],"predecessor-version":[{"id":17808,"href":"https:\/\/www.duerodeporte.com\/index.php\/wp-json\/wp\/v2\/posts\/17799\/revisions\/17808"}],"wp:featuredmedia":[{"embeddable":true,"href":"https:\/\/www.duerodeporte.com\/index.php\/wp-json\/wp\/v2\/media\/17804"}],"wp:attachment":[{"href":"https:\/\/www.duerodeporte.com\/index.php\/wp-json\/wp\/v2\/media?parent=17799"}],"wp:term":[{"taxonomy":"category","embeddable":true,"href":"https:\/\/www.duerodeporte.com\/index.php\/wp-json\/wp\/v2\/categories?post=17799"},{"taxonomy":"post_tag","embeddable":true,"href":"https:\/\/www.duerodeporte.com\/index.php\/wp-json\/wp\/v2\/tags?post=17799"}],"curies":[{"name":"wp","href":"https:\/\/api.w.org\/{rel}","templated":true}]}}