{"id":17830,"date":"2026-04-25T21:27:15","date_gmt":"2026-04-25T20:27:15","guid":{"rendered":"https:\/\/www.duerodeporte.com\/?p=17830"},"modified":"2026-04-26T00:13:57","modified_gmt":"2026-04-25T23:13:57","slug":"aranda-es-todo-balonmano-31-25","status":"publish","type":"post","link":"https:\/\/www.duerodeporte.com\/index.php\/archivos\/17830","title":{"rendered":"\u00c9xtasis amarillo (33-27)"},"content":{"rendered":"\n<h2 class=\"wp-block-heading\">Tubos Aranda Villa de Aranda firma el partido m\u00e1s completo de la temporada para doblegar a Granollers. Dos puntos important\u00edsimos para lograr la permanencia en ASOBAL una temporada m\u00e1s. Ahora viaje y visita a Ir\u00fan el pr\u00f3ximo fin de semana<\/h2>\n\n\n\n<p>La satisfacci\u00f3n al trabajo bien hecho.<a href=\"https:\/\/www.bmvilladearanda.com\/\" type=\"link\" id=\"https:\/\/www.bmvilladearanda.com\/\"> <strong>Tubos Aranda Villa de Aranda<\/strong> <\/a>vence a <a href=\"https:\/\/bmgranollers.cat\/\" type=\"link\" id=\"https:\/\/bmgranollers.cat\/\"><strong>Granollers<\/strong> <\/a>(<strong>33-27<\/strong>) y suma 19 puntos, cifra cercana a la salvaci\u00f3n virtual a falta de cuatro jornadas para el final de la <strong><a href=\"https:\/\/asobal.es\/\" type=\"link\" id=\"https:\/\/asobal.es\/\">Liga NEXUS Energ\u00eda ASOBAL<\/a><\/strong>. Los amarillos duermen en el <strong>11\u00ba puesto<\/strong> a la espera de saber su la renta de<strong> cuatro puntos sobre el puesto de play out <\/strong>se mantiene este domingo, a tenor de los resultados que cosechen <strong>Nava en Guadalajara <\/strong>y <strong>Puente Genil en Logro\u00f1o<\/strong>.<\/p>\n\n\n\n<figure class=\"wp-block-image size-large\"><img loading=\"lazy\" decoding=\"async\" width=\"1024\" height=\"234\" src=\"https:\/\/www.duerodeporte.com\/wp-content\/uploads\/2025\/07\/LaVilla-1024x234.jpeg\" alt=\"\" class=\"wp-image-12898\" srcset=\"https:\/\/www.duerodeporte.com\/wp-content\/uploads\/2025\/07\/LaVilla-1024x234.jpeg 1024w, https:\/\/www.duerodeporte.com\/wp-content\/uploads\/2025\/07\/LaVilla-300x68.jpeg 300w, https:\/\/www.duerodeporte.com\/wp-content\/uploads\/2025\/07\/LaVilla-768x175.jpeg 768w, https:\/\/www.duerodeporte.com\/wp-content\/uploads\/2025\/07\/LaVilla-1536x350.jpeg 1536w, https:\/\/www.duerodeporte.com\/wp-content\/uploads\/2025\/07\/LaVilla-696x159.jpeg 696w, https:\/\/www.duerodeporte.com\/wp-content\/uploads\/2025\/07\/LaVilla-1068x244.jpeg 1068w, https:\/\/www.duerodeporte.com\/wp-content\/uploads\/2025\/07\/LaVilla.jpeg 1600w\" sizes=\"auto, (max-width: 1024px) 100vw, 1024px\" \/><\/figure>\n\n\n\n<p>El encuentro apuntaba a noche grande tambi\u00e9n para los <strong>homenajes <\/strong>y los <strong>recuerdos <\/strong>con orgullo. La entidad amarilla quiso celebrar el reciente ascenso del <strong>Riber a Liga Regional<\/strong>. Al mismo tiempo, uno de los grandes impulsores del deporte arandino y fundador de <strong>BlasGon<\/strong>, <strong>Malaqu\u00edas de Blas<\/strong>, fue protagonista de un sentido minuto de silencio tras su <strong>fallecimiento<\/strong>. Una empresa que sigue apoyando al propio club del Santiago Mangu\u00e1n en la actualidad.<\/p>\n\n\n\n<figure class=\"wp-block-embed is-type-rich is-provider-twitter wp-block-embed-twitter\"><div class=\"wp-block-embed__wrapper\">\n<blockquote class=\"twitter-tweet\" data-width=\"550\" data-dnt=\"true\"><p lang=\"es\" dir=\"ltr\">\ud83d\udfe0 BALONMANO<br><br>\ud83e\udd3e\ud83c\udffb\u200d\u2642\ufe0f Todo preparado en el Pabell\u00f3n Polideportivo Santiago Mangu\u00e1n para la celebraci\u00f3n de la 2\ufe0f\u20e36\ufe0f\u20e3&#39; jornada de la Liga <a href=\"https:\/\/twitter.com\/NexusEnergia?ref_src=twsrc%5Etfw\">@NexusEnergia<\/a> <a href=\"https:\/\/twitter.com\/ASOBAL?ref_src=twsrc%5Etfw\">@ASOBAL<\/a> <br> <br>\ud83d\udfe1\ud83d\udd35 <a href=\"https:\/\/twitter.com\/bmvillaaranda?ref_src=twsrc%5Etfw\">@bmvillaaranda<\/a> 0\ufe0f\u20e30\ufe0f\u20e3<br>\u26aa\u26aa <a href=\"https:\/\/twitter.com\/BMGranollers?ref_src=twsrc%5Etfw\">@BMGranollers<\/a> 0\ufe0f\u20e30\ufe0f\u20e3<br><br>\u25b6\ufe0f Antes de comenzar, la entidad <a href=\"https:\/\/twitter.com\/hashtag\/amarilla?src=hash&amp;ref_src=twsrc%5Etfw\">#amarilla<\/a> homenajea al <a href=\"https:\/\/twitter.com\/RiberCD?ref_src=twsrc%5Etfw\">@RiberCD<\/a> por su\u2026 <a href=\"https:\/\/t.co\/gDkG1SMpm3\">pic.twitter.com\/gDkG1SMpm3<\/a><\/p>&mdash; Diego A. Mart\u00edn (duerodeporte.com) (@Diegoamartin13) <a href=\"https:\/\/twitter.com\/Diegoamartin13\/status\/2048109858084593941?ref_src=twsrc%5Etfw\">April 25, 2026<\/a><\/blockquote><script async src=\"https:\/\/platform.twitter.com\/widgets.js\" charset=\"utf-8\"><\/script>\n<\/div><\/figure>\n\n\n\n<p>El partido en s\u00ed fue lo que quiso el bloque de <strong>Javi M\u00e1rquez<\/strong> ante uno de los equipos m\u00e1s poderosos de la <strong>Liga NEXUS Energ\u00eda ASOBAL<\/strong>. Avis\u00f3 el t\u00e9cnico manchego en la previa, <strong><em>\u00aba\u00fan no hemos podido ganar a un equipo top\u00bb<\/em><\/strong>. Dicho y resuelto con el mejor partido del curso balonman\u00edsco 2025-2026 para un equipo que contin\u00faa con su progresi\u00f3n en este tramo final de la temporada.<\/p>\n\n\n\n<p>La escuadra amarilla demostr\u00f3 su <strong>hambre<\/strong>, <strong>ambici\u00f3n<\/strong> y capacidad de <strong>reacci\u00f3n<\/strong>, tanto en el inicio de partido, como en la reanudaci\u00f3n. Dos momentos clave que mimaron la moral de un Granollers, tocado tras la eliminaci\u00f3n copera.<\/p>\n\n\n\n<figure class=\"wp-block-embed is-type-rich is-provider-twitter wp-block-embed-twitter\"><div class=\"wp-block-embed__wrapper\">\n<blockquote class=\"twitter-tweet\" data-width=\"550\" data-dnt=\"true\"><p lang=\"es\" dir=\"ltr\">\ud83d\udfe0 BALONMANO<br><br>\ud83e\udd3e\ud83c\udffb\u200d\u2642\ufe0f DESCANSO&#8230; de la 2\ufe0f\u20e36\ufe0f\u20e3&#39; jornada de la Liga <a href=\"https:\/\/twitter.com\/NexusEnergia?ref_src=twsrc%5Etfw\">@NexusEnergia<\/a> <a href=\"https:\/\/twitter.com\/ASOBAL?ref_src=twsrc%5Etfw\">@ASOBAL<\/a> en el Pabell\u00f3n Santiago Mangu\u00e1n<br> <br>\ud83d\udfe1\ud83d\udd35 <a href=\"https:\/\/twitter.com\/bmvillaaranda?ref_src=twsrc%5Etfw\">@bmvillaaranda<\/a> 1\ufe0f\u20e36\ufe0f\u20e3<br>\u26aa\u26aa <a href=\"https:\/\/twitter.com\/BMGranollers?ref_src=twsrc%5Etfw\">@BMGranollers<\/a> 1\ufe0f\u20e31\ufe0f\u20e3<br><br>\ud83d\udcf2 DIRECTO <a href=\"https:\/\/twitter.com\/LaLigaPlus?ref_src=twsrc%5Etfw\">@LaLigaPlus<\/a>: <a href=\"https:\/\/t.co\/GzSAfjdLL5\">https:\/\/t.co\/GzSAfjdLL5<\/a><br><br>\ud83d\udcca Enfrentamientos 2\ufe0f\u20e35\ufe0f\u20e3&#39; jr. Liga <a href=\"https:\/\/twitter.com\/NexusEnergia?ref_src=twsrc%5Etfw\">@NexusEnergia<\/a> <a href=\"https:\/\/twitter.com\/ASOBAL?ref_src=twsrc%5Etfw\">@ASOBAL<\/a>:\u2026 <a href=\"https:\/\/t.co\/hAZEYEWJgR\">pic.twitter.com\/hAZEYEWJgR<\/a><\/p>&mdash; Diego A. Mart\u00edn (duerodeporte.com) (@Diegoamartin13) <a href=\"https:\/\/twitter.com\/Diegoamartin13\/status\/2048119172622594360?ref_src=twsrc%5Etfw\">April 25, 2026<\/a><\/blockquote><script async src=\"https:\/\/platform.twitter.com\/widgets.js\" charset=\"utf-8\"><\/script>\n<\/div><\/figure>\n\n\n\n<p>El primera acto que se cerrar\u00eda con renta amarilla de cinco goles (<strong>16-11<\/strong>) <strong>no era de esperar <\/strong>por ninguno de los cerca de dos mil aficionados amarillos que volvieron a acompa\u00f1ar a su equipo en la grada. Menos a\u00fan con el<strong> arranque de los vallesanos <\/strong>para poner con varios tanto de ventaja llegados al ecuadorl de primera acto en el 40&#215;20 arandino (<strong>5-8<\/strong>) Pero paso a paso, con paciencia, ejecutando todo lo expuesto en los entrenamientos a lo largo de la semana, el equipo comenz\u00f3 a crecer de manera directamente proporcional al desajuste de los de Antonio Rama. As\u00ed, <strong>apretando en defensa y corriendo en ataque<\/strong> el Villa de Aranda se hizo grande para empeque\u00f1ecer a un Granollers superado por los acontecimientos.<\/p>\n\n\n\n<h2 class=\"wp-block-heading\">Un equipo incombustible <\/h2>\n\n\n\n<p>La segunda parte puso de manifiesto el gran momento f\u00edsico y t\u00e1ctico de los amarillos que tras soportar la reacci\u00f3n vallesana para poner el partido en un suspiro (<strong>19-18<\/strong>) Tras el susto y con una <strong>defensa <\/strong>portentosa en el centro y la ayuda de un gran Vasco <strong>Teixeira <\/strong>todo quedaba en la inspiraci\u00f3n del Alberto Gonz\u00e1lez <strong>Pinillos <\/strong>y la ejecuci\u00f3n del un <strong>Dalmau <\/strong>extraordinario. Con esos actores y el resto, el equipo de las Tierras del Duero volvi\u00f3 a abrir brecha para sentenciar el duelo sin dar opci\u00f3n a los de Antonio Rama, sorprendidos por el <strong>33-27<\/strong> final que pone en bandeja la <strong>salvaci\u00f3n<\/strong> <strong>amarilla<\/strong>.<\/p>\n\n\n\n<figure class=\"wp-block-embed is-type-rich is-provider-twitter wp-block-embed-twitter\"><div class=\"wp-block-embed__wrapper\">\n<blockquote class=\"twitter-tweet\" data-width=\"550\" data-dnt=\"true\"><p lang=\"es\" dir=\"ltr\">\ud83d\udfe0 BALONMANO<br><br>\ud83e\udd3e\ud83c\udffb\u200d\u2642\ufe0f FINAL&#8230; de la 2\ufe0f\u20e36\ufe0f\u20e3&#39; jornada de la Liga <a href=\"https:\/\/twitter.com\/NexusEnergia?ref_src=twsrc%5Etfw\">@NexusEnergia<\/a> <a href=\"https:\/\/twitter.com\/ASOBAL?ref_src=twsrc%5Etfw\">@ASOBAL<\/a> en el Pabell\u00f3n Santiago Mangu\u00e1n<br> <br>\ud83d\udfe1\ud83d\udd35 <a href=\"https:\/\/twitter.com\/bmvillaaranda?ref_src=twsrc%5Etfw\">@bmvillaaranda<\/a> 3\ufe0f\u20e33\ufe0f\u20e3<br>\u26aa\u26aa <a href=\"https:\/\/twitter.com\/BMGranollers?ref_src=twsrc%5Etfw\">@BMGranollers<\/a> 2\ufe0f\u20e37\ufe0f\u20e3<br><br>\ud83d\udcca Resultados 2\ufe0f\u20e35\ufe0f\u20e3&#39; jr. Liga <a href=\"https:\/\/twitter.com\/NexusEnergia?ref_src=twsrc%5Etfw\">@NexusEnergia<\/a> <a href=\"https:\/\/twitter.com\/ASOBAL?ref_src=twsrc%5Etfw\">@ASOBAL<\/a>: <a href=\"https:\/\/t.co\/v999cPJgmi\">https:\/\/t.co\/v999cPJgmi<\/a><br><br>\ud83c\udfa6 <a href=\"https:\/\/t.co\/QxLvd9klfJ\">https:\/\/t.co\/QxLvd9klfJ<\/a> <a href=\"https:\/\/t.co\/Ct2wyTXueu\">pic.twitter.com\/Ct2wyTXueu<\/a><\/p>&mdash; Diego A. Mart\u00edn (duerodeporte.com) (@Diegoamartin13) <a href=\"https:\/\/twitter.com\/Diegoamartin13\/status\/2048175391068573986?ref_src=twsrc%5Etfw\">April 25, 2026<\/a><\/blockquote><script async src=\"https:\/\/platform.twitter.com\/widgets.js\" charset=\"utf-8\"><\/script>\n<\/div><\/figure>\n\n\n\n<p>Ahora toca respirar antes de viajar a otra cancha hist\u00f3rica del balonmano espa\u00f1ol, <strong>Artaleku<\/strong>. Pr\u00f3ximo rival, un <strong>Bidasoa<\/strong> que est\u00e1 avisado de las intenciones amarillas. Luchar hasta el final y seguir sumando para lograr la permanencia matem\u00e1tica.<\/p>\n","protected":false},"excerpt":{"rendered":"<p>Tubos Aranda Villa de Aranda firma el partido m\u00e1s completo de la temporada para doblegar a Granollers. Dos puntos important\u00edsimos para lograr la permanencia en ASOBAL una temporada m\u00e1s. Ahora [&hellip;]<\/p>\n","protected":false},"author":3,"featured_media":17834,"comment_status":"open","ping_status":"open","sticky":false,"template":"","format":"standard","meta":{"footnotes":""},"categories":[18,15],"tags":[43,177,27,40,83,28],"class_list":["post-17830","post","type-post","status-publish","format-standard","has-post-thumbnail","category-balonmano","category-portada","tag-aranda-de-duero","tag-asobal","tag-balonmano","tag-rfebm","tag-tierras-del-duero","tag-villa-de-aranda"],"yoast_head":"<!-- This site is optimized with the Yoast SEO plugin v27.5 - https:\/\/yoast.com\/product\/yoast-seo-wordpress\/ -->\r\n<title>\u00c9xtasis amarillo (33-27)<\/title>\r\n<meta name=\"description\" content=\"El Deporte de Aranda y las tierras del Duero\" \/>\r\n<meta name=\"robots\" content=\"index, follow, max-snippet:-1, max-image-preview:large, max-video-preview:-1\" \/>\r\n<link rel=\"canonical\" href=\"https:\/\/www.duerodeporte.com\/index.php\/archivos\/17830\" \/>\r\n<meta property=\"og:locale\" content=\"es_ES\" \/>\r\n<meta property=\"og:type\" content=\"article\" \/>\r\n<meta property=\"og:title\" content=\"\u00c9xtasis amarillo (33-27)\" \/>\r\n<meta property=\"og:description\" content=\"El Deporte de Aranda y las tierras del Duero\" \/>\r\n<meta property=\"og:url\" content=\"https:\/\/www.duerodeporte.com\/index.php\/archivos\/17830\" \/>\r\n<meta property=\"og:site_name\" content=\"Duero Deporte\" \/>\r\n<meta property=\"article:publisher\" content=\"https:\/\/www.facebook.com\/61555928375028\" \/>\r\n<meta property=\"article:published_time\" content=\"2026-04-25T20:27:15+00:00\" \/>\r\n<meta property=\"article:modified_time\" content=\"2026-04-25T23:13:57+00:00\" \/>\r\n<meta property=\"og:image\" content=\"https:\/\/www.duerodeporte.com\/wp-content\/uploads\/2026\/04\/Screenshot_2026-04-25-22-16-47-679_com.google.android.apps_.photos-edit2.jpg\" \/>\r\n\t<meta property=\"og:image:width\" content=\"2119\" \/>\r\n\t<meta property=\"og:image:height\" content=\"1220\" \/>\r\n\t<meta property=\"og:image:type\" content=\"image\/jpeg\" \/>\r\n<meta name=\"author\" content=\"Diego A. Mart\u00edn\" \/>\r\n<meta name=\"twitter:card\" content=\"summary_large_image\" \/>\r\n<meta name=\"twitter:creator\" content=\"@Diegoamartin13\" \/>\r\n<meta name=\"twitter:site\" content=\"@Diegoamartin13\" \/>\r\n<meta name=\"twitter:label1\" content=\"Escrito por\" \/>\n\t<meta name=\"twitter:data1\" content=\"Diego A. Mart\u00edn\" \/>\n\t<meta name=\"twitter:label2\" content=\"Tiempo de lectura\" \/>\n\t<meta name=\"twitter:data2\" content=\"4 minutos\" \/>\r\n<script type=\"application\/ld+json\" class=\"yoast-schema-graph\">{\"@context\":\"https:\\\/\\\/schema.org\",\"@graph\":[{\"@type\":[\"Article\",\"SocialMediaPosting\"],\"@id\":\"https:\\\/\\\/www.duerodeporte.com\\\/index.php\\\/archivos\\\/17830#article\",\"isPartOf\":{\"@id\":\"https:\\\/\\\/www.duerodeporte.com\\\/index.php\\\/archivos\\\/17830\"},\"author\":{\"name\":\"Diego A. Mart\u00edn\",\"@id\":\"https:\\\/\\\/www.duerodeporte.com\\\/#\\\/schema\\\/person\\\/5f3368966f635b5ae0d23ffaf7a7f894\"},\"headline\":\"\u00c9xtasis amarillo (33-27)\",\"datePublished\":\"2026-04-25T20:27:15+00:00\",\"dateModified\":\"2026-04-25T23:13:57+00:00\",\"mainEntityOfPage\":{\"@id\":\"https:\\\/\\\/www.duerodeporte.com\\\/index.php\\\/archivos\\\/17830\"},\"wordCount\":623,\"commentCount\":0,\"publisher\":{\"@id\":\"https:\\\/\\\/www.duerodeporte.com\\\/#organization\"},\"image\":{\"@id\":\"https:\\\/\\\/www.duerodeporte.com\\\/index.php\\\/archivos\\\/17830#primaryimage\"},\"thumbnailUrl\":\"https:\\\/\\\/www.duerodeporte.com\\\/wp-content\\\/uploads\\\/2026\\\/04\\\/Screenshot_2026-04-25-22-16-47-679_com.google.android.apps_.photos-edit2.jpg\",\"keywords\":[\"aranda de duero\",\"Asobal\",\"balonmano\",\"Rfebm\",\"tierras del duero\",\"Villa de Aranda\"],\"articleSection\":[\"BALONMANO\",\"z_PORTADA\"],\"inLanguage\":\"es\",\"potentialAction\":[{\"@type\":\"CommentAction\",\"name\":\"Comment\",\"target\":[\"https:\\\/\\\/www.duerodeporte.com\\\/index.php\\\/archivos\\\/17830#respond\"]}]},{\"@type\":[\"WebPage\",\"ItemPage\"],\"@id\":\"https:\\\/\\\/www.duerodeporte.com\\\/index.php\\\/archivos\\\/17830\",\"url\":\"https:\\\/\\\/www.duerodeporte.com\\\/index.php\\\/archivos\\\/17830\",\"name\":\"\u00c9xtasis amarillo (33-27)\",\"isPartOf\":{\"@id\":\"https:\\\/\\\/www.duerodeporte.com\\\/#website\"},\"primaryImageOfPage\":{\"@id\":\"https:\\\/\\\/www.duerodeporte.com\\\/index.php\\\/archivos\\\/17830#primaryimage\"},\"image\":{\"@id\":\"https:\\\/\\\/www.duerodeporte.com\\\/index.php\\\/archivos\\\/17830#primaryimage\"},\"thumbnailUrl\":\"https:\\\/\\\/www.duerodeporte.com\\\/wp-content\\\/uploads\\\/2026\\\/04\\\/Screenshot_2026-04-25-22-16-47-679_com.google.android.apps_.photos-edit2.jpg\",\"datePublished\":\"2026-04-25T20:27:15+00:00\",\"dateModified\":\"2026-04-25T23:13:57+00:00\",\"description\":\"El Deporte de Aranda y las tierras del Duero\",\"breadcrumb\":{\"@id\":\"https:\\\/\\\/www.duerodeporte.com\\\/index.php\\\/archivos\\\/17830#breadcrumb\"},\"inLanguage\":\"es\",\"potentialAction\":[{\"@type\":\"ReadAction\",\"target\":[\"https:\\\/\\\/www.duerodeporte.com\\\/index.php\\\/archivos\\\/17830\"]}]},{\"@type\":\"ImageObject\",\"inLanguage\":\"es\",\"@id\":\"https:\\\/\\\/www.duerodeporte.com\\\/index.php\\\/archivos\\\/17830#primaryimage\",\"url\":\"https:\\\/\\\/www.duerodeporte.com\\\/wp-content\\\/uploads\\\/2026\\\/04\\\/Screenshot_2026-04-25-22-16-47-679_com.google.android.apps_.photos-edit2.jpg\",\"contentUrl\":\"https:\\\/\\\/www.duerodeporte.com\\\/wp-content\\\/uploads\\\/2026\\\/04\\\/Screenshot_2026-04-25-22-16-47-679_com.google.android.apps_.photos-edit2.jpg\",\"width\":2119,\"height\":1220},{\"@type\":\"BreadcrumbList\",\"@id\":\"https:\\\/\\\/www.duerodeporte.com\\\/index.php\\\/archivos\\\/17830#breadcrumb\",\"itemListElement\":[{\"@type\":\"ListItem\",\"position\":1,\"name\":\"Portada\",\"item\":\"https:\\\/\\\/www.duerodeporte.com\\\/\"},{\"@type\":\"ListItem\",\"position\":2,\"name\":\"\u00c9xtasis amarillo (33-27)\"}]},{\"@type\":\"WebSite\",\"@id\":\"https:\\\/\\\/www.duerodeporte.com\\\/#website\",\"url\":\"https:\\\/\\\/www.duerodeporte.com\\\/\",\"name\":\"Duero Deporte\",\"description\":\"El Deporte de Aranda y las tierras del Duero\",\"publisher\":{\"@id\":\"https:\\\/\\\/www.duerodeporte.com\\\/#organization\"},\"alternateName\":\"El Deporte de Aranda y las tierras del Duero\",\"potentialAction\":[{\"@type\":\"SearchAction\",\"target\":{\"@type\":\"EntryPoint\",\"urlTemplate\":\"https:\\\/\\\/www.duerodeporte.com\\\/?s={search_term_string}\"},\"query-input\":{\"@type\":\"PropertyValueSpecification\",\"valueRequired\":true,\"valueName\":\"search_term_string\"}}],\"inLanguage\":\"es\"},{\"@type\":\"Organization\",\"@id\":\"https:\\\/\\\/www.duerodeporte.com\\\/#organization\",\"name\":\"Duero Deporte\",\"alternateName\":\"El Deporte de Aranda y las tierras del Duero\",\"url\":\"https:\\\/\\\/www.duerodeporte.com\\\/\",\"logo\":{\"@type\":\"ImageObject\",\"inLanguage\":\"es\",\"@id\":\"https:\\\/\\\/www.duerodeporte.com\\\/#\\\/schema\\\/logo\\\/image\\\/\",\"url\":\"https:\\\/\\\/www.duerodeporte.com\\\/wp-content\\\/uploads\\\/2023\\\/11\\\/A.ColorSinFondo-e1708011627555.png\",\"contentUrl\":\"https:\\\/\\\/www.duerodeporte.com\\\/wp-content\\\/uploads\\\/2023\\\/11\\\/A.ColorSinFondo-e1708011627555.png\",\"width\":750,\"height\":132,\"caption\":\"Duero Deporte\"},\"image\":{\"@id\":\"https:\\\/\\\/www.duerodeporte.com\\\/#\\\/schema\\\/logo\\\/image\\\/\"},\"sameAs\":[\"https:\\\/\\\/www.facebook.com\\\/61555928375028\",\"https:\\\/\\\/x.com\\\/Diegoamartin13\",\"https:\\\/\\\/www.youtube.com\\\/channel\\\/UCxIGQL8b9gmW-NjaChabCdA\"]},{\"@type\":\"Person\",\"@id\":\"https:\\\/\\\/www.duerodeporte.com\\\/#\\\/schema\\\/person\\\/5f3368966f635b5ae0d23ffaf7a7f894\",\"name\":\"Diego A. Mart\u00edn\",\"image\":{\"@type\":\"ImageObject\",\"inLanguage\":\"es\",\"@id\":\"https:\\\/\\\/www.duerodeporte.com\\\/wp-content\\\/uploads\\\/2024\\\/01\\\/Diego2-e1706522808572-150x150.jpeg\",\"url\":\"https:\\\/\\\/www.duerodeporte.com\\\/wp-content\\\/uploads\\\/2024\\\/01\\\/Diego2-e1706522808572-150x150.jpeg\",\"contentUrl\":\"https:\\\/\\\/www.duerodeporte.com\\\/wp-content\\\/uploads\\\/2024\\\/01\\\/Diego2-e1706522808572-150x150.jpeg\",\"caption\":\"Diego A. Mart\u00edn\"},\"url\":\"https:\\\/\\\/www.duerodeporte.com\\\/index.php\\\/archivos\\\/author\\\/diego\"}]}<\/script>\r\n<!-- \/ Yoast SEO plugin. -->","yoast_head_json":{"title":"\u00c9xtasis amarillo (33-27)","description":"El Deporte de Aranda y las tierras del Duero","robots":{"index":"index","follow":"follow","max-snippet":"max-snippet:-1","max-image-preview":"max-image-preview:large","max-video-preview":"max-video-preview:-1"},"canonical":"https:\/\/www.duerodeporte.com\/index.php\/archivos\/17830","og_locale":"es_ES","og_type":"article","og_title":"\u00c9xtasis amarillo (33-27)","og_description":"El Deporte de Aranda y las tierras del Duero","og_url":"https:\/\/www.duerodeporte.com\/index.php\/archivos\/17830","og_site_name":"Duero Deporte","article_publisher":"https:\/\/www.facebook.com\/61555928375028","article_published_time":"2026-04-25T20:27:15+00:00","article_modified_time":"2026-04-25T23:13:57+00:00","og_image":[{"width":2119,"height":1220,"url":"https:\/\/www.duerodeporte.com\/wp-content\/uploads\/2026\/04\/Screenshot_2026-04-25-22-16-47-679_com.google.android.apps_.photos-edit2.jpg","type":"image\/jpeg"}],"author":"Diego A. Mart\u00edn","twitter_card":"summary_large_image","twitter_creator":"@Diegoamartin13","twitter_site":"@Diegoamartin13","twitter_misc":{"Escrito por":"Diego A. Mart\u00edn","Tiempo de lectura":"4 minutos"},"schema":{"@context":"https:\/\/schema.org","@graph":[{"@type":["Article","SocialMediaPosting"],"@id":"https:\/\/www.duerodeporte.com\/index.php\/archivos\/17830#article","isPartOf":{"@id":"https:\/\/www.duerodeporte.com\/index.php\/archivos\/17830"},"author":{"name":"Diego A. Mart\u00edn","@id":"https:\/\/www.duerodeporte.com\/#\/schema\/person\/5f3368966f635b5ae0d23ffaf7a7f894"},"headline":"\u00c9xtasis amarillo (33-27)","datePublished":"2026-04-25T20:27:15+00:00","dateModified":"2026-04-25T23:13:57+00:00","mainEntityOfPage":{"@id":"https:\/\/www.duerodeporte.com\/index.php\/archivos\/17830"},"wordCount":623,"commentCount":0,"publisher":{"@id":"https:\/\/www.duerodeporte.com\/#organization"},"image":{"@id":"https:\/\/www.duerodeporte.com\/index.php\/archivos\/17830#primaryimage"},"thumbnailUrl":"https:\/\/www.duerodeporte.com\/wp-content\/uploads\/2026\/04\/Screenshot_2026-04-25-22-16-47-679_com.google.android.apps_.photos-edit2.jpg","keywords":["aranda de duero","Asobal","balonmano","Rfebm","tierras del duero","Villa de Aranda"],"articleSection":["BALONMANO","z_PORTADA"],"inLanguage":"es","potentialAction":[{"@type":"CommentAction","name":"Comment","target":["https:\/\/www.duerodeporte.com\/index.php\/archivos\/17830#respond"]}]},{"@type":["WebPage","ItemPage"],"@id":"https:\/\/www.duerodeporte.com\/index.php\/archivos\/17830","url":"https:\/\/www.duerodeporte.com\/index.php\/archivos\/17830","name":"\u00c9xtasis amarillo (33-27)","isPartOf":{"@id":"https:\/\/www.duerodeporte.com\/#website"},"primaryImageOfPage":{"@id":"https:\/\/www.duerodeporte.com\/index.php\/archivos\/17830#primaryimage"},"image":{"@id":"https:\/\/www.duerodeporte.com\/index.php\/archivos\/17830#primaryimage"},"thumbnailUrl":"https:\/\/www.duerodeporte.com\/wp-content\/uploads\/2026\/04\/Screenshot_2026-04-25-22-16-47-679_com.google.android.apps_.photos-edit2.jpg","datePublished":"2026-04-25T20:27:15+00:00","dateModified":"2026-04-25T23:13:57+00:00","description":"El Deporte de Aranda y las tierras del Duero","breadcrumb":{"@id":"https:\/\/www.duerodeporte.com\/index.php\/archivos\/17830#breadcrumb"},"inLanguage":"es","potentialAction":[{"@type":"ReadAction","target":["https:\/\/www.duerodeporte.com\/index.php\/archivos\/17830"]}]},{"@type":"ImageObject","inLanguage":"es","@id":"https:\/\/www.duerodeporte.com\/index.php\/archivos\/17830#primaryimage","url":"https:\/\/www.duerodeporte.com\/wp-content\/uploads\/2026\/04\/Screenshot_2026-04-25-22-16-47-679_com.google.android.apps_.photos-edit2.jpg","contentUrl":"https:\/\/www.duerodeporte.com\/wp-content\/uploads\/2026\/04\/Screenshot_2026-04-25-22-16-47-679_com.google.android.apps_.photos-edit2.jpg","width":2119,"height":1220},{"@type":"BreadcrumbList","@id":"https:\/\/www.duerodeporte.com\/index.php\/archivos\/17830#breadcrumb","itemListElement":[{"@type":"ListItem","position":1,"name":"Portada","item":"https:\/\/www.duerodeporte.com\/"},{"@type":"ListItem","position":2,"name":"\u00c9xtasis amarillo (33-27)"}]},{"@type":"WebSite","@id":"https:\/\/www.duerodeporte.com\/#website","url":"https:\/\/www.duerodeporte.com\/","name":"Duero Deporte","description":"El Deporte de Aranda y las tierras del Duero","publisher":{"@id":"https:\/\/www.duerodeporte.com\/#organization"},"alternateName":"El Deporte de Aranda y las tierras del Duero","potentialAction":[{"@type":"SearchAction","target":{"@type":"EntryPoint","urlTemplate":"https:\/\/www.duerodeporte.com\/?s={search_term_string}"},"query-input":{"@type":"PropertyValueSpecification","valueRequired":true,"valueName":"search_term_string"}}],"inLanguage":"es"},{"@type":"Organization","@id":"https:\/\/www.duerodeporte.com\/#organization","name":"Duero Deporte","alternateName":"El Deporte de Aranda y las tierras del Duero","url":"https:\/\/www.duerodeporte.com\/","logo":{"@type":"ImageObject","inLanguage":"es","@id":"https:\/\/www.duerodeporte.com\/#\/schema\/logo\/image\/","url":"https:\/\/www.duerodeporte.com\/wp-content\/uploads\/2023\/11\/A.ColorSinFondo-e1708011627555.png","contentUrl":"https:\/\/www.duerodeporte.com\/wp-content\/uploads\/2023\/11\/A.ColorSinFondo-e1708011627555.png","width":750,"height":132,"caption":"Duero Deporte"},"image":{"@id":"https:\/\/www.duerodeporte.com\/#\/schema\/logo\/image\/"},"sameAs":["https:\/\/www.facebook.com\/61555928375028","https:\/\/x.com\/Diegoamartin13","https:\/\/www.youtube.com\/channel\/UCxIGQL8b9gmW-NjaChabCdA"]},{"@type":"Person","@id":"https:\/\/www.duerodeporte.com\/#\/schema\/person\/5f3368966f635b5ae0d23ffaf7a7f894","name":"Diego A. Mart\u00edn","image":{"@type":"ImageObject","inLanguage":"es","@id":"https:\/\/www.duerodeporte.com\/wp-content\/uploads\/2024\/01\/Diego2-e1706522808572-150x150.jpeg","url":"https:\/\/www.duerodeporte.com\/wp-content\/uploads\/2024\/01\/Diego2-e1706522808572-150x150.jpeg","contentUrl":"https:\/\/www.duerodeporte.com\/wp-content\/uploads\/2024\/01\/Diego2-e1706522808572-150x150.jpeg","caption":"Diego A. Mart\u00edn"},"url":"https:\/\/www.duerodeporte.com\/index.php\/archivos\/author\/diego"}]}},"views":307,"_links":{"self":[{"href":"https:\/\/www.duerodeporte.com\/index.php\/wp-json\/wp\/v2\/posts\/17830","targetHints":{"allow":["GET"]}}],"collection":[{"href":"https:\/\/www.duerodeporte.com\/index.php\/wp-json\/wp\/v2\/posts"}],"about":[{"href":"https:\/\/www.duerodeporte.com\/index.php\/wp-json\/wp\/v2\/types\/post"}],"author":[{"embeddable":true,"href":"https:\/\/www.duerodeporte.com\/index.php\/wp-json\/wp\/v2\/users\/3"}],"replies":[{"embeddable":true,"href":"https:\/\/www.duerodeporte.com\/index.php\/wp-json\/wp\/v2\/comments?post=17830"}],"version-history":[{"count":14,"href":"https:\/\/www.duerodeporte.com\/index.php\/wp-json\/wp\/v2\/posts\/17830\/revisions"}],"predecessor-version":[{"id":17853,"href":"https:\/\/www.duerodeporte.com\/index.php\/wp-json\/wp\/v2\/posts\/17830\/revisions\/17853"}],"wp:featuredmedia":[{"embeddable":true,"href":"https:\/\/www.duerodeporte.com\/index.php\/wp-json\/wp\/v2\/media\/17834"}],"wp:attachment":[{"href":"https:\/\/www.duerodeporte.com\/index.php\/wp-json\/wp\/v2\/media?parent=17830"}],"wp:term":[{"taxonomy":"category","embeddable":true,"href":"https:\/\/www.duerodeporte.com\/index.php\/wp-json\/wp\/v2\/categories?post=17830"},{"taxonomy":"post_tag","embeddable":true,"href":"https:\/\/www.duerodeporte.com\/index.php\/wp-json\/wp\/v2\/tags?post=17830"}],"curies":[{"name":"wp","href":"https:\/\/api.w.org\/{rel}","templated":true}]}}