{"id":17854,"date":"2026-04-26T20:23:36","date_gmt":"2026-04-26T19:23:36","guid":{"rendered":"https:\/\/www.duerodeporte.com\/?p=17854"},"modified":"2026-04-27T00:19:26","modified_gmt":"2026-04-26T23:19:26","slug":"la-arandina-debera-esperar-para-lograr-la-permanencia-3-3","status":"publish","type":"post","link":"https:\/\/www.duerodeporte.com\/index.php\/archivos\/17854","title":{"rendered":"La Arandina deber\u00e1 esperar para lograr la permanencia (3-3)"},"content":{"rendered":"\n<h2 class=\"wp-block-heading\">Un tanto en propia puerta de Santino a falta de ocho minutos evita el triunfo blanquiazul que hubiera significado la salvaci\u00f3n matem\u00e1tica para los de las Tierras del Duero. Ahora los de Dani Calvo deber\u00e1n esperar a lograrlo el pr\u00f3ximo fin de semana en casa en el derbi ante el Mirand\u00e9s B<\/h2>\n\n\n\n<p>La <strong><a href=\"https:\/\/www.instagram.com\/arandinacf\/\" type=\"link\" id=\"https:\/\/www.instagram.com\/arandinacf\/\">Arandina <\/a><\/strong>lo deja todo para el derbi ante el Mirand\u00e9s B de la pr\u00f3xima jornada. <strong>El sufrido empate ante el Atl\u00e9tico Bembibre<\/strong> (<strong>3-3<\/strong>) <strong>evita la permanencia absoluta <\/strong><em>-sin esperar arrastres de 2\u00aa RFEF- <\/em>de los blanquiazules en el <a href=\"https:\/\/www.rfcylf.es\/pnfg\/NPcd\/NFG_CmpJornada?cod_primaria=1000120&amp;CodCompeticion=22911126&amp;CodGrupo=22911127&amp;CodTemporada=21&amp;CodJornada=32&amp;Sch_Codigo_Delegacion=1\" type=\"link\" id=\"https:\/\/www.rfcylf.es\/pnfg\/NPcd\/NFG_CmpJornada?cod_primaria=1000120&amp;CodCompeticion=22911126&amp;CodGrupo=22911127&amp;CodTemporada=21&amp;CodJornada=32&amp;Sch_Codigo_Delegacion=1\"><strong>Grupo VIII de Tercera Federaci\u00f3n<\/strong><\/a>. Los de Dani Calvo siguen dependiendo de ellos mismos para lograr la salvaci\u00f3n el <strong>pr\u00f3ximo s\u00e1bado a las 18:00 horas<\/strong> en casa en el derbi burgal\u00e9s de la pen\u00faltima jornada del Campeonato.<\/p>\n\n\n<div class=\"wp-block-image\">\n<figure class=\"aligncenter size-large\"><a href=\"https:\/\/www.racingcitygroup.com\/\"><img loading=\"lazy\" decoding=\"async\" width=\"1024\" height=\"234\" src=\"https:\/\/www.duerodeporte.com\/wp-content\/uploads\/2026\/01\/Racing-City-Group-1-1024x234.png\" alt=\"\" class=\"wp-image-16176\" srcset=\"https:\/\/www.duerodeporte.com\/wp-content\/uploads\/2026\/01\/Racing-City-Group-1-1024x234.png 1024w, https:\/\/www.duerodeporte.com\/wp-content\/uploads\/2026\/01\/Racing-City-Group-1-300x69.png 300w, https:\/\/www.duerodeporte.com\/wp-content\/uploads\/2026\/01\/Racing-City-Group-1-768x176.png 768w, https:\/\/www.duerodeporte.com\/wp-content\/uploads\/2026\/01\/Racing-City-Group-1-1536x351.png 1536w, https:\/\/www.duerodeporte.com\/wp-content\/uploads\/2026\/01\/Racing-City-Group-1-696x159.png 696w, https:\/\/www.duerodeporte.com\/wp-content\/uploads\/2026\/01\/Racing-City-Group-1-1068x244.png 1068w, https:\/\/www.duerodeporte.com\/wp-content\/uploads\/2026\/01\/Racing-City-Group-1.png 1845w\" sizes=\"auto, (max-width: 1024px) 100vw, 1024px\" \/><\/a><\/figure>\n<\/div>\n\n\n<p>En la previa del partido la presidencia de la Arandina, encabezada por Demetrio Rodr\u00edguez y Morris Pagniello, quiso homenajear a una de las grandes figuras del deporte de las Tierras del Duero, la atleta <strong><a href=\"https:\/\/www.instagram.com\/celia_aa23\/\" type=\"link\" id=\"https:\/\/www.instagram.com\/celia_aa23\/\">Celia Ant\u00f3n<\/a><\/strong>. Saque de honor, ramo de flores y camiseta del equipo para la fondista de las Tierras del Duero que recientemente lograba el <strong>triunfo en su estreno en la distancia de media marat\u00f3n en Berl\u00edn<\/strong>.<\/p>\n\n\n\n<figure class=\"wp-block-embed is-type-rich is-provider-twitter wp-block-embed-twitter\"><div class=\"wp-block-embed__wrapper\">\n<blockquote class=\"twitter-tweet\" data-width=\"550\" data-dnt=\"true\"><p lang=\"es\" dir=\"ltr\">\ud83d\udfe0 F\u00daTBOL <br><br>\u26bd Todo listo en el Estadio Municipal Juan Carlos Higuero para la 3\ufe0f\u20e32\ufe0f\u20e3\u00aa jornada del Grupo 8\ufe0f\u20e3 de 3\ufe0f\u20e3\u00aa <a href=\"https:\/\/twitter.com\/rfef?ref_src=twsrc%5Etfw\">@RFEF<\/a> (<a href=\"https:\/\/twitter.com\/FCyLF?ref_src=twsrc%5Etfw\">@FCyLF<\/a>) <br><br>\u26aa\ud83d\udd35 <a href=\"https:\/\/twitter.com\/ArandinaCF?ref_src=twsrc%5Etfw\">@ArandinaCF<\/a><br>\u26ab\u26ab <a href=\"https:\/\/twitter.com\/AtcoBembibre?ref_src=twsrc%5Etfw\">@AtcoBembibre<\/a> <br><br>\u25b6\ufe0f La entidad <a href=\"https:\/\/twitter.com\/hashtag\/blanquiazul?src=hash&amp;ref_src=twsrc%5Etfw\">#blanquiazul<\/a> rinde homenaje a la atleta arandina <a href=\"https:\/\/twitter.com\/ce_anton?ref_src=twsrc%5Etfw\">@ce_anton<\/a> en los proleg\u00f3menos del partido <br><br>\ud83d\udcca\u2026 <a href=\"https:\/\/t.co\/gaMiQRlOd0\">pic.twitter.com\/gaMiQRlOd0<\/a><\/p>&mdash; Diego A. Mart\u00edn (duerodeporte.com) (@Diegoamartin13) <a href=\"https:\/\/twitter.com\/Diegoamartin13\/status\/2048453149883863155?ref_src=twsrc%5Etfw\">April 26, 2026<\/a><\/blockquote><script async src=\"https:\/\/platform.twitter.com\/widgets.js\" charset=\"utf-8\"><\/script>\n<\/div><\/figure>\n\n\n\n<p>El encuentro comenzar\u00eda con <strong>susto berciano<\/strong>. Golazo desde m\u00e1s de 35 metros de <strong>Prieto <\/strong>a los cuatro minutos de partido. Su lanzamiento se col\u00f3 por la escuadra de la porter\u00eda defendida por Sergio Garc\u00eda. <strong>0-1 y jarro de agua fr\u00eda<\/strong>.<\/p>\n\n\n\n<p>La llamada a la reacci\u00f3n no tard\u00f3 en producirse con un sensacional testarazo de <strong>Sandro <\/strong>seis minutos m\u00e1s tarde a la salida de un saque de esquina. Enrachado, el centrocampista lograba el <strong>empate <\/strong>(<strong>1-1<\/strong>) a los diez minutos de partido. La lucha por la permanencia volv\u00eda a estar en la mano de los de Dani Calvo. <strong>Una reacci\u00f3n que ser\u00eda completa con la remontada posterior tras la fant\u00e1stica cabalgada de Mariano<\/strong> para hacer el <strong>2-1<\/strong> a los veinte minutos.<\/p>\n\n\n\n<p>El camino se allanaba y la salvaci\u00f3n se ve\u00eda m\u00e1s cerca. Y a\u00fan m\u00e1s tras el<strong> 3-1<\/strong> obra de <strong>Freixa<\/strong>. De nuevo, un saque de esquina de los blanquiazules. Poder\u00edo a\u00e9reo para comenzar a sentir el objetivo en la mano. Minuto 40 de un encuentro que dibujaba las sonrisas en el rostro de la plantilla arandinista. As\u00ed se llegar\u00eda al <strong>descanso<\/strong>.<\/p>\n\n\n\n<h2 class=\"wp-block-heading\">Con el susto en el cuerpo<\/h2>\n\n\n\n<p>La <strong>segunda parte<\/strong> deparaba otro cap\u00edtulo m\u00e1s en la err\u00e1tica temporada de los blanquiazules. Con ventaja de dos goles, los de Dani Calvo sufrieron finalmente la igualada ante una <strong>escuadra berciana que aprovech\u00f3 los errores defensivos de los arandinistas<\/strong>.<\/p>\n\n\n\n<p>En primer lugar una p\u00e9rdida de Freixa y mala acci\u00f3n defensa posterior en el segundo palo propici\u00f3 el <strong>3-2<\/strong>. El bigoleador berciano, <strong>Prieto<\/strong>, apretaba el marcador a los 73 minutos de encuentro. Nervios por delante. Y lo peor llegar\u00eda en el tramo definitivo. Tanto <strong>en propia puerta<\/strong> de <strong>Santino <\/strong>que establec\u00eda pon\u00eda el empate final (<strong>3-3<\/strong>)<\/p>\n\n\n\n<figure class=\"wp-block-embed is-type-rich is-provider-twitter wp-block-embed-twitter\"><div class=\"wp-block-embed__wrapper\">\n<blockquote class=\"twitter-tweet\" data-width=\"550\" data-dnt=\"true\"><p lang=\"es\" dir=\"ltr\">\ud83d\udfe0 F\u00daTBOL <br><br>\u26bd EN MARCHA&#8230; la 3\ufe0f\u20e32\ufe0f\u20e3\u00aa jornada del Grupo 8\ufe0f\u20e3 de 3\ufe0f\u20e3\u00aa <a href=\"https:\/\/twitter.com\/rfef?ref_src=twsrc%5Etfw\">@RFEF<\/a> (<a href=\"https:\/\/twitter.com\/FCyLF?ref_src=twsrc%5Etfw\">@FCyLF<\/a>) con empate berciano tras un tanto en propia puerta de los <a href=\"https:\/\/twitter.com\/hashtag\/blanquiazules?src=hash&amp;ref_src=twsrc%5Etfw\">#blanquiazules<\/a><br><br>\u26aa\ud83d\udd35 <a href=\"https:\/\/twitter.com\/ArandinaCF?ref_src=twsrc%5Etfw\">@ArandinaCF<\/a> 3\u20e3 (Sandro, Mariano y Freixa)<br>\u26ab\u26ab <a href=\"https:\/\/twitter.com\/AtcoBembibre?ref_src=twsrc%5Etfw\">@atcobembibre<\/a> 3\ufe0f\u20e3 (Palacios (2) y Santino, p.p.)<br><br>\ud83d\udcca Enfrentamientos 3\ufe0f\u20e32\ufe0f\u20e3\u00aa\u2026 <a href=\"https:\/\/t.co\/ObIs2UbgLo\">pic.twitter.com\/ObIs2UbgLo<\/a><\/p>&mdash; Diego A. Mart\u00edn (duerodeporte.com) (@Diegoamartin13) <a href=\"https:\/\/twitter.com\/Diegoamartin13\/status\/2048485248770441709?ref_src=twsrc%5Etfw\">April 26, 2026<\/a><\/blockquote><script async src=\"https:\/\/platform.twitter.com\/widgets.js\" charset=\"utf-8\"><\/script>\n<\/div><\/figure>\n\n\n\n<h2 class=\"wp-block-heading\">Las cuentas para la salvaci\u00f3n<\/h2>\n\n\n\n<p>Ahora los <strong>blanquiazules <\/strong>suman <strong>34 puntos<\/strong> en la clasificaci\u00f3n, nueve por encima de los puestos de descenso directo, pero pendiente de los arrastres desde 2\u00aa RFEF. <strong>Confirmar al menos la 13\u00aa posici\u00f3n que ahora ostenta la Arandina salvar\u00eda de la quema al proyecto<\/strong>.<\/p>\n\n\n\n<p>La pr\u00f3xima jornada los blanquiazules tienen la posibilidad de certificar la permanencia absoluta. Un triunfo ante el<strong> Mirand\u00e9s B<\/strong> en el <strong>derbi <\/strong>burgal\u00e9s de la <strong>pen\u00faltima fecha <\/strong>en el Grupo VIII de Tercera Federaci\u00f3n. <strong>Todo pasa por el Juan Carlos Higuero<\/strong>.<\/p>\n\n\n<div class=\"wp-block-image\">\n<figure class=\"aligncenter size-large\"><img loading=\"lazy\" decoding=\"async\" width=\"1024\" height=\"679\" src=\"https:\/\/www.duerodeporte.com\/wp-content\/uploads\/2026\/04\/clasificacon-32-jr-arnadaina-1024x679.jpg\" alt=\"\" class=\"wp-image-17860\" srcset=\"https:\/\/www.duerodeporte.com\/wp-content\/uploads\/2026\/04\/clasificacon-32-jr-arnadaina-1024x679.jpg 1024w, https:\/\/www.duerodeporte.com\/wp-content\/uploads\/2026\/04\/clasificacon-32-jr-arnadaina-300x199.jpg 300w, https:\/\/www.duerodeporte.com\/wp-content\/uploads\/2026\/04\/clasificacon-32-jr-arnadaina-768x509.jpg 768w, https:\/\/www.duerodeporte.com\/wp-content\/uploads\/2026\/04\/clasificacon-32-jr-arnadaina-696x462.jpg 696w, https:\/\/www.duerodeporte.com\/wp-content\/uploads\/2026\/04\/clasificacon-32-jr-arnadaina-1068x708.jpg 1068w, https:\/\/www.duerodeporte.com\/wp-content\/uploads\/2026\/04\/clasificacon-32-jr-arnadaina.jpg 1253w\" sizes=\"auto, (max-width: 1024px) 100vw, 1024px\" \/><figcaption class=\"wp-element-caption\">La clasificaci\u00f3n del Grupo VIII de Tercera Federaci\u00f3n tras la 32\u00aa jornada. \/ RFCYLF<\/figcaption><\/figure>\n<\/div>","protected":false},"excerpt":{"rendered":"<p>Un tanto en propia puerta de Santino a falta de ocho minutos evita el triunfo blanquiazul que hubiera significado la salvaci\u00f3n matem\u00e1tica para los de las Tierras del Duero. Ahora [&hellip;]<\/p>\n","protected":false},"author":3,"featured_media":17856,"comment_status":"open","ping_status":"open","sticky":false,"template":"","format":"standard","meta":{"footnotes":""},"categories":[17,15],"tags":[43,22,1198,548,26,250,36,83],"class_list":["post-17854","post","type-post","status-publish","format-standard","has-post-thumbnail","category-futbol","category-portada","tag-aranda-de-duero","tag-arandina","tag-atletico-bembibre","tag-celia-anton","tag-futbol","tag-rfcylf","tag-rfef","tag-tierras-del-duero"],"yoast_head":"<!-- This site is optimized with the Yoast SEO plugin v27.5 - https:\/\/yoast.com\/product\/yoast-seo-wordpress\/ -->\r\n<title>La Arandina deber\u00e1 esperar para lograr la permanencia (3-3)<\/title>\r\n<meta name=\"description\" content=\"El Deporte de Aranda y las tierras del Duero\" \/>\r\n<meta name=\"robots\" content=\"index, follow, max-snippet:-1, max-image-preview:large, max-video-preview:-1\" \/>\r\n<link rel=\"canonical\" href=\"https:\/\/www.duerodeporte.com\/index.php\/archivos\/17854\" \/>\r\n<meta property=\"og:locale\" content=\"es_ES\" \/>\r\n<meta property=\"og:type\" content=\"article\" \/>\r\n<meta property=\"og:title\" content=\"La Arandina deber\u00e1 esperar para lograr la permanencia (3-3)\" \/>\r\n<meta property=\"og:description\" content=\"El Deporte de Aranda y las tierras del Duero\" \/>\r\n<meta property=\"og:url\" content=\"https:\/\/www.duerodeporte.com\/index.php\/archivos\/17854\" \/>\r\n<meta property=\"og:site_name\" content=\"Duero Deporte\" \/>\r\n<meta property=\"article:publisher\" content=\"https:\/\/www.facebook.com\/61555928375028\" \/>\r\n<meta property=\"article:published_time\" content=\"2026-04-26T19:23:36+00:00\" \/>\r\n<meta property=\"article:modified_time\" content=\"2026-04-26T23:19:26+00:00\" \/>\r\n<meta property=\"og:image\" content=\"https:\/\/www.duerodeporte.com\/wp-content\/uploads\/2026\/04\/ACF-CELIA.jpeg\" \/>\r\n\t<meta property=\"og:image:width\" content=\"2048\" \/>\r\n\t<meta property=\"og:image:height\" content=\"1366\" \/>\r\n\t<meta property=\"og:image:type\" content=\"image\/jpeg\" \/>\r\n<meta name=\"author\" content=\"Diego A. Mart\u00edn\" \/>\r\n<meta name=\"twitter:card\" content=\"summary_large_image\" \/>\r\n<meta name=\"twitter:creator\" content=\"@Diegoamartin13\" \/>\r\n<meta name=\"twitter:site\" content=\"@Diegoamartin13\" \/>\r\n<meta name=\"twitter:label1\" content=\"Escrito por\" \/>\n\t<meta name=\"twitter:data1\" content=\"Diego A. Mart\u00edn\" \/>\n\t<meta name=\"twitter:label2\" content=\"Tiempo de lectura\" \/>\n\t<meta name=\"twitter:data2\" content=\"4 minutos\" \/>\r\n<script type=\"application\/ld+json\" class=\"yoast-schema-graph\">{\"@context\":\"https:\\\/\\\/schema.org\",\"@graph\":[{\"@type\":[\"Article\",\"SocialMediaPosting\"],\"@id\":\"https:\\\/\\\/www.duerodeporte.com\\\/index.php\\\/archivos\\\/17854#article\",\"isPartOf\":{\"@id\":\"https:\\\/\\\/www.duerodeporte.com\\\/index.php\\\/archivos\\\/17854\"},\"author\":{\"name\":\"Diego A. Mart\u00edn\",\"@id\":\"https:\\\/\\\/www.duerodeporte.com\\\/#\\\/schema\\\/person\\\/5f3368966f635b5ae0d23ffaf7a7f894\"},\"headline\":\"La Arandina deber\u00e1 esperar para lograr la permanencia (3-3)\",\"datePublished\":\"2026-04-26T19:23:36+00:00\",\"dateModified\":\"2026-04-26T23:19:26+00:00\",\"mainEntityOfPage\":{\"@id\":\"https:\\\/\\\/www.duerodeporte.com\\\/index.php\\\/archivos\\\/17854\"},\"wordCount\":649,\"commentCount\":0,\"publisher\":{\"@id\":\"https:\\\/\\\/www.duerodeporte.com\\\/#organization\"},\"image\":{\"@id\":\"https:\\\/\\\/www.duerodeporte.com\\\/index.php\\\/archivos\\\/17854#primaryimage\"},\"thumbnailUrl\":\"https:\\\/\\\/www.duerodeporte.com\\\/wp-content\\\/uploads\\\/2026\\\/04\\\/ACF-CELIA.jpeg\",\"keywords\":[\"aranda de duero\",\"arandina\",\"Atl\u00e9tico Bembibre\",\"Celia Ant\u00f3n\",\"f\u00fatbol\",\"RFCYLF\",\"RFEF\",\"tierras del duero\"],\"articleSection\":[\"FUTBOL\",\"z_PORTADA\"],\"inLanguage\":\"es\",\"potentialAction\":[{\"@type\":\"CommentAction\",\"name\":\"Comment\",\"target\":[\"https:\\\/\\\/www.duerodeporte.com\\\/index.php\\\/archivos\\\/17854#respond\"]}]},{\"@type\":[\"WebPage\",\"ItemPage\"],\"@id\":\"https:\\\/\\\/www.duerodeporte.com\\\/index.php\\\/archivos\\\/17854\",\"url\":\"https:\\\/\\\/www.duerodeporte.com\\\/index.php\\\/archivos\\\/17854\",\"name\":\"La Arandina deber\u00e1 esperar para lograr la permanencia (3-3)\",\"isPartOf\":{\"@id\":\"https:\\\/\\\/www.duerodeporte.com\\\/#website\"},\"primaryImageOfPage\":{\"@id\":\"https:\\\/\\\/www.duerodeporte.com\\\/index.php\\\/archivos\\\/17854#primaryimage\"},\"image\":{\"@id\":\"https:\\\/\\\/www.duerodeporte.com\\\/index.php\\\/archivos\\\/17854#primaryimage\"},\"thumbnailUrl\":\"https:\\\/\\\/www.duerodeporte.com\\\/wp-content\\\/uploads\\\/2026\\\/04\\\/ACF-CELIA.jpeg\",\"datePublished\":\"2026-04-26T19:23:36+00:00\",\"dateModified\":\"2026-04-26T23:19:26+00:00\",\"description\":\"El Deporte de Aranda y las tierras del Duero\",\"breadcrumb\":{\"@id\":\"https:\\\/\\\/www.duerodeporte.com\\\/index.php\\\/archivos\\\/17854#breadcrumb\"},\"inLanguage\":\"es\",\"potentialAction\":[{\"@type\":\"ReadAction\",\"target\":[\"https:\\\/\\\/www.duerodeporte.com\\\/index.php\\\/archivos\\\/17854\"]}]},{\"@type\":\"ImageObject\",\"inLanguage\":\"es\",\"@id\":\"https:\\\/\\\/www.duerodeporte.com\\\/index.php\\\/archivos\\\/17854#primaryimage\",\"url\":\"https:\\\/\\\/www.duerodeporte.com\\\/wp-content\\\/uploads\\\/2026\\\/04\\\/ACF-CELIA.jpeg\",\"contentUrl\":\"https:\\\/\\\/www.duerodeporte.com\\\/wp-content\\\/uploads\\\/2026\\\/04\\\/ACF-CELIA.jpeg\",\"width\":2048,\"height\":1366,\"caption\":\"La Arandina homenaje\u00f3 a la atleta arandina, Celia Ant\u00f3n en los proleg\u00f3menos del encuentro. \\\/ somos AFIR\"},{\"@type\":\"BreadcrumbList\",\"@id\":\"https:\\\/\\\/www.duerodeporte.com\\\/index.php\\\/archivos\\\/17854#breadcrumb\",\"itemListElement\":[{\"@type\":\"ListItem\",\"position\":1,\"name\":\"Portada\",\"item\":\"https:\\\/\\\/www.duerodeporte.com\\\/\"},{\"@type\":\"ListItem\",\"position\":2,\"name\":\"La Arandina deber\u00e1 esperar para lograr la permanencia (3-3)\"}]},{\"@type\":\"WebSite\",\"@id\":\"https:\\\/\\\/www.duerodeporte.com\\\/#website\",\"url\":\"https:\\\/\\\/www.duerodeporte.com\\\/\",\"name\":\"Duero Deporte\",\"description\":\"El Deporte de Aranda y las tierras del Duero\",\"publisher\":{\"@id\":\"https:\\\/\\\/www.duerodeporte.com\\\/#organization\"},\"alternateName\":\"El Deporte de Aranda y las tierras del Duero\",\"potentialAction\":[{\"@type\":\"SearchAction\",\"target\":{\"@type\":\"EntryPoint\",\"urlTemplate\":\"https:\\\/\\\/www.duerodeporte.com\\\/?s={search_term_string}\"},\"query-input\":{\"@type\":\"PropertyValueSpecification\",\"valueRequired\":true,\"valueName\":\"search_term_string\"}}],\"inLanguage\":\"es\"},{\"@type\":\"Organization\",\"@id\":\"https:\\\/\\\/www.duerodeporte.com\\\/#organization\",\"name\":\"Duero Deporte\",\"alternateName\":\"El Deporte de Aranda y las tierras del Duero\",\"url\":\"https:\\\/\\\/www.duerodeporte.com\\\/\",\"logo\":{\"@type\":\"ImageObject\",\"inLanguage\":\"es\",\"@id\":\"https:\\\/\\\/www.duerodeporte.com\\\/#\\\/schema\\\/logo\\\/image\\\/\",\"url\":\"https:\\\/\\\/www.duerodeporte.com\\\/wp-content\\\/uploads\\\/2023\\\/11\\\/A.ColorSinFondo-e1708011627555.png\",\"contentUrl\":\"https:\\\/\\\/www.duerodeporte.com\\\/wp-content\\\/uploads\\\/2023\\\/11\\\/A.ColorSinFondo-e1708011627555.png\",\"width\":750,\"height\":132,\"caption\":\"Duero Deporte\"},\"image\":{\"@id\":\"https:\\\/\\\/www.duerodeporte.com\\\/#\\\/schema\\\/logo\\\/image\\\/\"},\"sameAs\":[\"https:\\\/\\\/www.facebook.com\\\/61555928375028\",\"https:\\\/\\\/x.com\\\/Diegoamartin13\",\"https:\\\/\\\/www.youtube.com\\\/channel\\\/UCxIGQL8b9gmW-NjaChabCdA\"]},{\"@type\":\"Person\",\"@id\":\"https:\\\/\\\/www.duerodeporte.com\\\/#\\\/schema\\\/person\\\/5f3368966f635b5ae0d23ffaf7a7f894\",\"name\":\"Diego A. Mart\u00edn\",\"image\":{\"@type\":\"ImageObject\",\"inLanguage\":\"es\",\"@id\":\"https:\\\/\\\/www.duerodeporte.com\\\/wp-content\\\/uploads\\\/2024\\\/01\\\/Diego2-e1706522808572-150x150.jpeg\",\"url\":\"https:\\\/\\\/www.duerodeporte.com\\\/wp-content\\\/uploads\\\/2024\\\/01\\\/Diego2-e1706522808572-150x150.jpeg\",\"contentUrl\":\"https:\\\/\\\/www.duerodeporte.com\\\/wp-content\\\/uploads\\\/2024\\\/01\\\/Diego2-e1706522808572-150x150.jpeg\",\"caption\":\"Diego A. Mart\u00edn\"},\"url\":\"https:\\\/\\\/www.duerodeporte.com\\\/index.php\\\/archivos\\\/author\\\/diego\"}]}<\/script>\r\n<!-- \/ Yoast SEO plugin. -->","yoast_head_json":{"title":"La Arandina deber\u00e1 esperar para lograr la permanencia (3-3)","description":"El Deporte de Aranda y las tierras del Duero","robots":{"index":"index","follow":"follow","max-snippet":"max-snippet:-1","max-image-preview":"max-image-preview:large","max-video-preview":"max-video-preview:-1"},"canonical":"https:\/\/www.duerodeporte.com\/index.php\/archivos\/17854","og_locale":"es_ES","og_type":"article","og_title":"La Arandina deber\u00e1 esperar para lograr la permanencia (3-3)","og_description":"El Deporte de Aranda y las tierras del Duero","og_url":"https:\/\/www.duerodeporte.com\/index.php\/archivos\/17854","og_site_name":"Duero Deporte","article_publisher":"https:\/\/www.facebook.com\/61555928375028","article_published_time":"2026-04-26T19:23:36+00:00","article_modified_time":"2026-04-26T23:19:26+00:00","og_image":[{"width":2048,"height":1366,"url":"https:\/\/www.duerodeporte.com\/wp-content\/uploads\/2026\/04\/ACF-CELIA.jpeg","type":"image\/jpeg"}],"author":"Diego A. Mart\u00edn","twitter_card":"summary_large_image","twitter_creator":"@Diegoamartin13","twitter_site":"@Diegoamartin13","twitter_misc":{"Escrito por":"Diego A. Mart\u00edn","Tiempo de lectura":"4 minutos"},"schema":{"@context":"https:\/\/schema.org","@graph":[{"@type":["Article","SocialMediaPosting"],"@id":"https:\/\/www.duerodeporte.com\/index.php\/archivos\/17854#article","isPartOf":{"@id":"https:\/\/www.duerodeporte.com\/index.php\/archivos\/17854"},"author":{"name":"Diego A. Mart\u00edn","@id":"https:\/\/www.duerodeporte.com\/#\/schema\/person\/5f3368966f635b5ae0d23ffaf7a7f894"},"headline":"La Arandina deber\u00e1 esperar para lograr la permanencia (3-3)","datePublished":"2026-04-26T19:23:36+00:00","dateModified":"2026-04-26T23:19:26+00:00","mainEntityOfPage":{"@id":"https:\/\/www.duerodeporte.com\/index.php\/archivos\/17854"},"wordCount":649,"commentCount":0,"publisher":{"@id":"https:\/\/www.duerodeporte.com\/#organization"},"image":{"@id":"https:\/\/www.duerodeporte.com\/index.php\/archivos\/17854#primaryimage"},"thumbnailUrl":"https:\/\/www.duerodeporte.com\/wp-content\/uploads\/2026\/04\/ACF-CELIA.jpeg","keywords":["aranda de duero","arandina","Atl\u00e9tico Bembibre","Celia Ant\u00f3n","f\u00fatbol","RFCYLF","RFEF","tierras del duero"],"articleSection":["FUTBOL","z_PORTADA"],"inLanguage":"es","potentialAction":[{"@type":"CommentAction","name":"Comment","target":["https:\/\/www.duerodeporte.com\/index.php\/archivos\/17854#respond"]}]},{"@type":["WebPage","ItemPage"],"@id":"https:\/\/www.duerodeporte.com\/index.php\/archivos\/17854","url":"https:\/\/www.duerodeporte.com\/index.php\/archivos\/17854","name":"La Arandina deber\u00e1 esperar para lograr la permanencia (3-3)","isPartOf":{"@id":"https:\/\/www.duerodeporte.com\/#website"},"primaryImageOfPage":{"@id":"https:\/\/www.duerodeporte.com\/index.php\/archivos\/17854#primaryimage"},"image":{"@id":"https:\/\/www.duerodeporte.com\/index.php\/archivos\/17854#primaryimage"},"thumbnailUrl":"https:\/\/www.duerodeporte.com\/wp-content\/uploads\/2026\/04\/ACF-CELIA.jpeg","datePublished":"2026-04-26T19:23:36+00:00","dateModified":"2026-04-26T23:19:26+00:00","description":"El Deporte de Aranda y las tierras del Duero","breadcrumb":{"@id":"https:\/\/www.duerodeporte.com\/index.php\/archivos\/17854#breadcrumb"},"inLanguage":"es","potentialAction":[{"@type":"ReadAction","target":["https:\/\/www.duerodeporte.com\/index.php\/archivos\/17854"]}]},{"@type":"ImageObject","inLanguage":"es","@id":"https:\/\/www.duerodeporte.com\/index.php\/archivos\/17854#primaryimage","url":"https:\/\/www.duerodeporte.com\/wp-content\/uploads\/2026\/04\/ACF-CELIA.jpeg","contentUrl":"https:\/\/www.duerodeporte.com\/wp-content\/uploads\/2026\/04\/ACF-CELIA.jpeg","width":2048,"height":1366,"caption":"La Arandina homenaje\u00f3 a la atleta arandina, Celia Ant\u00f3n en los proleg\u00f3menos del encuentro. \/ somos AFIR"},{"@type":"BreadcrumbList","@id":"https:\/\/www.duerodeporte.com\/index.php\/archivos\/17854#breadcrumb","itemListElement":[{"@type":"ListItem","position":1,"name":"Portada","item":"https:\/\/www.duerodeporte.com\/"},{"@type":"ListItem","position":2,"name":"La Arandina deber\u00e1 esperar para lograr la permanencia (3-3)"}]},{"@type":"WebSite","@id":"https:\/\/www.duerodeporte.com\/#website","url":"https:\/\/www.duerodeporte.com\/","name":"Duero Deporte","description":"El Deporte de Aranda y las tierras del Duero","publisher":{"@id":"https:\/\/www.duerodeporte.com\/#organization"},"alternateName":"El Deporte de Aranda y las tierras del Duero","potentialAction":[{"@type":"SearchAction","target":{"@type":"EntryPoint","urlTemplate":"https:\/\/www.duerodeporte.com\/?s={search_term_string}"},"query-input":{"@type":"PropertyValueSpecification","valueRequired":true,"valueName":"search_term_string"}}],"inLanguage":"es"},{"@type":"Organization","@id":"https:\/\/www.duerodeporte.com\/#organization","name":"Duero Deporte","alternateName":"El Deporte de Aranda y las tierras del Duero","url":"https:\/\/www.duerodeporte.com\/","logo":{"@type":"ImageObject","inLanguage":"es","@id":"https:\/\/www.duerodeporte.com\/#\/schema\/logo\/image\/","url":"https:\/\/www.duerodeporte.com\/wp-content\/uploads\/2023\/11\/A.ColorSinFondo-e1708011627555.png","contentUrl":"https:\/\/www.duerodeporte.com\/wp-content\/uploads\/2023\/11\/A.ColorSinFondo-e1708011627555.png","width":750,"height":132,"caption":"Duero Deporte"},"image":{"@id":"https:\/\/www.duerodeporte.com\/#\/schema\/logo\/image\/"},"sameAs":["https:\/\/www.facebook.com\/61555928375028","https:\/\/x.com\/Diegoamartin13","https:\/\/www.youtube.com\/channel\/UCxIGQL8b9gmW-NjaChabCdA"]},{"@type":"Person","@id":"https:\/\/www.duerodeporte.com\/#\/schema\/person\/5f3368966f635b5ae0d23ffaf7a7f894","name":"Diego A. Mart\u00edn","image":{"@type":"ImageObject","inLanguage":"es","@id":"https:\/\/www.duerodeporte.com\/wp-content\/uploads\/2024\/01\/Diego2-e1706522808572-150x150.jpeg","url":"https:\/\/www.duerodeporte.com\/wp-content\/uploads\/2024\/01\/Diego2-e1706522808572-150x150.jpeg","contentUrl":"https:\/\/www.duerodeporte.com\/wp-content\/uploads\/2024\/01\/Diego2-e1706522808572-150x150.jpeg","caption":"Diego A. Mart\u00edn"},"url":"https:\/\/www.duerodeporte.com\/index.php\/archivos\/author\/diego"}]}},"views":241,"_links":{"self":[{"href":"https:\/\/www.duerodeporte.com\/index.php\/wp-json\/wp\/v2\/posts\/17854","targetHints":{"allow":["GET"]}}],"collection":[{"href":"https:\/\/www.duerodeporte.com\/index.php\/wp-json\/wp\/v2\/posts"}],"about":[{"href":"https:\/\/www.duerodeporte.com\/index.php\/wp-json\/wp\/v2\/types\/post"}],"author":[{"embeddable":true,"href":"https:\/\/www.duerodeporte.com\/index.php\/wp-json\/wp\/v2\/users\/3"}],"replies":[{"embeddable":true,"href":"https:\/\/www.duerodeporte.com\/index.php\/wp-json\/wp\/v2\/comments?post=17854"}],"version-history":[{"count":6,"href":"https:\/\/www.duerodeporte.com\/index.php\/wp-json\/wp\/v2\/posts\/17854\/revisions"}],"predecessor-version":[{"id":17864,"href":"https:\/\/www.duerodeporte.com\/index.php\/wp-json\/wp\/v2\/posts\/17854\/revisions\/17864"}],"wp:featuredmedia":[{"embeddable":true,"href":"https:\/\/www.duerodeporte.com\/index.php\/wp-json\/wp\/v2\/media\/17856"}],"wp:attachment":[{"href":"https:\/\/www.duerodeporte.com\/index.php\/wp-json\/wp\/v2\/media?parent=17854"}],"wp:term":[{"taxonomy":"category","embeddable":true,"href":"https:\/\/www.duerodeporte.com\/index.php\/wp-json\/wp\/v2\/categories?post=17854"},{"taxonomy":"post_tag","embeddable":true,"href":"https:\/\/www.duerodeporte.com\/index.php\/wp-json\/wp\/v2\/tags?post=17854"}],"curies":[{"name":"wp","href":"https:\/\/api.w.org\/{rel}","templated":true}]}}