{"id":17869,"date":"2026-04-28T16:48:40","date_gmt":"2026-04-28T15:48:40","guid":{"rendered":"https:\/\/www.duerodeporte.com\/?p=17869"},"modified":"2026-04-28T17:06:15","modified_gmt":"2026-04-28T16:06:15","slug":"carla-andres-y-claudia-barrios-persiguen-la-salvacion","status":"publish","type":"post","link":"https:\/\/www.duerodeporte.com\/index.php\/archivos\/17869","title":{"rendered":"Carla Andr\u00e9s y Claudia Barrios persiguen la salvaci\u00f3n en Liga Femenina y Primera RFEF"},"content":{"rendered":"\n<h2 class=\"wp-block-heading\">Las dos futbolistas arandinas viven con intensidad el cierre del curso, tanto en Liga Femenina como Primera Federaci\u00f3n. La central de Eibar podr\u00eda lograr la permanencia armera este mismo fin de semana a falta de cuatro jornada para el final. Mientras, la internacional colchonera necesita el triunfo del filial del Atleti en Tenerife y esperar otros resultados en una \u00faltima jornada del campeonato de infarto<\/h2>\n\n\n\n<p>El <strong>f\u00fatbol femenino <\/strong>de las Tierras del Duero sigue demostrando su fant\u00e1stica salud. M\u00e1s all\u00e1 del cierre de temporada del equipo senior del <strong>Riber<\/strong>, a\u00fan restan por finalizar dos importantes competiciones de nivel para las dos futbolistas arandinas m\u00e1s reconocibles del panorama nacional:<strong> <a href=\"https:\/\/www.instagram.com\/carlaaa11_\/?hl=es\" type=\"link\" id=\"https:\/\/www.instagram.com\/carlaaa11_\/?hl=es\">Carla Andr\u00e9s <\/a><\/strong>y <strong><a href=\"https:\/\/www.instagram.com\/claudiaabarrios_\/?hl=es\" type=\"link\" id=\"https:\/\/www.instagram.com\/claudiaabarrios_\/?hl=es\">Claudia Barrios<\/a><\/strong>.<\/p>\n\n\n\n<figure class=\"wp-block-image size-large\"><img loading=\"lazy\" decoding=\"async\" width=\"1024\" height=\"234\" src=\"https:\/\/www.duerodeporte.com\/wp-content\/uploads\/2023\/11\/multiriber-1024x234.png\" alt=\"\" class=\"wp-image-7716\" srcset=\"https:\/\/www.duerodeporte.com\/wp-content\/uploads\/2023\/11\/multiriber-1024x234.png 1024w, https:\/\/www.duerodeporte.com\/wp-content\/uploads\/2023\/11\/multiriber-300x69.png 300w, https:\/\/www.duerodeporte.com\/wp-content\/uploads\/2023\/11\/multiriber-768x176.png 768w, https:\/\/www.duerodeporte.com\/wp-content\/uploads\/2023\/11\/multiriber-1536x351.png 1536w, https:\/\/www.duerodeporte.com\/wp-content\/uploads\/2023\/11\/multiriber-696x159.png 696w, https:\/\/www.duerodeporte.com\/wp-content\/uploads\/2023\/11\/multiriber-1068x244.png 1068w, https:\/\/www.duerodeporte.com\/wp-content\/uploads\/2023\/11\/multiriber.png 1845w\" sizes=\"auto, (max-width: 1024px) 100vw, 1024px\" \/><\/figure>\n\n\n\n<p>En primer lugar la central del <strong>Eibar<\/strong>, <strong>Carla Andr\u00e9s<\/strong>, atraviesa por un buen momento tanto individual como colectivo. Las azulgrana ocupan el <strong>13\u00ba puesto en la clasificaci\u00f3n de la Liga Femenina con 11 puntos de ventaja respecto a los puestos de descenso<\/strong>.<\/p>\n\n\n\n<p>Restan cuatro jornadas -12 puntos- para el final del Campeonato y este fin de semana visitan al Atl\u00e9tico de Madrid (5\u00ba, 47 puntos) Incluso una derrota ante las colchoneras valdr\u00eda a las eibarreras siempre y cuando el <strong>Alhama CF <\/strong>(<strong>15\u00ba, 10 puntos<\/strong>) no gane su partido ante el Espanyol en Murcia.<\/p>\n\n\n\n<figure class=\"wp-block-image size-large\"><img loading=\"lazy\" decoding=\"async\" width=\"1024\" height=\"644\" src=\"https:\/\/www.duerodeporte.com\/wp-content\/uploads\/2026\/04\/CLAUDIA-BARRIOS-22-1024x644.jpg\" alt=\"\" class=\"wp-image-17874\" srcset=\"https:\/\/www.duerodeporte.com\/wp-content\/uploads\/2026\/04\/CLAUDIA-BARRIOS-22-1024x644.jpg 1024w, https:\/\/www.duerodeporte.com\/wp-content\/uploads\/2026\/04\/CLAUDIA-BARRIOS-22-300x189.jpg 300w, https:\/\/www.duerodeporte.com\/wp-content\/uploads\/2026\/04\/CLAUDIA-BARRIOS-22-768x483.jpg 768w, https:\/\/www.duerodeporte.com\/wp-content\/uploads\/2026\/04\/CLAUDIA-BARRIOS-22-696x438.jpg 696w, https:\/\/www.duerodeporte.com\/wp-content\/uploads\/2026\/04\/CLAUDIA-BARRIOS-22-1068x672.jpg 1068w, https:\/\/www.duerodeporte.com\/wp-content\/uploads\/2026\/04\/CLAUDIA-BARRIOS-22.jpg 1293w\" sizes=\"auto, (max-width: 1024px) 100vw, 1024px\" \/><\/figure>\n\n\n\n<h2 class=\"wp-block-heading\">Ganar y esperar, para Barrios<\/h2>\n\n\n\n<p>Mientras, en el caso de <strong>la internacional Sub-19 del Atl\u00e9tico<\/strong> la situaci\u00f3n es m\u00e1s urgente. Resta una jornada para cerrar el Campeonato en <strong>Primera Federaci\u00f3n<\/strong> y la escuadra colchonera aspira a salir de los <strong>puestos de descenso<\/strong>. Posici\u00f3n que ocupa tras la derrota la \u00faltima jornada en casa ante el <strong>Cacere\u00f1o <\/strong>(<strong>0-2<\/strong>) Ahora,<strong> un triunfo rojiblanco ante el Tenerife B en territorio insular pondr\u00eda la primera piedra para lograr la permanencia<\/strong>.<\/p>\n\n\n\n<p>Despu\u00e9s, tocar\u00e1 estar pendientes de C\u00e1ceres y Valencia. Dos ciudades por las que pasar\u00e1 el futuro de las rojiblancas en la categor\u00eda. En territorio extreme\u00f1o el <strong>Cacere\u00f1o <\/strong>(<strong>10\u00ba, 28 puntos<\/strong>) recibe al colista, el Real Oviedo. Mientras en el litoral mediterr\u00e1neo, el <strong>SE AEM Lleida <\/strong>(<strong>9\u00ba, 30 puntos<\/strong>) visita a las valencianistas.<\/p>\n\n\n\n<figure class=\"wp-block-image size-large\"><img loading=\"lazy\" decoding=\"async\" width=\"1024\" height=\"587\" src=\"https:\/\/www.duerodeporte.com\/wp-content\/uploads\/2026\/04\/CLAUDIA-BARRIOS-2-1024x587.jpg\" alt=\"\" class=\"wp-image-17870\" srcset=\"https:\/\/www.duerodeporte.com\/wp-content\/uploads\/2026\/04\/CLAUDIA-BARRIOS-2-1024x587.jpg 1024w, https:\/\/www.duerodeporte.com\/wp-content\/uploads\/2026\/04\/CLAUDIA-BARRIOS-2-300x172.jpg 300w, https:\/\/www.duerodeporte.com\/wp-content\/uploads\/2026\/04\/CLAUDIA-BARRIOS-2-768x440.jpg 768w, https:\/\/www.duerodeporte.com\/wp-content\/uploads\/2026\/04\/CLAUDIA-BARRIOS-2-696x399.jpg 696w, https:\/\/www.duerodeporte.com\/wp-content\/uploads\/2026\/04\/CLAUDIA-BARRIOS-2-1068x612.jpg 1068w, https:\/\/www.duerodeporte.com\/wp-content\/uploads\/2026\/04\/CLAUDIA-BARRIOS-2.jpg 1294w\" sizes=\"auto, (max-width: 1024px) 100vw, 1024px\" \/><\/figure>\n\n\n\n<h2 class=\"wp-block-heading\">El Riber echa el cierre a la temporada<\/h2>\n\n\n\n<p>Por otro lado el actual proyecto de f\u00fatbol femenino en las Tierras del Duero, el equipo senior del <strong><a href=\"https:\/\/www.instagram.com\/cd_aranda_riber\/?hl=es\" type=\"link\" id=\"https:\/\/www.instagram.com\/cd_aranda_riber\/?hl=es\">Aranda Riber<\/a><\/strong> liderado por <strong>Laura Sanz<\/strong>, cerraba la temporada el pasado fin de semana. Las azulonas se desplazaron hasta Soria donde cayeron ante el Golmayo Camaretas.<\/p>\n\n\n\n<p>Las riberistas acaban la temporada en la <strong>3\u00aa posici\u00f3n del Grupo A<\/strong> de la <strong>Liga Doble G<\/strong> con un total de<strong> 47 puntos<\/strong> tras sumar 15 triunfos, dos empates y siete derrotas. <\/p>\n\n\n\n<figure class=\"wp-block-embed is-type-rich is-provider-twitter wp-block-embed-twitter\"><div class=\"wp-block-embed__wrapper\">\n<blockquote class=\"twitter-tweet\" data-width=\"550\" data-dnt=\"true\"><p lang=\"es\" dir=\"ltr\">\ud83d\udfe0 F\u00daTBOL<br><br>\u26bd El equipo femenino <a href=\"https:\/\/twitter.com\/RiberCD?ref_src=twsrc%5Etfw\">@RiberCD<\/a> cierra la temporada en Grupo A de la Liga Doble G (<a href=\"https:\/\/twitter.com\/FCyLF?ref_src=twsrc%5Etfw\">@FCyLF<\/a>)<br><br>\u25b6\ufe0f Las <a href=\"https:\/\/twitter.com\/hashtag\/azulonas?src=hash&amp;ref_src=twsrc%5Etfw\">#azulonas<\/a> caen por 5\ufe0f\u20e3-0\ufe0f\u20e3 en su vista a territorio soriano para medirse al <a href=\"https:\/\/twitter.com\/golmayocamareta?ref_src=twsrc%5Etfw\">@golmayocamareta<\/a> <br><br>\u25b6\ufe0f Resultados de la 2\ufe0f\u20e38\ufe0f\u20e3&#39; jornada en el Grupo A de la Liga Doble G:\u2026 <a href=\"https:\/\/t.co\/z0MP81RPiL\">pic.twitter.com\/z0MP81RPiL<\/a><\/p>&mdash; Diego A. Mart\u00edn (duerodeporte.com) (@Diegoamartin13) <a href=\"https:\/\/twitter.com\/Diegoamartin13\/status\/2048695827862819072?ref_src=twsrc%5Etfw\">April 27, 2026<\/a><\/blockquote><script async src=\"https:\/\/platform.twitter.com\/widgets.js\" charset=\"utf-8\"><\/script>\n<\/div><\/figure>\n","protected":false},"excerpt":{"rendered":"<p>Las dos futbolistas arandinas viven con intensidad el cierre del curso, tanto en Liga Femenina como Primera Federaci\u00f3n. La central de Eibar podr\u00eda lograr la permanencia armera este mismo fin [&hellip;]<\/p>\n","protected":false},"author":3,"featured_media":17873,"comment_status":"open","ping_status":"open","sticky":false,"template":"","format":"standard","meta":{"footnotes":""},"categories":[17,15],"tags":[43,26,83],"class_list":["post-17869","post","type-post","status-publish","format-standard","has-post-thumbnail","category-futbol","category-portada","tag-aranda-de-duero","tag-futbol","tag-tierras-del-duero"],"yoast_head":"<!-- This site is optimized with the Yoast SEO plugin v27.5 - https:\/\/yoast.com\/product\/yoast-seo-wordpress\/ -->\r\n<title>Carla Andr\u00e9s y Claudia Barrios persiguen la salvaci\u00f3n en Liga Femenina y Primera RFEF<\/title>\r\n<meta name=\"description\" content=\"El Deporte de Aranda y las tierras del Duero\" \/>\r\n<meta name=\"robots\" content=\"index, follow, max-snippet:-1, max-image-preview:large, max-video-preview:-1\" \/>\r\n<link rel=\"canonical\" href=\"https:\/\/www.duerodeporte.com\/index.php\/archivos\/17869\" \/>\r\n<meta property=\"og:locale\" content=\"es_ES\" \/>\r\n<meta property=\"og:type\" content=\"article\" \/>\r\n<meta property=\"og:title\" content=\"Carla Andr\u00e9s y Claudia Barrios persiguen la salvaci\u00f3n en Liga Femenina y Primera RFEF\" \/>\r\n<meta property=\"og:description\" content=\"El Deporte de Aranda y las tierras del Duero\" \/>\r\n<meta property=\"og:url\" content=\"https:\/\/www.duerodeporte.com\/index.php\/archivos\/17869\" \/>\r\n<meta property=\"og:site_name\" content=\"Duero Deporte\" \/>\r\n<meta property=\"article:publisher\" content=\"https:\/\/www.facebook.com\/61555928375028\" \/>\r\n<meta property=\"article:published_time\" content=\"2026-04-28T15:48:40+00:00\" \/>\r\n<meta property=\"article:modified_time\" content=\"2026-04-28T16:06:15+00:00\" \/>\r\n<meta property=\"og:image\" content=\"https:\/\/www.duerodeporte.com\/wp-content\/uploads\/2026\/04\/CARLA-ANDRES-22.jpg\" \/>\r\n\t<meta property=\"og:image:width\" content=\"939\" \/>\r\n\t<meta property=\"og:image:height\" content=\"494\" \/>\r\n\t<meta property=\"og:image:type\" content=\"image\/jpeg\" \/>\r\n<meta name=\"author\" content=\"Diego A. Mart\u00edn\" \/>\r\n<meta name=\"twitter:card\" content=\"summary_large_image\" \/>\r\n<meta name=\"twitter:creator\" content=\"@Diegoamartin13\" \/>\r\n<meta name=\"twitter:site\" content=\"@Diegoamartin13\" \/>\r\n<meta name=\"twitter:label1\" content=\"Escrito por\" \/>\n\t<meta name=\"twitter:data1\" content=\"Diego A. Mart\u00edn\" \/>\n\t<meta name=\"twitter:label2\" content=\"Tiempo de lectura\" \/>\n\t<meta name=\"twitter:data2\" content=\"3 minutos\" \/>\r\n<script type=\"application\/ld+json\" class=\"yoast-schema-graph\">{\"@context\":\"https:\\\/\\\/schema.org\",\"@graph\":[{\"@type\":[\"Article\",\"SocialMediaPosting\"],\"@id\":\"https:\\\/\\\/www.duerodeporte.com\\\/index.php\\\/archivos\\\/17869#article\",\"isPartOf\":{\"@id\":\"https:\\\/\\\/www.duerodeporte.com\\\/index.php\\\/archivos\\\/17869\"},\"author\":{\"name\":\"Diego A. Mart\u00edn\",\"@id\":\"https:\\\/\\\/www.duerodeporte.com\\\/#\\\/schema\\\/person\\\/5f3368966f635b5ae0d23ffaf7a7f894\"},\"headline\":\"Carla Andr\u00e9s y Claudia Barrios persiguen la salvaci\u00f3n en Liga Femenina y Primera RFEF\",\"datePublished\":\"2026-04-28T15:48:40+00:00\",\"dateModified\":\"2026-04-28T16:06:15+00:00\",\"mainEntityOfPage\":{\"@id\":\"https:\\\/\\\/www.duerodeporte.com\\\/index.php\\\/archivos\\\/17869\"},\"wordCount\":454,\"commentCount\":0,\"publisher\":{\"@id\":\"https:\\\/\\\/www.duerodeporte.com\\\/#organization\"},\"image\":{\"@id\":\"https:\\\/\\\/www.duerodeporte.com\\\/index.php\\\/archivos\\\/17869#primaryimage\"},\"thumbnailUrl\":\"https:\\\/\\\/www.duerodeporte.com\\\/wp-content\\\/uploads\\\/2026\\\/04\\\/CARLA-ANDRES-22.jpg\",\"keywords\":[\"aranda de duero\",\"f\u00fatbol\",\"tierras del duero\"],\"articleSection\":[\"FUTBOL\",\"z_PORTADA\"],\"inLanguage\":\"es\",\"potentialAction\":[{\"@type\":\"CommentAction\",\"name\":\"Comment\",\"target\":[\"https:\\\/\\\/www.duerodeporte.com\\\/index.php\\\/archivos\\\/17869#respond\"]}]},{\"@type\":[\"WebPage\",\"ItemPage\"],\"@id\":\"https:\\\/\\\/www.duerodeporte.com\\\/index.php\\\/archivos\\\/17869\",\"url\":\"https:\\\/\\\/www.duerodeporte.com\\\/index.php\\\/archivos\\\/17869\",\"name\":\"Carla Andr\u00e9s y Claudia Barrios persiguen la salvaci\u00f3n en Liga Femenina y Primera RFEF\",\"isPartOf\":{\"@id\":\"https:\\\/\\\/www.duerodeporte.com\\\/#website\"},\"primaryImageOfPage\":{\"@id\":\"https:\\\/\\\/www.duerodeporte.com\\\/index.php\\\/archivos\\\/17869#primaryimage\"},\"image\":{\"@id\":\"https:\\\/\\\/www.duerodeporte.com\\\/index.php\\\/archivos\\\/17869#primaryimage\"},\"thumbnailUrl\":\"https:\\\/\\\/www.duerodeporte.com\\\/wp-content\\\/uploads\\\/2026\\\/04\\\/CARLA-ANDRES-22.jpg\",\"datePublished\":\"2026-04-28T15:48:40+00:00\",\"dateModified\":\"2026-04-28T16:06:15+00:00\",\"description\":\"El Deporte de Aranda y las tierras del Duero\",\"breadcrumb\":{\"@id\":\"https:\\\/\\\/www.duerodeporte.com\\\/index.php\\\/archivos\\\/17869#breadcrumb\"},\"inLanguage\":\"es\",\"potentialAction\":[{\"@type\":\"ReadAction\",\"target\":[\"https:\\\/\\\/www.duerodeporte.com\\\/index.php\\\/archivos\\\/17869\"]}]},{\"@type\":\"ImageObject\",\"inLanguage\":\"es\",\"@id\":\"https:\\\/\\\/www.duerodeporte.com\\\/index.php\\\/archivos\\\/17869#primaryimage\",\"url\":\"https:\\\/\\\/www.duerodeporte.com\\\/wp-content\\\/uploads\\\/2026\\\/04\\\/CARLA-ANDRES-22.jpg\",\"contentUrl\":\"https:\\\/\\\/www.duerodeporte.com\\\/wp-content\\\/uploads\\\/2026\\\/04\\\/CARLA-ANDRES-22.jpg\",\"width\":939,\"height\":494,\"caption\":\"La central del Eibar, Carla Andr\u00e9s (i) y la centrocampista del filial del Atleti, Claudia Barrios. \\\/ DUERO Deporte\"},{\"@type\":\"BreadcrumbList\",\"@id\":\"https:\\\/\\\/www.duerodeporte.com\\\/index.php\\\/archivos\\\/17869#breadcrumb\",\"itemListElement\":[{\"@type\":\"ListItem\",\"position\":1,\"name\":\"Portada\",\"item\":\"https:\\\/\\\/www.duerodeporte.com\\\/\"},{\"@type\":\"ListItem\",\"position\":2,\"name\":\"Carla Andr\u00e9s y Claudia Barrios persiguen la salvaci\u00f3n en Liga Femenina y Primera RFEF\"}]},{\"@type\":\"WebSite\",\"@id\":\"https:\\\/\\\/www.duerodeporte.com\\\/#website\",\"url\":\"https:\\\/\\\/www.duerodeporte.com\\\/\",\"name\":\"Duero Deporte\",\"description\":\"El Deporte de Aranda y las tierras del Duero\",\"publisher\":{\"@id\":\"https:\\\/\\\/www.duerodeporte.com\\\/#organization\"},\"alternateName\":\"El Deporte de Aranda y las tierras del Duero\",\"potentialAction\":[{\"@type\":\"SearchAction\",\"target\":{\"@type\":\"EntryPoint\",\"urlTemplate\":\"https:\\\/\\\/www.duerodeporte.com\\\/?s={search_term_string}\"},\"query-input\":{\"@type\":\"PropertyValueSpecification\",\"valueRequired\":true,\"valueName\":\"search_term_string\"}}],\"inLanguage\":\"es\"},{\"@type\":\"Organization\",\"@id\":\"https:\\\/\\\/www.duerodeporte.com\\\/#organization\",\"name\":\"Duero Deporte\",\"alternateName\":\"El Deporte de Aranda y las tierras del Duero\",\"url\":\"https:\\\/\\\/www.duerodeporte.com\\\/\",\"logo\":{\"@type\":\"ImageObject\",\"inLanguage\":\"es\",\"@id\":\"https:\\\/\\\/www.duerodeporte.com\\\/#\\\/schema\\\/logo\\\/image\\\/\",\"url\":\"https:\\\/\\\/www.duerodeporte.com\\\/wp-content\\\/uploads\\\/2023\\\/11\\\/A.ColorSinFondo-e1708011627555.png\",\"contentUrl\":\"https:\\\/\\\/www.duerodeporte.com\\\/wp-content\\\/uploads\\\/2023\\\/11\\\/A.ColorSinFondo-e1708011627555.png\",\"width\":750,\"height\":132,\"caption\":\"Duero Deporte\"},\"image\":{\"@id\":\"https:\\\/\\\/www.duerodeporte.com\\\/#\\\/schema\\\/logo\\\/image\\\/\"},\"sameAs\":[\"https:\\\/\\\/www.facebook.com\\\/61555928375028\",\"https:\\\/\\\/x.com\\\/Diegoamartin13\",\"https:\\\/\\\/www.youtube.com\\\/channel\\\/UCxIGQL8b9gmW-NjaChabCdA\"]},{\"@type\":\"Person\",\"@id\":\"https:\\\/\\\/www.duerodeporte.com\\\/#\\\/schema\\\/person\\\/5f3368966f635b5ae0d23ffaf7a7f894\",\"name\":\"Diego A. Mart\u00edn\",\"image\":{\"@type\":\"ImageObject\",\"inLanguage\":\"es\",\"@id\":\"https:\\\/\\\/www.duerodeporte.com\\\/wp-content\\\/uploads\\\/2024\\\/01\\\/Diego2-e1706522808572-150x150.jpeg\",\"url\":\"https:\\\/\\\/www.duerodeporte.com\\\/wp-content\\\/uploads\\\/2024\\\/01\\\/Diego2-e1706522808572-150x150.jpeg\",\"contentUrl\":\"https:\\\/\\\/www.duerodeporte.com\\\/wp-content\\\/uploads\\\/2024\\\/01\\\/Diego2-e1706522808572-150x150.jpeg\",\"caption\":\"Diego A. Mart\u00edn\"},\"url\":\"https:\\\/\\\/www.duerodeporte.com\\\/index.php\\\/archivos\\\/author\\\/diego\"}]}<\/script>\r\n<!-- \/ Yoast SEO plugin. -->","yoast_head_json":{"title":"Carla Andr\u00e9s y Claudia Barrios persiguen la salvaci\u00f3n en Liga Femenina y Primera RFEF","description":"El Deporte de Aranda y las tierras del Duero","robots":{"index":"index","follow":"follow","max-snippet":"max-snippet:-1","max-image-preview":"max-image-preview:large","max-video-preview":"max-video-preview:-1"},"canonical":"https:\/\/www.duerodeporte.com\/index.php\/archivos\/17869","og_locale":"es_ES","og_type":"article","og_title":"Carla Andr\u00e9s y Claudia Barrios persiguen la salvaci\u00f3n en Liga Femenina y Primera RFEF","og_description":"El Deporte de Aranda y las tierras del Duero","og_url":"https:\/\/www.duerodeporte.com\/index.php\/archivos\/17869","og_site_name":"Duero Deporte","article_publisher":"https:\/\/www.facebook.com\/61555928375028","article_published_time":"2026-04-28T15:48:40+00:00","article_modified_time":"2026-04-28T16:06:15+00:00","og_image":[{"width":939,"height":494,"url":"https:\/\/www.duerodeporte.com\/wp-content\/uploads\/2026\/04\/CARLA-ANDRES-22.jpg","type":"image\/jpeg"}],"author":"Diego A. Mart\u00edn","twitter_card":"summary_large_image","twitter_creator":"@Diegoamartin13","twitter_site":"@Diegoamartin13","twitter_misc":{"Escrito por":"Diego A. Mart\u00edn","Tiempo de lectura":"3 minutos"},"schema":{"@context":"https:\/\/schema.org","@graph":[{"@type":["Article","SocialMediaPosting"],"@id":"https:\/\/www.duerodeporte.com\/index.php\/archivos\/17869#article","isPartOf":{"@id":"https:\/\/www.duerodeporte.com\/index.php\/archivos\/17869"},"author":{"name":"Diego A. Mart\u00edn","@id":"https:\/\/www.duerodeporte.com\/#\/schema\/person\/5f3368966f635b5ae0d23ffaf7a7f894"},"headline":"Carla Andr\u00e9s y Claudia Barrios persiguen la salvaci\u00f3n en Liga Femenina y Primera RFEF","datePublished":"2026-04-28T15:48:40+00:00","dateModified":"2026-04-28T16:06:15+00:00","mainEntityOfPage":{"@id":"https:\/\/www.duerodeporte.com\/index.php\/archivos\/17869"},"wordCount":454,"commentCount":0,"publisher":{"@id":"https:\/\/www.duerodeporte.com\/#organization"},"image":{"@id":"https:\/\/www.duerodeporte.com\/index.php\/archivos\/17869#primaryimage"},"thumbnailUrl":"https:\/\/www.duerodeporte.com\/wp-content\/uploads\/2026\/04\/CARLA-ANDRES-22.jpg","keywords":["aranda de duero","f\u00fatbol","tierras del duero"],"articleSection":["FUTBOL","z_PORTADA"],"inLanguage":"es","potentialAction":[{"@type":"CommentAction","name":"Comment","target":["https:\/\/www.duerodeporte.com\/index.php\/archivos\/17869#respond"]}]},{"@type":["WebPage","ItemPage"],"@id":"https:\/\/www.duerodeporte.com\/index.php\/archivos\/17869","url":"https:\/\/www.duerodeporte.com\/index.php\/archivos\/17869","name":"Carla Andr\u00e9s y Claudia Barrios persiguen la salvaci\u00f3n en Liga Femenina y Primera RFEF","isPartOf":{"@id":"https:\/\/www.duerodeporte.com\/#website"},"primaryImageOfPage":{"@id":"https:\/\/www.duerodeporte.com\/index.php\/archivos\/17869#primaryimage"},"image":{"@id":"https:\/\/www.duerodeporte.com\/index.php\/archivos\/17869#primaryimage"},"thumbnailUrl":"https:\/\/www.duerodeporte.com\/wp-content\/uploads\/2026\/04\/CARLA-ANDRES-22.jpg","datePublished":"2026-04-28T15:48:40+00:00","dateModified":"2026-04-28T16:06:15+00:00","description":"El Deporte de Aranda y las tierras del Duero","breadcrumb":{"@id":"https:\/\/www.duerodeporte.com\/index.php\/archivos\/17869#breadcrumb"},"inLanguage":"es","potentialAction":[{"@type":"ReadAction","target":["https:\/\/www.duerodeporte.com\/index.php\/archivos\/17869"]}]},{"@type":"ImageObject","inLanguage":"es","@id":"https:\/\/www.duerodeporte.com\/index.php\/archivos\/17869#primaryimage","url":"https:\/\/www.duerodeporte.com\/wp-content\/uploads\/2026\/04\/CARLA-ANDRES-22.jpg","contentUrl":"https:\/\/www.duerodeporte.com\/wp-content\/uploads\/2026\/04\/CARLA-ANDRES-22.jpg","width":939,"height":494,"caption":"La central del Eibar, Carla Andr\u00e9s (i) y la centrocampista del filial del Atleti, Claudia Barrios. \/ DUERO Deporte"},{"@type":"BreadcrumbList","@id":"https:\/\/www.duerodeporte.com\/index.php\/archivos\/17869#breadcrumb","itemListElement":[{"@type":"ListItem","position":1,"name":"Portada","item":"https:\/\/www.duerodeporte.com\/"},{"@type":"ListItem","position":2,"name":"Carla Andr\u00e9s y Claudia Barrios persiguen la salvaci\u00f3n en Liga Femenina y Primera RFEF"}]},{"@type":"WebSite","@id":"https:\/\/www.duerodeporte.com\/#website","url":"https:\/\/www.duerodeporte.com\/","name":"Duero Deporte","description":"El Deporte de Aranda y las tierras del Duero","publisher":{"@id":"https:\/\/www.duerodeporte.com\/#organization"},"alternateName":"El Deporte de Aranda y las tierras del Duero","potentialAction":[{"@type":"SearchAction","target":{"@type":"EntryPoint","urlTemplate":"https:\/\/www.duerodeporte.com\/?s={search_term_string}"},"query-input":{"@type":"PropertyValueSpecification","valueRequired":true,"valueName":"search_term_string"}}],"inLanguage":"es"},{"@type":"Organization","@id":"https:\/\/www.duerodeporte.com\/#organization","name":"Duero Deporte","alternateName":"El Deporte de Aranda y las tierras del Duero","url":"https:\/\/www.duerodeporte.com\/","logo":{"@type":"ImageObject","inLanguage":"es","@id":"https:\/\/www.duerodeporte.com\/#\/schema\/logo\/image\/","url":"https:\/\/www.duerodeporte.com\/wp-content\/uploads\/2023\/11\/A.ColorSinFondo-e1708011627555.png","contentUrl":"https:\/\/www.duerodeporte.com\/wp-content\/uploads\/2023\/11\/A.ColorSinFondo-e1708011627555.png","width":750,"height":132,"caption":"Duero Deporte"},"image":{"@id":"https:\/\/www.duerodeporte.com\/#\/schema\/logo\/image\/"},"sameAs":["https:\/\/www.facebook.com\/61555928375028","https:\/\/x.com\/Diegoamartin13","https:\/\/www.youtube.com\/channel\/UCxIGQL8b9gmW-NjaChabCdA"]},{"@type":"Person","@id":"https:\/\/www.duerodeporte.com\/#\/schema\/person\/5f3368966f635b5ae0d23ffaf7a7f894","name":"Diego A. Mart\u00edn","image":{"@type":"ImageObject","inLanguage":"es","@id":"https:\/\/www.duerodeporte.com\/wp-content\/uploads\/2024\/01\/Diego2-e1706522808572-150x150.jpeg","url":"https:\/\/www.duerodeporte.com\/wp-content\/uploads\/2024\/01\/Diego2-e1706522808572-150x150.jpeg","contentUrl":"https:\/\/www.duerodeporte.com\/wp-content\/uploads\/2024\/01\/Diego2-e1706522808572-150x150.jpeg","caption":"Diego A. Mart\u00edn"},"url":"https:\/\/www.duerodeporte.com\/index.php\/archivos\/author\/diego"}]}},"views":126,"_links":{"self":[{"href":"https:\/\/www.duerodeporte.com\/index.php\/wp-json\/wp\/v2\/posts\/17869","targetHints":{"allow":["GET"]}}],"collection":[{"href":"https:\/\/www.duerodeporte.com\/index.php\/wp-json\/wp\/v2\/posts"}],"about":[{"href":"https:\/\/www.duerodeporte.com\/index.php\/wp-json\/wp\/v2\/types\/post"}],"author":[{"embeddable":true,"href":"https:\/\/www.duerodeporte.com\/index.php\/wp-json\/wp\/v2\/users\/3"}],"replies":[{"embeddable":true,"href":"https:\/\/www.duerodeporte.com\/index.php\/wp-json\/wp\/v2\/comments?post=17869"}],"version-history":[{"count":9,"href":"https:\/\/www.duerodeporte.com\/index.php\/wp-json\/wp\/v2\/posts\/17869\/revisions"}],"predecessor-version":[{"id":17883,"href":"https:\/\/www.duerodeporte.com\/index.php\/wp-json\/wp\/v2\/posts\/17869\/revisions\/17883"}],"wp:featuredmedia":[{"embeddable":true,"href":"https:\/\/www.duerodeporte.com\/index.php\/wp-json\/wp\/v2\/media\/17873"}],"wp:attachment":[{"href":"https:\/\/www.duerodeporte.com\/index.php\/wp-json\/wp\/v2\/media?parent=17869"}],"wp:term":[{"taxonomy":"category","embeddable":true,"href":"https:\/\/www.duerodeporte.com\/index.php\/wp-json\/wp\/v2\/categories?post=17869"},{"taxonomy":"post_tag","embeddable":true,"href":"https:\/\/www.duerodeporte.com\/index.php\/wp-json\/wp\/v2\/tags?post=17869"}],"curies":[{"name":"wp","href":"https:\/\/api.w.org\/{rel}","templated":true}]}}