{"id":17891,"date":"2026-04-30T11:12:36","date_gmt":"2026-04-30T10:12:36","guid":{"rendered":"https:\/\/www.duerodeporte.com\/?p=17891"},"modified":"2026-04-30T11:59:34","modified_gmt":"2026-04-30T10:59:34","slug":"espeleoduero-insiste-en-la-limpieza-del-rio-duero","status":"publish","type":"post","link":"https:\/\/www.duerodeporte.com\/index.php\/archivos\/17891","title":{"rendered":"Espeleoduero insiste en la limpieza del r\u00edo Duero"},"content":{"rendered":"\n<h2 class=\"wp-block-heading\">El colectivo deportivo, que el pasado fin de semana retiraba decenas de kilos de desechos del cauce, solicita al Ayuntamiento \u00abinspecci\u00f3n t\u00e9cnica\u00bb de la zona y la \u00abactuaci\u00f3n inmediata\u00bb del servicio municipal en un escrito registrado en el Consistorio<\/h2>\n\n\n\n<p>La<strong> salud del r\u00edo Duero <\/strong>y la salubridad de su fauna y flora siguen preocupando al colectivo de <strong><a href=\"https:\/\/www.instagram.com\/espeleoduerocpa\/?hl=es\" type=\"link\" id=\"https:\/\/www.instagram.com\/espeleoduerocpa\/?hl=es\">Espeleoduero<\/a><\/strong>. A trav\u00e9s de un escrito registrado esta misma semana en el Ayuntamiento, el club deportivo ha instando a la administraci\u00f3n municipal a <strong><em>\u00abinspeccionar\u00bb<\/em> y <em>\u00ablimpiar\u00bb<\/em> las zonas afectadas<\/strong> tras la gran riada sufrida el pasado mes de febrero. El presidente del club,<strong> Jos\u00e9 Herrero Calvo<\/strong>, considera fundamental <strong><em>\u00abintervenci\u00f3n urgente para la limpieza y retirada de la gran cantidad de residuos pl\u00e1sticos tras la recientes riadas\u00bb<\/em><\/strong>. <\/p>\n\n\n\n<figure class=\"wp-block-image size-large\"><img loading=\"lazy\" decoding=\"async\" width=\"1024\" height=\"234\" src=\"https:\/\/www.duerodeporte.com\/wp-content\/uploads\/2026\/04\/Federopticos_abril-1024x234.jpeg\" alt=\"\" class=\"wp-image-17422\" srcset=\"https:\/\/www.duerodeporte.com\/wp-content\/uploads\/2026\/04\/Federopticos_abril-1024x234.jpeg 1024w, https:\/\/www.duerodeporte.com\/wp-content\/uploads\/2026\/04\/Federopticos_abril-300x68.jpeg 300w, https:\/\/www.duerodeporte.com\/wp-content\/uploads\/2026\/04\/Federopticos_abril-768x175.jpeg 768w, https:\/\/www.duerodeporte.com\/wp-content\/uploads\/2026\/04\/Federopticos_abril-1536x350.jpeg 1536w, https:\/\/www.duerodeporte.com\/wp-content\/uploads\/2026\/04\/Federopticos_abril-696x159.jpeg 696w, https:\/\/www.duerodeporte.com\/wp-content\/uploads\/2026\/04\/Federopticos_abril-1068x244.jpeg 1068w, https:\/\/www.duerodeporte.com\/wp-content\/uploads\/2026\/04\/Federopticos_abril.jpeg 1600w\" sizes=\"auto, (max-width: 1024px) 100vw, 1024px\" \/><\/figure>\n\n\n\n<p>Tras llevar a cabo una <strong>actividad de recogida y retirada de residuos <\/strong>y desechos en el entorno del cauce el pasado fin de semana, el colectivo arandino solicita la intervenci\u00f3n de la administraci\u00f3n municipal para <strong>recuperar el estado de salubridad del r\u00edo y de su entorno<\/strong>, donde la senda GR-14 tambi\u00e9n se ha visto afectada por los desperfectos provocados por las inundaciones de este invierno.<\/p>\n\n\n\n<figure class=\"wp-block-image size-large\"><img loading=\"lazy\" decoding=\"async\" width=\"2040\" height=\"1148\" src=\"https:\/\/www.duerodeporte.com\/wp-content\/uploads\/2026\/04\/WhatsApp-Image-2026-04-30-at-10.47.26-1-edited.jpeg\" alt=\"\" class=\"wp-image-17893\" srcset=\"https:\/\/www.duerodeporte.com\/wp-content\/uploads\/2026\/04\/WhatsApp-Image-2026-04-30-at-10.47.26-1-edited.jpeg 2040w, https:\/\/www.duerodeporte.com\/wp-content\/uploads\/2026\/04\/WhatsApp-Image-2026-04-30-at-10.47.26-1-edited-300x169.jpeg 300w, https:\/\/www.duerodeporte.com\/wp-content\/uploads\/2026\/04\/WhatsApp-Image-2026-04-30-at-10.47.26-1-edited-1024x576.jpeg 1024w, https:\/\/www.duerodeporte.com\/wp-content\/uploads\/2026\/04\/WhatsApp-Image-2026-04-30-at-10.47.26-1-edited-768x432.jpeg 768w, https:\/\/www.duerodeporte.com\/wp-content\/uploads\/2026\/04\/WhatsApp-Image-2026-04-30-at-10.47.26-1-edited-1536x864.jpeg 1536w, https:\/\/www.duerodeporte.com\/wp-content\/uploads\/2026\/04\/WhatsApp-Image-2026-04-30-at-10.47.26-1-edited-696x392.jpeg 696w, https:\/\/www.duerodeporte.com\/wp-content\/uploads\/2026\/04\/WhatsApp-Image-2026-04-30-at-10.47.26-1-edited-1068x601.jpeg 1068w, https:\/\/www.duerodeporte.com\/wp-content\/uploads\/2026\/04\/WhatsApp-Image-2026-04-30-at-10.47.26-1-edited-1920x1080.jpeg 1920w\" sizes=\"auto, (max-width: 2040px) 100vw, 2040px\" \/><figcaption class=\"wp-element-caption\">La riada ha provocado balsas naturales donde se acumulan los desechos. \/ Espeleodero.<\/figcaption><\/figure>\n\n\n\n<p>En el escrito registrado por el presidente del Espeleoduero, Jos\u00e9 Herrero Calvo solicita la <strong><em>\u00abinspecci\u00f3n t\u00e9cnica urgente de la zona mencionada para evaluar el volumen de residuos\u00bb<\/em><\/strong>.<\/p>\n\n\n\n<p>Al mismo tiempo la solicitud advierte sobre la <strong><em>\u00abactuaci\u00f3n inmediata del servicio de limpieza municipal o la contrataci\u00f3n de maquinaria adecuada para la retirada de dichos pl\u00e1sticos\u00bb<\/em><\/strong>.<\/p>\n\n\n\n<figure class=\"wp-block-image size-large\"><img loading=\"lazy\" decoding=\"async\" width=\"1536\" height=\"864\" src=\"https:\/\/www.duerodeporte.com\/wp-content\/uploads\/2026\/04\/WhatsApp-Image-2026-04-30-at-10.53.42-edited.jpeg\" alt=\"\" class=\"wp-image-17897\" srcset=\"https:\/\/www.duerodeporte.com\/wp-content\/uploads\/2026\/04\/WhatsApp-Image-2026-04-30-at-10.53.42-edited.jpeg 1536w, https:\/\/www.duerodeporte.com\/wp-content\/uploads\/2026\/04\/WhatsApp-Image-2026-04-30-at-10.53.42-edited-300x169.jpeg 300w, https:\/\/www.duerodeporte.com\/wp-content\/uploads\/2026\/04\/WhatsApp-Image-2026-04-30-at-10.53.42-edited-1024x576.jpeg 1024w, https:\/\/www.duerodeporte.com\/wp-content\/uploads\/2026\/04\/WhatsApp-Image-2026-04-30-at-10.53.42-edited-768x432.jpeg 768w, https:\/\/www.duerodeporte.com\/wp-content\/uploads\/2026\/04\/WhatsApp-Image-2026-04-30-at-10.53.42-edited-696x392.jpeg 696w, https:\/\/www.duerodeporte.com\/wp-content\/uploads\/2026\/04\/WhatsApp-Image-2026-04-30-at-10.53.42-edited-1068x601.jpeg 1068w\" sizes=\"auto, (max-width: 1536px) 100vw, 1536px\" \/><figcaption class=\"wp-element-caption\">Estado de deterioro en el que se encuentra el Sendero GR-14 tras las \u00faltimas riadas. \/ Espeleodero.<\/figcaption><\/figure>\n\n\n\n<p>Desde el colectivo no se olvida de la<strong> senda del Duero GR-14 <\/strong>en el t\u00e9rmino municipal y piden el<strong><em> \u00abarreglo de las sendas peatonales en nuestro t\u00e9rmino municipal desde la presa Virgen de las Vi\u00f1as hasta la depuradora\u00bb<\/em><\/strong>.<\/p>\n\n\n\n<p>Actuaciones todas ellas que desde Espeleoduero se consideran tremendamente necesarias al igual que <strong><em>\u00abimplicar a las diferentes administraciones para dar soluci\u00f3n a tal cat\u00e1strofe que afecta a todos los vecinos\u00bb<\/em><\/strong>.<\/p>\n","protected":false},"excerpt":{"rendered":"<p>El colectivo deportivo, que el pasado fin de semana retiraba decenas de kilos de desechos del cauce, solicita al Ayuntamiento \u00abinspecci\u00f3n t\u00e9cnica\u00bb de la zona y la \u00abactuaci\u00f3n inmediata\u00bb del [&hellip;]<\/p>\n","protected":false},"author":3,"featured_media":17899,"comment_status":"open","ping_status":"open","sticky":false,"template":"","format":"standard","meta":{"footnotes":""},"categories":[49,15],"tags":[43,74,1006,83],"class_list":["post-17891","post","type-post","status-publish","format-standard","has-post-thumbnail","category-mas_deporte","category-portada","tag-aranda-de-duero","tag-duero","tag-espeleoduero","tag-tierras-del-duero"],"yoast_head":"<!-- This site is optimized with the Yoast SEO plugin v27.5 - https:\/\/yoast.com\/product\/yoast-seo-wordpress\/ -->\r\n<title>Espeleoduero insiste en la limpieza del r\u00edo Duero<\/title>\r\n<meta name=\"description\" content=\"El Deporte de Aranda y las tierras del Duero\" \/>\r\n<meta name=\"robots\" content=\"index, follow, max-snippet:-1, max-image-preview:large, max-video-preview:-1\" \/>\r\n<link rel=\"canonical\" href=\"https:\/\/www.duerodeporte.com\/index.php\/archivos\/17891\" \/>\r\n<meta property=\"og:locale\" content=\"es_ES\" \/>\r\n<meta property=\"og:type\" content=\"article\" \/>\r\n<meta property=\"og:title\" content=\"Espeleoduero insiste en la limpieza del r\u00edo Duero\" \/>\r\n<meta property=\"og:description\" content=\"El Deporte de Aranda y las tierras del Duero\" \/>\r\n<meta property=\"og:url\" content=\"https:\/\/www.duerodeporte.com\/index.php\/archivos\/17891\" \/>\r\n<meta property=\"og:site_name\" content=\"Duero Deporte\" \/>\r\n<meta property=\"article:publisher\" content=\"https:\/\/www.facebook.com\/61555928375028\" \/>\r\n<meta property=\"article:published_time\" content=\"2026-04-30T10:12:36+00:00\" \/>\r\n<meta property=\"article:modified_time\" content=\"2026-04-30T10:59:34+00:00\" \/>\r\n<meta property=\"og:image\" content=\"https:\/\/www.duerodeporte.com\/wp-content\/uploads\/2026\/04\/WhatsApp-Image-2026-04-25-at-12.00.51.jpeg\" \/>\r\n\t<meta property=\"og:image:width\" content=\"2000\" \/>\r\n\t<meta property=\"og:image:height\" content=\"1496\" \/>\r\n\t<meta property=\"og:image:type\" content=\"image\/jpeg\" \/>\r\n<meta name=\"author\" content=\"Diego A. Mart\u00edn\" \/>\r\n<meta name=\"twitter:card\" content=\"summary_large_image\" \/>\r\n<meta name=\"twitter:creator\" content=\"@Diegoamartin13\" \/>\r\n<meta name=\"twitter:site\" content=\"@Diegoamartin13\" \/>\r\n<meta name=\"twitter:label1\" content=\"Escrito por\" \/>\n\t<meta name=\"twitter:data1\" content=\"Diego A. Mart\u00edn\" \/>\n\t<meta name=\"twitter:label2\" content=\"Tiempo de lectura\" \/>\n\t<meta name=\"twitter:data2\" content=\"3 minutos\" \/>\r\n<script type=\"application\/ld+json\" class=\"yoast-schema-graph\">{\"@context\":\"https:\\\/\\\/schema.org\",\"@graph\":[{\"@type\":[\"Article\",\"SocialMediaPosting\"],\"@id\":\"https:\\\/\\\/www.duerodeporte.com\\\/index.php\\\/archivos\\\/17891#article\",\"isPartOf\":{\"@id\":\"https:\\\/\\\/www.duerodeporte.com\\\/index.php\\\/archivos\\\/17891\"},\"author\":{\"name\":\"Diego A. Mart\u00edn\",\"@id\":\"https:\\\/\\\/www.duerodeporte.com\\\/#\\\/schema\\\/person\\\/5f3368966f635b5ae0d23ffaf7a7f894\"},\"headline\":\"Espeleoduero insiste en la limpieza del r\u00edo Duero\",\"datePublished\":\"2026-04-30T10:12:36+00:00\",\"dateModified\":\"2026-04-30T10:59:34+00:00\",\"mainEntityOfPage\":{\"@id\":\"https:\\\/\\\/www.duerodeporte.com\\\/index.php\\\/archivos\\\/17891\"},\"wordCount\":369,\"commentCount\":0,\"publisher\":{\"@id\":\"https:\\\/\\\/www.duerodeporte.com\\\/#organization\"},\"image\":{\"@id\":\"https:\\\/\\\/www.duerodeporte.com\\\/index.php\\\/archivos\\\/17891#primaryimage\"},\"thumbnailUrl\":\"https:\\\/\\\/www.duerodeporte.com\\\/wp-content\\\/uploads\\\/2026\\\/04\\\/WhatsApp-Image-2026-04-25-at-12.00.51.jpeg\",\"keywords\":[\"aranda de duero\",\"Duero\",\"Espeleoduero\",\"tierras del duero\"],\"articleSection\":[\"MAS DEPORTE\",\"z_PORTADA\"],\"inLanguage\":\"es\",\"potentialAction\":[{\"@type\":\"CommentAction\",\"name\":\"Comment\",\"target\":[\"https:\\\/\\\/www.duerodeporte.com\\\/index.php\\\/archivos\\\/17891#respond\"]}]},{\"@type\":[\"WebPage\",\"ItemPage\"],\"@id\":\"https:\\\/\\\/www.duerodeporte.com\\\/index.php\\\/archivos\\\/17891\",\"url\":\"https:\\\/\\\/www.duerodeporte.com\\\/index.php\\\/archivos\\\/17891\",\"name\":\"Espeleoduero insiste en la limpieza del r\u00edo Duero\",\"isPartOf\":{\"@id\":\"https:\\\/\\\/www.duerodeporte.com\\\/#website\"},\"primaryImageOfPage\":{\"@id\":\"https:\\\/\\\/www.duerodeporte.com\\\/index.php\\\/archivos\\\/17891#primaryimage\"},\"image\":{\"@id\":\"https:\\\/\\\/www.duerodeporte.com\\\/index.php\\\/archivos\\\/17891#primaryimage\"},\"thumbnailUrl\":\"https:\\\/\\\/www.duerodeporte.com\\\/wp-content\\\/uploads\\\/2026\\\/04\\\/WhatsApp-Image-2026-04-25-at-12.00.51.jpeg\",\"datePublished\":\"2026-04-30T10:12:36+00:00\",\"dateModified\":\"2026-04-30T10:59:34+00:00\",\"description\":\"El Deporte de Aranda y las tierras del Duero\",\"breadcrumb\":{\"@id\":\"https:\\\/\\\/www.duerodeporte.com\\\/index.php\\\/archivos\\\/17891#breadcrumb\"},\"inLanguage\":\"es\",\"potentialAction\":[{\"@type\":\"ReadAction\",\"target\":[\"https:\\\/\\\/www.duerodeporte.com\\\/index.php\\\/archivos\\\/17891\"]}]},{\"@type\":\"ImageObject\",\"inLanguage\":\"es\",\"@id\":\"https:\\\/\\\/www.duerodeporte.com\\\/index.php\\\/archivos\\\/17891#primaryimage\",\"url\":\"https:\\\/\\\/www.duerodeporte.com\\\/wp-content\\\/uploads\\\/2026\\\/04\\\/WhatsApp-Image-2026-04-25-at-12.00.51.jpeg\",\"contentUrl\":\"https:\\\/\\\/www.duerodeporte.com\\\/wp-content\\\/uploads\\\/2026\\\/04\\\/WhatsApp-Image-2026-04-25-at-12.00.51.jpeg\",\"width\":2000,\"height\":1496,\"caption\":\"Los miembros de Espeleoduero y varios voluntarios tras la reciente jornada de limpieza del r\u00edo Duero. \\\/ Espeleoduero\"},{\"@type\":\"BreadcrumbList\",\"@id\":\"https:\\\/\\\/www.duerodeporte.com\\\/index.php\\\/archivos\\\/17891#breadcrumb\",\"itemListElement\":[{\"@type\":\"ListItem\",\"position\":1,\"name\":\"Portada\",\"item\":\"https:\\\/\\\/www.duerodeporte.com\\\/\"},{\"@type\":\"ListItem\",\"position\":2,\"name\":\"Espeleoduero insiste en la limpieza del r\u00edo Duero\"}]},{\"@type\":\"WebSite\",\"@id\":\"https:\\\/\\\/www.duerodeporte.com\\\/#website\",\"url\":\"https:\\\/\\\/www.duerodeporte.com\\\/\",\"name\":\"Duero Deporte\",\"description\":\"El Deporte de Aranda y las tierras del Duero\",\"publisher\":{\"@id\":\"https:\\\/\\\/www.duerodeporte.com\\\/#organization\"},\"alternateName\":\"El Deporte de Aranda y las tierras del Duero\",\"potentialAction\":[{\"@type\":\"SearchAction\",\"target\":{\"@type\":\"EntryPoint\",\"urlTemplate\":\"https:\\\/\\\/www.duerodeporte.com\\\/?s={search_term_string}\"},\"query-input\":{\"@type\":\"PropertyValueSpecification\",\"valueRequired\":true,\"valueName\":\"search_term_string\"}}],\"inLanguage\":\"es\"},{\"@type\":\"Organization\",\"@id\":\"https:\\\/\\\/www.duerodeporte.com\\\/#organization\",\"name\":\"Duero Deporte\",\"alternateName\":\"El Deporte de Aranda y las tierras del Duero\",\"url\":\"https:\\\/\\\/www.duerodeporte.com\\\/\",\"logo\":{\"@type\":\"ImageObject\",\"inLanguage\":\"es\",\"@id\":\"https:\\\/\\\/www.duerodeporte.com\\\/#\\\/schema\\\/logo\\\/image\\\/\",\"url\":\"https:\\\/\\\/www.duerodeporte.com\\\/wp-content\\\/uploads\\\/2023\\\/11\\\/A.ColorSinFondo-e1708011627555.png\",\"contentUrl\":\"https:\\\/\\\/www.duerodeporte.com\\\/wp-content\\\/uploads\\\/2023\\\/11\\\/A.ColorSinFondo-e1708011627555.png\",\"width\":750,\"height\":132,\"caption\":\"Duero Deporte\"},\"image\":{\"@id\":\"https:\\\/\\\/www.duerodeporte.com\\\/#\\\/schema\\\/logo\\\/image\\\/\"},\"sameAs\":[\"https:\\\/\\\/www.facebook.com\\\/61555928375028\",\"https:\\\/\\\/x.com\\\/Diegoamartin13\",\"https:\\\/\\\/www.youtube.com\\\/channel\\\/UCxIGQL8b9gmW-NjaChabCdA\"]},{\"@type\":\"Person\",\"@id\":\"https:\\\/\\\/www.duerodeporte.com\\\/#\\\/schema\\\/person\\\/5f3368966f635b5ae0d23ffaf7a7f894\",\"name\":\"Diego A. Mart\u00edn\",\"image\":{\"@type\":\"ImageObject\",\"inLanguage\":\"es\",\"@id\":\"https:\\\/\\\/www.duerodeporte.com\\\/wp-content\\\/uploads\\\/2024\\\/01\\\/Diego2-e1706522808572-150x150.jpeg\",\"url\":\"https:\\\/\\\/www.duerodeporte.com\\\/wp-content\\\/uploads\\\/2024\\\/01\\\/Diego2-e1706522808572-150x150.jpeg\",\"contentUrl\":\"https:\\\/\\\/www.duerodeporte.com\\\/wp-content\\\/uploads\\\/2024\\\/01\\\/Diego2-e1706522808572-150x150.jpeg\",\"caption\":\"Diego A. Mart\u00edn\"},\"url\":\"https:\\\/\\\/www.duerodeporte.com\\\/index.php\\\/archivos\\\/author\\\/diego\"}]}<\/script>\r\n<!-- \/ Yoast SEO plugin. -->","yoast_head_json":{"title":"Espeleoduero insiste en la limpieza del r\u00edo Duero","description":"El Deporte de Aranda y las tierras del Duero","robots":{"index":"index","follow":"follow","max-snippet":"max-snippet:-1","max-image-preview":"max-image-preview:large","max-video-preview":"max-video-preview:-1"},"canonical":"https:\/\/www.duerodeporte.com\/index.php\/archivos\/17891","og_locale":"es_ES","og_type":"article","og_title":"Espeleoduero insiste en la limpieza del r\u00edo Duero","og_description":"El Deporte de Aranda y las tierras del Duero","og_url":"https:\/\/www.duerodeporte.com\/index.php\/archivos\/17891","og_site_name":"Duero Deporte","article_publisher":"https:\/\/www.facebook.com\/61555928375028","article_published_time":"2026-04-30T10:12:36+00:00","article_modified_time":"2026-04-30T10:59:34+00:00","og_image":[{"width":2000,"height":1496,"url":"https:\/\/www.duerodeporte.com\/wp-content\/uploads\/2026\/04\/WhatsApp-Image-2026-04-25-at-12.00.51.jpeg","type":"image\/jpeg"}],"author":"Diego A. Mart\u00edn","twitter_card":"summary_large_image","twitter_creator":"@Diegoamartin13","twitter_site":"@Diegoamartin13","twitter_misc":{"Escrito por":"Diego A. Mart\u00edn","Tiempo de lectura":"3 minutos"},"schema":{"@context":"https:\/\/schema.org","@graph":[{"@type":["Article","SocialMediaPosting"],"@id":"https:\/\/www.duerodeporte.com\/index.php\/archivos\/17891#article","isPartOf":{"@id":"https:\/\/www.duerodeporte.com\/index.php\/archivos\/17891"},"author":{"name":"Diego A. Mart\u00edn","@id":"https:\/\/www.duerodeporte.com\/#\/schema\/person\/5f3368966f635b5ae0d23ffaf7a7f894"},"headline":"Espeleoduero insiste en la limpieza del r\u00edo Duero","datePublished":"2026-04-30T10:12:36+00:00","dateModified":"2026-04-30T10:59:34+00:00","mainEntityOfPage":{"@id":"https:\/\/www.duerodeporte.com\/index.php\/archivos\/17891"},"wordCount":369,"commentCount":0,"publisher":{"@id":"https:\/\/www.duerodeporte.com\/#organization"},"image":{"@id":"https:\/\/www.duerodeporte.com\/index.php\/archivos\/17891#primaryimage"},"thumbnailUrl":"https:\/\/www.duerodeporte.com\/wp-content\/uploads\/2026\/04\/WhatsApp-Image-2026-04-25-at-12.00.51.jpeg","keywords":["aranda de duero","Duero","Espeleoduero","tierras del duero"],"articleSection":["MAS DEPORTE","z_PORTADA"],"inLanguage":"es","potentialAction":[{"@type":"CommentAction","name":"Comment","target":["https:\/\/www.duerodeporte.com\/index.php\/archivos\/17891#respond"]}]},{"@type":["WebPage","ItemPage"],"@id":"https:\/\/www.duerodeporte.com\/index.php\/archivos\/17891","url":"https:\/\/www.duerodeporte.com\/index.php\/archivos\/17891","name":"Espeleoduero insiste en la limpieza del r\u00edo Duero","isPartOf":{"@id":"https:\/\/www.duerodeporte.com\/#website"},"primaryImageOfPage":{"@id":"https:\/\/www.duerodeporte.com\/index.php\/archivos\/17891#primaryimage"},"image":{"@id":"https:\/\/www.duerodeporte.com\/index.php\/archivos\/17891#primaryimage"},"thumbnailUrl":"https:\/\/www.duerodeporte.com\/wp-content\/uploads\/2026\/04\/WhatsApp-Image-2026-04-25-at-12.00.51.jpeg","datePublished":"2026-04-30T10:12:36+00:00","dateModified":"2026-04-30T10:59:34+00:00","description":"El Deporte de Aranda y las tierras del Duero","breadcrumb":{"@id":"https:\/\/www.duerodeporte.com\/index.php\/archivos\/17891#breadcrumb"},"inLanguage":"es","potentialAction":[{"@type":"ReadAction","target":["https:\/\/www.duerodeporte.com\/index.php\/archivos\/17891"]}]},{"@type":"ImageObject","inLanguage":"es","@id":"https:\/\/www.duerodeporte.com\/index.php\/archivos\/17891#primaryimage","url":"https:\/\/www.duerodeporte.com\/wp-content\/uploads\/2026\/04\/WhatsApp-Image-2026-04-25-at-12.00.51.jpeg","contentUrl":"https:\/\/www.duerodeporte.com\/wp-content\/uploads\/2026\/04\/WhatsApp-Image-2026-04-25-at-12.00.51.jpeg","width":2000,"height":1496,"caption":"Los miembros de Espeleoduero y varios voluntarios tras la reciente jornada de limpieza del r\u00edo Duero. \/ Espeleoduero"},{"@type":"BreadcrumbList","@id":"https:\/\/www.duerodeporte.com\/index.php\/archivos\/17891#breadcrumb","itemListElement":[{"@type":"ListItem","position":1,"name":"Portada","item":"https:\/\/www.duerodeporte.com\/"},{"@type":"ListItem","position":2,"name":"Espeleoduero insiste en la limpieza del r\u00edo Duero"}]},{"@type":"WebSite","@id":"https:\/\/www.duerodeporte.com\/#website","url":"https:\/\/www.duerodeporte.com\/","name":"Duero Deporte","description":"El Deporte de Aranda y las tierras del Duero","publisher":{"@id":"https:\/\/www.duerodeporte.com\/#organization"},"alternateName":"El Deporte de Aranda y las tierras del Duero","potentialAction":[{"@type":"SearchAction","target":{"@type":"EntryPoint","urlTemplate":"https:\/\/www.duerodeporte.com\/?s={search_term_string}"},"query-input":{"@type":"PropertyValueSpecification","valueRequired":true,"valueName":"search_term_string"}}],"inLanguage":"es"},{"@type":"Organization","@id":"https:\/\/www.duerodeporte.com\/#organization","name":"Duero Deporte","alternateName":"El Deporte de Aranda y las tierras del Duero","url":"https:\/\/www.duerodeporte.com\/","logo":{"@type":"ImageObject","inLanguage":"es","@id":"https:\/\/www.duerodeporte.com\/#\/schema\/logo\/image\/","url":"https:\/\/www.duerodeporte.com\/wp-content\/uploads\/2023\/11\/A.ColorSinFondo-e1708011627555.png","contentUrl":"https:\/\/www.duerodeporte.com\/wp-content\/uploads\/2023\/11\/A.ColorSinFondo-e1708011627555.png","width":750,"height":132,"caption":"Duero Deporte"},"image":{"@id":"https:\/\/www.duerodeporte.com\/#\/schema\/logo\/image\/"},"sameAs":["https:\/\/www.facebook.com\/61555928375028","https:\/\/x.com\/Diegoamartin13","https:\/\/www.youtube.com\/channel\/UCxIGQL8b9gmW-NjaChabCdA"]},{"@type":"Person","@id":"https:\/\/www.duerodeporte.com\/#\/schema\/person\/5f3368966f635b5ae0d23ffaf7a7f894","name":"Diego A. Mart\u00edn","image":{"@type":"ImageObject","inLanguage":"es","@id":"https:\/\/www.duerodeporte.com\/wp-content\/uploads\/2024\/01\/Diego2-e1706522808572-150x150.jpeg","url":"https:\/\/www.duerodeporte.com\/wp-content\/uploads\/2024\/01\/Diego2-e1706522808572-150x150.jpeg","contentUrl":"https:\/\/www.duerodeporte.com\/wp-content\/uploads\/2024\/01\/Diego2-e1706522808572-150x150.jpeg","caption":"Diego A. Mart\u00edn"},"url":"https:\/\/www.duerodeporte.com\/index.php\/archivos\/author\/diego"}]}},"views":36,"_links":{"self":[{"href":"https:\/\/www.duerodeporte.com\/index.php\/wp-json\/wp\/v2\/posts\/17891","targetHints":{"allow":["GET"]}}],"collection":[{"href":"https:\/\/www.duerodeporte.com\/index.php\/wp-json\/wp\/v2\/posts"}],"about":[{"href":"https:\/\/www.duerodeporte.com\/index.php\/wp-json\/wp\/v2\/types\/post"}],"author":[{"embeddable":true,"href":"https:\/\/www.duerodeporte.com\/index.php\/wp-json\/wp\/v2\/users\/3"}],"replies":[{"embeddable":true,"href":"https:\/\/www.duerodeporte.com\/index.php\/wp-json\/wp\/v2\/comments?post=17891"}],"version-history":[{"count":2,"href":"https:\/\/www.duerodeporte.com\/index.php\/wp-json\/wp\/v2\/posts\/17891\/revisions"}],"predecessor-version":[{"id":17898,"href":"https:\/\/www.duerodeporte.com\/index.php\/wp-json\/wp\/v2\/posts\/17891\/revisions\/17898"}],"wp:featuredmedia":[{"embeddable":true,"href":"https:\/\/www.duerodeporte.com\/index.php\/wp-json\/wp\/v2\/media\/17899"}],"wp:attachment":[{"href":"https:\/\/www.duerodeporte.com\/index.php\/wp-json\/wp\/v2\/media?parent=17891"}],"wp:term":[{"taxonomy":"category","embeddable":true,"href":"https:\/\/www.duerodeporte.com\/index.php\/wp-json\/wp\/v2\/categories?post=17891"},{"taxonomy":"post_tag","embeddable":true,"href":"https:\/\/www.duerodeporte.com\/index.php\/wp-json\/wp\/v2\/tags?post=17891"}],"curies":[{"name":"wp","href":"https:\/\/api.w.org\/{rel}","templated":true}]}}