{"id":17903,"date":"2026-04-30T17:45:23","date_gmt":"2026-04-30T16:45:23","guid":{"rendered":"https:\/\/www.duerodeporte.com\/?p=17903"},"modified":"2026-04-30T17:47:36","modified_gmt":"2026-04-30T16:47:36","slug":"aranda-de-duero-acoge-de-nuevo-campeonatos-de-espana-de-pentatlon-moderno","status":"publish","type":"post","link":"https:\/\/www.duerodeporte.com\/index.php\/archivos\/17903","title":{"rendered":"Los Campeonatos de Espa\u00f1a de Pentatl\u00f3n Moderno se deciden de nuevo en Aranda"},"content":{"rendered":"\n<h2 class=\"wp-block-heading\">Alrededor de un centenar de escolares y universitarios de ocho Comunidades toman parte desde este viernes en el Nacional por Selecciones Auton\u00f3micas y Campeonato Universitario. Debido a la previsi\u00f3n de lluvia, finalmente las pruebas se desarrollar\u00e1n en el Recinto Ferial y la piscina de Las Francesas. La capital de las Tierras del Duero repite experiencia tras ser sede de la competici\u00f3n el pasado mes de mayo de 2025<\/h2>\n\n\n\n<p>Aranda de Duero vuelve a albergar una cita nacional de primer nivel en el \u00e1mbito del <strong>Pentatl\u00f3n Moderno<\/strong>. Tras la celebraci\u00f3n el pasado mes de mayo del <strong>Campeonato de Espa\u00f1a por Selecciones Auton\u00f3micas<\/strong>, la capital de las Tierras del Duero repite como sede del <strong>CESA 2026<\/strong>. Una competici\u00f3n a la que se sumar\u00e1 adem\u00e1s el <strong>Campeonato de Espa\u00f1a Universitario<\/strong>. Dos competiciones y un mismo lugar para ver &#8216;in situ&#8217; a los mejores deportistas de esta particular modalidad que aglutina nataci\u00f3n, carrera de obst\u00e1culos y l\u00e1ser run -carrera a pie y tiro-.<\/p>\n\n\n\n<figure class=\"wp-block-image size-large\"><img loading=\"lazy\" decoding=\"async\" width=\"1024\" height=\"234\" src=\"https:\/\/www.duerodeporte.com\/wp-content\/uploads\/2026\/04\/Federopticos_abril-1024x234.jpeg\" alt=\"\" class=\"wp-image-17422\" srcset=\"https:\/\/www.duerodeporte.com\/wp-content\/uploads\/2026\/04\/Federopticos_abril-1024x234.jpeg 1024w, https:\/\/www.duerodeporte.com\/wp-content\/uploads\/2026\/04\/Federopticos_abril-300x68.jpeg 300w, https:\/\/www.duerodeporte.com\/wp-content\/uploads\/2026\/04\/Federopticos_abril-768x175.jpeg 768w, https:\/\/www.duerodeporte.com\/wp-content\/uploads\/2026\/04\/Federopticos_abril-1536x350.jpeg 1536w, https:\/\/www.duerodeporte.com\/wp-content\/uploads\/2026\/04\/Federopticos_abril-696x159.jpeg 696w, https:\/\/www.duerodeporte.com\/wp-content\/uploads\/2026\/04\/Federopticos_abril-1068x244.jpeg 1068w, https:\/\/www.duerodeporte.com\/wp-content\/uploads\/2026\/04\/Federopticos_abril.jpeg 1600w\" sizes=\"auto, (max-width: 1024px) 100vw, 1024px\" \/><\/figure>\n\n\n\n<p>La adversa previsi\u00f3n meteorol\u00f3gica de lluvia ha llevado a los organizadores, <strong>Ayuntamiento de Aranda de Duero<\/strong> y<strong> Federaci\u00f3n de Triatl\u00f3n y Pentatl\u00f3n Moderno de Castilla y Le\u00f3n<\/strong>, a tomar la decisi\u00f3n de celebrar todos las competiciones bajo techo. De esta manera, las pruebas de <strong>obst\u00e1culos <\/strong>y<strong> l\u00e1ser run<\/strong> se desarrollar\u00e1n \u00edntegramente en las instalaciones del Recinto Ferial. Mientras, el sector de <strong>nataci\u00f3n <\/strong>no sufre modificaciones como estaba previsto en la piscina municipal de Las Francesas.<\/p>\n\n\n\n<p>Los campeonatos comenzar\u00e1n el <strong>viernes a partir de las 16:00 horas<\/strong> con el desarrollo del <strong>Campeonato de Espa\u00f1a de Edades<\/strong>. Ser\u00e1 turno para los m\u00e1s peque\u00f1os del fin de semana. En liza, las categor\u00edas <strong>Sub-9<\/strong>, <strong>Sub-11<\/strong>,<strong> Sub-13 <\/strong>y<strong> Sub-15<\/strong> que deber\u00e1n afrontar los sectores de nataci\u00f3n, carrera a pie y tiro; solo los de mayor edad realizar\u00e1n el circuito de obst\u00e1culos. Una jornada en la que tambi\u00e9n se celebrar\u00e1 el <strong>Open Escolar<\/strong> para todos aquellos que quieran participar.<\/p>\n\n\n\n<figure class=\"wp-block-embed is-type-rich is-provider-twitter wp-block-embed-twitter\"><div class=\"wp-block-embed__wrapper\">\n<blockquote class=\"twitter-tweet\" data-width=\"550\" data-dnt=\"true\"><p lang=\"es\" dir=\"ltr\">\ud83d\udfe0 PENTATL\u00d3N MODERNO<br><br>\ud83c\udfbd Aranda de Duero acoge durante el pr\u00f3ximo fin de semana (1-3 de mayo) el <a href=\"https:\/\/twitter.com\/hashtag\/CESA?src=hash&amp;ref_src=twsrc%5Etfw\">#CESA<\/a> de Pentatl\u00f3n Moderno y Campeonato Universitario <br><br>\u25b6\ufe0f Ambas competiciones reunir\u00e1n a alrededor de un centenar de atletas de 8\ufe0f\u20e3 Comunidades Aut\u00f3nomas<br><br>\ud83d\udde3\ufe0f La concejala de Deportes\u2026 <a href=\"https:\/\/t.co\/94OCkZfxS1\">pic.twitter.com\/94OCkZfxS1<\/a><\/p>&mdash; Diego A. Mart\u00edn (duerodeporte.com) (@Diegoamartin13) <a href=\"https:\/\/twitter.com\/Diegoamartin13\/status\/2049194905210138841?ref_src=twsrc%5Etfw\">April 28, 2026<\/a><\/blockquote><script async src=\"https:\/\/platform.twitter.com\/widgets.js\" charset=\"utf-8\"><\/script>\n<\/div><\/figure>\n\n\n\n<p>La agenda continuar\u00e1 el <strong>s\u00e1bado <\/strong>(<strong>09:00 h<\/strong>) con la celebraci\u00f3n del propio <strong>CESA 2026 individual por autonom\u00edas<\/strong> impulsado por el\u00a0Consejo Superior de Deportes y las federaciones nacionales que re\u00fane a j\u00f3venes talentos. Los atletas se repartir\u00e1 en dos grupos para decidir a los campeones en categor\u00edas Sub-15 y Sub-18.<\/p>\n\n\n\n<h2 class=\"wp-block-heading\">Campeonato de Espa\u00f1a Universitario<\/h2>\n\n\n\n<p>Para el domingo, desde las 09:00 horas una de las grandes atracciones de todo el fin de semana, el <strong>Campeonato de Espa\u00f1a Universitario<\/strong> que se celebrar\u00e1 por primera vez en Espa\u00f1a. Junto al estreno tendr\u00e1 lugar tambi\u00e9n el <strong>CESA de Relevos Mixtos<\/strong> y <strong>Campeonato de Castilla y Le\u00f3n de Tetratl\u00f3n<\/strong>.<\/p>\n\n\n\n<figure class=\"wp-block-video\"><video height=\"1080\" style=\"aspect-ratio: 1920 \/ 1080;\" width=\"1920\" controls src=\"https:\/\/www.duerodeporte.com\/wp-content\/uploads\/2026\/04\/VID_20250510_185716-online-video-cutter.com_.mp4\"><\/video><figcaption class=\"wp-element-caption\">Una de las pruebas de obst\u00e1culos celebradas el pasado mes de mayo en el Recinto Ferial. \/ DUERO Deporte<\/figcaption><\/figure>\n\n\n\n<p>Durante tres d\u00edas estar\u00e1n presentes en las Tierras del Duero atletas de ocho Comunidades -Galicia, Asturias, Cantabria, Catalu\u00f1a, Madrid, Comunidad Valenciana, Baleares y Castilla y Le\u00f3n-.<\/p>\n","protected":false},"excerpt":{"rendered":"<p>Alrededor de un centenar de escolares y universitarios de ocho Comunidades toman parte desde este viernes en el Nacional por Selecciones Auton\u00f3micas y Campeonato Universitario. Debido a la previsi\u00f3n de [&hellip;]<\/p>\n","protected":false},"author":3,"featured_media":17907,"comment_status":"open","ping_status":"open","sticky":false,"template":"","format":"standard","meta":{"footnotes":""},"categories":[49,15],"tags":[43,434,1199,83],"class_list":["post-17903","post","type-post","status-publish","format-standard","has-post-thumbnail","category-mas_deporte","category-portada","tag-aranda-de-duero","tag-csd","tag-pentatlon-moderno-2","tag-tierras-del-duero"],"yoast_head":"<!-- This site is optimized with the Yoast SEO plugin v27.5 - https:\/\/yoast.com\/product\/yoast-seo-wordpress\/ -->\r\n<title>Los Campeonatos de Espa\u00f1a de Pentatl\u00f3n Moderno se deciden de nuevo en Aranda<\/title>\r\n<meta name=\"description\" content=\"El Deporte de Aranda y las tierras del Duero\" \/>\r\n<meta name=\"robots\" content=\"index, follow, max-snippet:-1, max-image-preview:large, max-video-preview:-1\" \/>\r\n<link rel=\"canonical\" href=\"https:\/\/www.duerodeporte.com\/index.php\/archivos\/17903\" \/>\r\n<meta property=\"og:locale\" content=\"es_ES\" \/>\r\n<meta property=\"og:type\" content=\"article\" \/>\r\n<meta property=\"og:title\" content=\"Los Campeonatos de Espa\u00f1a de Pentatl\u00f3n Moderno se deciden de nuevo en Aranda\" \/>\r\n<meta property=\"og:description\" content=\"El Deporte de Aranda y las tierras del Duero\" \/>\r\n<meta property=\"og:url\" content=\"https:\/\/www.duerodeporte.com\/index.php\/archivos\/17903\" \/>\r\n<meta property=\"og:site_name\" content=\"Duero Deporte\" \/>\r\n<meta property=\"article:publisher\" content=\"https:\/\/www.facebook.com\/61555928375028\" \/>\r\n<meta property=\"article:published_time\" content=\"2026-04-30T16:45:23+00:00\" \/>\r\n<meta property=\"article:modified_time\" content=\"2026-04-30T16:47:36+00:00\" \/>\r\n<meta property=\"og:image\" content=\"https:\/\/www.duerodeporte.com\/wp-content\/uploads\/2026\/04\/pentatlon-recinto-ferial.jpg\" \/>\r\n\t<meta property=\"og:image:width\" content=\"1550\" \/>\r\n\t<meta property=\"og:image:height\" content=\"760\" \/>\r\n\t<meta property=\"og:image:type\" content=\"image\/jpeg\" \/>\r\n<meta name=\"author\" content=\"Diego A. Mart\u00edn\" \/>\r\n<meta name=\"twitter:card\" content=\"summary_large_image\" \/>\r\n<meta name=\"twitter:creator\" content=\"@Diegoamartin13\" \/>\r\n<meta name=\"twitter:site\" content=\"@Diegoamartin13\" \/>\r\n<meta name=\"twitter:label1\" content=\"Escrito por\" \/>\n\t<meta name=\"twitter:data1\" content=\"Diego A. Mart\u00edn\" \/>\n\t<meta name=\"twitter:label2\" content=\"Tiempo de lectura\" \/>\n\t<meta name=\"twitter:data2\" content=\"3 minutos\" \/>\r\n<script type=\"application\/ld+json\" class=\"yoast-schema-graph\">{\"@context\":\"https:\\\/\\\/schema.org\",\"@graph\":[{\"@type\":[\"Article\",\"SocialMediaPosting\"],\"@id\":\"https:\\\/\\\/www.duerodeporte.com\\\/index.php\\\/archivos\\\/17903#article\",\"isPartOf\":{\"@id\":\"https:\\\/\\\/www.duerodeporte.com\\\/index.php\\\/archivos\\\/17903\"},\"author\":{\"name\":\"Diego A. Mart\u00edn\",\"@id\":\"https:\\\/\\\/www.duerodeporte.com\\\/#\\\/schema\\\/person\\\/5f3368966f635b5ae0d23ffaf7a7f894\"},\"headline\":\"Los Campeonatos de Espa\u00f1a de Pentatl\u00f3n Moderno se deciden de nuevo en Aranda\",\"datePublished\":\"2026-04-30T16:45:23+00:00\",\"dateModified\":\"2026-04-30T16:47:36+00:00\",\"mainEntityOfPage\":{\"@id\":\"https:\\\/\\\/www.duerodeporte.com\\\/index.php\\\/archivos\\\/17903\"},\"wordCount\":527,\"commentCount\":0,\"publisher\":{\"@id\":\"https:\\\/\\\/www.duerodeporte.com\\\/#organization\"},\"image\":{\"@id\":\"https:\\\/\\\/www.duerodeporte.com\\\/index.php\\\/archivos\\\/17903#primaryimage\"},\"thumbnailUrl\":\"https:\\\/\\\/www.duerodeporte.com\\\/wp-content\\\/uploads\\\/2026\\\/04\\\/pentatlon-recinto-ferial.jpg\",\"keywords\":[\"aranda de duero\",\"CSD\",\"Pentatlon Moderno\",\"tierras del duero\"],\"articleSection\":[\"MAS DEPORTE\",\"z_PORTADA\"],\"inLanguage\":\"es\",\"potentialAction\":[{\"@type\":\"CommentAction\",\"name\":\"Comment\",\"target\":[\"https:\\\/\\\/www.duerodeporte.com\\\/index.php\\\/archivos\\\/17903#respond\"]}]},{\"@type\":[\"WebPage\",\"ItemPage\"],\"@id\":\"https:\\\/\\\/www.duerodeporte.com\\\/index.php\\\/archivos\\\/17903\",\"url\":\"https:\\\/\\\/www.duerodeporte.com\\\/index.php\\\/archivos\\\/17903\",\"name\":\"Los Campeonatos de Espa\u00f1a de Pentatl\u00f3n Moderno se deciden de nuevo en Aranda\",\"isPartOf\":{\"@id\":\"https:\\\/\\\/www.duerodeporte.com\\\/#website\"},\"primaryImageOfPage\":{\"@id\":\"https:\\\/\\\/www.duerodeporte.com\\\/index.php\\\/archivos\\\/17903#primaryimage\"},\"image\":{\"@id\":\"https:\\\/\\\/www.duerodeporte.com\\\/index.php\\\/archivos\\\/17903#primaryimage\"},\"thumbnailUrl\":\"https:\\\/\\\/www.duerodeporte.com\\\/wp-content\\\/uploads\\\/2026\\\/04\\\/pentatlon-recinto-ferial.jpg\",\"datePublished\":\"2026-04-30T16:45:23+00:00\",\"dateModified\":\"2026-04-30T16:47:36+00:00\",\"description\":\"El Deporte de Aranda y las tierras del Duero\",\"breadcrumb\":{\"@id\":\"https:\\\/\\\/www.duerodeporte.com\\\/index.php\\\/archivos\\\/17903#breadcrumb\"},\"inLanguage\":\"es\",\"potentialAction\":[{\"@type\":\"ReadAction\",\"target\":[\"https:\\\/\\\/www.duerodeporte.com\\\/index.php\\\/archivos\\\/17903\"]}]},{\"@type\":\"ImageObject\",\"inLanguage\":\"es\",\"@id\":\"https:\\\/\\\/www.duerodeporte.com\\\/index.php\\\/archivos\\\/17903#primaryimage\",\"url\":\"https:\\\/\\\/www.duerodeporte.com\\\/wp-content\\\/uploads\\\/2026\\\/04\\\/pentatlon-recinto-ferial.jpg\",\"contentUrl\":\"https:\\\/\\\/www.duerodeporte.com\\\/wp-content\\\/uploads\\\/2026\\\/04\\\/pentatlon-recinto-ferial.jpg\",\"width\":1550,\"height\":760,\"caption\":\"El Recinto Ferial acoger\u00e1 la competici\u00f3n como ya ocurriera el pasado mes de mayo. \\\/ DUERO Deporte\"},{\"@type\":\"BreadcrumbList\",\"@id\":\"https:\\\/\\\/www.duerodeporte.com\\\/index.php\\\/archivos\\\/17903#breadcrumb\",\"itemListElement\":[{\"@type\":\"ListItem\",\"position\":1,\"name\":\"Portada\",\"item\":\"https:\\\/\\\/www.duerodeporte.com\\\/\"},{\"@type\":\"ListItem\",\"position\":2,\"name\":\"Los Campeonatos de Espa\u00f1a de Pentatl\u00f3n Moderno se deciden de nuevo en Aranda\"}]},{\"@type\":\"WebSite\",\"@id\":\"https:\\\/\\\/www.duerodeporte.com\\\/#website\",\"url\":\"https:\\\/\\\/www.duerodeporte.com\\\/\",\"name\":\"Duero Deporte\",\"description\":\"El Deporte de Aranda y las tierras del Duero\",\"publisher\":{\"@id\":\"https:\\\/\\\/www.duerodeporte.com\\\/#organization\"},\"alternateName\":\"El Deporte de Aranda y las tierras del Duero\",\"potentialAction\":[{\"@type\":\"SearchAction\",\"target\":{\"@type\":\"EntryPoint\",\"urlTemplate\":\"https:\\\/\\\/www.duerodeporte.com\\\/?s={search_term_string}\"},\"query-input\":{\"@type\":\"PropertyValueSpecification\",\"valueRequired\":true,\"valueName\":\"search_term_string\"}}],\"inLanguage\":\"es\"},{\"@type\":\"Organization\",\"@id\":\"https:\\\/\\\/www.duerodeporte.com\\\/#organization\",\"name\":\"Duero Deporte\",\"alternateName\":\"El Deporte de Aranda y las tierras del Duero\",\"url\":\"https:\\\/\\\/www.duerodeporte.com\\\/\",\"logo\":{\"@type\":\"ImageObject\",\"inLanguage\":\"es\",\"@id\":\"https:\\\/\\\/www.duerodeporte.com\\\/#\\\/schema\\\/logo\\\/image\\\/\",\"url\":\"https:\\\/\\\/www.duerodeporte.com\\\/wp-content\\\/uploads\\\/2023\\\/11\\\/A.ColorSinFondo-e1708011627555.png\",\"contentUrl\":\"https:\\\/\\\/www.duerodeporte.com\\\/wp-content\\\/uploads\\\/2023\\\/11\\\/A.ColorSinFondo-e1708011627555.png\",\"width\":750,\"height\":132,\"caption\":\"Duero Deporte\"},\"image\":{\"@id\":\"https:\\\/\\\/www.duerodeporte.com\\\/#\\\/schema\\\/logo\\\/image\\\/\"},\"sameAs\":[\"https:\\\/\\\/www.facebook.com\\\/61555928375028\",\"https:\\\/\\\/x.com\\\/Diegoamartin13\",\"https:\\\/\\\/www.youtube.com\\\/channel\\\/UCxIGQL8b9gmW-NjaChabCdA\"]},{\"@type\":\"Person\",\"@id\":\"https:\\\/\\\/www.duerodeporte.com\\\/#\\\/schema\\\/person\\\/5f3368966f635b5ae0d23ffaf7a7f894\",\"name\":\"Diego A. Mart\u00edn\",\"image\":{\"@type\":\"ImageObject\",\"inLanguage\":\"es\",\"@id\":\"https:\\\/\\\/www.duerodeporte.com\\\/wp-content\\\/uploads\\\/2024\\\/01\\\/Diego2-e1706522808572-150x150.jpeg\",\"url\":\"https:\\\/\\\/www.duerodeporte.com\\\/wp-content\\\/uploads\\\/2024\\\/01\\\/Diego2-e1706522808572-150x150.jpeg\",\"contentUrl\":\"https:\\\/\\\/www.duerodeporte.com\\\/wp-content\\\/uploads\\\/2024\\\/01\\\/Diego2-e1706522808572-150x150.jpeg\",\"caption\":\"Diego A. Mart\u00edn\"},\"url\":\"https:\\\/\\\/www.duerodeporte.com\\\/index.php\\\/archivos\\\/author\\\/diego\"}]}<\/script>\r\n<!-- \/ Yoast SEO plugin. -->","yoast_head_json":{"title":"Los Campeonatos de Espa\u00f1a de Pentatl\u00f3n Moderno se deciden de nuevo en Aranda","description":"El Deporte de Aranda y las tierras del Duero","robots":{"index":"index","follow":"follow","max-snippet":"max-snippet:-1","max-image-preview":"max-image-preview:large","max-video-preview":"max-video-preview:-1"},"canonical":"https:\/\/www.duerodeporte.com\/index.php\/archivos\/17903","og_locale":"es_ES","og_type":"article","og_title":"Los Campeonatos de Espa\u00f1a de Pentatl\u00f3n Moderno se deciden de nuevo en Aranda","og_description":"El Deporte de Aranda y las tierras del Duero","og_url":"https:\/\/www.duerodeporte.com\/index.php\/archivos\/17903","og_site_name":"Duero Deporte","article_publisher":"https:\/\/www.facebook.com\/61555928375028","article_published_time":"2026-04-30T16:45:23+00:00","article_modified_time":"2026-04-30T16:47:36+00:00","og_image":[{"width":1550,"height":760,"url":"https:\/\/www.duerodeporte.com\/wp-content\/uploads\/2026\/04\/pentatlon-recinto-ferial.jpg","type":"image\/jpeg"}],"author":"Diego A. Mart\u00edn","twitter_card":"summary_large_image","twitter_creator":"@Diegoamartin13","twitter_site":"@Diegoamartin13","twitter_misc":{"Escrito por":"Diego A. Mart\u00edn","Tiempo de lectura":"3 minutos"},"schema":{"@context":"https:\/\/schema.org","@graph":[{"@type":["Article","SocialMediaPosting"],"@id":"https:\/\/www.duerodeporte.com\/index.php\/archivos\/17903#article","isPartOf":{"@id":"https:\/\/www.duerodeporte.com\/index.php\/archivos\/17903"},"author":{"name":"Diego A. Mart\u00edn","@id":"https:\/\/www.duerodeporte.com\/#\/schema\/person\/5f3368966f635b5ae0d23ffaf7a7f894"},"headline":"Los Campeonatos de Espa\u00f1a de Pentatl\u00f3n Moderno se deciden de nuevo en Aranda","datePublished":"2026-04-30T16:45:23+00:00","dateModified":"2026-04-30T16:47:36+00:00","mainEntityOfPage":{"@id":"https:\/\/www.duerodeporte.com\/index.php\/archivos\/17903"},"wordCount":527,"commentCount":0,"publisher":{"@id":"https:\/\/www.duerodeporte.com\/#organization"},"image":{"@id":"https:\/\/www.duerodeporte.com\/index.php\/archivos\/17903#primaryimage"},"thumbnailUrl":"https:\/\/www.duerodeporte.com\/wp-content\/uploads\/2026\/04\/pentatlon-recinto-ferial.jpg","keywords":["aranda de duero","CSD","Pentatlon Moderno","tierras del duero"],"articleSection":["MAS DEPORTE","z_PORTADA"],"inLanguage":"es","potentialAction":[{"@type":"CommentAction","name":"Comment","target":["https:\/\/www.duerodeporte.com\/index.php\/archivos\/17903#respond"]}]},{"@type":["WebPage","ItemPage"],"@id":"https:\/\/www.duerodeporte.com\/index.php\/archivos\/17903","url":"https:\/\/www.duerodeporte.com\/index.php\/archivos\/17903","name":"Los Campeonatos de Espa\u00f1a de Pentatl\u00f3n Moderno se deciden de nuevo en Aranda","isPartOf":{"@id":"https:\/\/www.duerodeporte.com\/#website"},"primaryImageOfPage":{"@id":"https:\/\/www.duerodeporte.com\/index.php\/archivos\/17903#primaryimage"},"image":{"@id":"https:\/\/www.duerodeporte.com\/index.php\/archivos\/17903#primaryimage"},"thumbnailUrl":"https:\/\/www.duerodeporte.com\/wp-content\/uploads\/2026\/04\/pentatlon-recinto-ferial.jpg","datePublished":"2026-04-30T16:45:23+00:00","dateModified":"2026-04-30T16:47:36+00:00","description":"El Deporte de Aranda y las tierras del Duero","breadcrumb":{"@id":"https:\/\/www.duerodeporte.com\/index.php\/archivos\/17903#breadcrumb"},"inLanguage":"es","potentialAction":[{"@type":"ReadAction","target":["https:\/\/www.duerodeporte.com\/index.php\/archivos\/17903"]}]},{"@type":"ImageObject","inLanguage":"es","@id":"https:\/\/www.duerodeporte.com\/index.php\/archivos\/17903#primaryimage","url":"https:\/\/www.duerodeporte.com\/wp-content\/uploads\/2026\/04\/pentatlon-recinto-ferial.jpg","contentUrl":"https:\/\/www.duerodeporte.com\/wp-content\/uploads\/2026\/04\/pentatlon-recinto-ferial.jpg","width":1550,"height":760,"caption":"El Recinto Ferial acoger\u00e1 la competici\u00f3n como ya ocurriera el pasado mes de mayo. \/ DUERO Deporte"},{"@type":"BreadcrumbList","@id":"https:\/\/www.duerodeporte.com\/index.php\/archivos\/17903#breadcrumb","itemListElement":[{"@type":"ListItem","position":1,"name":"Portada","item":"https:\/\/www.duerodeporte.com\/"},{"@type":"ListItem","position":2,"name":"Los Campeonatos de Espa\u00f1a de Pentatl\u00f3n Moderno se deciden de nuevo en Aranda"}]},{"@type":"WebSite","@id":"https:\/\/www.duerodeporte.com\/#website","url":"https:\/\/www.duerodeporte.com\/","name":"Duero Deporte","description":"El Deporte de Aranda y las tierras del Duero","publisher":{"@id":"https:\/\/www.duerodeporte.com\/#organization"},"alternateName":"El Deporte de Aranda y las tierras del Duero","potentialAction":[{"@type":"SearchAction","target":{"@type":"EntryPoint","urlTemplate":"https:\/\/www.duerodeporte.com\/?s={search_term_string}"},"query-input":{"@type":"PropertyValueSpecification","valueRequired":true,"valueName":"search_term_string"}}],"inLanguage":"es"},{"@type":"Organization","@id":"https:\/\/www.duerodeporte.com\/#organization","name":"Duero Deporte","alternateName":"El Deporte de Aranda y las tierras del Duero","url":"https:\/\/www.duerodeporte.com\/","logo":{"@type":"ImageObject","inLanguage":"es","@id":"https:\/\/www.duerodeporte.com\/#\/schema\/logo\/image\/","url":"https:\/\/www.duerodeporte.com\/wp-content\/uploads\/2023\/11\/A.ColorSinFondo-e1708011627555.png","contentUrl":"https:\/\/www.duerodeporte.com\/wp-content\/uploads\/2023\/11\/A.ColorSinFondo-e1708011627555.png","width":750,"height":132,"caption":"Duero Deporte"},"image":{"@id":"https:\/\/www.duerodeporte.com\/#\/schema\/logo\/image\/"},"sameAs":["https:\/\/www.facebook.com\/61555928375028","https:\/\/x.com\/Diegoamartin13","https:\/\/www.youtube.com\/channel\/UCxIGQL8b9gmW-NjaChabCdA"]},{"@type":"Person","@id":"https:\/\/www.duerodeporte.com\/#\/schema\/person\/5f3368966f635b5ae0d23ffaf7a7f894","name":"Diego A. Mart\u00edn","image":{"@type":"ImageObject","inLanguage":"es","@id":"https:\/\/www.duerodeporte.com\/wp-content\/uploads\/2024\/01\/Diego2-e1706522808572-150x150.jpeg","url":"https:\/\/www.duerodeporte.com\/wp-content\/uploads\/2024\/01\/Diego2-e1706522808572-150x150.jpeg","contentUrl":"https:\/\/www.duerodeporte.com\/wp-content\/uploads\/2024\/01\/Diego2-e1706522808572-150x150.jpeg","caption":"Diego A. Mart\u00edn"},"url":"https:\/\/www.duerodeporte.com\/index.php\/archivos\/author\/diego"}]}},"views":24,"_links":{"self":[{"href":"https:\/\/www.duerodeporte.com\/index.php\/wp-json\/wp\/v2\/posts\/17903","targetHints":{"allow":["GET"]}}],"collection":[{"href":"https:\/\/www.duerodeporte.com\/index.php\/wp-json\/wp\/v2\/posts"}],"about":[{"href":"https:\/\/www.duerodeporte.com\/index.php\/wp-json\/wp\/v2\/types\/post"}],"author":[{"embeddable":true,"href":"https:\/\/www.duerodeporte.com\/index.php\/wp-json\/wp\/v2\/users\/3"}],"replies":[{"embeddable":true,"href":"https:\/\/www.duerodeporte.com\/index.php\/wp-json\/wp\/v2\/comments?post=17903"}],"version-history":[{"count":7,"href":"https:\/\/www.duerodeporte.com\/index.php\/wp-json\/wp\/v2\/posts\/17903\/revisions"}],"predecessor-version":[{"id":17914,"href":"https:\/\/www.duerodeporte.com\/index.php\/wp-json\/wp\/v2\/posts\/17903\/revisions\/17914"}],"wp:featuredmedia":[{"embeddable":true,"href":"https:\/\/www.duerodeporte.com\/index.php\/wp-json\/wp\/v2\/media\/17907"}],"wp:attachment":[{"href":"https:\/\/www.duerodeporte.com\/index.php\/wp-json\/wp\/v2\/media?parent=17903"}],"wp:term":[{"taxonomy":"category","embeddable":true,"href":"https:\/\/www.duerodeporte.com\/index.php\/wp-json\/wp\/v2\/categories?post=17903"},{"taxonomy":"post_tag","embeddable":true,"href":"https:\/\/www.duerodeporte.com\/index.php\/wp-json\/wp\/v2\/tags?post=17903"}],"curies":[{"name":"wp","href":"https:\/\/api.w.org\/{rel}","templated":true}]}}