{"id":17915,"date":"2026-05-01T15:29:30","date_gmt":"2026-05-01T14:29:30","guid":{"rendered":"https:\/\/www.duerodeporte.com\/?p=17915"},"modified":"2026-05-01T17:55:53","modified_gmt":"2026-05-01T16:55:53","slug":"la-salvacion-en-la-mano","status":"publish","type":"post","link":"https:\/\/www.duerodeporte.com\/index.php\/archivos\/17915","title":{"rendered":"La salvaci\u00f3n, en la mano"},"content":{"rendered":"\n<h2 class=\"wp-block-heading\">La Arandina decide su futuro en Tercera Federaci\u00f3n en el derbi ante el Mirand\u00e9s B. Los blanquiazules depende de ellos mismos para continuar una a\u00f1o m\u00e1s en la categor\u00eda. El triunfo certifica la salvaci\u00f3n para los de Dani Calvo. El club ha establecido el partido de entrada gratuita para todos los aficionados arandinos<\/h2>\n\n\n\n<p>\u00daltimo arre\u00f3n para certificar la salvaci\u00f3n en el Grupo VIII de Tercera Federaci\u00f3n. La<strong> <a href=\"https:\/\/www.instagram.com\/arandinacf\/?hl=es\" type=\"link\" id=\"https:\/\/www.instagram.com\/arandinacf\/?hl=es\">Arandina <\/a><\/strong>recibe este <strong>s\u00e1bado <\/strong>(<strong>18:00 h<\/strong>) al<strong> <a href=\"https:\/\/www.cdmirandes.com\/noticias?category=mirandes-b\" type=\"link\" id=\"https:\/\/www.cdmirandes.com\/noticias?category=mirandes-b\">Mirand\u00e9s B<\/a><\/strong> en el derbi burgal\u00e9s de la 33\u00aa jornada. El <strong>Estadio Municipal Juan Carlos Higuero<\/strong> espera ser testigo de un <strong>triunfo blanquiazul <\/strong>y la consiguiente <strong>permanencia <\/strong>de los de <strong>Dani Calvo <\/strong>en la categor\u00eda.<\/p>\n\n\n<div class=\"wp-block-image\">\n<figure class=\"aligncenter size-large\"><a href=\"https:\/\/www.racingcitygroup.com\/\"><img loading=\"lazy\" decoding=\"async\" width=\"1024\" height=\"234\" src=\"https:\/\/www.duerodeporte.com\/wp-content\/uploads\/2026\/01\/Racing-City-Group-1-1024x234.png\" alt=\"\" class=\"wp-image-16176\" srcset=\"https:\/\/www.duerodeporte.com\/wp-content\/uploads\/2026\/01\/Racing-City-Group-1-1024x234.png 1024w, https:\/\/www.duerodeporte.com\/wp-content\/uploads\/2026\/01\/Racing-City-Group-1-300x69.png 300w, https:\/\/www.duerodeporte.com\/wp-content\/uploads\/2026\/01\/Racing-City-Group-1-768x176.png 768w, https:\/\/www.duerodeporte.com\/wp-content\/uploads\/2026\/01\/Racing-City-Group-1-1536x351.png 1536w, https:\/\/www.duerodeporte.com\/wp-content\/uploads\/2026\/01\/Racing-City-Group-1-696x159.png 696w, https:\/\/www.duerodeporte.com\/wp-content\/uploads\/2026\/01\/Racing-City-Group-1-1068x244.png 1068w, https:\/\/www.duerodeporte.com\/wp-content\/uploads\/2026\/01\/Racing-City-Group-1.png 1845w\" sizes=\"auto, (max-width: 1024px) 100vw, 1024px\" \/><\/a><\/figure>\n<\/div>\n\n\n<p>El encuentro, que<strong> el club ha designado de entrada gratuita para todos los aficionados arandinos<\/strong>, llega en <strong>circunstancias bien distintas<\/strong> apara ambas escuadras. Los blanquiazules necesitados de puntos, mientras los rojillos, sin aspiraciones de play off y tambi\u00e9n salvados, solo descuentan las hojas del calendario.<\/p>\n\n\n\n<p>Desde el cuerpo t\u00e9cnico arandinista, <a href=\"https:\/\/www.instagram.com\/danicalvo25\/?hl=es\" type=\"link\" id=\"https:\/\/www.instagram.com\/danicalvo25\/?hl=es\"><strong>Dani Calvo<\/strong> <\/a>apunta que ser\u00e1 importante <strong><em>\u00abmostrar nuestra mejor versi\u00f3n\u00bb<\/em><\/strong>. Si bien es cierto que los de las Tierras del Duero se enfrentan a un equipo que no se juega nada, <strong><em>\u00abvendr\u00e1 a competir y sacar los tres puntos\u00bb <\/em><\/strong>a\u00f1ade un Dani Calvo que incide en que <strong><em>\u00abtenemos que hacer un partido serio\u00bb<\/em><\/strong>.<\/p>\n\n\n\n<p>El entrenador arandino que recuperaba la pasada jornada a <strong>Dani Barroso <\/strong>tras su lesi\u00f3n hace m\u00e1s de un mes en Villaralbo, podr\u00e1 contar con toda su plantilla para el partido, a excepci\u00f3n de <strong>Mariano<\/strong>, sancionado por acumulaci\u00f3n de amonestaciones.<\/p>\n\n\n\n<figure class=\"wp-block-embed is-type-rich is-provider-twitter wp-block-embed-twitter\"><div class=\"wp-block-embed__wrapper\">\n<blockquote class=\"twitter-tweet\" data-width=\"550\" data-dnt=\"true\"><p lang=\"es\" dir=\"ltr\">\ud83d\udfe0 F\u00daTBOL <br><br>\u26bd La <a href=\"https:\/\/twitter.com\/ArandinaCF?ref_src=twsrc%5Etfw\">@ArandinaCF<\/a> declara el derbi frente al <a href=\"https:\/\/twitter.com\/Mirandes_B?ref_src=twsrc%5Etfw\">@Mirandes_B<\/a> partido gratuito<br><br>\u25b6\ufe0f La directiva <a href=\"https:\/\/twitter.com\/hashtag\/blanquiazul?src=hash&amp;ref_src=twsrc%5Etfw\">#blanquiazul<\/a> quiere acercar el f\u00fatbol a la ciudad en el duelo que certifique la permanencia <br><br>\u25b6\ufe0f Los de <a href=\"https:\/\/twitter.com\/danielversus_9?ref_src=twsrc%5Etfw\">@danielversus_9<\/a> se miden a una escuadra <a href=\"https:\/\/twitter.com\/hashtag\/rojilla?src=hash&amp;ref_src=twsrc%5Etfw\">#rojilla<\/a> que ocupa la 7\ufe0f\u20e3&#39;\u2026 <a href=\"https:\/\/t.co\/HQ9FiwBtve\">pic.twitter.com\/HQ9FiwBtve<\/a><\/p>&mdash; Diego A. Mart\u00edn (duerodeporte.com) (@Diegoamartin13) <a href=\"https:\/\/twitter.com\/Diegoamartin13\/status\/2049971966275191078?ref_src=twsrc%5Etfw\">April 30, 2026<\/a><\/blockquote><script async src=\"https:\/\/platform.twitter.com\/widgets.js\" charset=\"utf-8\"><\/script>\n<\/div><\/figure>\n\n\n\n<h2 class=\"wp-block-heading\">Tormentas y homenaje al campe\u00f3n David Domingo<\/h2>\n\n\n\n<p>El duelo comienza a las 18:00 horas de un s\u00e1bado con la presencia de aguaceros y<strong> tormentas<\/strong> durante buena parte de la jornada y para el inicio del partido. Un aspecto que puede condicionar el desarrollo del partido. El encuentro estar\u00e1 dirigido por el colegiado <strong>Mateo Ortega<\/strong> y en los proleg\u00f3menos del mismo, la Arandina homenajear\u00e1 al reciente campe\u00f3n de Espa\u00f1a J\u00fanior de Kickboxing, <strong>David Domingo<\/strong> (Fght Club Aranda)<\/p>\n\n\n\n<figure class=\"wp-block-embed is-type-rich is-provider-twitter wp-block-embed-twitter\"><div class=\"wp-block-embed__wrapper\">\n<blockquote class=\"twitter-tweet\" data-width=\"550\" data-dnt=\"true\"><p lang=\"es\" dir=\"ltr\">\ud83d\udfe0 ARTES MARCIALES<br><br>\ud83e\udd4a El Fight Club Aranda suma un nuevo campe\u00f3n de Espa\u00f1a de Kickboxing en <a href=\"https:\/\/twitter.com\/LaNuciaES?ref_src=twsrc%5Etfw\">@LaNuciaES<\/a><br><br>\u25b6\ufe0f El peleador arandino David Domingo llega a la final J\u00fanior Menor de -57 kilos y se impone por KO t\u00e9cnico a Diego Andr\u00e9s <br><br>\u25b6\ufe0f\ud83d\udcca Resultados <a href=\"https:\/\/twitter.com\/fekm_fekmania?ref_src=twsrc%5Etfw\">@fekm_fekmania<\/a>:\u2026 <a href=\"https:\/\/t.co\/77cI9R9ehp\">pic.twitter.com\/77cI9R9ehp<\/a><\/p>&mdash; Diego A. Mart\u00edn (duerodeporte.com) (@Diegoamartin13) <a href=\"https:\/\/twitter.com\/Diegoamartin13\/status\/2048748240191803774?ref_src=twsrc%5Etfw\">April 27, 2026<\/a><\/blockquote><script async src=\"https:\/\/platform.twitter.com\/widgets.js\" charset=\"utf-8\"><\/script>\n<\/div><\/figure>\n\n\n\n<h2 class=\"wp-block-heading\">Pendientes de Bembibre, Valladolid Promesas, Atl\u00e9tico Astorga y el Grupo IV de Segunda Federaci\u00f3n<\/h2>\n\n\n\n<p>En cuanto al resto de la 33\u00aa jornada del Campeonato para los intereses blanquiazules solo destaca un encuentro sobre el resto, el que se disputa en territorio berciano (17:00 h) El <strong><a href=\"https:\/\/www.instagram.com\/atcobembibre\/?hl=es\" type=\"link\" id=\"https:\/\/www.instagram.com\/atcobembibre\/?hl=es\">Atl\u00e9tico Bembibre<\/a> <\/strong>(<strong>14\u00ba, 31 puntos)<\/strong> recibe a un <strong><a href=\"https:\/\/www.instagram.com\/cd.becerril\/?hl=es\" type=\"link\" id=\"https:\/\/www.instagram.com\/cd.becerril\/?hl=es\">Becerril <\/a><\/strong>(<strong>15\u00ba<\/strong>, <strong>26 puntos<\/strong>) que apura sus \u00faltimas opciones para el milagro de su salvaci\u00f3n. Los dos \u00fanicos equipos que tiene opciones de permanencia absoluta teniendo en cuenta los arrastres del Segunda Federaci\u00f3n.<\/p>\n\n\n\n<p>Un partido al que habr\u00eda que mirar siempre y cuando <strong>la Arandina no gane al Mirand\u00e9s<\/strong>. En ese caso el <strong>mayor aliado de los blanquiazules ser\u00eda el triunfo de los palentinos<\/strong>. Pero la ecuaci\u00f3n se complica a\u00fan m\u00e1s si los blanquiazules pierden. Y es que si el Bembibre ganase, la Arandina deber\u00eda entonces estar pendiente de Segunda Federaci\u00f3n, con a\u00fan una jornada m\u00e1s en Tercera.<\/p>\n\n\n\n<p>Concretamente, habr\u00eda que ver que sucede el domingo (12:00 h) en la \u00faltima jornada de los<strong> <a href=\"https:\/\/marcadores.rfef.es\/pnfg\/NPcd\/NFG_VisClasificacion?cod_primaria=1000120&amp;codjornada=34&amp;codcompeticion=23289298&amp;codgrupo=23289299&amp;codjornada=34\" type=\"link\" id=\"https:\/\/marcadores.rfef.es\/pnfg\/NPcd\/NFG_VisClasificacion?cod_primaria=1000120&amp;codjornada=34&amp;codcompeticion=23289298&amp;codgrupo=23289299&amp;codjornada=34\">Grupos I<\/a> y <a href=\"https:\/\/marcadores.rfef.es\/pnfg\/NPcd\/NFG_VisClasificacion?cod_primaria=1000120&amp;codjornada=34&amp;codcompeticion=23289298&amp;codgrupo=23289302&amp;codjornada=34\" type=\"link\" id=\"https:\/\/marcadores.rfef.es\/pnfg\/NPcd\/NFG_VisClasificacion?cod_primaria=1000120&amp;codjornada=34&amp;codcompeticion=23289298&amp;codgrupo=23289302&amp;codjornada=34\">Grupo IV<\/a> de Segunda Federaci\u00f3n<\/strong> donde hasta un total de 13 equipos est\u00e1n implicados en ocupar los \u00faltimos puestos de <strong>descenso directo y play out<\/strong>. Y es ah\u00ed donde el Grupo VIII est\u00e1 pendiente de lo que suceda con <strong>Atl\u00e9tico Astorga<\/strong> y<strong> Valladolid Promesas<\/strong>. Y al mismo tiempo, si uno de los dos equipos ocupa puesto de play out saber con que puntuaci\u00f3n para quedar exento de jugarlo.<\/p>\n\n\n\n<figure class=\"wp-block-image size-large\"><img loading=\"lazy\" decoding=\"async\" width=\"1024\" height=\"718\" src=\"https:\/\/www.duerodeporte.com\/wp-content\/uploads\/2026\/05\/astorga-ultima-joranda-2-ref-1024x718.jpg\" alt=\"Clasificaci\u00f3n del Grupo I de Segunda Federaci\u00f3n a falta de una jornada para el final del Campeonato. \/ RFEF\" class=\"wp-image-17923\" srcset=\"https:\/\/www.duerodeporte.com\/wp-content\/uploads\/2026\/05\/astorga-ultima-joranda-2-ref-1024x718.jpg 1024w, https:\/\/www.duerodeporte.com\/wp-content\/uploads\/2026\/05\/astorga-ultima-joranda-2-ref-300x210.jpg 300w, https:\/\/www.duerodeporte.com\/wp-content\/uploads\/2026\/05\/astorga-ultima-joranda-2-ref-768x539.jpg 768w, https:\/\/www.duerodeporte.com\/wp-content\/uploads\/2026\/05\/astorga-ultima-joranda-2-ref-696x488.jpg 696w, https:\/\/www.duerodeporte.com\/wp-content\/uploads\/2026\/05\/astorga-ultima-joranda-2-ref-1068x749.jpg 1068w, https:\/\/www.duerodeporte.com\/wp-content\/uploads\/2026\/05\/astorga-ultima-joranda-2-ref.jpg 1163w\" sizes=\"auto, (max-width: 1024px) 100vw, 1024px\" \/><figcaption class=\"wp-element-caption\">Clasificaci\u00f3n del Grupo I de Segunda Federaci\u00f3n a falta de una jornada para el final del Campeonato. \/ RFEF<\/figcaption><\/figure>\n\n\n\n<p>Con tantos variables en juego, y <strong>si la Arandina no hace los deberes tocar\u00e1 estar pendiente del tel\u00e9fono m\u00f3vil el domingo al mediod\u00eda<\/strong>. <\/p>\n","protected":false},"excerpt":{"rendered":"<p>La Arandina decide su futuro en Tercera Federaci\u00f3n en el derbi ante el Mirand\u00e9s B. Los blanquiazules depende de ellos mismos para continuar una a\u00f1o m\u00e1s en la categor\u00eda. El [&hellip;]<\/p>\n","protected":false},"author":3,"featured_media":17917,"comment_status":"open","ping_status":"open","sticky":false,"template":"","format":"standard","meta":{"footnotes":""},"categories":[17,16,15],"tags":[43,22,26,1200,36,288,83],"class_list":["post-17915","post","type-post","status-publish","format-standard","has-post-thumbnail","category-futbol","category-destacada","category-portada","tag-aranda-de-duero","tag-arandina","tag-futbol","tag-mirandes-2","tag-rfef","tag-tercera-federacion","tag-tierras-del-duero"],"yoast_head":"<!-- This site is optimized with the Yoast SEO plugin v27.5 - https:\/\/yoast.com\/product\/yoast-seo-wordpress\/ -->\r\n<title>La salvaci\u00f3n, en la mano<\/title>\r\n<meta name=\"description\" content=\"El Deporte de Aranda y las tierras del Duero\" \/>\r\n<meta name=\"robots\" content=\"index, follow, max-snippet:-1, max-image-preview:large, max-video-preview:-1\" \/>\r\n<link rel=\"canonical\" href=\"https:\/\/www.duerodeporte.com\/index.php\/archivos\/17915\" \/>\r\n<meta property=\"og:locale\" content=\"es_ES\" \/>\r\n<meta property=\"og:type\" content=\"article\" \/>\r\n<meta property=\"og:title\" content=\"La salvaci\u00f3n, en la mano\" \/>\r\n<meta property=\"og:description\" content=\"El Deporte de Aranda y las tierras del Duero\" \/>\r\n<meta property=\"og:url\" content=\"https:\/\/www.duerodeporte.com\/index.php\/archivos\/17915\" \/>\r\n<meta property=\"og:site_name\" content=\"Duero Deporte\" \/>\r\n<meta property=\"article:publisher\" content=\"https:\/\/www.facebook.com\/61555928375028\" \/>\r\n<meta property=\"article:published_time\" content=\"2026-05-01T14:29:30+00:00\" \/>\r\n<meta property=\"article:modified_time\" content=\"2026-05-01T16:55:53+00:00\" \/>\r\n<meta property=\"og:image\" content=\"https:\/\/www.duerodeporte.com\/wp-content\/uploads\/2026\/05\/somosAFIR-abr-29-2026-10_2-scaled.jpg\" \/>\r\n\t<meta property=\"og:image:width\" content=\"2560\" \/>\r\n\t<meta property=\"og:image:height\" content=\"1378\" \/>\r\n\t<meta property=\"og:image:type\" content=\"image\/jpeg\" \/>\r\n<meta name=\"author\" content=\"Diego A. Mart\u00edn\" \/>\r\n<meta name=\"twitter:card\" content=\"summary_large_image\" \/>\r\n<meta name=\"twitter:creator\" content=\"@Diegoamartin13\" \/>\r\n<meta name=\"twitter:site\" content=\"@Diegoamartin13\" \/>\r\n<meta name=\"twitter:label1\" content=\"Escrito por\" \/>\n\t<meta name=\"twitter:data1\" content=\"Diego A. Mart\u00edn\" \/>\n\t<meta name=\"twitter:label2\" content=\"Tiempo de lectura\" \/>\n\t<meta name=\"twitter:data2\" content=\"4 minutos\" \/>\r\n<script type=\"application\/ld+json\" class=\"yoast-schema-graph\">{\"@context\":\"https:\\\/\\\/schema.org\",\"@graph\":[{\"@type\":[\"Article\",\"SocialMediaPosting\"],\"@id\":\"https:\\\/\\\/www.duerodeporte.com\\\/index.php\\\/archivos\\\/17915#article\",\"isPartOf\":{\"@id\":\"https:\\\/\\\/www.duerodeporte.com\\\/index.php\\\/archivos\\\/17915\"},\"author\":{\"name\":\"Diego A. Mart\u00edn\",\"@id\":\"https:\\\/\\\/www.duerodeporte.com\\\/#\\\/schema\\\/person\\\/5f3368966f635b5ae0d23ffaf7a7f894\"},\"headline\":\"La salvaci\u00f3n, en la mano\",\"datePublished\":\"2026-05-01T14:29:30+00:00\",\"dateModified\":\"2026-05-01T16:55:53+00:00\",\"mainEntityOfPage\":{\"@id\":\"https:\\\/\\\/www.duerodeporte.com\\\/index.php\\\/archivos\\\/17915\"},\"wordCount\":665,\"commentCount\":0,\"publisher\":{\"@id\":\"https:\\\/\\\/www.duerodeporte.com\\\/#organization\"},\"image\":{\"@id\":\"https:\\\/\\\/www.duerodeporte.com\\\/index.php\\\/archivos\\\/17915#primaryimage\"},\"thumbnailUrl\":\"https:\\\/\\\/www.duerodeporte.com\\\/wp-content\\\/uploads\\\/2026\\\/05\\\/somosAFIR-abr-29-2026-10_2-scaled.jpg\",\"keywords\":[\"aranda de duero\",\"arandina\",\"f\u00fatbol\",\"Mirandes\",\"RFEF\",\"Tercera Federaci\u00f3n\",\"tierras del duero\"],\"articleSection\":[\"FUTBOL\",\"z_DESTACADA\",\"z_PORTADA\"],\"inLanguage\":\"es\",\"potentialAction\":[{\"@type\":\"CommentAction\",\"name\":\"Comment\",\"target\":[\"https:\\\/\\\/www.duerodeporte.com\\\/index.php\\\/archivos\\\/17915#respond\"]}]},{\"@type\":[\"WebPage\",\"ItemPage\"],\"@id\":\"https:\\\/\\\/www.duerodeporte.com\\\/index.php\\\/archivos\\\/17915\",\"url\":\"https:\\\/\\\/www.duerodeporte.com\\\/index.php\\\/archivos\\\/17915\",\"name\":\"La salvaci\u00f3n, en la mano\",\"isPartOf\":{\"@id\":\"https:\\\/\\\/www.duerodeporte.com\\\/#website\"},\"primaryImageOfPage\":{\"@id\":\"https:\\\/\\\/www.duerodeporte.com\\\/index.php\\\/archivos\\\/17915#primaryimage\"},\"image\":{\"@id\":\"https:\\\/\\\/www.duerodeporte.com\\\/index.php\\\/archivos\\\/17915#primaryimage\"},\"thumbnailUrl\":\"https:\\\/\\\/www.duerodeporte.com\\\/wp-content\\\/uploads\\\/2026\\\/05\\\/somosAFIR-abr-29-2026-10_2-scaled.jpg\",\"datePublished\":\"2026-05-01T14:29:30+00:00\",\"dateModified\":\"2026-05-01T16:55:53+00:00\",\"description\":\"El Deporte de Aranda y las tierras del Duero\",\"breadcrumb\":{\"@id\":\"https:\\\/\\\/www.duerodeporte.com\\\/index.php\\\/archivos\\\/17915#breadcrumb\"},\"inLanguage\":\"es\",\"potentialAction\":[{\"@type\":\"ReadAction\",\"target\":[\"https:\\\/\\\/www.duerodeporte.com\\\/index.php\\\/archivos\\\/17915\"]}]},{\"@type\":\"ImageObject\",\"inLanguage\":\"es\",\"@id\":\"https:\\\/\\\/www.duerodeporte.com\\\/index.php\\\/archivos\\\/17915#primaryimage\",\"url\":\"https:\\\/\\\/www.duerodeporte.com\\\/wp-content\\\/uploads\\\/2026\\\/05\\\/somosAFIR-abr-29-2026-10_2-scaled.jpg\",\"contentUrl\":\"https:\\\/\\\/www.duerodeporte.com\\\/wp-content\\\/uploads\\\/2026\\\/05\\\/somosAFIR-abr-29-2026-10_2-scaled.jpg\",\"width\":2560,\"height\":1378,\"caption\":\"Guille y Menor durante la semana de entrenamientos en Los Anexos. \\\/ somos AFIR\"},{\"@type\":\"BreadcrumbList\",\"@id\":\"https:\\\/\\\/www.duerodeporte.com\\\/index.php\\\/archivos\\\/17915#breadcrumb\",\"itemListElement\":[{\"@type\":\"ListItem\",\"position\":1,\"name\":\"Portada\",\"item\":\"https:\\\/\\\/www.duerodeporte.com\\\/\"},{\"@type\":\"ListItem\",\"position\":2,\"name\":\"La salvaci\u00f3n, en la mano\"}]},{\"@type\":\"WebSite\",\"@id\":\"https:\\\/\\\/www.duerodeporte.com\\\/#website\",\"url\":\"https:\\\/\\\/www.duerodeporte.com\\\/\",\"name\":\"Duero Deporte\",\"description\":\"El Deporte de Aranda y las tierras del Duero\",\"publisher\":{\"@id\":\"https:\\\/\\\/www.duerodeporte.com\\\/#organization\"},\"alternateName\":\"El Deporte de Aranda y las tierras del Duero\",\"potentialAction\":[{\"@type\":\"SearchAction\",\"target\":{\"@type\":\"EntryPoint\",\"urlTemplate\":\"https:\\\/\\\/www.duerodeporte.com\\\/?s={search_term_string}\"},\"query-input\":{\"@type\":\"PropertyValueSpecification\",\"valueRequired\":true,\"valueName\":\"search_term_string\"}}],\"inLanguage\":\"es\"},{\"@type\":\"Organization\",\"@id\":\"https:\\\/\\\/www.duerodeporte.com\\\/#organization\",\"name\":\"Duero Deporte\",\"alternateName\":\"El Deporte de Aranda y las tierras del Duero\",\"url\":\"https:\\\/\\\/www.duerodeporte.com\\\/\",\"logo\":{\"@type\":\"ImageObject\",\"inLanguage\":\"es\",\"@id\":\"https:\\\/\\\/www.duerodeporte.com\\\/#\\\/schema\\\/logo\\\/image\\\/\",\"url\":\"https:\\\/\\\/www.duerodeporte.com\\\/wp-content\\\/uploads\\\/2023\\\/11\\\/A.ColorSinFondo-e1708011627555.png\",\"contentUrl\":\"https:\\\/\\\/www.duerodeporte.com\\\/wp-content\\\/uploads\\\/2023\\\/11\\\/A.ColorSinFondo-e1708011627555.png\",\"width\":750,\"height\":132,\"caption\":\"Duero Deporte\"},\"image\":{\"@id\":\"https:\\\/\\\/www.duerodeporte.com\\\/#\\\/schema\\\/logo\\\/image\\\/\"},\"sameAs\":[\"https:\\\/\\\/www.facebook.com\\\/61555928375028\",\"https:\\\/\\\/x.com\\\/Diegoamartin13\",\"https:\\\/\\\/www.youtube.com\\\/channel\\\/UCxIGQL8b9gmW-NjaChabCdA\"]},{\"@type\":\"Person\",\"@id\":\"https:\\\/\\\/www.duerodeporte.com\\\/#\\\/schema\\\/person\\\/5f3368966f635b5ae0d23ffaf7a7f894\",\"name\":\"Diego A. Mart\u00edn\",\"image\":{\"@type\":\"ImageObject\",\"inLanguage\":\"es\",\"@id\":\"https:\\\/\\\/www.duerodeporte.com\\\/wp-content\\\/uploads\\\/2024\\\/01\\\/Diego2-e1706522808572-150x150.jpeg\",\"url\":\"https:\\\/\\\/www.duerodeporte.com\\\/wp-content\\\/uploads\\\/2024\\\/01\\\/Diego2-e1706522808572-150x150.jpeg\",\"contentUrl\":\"https:\\\/\\\/www.duerodeporte.com\\\/wp-content\\\/uploads\\\/2024\\\/01\\\/Diego2-e1706522808572-150x150.jpeg\",\"caption\":\"Diego A. Mart\u00edn\"},\"url\":\"https:\\\/\\\/www.duerodeporte.com\\\/index.php\\\/archivos\\\/author\\\/diego\"}]}<\/script>\r\n<!-- \/ Yoast SEO plugin. -->","yoast_head_json":{"title":"La salvaci\u00f3n, en la mano","description":"El Deporte de Aranda y las tierras del Duero","robots":{"index":"index","follow":"follow","max-snippet":"max-snippet:-1","max-image-preview":"max-image-preview:large","max-video-preview":"max-video-preview:-1"},"canonical":"https:\/\/www.duerodeporte.com\/index.php\/archivos\/17915","og_locale":"es_ES","og_type":"article","og_title":"La salvaci\u00f3n, en la mano","og_description":"El Deporte de Aranda y las tierras del Duero","og_url":"https:\/\/www.duerodeporte.com\/index.php\/archivos\/17915","og_site_name":"Duero Deporte","article_publisher":"https:\/\/www.facebook.com\/61555928375028","article_published_time":"2026-05-01T14:29:30+00:00","article_modified_time":"2026-05-01T16:55:53+00:00","og_image":[{"width":2560,"height":1378,"url":"https:\/\/www.duerodeporte.com\/wp-content\/uploads\/2026\/05\/somosAFIR-abr-29-2026-10_2-scaled.jpg","type":"image\/jpeg"}],"author":"Diego A. Mart\u00edn","twitter_card":"summary_large_image","twitter_creator":"@Diegoamartin13","twitter_site":"@Diegoamartin13","twitter_misc":{"Escrito por":"Diego A. Mart\u00edn","Tiempo de lectura":"4 minutos"},"schema":{"@context":"https:\/\/schema.org","@graph":[{"@type":["Article","SocialMediaPosting"],"@id":"https:\/\/www.duerodeporte.com\/index.php\/archivos\/17915#article","isPartOf":{"@id":"https:\/\/www.duerodeporte.com\/index.php\/archivos\/17915"},"author":{"name":"Diego A. Mart\u00edn","@id":"https:\/\/www.duerodeporte.com\/#\/schema\/person\/5f3368966f635b5ae0d23ffaf7a7f894"},"headline":"La salvaci\u00f3n, en la mano","datePublished":"2026-05-01T14:29:30+00:00","dateModified":"2026-05-01T16:55:53+00:00","mainEntityOfPage":{"@id":"https:\/\/www.duerodeporte.com\/index.php\/archivos\/17915"},"wordCount":665,"commentCount":0,"publisher":{"@id":"https:\/\/www.duerodeporte.com\/#organization"},"image":{"@id":"https:\/\/www.duerodeporte.com\/index.php\/archivos\/17915#primaryimage"},"thumbnailUrl":"https:\/\/www.duerodeporte.com\/wp-content\/uploads\/2026\/05\/somosAFIR-abr-29-2026-10_2-scaled.jpg","keywords":["aranda de duero","arandina","f\u00fatbol","Mirandes","RFEF","Tercera Federaci\u00f3n","tierras del duero"],"articleSection":["FUTBOL","z_DESTACADA","z_PORTADA"],"inLanguage":"es","potentialAction":[{"@type":"CommentAction","name":"Comment","target":["https:\/\/www.duerodeporte.com\/index.php\/archivos\/17915#respond"]}]},{"@type":["WebPage","ItemPage"],"@id":"https:\/\/www.duerodeporte.com\/index.php\/archivos\/17915","url":"https:\/\/www.duerodeporte.com\/index.php\/archivos\/17915","name":"La salvaci\u00f3n, en la mano","isPartOf":{"@id":"https:\/\/www.duerodeporte.com\/#website"},"primaryImageOfPage":{"@id":"https:\/\/www.duerodeporte.com\/index.php\/archivos\/17915#primaryimage"},"image":{"@id":"https:\/\/www.duerodeporte.com\/index.php\/archivos\/17915#primaryimage"},"thumbnailUrl":"https:\/\/www.duerodeporte.com\/wp-content\/uploads\/2026\/05\/somosAFIR-abr-29-2026-10_2-scaled.jpg","datePublished":"2026-05-01T14:29:30+00:00","dateModified":"2026-05-01T16:55:53+00:00","description":"El Deporte de Aranda y las tierras del Duero","breadcrumb":{"@id":"https:\/\/www.duerodeporte.com\/index.php\/archivos\/17915#breadcrumb"},"inLanguage":"es","potentialAction":[{"@type":"ReadAction","target":["https:\/\/www.duerodeporte.com\/index.php\/archivos\/17915"]}]},{"@type":"ImageObject","inLanguage":"es","@id":"https:\/\/www.duerodeporte.com\/index.php\/archivos\/17915#primaryimage","url":"https:\/\/www.duerodeporte.com\/wp-content\/uploads\/2026\/05\/somosAFIR-abr-29-2026-10_2-scaled.jpg","contentUrl":"https:\/\/www.duerodeporte.com\/wp-content\/uploads\/2026\/05\/somosAFIR-abr-29-2026-10_2-scaled.jpg","width":2560,"height":1378,"caption":"Guille y Menor durante la semana de entrenamientos en Los Anexos. \/ somos AFIR"},{"@type":"BreadcrumbList","@id":"https:\/\/www.duerodeporte.com\/index.php\/archivos\/17915#breadcrumb","itemListElement":[{"@type":"ListItem","position":1,"name":"Portada","item":"https:\/\/www.duerodeporte.com\/"},{"@type":"ListItem","position":2,"name":"La salvaci\u00f3n, en la mano"}]},{"@type":"WebSite","@id":"https:\/\/www.duerodeporte.com\/#website","url":"https:\/\/www.duerodeporte.com\/","name":"Duero Deporte","description":"El Deporte de Aranda y las tierras del Duero","publisher":{"@id":"https:\/\/www.duerodeporte.com\/#organization"},"alternateName":"El Deporte de Aranda y las tierras del Duero","potentialAction":[{"@type":"SearchAction","target":{"@type":"EntryPoint","urlTemplate":"https:\/\/www.duerodeporte.com\/?s={search_term_string}"},"query-input":{"@type":"PropertyValueSpecification","valueRequired":true,"valueName":"search_term_string"}}],"inLanguage":"es"},{"@type":"Organization","@id":"https:\/\/www.duerodeporte.com\/#organization","name":"Duero Deporte","alternateName":"El Deporte de Aranda y las tierras del Duero","url":"https:\/\/www.duerodeporte.com\/","logo":{"@type":"ImageObject","inLanguage":"es","@id":"https:\/\/www.duerodeporte.com\/#\/schema\/logo\/image\/","url":"https:\/\/www.duerodeporte.com\/wp-content\/uploads\/2023\/11\/A.ColorSinFondo-e1708011627555.png","contentUrl":"https:\/\/www.duerodeporte.com\/wp-content\/uploads\/2023\/11\/A.ColorSinFondo-e1708011627555.png","width":750,"height":132,"caption":"Duero Deporte"},"image":{"@id":"https:\/\/www.duerodeporte.com\/#\/schema\/logo\/image\/"},"sameAs":["https:\/\/www.facebook.com\/61555928375028","https:\/\/x.com\/Diegoamartin13","https:\/\/www.youtube.com\/channel\/UCxIGQL8b9gmW-NjaChabCdA"]},{"@type":"Person","@id":"https:\/\/www.duerodeporte.com\/#\/schema\/person\/5f3368966f635b5ae0d23ffaf7a7f894","name":"Diego A. Mart\u00edn","image":{"@type":"ImageObject","inLanguage":"es","@id":"https:\/\/www.duerodeporte.com\/wp-content\/uploads\/2024\/01\/Diego2-e1706522808572-150x150.jpeg","url":"https:\/\/www.duerodeporte.com\/wp-content\/uploads\/2024\/01\/Diego2-e1706522808572-150x150.jpeg","contentUrl":"https:\/\/www.duerodeporte.com\/wp-content\/uploads\/2024\/01\/Diego2-e1706522808572-150x150.jpeg","caption":"Diego A. Mart\u00edn"},"url":"https:\/\/www.duerodeporte.com\/index.php\/archivos\/author\/diego"}]}},"views":48,"_links":{"self":[{"href":"https:\/\/www.duerodeporte.com\/index.php\/wp-json\/wp\/v2\/posts\/17915","targetHints":{"allow":["GET"]}}],"collection":[{"href":"https:\/\/www.duerodeporte.com\/index.php\/wp-json\/wp\/v2\/posts"}],"about":[{"href":"https:\/\/www.duerodeporte.com\/index.php\/wp-json\/wp\/v2\/types\/post"}],"author":[{"embeddable":true,"href":"https:\/\/www.duerodeporte.com\/index.php\/wp-json\/wp\/v2\/users\/3"}],"replies":[{"embeddable":true,"href":"https:\/\/www.duerodeporte.com\/index.php\/wp-json\/wp\/v2\/comments?post=17915"}],"version-history":[{"count":6,"href":"https:\/\/www.duerodeporte.com\/index.php\/wp-json\/wp\/v2\/posts\/17915\/revisions"}],"predecessor-version":[{"id":17924,"href":"https:\/\/www.duerodeporte.com\/index.php\/wp-json\/wp\/v2\/posts\/17915\/revisions\/17924"}],"wp:featuredmedia":[{"embeddable":true,"href":"https:\/\/www.duerodeporte.com\/index.php\/wp-json\/wp\/v2\/media\/17917"}],"wp:attachment":[{"href":"https:\/\/www.duerodeporte.com\/index.php\/wp-json\/wp\/v2\/media?parent=17915"}],"wp:term":[{"taxonomy":"category","embeddable":true,"href":"https:\/\/www.duerodeporte.com\/index.php\/wp-json\/wp\/v2\/categories?post=17915"},{"taxonomy":"post_tag","embeddable":true,"href":"https:\/\/www.duerodeporte.com\/index.php\/wp-json\/wp\/v2\/tags?post=17915"}],"curies":[{"name":"wp","href":"https:\/\/api.w.org\/{rel}","templated":true}]}}