{"id":17925,"date":"2026-05-02T00:14:27","date_gmt":"2026-05-01T23:14:27","guid":{"rendered":"https:\/\/www.duerodeporte.com\/?p=17925"},"modified":"2026-05-02T11:13:28","modified_gmt":"2026-05-02T10:13:28","slug":"visita-amarilla-a-artaleku","status":"publish","type":"post","link":"https:\/\/www.duerodeporte.com\/index.php\/archivos\/17925","title":{"rendered":"Visita amarilla a Artaleku"},"content":{"rendered":"\n<h2 class=\"wp-block-heading\">Villa de Aranda afronta este s\u00e1bado (16:30 h) la 27&#8242; jornada frente a Bidasoa Ir\u00fan. M\u00e1rquez pierde al capit\u00e1n Pino lesionado est\u00e1 misma semana. El equipo quiere seguir demostrando que es capaz de competir con cualquiera como ya demostr\u00f3 ante Granollers. Los arandinos no han ganado nunca en Artaleku tras cuatro visitas realizadas<\/h2>\n\n\n\n<p><strong><a href=\"https:\/\/www.bmvilladearanda.com\/\" type=\"link\" id=\"https:\/\/www.bmvilladearanda.com\/\">Tubos Aranda Villa de Aranda<\/a><\/strong> (11\u00ba, 19 puntos) disputa este s\u00e1bado (16:30 h) la 27&#8242; jornada de Liga NEXUS Energ\u00eda ASOBAL frente a <strong><a href=\"https:\/\/www.cdbidasoa.eus\/\" type=\"link\" id=\"https:\/\/www.cdbidasoa.eus\/\">Bidasoa Ir\u00fan<\/a><\/strong> (4\u00ba, 43 puntos) en Artaleku. Los amarillos tienen ante s\u00ed otra oportunidad de demostrar su gran estado de forma.<\/p>\n\n\n\n<figure class=\"wp-block-image size-large\"><img loading=\"lazy\" decoding=\"async\" width=\"1024\" height=\"234\" src=\"https:\/\/www.duerodeporte.com\/wp-content\/uploads\/2025\/07\/LaVilla-1024x234.jpeg\" alt=\"\" class=\"wp-image-12898\" srcset=\"https:\/\/www.duerodeporte.com\/wp-content\/uploads\/2025\/07\/LaVilla-1024x234.jpeg 1024w, https:\/\/www.duerodeporte.com\/wp-content\/uploads\/2025\/07\/LaVilla-300x68.jpeg 300w, https:\/\/www.duerodeporte.com\/wp-content\/uploads\/2025\/07\/LaVilla-768x175.jpeg 768w, https:\/\/www.duerodeporte.com\/wp-content\/uploads\/2025\/07\/LaVilla-1536x350.jpeg 1536w, https:\/\/www.duerodeporte.com\/wp-content\/uploads\/2025\/07\/LaVilla-696x159.jpeg 696w, https:\/\/www.duerodeporte.com\/wp-content\/uploads\/2025\/07\/LaVilla-1068x244.jpeg 1068w, https:\/\/www.duerodeporte.com\/wp-content\/uploads\/2025\/07\/LaVilla.jpeg 1600w\" sizes=\"auto, (max-width: 1024px) 100vw, 1024px\" \/><\/figure>\n\n\n\n<p>El duelo llega tras la importante victoria ante Granollers en el Santiago Mangu\u00e1n. Con 19 puntos y cuatro jornadas por delante, <strong>la salvaci\u00f3n virtual est\u00e1 en la mano<\/strong>. Mientras los irundarras llegan al duelo en puesto europeos tras cinco partidos resueltos con satisfacci\u00f3n -cuatro victorias y un empate-. <\/p>\n\n\n\n<p>Una de las malas noticias del choque se produc\u00eda a lo largo de la semana con la lesi\u00f3n del capit\u00e1n amarillo, <strong>V\u00edctor Meg\u00edas<\/strong>. El extremo sufre una <strong>posible rotura fibrilar en uno de sus gemelos<\/strong>. Las pruebas m\u00e9dicas de los pr\u00f3ximos d\u00edas dictaminar\u00e1 el alcance real de la lesi\u00f3n y si Megias ha dicho adi\u00f3s a la temporada o no.<\/p>\n\n\n\n<figure class=\"wp-block-embed is-type-rich is-provider-twitter wp-block-embed-twitter\"><div class=\"wp-block-embed__wrapper\">\n<blockquote class=\"twitter-tweet\" data-width=\"550\" data-dnt=\"true\"><p lang=\"es\" dir=\"ltr\">\ud83d\udfe0 BALONMANO<br><br>\ud83e\udd3e\ud83c\udffb\u200d\u2642\ufe0f El capit\u00e1n de <a href=\"https:\/\/twitter.com\/hashtag\/TubosAranda?src=hash&amp;ref_src=twsrc%5Etfw\">#TubosAranda<\/a> <a href=\"https:\/\/twitter.com\/bmvillaaranda?ref_src=twsrc%5Etfw\">@bmvillaaranda<\/a>, <a href=\"https:\/\/twitter.com\/victormegias19?ref_src=twsrc%5Etfw\">@victormegias19<\/a>, sufre una lesi\u00f3n en el gemelo<br><br>\u25b6\ufe0f El extremo arandino, pendiente de pruebas m\u00e9dicas que descarten cualquier tipo de posible rotura fibrilar <br><br>\u25b6\ufe0f El extremo est\u00e1 descartado para el duelo ante\u2026 <a href=\"https:\/\/t.co\/lIpsDXJMZt\">pic.twitter.com\/lIpsDXJMZt<\/a><\/p>&mdash; Diego A. Mart\u00edn (duerodeporte.com) (@Diegoamartin13) <a href=\"https:\/\/twitter.com\/Diegoamartin13\/status\/2050146757833601343?ref_src=twsrc%5Etfw\">May 1, 2026<\/a><\/blockquote><script async src=\"https:\/\/platform.twitter.com\/widgets.js\" charset=\"utf-8\"><\/script>\n<\/div><\/figure>\n\n\n\n<p>Del lado bidasotarra, el t\u00e9cnico<strong> \u00c1lex Mozas<\/strong> afirma que el Villa de Aranda <strong><em>\u00abes el equipo que m\u00e1s variedad tiene en los inicios de ataque, y eso nos puede confundir mucho\u00bb<\/em><\/strong>. Algo contra lo que los irundarras deber\u00e1n \u00abguiarnos por sus intenciones ofensivas, m\u00e1s que por el inicio de las jugadas\u00bb.<\/p>\n\n\n\n<h2 class=\"wp-block-heading\">La afici\u00f3n amarilla en Ir\u00fan<\/h2>\n\n\n\n<p>El partido contar\u00e1 de nuevo con aficionados arandinos en las gradas tras el <strong>viaje organizado por el club<\/strong> aprovechando el puente del 1\u00ba de mayo. Gran noticia para un partido en una de las m\u00edticas canchas del balonmano espa\u00f1ol.<\/p>\n\n\n\n<p>Con arbitraje de la pareja formada por <strong>Yon Bustamante <\/strong>y<strong> Javier \u00c1lvarez<\/strong> el duelo comienza a las 18:30 horas en Artaleku. <strong>La permanencia amarilla est\u00e1 en juego<\/strong>.<\/p>\n\n\n\n<h2 class=\"wp-block-heading\">Resto de la jornada por la salvaci\u00f3n<\/h2>\n\n\n\n<p>En cuenta al resto de rivales de los amarillos por lograr la permanencia, la escuadra amarilla iniciar\u00e1 el encuentro saberdora de las derrotas de un <strong>Guadalajara<\/strong>, <strong>desahuciado<\/strong>, y un <strong>Huesca <\/strong>que <strong>sigue creyendo<\/strong>. Victoria oscense ante los alcarre\u00f1os por 29-24. Adem\u00e1s, <strong>Cangas perd\u00eda en Granollers<\/strong> (33-25)<\/p>\n\n\n\n<p>Mientras, <strong>Puente Genil<\/strong> y <strong>Nava <\/strong>jugar\u00e1n m\u00e1s tarde. Los andaluces reciben a EON Alicante (19:30 h) mientras Nava recibe a Torrelavega (20:30 h) Tras la 27\u00aa jornada restar\u00e1n tres m\u00e1s para el final todo est\u00e1 por decidirse.<\/p>\n","protected":false},"excerpt":{"rendered":"<p>Villa de Aranda afronta este s\u00e1bado (16:30 h) la 27&#8242; jornada frente a Bidasoa Ir\u00fan. M\u00e1rquez pierde al capit\u00e1n Pino lesionado est\u00e1 misma semana. El equipo quiere seguir demostrando que [&hellip;]<\/p>\n","protected":false},"author":3,"featured_media":17930,"comment_status":"open","ping_status":"open","sticky":false,"template":"","format":"standard","meta":{"footnotes":""},"categories":[18,15],"tags":[43,177,27,831,40,83,28],"class_list":["post-17925","post","type-post","status-publish","format-standard","has-post-thumbnail","category-balonmano","category-portada","tag-aranda-de-duero","tag-asobal","tag-balonmano","tag-irun","tag-rfebm","tag-tierras-del-duero","tag-villa-de-aranda"],"yoast_head":"<!-- This site is optimized with the Yoast SEO plugin v27.5 - https:\/\/yoast.com\/product\/yoast-seo-wordpress\/ -->\r\n<title>Visita amarilla a Artaleku<\/title>\r\n<meta name=\"description\" content=\"El Deporte de Aranda y las tierras del Duero\" \/>\r\n<meta name=\"robots\" content=\"index, follow, max-snippet:-1, max-image-preview:large, max-video-preview:-1\" \/>\r\n<link rel=\"canonical\" href=\"https:\/\/www.duerodeporte.com\/index.php\/archivos\/17925\" \/>\r\n<meta property=\"og:locale\" content=\"es_ES\" \/>\r\n<meta property=\"og:type\" content=\"article\" \/>\r\n<meta property=\"og:title\" content=\"Visita amarilla a Artaleku\" \/>\r\n<meta property=\"og:description\" content=\"El Deporte de Aranda y las tierras del Duero\" \/>\r\n<meta property=\"og:url\" content=\"https:\/\/www.duerodeporte.com\/index.php\/archivos\/17925\" \/>\r\n<meta property=\"og:site_name\" content=\"Duero Deporte\" \/>\r\n<meta property=\"article:publisher\" content=\"https:\/\/www.facebook.com\/61555928375028\" \/>\r\n<meta property=\"article:published_time\" content=\"2026-05-01T23:14:27+00:00\" \/>\r\n<meta property=\"article:modified_time\" content=\"2026-05-02T10:13:28+00:00\" \/>\r\n<meta property=\"og:image\" content=\"https:\/\/www.duerodeporte.com\/wp-content\/uploads\/2026\/05\/IMG-20260502-WA0000-e1777716795462.jpg\" \/>\r\n\t<meta property=\"og:image:width\" content=\"2040\" \/>\r\n\t<meta property=\"og:image:height\" content=\"1112\" \/>\r\n\t<meta property=\"og:image:type\" content=\"image\/jpeg\" \/>\r\n<meta name=\"author\" content=\"Diego A. Mart\u00edn\" \/>\r\n<meta name=\"twitter:card\" content=\"summary_large_image\" \/>\r\n<meta name=\"twitter:creator\" content=\"@Diegoamartin13\" \/>\r\n<meta name=\"twitter:site\" content=\"@Diegoamartin13\" \/>\r\n<meta name=\"twitter:label1\" content=\"Escrito por\" \/>\n\t<meta name=\"twitter:data1\" content=\"Diego A. Mart\u00edn\" \/>\n\t<meta name=\"twitter:label2\" content=\"Tiempo de lectura\" \/>\n\t<meta name=\"twitter:data2\" content=\"3 minutos\" \/>\r\n<script type=\"application\/ld+json\" class=\"yoast-schema-graph\">{\"@context\":\"https:\\\/\\\/schema.org\",\"@graph\":[{\"@type\":[\"Article\",\"SocialMediaPosting\"],\"@id\":\"https:\\\/\\\/www.duerodeporte.com\\\/index.php\\\/archivos\\\/17925#article\",\"isPartOf\":{\"@id\":\"https:\\\/\\\/www.duerodeporte.com\\\/index.php\\\/archivos\\\/17925\"},\"author\":{\"name\":\"Diego A. Mart\u00edn\",\"@id\":\"https:\\\/\\\/www.duerodeporte.com\\\/#\\\/schema\\\/person\\\/5f3368966f635b5ae0d23ffaf7a7f894\"},\"headline\":\"Visita amarilla a Artaleku\",\"datePublished\":\"2026-05-01T23:14:27+00:00\",\"dateModified\":\"2026-05-02T10:13:28+00:00\",\"mainEntityOfPage\":{\"@id\":\"https:\\\/\\\/www.duerodeporte.com\\\/index.php\\\/archivos\\\/17925\"},\"wordCount\":448,\"commentCount\":0,\"publisher\":{\"@id\":\"https:\\\/\\\/www.duerodeporte.com\\\/#organization\"},\"image\":{\"@id\":\"https:\\\/\\\/www.duerodeporte.com\\\/index.php\\\/archivos\\\/17925#primaryimage\"},\"thumbnailUrl\":\"https:\\\/\\\/www.duerodeporte.com\\\/wp-content\\\/uploads\\\/2026\\\/05\\\/IMG-20260502-WA0000-e1777716795462.jpg\",\"keywords\":[\"aranda de duero\",\"Asobal\",\"balonmano\",\"Ir\u00fan\",\"Rfebm\",\"tierras del duero\",\"Villa de Aranda\"],\"articleSection\":[\"BALONMANO\",\"z_PORTADA\"],\"inLanguage\":\"es\",\"potentialAction\":[{\"@type\":\"CommentAction\",\"name\":\"Comment\",\"target\":[\"https:\\\/\\\/www.duerodeporte.com\\\/index.php\\\/archivos\\\/17925#respond\"]}]},{\"@type\":[\"WebPage\",\"ItemPage\"],\"@id\":\"https:\\\/\\\/www.duerodeporte.com\\\/index.php\\\/archivos\\\/17925\",\"url\":\"https:\\\/\\\/www.duerodeporte.com\\\/index.php\\\/archivos\\\/17925\",\"name\":\"Visita amarilla a Artaleku\",\"isPartOf\":{\"@id\":\"https:\\\/\\\/www.duerodeporte.com\\\/#website\"},\"primaryImageOfPage\":{\"@id\":\"https:\\\/\\\/www.duerodeporte.com\\\/index.php\\\/archivos\\\/17925#primaryimage\"},\"image\":{\"@id\":\"https:\\\/\\\/www.duerodeporte.com\\\/index.php\\\/archivos\\\/17925#primaryimage\"},\"thumbnailUrl\":\"https:\\\/\\\/www.duerodeporte.com\\\/wp-content\\\/uploads\\\/2026\\\/05\\\/IMG-20260502-WA0000-e1777716795462.jpg\",\"datePublished\":\"2026-05-01T23:14:27+00:00\",\"dateModified\":\"2026-05-02T10:13:28+00:00\",\"description\":\"El Deporte de Aranda y las tierras del Duero\",\"breadcrumb\":{\"@id\":\"https:\\\/\\\/www.duerodeporte.com\\\/index.php\\\/archivos\\\/17925#breadcrumb\"},\"inLanguage\":\"es\",\"potentialAction\":[{\"@type\":\"ReadAction\",\"target\":[\"https:\\\/\\\/www.duerodeporte.com\\\/index.php\\\/archivos\\\/17925\"]}]},{\"@type\":\"ImageObject\",\"inLanguage\":\"es\",\"@id\":\"https:\\\/\\\/www.duerodeporte.com\\\/index.php\\\/archivos\\\/17925#primaryimage\",\"url\":\"https:\\\/\\\/www.duerodeporte.com\\\/wp-content\\\/uploads\\\/2026\\\/05\\\/IMG-20260502-WA0000-e1777716795462.jpg\",\"contentUrl\":\"https:\\\/\\\/www.duerodeporte.com\\\/wp-content\\\/uploads\\\/2026\\\/05\\\/IMG-20260502-WA0000-e1777716795462.jpg\",\"width\":2040,\"height\":1112,\"caption\":\"Imagen del partido de la primera vuelta entre ambas escuadras en el Santiago Mangu\u00e1n. \\\/ DUERO Deporte\"},{\"@type\":\"BreadcrumbList\",\"@id\":\"https:\\\/\\\/www.duerodeporte.com\\\/index.php\\\/archivos\\\/17925#breadcrumb\",\"itemListElement\":[{\"@type\":\"ListItem\",\"position\":1,\"name\":\"Portada\",\"item\":\"https:\\\/\\\/www.duerodeporte.com\\\/\"},{\"@type\":\"ListItem\",\"position\":2,\"name\":\"Visita amarilla a Artaleku\"}]},{\"@type\":\"WebSite\",\"@id\":\"https:\\\/\\\/www.duerodeporte.com\\\/#website\",\"url\":\"https:\\\/\\\/www.duerodeporte.com\\\/\",\"name\":\"Duero Deporte\",\"description\":\"El Deporte de Aranda y las tierras del Duero\",\"publisher\":{\"@id\":\"https:\\\/\\\/www.duerodeporte.com\\\/#organization\"},\"alternateName\":\"El Deporte de Aranda y las tierras del Duero\",\"potentialAction\":[{\"@type\":\"SearchAction\",\"target\":{\"@type\":\"EntryPoint\",\"urlTemplate\":\"https:\\\/\\\/www.duerodeporte.com\\\/?s={search_term_string}\"},\"query-input\":{\"@type\":\"PropertyValueSpecification\",\"valueRequired\":true,\"valueName\":\"search_term_string\"}}],\"inLanguage\":\"es\"},{\"@type\":\"Organization\",\"@id\":\"https:\\\/\\\/www.duerodeporte.com\\\/#organization\",\"name\":\"Duero Deporte\",\"alternateName\":\"El Deporte de Aranda y las tierras del Duero\",\"url\":\"https:\\\/\\\/www.duerodeporte.com\\\/\",\"logo\":{\"@type\":\"ImageObject\",\"inLanguage\":\"es\",\"@id\":\"https:\\\/\\\/www.duerodeporte.com\\\/#\\\/schema\\\/logo\\\/image\\\/\",\"url\":\"https:\\\/\\\/www.duerodeporte.com\\\/wp-content\\\/uploads\\\/2023\\\/11\\\/A.ColorSinFondo-e1708011627555.png\",\"contentUrl\":\"https:\\\/\\\/www.duerodeporte.com\\\/wp-content\\\/uploads\\\/2023\\\/11\\\/A.ColorSinFondo-e1708011627555.png\",\"width\":750,\"height\":132,\"caption\":\"Duero Deporte\"},\"image\":{\"@id\":\"https:\\\/\\\/www.duerodeporte.com\\\/#\\\/schema\\\/logo\\\/image\\\/\"},\"sameAs\":[\"https:\\\/\\\/www.facebook.com\\\/61555928375028\",\"https:\\\/\\\/x.com\\\/Diegoamartin13\",\"https:\\\/\\\/www.youtube.com\\\/channel\\\/UCxIGQL8b9gmW-NjaChabCdA\"]},{\"@type\":\"Person\",\"@id\":\"https:\\\/\\\/www.duerodeporte.com\\\/#\\\/schema\\\/person\\\/5f3368966f635b5ae0d23ffaf7a7f894\",\"name\":\"Diego A. Mart\u00edn\",\"image\":{\"@type\":\"ImageObject\",\"inLanguage\":\"es\",\"@id\":\"https:\\\/\\\/www.duerodeporte.com\\\/wp-content\\\/uploads\\\/2024\\\/01\\\/Diego2-e1706522808572-150x150.jpeg\",\"url\":\"https:\\\/\\\/www.duerodeporte.com\\\/wp-content\\\/uploads\\\/2024\\\/01\\\/Diego2-e1706522808572-150x150.jpeg\",\"contentUrl\":\"https:\\\/\\\/www.duerodeporte.com\\\/wp-content\\\/uploads\\\/2024\\\/01\\\/Diego2-e1706522808572-150x150.jpeg\",\"caption\":\"Diego A. Mart\u00edn\"},\"url\":\"https:\\\/\\\/www.duerodeporte.com\\\/index.php\\\/archivos\\\/author\\\/diego\"}]}<\/script>\r\n<!-- \/ Yoast SEO plugin. -->","yoast_head_json":{"title":"Visita amarilla a Artaleku","description":"El Deporte de Aranda y las tierras del Duero","robots":{"index":"index","follow":"follow","max-snippet":"max-snippet:-1","max-image-preview":"max-image-preview:large","max-video-preview":"max-video-preview:-1"},"canonical":"https:\/\/www.duerodeporte.com\/index.php\/archivos\/17925","og_locale":"es_ES","og_type":"article","og_title":"Visita amarilla a Artaleku","og_description":"El Deporte de Aranda y las tierras del Duero","og_url":"https:\/\/www.duerodeporte.com\/index.php\/archivos\/17925","og_site_name":"Duero Deporte","article_publisher":"https:\/\/www.facebook.com\/61555928375028","article_published_time":"2026-05-01T23:14:27+00:00","article_modified_time":"2026-05-02T10:13:28+00:00","og_image":[{"width":2040,"height":1112,"url":"https:\/\/www.duerodeporte.com\/wp-content\/uploads\/2026\/05\/IMG-20260502-WA0000-e1777716795462.jpg","type":"image\/jpeg"}],"author":"Diego A. Mart\u00edn","twitter_card":"summary_large_image","twitter_creator":"@Diegoamartin13","twitter_site":"@Diegoamartin13","twitter_misc":{"Escrito por":"Diego A. Mart\u00edn","Tiempo de lectura":"3 minutos"},"schema":{"@context":"https:\/\/schema.org","@graph":[{"@type":["Article","SocialMediaPosting"],"@id":"https:\/\/www.duerodeporte.com\/index.php\/archivos\/17925#article","isPartOf":{"@id":"https:\/\/www.duerodeporte.com\/index.php\/archivos\/17925"},"author":{"name":"Diego A. Mart\u00edn","@id":"https:\/\/www.duerodeporte.com\/#\/schema\/person\/5f3368966f635b5ae0d23ffaf7a7f894"},"headline":"Visita amarilla a Artaleku","datePublished":"2026-05-01T23:14:27+00:00","dateModified":"2026-05-02T10:13:28+00:00","mainEntityOfPage":{"@id":"https:\/\/www.duerodeporte.com\/index.php\/archivos\/17925"},"wordCount":448,"commentCount":0,"publisher":{"@id":"https:\/\/www.duerodeporte.com\/#organization"},"image":{"@id":"https:\/\/www.duerodeporte.com\/index.php\/archivos\/17925#primaryimage"},"thumbnailUrl":"https:\/\/www.duerodeporte.com\/wp-content\/uploads\/2026\/05\/IMG-20260502-WA0000-e1777716795462.jpg","keywords":["aranda de duero","Asobal","balonmano","Ir\u00fan","Rfebm","tierras del duero","Villa de Aranda"],"articleSection":["BALONMANO","z_PORTADA"],"inLanguage":"es","potentialAction":[{"@type":"CommentAction","name":"Comment","target":["https:\/\/www.duerodeporte.com\/index.php\/archivos\/17925#respond"]}]},{"@type":["WebPage","ItemPage"],"@id":"https:\/\/www.duerodeporte.com\/index.php\/archivos\/17925","url":"https:\/\/www.duerodeporte.com\/index.php\/archivos\/17925","name":"Visita amarilla a Artaleku","isPartOf":{"@id":"https:\/\/www.duerodeporte.com\/#website"},"primaryImageOfPage":{"@id":"https:\/\/www.duerodeporte.com\/index.php\/archivos\/17925#primaryimage"},"image":{"@id":"https:\/\/www.duerodeporte.com\/index.php\/archivos\/17925#primaryimage"},"thumbnailUrl":"https:\/\/www.duerodeporte.com\/wp-content\/uploads\/2026\/05\/IMG-20260502-WA0000-e1777716795462.jpg","datePublished":"2026-05-01T23:14:27+00:00","dateModified":"2026-05-02T10:13:28+00:00","description":"El Deporte de Aranda y las tierras del Duero","breadcrumb":{"@id":"https:\/\/www.duerodeporte.com\/index.php\/archivos\/17925#breadcrumb"},"inLanguage":"es","potentialAction":[{"@type":"ReadAction","target":["https:\/\/www.duerodeporte.com\/index.php\/archivos\/17925"]}]},{"@type":"ImageObject","inLanguage":"es","@id":"https:\/\/www.duerodeporte.com\/index.php\/archivos\/17925#primaryimage","url":"https:\/\/www.duerodeporte.com\/wp-content\/uploads\/2026\/05\/IMG-20260502-WA0000-e1777716795462.jpg","contentUrl":"https:\/\/www.duerodeporte.com\/wp-content\/uploads\/2026\/05\/IMG-20260502-WA0000-e1777716795462.jpg","width":2040,"height":1112,"caption":"Imagen del partido de la primera vuelta entre ambas escuadras en el Santiago Mangu\u00e1n. \/ DUERO Deporte"},{"@type":"BreadcrumbList","@id":"https:\/\/www.duerodeporte.com\/index.php\/archivos\/17925#breadcrumb","itemListElement":[{"@type":"ListItem","position":1,"name":"Portada","item":"https:\/\/www.duerodeporte.com\/"},{"@type":"ListItem","position":2,"name":"Visita amarilla a Artaleku"}]},{"@type":"WebSite","@id":"https:\/\/www.duerodeporte.com\/#website","url":"https:\/\/www.duerodeporte.com\/","name":"Duero Deporte","description":"El Deporte de Aranda y las tierras del Duero","publisher":{"@id":"https:\/\/www.duerodeporte.com\/#organization"},"alternateName":"El Deporte de Aranda y las tierras del Duero","potentialAction":[{"@type":"SearchAction","target":{"@type":"EntryPoint","urlTemplate":"https:\/\/www.duerodeporte.com\/?s={search_term_string}"},"query-input":{"@type":"PropertyValueSpecification","valueRequired":true,"valueName":"search_term_string"}}],"inLanguage":"es"},{"@type":"Organization","@id":"https:\/\/www.duerodeporte.com\/#organization","name":"Duero Deporte","alternateName":"El Deporte de Aranda y las tierras del Duero","url":"https:\/\/www.duerodeporte.com\/","logo":{"@type":"ImageObject","inLanguage":"es","@id":"https:\/\/www.duerodeporte.com\/#\/schema\/logo\/image\/","url":"https:\/\/www.duerodeporte.com\/wp-content\/uploads\/2023\/11\/A.ColorSinFondo-e1708011627555.png","contentUrl":"https:\/\/www.duerodeporte.com\/wp-content\/uploads\/2023\/11\/A.ColorSinFondo-e1708011627555.png","width":750,"height":132,"caption":"Duero Deporte"},"image":{"@id":"https:\/\/www.duerodeporte.com\/#\/schema\/logo\/image\/"},"sameAs":["https:\/\/www.facebook.com\/61555928375028","https:\/\/x.com\/Diegoamartin13","https:\/\/www.youtube.com\/channel\/UCxIGQL8b9gmW-NjaChabCdA"]},{"@type":"Person","@id":"https:\/\/www.duerodeporte.com\/#\/schema\/person\/5f3368966f635b5ae0d23ffaf7a7f894","name":"Diego A. Mart\u00edn","image":{"@type":"ImageObject","inLanguage":"es","@id":"https:\/\/www.duerodeporte.com\/wp-content\/uploads\/2024\/01\/Diego2-e1706522808572-150x150.jpeg","url":"https:\/\/www.duerodeporte.com\/wp-content\/uploads\/2024\/01\/Diego2-e1706522808572-150x150.jpeg","contentUrl":"https:\/\/www.duerodeporte.com\/wp-content\/uploads\/2024\/01\/Diego2-e1706522808572-150x150.jpeg","caption":"Diego A. Mart\u00edn"},"url":"https:\/\/www.duerodeporte.com\/index.php\/archivos\/author\/diego"}]}},"views":99,"_links":{"self":[{"href":"https:\/\/www.duerodeporte.com\/index.php\/wp-json\/wp\/v2\/posts\/17925","targetHints":{"allow":["GET"]}}],"collection":[{"href":"https:\/\/www.duerodeporte.com\/index.php\/wp-json\/wp\/v2\/posts"}],"about":[{"href":"https:\/\/www.duerodeporte.com\/index.php\/wp-json\/wp\/v2\/types\/post"}],"author":[{"embeddable":true,"href":"https:\/\/www.duerodeporte.com\/index.php\/wp-json\/wp\/v2\/users\/3"}],"replies":[{"embeddable":true,"href":"https:\/\/www.duerodeporte.com\/index.php\/wp-json\/wp\/v2\/comments?post=17925"}],"version-history":[{"count":5,"href":"https:\/\/www.duerodeporte.com\/index.php\/wp-json\/wp\/v2\/posts\/17925\/revisions"}],"predecessor-version":[{"id":17934,"href":"https:\/\/www.duerodeporte.com\/index.php\/wp-json\/wp\/v2\/posts\/17925\/revisions\/17934"}],"wp:featuredmedia":[{"embeddable":true,"href":"https:\/\/www.duerodeporte.com\/index.php\/wp-json\/wp\/v2\/media\/17930"}],"wp:attachment":[{"href":"https:\/\/www.duerodeporte.com\/index.php\/wp-json\/wp\/v2\/media?parent=17925"}],"wp:term":[{"taxonomy":"category","embeddable":true,"href":"https:\/\/www.duerodeporte.com\/index.php\/wp-json\/wp\/v2\/categories?post=17925"},{"taxonomy":"post_tag","embeddable":true,"href":"https:\/\/www.duerodeporte.com\/index.php\/wp-json\/wp\/v2\/tags?post=17925"}],"curies":[{"name":"wp","href":"https:\/\/api.w.org\/{rel}","templated":true}]}}