{"id":2324,"date":"2024-04-06T21:33:20","date_gmt":"2024-04-06T20:33:20","guid":{"rendered":"https:\/\/www.duerodeporte.com\/?p=2324"},"modified":"2024-04-06T21:39:05","modified_gmt":"2024-04-06T20:39:05","slug":"el-hockey-linea-aranda-asciende-a-liga-elite","status":"publish","type":"post","link":"https:\/\/www.duerodeporte.com\/index.php\/archivos\/2324","title":{"rendered":"El Hockey L\u00ednea Aranda asciende a Liga Elite"},"content":{"rendered":"\n<h2 class=\"wp-block-heading\">Los Erizos Rudos se imponen a Rub\u00ed (9-3) y logran un campeonato en Liga Oro que les abre la puerta de la m\u00e1xima categor\u00eda a falta de dos jornadas para acabar la temporada<\/h2>\n\n\n\n<p>Historia para el deporte de Aranda de Duero. El <strong><a href=\"https:\/\/www.facebook.com\/CHLARANDADEDUERO?locale=es_ES\">Hockey L\u00ednea Aranda<\/a> <\/strong>jugar\u00e1 en la m\u00e1xima categor\u00eda del hockey l\u00ednea nacional la pr\u00f3xima temporada. As\u00ed lo han certificado los <strong>Erizos Rudos<\/strong> este s\u00e1bado tras doblegar a<strong> Cents Patins<\/strong> <strong>Rub\u00ed <\/strong>en la pista de Prado Sport por<strong> 9-3 <\/strong>y proclamarse campeones de <strong><a href=\"https:\/\/www.hockeylinea.fep.es\/league\/2487\">Liga Oro<\/a><\/strong> a falta de una jornada para el final de liga.<\/p>\n\n\n\n<figure class=\"wp-block-embed is-type-rich is-provider-twitter wp-block-embed-twitter\"><div class=\"wp-block-embed__wrapper\">\n<blockquote class=\"twitter-tweet\" data-width=\"550\" data-dnt=\"true\"><p lang=\"es\" dir=\"ltr\">\ud83d\udfe0 HOCKEY<br><br>\ud83c\udfd2 Los Erizos Rudos son los mejores de Liga Oro y ascienden a Liga Elite<br><br>\ud83c\udfc6 CAMPEONES \ud83c\udfc6<br><br>\ud83c\udfa6 <a href=\"https:\/\/twitter.com\/Diegoamartin13?ref_src=twsrc%5Etfw\">@Diegoamartin13<\/a> <a href=\"https:\/\/t.co\/J4pAG0Cv5h\">pic.twitter.com\/J4pAG0Cv5h<\/a><\/p>&mdash; Diego A. Mart\u00edn (@Diegoamartin13) <a href=\"https:\/\/twitter.com\/Diegoamartin13\/status\/1776685053390598169?ref_src=twsrc%5Etfw\">April 6, 2024<\/a><\/blockquote><script async src=\"https:\/\/platform.twitter.com\/widgets.js\" charset=\"utf-8\"><\/script>\n<\/div><figcaption class=\"wp-element-caption\"><strong><a href=\"https:\/\/twitter.com\/Diegoamartin13\">@Diegoamartin13<\/a><\/strong><\/figcaption><\/figure>\n\n\n\n<p>La primera parte comenz\u00f3 a vestir la fiesta esperada en la gradas de la pista arandina. Con un contundente <strong>5-1<\/strong> se cerrar\u00eda el primer acto gracias a los goles de <strong>Esgueva<\/strong>,<strong> Dusan<\/strong>,<strong> Markiegi<\/strong>,<strong> Orive <\/strong>y<strong> Benito<\/strong>.<\/p>\n\n\n\n<p>Tras el paso por los vestuarios, la segunda parte comenzar\u00eda con un nuevo tanto de los Erizos Rudos. Mayor comodidad de cara al triunfo de los de las tierras del Duero. Marcar\u00eda de nuevo <strong>Benito<\/strong>. Preludio de la goleada final que se cerrar\u00eda gracias al juego din\u00e1mico de los de Jorge Collantes, intratables en casa esta temporada. El <strong>9-3<\/strong> definitivo lo cerrar\u00edan los goles de <strong>Postigo<\/strong>, <strong>Esgueva <\/strong>-doblete- y <strong>Benito<\/strong> -triplete-.<\/p>\n\n\n\n<p>As\u00ed, a falta de una jornada para el final los Erizos Rudos suman <strong>40 puntos<\/strong> -3 puntos bonus- por los 36 de su m\u00e1ximo rival, Metropolitano de Bilbao.<\/p>\n","protected":false},"excerpt":{"rendered":"<p>Los Erizos Rudos se imponen a Rub\u00ed (9-3) y logran un campeonato en Liga Oro que les abre la puerta de la m\u00e1xima categor\u00eda a falta de dos jornadas para [&hellip;]<\/p>\n","protected":false},"author":3,"featured_media":2336,"comment_status":"open","ping_status":"open","sticky":false,"template":"","format":"standard","meta":{"footnotes":""},"categories":[49,15],"tags":[43,97,260,268,202,167],"class_list":["post-2324","post","type-post","status-publish","format-standard","has-post-thumbnail","category-mas_deporte","category-portada","tag-aranda-de-duero","tag-hockey-linea","tag-hockey-linea-aranda","tag-liga-elite","tag-liga-oro","tag-rfep"],"yoast_head":"<!-- This site is optimized with the Yoast SEO plugin v27.5 - https:\/\/yoast.com\/product\/yoast-seo-wordpress\/ -->\r\n<title>El Hockey L\u00ednea Aranda asciende a Liga Elite<\/title>\r\n<meta name=\"description\" content=\"El Deporte de Aranda y las tierras del Duero\" \/>\r\n<meta name=\"robots\" content=\"index, follow, max-snippet:-1, max-image-preview:large, max-video-preview:-1\" \/>\r\n<link rel=\"canonical\" href=\"https:\/\/www.duerodeporte.com\/index.php\/archivos\/2324\" \/>\r\n<meta property=\"og:locale\" content=\"es_ES\" \/>\r\n<meta property=\"og:type\" content=\"article\" \/>\r\n<meta property=\"og:title\" content=\"El Hockey L\u00ednea Aranda asciende a Liga Elite\" \/>\r\n<meta property=\"og:description\" content=\"El Deporte de Aranda y las tierras del Duero\" \/>\r\n<meta property=\"og:url\" content=\"https:\/\/www.duerodeporte.com\/index.php\/archivos\/2324\" \/>\r\n<meta property=\"og:site_name\" content=\"Duero Deporte\" \/>\r\n<meta property=\"article:publisher\" content=\"https:\/\/www.facebook.com\/61555928375028\" \/>\r\n<meta property=\"article:published_time\" content=\"2024-04-06T20:33:20+00:00\" \/>\r\n<meta property=\"article:modified_time\" content=\"2024-04-06T20:39:05+00:00\" \/>\r\n<meta property=\"og:image\" content=\"https:\/\/www.duerodeporte.com\/wp-content\/uploads\/2024\/04\/WhatsApp-Image-2024-04-06-at-21.26.58.jpeg\" \/>\r\n\t<meta property=\"og:image:width\" content=\"1700\" \/>\r\n\t<meta property=\"og:image:height\" content=\"1048\" \/>\r\n\t<meta property=\"og:image:type\" content=\"image\/jpeg\" \/>\r\n<meta name=\"author\" content=\"Diego A. Mart\u00edn\" \/>\r\n<meta name=\"twitter:card\" content=\"summary_large_image\" \/>\r\n<meta name=\"twitter:creator\" content=\"@Diegoamartin13\" \/>\r\n<meta name=\"twitter:site\" content=\"@Diegoamartin13\" \/>\r\n<meta name=\"twitter:label1\" content=\"Escrito por\" \/>\n\t<meta name=\"twitter:data1\" content=\"Diego A. Mart\u00edn\" \/>\n\t<meta name=\"twitter:label2\" content=\"Tiempo de lectura\" \/>\n\t<meta name=\"twitter:data2\" content=\"2 minutos\" \/>\r\n<script type=\"application\/ld+json\" class=\"yoast-schema-graph\">{\"@context\":\"https:\\\/\\\/schema.org\",\"@graph\":[{\"@type\":[\"Article\",\"SocialMediaPosting\"],\"@id\":\"https:\\\/\\\/www.duerodeporte.com\\\/index.php\\\/archivos\\\/2324#article\",\"isPartOf\":{\"@id\":\"https:\\\/\\\/www.duerodeporte.com\\\/index.php\\\/archivos\\\/2324\"},\"author\":{\"name\":\"Diego A. Mart\u00edn\",\"@id\":\"https:\\\/\\\/www.duerodeporte.com\\\/#\\\/schema\\\/person\\\/5f3368966f635b5ae0d23ffaf7a7f894\"},\"headline\":\"El Hockey L\u00ednea Aranda asciende a Liga Elite\",\"datePublished\":\"2024-04-06T20:33:20+00:00\",\"dateModified\":\"2024-04-06T20:39:05+00:00\",\"mainEntityOfPage\":{\"@id\":\"https:\\\/\\\/www.duerodeporte.com\\\/index.php\\\/archivos\\\/2324\"},\"wordCount\":259,\"commentCount\":0,\"publisher\":{\"@id\":\"https:\\\/\\\/www.duerodeporte.com\\\/#organization\"},\"image\":{\"@id\":\"https:\\\/\\\/www.duerodeporte.com\\\/index.php\\\/archivos\\\/2324#primaryimage\"},\"thumbnailUrl\":\"https:\\\/\\\/www.duerodeporte.com\\\/wp-content\\\/uploads\\\/2024\\\/04\\\/WhatsApp-Image-2024-04-06-at-21.26.58.jpeg\",\"keywords\":[\"aranda de duero\",\"hockey l\u00ednea\",\"Hockey L\u00ednea Aranda\",\"Liga Elite\",\"Liga Oro\",\"RFEP\"],\"articleSection\":[\"MAS DEPORTE\",\"z_PORTADA\"],\"inLanguage\":\"es\",\"potentialAction\":[{\"@type\":\"CommentAction\",\"name\":\"Comment\",\"target\":[\"https:\\\/\\\/www.duerodeporte.com\\\/index.php\\\/archivos\\\/2324#respond\"]}]},{\"@type\":[\"WebPage\",\"ItemPage\"],\"@id\":\"https:\\\/\\\/www.duerodeporte.com\\\/index.php\\\/archivos\\\/2324\",\"url\":\"https:\\\/\\\/www.duerodeporte.com\\\/index.php\\\/archivos\\\/2324\",\"name\":\"El Hockey L\u00ednea Aranda asciende a Liga Elite\",\"isPartOf\":{\"@id\":\"https:\\\/\\\/www.duerodeporte.com\\\/#website\"},\"primaryImageOfPage\":{\"@id\":\"https:\\\/\\\/www.duerodeporte.com\\\/index.php\\\/archivos\\\/2324#primaryimage\"},\"image\":{\"@id\":\"https:\\\/\\\/www.duerodeporte.com\\\/index.php\\\/archivos\\\/2324#primaryimage\"},\"thumbnailUrl\":\"https:\\\/\\\/www.duerodeporte.com\\\/wp-content\\\/uploads\\\/2024\\\/04\\\/WhatsApp-Image-2024-04-06-at-21.26.58.jpeg\",\"datePublished\":\"2024-04-06T20:33:20+00:00\",\"dateModified\":\"2024-04-06T20:39:05+00:00\",\"description\":\"El Deporte de Aranda y las tierras del Duero\",\"breadcrumb\":{\"@id\":\"https:\\\/\\\/www.duerodeporte.com\\\/index.php\\\/archivos\\\/2324#breadcrumb\"},\"inLanguage\":\"es\",\"potentialAction\":[{\"@type\":\"ReadAction\",\"target\":[\"https:\\\/\\\/www.duerodeporte.com\\\/index.php\\\/archivos\\\/2324\"]}]},{\"@type\":\"ImageObject\",\"inLanguage\":\"es\",\"@id\":\"https:\\\/\\\/www.duerodeporte.com\\\/index.php\\\/archivos\\\/2324#primaryimage\",\"url\":\"https:\\\/\\\/www.duerodeporte.com\\\/wp-content\\\/uploads\\\/2024\\\/04\\\/WhatsApp-Image-2024-04-06-at-21.26.58.jpeg\",\"contentUrl\":\"https:\\\/\\\/www.duerodeporte.com\\\/wp-content\\\/uploads\\\/2024\\\/04\\\/WhatsApp-Image-2024-04-06-at-21.26.58.jpeg\",\"width\":1700,\"height\":1048,\"caption\":\"La plantilla de los Erizos Rudos celebra en la pista Prado Sport el Campeonato de Liga Oro y el ascenso a Liga Elite. \\\/ duerodeporte.com\"},{\"@type\":\"BreadcrumbList\",\"@id\":\"https:\\\/\\\/www.duerodeporte.com\\\/index.php\\\/archivos\\\/2324#breadcrumb\",\"itemListElement\":[{\"@type\":\"ListItem\",\"position\":1,\"name\":\"Portada\",\"item\":\"https:\\\/\\\/www.duerodeporte.com\\\/\"},{\"@type\":\"ListItem\",\"position\":2,\"name\":\"El Hockey L\u00ednea Aranda asciende a Liga Elite\"}]},{\"@type\":\"WebSite\",\"@id\":\"https:\\\/\\\/www.duerodeporte.com\\\/#website\",\"url\":\"https:\\\/\\\/www.duerodeporte.com\\\/\",\"name\":\"Duero Deporte\",\"description\":\"El Deporte de Aranda y las tierras del Duero\",\"publisher\":{\"@id\":\"https:\\\/\\\/www.duerodeporte.com\\\/#organization\"},\"alternateName\":\"El Deporte de Aranda y las tierras del Duero\",\"potentialAction\":[{\"@type\":\"SearchAction\",\"target\":{\"@type\":\"EntryPoint\",\"urlTemplate\":\"https:\\\/\\\/www.duerodeporte.com\\\/?s={search_term_string}\"},\"query-input\":{\"@type\":\"PropertyValueSpecification\",\"valueRequired\":true,\"valueName\":\"search_term_string\"}}],\"inLanguage\":\"es\"},{\"@type\":\"Organization\",\"@id\":\"https:\\\/\\\/www.duerodeporte.com\\\/#organization\",\"name\":\"Duero Deporte\",\"alternateName\":\"El Deporte de Aranda y las tierras del Duero\",\"url\":\"https:\\\/\\\/www.duerodeporte.com\\\/\",\"logo\":{\"@type\":\"ImageObject\",\"inLanguage\":\"es\",\"@id\":\"https:\\\/\\\/www.duerodeporte.com\\\/#\\\/schema\\\/logo\\\/image\\\/\",\"url\":\"https:\\\/\\\/www.duerodeporte.com\\\/wp-content\\\/uploads\\\/2023\\\/11\\\/A.ColorSinFondo-e1708011627555.png\",\"contentUrl\":\"https:\\\/\\\/www.duerodeporte.com\\\/wp-content\\\/uploads\\\/2023\\\/11\\\/A.ColorSinFondo-e1708011627555.png\",\"width\":750,\"height\":132,\"caption\":\"Duero Deporte\"},\"image\":{\"@id\":\"https:\\\/\\\/www.duerodeporte.com\\\/#\\\/schema\\\/logo\\\/image\\\/\"},\"sameAs\":[\"https:\\\/\\\/www.facebook.com\\\/61555928375028\",\"https:\\\/\\\/x.com\\\/Diegoamartin13\",\"https:\\\/\\\/www.youtube.com\\\/channel\\\/UCxIGQL8b9gmW-NjaChabCdA\"]},{\"@type\":\"Person\",\"@id\":\"https:\\\/\\\/www.duerodeporte.com\\\/#\\\/schema\\\/person\\\/5f3368966f635b5ae0d23ffaf7a7f894\",\"name\":\"Diego A. Mart\u00edn\",\"image\":{\"@type\":\"ImageObject\",\"inLanguage\":\"es\",\"@id\":\"https:\\\/\\\/www.duerodeporte.com\\\/wp-content\\\/uploads\\\/2024\\\/01\\\/Diego2-e1706522808572-150x150.jpeg\",\"url\":\"https:\\\/\\\/www.duerodeporte.com\\\/wp-content\\\/uploads\\\/2024\\\/01\\\/Diego2-e1706522808572-150x150.jpeg\",\"contentUrl\":\"https:\\\/\\\/www.duerodeporte.com\\\/wp-content\\\/uploads\\\/2024\\\/01\\\/Diego2-e1706522808572-150x150.jpeg\",\"caption\":\"Diego A. Mart\u00edn\"},\"url\":\"https:\\\/\\\/www.duerodeporte.com\\\/index.php\\\/archivos\\\/author\\\/diego\"}]}<\/script>\r\n<!-- \/ Yoast SEO plugin. -->","yoast_head_json":{"title":"El Hockey L\u00ednea Aranda asciende a Liga Elite","description":"El Deporte de Aranda y las tierras del Duero","robots":{"index":"index","follow":"follow","max-snippet":"max-snippet:-1","max-image-preview":"max-image-preview:large","max-video-preview":"max-video-preview:-1"},"canonical":"https:\/\/www.duerodeporte.com\/index.php\/archivos\/2324","og_locale":"es_ES","og_type":"article","og_title":"El Hockey L\u00ednea Aranda asciende a Liga Elite","og_description":"El Deporte de Aranda y las tierras del Duero","og_url":"https:\/\/www.duerodeporte.com\/index.php\/archivos\/2324","og_site_name":"Duero Deporte","article_publisher":"https:\/\/www.facebook.com\/61555928375028","article_published_time":"2024-04-06T20:33:20+00:00","article_modified_time":"2024-04-06T20:39:05+00:00","og_image":[{"width":1700,"height":1048,"url":"https:\/\/www.duerodeporte.com\/wp-content\/uploads\/2024\/04\/WhatsApp-Image-2024-04-06-at-21.26.58.jpeg","type":"image\/jpeg"}],"author":"Diego A. Mart\u00edn","twitter_card":"summary_large_image","twitter_creator":"@Diegoamartin13","twitter_site":"@Diegoamartin13","twitter_misc":{"Escrito por":"Diego A. Mart\u00edn","Tiempo de lectura":"2 minutos"},"schema":{"@context":"https:\/\/schema.org","@graph":[{"@type":["Article","SocialMediaPosting"],"@id":"https:\/\/www.duerodeporte.com\/index.php\/archivos\/2324#article","isPartOf":{"@id":"https:\/\/www.duerodeporte.com\/index.php\/archivos\/2324"},"author":{"name":"Diego A. Mart\u00edn","@id":"https:\/\/www.duerodeporte.com\/#\/schema\/person\/5f3368966f635b5ae0d23ffaf7a7f894"},"headline":"El Hockey L\u00ednea Aranda asciende a Liga Elite","datePublished":"2024-04-06T20:33:20+00:00","dateModified":"2024-04-06T20:39:05+00:00","mainEntityOfPage":{"@id":"https:\/\/www.duerodeporte.com\/index.php\/archivos\/2324"},"wordCount":259,"commentCount":0,"publisher":{"@id":"https:\/\/www.duerodeporte.com\/#organization"},"image":{"@id":"https:\/\/www.duerodeporte.com\/index.php\/archivos\/2324#primaryimage"},"thumbnailUrl":"https:\/\/www.duerodeporte.com\/wp-content\/uploads\/2024\/04\/WhatsApp-Image-2024-04-06-at-21.26.58.jpeg","keywords":["aranda de duero","hockey l\u00ednea","Hockey L\u00ednea Aranda","Liga Elite","Liga Oro","RFEP"],"articleSection":["MAS DEPORTE","z_PORTADA"],"inLanguage":"es","potentialAction":[{"@type":"CommentAction","name":"Comment","target":["https:\/\/www.duerodeporte.com\/index.php\/archivos\/2324#respond"]}]},{"@type":["WebPage","ItemPage"],"@id":"https:\/\/www.duerodeporte.com\/index.php\/archivos\/2324","url":"https:\/\/www.duerodeporte.com\/index.php\/archivos\/2324","name":"El Hockey L\u00ednea Aranda asciende a Liga Elite","isPartOf":{"@id":"https:\/\/www.duerodeporte.com\/#website"},"primaryImageOfPage":{"@id":"https:\/\/www.duerodeporte.com\/index.php\/archivos\/2324#primaryimage"},"image":{"@id":"https:\/\/www.duerodeporte.com\/index.php\/archivos\/2324#primaryimage"},"thumbnailUrl":"https:\/\/www.duerodeporte.com\/wp-content\/uploads\/2024\/04\/WhatsApp-Image-2024-04-06-at-21.26.58.jpeg","datePublished":"2024-04-06T20:33:20+00:00","dateModified":"2024-04-06T20:39:05+00:00","description":"El Deporte de Aranda y las tierras del Duero","breadcrumb":{"@id":"https:\/\/www.duerodeporte.com\/index.php\/archivos\/2324#breadcrumb"},"inLanguage":"es","potentialAction":[{"@type":"ReadAction","target":["https:\/\/www.duerodeporte.com\/index.php\/archivos\/2324"]}]},{"@type":"ImageObject","inLanguage":"es","@id":"https:\/\/www.duerodeporte.com\/index.php\/archivos\/2324#primaryimage","url":"https:\/\/www.duerodeporte.com\/wp-content\/uploads\/2024\/04\/WhatsApp-Image-2024-04-06-at-21.26.58.jpeg","contentUrl":"https:\/\/www.duerodeporte.com\/wp-content\/uploads\/2024\/04\/WhatsApp-Image-2024-04-06-at-21.26.58.jpeg","width":1700,"height":1048,"caption":"La plantilla de los Erizos Rudos celebra en la pista Prado Sport el Campeonato de Liga Oro y el ascenso a Liga Elite. \/ duerodeporte.com"},{"@type":"BreadcrumbList","@id":"https:\/\/www.duerodeporte.com\/index.php\/archivos\/2324#breadcrumb","itemListElement":[{"@type":"ListItem","position":1,"name":"Portada","item":"https:\/\/www.duerodeporte.com\/"},{"@type":"ListItem","position":2,"name":"El Hockey L\u00ednea Aranda asciende a Liga Elite"}]},{"@type":"WebSite","@id":"https:\/\/www.duerodeporte.com\/#website","url":"https:\/\/www.duerodeporte.com\/","name":"Duero Deporte","description":"El Deporte de Aranda y las tierras del Duero","publisher":{"@id":"https:\/\/www.duerodeporte.com\/#organization"},"alternateName":"El Deporte de Aranda y las tierras del Duero","potentialAction":[{"@type":"SearchAction","target":{"@type":"EntryPoint","urlTemplate":"https:\/\/www.duerodeporte.com\/?s={search_term_string}"},"query-input":{"@type":"PropertyValueSpecification","valueRequired":true,"valueName":"search_term_string"}}],"inLanguage":"es"},{"@type":"Organization","@id":"https:\/\/www.duerodeporte.com\/#organization","name":"Duero Deporte","alternateName":"El Deporte de Aranda y las tierras del Duero","url":"https:\/\/www.duerodeporte.com\/","logo":{"@type":"ImageObject","inLanguage":"es","@id":"https:\/\/www.duerodeporte.com\/#\/schema\/logo\/image\/","url":"https:\/\/www.duerodeporte.com\/wp-content\/uploads\/2023\/11\/A.ColorSinFondo-e1708011627555.png","contentUrl":"https:\/\/www.duerodeporte.com\/wp-content\/uploads\/2023\/11\/A.ColorSinFondo-e1708011627555.png","width":750,"height":132,"caption":"Duero Deporte"},"image":{"@id":"https:\/\/www.duerodeporte.com\/#\/schema\/logo\/image\/"},"sameAs":["https:\/\/www.facebook.com\/61555928375028","https:\/\/x.com\/Diegoamartin13","https:\/\/www.youtube.com\/channel\/UCxIGQL8b9gmW-NjaChabCdA"]},{"@type":"Person","@id":"https:\/\/www.duerodeporte.com\/#\/schema\/person\/5f3368966f635b5ae0d23ffaf7a7f894","name":"Diego A. Mart\u00edn","image":{"@type":"ImageObject","inLanguage":"es","@id":"https:\/\/www.duerodeporte.com\/wp-content\/uploads\/2024\/01\/Diego2-e1706522808572-150x150.jpeg","url":"https:\/\/www.duerodeporte.com\/wp-content\/uploads\/2024\/01\/Diego2-e1706522808572-150x150.jpeg","contentUrl":"https:\/\/www.duerodeporte.com\/wp-content\/uploads\/2024\/01\/Diego2-e1706522808572-150x150.jpeg","caption":"Diego A. Mart\u00edn"},"url":"https:\/\/www.duerodeporte.com\/index.php\/archivos\/author\/diego"}]}},"views":864,"_links":{"self":[{"href":"https:\/\/www.duerodeporte.com\/index.php\/wp-json\/wp\/v2\/posts\/2324","targetHints":{"allow":["GET"]}}],"collection":[{"href":"https:\/\/www.duerodeporte.com\/index.php\/wp-json\/wp\/v2\/posts"}],"about":[{"href":"https:\/\/www.duerodeporte.com\/index.php\/wp-json\/wp\/v2\/types\/post"}],"author":[{"embeddable":true,"href":"https:\/\/www.duerodeporte.com\/index.php\/wp-json\/wp\/v2\/users\/3"}],"replies":[{"embeddable":true,"href":"https:\/\/www.duerodeporte.com\/index.php\/wp-json\/wp\/v2\/comments?post=2324"}],"version-history":[{"count":10,"href":"https:\/\/www.duerodeporte.com\/index.php\/wp-json\/wp\/v2\/posts\/2324\/revisions"}],"predecessor-version":[{"id":2349,"href":"https:\/\/www.duerodeporte.com\/index.php\/wp-json\/wp\/v2\/posts\/2324\/revisions\/2349"}],"wp:featuredmedia":[{"embeddable":true,"href":"https:\/\/www.duerodeporte.com\/index.php\/wp-json\/wp\/v2\/media\/2336"}],"wp:attachment":[{"href":"https:\/\/www.duerodeporte.com\/index.php\/wp-json\/wp\/v2\/media?parent=2324"}],"wp:term":[{"taxonomy":"category","embeddable":true,"href":"https:\/\/www.duerodeporte.com\/index.php\/wp-json\/wp\/v2\/categories?post=2324"},{"taxonomy":"post_tag","embeddable":true,"href":"https:\/\/www.duerodeporte.com\/index.php\/wp-json\/wp\/v2\/tags?post=2324"}],"curies":[{"name":"wp","href":"https:\/\/api.w.org\/{rel}","templated":true}]}}