{"id":2501,"date":"2024-04-13T19:01:22","date_gmt":"2024-04-13T18:01:22","guid":{"rendered":"https:\/\/www.duerodeporte.com\/?p=2501"},"modified":"2024-04-13T19:03:58","modified_gmt":"2024-04-13T18:03:58","slug":"la-arandina-alarga-la-vida-en-segunda-federacion-2-1","status":"publish","type":"post","link":"https:\/\/www.duerodeporte.com\/index.php\/archivos\/2501","title":{"rendered":"La Arandina alarga la vida en Segunda Federaci\u00f3n (2-1)"},"content":{"rendered":"\n<h2 class=\"wp-block-heading\">Ayoub desnivela el choque en la segunda parte para los blanquiazules que aprovechan el tropiezo del Villalb\u00e9s. Kevin hizo el 1-0 y Medina igual\u00f3 antes del descanso. Restan nueve puntos y los ribere\u00f1os se sit\u00faan a ocho de la salvaci\u00f3n y seis del play out   <\/h2>\n\n\n\n<p>La <strong><a href=\"https:\/\/arandinacf.net\/\">Arandina <\/a><\/strong>(17\u00ba, 28 puntos) alarga su destino tras ganar al <strong>Avil\u00e9s <\/strong>(2-1) Los blanquiazules se mantienen <strong>matem\u00e1ticamente en Segunda Federaci\u00f3n<\/strong> a falta de tres jornadas para el final de temporada a expensas de lo que suceda en el resto de resultados esta jornada.<\/p>\n\n\n\n<p>Arranque esperado con la propuesta de un equipo blanquiazul al ataque y con poco que perder. As\u00ed, tras el aviso de Ayoub a los tres minutos de juego, ser\u00eda <strong><a href=\"https:\/\/twitter.com\/_Kevinmanzano\">Kevin <\/a><\/strong>quien adelantar\u00eda a los de las tierras del Duero a los nueve minutos. M\u00e9rito de Gonzalo para aguantar la marca y ceder en banda al madrile\u00f1o batiendo a \u00c1lvaro Fern\u00e1ndez de tiro cruzado (<strong>1-0<\/strong>)<\/p>\n\n\n\n<p><strong>Gonzalo <\/strong>tuvo el 2-0 en sus botas en un uno contra uno a los 22 minutos, pero esta vez el meta asturiano mand\u00f3 el esf\u00e9rico a saque de esquina. L\u00e1stima.<\/p>\n\n\n\n<p>El esf\u00e9rico con presencia en el campo del Avil\u00e9s dej\u00f3 ver alg\u00fan t\u00edmido acercamiento de los de Manolo S\u00e1nchez. Y en uno de ellos acercar\u00edan los avilesinos para igualar la contienda. Acert\u00f3 <strong>Claudio Medina<\/strong> para tristeza de la grada del Juan Carlos Higuero (<strong>1-1<\/strong>)<\/p>\n\n\n\n<p>A pesar del jarro de agua fr\u00eda, los de la tierras del Duero continuar\u00edan con su se\u00f1a de identidad, el juego al ataque. Pero apenas hubo r\u00e9dito a pesar de dos buenos disparos de Ayoub y Kevin. <strong>Empate al descanso<\/strong>.<\/p>\n\n\n\n<h2 class=\"wp-block-heading\">Ayoub salvador<\/h2>\n\n\n\n<p>En la segunda parte el juego comenz\u00f3 sin apenas oportunidades claras hasta el gol de <strong><a href=\"https:\/\/twitter.com\/aaayuub\">Ayoub <\/a><\/strong>a los 54 minutos de juego. Gran asistencia de nuevo de Gonzalo, control fant\u00e1stico del hispano-marroqu\u00ed y disparo certero ante la meta avilesina (<strong>2-1<\/strong>) Alegr\u00eda en la grada.<\/p>\n\n\n\n<figure class=\"wp-block-embed is-type-rich is-provider-twitter wp-block-embed-twitter\"><div class=\"wp-block-embed__wrapper\">\n<blockquote class=\"twitter-tweet\" data-width=\"550\" data-dnt=\"true\"><p lang=\"es\" dir=\"ltr\">\ud83d\udfe0 <a href=\"https:\/\/twitter.com\/hashtag\/ArandinavsAvil%C3%A9s?src=hash&amp;ref_src=twsrc%5Etfw\">#ArandinavsAvil\u00e9s<\/a><br><br>\u26bd DIRECTO&#8230; se adelanta la escuadra <a href=\"https:\/\/twitter.com\/hashtag\/blanquiazul?src=hash&amp;ref_src=twsrc%5Etfw\">#blanquiazul<\/a> gracias a <a href=\"https:\/\/twitter.com\/aaayuub?ref_src=twsrc%5Etfw\">@aaayuub<\/a><br><br>\u26aa\ud83d\udd35 <a href=\"https:\/\/twitter.com\/ArandinaCF?ref_src=twsrc%5Etfw\">@ArandinaCF<\/a> 2\ufe0f\u20e3<br>\ud83d\udd34\ud83d\udd34 <a href=\"https:\/\/twitter.com\/RealAvilesInd?ref_src=twsrc%5Etfw\">@RealAvilesInd<\/a> 1\ufe0f\u20e3<br><br>\u27a1\ufe0f 3\ufe0f\u20e31\ufe0f\u20e3&#39; jr. Gr. 1\ufe0f\u20e3 de 2\ufe0f\u20e3&#39; <a href=\"https:\/\/twitter.com\/rfef?ref_src=twsrc%5Etfw\">@rfef<\/a><br>\ud83c\udfdf\ufe0f JC Higuero<br><br>\ud83d\udcf7 <a href=\"https:\/\/twitter.com\/Monzn46?ref_src=twsrc%5Etfw\">@Monzn46<\/a> <a href=\"https:\/\/t.co\/Og2gTVzEhD\">pic.twitter.com\/Og2gTVzEhD<\/a><\/p>&mdash; Diego A. Mart\u00edn (@Diegoamartin13) <a href=\"https:\/\/twitter.com\/Diegoamartin13\/status\/1779203051972100483?ref_src=twsrc%5Etfw\">April 13, 2024<\/a><\/blockquote><script async src=\"https:\/\/platform.twitter.com\/widgets.js\" charset=\"utf-8\"><\/script>\n<\/div><\/figure>\n\n\n\n<p>Una acci\u00f3n que m\u00e1s all\u00e1 de hacer reaccionar a los asturianos propici\u00f3 los mejores minutos de los de las tierras del Duero con varias acciones para seguir metiendo en problemas al Real Avil\u00e9s.<\/p>\n\n\n\n<p>Al final los ribere\u00f1os siguen de dulce tras sumar la tercera jornada seguida sin perder sumando el<strong> segundo triunfo consecutivo<\/strong>.<\/p>\n\n\n\n<p>Ahora el devenir de la Arandina en la categor\u00eda queda en sus manos m\u00e1s all\u00e1 del empate del Villalb\u00e9s ante el Cay\u00f3n (2-2) y lo que haga la Gimn\u00e1stica de Torrelavega ante Langreo este domingo (17:00 h)<\/p>\n","protected":false},"excerpt":{"rendered":"<p>Ayoub desnivela el choque en la segunda parte para los blanquiazules que aprovechan el tropiezo del Villalb\u00e9s. Kevin hizo el 1-0 y Medina igual\u00f3 antes del descanso. Restan nueve puntos [&hellip;]<\/p>\n","protected":false},"author":3,"featured_media":2513,"comment_status":"open","ping_status":"open","sticky":false,"template":"","format":"standard","meta":{"footnotes":""},"categories":[17,15],"tags":[43,22,293,26,292,36,88],"class_list":["post-2501","post","type-post","status-publish","format-standard","has-post-thumbnail","category-futbol","category-portada","tag-aranda-de-duero","tag-arandina","tag-aviles","tag-futbol","tag-real-aviles","tag-rfef","tag-segunda-federacion"],"yoast_head":"<!-- This site is optimized with the Yoast SEO plugin v27.5 - https:\/\/yoast.com\/product\/yoast-seo-wordpress\/ -->\r\n<title>La Arandina alarga la vida en Segunda Federaci\u00f3n (2-1)<\/title>\r\n<meta name=\"description\" content=\"El Deporte de Aranda y las tierras del Duero\" \/>\r\n<meta name=\"robots\" content=\"index, follow, max-snippet:-1, max-image-preview:large, max-video-preview:-1\" \/>\r\n<link rel=\"canonical\" href=\"https:\/\/www.duerodeporte.com\/index.php\/archivos\/2501\" \/>\r\n<meta property=\"og:locale\" content=\"es_ES\" \/>\r\n<meta property=\"og:type\" content=\"article\" \/>\r\n<meta property=\"og:title\" content=\"La Arandina alarga la vida en Segunda Federaci\u00f3n (2-1)\" \/>\r\n<meta property=\"og:description\" content=\"El Deporte de Aranda y las tierras del Duero\" \/>\r\n<meta property=\"og:url\" content=\"https:\/\/www.duerodeporte.com\/index.php\/archivos\/2501\" \/>\r\n<meta property=\"og:site_name\" content=\"Duero Deporte\" \/>\r\n<meta property=\"article:publisher\" content=\"https:\/\/www.facebook.com\/61555928375028\" \/>\r\n<meta property=\"article:published_time\" content=\"2024-04-13T18:01:22+00:00\" \/>\r\n<meta property=\"article:modified_time\" content=\"2024-04-13T18:03:58+00:00\" \/>\r\n<meta property=\"og:image\" content=\"https:\/\/www.duerodeporte.com\/wp-content\/uploads\/2024\/04\/WhatsApp-Image-2024-04-13-at-19.30.54-scaled.jpeg\" \/>\r\n\t<meta property=\"og:image:width\" content=\"2560\" \/>\r\n\t<meta property=\"og:image:height\" content=\"1707\" \/>\r\n\t<meta property=\"og:image:type\" content=\"image\/jpeg\" \/>\r\n<meta name=\"author\" content=\"Diego A. Mart\u00edn\" \/>\r\n<meta name=\"twitter:card\" content=\"summary_large_image\" \/>\r\n<meta name=\"twitter:creator\" content=\"@Diegoamartin13\" \/>\r\n<meta name=\"twitter:site\" content=\"@Diegoamartin13\" \/>\r\n<meta name=\"twitter:label1\" content=\"Escrito por\" \/>\n\t<meta name=\"twitter:data1\" content=\"Diego A. Mart\u00edn\" \/>\n\t<meta name=\"twitter:label2\" content=\"Tiempo de lectura\" \/>\n\t<meta name=\"twitter:data2\" content=\"3 minutos\" \/>\r\n<script type=\"application\/ld+json\" class=\"yoast-schema-graph\">{\"@context\":\"https:\\\/\\\/schema.org\",\"@graph\":[{\"@type\":[\"Article\",\"SocialMediaPosting\"],\"@id\":\"https:\\\/\\\/www.duerodeporte.com\\\/index.php\\\/archivos\\\/2501#article\",\"isPartOf\":{\"@id\":\"https:\\\/\\\/www.duerodeporte.com\\\/index.php\\\/archivos\\\/2501\"},\"author\":{\"name\":\"Diego A. Mart\u00edn\",\"@id\":\"https:\\\/\\\/www.duerodeporte.com\\\/#\\\/schema\\\/person\\\/5f3368966f635b5ae0d23ffaf7a7f894\"},\"headline\":\"La Arandina alarga la vida en Segunda Federaci\u00f3n (2-1)\",\"datePublished\":\"2024-04-13T18:01:22+00:00\",\"dateModified\":\"2024-04-13T18:03:58+00:00\",\"mainEntityOfPage\":{\"@id\":\"https:\\\/\\\/www.duerodeporte.com\\\/index.php\\\/archivos\\\/2501\"},\"wordCount\":448,\"commentCount\":0,\"publisher\":{\"@id\":\"https:\\\/\\\/www.duerodeporte.com\\\/#organization\"},\"image\":{\"@id\":\"https:\\\/\\\/www.duerodeporte.com\\\/index.php\\\/archivos\\\/2501#primaryimage\"},\"thumbnailUrl\":\"https:\\\/\\\/www.duerodeporte.com\\\/wp-content\\\/uploads\\\/2024\\\/04\\\/WhatsApp-Image-2024-04-13-at-19.30.54-scaled.jpeg\",\"keywords\":[\"aranda de duero\",\"arandina\",\"Avil\u00e9s\",\"f\u00fatbol\",\"Real Avil\u00e9s\",\"RFEF\",\"Segunda Federaci\u00f3n\"],\"articleSection\":[\"FUTBOL\",\"z_PORTADA\"],\"inLanguage\":\"es\",\"potentialAction\":[{\"@type\":\"CommentAction\",\"name\":\"Comment\",\"target\":[\"https:\\\/\\\/www.duerodeporte.com\\\/index.php\\\/archivos\\\/2501#respond\"]}]},{\"@type\":[\"WebPage\",\"ItemPage\"],\"@id\":\"https:\\\/\\\/www.duerodeporte.com\\\/index.php\\\/archivos\\\/2501\",\"url\":\"https:\\\/\\\/www.duerodeporte.com\\\/index.php\\\/archivos\\\/2501\",\"name\":\"La Arandina alarga la vida en Segunda Federaci\u00f3n (2-1)\",\"isPartOf\":{\"@id\":\"https:\\\/\\\/www.duerodeporte.com\\\/#website\"},\"primaryImageOfPage\":{\"@id\":\"https:\\\/\\\/www.duerodeporte.com\\\/index.php\\\/archivos\\\/2501#primaryimage\"},\"image\":{\"@id\":\"https:\\\/\\\/www.duerodeporte.com\\\/index.php\\\/archivos\\\/2501#primaryimage\"},\"thumbnailUrl\":\"https:\\\/\\\/www.duerodeporte.com\\\/wp-content\\\/uploads\\\/2024\\\/04\\\/WhatsApp-Image-2024-04-13-at-19.30.54-scaled.jpeg\",\"datePublished\":\"2024-04-13T18:01:22+00:00\",\"dateModified\":\"2024-04-13T18:03:58+00:00\",\"description\":\"El Deporte de Aranda y las tierras del Duero\",\"breadcrumb\":{\"@id\":\"https:\\\/\\\/www.duerodeporte.com\\\/index.php\\\/archivos\\\/2501#breadcrumb\"},\"inLanguage\":\"es\",\"potentialAction\":[{\"@type\":\"ReadAction\",\"target\":[\"https:\\\/\\\/www.duerodeporte.com\\\/index.php\\\/archivos\\\/2501\"]}]},{\"@type\":\"ImageObject\",\"inLanguage\":\"es\",\"@id\":\"https:\\\/\\\/www.duerodeporte.com\\\/index.php\\\/archivos\\\/2501#primaryimage\",\"url\":\"https:\\\/\\\/www.duerodeporte.com\\\/wp-content\\\/uploads\\\/2024\\\/04\\\/WhatsApp-Image-2024-04-13-at-19.30.54-scaled.jpeg\",\"contentUrl\":\"https:\\\/\\\/www.duerodeporte.com\\\/wp-content\\\/uploads\\\/2024\\\/04\\\/WhatsApp-Image-2024-04-13-at-19.30.54-scaled.jpeg\",\"width\":2560,\"height\":1707,\"caption\":\"La alegr\u00eda de los blanquiazules tras el tanto de Ayoub. \\\/ Cristian Monzon\"},{\"@type\":\"BreadcrumbList\",\"@id\":\"https:\\\/\\\/www.duerodeporte.com\\\/index.php\\\/archivos\\\/2501#breadcrumb\",\"itemListElement\":[{\"@type\":\"ListItem\",\"position\":1,\"name\":\"Portada\",\"item\":\"https:\\\/\\\/www.duerodeporte.com\\\/\"},{\"@type\":\"ListItem\",\"position\":2,\"name\":\"La Arandina alarga la vida en Segunda Federaci\u00f3n (2-1)\"}]},{\"@type\":\"WebSite\",\"@id\":\"https:\\\/\\\/www.duerodeporte.com\\\/#website\",\"url\":\"https:\\\/\\\/www.duerodeporte.com\\\/\",\"name\":\"Duero Deporte\",\"description\":\"El Deporte de Aranda y las tierras del Duero\",\"publisher\":{\"@id\":\"https:\\\/\\\/www.duerodeporte.com\\\/#organization\"},\"alternateName\":\"El Deporte de Aranda y las tierras del Duero\",\"potentialAction\":[{\"@type\":\"SearchAction\",\"target\":{\"@type\":\"EntryPoint\",\"urlTemplate\":\"https:\\\/\\\/www.duerodeporte.com\\\/?s={search_term_string}\"},\"query-input\":{\"@type\":\"PropertyValueSpecification\",\"valueRequired\":true,\"valueName\":\"search_term_string\"}}],\"inLanguage\":\"es\"},{\"@type\":\"Organization\",\"@id\":\"https:\\\/\\\/www.duerodeporte.com\\\/#organization\",\"name\":\"Duero Deporte\",\"alternateName\":\"El Deporte de Aranda y las tierras del Duero\",\"url\":\"https:\\\/\\\/www.duerodeporte.com\\\/\",\"logo\":{\"@type\":\"ImageObject\",\"inLanguage\":\"es\",\"@id\":\"https:\\\/\\\/www.duerodeporte.com\\\/#\\\/schema\\\/logo\\\/image\\\/\",\"url\":\"https:\\\/\\\/www.duerodeporte.com\\\/wp-content\\\/uploads\\\/2023\\\/11\\\/A.ColorSinFondo-e1708011627555.png\",\"contentUrl\":\"https:\\\/\\\/www.duerodeporte.com\\\/wp-content\\\/uploads\\\/2023\\\/11\\\/A.ColorSinFondo-e1708011627555.png\",\"width\":750,\"height\":132,\"caption\":\"Duero Deporte\"},\"image\":{\"@id\":\"https:\\\/\\\/www.duerodeporte.com\\\/#\\\/schema\\\/logo\\\/image\\\/\"},\"sameAs\":[\"https:\\\/\\\/www.facebook.com\\\/61555928375028\",\"https:\\\/\\\/x.com\\\/Diegoamartin13\",\"https:\\\/\\\/www.youtube.com\\\/channel\\\/UCxIGQL8b9gmW-NjaChabCdA\"]},{\"@type\":\"Person\",\"@id\":\"https:\\\/\\\/www.duerodeporte.com\\\/#\\\/schema\\\/person\\\/5f3368966f635b5ae0d23ffaf7a7f894\",\"name\":\"Diego A. Mart\u00edn\",\"image\":{\"@type\":\"ImageObject\",\"inLanguage\":\"es\",\"@id\":\"https:\\\/\\\/www.duerodeporte.com\\\/wp-content\\\/uploads\\\/2024\\\/01\\\/Diego2-e1706522808572-150x150.jpeg\",\"url\":\"https:\\\/\\\/www.duerodeporte.com\\\/wp-content\\\/uploads\\\/2024\\\/01\\\/Diego2-e1706522808572-150x150.jpeg\",\"contentUrl\":\"https:\\\/\\\/www.duerodeporte.com\\\/wp-content\\\/uploads\\\/2024\\\/01\\\/Diego2-e1706522808572-150x150.jpeg\",\"caption\":\"Diego A. Mart\u00edn\"},\"url\":\"https:\\\/\\\/www.duerodeporte.com\\\/index.php\\\/archivos\\\/author\\\/diego\"}]}<\/script>\r\n<!-- \/ Yoast SEO plugin. -->","yoast_head_json":{"title":"La Arandina alarga la vida en Segunda Federaci\u00f3n (2-1)","description":"El Deporte de Aranda y las tierras del Duero","robots":{"index":"index","follow":"follow","max-snippet":"max-snippet:-1","max-image-preview":"max-image-preview:large","max-video-preview":"max-video-preview:-1"},"canonical":"https:\/\/www.duerodeporte.com\/index.php\/archivos\/2501","og_locale":"es_ES","og_type":"article","og_title":"La Arandina alarga la vida en Segunda Federaci\u00f3n (2-1)","og_description":"El Deporte de Aranda y las tierras del Duero","og_url":"https:\/\/www.duerodeporte.com\/index.php\/archivos\/2501","og_site_name":"Duero Deporte","article_publisher":"https:\/\/www.facebook.com\/61555928375028","article_published_time":"2024-04-13T18:01:22+00:00","article_modified_time":"2024-04-13T18:03:58+00:00","og_image":[{"width":2560,"height":1707,"url":"https:\/\/www.duerodeporte.com\/wp-content\/uploads\/2024\/04\/WhatsApp-Image-2024-04-13-at-19.30.54-scaled.jpeg","type":"image\/jpeg"}],"author":"Diego A. Mart\u00edn","twitter_card":"summary_large_image","twitter_creator":"@Diegoamartin13","twitter_site":"@Diegoamartin13","twitter_misc":{"Escrito por":"Diego A. Mart\u00edn","Tiempo de lectura":"3 minutos"},"schema":{"@context":"https:\/\/schema.org","@graph":[{"@type":["Article","SocialMediaPosting"],"@id":"https:\/\/www.duerodeporte.com\/index.php\/archivos\/2501#article","isPartOf":{"@id":"https:\/\/www.duerodeporte.com\/index.php\/archivos\/2501"},"author":{"name":"Diego A. Mart\u00edn","@id":"https:\/\/www.duerodeporte.com\/#\/schema\/person\/5f3368966f635b5ae0d23ffaf7a7f894"},"headline":"La Arandina alarga la vida en Segunda Federaci\u00f3n (2-1)","datePublished":"2024-04-13T18:01:22+00:00","dateModified":"2024-04-13T18:03:58+00:00","mainEntityOfPage":{"@id":"https:\/\/www.duerodeporte.com\/index.php\/archivos\/2501"},"wordCount":448,"commentCount":0,"publisher":{"@id":"https:\/\/www.duerodeporte.com\/#organization"},"image":{"@id":"https:\/\/www.duerodeporte.com\/index.php\/archivos\/2501#primaryimage"},"thumbnailUrl":"https:\/\/www.duerodeporte.com\/wp-content\/uploads\/2024\/04\/WhatsApp-Image-2024-04-13-at-19.30.54-scaled.jpeg","keywords":["aranda de duero","arandina","Avil\u00e9s","f\u00fatbol","Real Avil\u00e9s","RFEF","Segunda Federaci\u00f3n"],"articleSection":["FUTBOL","z_PORTADA"],"inLanguage":"es","potentialAction":[{"@type":"CommentAction","name":"Comment","target":["https:\/\/www.duerodeporte.com\/index.php\/archivos\/2501#respond"]}]},{"@type":["WebPage","ItemPage"],"@id":"https:\/\/www.duerodeporte.com\/index.php\/archivos\/2501","url":"https:\/\/www.duerodeporte.com\/index.php\/archivos\/2501","name":"La Arandina alarga la vida en Segunda Federaci\u00f3n (2-1)","isPartOf":{"@id":"https:\/\/www.duerodeporte.com\/#website"},"primaryImageOfPage":{"@id":"https:\/\/www.duerodeporte.com\/index.php\/archivos\/2501#primaryimage"},"image":{"@id":"https:\/\/www.duerodeporte.com\/index.php\/archivos\/2501#primaryimage"},"thumbnailUrl":"https:\/\/www.duerodeporte.com\/wp-content\/uploads\/2024\/04\/WhatsApp-Image-2024-04-13-at-19.30.54-scaled.jpeg","datePublished":"2024-04-13T18:01:22+00:00","dateModified":"2024-04-13T18:03:58+00:00","description":"El Deporte de Aranda y las tierras del Duero","breadcrumb":{"@id":"https:\/\/www.duerodeporte.com\/index.php\/archivos\/2501#breadcrumb"},"inLanguage":"es","potentialAction":[{"@type":"ReadAction","target":["https:\/\/www.duerodeporte.com\/index.php\/archivos\/2501"]}]},{"@type":"ImageObject","inLanguage":"es","@id":"https:\/\/www.duerodeporte.com\/index.php\/archivos\/2501#primaryimage","url":"https:\/\/www.duerodeporte.com\/wp-content\/uploads\/2024\/04\/WhatsApp-Image-2024-04-13-at-19.30.54-scaled.jpeg","contentUrl":"https:\/\/www.duerodeporte.com\/wp-content\/uploads\/2024\/04\/WhatsApp-Image-2024-04-13-at-19.30.54-scaled.jpeg","width":2560,"height":1707,"caption":"La alegr\u00eda de los blanquiazules tras el tanto de Ayoub. \/ Cristian Monzon"},{"@type":"BreadcrumbList","@id":"https:\/\/www.duerodeporte.com\/index.php\/archivos\/2501#breadcrumb","itemListElement":[{"@type":"ListItem","position":1,"name":"Portada","item":"https:\/\/www.duerodeporte.com\/"},{"@type":"ListItem","position":2,"name":"La Arandina alarga la vida en Segunda Federaci\u00f3n (2-1)"}]},{"@type":"WebSite","@id":"https:\/\/www.duerodeporte.com\/#website","url":"https:\/\/www.duerodeporte.com\/","name":"Duero Deporte","description":"El Deporte de Aranda y las tierras del Duero","publisher":{"@id":"https:\/\/www.duerodeporte.com\/#organization"},"alternateName":"El Deporte de Aranda y las tierras del Duero","potentialAction":[{"@type":"SearchAction","target":{"@type":"EntryPoint","urlTemplate":"https:\/\/www.duerodeporte.com\/?s={search_term_string}"},"query-input":{"@type":"PropertyValueSpecification","valueRequired":true,"valueName":"search_term_string"}}],"inLanguage":"es"},{"@type":"Organization","@id":"https:\/\/www.duerodeporte.com\/#organization","name":"Duero Deporte","alternateName":"El Deporte de Aranda y las tierras del Duero","url":"https:\/\/www.duerodeporte.com\/","logo":{"@type":"ImageObject","inLanguage":"es","@id":"https:\/\/www.duerodeporte.com\/#\/schema\/logo\/image\/","url":"https:\/\/www.duerodeporte.com\/wp-content\/uploads\/2023\/11\/A.ColorSinFondo-e1708011627555.png","contentUrl":"https:\/\/www.duerodeporte.com\/wp-content\/uploads\/2023\/11\/A.ColorSinFondo-e1708011627555.png","width":750,"height":132,"caption":"Duero Deporte"},"image":{"@id":"https:\/\/www.duerodeporte.com\/#\/schema\/logo\/image\/"},"sameAs":["https:\/\/www.facebook.com\/61555928375028","https:\/\/x.com\/Diegoamartin13","https:\/\/www.youtube.com\/channel\/UCxIGQL8b9gmW-NjaChabCdA"]},{"@type":"Person","@id":"https:\/\/www.duerodeporte.com\/#\/schema\/person\/5f3368966f635b5ae0d23ffaf7a7f894","name":"Diego A. Mart\u00edn","image":{"@type":"ImageObject","inLanguage":"es","@id":"https:\/\/www.duerodeporte.com\/wp-content\/uploads\/2024\/01\/Diego2-e1706522808572-150x150.jpeg","url":"https:\/\/www.duerodeporte.com\/wp-content\/uploads\/2024\/01\/Diego2-e1706522808572-150x150.jpeg","contentUrl":"https:\/\/www.duerodeporte.com\/wp-content\/uploads\/2024\/01\/Diego2-e1706522808572-150x150.jpeg","caption":"Diego A. Mart\u00edn"},"url":"https:\/\/www.duerodeporte.com\/index.php\/archivos\/author\/diego"}]}},"views":505,"_links":{"self":[{"href":"https:\/\/www.duerodeporte.com\/index.php\/wp-json\/wp\/v2\/posts\/2501","targetHints":{"allow":["GET"]}}],"collection":[{"href":"https:\/\/www.duerodeporte.com\/index.php\/wp-json\/wp\/v2\/posts"}],"about":[{"href":"https:\/\/www.duerodeporte.com\/index.php\/wp-json\/wp\/v2\/types\/post"}],"author":[{"embeddable":true,"href":"https:\/\/www.duerodeporte.com\/index.php\/wp-json\/wp\/v2\/users\/3"}],"replies":[{"embeddable":true,"href":"https:\/\/www.duerodeporte.com\/index.php\/wp-json\/wp\/v2\/comments?post=2501"}],"version-history":[{"count":13,"href":"https:\/\/www.duerodeporte.com\/index.php\/wp-json\/wp\/v2\/posts\/2501\/revisions"}],"predecessor-version":[{"id":2516,"href":"https:\/\/www.duerodeporte.com\/index.php\/wp-json\/wp\/v2\/posts\/2501\/revisions\/2516"}],"wp:featuredmedia":[{"embeddable":true,"href":"https:\/\/www.duerodeporte.com\/index.php\/wp-json\/wp\/v2\/media\/2513"}],"wp:attachment":[{"href":"https:\/\/www.duerodeporte.com\/index.php\/wp-json\/wp\/v2\/media?parent=2501"}],"wp:term":[{"taxonomy":"category","embeddable":true,"href":"https:\/\/www.duerodeporte.com\/index.php\/wp-json\/wp\/v2\/categories?post=2501"},{"taxonomy":"post_tag","embeddable":true,"href":"https:\/\/www.duerodeporte.com\/index.php\/wp-json\/wp\/v2\/tags?post=2501"}],"curies":[{"name":"wp","href":"https:\/\/api.w.org\/{rel}","templated":true}]}}