{"id":2565,"date":"2024-04-16T11:00:47","date_gmt":"2024-04-16T10:00:47","guid":{"rendered":"https:\/\/www.duerodeporte.com\/?p=2565"},"modified":"2024-04-16T11:10:36","modified_gmt":"2024-04-16T10:10:36","slug":"la-fiebre-por-la-ribera-run-experience-agota-las-plazas-para-la-prueba-de-media-distancia","status":"publish","type":"post","link":"https:\/\/www.duerodeporte.com\/index.php\/archivos\/2565","title":{"rendered":"La fiebre por la Ribera Run Experience agota las plazas para la prueba de media distancia"},"content":{"rendered":"\n<h2 class=\"wp-block-heading\">En menos de un mes se ha cerrado la inscripci\u00f3n en la carrera de 17 kil\u00f3metros. La organizaci\u00f3n mantiene abierto el plazo para participar en las distancias de 7 y 30 kil\u00f3metros. La pasada edici\u00f3n alrededor de 800 corredores se dieron cita entre los vi\u00f1edos del Duero<\/h2>\n\n\n\n<p>La singular cita con el deporte y el enoturismo que se celebra desde hace cinco ediciones en la localidad vallisoletana de <strong>Pe\u00f1afiel <\/strong>y las bodegas de sus alrededores sigue siendo uno de los destinos preferidos para los <strong>trail runners <\/strong>de todo el panorama nacional.<\/p>\n\n\n\n<p>La <strong><a href=\"https:\/\/www.riberarun.com\/\">Ribera Run Experience<\/a><\/strong>, que el pr\u00f3ximo <strong>14 de septiembre<\/strong> celebrar\u00e1 su <strong>VI edici\u00f3n<\/strong>, sigue contando con una extraordinaria demanda. Prueba de ello la fiebre desatada en los \u00faltimos a\u00f1os que ha provocado que <strong>se hayan agotado las inscripciones en las distancia de los 17 kil\u00f3metros<\/strong>, como anunciaba recientemente la organizaci\u00f3n de la carrera.<\/p>\n\n\n<div class=\"wp-block-image\">\n<figure class=\"aligncenter size-full\"><img loading=\"lazy\" decoding=\"async\" width=\"767\" height=\"668\" src=\"https:\/\/www.duerodeporte.com\/wp-content\/uploads\/2024\/04\/431993220_935469885023860_5761233690896834559_n3.jpg\" alt=\"\" class=\"wp-image-2569\" srcset=\"https:\/\/www.duerodeporte.com\/wp-content\/uploads\/2024\/04\/431993220_935469885023860_5761233690896834559_n3.jpg 767w, https:\/\/www.duerodeporte.com\/wp-content\/uploads\/2024\/04\/431993220_935469885023860_5761233690896834559_n3-300x261.jpg 300w, https:\/\/www.duerodeporte.com\/wp-content\/uploads\/2024\/04\/431993220_935469885023860_5761233690896834559_n3-696x606.jpg 696w\" sizes=\"auto, (max-width: 767px) 100vw, 767px\" \/><figcaption class=\"wp-element-caption\">La organizaci\u00f3n anunciaba que quedaban agotadas las plazas para los 17 kil\u00f3metros. \/ RRE<\/figcaption><\/figure>\n<\/div>\n\n\n<p>A pesar de todo y dado el car\u00e1cter adaptativo para cada corredor, la cita mantiene <strong>a\u00fan <a href=\"https:\/\/inscripciones.empa-t.com\/inscripcion\/ribera-run-experience-2024\/inscripcion_descuento\/\">abierto el plazo de inscripci\u00f3n<\/a> para las otras dos distancias de la Ribera Run Experience <\/strong>&#8211;<strong>7 o 30 kil\u00f3metros<\/strong>-.<\/p>\n\n\n\n<p>Sin lugar a dudas, ninguno de los trail runners asiduos a la cita quiere perd\u00e9rselo. La pasada edici\u00f3n <strong>2023 <\/strong>alrededor de <strong>800 participantes<\/strong> tomaron la salida y este a\u00f1o la organizaci\u00f3n aspira a lograr una cifra similar.<\/p>\n","protected":false},"excerpt":{"rendered":"<p>En menos de un mes se ha cerrado la inscripci\u00f3n en la carrera de 17 kil\u00f3metros. La organizaci\u00f3n mantiene abierto el plazo para participar en las distancias de 7 y [&hellip;]<\/p>\n","protected":false},"author":3,"featured_media":2567,"comment_status":"open","ping_status":"open","sticky":false,"template":"","format":"standard","meta":{"footnotes":""},"categories":[48,15],"tags":[61,305,303,255,304,83,302],"class_list":["post-2565","post","type-post","status-publish","format-standard","has-post-thumbnail","category-duero","category-portada","tag-deporte","tag-enoturismo","tag-penafiel","tag-ribera-del-duero","tag-ribera-run-experience","tag-tierras-del-duero","tag-trail-running"],"yoast_head":"<!-- This site is optimized with the Yoast SEO plugin v27.5 - https:\/\/yoast.com\/product\/yoast-seo-wordpress\/ -->\r\n<title>La fiebre por la Ribera Run Experience agota las plazas para la prueba de media distancia<\/title>\r\n<meta name=\"description\" content=\"El Deporte de Aranda y las tierras del Duero\" \/>\r\n<meta name=\"robots\" content=\"index, follow, max-snippet:-1, max-image-preview:large, max-video-preview:-1\" \/>\r\n<link rel=\"canonical\" href=\"https:\/\/www.duerodeporte.com\/index.php\/archivos\/2565\" \/>\r\n<meta property=\"og:locale\" content=\"es_ES\" \/>\r\n<meta property=\"og:type\" content=\"article\" \/>\r\n<meta property=\"og:title\" content=\"La fiebre por la Ribera Run Experience agota las plazas para la prueba de media distancia\" \/>\r\n<meta property=\"og:description\" content=\"El Deporte de Aranda y las tierras del Duero\" \/>\r\n<meta property=\"og:url\" content=\"https:\/\/www.duerodeporte.com\/index.php\/archivos\/2565\" \/>\r\n<meta property=\"og:site_name\" content=\"Duero Deporte\" \/>\r\n<meta property=\"article:publisher\" content=\"https:\/\/www.facebook.com\/61555928375028\" \/>\r\n<meta property=\"article:published_time\" content=\"2024-04-16T10:00:47+00:00\" \/>\r\n<meta property=\"article:modified_time\" content=\"2024-04-16T10:10:36+00:00\" \/>\r\n<meta property=\"og:image\" content=\"https:\/\/www.duerodeporte.com\/wp-content\/uploads\/2024\/04\/431993220_935469885023860_5761233690896834559_n-e1713262224497.jpg\" \/>\r\n\t<meta property=\"og:image:width\" content=\"1542\" \/>\r\n\t<meta property=\"og:image:height\" content=\"1068\" \/>\r\n\t<meta property=\"og:image:type\" content=\"image\/jpeg\" \/>\r\n<meta name=\"author\" content=\"Diego A. Mart\u00edn\" \/>\r\n<meta name=\"twitter:card\" content=\"summary_large_image\" \/>\r\n<meta name=\"twitter:creator\" content=\"@Diegoamartin13\" \/>\r\n<meta name=\"twitter:site\" content=\"@Diegoamartin13\" \/>\r\n<meta name=\"twitter:label1\" content=\"Escrito por\" \/>\n\t<meta name=\"twitter:data1\" content=\"Diego A. Mart\u00edn\" \/>\n\t<meta name=\"twitter:label2\" content=\"Tiempo de lectura\" \/>\n\t<meta name=\"twitter:data2\" content=\"2 minutos\" \/>\r\n<script type=\"application\/ld+json\" class=\"yoast-schema-graph\">{\"@context\":\"https:\\\/\\\/schema.org\",\"@graph\":[{\"@type\":[\"Article\",\"SocialMediaPosting\"],\"@id\":\"https:\\\/\\\/www.duerodeporte.com\\\/index.php\\\/archivos\\\/2565#article\",\"isPartOf\":{\"@id\":\"https:\\\/\\\/www.duerodeporte.com\\\/index.php\\\/archivos\\\/2565\"},\"author\":{\"name\":\"Diego A. Mart\u00edn\",\"@id\":\"https:\\\/\\\/www.duerodeporte.com\\\/#\\\/schema\\\/person\\\/5f3368966f635b5ae0d23ffaf7a7f894\"},\"headline\":\"La fiebre por la Ribera Run Experience agota las plazas para la prueba de media distancia\",\"datePublished\":\"2024-04-16T10:00:47+00:00\",\"dateModified\":\"2024-04-16T10:10:36+00:00\",\"mainEntityOfPage\":{\"@id\":\"https:\\\/\\\/www.duerodeporte.com\\\/index.php\\\/archivos\\\/2565\"},\"wordCount\":258,\"commentCount\":0,\"publisher\":{\"@id\":\"https:\\\/\\\/www.duerodeporte.com\\\/#organization\"},\"image\":{\"@id\":\"https:\\\/\\\/www.duerodeporte.com\\\/index.php\\\/archivos\\\/2565#primaryimage\"},\"thumbnailUrl\":\"https:\\\/\\\/www.duerodeporte.com\\\/wp-content\\\/uploads\\\/2024\\\/04\\\/431993220_935469885023860_5761233690896834559_n-e1713262224497.jpg\",\"keywords\":[\"deporte\",\"enoturismo\",\"Pe\u00f1afiel\",\"Ribera del Duero\",\"Ribera Run Experience\",\"tierras del duero\",\"Trail running\"],\"articleSection\":[\"DUERO\",\"z_PORTADA\"],\"inLanguage\":\"es\",\"potentialAction\":[{\"@type\":\"CommentAction\",\"name\":\"Comment\",\"target\":[\"https:\\\/\\\/www.duerodeporte.com\\\/index.php\\\/archivos\\\/2565#respond\"]}]},{\"@type\":[\"WebPage\",\"ItemPage\"],\"@id\":\"https:\\\/\\\/www.duerodeporte.com\\\/index.php\\\/archivos\\\/2565\",\"url\":\"https:\\\/\\\/www.duerodeporte.com\\\/index.php\\\/archivos\\\/2565\",\"name\":\"La fiebre por la Ribera Run Experience agota las plazas para la prueba de media distancia\",\"isPartOf\":{\"@id\":\"https:\\\/\\\/www.duerodeporte.com\\\/#website\"},\"primaryImageOfPage\":{\"@id\":\"https:\\\/\\\/www.duerodeporte.com\\\/index.php\\\/archivos\\\/2565#primaryimage\"},\"image\":{\"@id\":\"https:\\\/\\\/www.duerodeporte.com\\\/index.php\\\/archivos\\\/2565#primaryimage\"},\"thumbnailUrl\":\"https:\\\/\\\/www.duerodeporte.com\\\/wp-content\\\/uploads\\\/2024\\\/04\\\/431993220_935469885023860_5761233690896834559_n-e1713262224497.jpg\",\"datePublished\":\"2024-04-16T10:00:47+00:00\",\"dateModified\":\"2024-04-16T10:10:36+00:00\",\"description\":\"El Deporte de Aranda y las tierras del Duero\",\"breadcrumb\":{\"@id\":\"https:\\\/\\\/www.duerodeporte.com\\\/index.php\\\/archivos\\\/2565#breadcrumb\"},\"inLanguage\":\"es\",\"potentialAction\":[{\"@type\":\"ReadAction\",\"target\":[\"https:\\\/\\\/www.duerodeporte.com\\\/index.php\\\/archivos\\\/2565\"]}]},{\"@type\":\"ImageObject\",\"inLanguage\":\"es\",\"@id\":\"https:\\\/\\\/www.duerodeporte.com\\\/index.php\\\/archivos\\\/2565#primaryimage\",\"url\":\"https:\\\/\\\/www.duerodeporte.com\\\/wp-content\\\/uploads\\\/2024\\\/04\\\/431993220_935469885023860_5761233690896834559_n-e1713262224497.jpg\",\"contentUrl\":\"https:\\\/\\\/www.duerodeporte.com\\\/wp-content\\\/uploads\\\/2024\\\/04\\\/431993220_935469885023860_5761233690896834559_n-e1713262224497.jpg\",\"width\":1542,\"height\":1068,\"caption\":\"Una de las instant\u00e1neas que dej\u00f3 la pasada edici\u00f3n durante el paso de los corredores por algunas de las bodegas del entorno. \\\/ Ribera Run Experience\"},{\"@type\":\"BreadcrumbList\",\"@id\":\"https:\\\/\\\/www.duerodeporte.com\\\/index.php\\\/archivos\\\/2565#breadcrumb\",\"itemListElement\":[{\"@type\":\"ListItem\",\"position\":1,\"name\":\"Portada\",\"item\":\"https:\\\/\\\/www.duerodeporte.com\\\/\"},{\"@type\":\"ListItem\",\"position\":2,\"name\":\"La fiebre por la Ribera Run Experience agota las plazas para la prueba de media distancia\"}]},{\"@type\":\"WebSite\",\"@id\":\"https:\\\/\\\/www.duerodeporte.com\\\/#website\",\"url\":\"https:\\\/\\\/www.duerodeporte.com\\\/\",\"name\":\"Duero Deporte\",\"description\":\"El Deporte de Aranda y las tierras del Duero\",\"publisher\":{\"@id\":\"https:\\\/\\\/www.duerodeporte.com\\\/#organization\"},\"alternateName\":\"El Deporte de Aranda y las tierras del Duero\",\"potentialAction\":[{\"@type\":\"SearchAction\",\"target\":{\"@type\":\"EntryPoint\",\"urlTemplate\":\"https:\\\/\\\/www.duerodeporte.com\\\/?s={search_term_string}\"},\"query-input\":{\"@type\":\"PropertyValueSpecification\",\"valueRequired\":true,\"valueName\":\"search_term_string\"}}],\"inLanguage\":\"es\"},{\"@type\":\"Organization\",\"@id\":\"https:\\\/\\\/www.duerodeporte.com\\\/#organization\",\"name\":\"Duero Deporte\",\"alternateName\":\"El Deporte de Aranda y las tierras del Duero\",\"url\":\"https:\\\/\\\/www.duerodeporte.com\\\/\",\"logo\":{\"@type\":\"ImageObject\",\"inLanguage\":\"es\",\"@id\":\"https:\\\/\\\/www.duerodeporte.com\\\/#\\\/schema\\\/logo\\\/image\\\/\",\"url\":\"https:\\\/\\\/www.duerodeporte.com\\\/wp-content\\\/uploads\\\/2023\\\/11\\\/A.ColorSinFondo-e1708011627555.png\",\"contentUrl\":\"https:\\\/\\\/www.duerodeporte.com\\\/wp-content\\\/uploads\\\/2023\\\/11\\\/A.ColorSinFondo-e1708011627555.png\",\"width\":750,\"height\":132,\"caption\":\"Duero Deporte\"},\"image\":{\"@id\":\"https:\\\/\\\/www.duerodeporte.com\\\/#\\\/schema\\\/logo\\\/image\\\/\"},\"sameAs\":[\"https:\\\/\\\/www.facebook.com\\\/61555928375028\",\"https:\\\/\\\/x.com\\\/Diegoamartin13\",\"https:\\\/\\\/www.youtube.com\\\/channel\\\/UCxIGQL8b9gmW-NjaChabCdA\"]},{\"@type\":\"Person\",\"@id\":\"https:\\\/\\\/www.duerodeporte.com\\\/#\\\/schema\\\/person\\\/5f3368966f635b5ae0d23ffaf7a7f894\",\"name\":\"Diego A. Mart\u00edn\",\"image\":{\"@type\":\"ImageObject\",\"inLanguage\":\"es\",\"@id\":\"https:\\\/\\\/www.duerodeporte.com\\\/wp-content\\\/uploads\\\/2024\\\/01\\\/Diego2-e1706522808572-150x150.jpeg\",\"url\":\"https:\\\/\\\/www.duerodeporte.com\\\/wp-content\\\/uploads\\\/2024\\\/01\\\/Diego2-e1706522808572-150x150.jpeg\",\"contentUrl\":\"https:\\\/\\\/www.duerodeporte.com\\\/wp-content\\\/uploads\\\/2024\\\/01\\\/Diego2-e1706522808572-150x150.jpeg\",\"caption\":\"Diego A. Mart\u00edn\"},\"url\":\"https:\\\/\\\/www.duerodeporte.com\\\/index.php\\\/archivos\\\/author\\\/diego\"}]}<\/script>\r\n<!-- \/ Yoast SEO plugin. -->","yoast_head_json":{"title":"La fiebre por la Ribera Run Experience agota las plazas para la prueba de media distancia","description":"El Deporte de Aranda y las tierras del Duero","robots":{"index":"index","follow":"follow","max-snippet":"max-snippet:-1","max-image-preview":"max-image-preview:large","max-video-preview":"max-video-preview:-1"},"canonical":"https:\/\/www.duerodeporte.com\/index.php\/archivos\/2565","og_locale":"es_ES","og_type":"article","og_title":"La fiebre por la Ribera Run Experience agota las plazas para la prueba de media distancia","og_description":"El Deporte de Aranda y las tierras del Duero","og_url":"https:\/\/www.duerodeporte.com\/index.php\/archivos\/2565","og_site_name":"Duero Deporte","article_publisher":"https:\/\/www.facebook.com\/61555928375028","article_published_time":"2024-04-16T10:00:47+00:00","article_modified_time":"2024-04-16T10:10:36+00:00","og_image":[{"width":1542,"height":1068,"url":"https:\/\/www.duerodeporte.com\/wp-content\/uploads\/2024\/04\/431993220_935469885023860_5761233690896834559_n-e1713262224497.jpg","type":"image\/jpeg"}],"author":"Diego A. Mart\u00edn","twitter_card":"summary_large_image","twitter_creator":"@Diegoamartin13","twitter_site":"@Diegoamartin13","twitter_misc":{"Escrito por":"Diego A. Mart\u00edn","Tiempo de lectura":"2 minutos"},"schema":{"@context":"https:\/\/schema.org","@graph":[{"@type":["Article","SocialMediaPosting"],"@id":"https:\/\/www.duerodeporte.com\/index.php\/archivos\/2565#article","isPartOf":{"@id":"https:\/\/www.duerodeporte.com\/index.php\/archivos\/2565"},"author":{"name":"Diego A. Mart\u00edn","@id":"https:\/\/www.duerodeporte.com\/#\/schema\/person\/5f3368966f635b5ae0d23ffaf7a7f894"},"headline":"La fiebre por la Ribera Run Experience agota las plazas para la prueba de media distancia","datePublished":"2024-04-16T10:00:47+00:00","dateModified":"2024-04-16T10:10:36+00:00","mainEntityOfPage":{"@id":"https:\/\/www.duerodeporte.com\/index.php\/archivos\/2565"},"wordCount":258,"commentCount":0,"publisher":{"@id":"https:\/\/www.duerodeporte.com\/#organization"},"image":{"@id":"https:\/\/www.duerodeporte.com\/index.php\/archivos\/2565#primaryimage"},"thumbnailUrl":"https:\/\/www.duerodeporte.com\/wp-content\/uploads\/2024\/04\/431993220_935469885023860_5761233690896834559_n-e1713262224497.jpg","keywords":["deporte","enoturismo","Pe\u00f1afiel","Ribera del Duero","Ribera Run Experience","tierras del duero","Trail running"],"articleSection":["DUERO","z_PORTADA"],"inLanguage":"es","potentialAction":[{"@type":"CommentAction","name":"Comment","target":["https:\/\/www.duerodeporte.com\/index.php\/archivos\/2565#respond"]}]},{"@type":["WebPage","ItemPage"],"@id":"https:\/\/www.duerodeporte.com\/index.php\/archivos\/2565","url":"https:\/\/www.duerodeporte.com\/index.php\/archivos\/2565","name":"La fiebre por la Ribera Run Experience agota las plazas para la prueba de media distancia","isPartOf":{"@id":"https:\/\/www.duerodeporte.com\/#website"},"primaryImageOfPage":{"@id":"https:\/\/www.duerodeporte.com\/index.php\/archivos\/2565#primaryimage"},"image":{"@id":"https:\/\/www.duerodeporte.com\/index.php\/archivos\/2565#primaryimage"},"thumbnailUrl":"https:\/\/www.duerodeporte.com\/wp-content\/uploads\/2024\/04\/431993220_935469885023860_5761233690896834559_n-e1713262224497.jpg","datePublished":"2024-04-16T10:00:47+00:00","dateModified":"2024-04-16T10:10:36+00:00","description":"El Deporte de Aranda y las tierras del Duero","breadcrumb":{"@id":"https:\/\/www.duerodeporte.com\/index.php\/archivos\/2565#breadcrumb"},"inLanguage":"es","potentialAction":[{"@type":"ReadAction","target":["https:\/\/www.duerodeporte.com\/index.php\/archivos\/2565"]}]},{"@type":"ImageObject","inLanguage":"es","@id":"https:\/\/www.duerodeporte.com\/index.php\/archivos\/2565#primaryimage","url":"https:\/\/www.duerodeporte.com\/wp-content\/uploads\/2024\/04\/431993220_935469885023860_5761233690896834559_n-e1713262224497.jpg","contentUrl":"https:\/\/www.duerodeporte.com\/wp-content\/uploads\/2024\/04\/431993220_935469885023860_5761233690896834559_n-e1713262224497.jpg","width":1542,"height":1068,"caption":"Una de las instant\u00e1neas que dej\u00f3 la pasada edici\u00f3n durante el paso de los corredores por algunas de las bodegas del entorno. \/ Ribera Run Experience"},{"@type":"BreadcrumbList","@id":"https:\/\/www.duerodeporte.com\/index.php\/archivos\/2565#breadcrumb","itemListElement":[{"@type":"ListItem","position":1,"name":"Portada","item":"https:\/\/www.duerodeporte.com\/"},{"@type":"ListItem","position":2,"name":"La fiebre por la Ribera Run Experience agota las plazas para la prueba de media distancia"}]},{"@type":"WebSite","@id":"https:\/\/www.duerodeporte.com\/#website","url":"https:\/\/www.duerodeporte.com\/","name":"Duero Deporte","description":"El Deporte de Aranda y las tierras del Duero","publisher":{"@id":"https:\/\/www.duerodeporte.com\/#organization"},"alternateName":"El Deporte de Aranda y las tierras del Duero","potentialAction":[{"@type":"SearchAction","target":{"@type":"EntryPoint","urlTemplate":"https:\/\/www.duerodeporte.com\/?s={search_term_string}"},"query-input":{"@type":"PropertyValueSpecification","valueRequired":true,"valueName":"search_term_string"}}],"inLanguage":"es"},{"@type":"Organization","@id":"https:\/\/www.duerodeporte.com\/#organization","name":"Duero Deporte","alternateName":"El Deporte de Aranda y las tierras del Duero","url":"https:\/\/www.duerodeporte.com\/","logo":{"@type":"ImageObject","inLanguage":"es","@id":"https:\/\/www.duerodeporte.com\/#\/schema\/logo\/image\/","url":"https:\/\/www.duerodeporte.com\/wp-content\/uploads\/2023\/11\/A.ColorSinFondo-e1708011627555.png","contentUrl":"https:\/\/www.duerodeporte.com\/wp-content\/uploads\/2023\/11\/A.ColorSinFondo-e1708011627555.png","width":750,"height":132,"caption":"Duero Deporte"},"image":{"@id":"https:\/\/www.duerodeporte.com\/#\/schema\/logo\/image\/"},"sameAs":["https:\/\/www.facebook.com\/61555928375028","https:\/\/x.com\/Diegoamartin13","https:\/\/www.youtube.com\/channel\/UCxIGQL8b9gmW-NjaChabCdA"]},{"@type":"Person","@id":"https:\/\/www.duerodeporte.com\/#\/schema\/person\/5f3368966f635b5ae0d23ffaf7a7f894","name":"Diego A. Mart\u00edn","image":{"@type":"ImageObject","inLanguage":"es","@id":"https:\/\/www.duerodeporte.com\/wp-content\/uploads\/2024\/01\/Diego2-e1706522808572-150x150.jpeg","url":"https:\/\/www.duerodeporte.com\/wp-content\/uploads\/2024\/01\/Diego2-e1706522808572-150x150.jpeg","contentUrl":"https:\/\/www.duerodeporte.com\/wp-content\/uploads\/2024\/01\/Diego2-e1706522808572-150x150.jpeg","caption":"Diego A. Mart\u00edn"},"url":"https:\/\/www.duerodeporte.com\/index.php\/archivos\/author\/diego"}]}},"views":595,"_links":{"self":[{"href":"https:\/\/www.duerodeporte.com\/index.php\/wp-json\/wp\/v2\/posts\/2565","targetHints":{"allow":["GET"]}}],"collection":[{"href":"https:\/\/www.duerodeporte.com\/index.php\/wp-json\/wp\/v2\/posts"}],"about":[{"href":"https:\/\/www.duerodeporte.com\/index.php\/wp-json\/wp\/v2\/types\/post"}],"author":[{"embeddable":true,"href":"https:\/\/www.duerodeporte.com\/index.php\/wp-json\/wp\/v2\/users\/3"}],"replies":[{"embeddable":true,"href":"https:\/\/www.duerodeporte.com\/index.php\/wp-json\/wp\/v2\/comments?post=2565"}],"version-history":[{"count":3,"href":"https:\/\/www.duerodeporte.com\/index.php\/wp-json\/wp\/v2\/posts\/2565\/revisions"}],"predecessor-version":[{"id":2571,"href":"https:\/\/www.duerodeporte.com\/index.php\/wp-json\/wp\/v2\/posts\/2565\/revisions\/2571"}],"wp:featuredmedia":[{"embeddable":true,"href":"https:\/\/www.duerodeporte.com\/index.php\/wp-json\/wp\/v2\/media\/2567"}],"wp:attachment":[{"href":"https:\/\/www.duerodeporte.com\/index.php\/wp-json\/wp\/v2\/media?parent=2565"}],"wp:term":[{"taxonomy":"category","embeddable":true,"href":"https:\/\/www.duerodeporte.com\/index.php\/wp-json\/wp\/v2\/categories?post=2565"},{"taxonomy":"post_tag","embeddable":true,"href":"https:\/\/www.duerodeporte.com\/index.php\/wp-json\/wp\/v2\/tags?post=2565"}],"curies":[{"name":"wp","href":"https:\/\/api.w.org\/{rel}","templated":true}]}}