{"id":2758,"date":"2024-04-24T14:01:33","date_gmt":"2024-04-24T13:01:33","guid":{"rendered":"https:\/\/www.duerodeporte.com\/?p=2758"},"modified":"2024-04-24T14:13:35","modified_gmt":"2024-04-24T13:13:35","slug":"rugby-aranda-renuncia-a-disputar-la-fase-de-ascenso-a-division-de-honor-b","status":"publish","type":"post","link":"https:\/\/www.duerodeporte.com\/index.php\/archivos\/2758","title":{"rendered":"Rugby Aranda renuncia a disputar la fase de ascenso a Divisi\u00f3n de Honor B"},"content":{"rendered":"\n<h2 class=\"wp-block-heading\">Tras meditar la situaci\u00f3n los celeste y vino llegan a la decisi\u00f3n principalmente por \u00ablos requisitos t\u00e9cnicos y econ\u00f3micos que la Ferugby exige\u00bb. De esta manera, los de las tierras del Duero terminan la temporada oficial esta temporada<\/h2>\n\n\n\n<p><strong><a href=\"https:\/\/rugbyaranda.es\/\">Rugby Aranda<\/a><\/strong> no estar\u00e1 la pr\u00f3xima temporada en <strong>Divisi\u00f3n de Honor B<\/strong>. La <strong>renuncia <\/strong>del club de las tierras del Duero <a href=\"https:\/\/www.duerodeporte.com\/index.php\/archivos\/1886\"><strong>a disputar la fase de ascenso <\/strong>a la divisi\u00f3n de plata del rugby nacional<\/a> est\u00e1 tomada.<\/p>\n\n\n<div class=\"wp-block-image\">\n<figure class=\"aligncenter size-large\"><a href=\"https:\/\/www.instagram.com\/cafeberlinaranda\/?hl=es\"><img loading=\"lazy\" decoding=\"async\" width=\"1024\" height=\"339\" src=\"https:\/\/www.duerodeporte.com\/wp-content\/uploads\/2024\/02\/\u00a1FELIZ-CUMPLEANOS-1-1024x339.png\" alt=\"Caf\u00e9 Berl\u00edn Aranda\" class=\"wp-image-1182\" srcset=\"https:\/\/www.duerodeporte.com\/wp-content\/uploads\/2024\/02\/\u00a1FELIZ-CUMPLEANOS-1-1024x339.png 1024w, https:\/\/www.duerodeporte.com\/wp-content\/uploads\/2024\/02\/\u00a1FELIZ-CUMPLEANOS-1-300x99.png 300w, https:\/\/www.duerodeporte.com\/wp-content\/uploads\/2024\/02\/\u00a1FELIZ-CUMPLEANOS-1-768x254.png 768w, https:\/\/www.duerodeporte.com\/wp-content\/uploads\/2024\/02\/\u00a1FELIZ-CUMPLEANOS-1-1536x508.png 1536w, https:\/\/www.duerodeporte.com\/wp-content\/uploads\/2024\/02\/\u00a1FELIZ-CUMPLEANOS-1-696x230.png 696w, https:\/\/www.duerodeporte.com\/wp-content\/uploads\/2024\/02\/\u00a1FELIZ-CUMPLEANOS-1-1068x353.png 1068w, https:\/\/www.duerodeporte.com\/wp-content\/uploads\/2024\/02\/\u00a1FELIZ-CUMPLEANOS-1.png 1920w\" sizes=\"auto, (max-width: 1024px) 100vw, 1024px\" \/><\/a><figcaption class=\"wp-element-caption\">Caf\u00e9 Berl\u00edn Aranda<\/figcaption><\/figure>\n<\/div>\n\n\n<p>Seg\u00fan han trasladado fuentes de la entidad celeste y vino a duerodeporte.com el <strong>principal motivo<\/strong> para desmarcarse de la disputa de las eliminatorias en la lucha por el ascenso ha sido <strong>\u00ablos requisitos t\u00e9cnicos y econ\u00f3micos que la Ferugby exige\u00bb<\/strong>. <\/p>\n\n\n\n<figure class=\"wp-block-embed aligncenter is-type-rich is-provider-twitter wp-block-embed-twitter\"><div class=\"wp-block-embed__wrapper\">\n<blockquote class=\"twitter-tweet\" data-width=\"550\" data-dnt=\"true\"><p lang=\"es\" dir=\"ltr\">\ud83d\udfe0 RUGBY<br><br>\ud83c\udfc9 <a href=\"https:\/\/twitter.com\/rugby_aranda?ref_src=twsrc%5Etfw\">@rugby_aranda<\/a> renuncia la Fase de Ascenso a Divisi\u00f3n de Honor B<br><br>\ud83d\udcc4 Desde la entidad <a href=\"https:\/\/twitter.com\/hashtag\/celesteyvino?src=hash&amp;ref_src=twsrc%5Etfw\">#celesteyvino<\/a> esgrimen que &quot;no es posible cumplir con todos los requisitos t\u00e9cnicos y econ\u00f3micos que la <a href=\"https:\/\/twitter.com\/ferugby?ref_src=twsrc%5Etfw\">@ferugby<\/a> exige&quot;<br><br>\ud83d\udcf2 Te lo ampl\u00eda <a href=\"https:\/\/t.co\/QxLvd9klfJ\">https:\/\/t.co\/QxLvd9klfJ<\/a><br><br>\ud83c\udfa6 Arturo Sanz <a href=\"https:\/\/t.co\/RhLQjyamn7\">pic.twitter.com\/RhLQjyamn7<\/a><\/p>&mdash; Diego A. Mart\u00edn (@Diegoamartin13) <a href=\"https:\/\/twitter.com\/Diegoamartin13\/status\/1783061520391287230?ref_src=twsrc%5Etfw\">April 24, 2024<\/a><\/blockquote><script async src=\"https:\/\/platform.twitter.com\/widgets.js\" charset=\"utf-8\"><\/script>\n<\/div><figcaption class=\"wp-element-caption\"><strong><a href=\"https:\/\/twitter.com\/Diegoamartin13\">@Diegoamartin13<\/a><\/strong><\/figcaption><\/figure>\n\n\n\n<p>Del mismo modo, en el <strong>escrito <\/strong>donde se explican en resto de motivos el club apunta lo siguiente:<\/p>\n\n\n\n<p><em>Desde el Club Deportivo Rugby Aranda lamentamos comunicar la decisi\u00f3n adoptada de no participar en la fase de ascenso a DHB. A pesar de todos los esfuerzos que el Club ha venido realizando para disputar la fase de ascenso, no es posible cumplir con todos los requisitos t\u00e9cnicos y econ\u00f3micos que la Federaci\u00f3n Espa\u00f1ola de Rugby exige\u2026 <\/em><\/p>\n\n\n\n<p><em><strong>La direcci\u00f3n deportiva, tampoco puede garantizar un resultado positivo en la participaci\u00f3n, puesto que no podemos olvidar que nuestra plantilla es corta de efectivos y totalmente amateur<\/strong>, y los jugadores tienen compromisos personales y profesionales que dificultan llevar una planificaci\u00f3n deportiva adecuada para garantizar el \u00e9xito en la participaci\u00f3n.<\/em><\/p>\n\n\n\n<p><em>A los jugadores les agradecemos sinceramente todo el esfuerzo que han realizado a lo largo de la temporada y les felicitamos por los importantes \u00e9xitos q han dado a uno de los clubes mas humildes de Castilla y Leon.<\/em><\/p>\n\n\n\n<p><em>Agradecemos a patrocinadores y Ayuntamiento la colaboraci\u00f3n en el desarrollo de la temporada, asi como a los socios y afici\u00f3n, y <strong>desde el Club Deportivo Rugby Aranda ya se est\u00e1 comenzando a trabajar en la pr\u00f3xima temporada<\/strong><\/em>.<\/p>\n\n\n\n<p>De esta manera el 1\u00ba equipo de los celeste y vino pone fin a la temporada oficial m\u00e1s all\u00e1 de posibles encuentros. Un curso 23-24 en el que los de las tierras del Duero han firmado un a\u00f1o deportivo para la historia tras proclamarse campeones de la Liga Asisa CyL y lograr recientemente en subcampeonato de Liga Norte.<\/p>\n","protected":false},"excerpt":{"rendered":"<p>Tras meditar la situaci\u00f3n los celeste y vino llegan a la decisi\u00f3n principalmente por \u00ablos requisitos t\u00e9cnicos y econ\u00f3micos que la Ferugby exige\u00bb. De esta manera, los de las tierras [&hellip;]<\/p>\n","protected":false},"author":3,"featured_media":2759,"comment_status":"open","ping_status":"open","sticky":false,"template":"","format":"standard","meta":{"footnotes":""},"categories":[21,15],"tags":[],"class_list":["post-2758","post","type-post","status-publish","format-standard","has-post-thumbnail","category-rugby","category-portada"],"yoast_head":"<!-- This site is optimized with the Yoast SEO plugin v27.5 - https:\/\/yoast.com\/product\/yoast-seo-wordpress\/ -->\r\n<title>Rugby Aranda renuncia a disputar la fase de ascenso a Divisi\u00f3n de Honor B<\/title>\r\n<meta name=\"description\" content=\"El Deporte de Aranda y las tierras del Duero\" \/>\r\n<meta name=\"robots\" content=\"index, follow, max-snippet:-1, max-image-preview:large, max-video-preview:-1\" \/>\r\n<link rel=\"canonical\" href=\"https:\/\/www.duerodeporte.com\/index.php\/archivos\/2758\" \/>\r\n<meta property=\"og:locale\" content=\"es_ES\" \/>\r\n<meta property=\"og:type\" content=\"article\" \/>\r\n<meta property=\"og:title\" content=\"Rugby Aranda renuncia a disputar la fase de ascenso a Divisi\u00f3n de Honor B\" \/>\r\n<meta property=\"og:description\" content=\"El Deporte de Aranda y las tierras del Duero\" \/>\r\n<meta property=\"og:url\" content=\"https:\/\/www.duerodeporte.com\/index.php\/archivos\/2758\" \/>\r\n<meta property=\"og:site_name\" content=\"Duero Deporte\" \/>\r\n<meta property=\"article:publisher\" content=\"https:\/\/www.facebook.com\/61555928375028\" \/>\r\n<meta property=\"article:published_time\" content=\"2024-04-24T13:01:33+00:00\" \/>\r\n<meta property=\"article:modified_time\" content=\"2024-04-24T13:13:35+00:00\" \/>\r\n<meta property=\"og:image\" content=\"https:\/\/www.duerodeporte.com\/wp-content\/uploads\/2024\/04\/WhatsApp-Image-2024-04-24-at-14.41.25.jpeg\" \/>\r\n\t<meta property=\"og:image:width\" content=\"2048\" \/>\r\n\t<meta property=\"og:image:height\" content=\"1177\" \/>\r\n\t<meta property=\"og:image:type\" content=\"image\/jpeg\" \/>\r\n<meta name=\"author\" content=\"Diego A. Mart\u00edn\" \/>\r\n<meta name=\"twitter:card\" content=\"summary_large_image\" \/>\r\n<meta name=\"twitter:creator\" content=\"@Diegoamartin13\" \/>\r\n<meta name=\"twitter:site\" content=\"@Diegoamartin13\" \/>\r\n<meta name=\"twitter:label1\" content=\"Escrito por\" \/>\n\t<meta name=\"twitter:data1\" content=\"Diego A. Mart\u00edn\" \/>\n\t<meta name=\"twitter:label2\" content=\"Tiempo de lectura\" \/>\n\t<meta name=\"twitter:data2\" content=\"3 minutos\" \/>\r\n<script type=\"application\/ld+json\" class=\"yoast-schema-graph\">{\"@context\":\"https:\\\/\\\/schema.org\",\"@graph\":[{\"@type\":[\"Article\",\"SocialMediaPosting\"],\"@id\":\"https:\\\/\\\/www.duerodeporte.com\\\/index.php\\\/archivos\\\/2758#article\",\"isPartOf\":{\"@id\":\"https:\\\/\\\/www.duerodeporte.com\\\/index.php\\\/archivos\\\/2758\"},\"author\":{\"name\":\"Diego A. Mart\u00edn\",\"@id\":\"https:\\\/\\\/www.duerodeporte.com\\\/#\\\/schema\\\/person\\\/5f3368966f635b5ae0d23ffaf7a7f894\"},\"headline\":\"Rugby Aranda renuncia a disputar la fase de ascenso a Divisi\u00f3n de Honor B\",\"datePublished\":\"2024-04-24T13:01:33+00:00\",\"dateModified\":\"2024-04-24T13:13:35+00:00\",\"mainEntityOfPage\":{\"@id\":\"https:\\\/\\\/www.duerodeporte.com\\\/index.php\\\/archivos\\\/2758\"},\"wordCount\":422,\"commentCount\":0,\"publisher\":{\"@id\":\"https:\\\/\\\/www.duerodeporte.com\\\/#organization\"},\"image\":{\"@id\":\"https:\\\/\\\/www.duerodeporte.com\\\/index.php\\\/archivos\\\/2758#primaryimage\"},\"thumbnailUrl\":\"https:\\\/\\\/www.duerodeporte.com\\\/wp-content\\\/uploads\\\/2024\\\/04\\\/WhatsApp-Image-2024-04-24-at-14.41.25.jpeg\",\"articleSection\":[\"RUGBY\",\"z_PORTADA\"],\"inLanguage\":\"es\",\"potentialAction\":[{\"@type\":\"CommentAction\",\"name\":\"Comment\",\"target\":[\"https:\\\/\\\/www.duerodeporte.com\\\/index.php\\\/archivos\\\/2758#respond\"]}]},{\"@type\":[\"WebPage\",\"ItemPage\"],\"@id\":\"https:\\\/\\\/www.duerodeporte.com\\\/index.php\\\/archivos\\\/2758\",\"url\":\"https:\\\/\\\/www.duerodeporte.com\\\/index.php\\\/archivos\\\/2758\",\"name\":\"Rugby Aranda renuncia a disputar la fase de ascenso a Divisi\u00f3n de Honor B\",\"isPartOf\":{\"@id\":\"https:\\\/\\\/www.duerodeporte.com\\\/#website\"},\"primaryImageOfPage\":{\"@id\":\"https:\\\/\\\/www.duerodeporte.com\\\/index.php\\\/archivos\\\/2758#primaryimage\"},\"image\":{\"@id\":\"https:\\\/\\\/www.duerodeporte.com\\\/index.php\\\/archivos\\\/2758#primaryimage\"},\"thumbnailUrl\":\"https:\\\/\\\/www.duerodeporte.com\\\/wp-content\\\/uploads\\\/2024\\\/04\\\/WhatsApp-Image-2024-04-24-at-14.41.25.jpeg\",\"datePublished\":\"2024-04-24T13:01:33+00:00\",\"dateModified\":\"2024-04-24T13:13:35+00:00\",\"description\":\"El Deporte de Aranda y las tierras del Duero\",\"breadcrumb\":{\"@id\":\"https:\\\/\\\/www.duerodeporte.com\\\/index.php\\\/archivos\\\/2758#breadcrumb\"},\"inLanguage\":\"es\",\"potentialAction\":[{\"@type\":\"ReadAction\",\"target\":[\"https:\\\/\\\/www.duerodeporte.com\\\/index.php\\\/archivos\\\/2758\"]}]},{\"@type\":\"ImageObject\",\"inLanguage\":\"es\",\"@id\":\"https:\\\/\\\/www.duerodeporte.com\\\/index.php\\\/archivos\\\/2758#primaryimage\",\"url\":\"https:\\\/\\\/www.duerodeporte.com\\\/wp-content\\\/uploads\\\/2024\\\/04\\\/WhatsApp-Image-2024-04-24-at-14.41.25.jpeg\",\"contentUrl\":\"https:\\\/\\\/www.duerodeporte.com\\\/wp-content\\\/uploads\\\/2024\\\/04\\\/WhatsApp-Image-2024-04-24-at-14.41.25.jpeg\",\"width\":2048,\"height\":1177,\"caption\":\"La escuadra celeste y vino durante uno de sus encuentros de la presente temporada en el Virgen de las Vi\u00f1as. \\\/ Arturo Sanz\"},{\"@type\":\"BreadcrumbList\",\"@id\":\"https:\\\/\\\/www.duerodeporte.com\\\/index.php\\\/archivos\\\/2758#breadcrumb\",\"itemListElement\":[{\"@type\":\"ListItem\",\"position\":1,\"name\":\"Portada\",\"item\":\"https:\\\/\\\/www.duerodeporte.com\\\/\"},{\"@type\":\"ListItem\",\"position\":2,\"name\":\"Rugby Aranda renuncia a disputar la fase de ascenso a Divisi\u00f3n de Honor B\"}]},{\"@type\":\"WebSite\",\"@id\":\"https:\\\/\\\/www.duerodeporte.com\\\/#website\",\"url\":\"https:\\\/\\\/www.duerodeporte.com\\\/\",\"name\":\"Duero Deporte\",\"description\":\"El Deporte de Aranda y las tierras del Duero\",\"publisher\":{\"@id\":\"https:\\\/\\\/www.duerodeporte.com\\\/#organization\"},\"alternateName\":\"El Deporte de Aranda y las tierras del Duero\",\"potentialAction\":[{\"@type\":\"SearchAction\",\"target\":{\"@type\":\"EntryPoint\",\"urlTemplate\":\"https:\\\/\\\/www.duerodeporte.com\\\/?s={search_term_string}\"},\"query-input\":{\"@type\":\"PropertyValueSpecification\",\"valueRequired\":true,\"valueName\":\"search_term_string\"}}],\"inLanguage\":\"es\"},{\"@type\":\"Organization\",\"@id\":\"https:\\\/\\\/www.duerodeporte.com\\\/#organization\",\"name\":\"Duero Deporte\",\"alternateName\":\"El Deporte de Aranda y las tierras del Duero\",\"url\":\"https:\\\/\\\/www.duerodeporte.com\\\/\",\"logo\":{\"@type\":\"ImageObject\",\"inLanguage\":\"es\",\"@id\":\"https:\\\/\\\/www.duerodeporte.com\\\/#\\\/schema\\\/logo\\\/image\\\/\",\"url\":\"https:\\\/\\\/www.duerodeporte.com\\\/wp-content\\\/uploads\\\/2023\\\/11\\\/A.ColorSinFondo-e1708011627555.png\",\"contentUrl\":\"https:\\\/\\\/www.duerodeporte.com\\\/wp-content\\\/uploads\\\/2023\\\/11\\\/A.ColorSinFondo-e1708011627555.png\",\"width\":750,\"height\":132,\"caption\":\"Duero Deporte\"},\"image\":{\"@id\":\"https:\\\/\\\/www.duerodeporte.com\\\/#\\\/schema\\\/logo\\\/image\\\/\"},\"sameAs\":[\"https:\\\/\\\/www.facebook.com\\\/61555928375028\",\"https:\\\/\\\/x.com\\\/Diegoamartin13\",\"https:\\\/\\\/www.youtube.com\\\/channel\\\/UCxIGQL8b9gmW-NjaChabCdA\"]},{\"@type\":\"Person\",\"@id\":\"https:\\\/\\\/www.duerodeporte.com\\\/#\\\/schema\\\/person\\\/5f3368966f635b5ae0d23ffaf7a7f894\",\"name\":\"Diego A. Mart\u00edn\",\"image\":{\"@type\":\"ImageObject\",\"inLanguage\":\"es\",\"@id\":\"https:\\\/\\\/www.duerodeporte.com\\\/wp-content\\\/uploads\\\/2024\\\/01\\\/Diego2-e1706522808572-150x150.jpeg\",\"url\":\"https:\\\/\\\/www.duerodeporte.com\\\/wp-content\\\/uploads\\\/2024\\\/01\\\/Diego2-e1706522808572-150x150.jpeg\",\"contentUrl\":\"https:\\\/\\\/www.duerodeporte.com\\\/wp-content\\\/uploads\\\/2024\\\/01\\\/Diego2-e1706522808572-150x150.jpeg\",\"caption\":\"Diego A. Mart\u00edn\"},\"url\":\"https:\\\/\\\/www.duerodeporte.com\\\/index.php\\\/archivos\\\/author\\\/diego\"}]}<\/script>\r\n<!-- \/ Yoast SEO plugin. -->","yoast_head_json":{"title":"Rugby Aranda renuncia a disputar la fase de ascenso a Divisi\u00f3n de Honor B","description":"El Deporte de Aranda y las tierras del Duero","robots":{"index":"index","follow":"follow","max-snippet":"max-snippet:-1","max-image-preview":"max-image-preview:large","max-video-preview":"max-video-preview:-1"},"canonical":"https:\/\/www.duerodeporte.com\/index.php\/archivos\/2758","og_locale":"es_ES","og_type":"article","og_title":"Rugby Aranda renuncia a disputar la fase de ascenso a Divisi\u00f3n de Honor B","og_description":"El Deporte de Aranda y las tierras del Duero","og_url":"https:\/\/www.duerodeporte.com\/index.php\/archivos\/2758","og_site_name":"Duero Deporte","article_publisher":"https:\/\/www.facebook.com\/61555928375028","article_published_time":"2024-04-24T13:01:33+00:00","article_modified_time":"2024-04-24T13:13:35+00:00","og_image":[{"width":2048,"height":1177,"url":"https:\/\/www.duerodeporte.com\/wp-content\/uploads\/2024\/04\/WhatsApp-Image-2024-04-24-at-14.41.25.jpeg","type":"image\/jpeg"}],"author":"Diego A. Mart\u00edn","twitter_card":"summary_large_image","twitter_creator":"@Diegoamartin13","twitter_site":"@Diegoamartin13","twitter_misc":{"Escrito por":"Diego A. Mart\u00edn","Tiempo de lectura":"3 minutos"},"schema":{"@context":"https:\/\/schema.org","@graph":[{"@type":["Article","SocialMediaPosting"],"@id":"https:\/\/www.duerodeporte.com\/index.php\/archivos\/2758#article","isPartOf":{"@id":"https:\/\/www.duerodeporte.com\/index.php\/archivos\/2758"},"author":{"name":"Diego A. Mart\u00edn","@id":"https:\/\/www.duerodeporte.com\/#\/schema\/person\/5f3368966f635b5ae0d23ffaf7a7f894"},"headline":"Rugby Aranda renuncia a disputar la fase de ascenso a Divisi\u00f3n de Honor B","datePublished":"2024-04-24T13:01:33+00:00","dateModified":"2024-04-24T13:13:35+00:00","mainEntityOfPage":{"@id":"https:\/\/www.duerodeporte.com\/index.php\/archivos\/2758"},"wordCount":422,"commentCount":0,"publisher":{"@id":"https:\/\/www.duerodeporte.com\/#organization"},"image":{"@id":"https:\/\/www.duerodeporte.com\/index.php\/archivos\/2758#primaryimage"},"thumbnailUrl":"https:\/\/www.duerodeporte.com\/wp-content\/uploads\/2024\/04\/WhatsApp-Image-2024-04-24-at-14.41.25.jpeg","articleSection":["RUGBY","z_PORTADA"],"inLanguage":"es","potentialAction":[{"@type":"CommentAction","name":"Comment","target":["https:\/\/www.duerodeporte.com\/index.php\/archivos\/2758#respond"]}]},{"@type":["WebPage","ItemPage"],"@id":"https:\/\/www.duerodeporte.com\/index.php\/archivos\/2758","url":"https:\/\/www.duerodeporte.com\/index.php\/archivos\/2758","name":"Rugby Aranda renuncia a disputar la fase de ascenso a Divisi\u00f3n de Honor B","isPartOf":{"@id":"https:\/\/www.duerodeporte.com\/#website"},"primaryImageOfPage":{"@id":"https:\/\/www.duerodeporte.com\/index.php\/archivos\/2758#primaryimage"},"image":{"@id":"https:\/\/www.duerodeporte.com\/index.php\/archivos\/2758#primaryimage"},"thumbnailUrl":"https:\/\/www.duerodeporte.com\/wp-content\/uploads\/2024\/04\/WhatsApp-Image-2024-04-24-at-14.41.25.jpeg","datePublished":"2024-04-24T13:01:33+00:00","dateModified":"2024-04-24T13:13:35+00:00","description":"El Deporte de Aranda y las tierras del Duero","breadcrumb":{"@id":"https:\/\/www.duerodeporte.com\/index.php\/archivos\/2758#breadcrumb"},"inLanguage":"es","potentialAction":[{"@type":"ReadAction","target":["https:\/\/www.duerodeporte.com\/index.php\/archivos\/2758"]}]},{"@type":"ImageObject","inLanguage":"es","@id":"https:\/\/www.duerodeporte.com\/index.php\/archivos\/2758#primaryimage","url":"https:\/\/www.duerodeporte.com\/wp-content\/uploads\/2024\/04\/WhatsApp-Image-2024-04-24-at-14.41.25.jpeg","contentUrl":"https:\/\/www.duerodeporte.com\/wp-content\/uploads\/2024\/04\/WhatsApp-Image-2024-04-24-at-14.41.25.jpeg","width":2048,"height":1177,"caption":"La escuadra celeste y vino durante uno de sus encuentros de la presente temporada en el Virgen de las Vi\u00f1as. \/ Arturo Sanz"},{"@type":"BreadcrumbList","@id":"https:\/\/www.duerodeporte.com\/index.php\/archivos\/2758#breadcrumb","itemListElement":[{"@type":"ListItem","position":1,"name":"Portada","item":"https:\/\/www.duerodeporte.com\/"},{"@type":"ListItem","position":2,"name":"Rugby Aranda renuncia a disputar la fase de ascenso a Divisi\u00f3n de Honor B"}]},{"@type":"WebSite","@id":"https:\/\/www.duerodeporte.com\/#website","url":"https:\/\/www.duerodeporte.com\/","name":"Duero Deporte","description":"El Deporte de Aranda y las tierras del Duero","publisher":{"@id":"https:\/\/www.duerodeporte.com\/#organization"},"alternateName":"El Deporte de Aranda y las tierras del Duero","potentialAction":[{"@type":"SearchAction","target":{"@type":"EntryPoint","urlTemplate":"https:\/\/www.duerodeporte.com\/?s={search_term_string}"},"query-input":{"@type":"PropertyValueSpecification","valueRequired":true,"valueName":"search_term_string"}}],"inLanguage":"es"},{"@type":"Organization","@id":"https:\/\/www.duerodeporte.com\/#organization","name":"Duero Deporte","alternateName":"El Deporte de Aranda y las tierras del Duero","url":"https:\/\/www.duerodeporte.com\/","logo":{"@type":"ImageObject","inLanguage":"es","@id":"https:\/\/www.duerodeporte.com\/#\/schema\/logo\/image\/","url":"https:\/\/www.duerodeporte.com\/wp-content\/uploads\/2023\/11\/A.ColorSinFondo-e1708011627555.png","contentUrl":"https:\/\/www.duerodeporte.com\/wp-content\/uploads\/2023\/11\/A.ColorSinFondo-e1708011627555.png","width":750,"height":132,"caption":"Duero Deporte"},"image":{"@id":"https:\/\/www.duerodeporte.com\/#\/schema\/logo\/image\/"},"sameAs":["https:\/\/www.facebook.com\/61555928375028","https:\/\/x.com\/Diegoamartin13","https:\/\/www.youtube.com\/channel\/UCxIGQL8b9gmW-NjaChabCdA"]},{"@type":"Person","@id":"https:\/\/www.duerodeporte.com\/#\/schema\/person\/5f3368966f635b5ae0d23ffaf7a7f894","name":"Diego A. Mart\u00edn","image":{"@type":"ImageObject","inLanguage":"es","@id":"https:\/\/www.duerodeporte.com\/wp-content\/uploads\/2024\/01\/Diego2-e1706522808572-150x150.jpeg","url":"https:\/\/www.duerodeporte.com\/wp-content\/uploads\/2024\/01\/Diego2-e1706522808572-150x150.jpeg","contentUrl":"https:\/\/www.duerodeporte.com\/wp-content\/uploads\/2024\/01\/Diego2-e1706522808572-150x150.jpeg","caption":"Diego A. Mart\u00edn"},"url":"https:\/\/www.duerodeporte.com\/index.php\/archivos\/author\/diego"}]}},"views":665,"_links":{"self":[{"href":"https:\/\/www.duerodeporte.com\/index.php\/wp-json\/wp\/v2\/posts\/2758","targetHints":{"allow":["GET"]}}],"collection":[{"href":"https:\/\/www.duerodeporte.com\/index.php\/wp-json\/wp\/v2\/posts"}],"about":[{"href":"https:\/\/www.duerodeporte.com\/index.php\/wp-json\/wp\/v2\/types\/post"}],"author":[{"embeddable":true,"href":"https:\/\/www.duerodeporte.com\/index.php\/wp-json\/wp\/v2\/users\/3"}],"replies":[{"embeddable":true,"href":"https:\/\/www.duerodeporte.com\/index.php\/wp-json\/wp\/v2\/comments?post=2758"}],"version-history":[{"count":5,"href":"https:\/\/www.duerodeporte.com\/index.php\/wp-json\/wp\/v2\/posts\/2758\/revisions"}],"predecessor-version":[{"id":2765,"href":"https:\/\/www.duerodeporte.com\/index.php\/wp-json\/wp\/v2\/posts\/2758\/revisions\/2765"}],"wp:featuredmedia":[{"embeddable":true,"href":"https:\/\/www.duerodeporte.com\/index.php\/wp-json\/wp\/v2\/media\/2759"}],"wp:attachment":[{"href":"https:\/\/www.duerodeporte.com\/index.php\/wp-json\/wp\/v2\/media?parent=2758"}],"wp:term":[{"taxonomy":"category","embeddable":true,"href":"https:\/\/www.duerodeporte.com\/index.php\/wp-json\/wp\/v2\/categories?post=2758"},{"taxonomy":"post_tag","embeddable":true,"href":"https:\/\/www.duerodeporte.com\/index.php\/wp-json\/wp\/v2\/tags?post=2758"}],"curies":[{"name":"wp","href":"https:\/\/api.w.org\/{rel}","templated":true}]}}