{"id":2829,"date":"2024-04-27T19:29:25","date_gmt":"2024-04-27T18:29:25","guid":{"rendered":"https:\/\/www.duerodeporte.com\/?p=2829"},"modified":"2024-04-29T16:01:05","modified_gmt":"2024-04-29T15:01:05","slug":"tubos-villa-de-aranda-desactiva-a-caserio-28-21","status":"publish","type":"post","link":"https:\/\/www.duerodeporte.com\/index.php\/archivos\/2829","title":{"rendered":"Tubos Aranda desactiva a Caserio (28-21)"},"content":{"rendered":"\n<h2 class=\"wp-block-heading\">La escuadra amarilla madura el partido para superar con solvencia a los ciudarreale\u00f1os. Control amarillo en la primera parte (15-12) para cerrar un partido que acerca a\u00fan m\u00e1s a los de las tierras del Duero a la Final Four<\/h2>\n\n\n\n<p>El <strong><a href=\"https:\/\/www.bmvilladearanda.com\/\">Tubos Aranda <\/a><\/strong>(<strong>5\u00ba, 34 puntos<\/strong>) se acerca peligrosamente a la Final Four. Triunfo amarillo para situarse con solvencia en la quinta plaza y acercarse a tan solo tres puntos tanto de <strong>Caser\u00edo <\/strong>(4\u00ba) como <strong>Bar\u00e7a Atleti<\/strong> (3\u00ba)<\/p>\n\n\n\n<p>El inicio del encuentro emparej\u00f3 a ambas escuadras en la puesta a punto. Ninguno de las dos escuadras se marchaba en el marcador en un<strong> arranque titubeante<\/strong> (<strong>4-4 <\/strong>a los diez minutos de partido) Una <strong>igualdad <\/strong>que se mantendr\u00eda superada la mitad del primer acto (<strong>8-8<\/strong>) en el 40&#215;20 de un Santiago Mangu\u00e1n que volv\u00eda a mostrar otra gran entrada de p\u00fablico con en jornadas anteriores.<\/p>\n\n\n\n<figure class=\"wp-block-embed is-type-rich is-provider-twitter wp-block-embed-twitter\"><div class=\"wp-block-embed__wrapper\">\n<blockquote class=\"twitter-tweet\" data-width=\"550\" data-dnt=\"true\"><p lang=\"es\" dir=\"ltr\">\ud83d\udfe0 <a href=\"https:\/\/twitter.com\/hashtag\/TubosArandavsCaserio?src=hash&amp;ref_src=twsrc%5Etfw\">#TubosArandavsCaserio<\/a><br><br>\ud83e\udd3e\ud83c\udffb\u200d\u2642\ufe0f DIRECTO&#8230; comienza el partido tras el homenaje a <a href=\"https:\/\/twitter.com\/rugby_aranda?ref_src=twsrc%5Etfw\">@rugby_aranda<\/a> por su subcampeonato de Liga Norte (<a href=\"https:\/\/twitter.com\/FRCyL?ref_src=twsrc%5Etfw\">@FRCyL<\/a> <a href=\"https:\/\/twitter.com\/ferugby?ref_src=twsrc%5Etfw\">@ferugby<\/a>)<br><br>\ud83d\udfe1\ud83d\udd35 <a href=\"https:\/\/twitter.com\/bmvillaaranda?ref_src=twsrc%5Etfw\">@bmvillaaranda<\/a><br>\ud83d\udd35\ud83d\udd35 <a href=\"https:\/\/twitter.com\/caserio?ref_src=twsrc%5Etfw\">@caserio<\/a><br> <br>\u27a1\ufe0f 2\ufe0f\u20e38\ufe0f\u20e3&#39; jr. <a href=\"https:\/\/twitter.com\/hashtag\/Plata?src=hash&amp;ref_src=twsrc%5Etfw\">#Plata<\/a> (<a href=\"https:\/\/twitter.com\/RFEBalonmano?ref_src=twsrc%5Etfw\">@RFEBalonmano<\/a>)<br>\ud83c\udfdf\ufe0f Santiago Mangu\u00e1n<br><br>\ud83c\udfa6 <a href=\"https:\/\/twitter.com\/Diegoamartin13?ref_src=twsrc%5Etfw\">@Diegoamartin13<\/a> <a href=\"https:\/\/t.co\/3JGIkZfFFA\">pic.twitter.com\/3JGIkZfFFA<\/a><\/p>&mdash; Diego A. Mart\u00edn (@Diegoamartin13) <a href=\"https:\/\/twitter.com\/Diegoamartin13\/status\/1784267798933332375?ref_src=twsrc%5Etfw\">April 27, 2024<\/a><\/blockquote><script async src=\"https:\/\/platform.twitter.com\/widgets.js\" charset=\"utf-8\"><\/script>\n<\/div><figcaption class=\"wp-element-caption\"><strong><a href=\"https:\/\/twitter.com\/Diegoamartin13\">@Diegoamartin13<\/a><\/strong><\/figcaption><\/figure>\n\n\n\n<p>Pero la t\u00f3nica del encuentro cambiar\u00eda con los tantos de Dalmau y Tamayo que abr\u00edan renta de tres goles (<strong>11-8<\/strong>) Una situaci\u00f3n que provoc\u00f3 el <strong>tiempo muerto de Santiago Urdiales <\/strong>en las filas ciudarreale\u00f1as.<\/p>\n\n\n\n<p>Ten\u00eda que aparecer la porter\u00eda de un Tubos Aranda que est\u00e1 siendo baluarte amarillo en este \u00faltimo tramo de liga. <strong>Pau Guitart con tres intervenciones priv\u00f3 a los manchegos de acercarse en el marcador<\/strong>. Aunque la calidad de la primera l\u00ednea de Caserio devolver\u00eda el duelo a la m\u00ednima expresi\u00f3n con el gol de Cabrera (12-11) <\/p>\n\n\n\n<p>Recta final de un primer acto en el que nadie quer\u00eda tener sorpresas inesperadas. <strong>Tiempo muerto de Javi M\u00e1rquez<\/strong> -amonestado con anterioridad por la dupla andaluza- para apuntalar la propuesta antes de llegar al descanso. <strong>Exclusi\u00f3n en las filas manchegas<\/strong> y goles de <strong>Isaac <\/strong>y <strong>Dalmau <\/strong>para abrir renta (14-12) Cerr\u00f3 filas el Tubos Aranda con igualdad de efectivos en el campo y ampli\u00f3 distancias para mandar el duelo con la m\u00e1xima ventaja del partido (<strong>15-12<\/strong>)<\/p>\n\n\n\n<h2 class=\"wp-block-heading\">Confirmaci\u00f3n de un gran triunfo<\/h2>\n\n\n\n<p>La segunda parte no comenz\u00f3 con buenas noticias para los de las tierras del Duero que vieron como<strong> Arnau era descalificado <\/strong>por doble exclusi\u00f3n en la misma jugada. Pero ante el disgust\u00f3 aparecieron <strong>Dalmau y Guitart <\/strong>para ampliar y mantener la ventaja hasta el <strong>16-12<\/strong>.<\/p>\n\n\n\n<p>El partido se pon\u00eda donde Tubos Aranda quer\u00eda con un p\u00fablico que se sumaba entusiasta a la fiesta sabedor que el equipo necesitaba de su apoyo para mantener el nivel competitivo (<strong>18-13<\/strong>)<\/p>\n\n\n\n<p><strong>Tiempo muerto de Santiago Urdiales <\/strong>en el primer tercio de la segunda parte. Los manchegos deb\u00edan tapar las v\u00edas de agua que por momentos los alejaba del triunfo. Y m\u00e1s all\u00e1 de encontrar soluciones Tubos Aranda agrandar\u00eda su figura para marcharse al 21-15. Una renta que hac\u00eda pensar en el average particular tras el 35-28 del partido de la 1\u00aa vuelta en Ciudad Real. Se entraba en los \u00faltimos 15 minutos.<\/p>\n\n\n\n<p><strong>Partido para ambicionar el average o para certificar una victoria m\u00e1s c\u00f3moda<\/strong>. Lo segundo parec\u00eda estar controlado. Lo primero estaba en la mano y lo segundo parec\u00eda posible con cinco minutos para el final 26-19 -siete goles-.<\/p>\n\n\n\n<p>Recta final y bal\u00f3n en la \u00faltima jugada para poner la renta en los ocho goles, pero se err\u00f3 la jugada dando bal\u00f3n a un Caser\u00edo que previo tiempo muerto cerr\u00f3 el choque tambi\u00e9n sin anotar para el <strong>28-21 final<\/strong>.<\/p>\n\n\n\n<figure class=\"wp-block-embed is-type-rich is-provider-twitter wp-block-embed-twitter\"><div class=\"wp-block-embed__wrapper\">\n<blockquote class=\"twitter-tweet\" data-width=\"550\" data-dnt=\"true\"><p lang=\"es\" dir=\"ltr\">\ud83d\udfe0 <a href=\"https:\/\/twitter.com\/hashtag\/TubosArandavsCaserio?src=hash&amp;ref_src=twsrc%5Etfw\">#TubosArandavsCaserio<\/a><br><br>\ud83e\udd3e\ud83c\udffb\u200d\u2642\ufe0f FINAL&#8230; celebraci\u00f3n de equipo y afici\u00f3n en la cancha tras una gran victoria<br><br>\ud83d\udfe1\ud83d\udd35 <a href=\"https:\/\/twitter.com\/bmvillaaranda?ref_src=twsrc%5Etfw\">@bmvillaaranda<\/a> 2\ufe0f\u20e38\ufe0f\u20e3<br>\ud83d\udd35\ud83d\udd35 <a href=\"https:\/\/twitter.com\/BM_Caserio?ref_src=twsrc%5Etfw\">@BM_Caserio<\/a> 2\ufe0f\u20e31\ufe0f\u20e3<br> <br>\u27a1\ufe0f Resultados y clasificaci\u00f3n 2\ufe0f\u20e38\ufe0f\u20e3&#39; jr. <a href=\"https:\/\/twitter.com\/hashtag\/Plata?src=hash&amp;ref_src=twsrc%5Etfw\">#Plata<\/a> (<a href=\"https:\/\/twitter.com\/RFEBalonmano?ref_src=twsrc%5Etfw\">@RFEBalonmano<\/a>): <a href=\"https:\/\/t.co\/L7ui99WExl\">https:\/\/t.co\/L7ui99WExl<\/a><br><br>\ud83c\udfa6 <a href=\"https:\/\/twitter.com\/Diegoamartin13?ref_src=twsrc%5Etfw\">@Diegoamartin13<\/a> <a href=\"https:\/\/t.co\/LXabiYyXrH\">pic.twitter.com\/LXabiYyXrH<\/a><\/p>&mdash; Diego A. Mart\u00edn (@Diegoamartin13) <a href=\"https:\/\/twitter.com\/Diegoamartin13\/status\/1784292089682854277?ref_src=twsrc%5Etfw\">April 27, 2024<\/a><\/blockquote><script async src=\"https:\/\/platform.twitter.com\/widgets.js\" charset=\"utf-8\"><\/script>\n<\/div><\/figure>\n\n\n\n<h2 class=\"wp-block-heading\">Lucha de tres, Antequera se descuelga<\/h2>\n\n\n\n<p>En el resto de la jornada,<strong> Antequera se descuelga<\/strong> de la lucha por la Final Four a falta de dos jornadas tras perder ante el <strong>Bar\u00e7a Atleti <\/strong>(<strong>34-19<\/strong>) Mientras, Cisne y M\u00e1laga se mantienen vivos despu\u00e9s de sus victorias ante Alicante (33-25) y Alcobendas (23-18) respectivamente<\/p>\n","protected":false},"excerpt":{"rendered":"<p>La escuadra amarilla madura el partido para superar con solvencia a los ciudarreale\u00f1os. Control amarillo en la primera parte (15-12) para cerrar un partido que acerca a\u00fan m\u00e1s a los [&hellip;]<\/p>\n","protected":false},"author":3,"featured_media":2843,"comment_status":"open","ping_status":"open","sticky":false,"template":"","format":"standard","meta":{"footnotes":""},"categories":[18,15],"tags":[43,29,40,28],"class_list":["post-2829","post","type-post","status-publish","format-standard","has-post-thumbnail","category-balonmano","category-portada","tag-aranda-de-duero","tag-division-de-honor-plata","tag-rfebm","tag-villa-de-aranda"],"yoast_head":"<!-- This site is optimized with the Yoast SEO plugin v27.5 - https:\/\/yoast.com\/product\/yoast-seo-wordpress\/ -->\r\n<title>Tubos Aranda desactiva a Caserio (28-21)<\/title>\r\n<meta name=\"description\" content=\"El Deporte de Aranda y las tierras del Duero\" \/>\r\n<meta name=\"robots\" content=\"index, follow, max-snippet:-1, max-image-preview:large, max-video-preview:-1\" \/>\r\n<link rel=\"canonical\" href=\"https:\/\/www.duerodeporte.com\/index.php\/archivos\/2829\" \/>\r\n<meta property=\"og:locale\" content=\"es_ES\" \/>\r\n<meta property=\"og:type\" content=\"article\" \/>\r\n<meta property=\"og:title\" content=\"Tubos Aranda desactiva a Caserio (28-21)\" \/>\r\n<meta property=\"og:description\" content=\"El Deporte de Aranda y las tierras del Duero\" \/>\r\n<meta property=\"og:url\" content=\"https:\/\/www.duerodeporte.com\/index.php\/archivos\/2829\" \/>\r\n<meta property=\"og:site_name\" content=\"Duero Deporte\" \/>\r\n<meta property=\"article:publisher\" content=\"https:\/\/www.facebook.com\/61555928375028\" \/>\r\n<meta property=\"article:published_time\" content=\"2024-04-27T18:29:25+00:00\" \/>\r\n<meta property=\"article:modified_time\" content=\"2024-04-29T15:01:05+00:00\" \/>\r\n<meta property=\"og:image\" content=\"https:\/\/www.duerodeporte.com\/wp-content\/uploads\/2024\/04\/WhatsApp-Image-2024-04-27-at-20.25.25.jpeg\" \/>\r\n\t<meta property=\"og:image:width\" content=\"1600\" \/>\r\n\t<meta property=\"og:image:height\" content=\"852\" \/>\r\n\t<meta property=\"og:image:type\" content=\"image\/jpeg\" \/>\r\n<meta name=\"author\" content=\"Diego A. Mart\u00edn\" \/>\r\n<meta name=\"twitter:card\" content=\"summary_large_image\" \/>\r\n<meta name=\"twitter:creator\" content=\"@Diegoamartin13\" \/>\r\n<meta name=\"twitter:site\" content=\"@Diegoamartin13\" \/>\r\n<meta name=\"twitter:label1\" content=\"Escrito por\" \/>\n\t<meta name=\"twitter:data1\" content=\"Diego A. Mart\u00edn\" \/>\n\t<meta name=\"twitter:label2\" content=\"Tiempo de lectura\" \/>\n\t<meta name=\"twitter:data2\" content=\"3 minutos\" \/>\r\n<script type=\"application\/ld+json\" class=\"yoast-schema-graph\">{\"@context\":\"https:\\\/\\\/schema.org\",\"@graph\":[{\"@type\":[\"Article\",\"SocialMediaPosting\"],\"@id\":\"https:\\\/\\\/www.duerodeporte.com\\\/index.php\\\/archivos\\\/2829#article\",\"isPartOf\":{\"@id\":\"https:\\\/\\\/www.duerodeporte.com\\\/index.php\\\/archivos\\\/2829\"},\"author\":{\"name\":\"Diego A. Mart\u00edn\",\"@id\":\"https:\\\/\\\/www.duerodeporte.com\\\/#\\\/schema\\\/person\\\/5f3368966f635b5ae0d23ffaf7a7f894\"},\"headline\":\"Tubos Aranda desactiva a Caserio (28-21)\",\"datePublished\":\"2024-04-27T18:29:25+00:00\",\"dateModified\":\"2024-04-29T15:01:05+00:00\",\"mainEntityOfPage\":{\"@id\":\"https:\\\/\\\/www.duerodeporte.com\\\/index.php\\\/archivos\\\/2829\"},\"wordCount\":647,\"commentCount\":0,\"publisher\":{\"@id\":\"https:\\\/\\\/www.duerodeporte.com\\\/#organization\"},\"image\":{\"@id\":\"https:\\\/\\\/www.duerodeporte.com\\\/index.php\\\/archivos\\\/2829#primaryimage\"},\"thumbnailUrl\":\"https:\\\/\\\/www.duerodeporte.com\\\/wp-content\\\/uploads\\\/2024\\\/04\\\/WhatsApp-Image-2024-04-27-at-20.25.25.jpeg\",\"keywords\":[\"aranda de duero\",\"Divisi\u00f3n de Honor Plata\",\"Rfebm\",\"Villa de Aranda\"],\"articleSection\":[\"BALONMANO\",\"z_PORTADA\"],\"inLanguage\":\"es\",\"potentialAction\":[{\"@type\":\"CommentAction\",\"name\":\"Comment\",\"target\":[\"https:\\\/\\\/www.duerodeporte.com\\\/index.php\\\/archivos\\\/2829#respond\"]}]},{\"@type\":[\"WebPage\",\"ItemPage\"],\"@id\":\"https:\\\/\\\/www.duerodeporte.com\\\/index.php\\\/archivos\\\/2829\",\"url\":\"https:\\\/\\\/www.duerodeporte.com\\\/index.php\\\/archivos\\\/2829\",\"name\":\"Tubos Aranda desactiva a Caserio (28-21)\",\"isPartOf\":{\"@id\":\"https:\\\/\\\/www.duerodeporte.com\\\/#website\"},\"primaryImageOfPage\":{\"@id\":\"https:\\\/\\\/www.duerodeporte.com\\\/index.php\\\/archivos\\\/2829#primaryimage\"},\"image\":{\"@id\":\"https:\\\/\\\/www.duerodeporte.com\\\/index.php\\\/archivos\\\/2829#primaryimage\"},\"thumbnailUrl\":\"https:\\\/\\\/www.duerodeporte.com\\\/wp-content\\\/uploads\\\/2024\\\/04\\\/WhatsApp-Image-2024-04-27-at-20.25.25.jpeg\",\"datePublished\":\"2024-04-27T18:29:25+00:00\",\"dateModified\":\"2024-04-29T15:01:05+00:00\",\"description\":\"El Deporte de Aranda y las tierras del Duero\",\"breadcrumb\":{\"@id\":\"https:\\\/\\\/www.duerodeporte.com\\\/index.php\\\/archivos\\\/2829#breadcrumb\"},\"inLanguage\":\"es\",\"potentialAction\":[{\"@type\":\"ReadAction\",\"target\":[\"https:\\\/\\\/www.duerodeporte.com\\\/index.php\\\/archivos\\\/2829\"]}]},{\"@type\":\"ImageObject\",\"inLanguage\":\"es\",\"@id\":\"https:\\\/\\\/www.duerodeporte.com\\\/index.php\\\/archivos\\\/2829#primaryimage\",\"url\":\"https:\\\/\\\/www.duerodeporte.com\\\/wp-content\\\/uploads\\\/2024\\\/04\\\/WhatsApp-Image-2024-04-27-at-20.25.25.jpeg\",\"contentUrl\":\"https:\\\/\\\/www.duerodeporte.com\\\/wp-content\\\/uploads\\\/2024\\\/04\\\/WhatsApp-Image-2024-04-27-at-20.25.25.jpeg\",\"width\":1600,\"height\":852,\"caption\":\"Una de las acciones de ataque del Tubos Aranda en la segunda parte ante Caser\u00edo \\\/ duerodeporte.com\"},{\"@type\":\"BreadcrumbList\",\"@id\":\"https:\\\/\\\/www.duerodeporte.com\\\/index.php\\\/archivos\\\/2829#breadcrumb\",\"itemListElement\":[{\"@type\":\"ListItem\",\"position\":1,\"name\":\"Portada\",\"item\":\"https:\\\/\\\/www.duerodeporte.com\\\/\"},{\"@type\":\"ListItem\",\"position\":2,\"name\":\"Tubos Aranda desactiva a Caserio (28-21)\"}]},{\"@type\":\"WebSite\",\"@id\":\"https:\\\/\\\/www.duerodeporte.com\\\/#website\",\"url\":\"https:\\\/\\\/www.duerodeporte.com\\\/\",\"name\":\"Duero Deporte\",\"description\":\"El Deporte de Aranda y las tierras del Duero\",\"publisher\":{\"@id\":\"https:\\\/\\\/www.duerodeporte.com\\\/#organization\"},\"alternateName\":\"El Deporte de Aranda y las tierras del Duero\",\"potentialAction\":[{\"@type\":\"SearchAction\",\"target\":{\"@type\":\"EntryPoint\",\"urlTemplate\":\"https:\\\/\\\/www.duerodeporte.com\\\/?s={search_term_string}\"},\"query-input\":{\"@type\":\"PropertyValueSpecification\",\"valueRequired\":true,\"valueName\":\"search_term_string\"}}],\"inLanguage\":\"es\"},{\"@type\":\"Organization\",\"@id\":\"https:\\\/\\\/www.duerodeporte.com\\\/#organization\",\"name\":\"Duero Deporte\",\"alternateName\":\"El Deporte de Aranda y las tierras del Duero\",\"url\":\"https:\\\/\\\/www.duerodeporte.com\\\/\",\"logo\":{\"@type\":\"ImageObject\",\"inLanguage\":\"es\",\"@id\":\"https:\\\/\\\/www.duerodeporte.com\\\/#\\\/schema\\\/logo\\\/image\\\/\",\"url\":\"https:\\\/\\\/www.duerodeporte.com\\\/wp-content\\\/uploads\\\/2023\\\/11\\\/A.ColorSinFondo-e1708011627555.png\",\"contentUrl\":\"https:\\\/\\\/www.duerodeporte.com\\\/wp-content\\\/uploads\\\/2023\\\/11\\\/A.ColorSinFondo-e1708011627555.png\",\"width\":750,\"height\":132,\"caption\":\"Duero Deporte\"},\"image\":{\"@id\":\"https:\\\/\\\/www.duerodeporte.com\\\/#\\\/schema\\\/logo\\\/image\\\/\"},\"sameAs\":[\"https:\\\/\\\/www.facebook.com\\\/61555928375028\",\"https:\\\/\\\/x.com\\\/Diegoamartin13\",\"https:\\\/\\\/www.youtube.com\\\/channel\\\/UCxIGQL8b9gmW-NjaChabCdA\"]},{\"@type\":\"Person\",\"@id\":\"https:\\\/\\\/www.duerodeporte.com\\\/#\\\/schema\\\/person\\\/5f3368966f635b5ae0d23ffaf7a7f894\",\"name\":\"Diego A. Mart\u00edn\",\"image\":{\"@type\":\"ImageObject\",\"inLanguage\":\"es\",\"@id\":\"https:\\\/\\\/www.duerodeporte.com\\\/wp-content\\\/uploads\\\/2024\\\/01\\\/Diego2-e1706522808572-150x150.jpeg\",\"url\":\"https:\\\/\\\/www.duerodeporte.com\\\/wp-content\\\/uploads\\\/2024\\\/01\\\/Diego2-e1706522808572-150x150.jpeg\",\"contentUrl\":\"https:\\\/\\\/www.duerodeporte.com\\\/wp-content\\\/uploads\\\/2024\\\/01\\\/Diego2-e1706522808572-150x150.jpeg\",\"caption\":\"Diego A. Mart\u00edn\"},\"url\":\"https:\\\/\\\/www.duerodeporte.com\\\/index.php\\\/archivos\\\/author\\\/diego\"}]}<\/script>\r\n<!-- \/ Yoast SEO plugin. -->","yoast_head_json":{"title":"Tubos Aranda desactiva a Caserio (28-21)","description":"El Deporte de Aranda y las tierras del Duero","robots":{"index":"index","follow":"follow","max-snippet":"max-snippet:-1","max-image-preview":"max-image-preview:large","max-video-preview":"max-video-preview:-1"},"canonical":"https:\/\/www.duerodeporte.com\/index.php\/archivos\/2829","og_locale":"es_ES","og_type":"article","og_title":"Tubos Aranda desactiva a Caserio (28-21)","og_description":"El Deporte de Aranda y las tierras del Duero","og_url":"https:\/\/www.duerodeporte.com\/index.php\/archivos\/2829","og_site_name":"Duero Deporte","article_publisher":"https:\/\/www.facebook.com\/61555928375028","article_published_time":"2024-04-27T18:29:25+00:00","article_modified_time":"2024-04-29T15:01:05+00:00","og_image":[{"width":1600,"height":852,"url":"https:\/\/www.duerodeporte.com\/wp-content\/uploads\/2024\/04\/WhatsApp-Image-2024-04-27-at-20.25.25.jpeg","type":"image\/jpeg"}],"author":"Diego A. Mart\u00edn","twitter_card":"summary_large_image","twitter_creator":"@Diegoamartin13","twitter_site":"@Diegoamartin13","twitter_misc":{"Escrito por":"Diego A. Mart\u00edn","Tiempo de lectura":"3 minutos"},"schema":{"@context":"https:\/\/schema.org","@graph":[{"@type":["Article","SocialMediaPosting"],"@id":"https:\/\/www.duerodeporte.com\/index.php\/archivos\/2829#article","isPartOf":{"@id":"https:\/\/www.duerodeporte.com\/index.php\/archivos\/2829"},"author":{"name":"Diego A. Mart\u00edn","@id":"https:\/\/www.duerodeporte.com\/#\/schema\/person\/5f3368966f635b5ae0d23ffaf7a7f894"},"headline":"Tubos Aranda desactiva a Caserio (28-21)","datePublished":"2024-04-27T18:29:25+00:00","dateModified":"2024-04-29T15:01:05+00:00","mainEntityOfPage":{"@id":"https:\/\/www.duerodeporte.com\/index.php\/archivos\/2829"},"wordCount":647,"commentCount":0,"publisher":{"@id":"https:\/\/www.duerodeporte.com\/#organization"},"image":{"@id":"https:\/\/www.duerodeporte.com\/index.php\/archivos\/2829#primaryimage"},"thumbnailUrl":"https:\/\/www.duerodeporte.com\/wp-content\/uploads\/2024\/04\/WhatsApp-Image-2024-04-27-at-20.25.25.jpeg","keywords":["aranda de duero","Divisi\u00f3n de Honor Plata","Rfebm","Villa de Aranda"],"articleSection":["BALONMANO","z_PORTADA"],"inLanguage":"es","potentialAction":[{"@type":"CommentAction","name":"Comment","target":["https:\/\/www.duerodeporte.com\/index.php\/archivos\/2829#respond"]}]},{"@type":["WebPage","ItemPage"],"@id":"https:\/\/www.duerodeporte.com\/index.php\/archivos\/2829","url":"https:\/\/www.duerodeporte.com\/index.php\/archivos\/2829","name":"Tubos Aranda desactiva a Caserio (28-21)","isPartOf":{"@id":"https:\/\/www.duerodeporte.com\/#website"},"primaryImageOfPage":{"@id":"https:\/\/www.duerodeporte.com\/index.php\/archivos\/2829#primaryimage"},"image":{"@id":"https:\/\/www.duerodeporte.com\/index.php\/archivos\/2829#primaryimage"},"thumbnailUrl":"https:\/\/www.duerodeporte.com\/wp-content\/uploads\/2024\/04\/WhatsApp-Image-2024-04-27-at-20.25.25.jpeg","datePublished":"2024-04-27T18:29:25+00:00","dateModified":"2024-04-29T15:01:05+00:00","description":"El Deporte de Aranda y las tierras del Duero","breadcrumb":{"@id":"https:\/\/www.duerodeporte.com\/index.php\/archivos\/2829#breadcrumb"},"inLanguage":"es","potentialAction":[{"@type":"ReadAction","target":["https:\/\/www.duerodeporte.com\/index.php\/archivos\/2829"]}]},{"@type":"ImageObject","inLanguage":"es","@id":"https:\/\/www.duerodeporte.com\/index.php\/archivos\/2829#primaryimage","url":"https:\/\/www.duerodeporte.com\/wp-content\/uploads\/2024\/04\/WhatsApp-Image-2024-04-27-at-20.25.25.jpeg","contentUrl":"https:\/\/www.duerodeporte.com\/wp-content\/uploads\/2024\/04\/WhatsApp-Image-2024-04-27-at-20.25.25.jpeg","width":1600,"height":852,"caption":"Una de las acciones de ataque del Tubos Aranda en la segunda parte ante Caser\u00edo \/ duerodeporte.com"},{"@type":"BreadcrumbList","@id":"https:\/\/www.duerodeporte.com\/index.php\/archivos\/2829#breadcrumb","itemListElement":[{"@type":"ListItem","position":1,"name":"Portada","item":"https:\/\/www.duerodeporte.com\/"},{"@type":"ListItem","position":2,"name":"Tubos Aranda desactiva a Caserio (28-21)"}]},{"@type":"WebSite","@id":"https:\/\/www.duerodeporte.com\/#website","url":"https:\/\/www.duerodeporte.com\/","name":"Duero Deporte","description":"El Deporte de Aranda y las tierras del Duero","publisher":{"@id":"https:\/\/www.duerodeporte.com\/#organization"},"alternateName":"El Deporte de Aranda y las tierras del Duero","potentialAction":[{"@type":"SearchAction","target":{"@type":"EntryPoint","urlTemplate":"https:\/\/www.duerodeporte.com\/?s={search_term_string}"},"query-input":{"@type":"PropertyValueSpecification","valueRequired":true,"valueName":"search_term_string"}}],"inLanguage":"es"},{"@type":"Organization","@id":"https:\/\/www.duerodeporte.com\/#organization","name":"Duero Deporte","alternateName":"El Deporte de Aranda y las tierras del Duero","url":"https:\/\/www.duerodeporte.com\/","logo":{"@type":"ImageObject","inLanguage":"es","@id":"https:\/\/www.duerodeporte.com\/#\/schema\/logo\/image\/","url":"https:\/\/www.duerodeporte.com\/wp-content\/uploads\/2023\/11\/A.ColorSinFondo-e1708011627555.png","contentUrl":"https:\/\/www.duerodeporte.com\/wp-content\/uploads\/2023\/11\/A.ColorSinFondo-e1708011627555.png","width":750,"height":132,"caption":"Duero Deporte"},"image":{"@id":"https:\/\/www.duerodeporte.com\/#\/schema\/logo\/image\/"},"sameAs":["https:\/\/www.facebook.com\/61555928375028","https:\/\/x.com\/Diegoamartin13","https:\/\/www.youtube.com\/channel\/UCxIGQL8b9gmW-NjaChabCdA"]},{"@type":"Person","@id":"https:\/\/www.duerodeporte.com\/#\/schema\/person\/5f3368966f635b5ae0d23ffaf7a7f894","name":"Diego A. Mart\u00edn","image":{"@type":"ImageObject","inLanguage":"es","@id":"https:\/\/www.duerodeporte.com\/wp-content\/uploads\/2024\/01\/Diego2-e1706522808572-150x150.jpeg","url":"https:\/\/www.duerodeporte.com\/wp-content\/uploads\/2024\/01\/Diego2-e1706522808572-150x150.jpeg","contentUrl":"https:\/\/www.duerodeporte.com\/wp-content\/uploads\/2024\/01\/Diego2-e1706522808572-150x150.jpeg","caption":"Diego A. Mart\u00edn"},"url":"https:\/\/www.duerodeporte.com\/index.php\/archivos\/author\/diego"}]}},"views":381,"_links":{"self":[{"href":"https:\/\/www.duerodeporte.com\/index.php\/wp-json\/wp\/v2\/posts\/2829","targetHints":{"allow":["GET"]}}],"collection":[{"href":"https:\/\/www.duerodeporte.com\/index.php\/wp-json\/wp\/v2\/posts"}],"about":[{"href":"https:\/\/www.duerodeporte.com\/index.php\/wp-json\/wp\/v2\/types\/post"}],"author":[{"embeddable":true,"href":"https:\/\/www.duerodeporte.com\/index.php\/wp-json\/wp\/v2\/users\/3"}],"replies":[{"embeddable":true,"href":"https:\/\/www.duerodeporte.com\/index.php\/wp-json\/wp\/v2\/comments?post=2829"}],"version-history":[{"count":19,"href":"https:\/\/www.duerodeporte.com\/index.php\/wp-json\/wp\/v2\/posts\/2829\/revisions"}],"predecessor-version":[{"id":2853,"href":"https:\/\/www.duerodeporte.com\/index.php\/wp-json\/wp\/v2\/posts\/2829\/revisions\/2853"}],"wp:featuredmedia":[{"embeddable":true,"href":"https:\/\/www.duerodeporte.com\/index.php\/wp-json\/wp\/v2\/media\/2843"}],"wp:attachment":[{"href":"https:\/\/www.duerodeporte.com\/index.php\/wp-json\/wp\/v2\/media?parent=2829"}],"wp:term":[{"taxonomy":"category","embeddable":true,"href":"https:\/\/www.duerodeporte.com\/index.php\/wp-json\/wp\/v2\/categories?post=2829"},{"taxonomy":"post_tag","embeddable":true,"href":"https:\/\/www.duerodeporte.com\/index.php\/wp-json\/wp\/v2\/tags?post=2829"}],"curies":[{"name":"wp","href":"https:\/\/api.w.org\/{rel}","templated":true}]}}