{"id":2854,"date":"2024-04-28T12:50:25","date_gmt":"2024-04-28T11:50:25","guid":{"rendered":"https:\/\/www.duerodeporte.com\/?p=2854"},"modified":"2024-04-30T00:32:55","modified_gmt":"2024-04-29T23:32:55","slug":"la-arandina-desciende-a-tercera-federacion-tras-la-victoria-mas-amarga-2-1","status":"publish","type":"post","link":"https:\/\/www.duerodeporte.com\/index.php\/archivos\/2854","title":{"rendered":"La Arandina desciende a Tercera Federaci\u00f3n tras la victoria m\u00e1s amarga (2-1)"},"content":{"rendered":"\n<h2 class=\"wp-block-heading\">A pesar del triunfo ante el Marino de Luanco, los blanquiazules no pueden evitar perder la categor\u00eda tras la victoria de la Gimn\u00e1stica de Torrelavega frente al Guijuelo (3-1)<\/h2>\n\n\n\n<p><strong>Cr\u00f3nica de una muerte anunciada&#8230;<\/strong> algunos podr\u00edan recordar la afamada obra del autor colombiano <strong>Gabriel Garc\u00eda M\u00e1rquez<\/strong> para describir el destino final de la Arandina este temporada.<\/p>\n\n\n\n<p><strong>Adi\u00f3s de la <a href=\"https:\/\/arandinacf.net\/\">Arandina <\/a>a Segunda Federaci\u00f3n<\/strong> tan solo un temporada despu\u00e9s de su magn\u00edfico ascenso. La <strong><a href=\"https:\/\/es.besoccer.com\/competicion\/resultados\/segunda_division_rfef\/2024\/grupo1\">33\u00aa y pen\u00faltima jornada en el Grupo I de Segunda Federaci\u00f3n<\/a><\/strong> confirm\u00f3 el descenso a Tercera Federaci\u00f3n de los blanquiazules. La victoria de la Gimn\u00e1stica de Torrelavega sobre el Guijuelo (3-1) a pesar del triunfo ante el Marino de Luanco (2-1) condena a los de las tierras del Duero.<\/p>\n\n\n\n<h2 class=\"wp-block-heading\">La pel\u00edcula de la jornada<\/h2>\n\n\n\n<p>La jornada trajo malas noticias de manera temprana con el tanto de <strong>Basurto <\/strong>para el <strong>Torrelavega<\/strong> (<strong>1-0<\/strong>) Un tanto que invalidaba cualquier esperanza de los de las tierras del Duero. <strong>Mazazo en Aranda<\/strong> que ser\u00eda a\u00fan m\u00e1s duro tras el <strong>2-0<\/strong> de <strong>S\u00e1ul <\/strong>para los torrelaveganos a los 11 minutos de partido. Una remontada milagrosa del Guijuelo evitar\u00eda el descenso de la Arandina a Tercer Federaci\u00f3n.<\/p>\n\n\n\n<p>Mientras llegaban las noticias al Juan Carlos Higuero, <strong>Kevin <\/strong>se encarg\u00f3 que el dolor fuera menos intenso tras anotar el<strong> 1-0 a los 12 minutos<\/strong> de juego. Los de \u00c1lex Izquierdo quer\u00edan caer con honor y fieles a un estilo de juego ofensivo que esta temporada ha tenido el tal\u00f3n de Aquiles en la finalizaci\u00f3n.<\/p>\n\n\n\n<p>Pero la jornada no iba a contar con un guion agradable, por momentos. De ello se encargar\u00eda<strong> Diego D\u00edaz <\/strong>tras empatar el partido en el Juan Carlos Higuero antes de alcanzar la media hora de juego (<strong>1-1<\/strong>) <\/p>\n\n\n\n<p>Tras el inicio fren\u00e9tico tanto en el Nuevo Malec\u00f3n c\u00e1ntabro como en el Juan Carlos Higuero, ambos encuentros se estabilizaron para llegar al tiempo de descenso con esos dos marcadores.<\/p>\n\n\n\n<figure class=\"wp-block-embed is-type-rich is-provider-twitter wp-block-embed-twitter\"><div class=\"wp-block-embed__wrapper\">\n<blockquote class=\"twitter-tweet\" data-width=\"550\" data-dnt=\"true\"><p lang=\"es\" dir=\"ltr\">\ud83d\udfe0 <a href=\"https:\/\/twitter.com\/hashtag\/ArandinavsLuanco?src=hash&amp;ref_src=twsrc%5Etfw\">#ArandinavsLuanco<\/a><br><br>\u26bd DESCANSO&#8230; el empate de los <a href=\"https:\/\/twitter.com\/hashtag\/blanquiazules?src=hash&amp;ref_src=twsrc%5Etfw\">#blanquiazules<\/a>, unido al triunfo de <a href=\"https:\/\/twitter.com\/RSGimnastica?ref_src=twsrc%5Etfw\">@RSGimnastica<\/a> (2\ufe0f\u20e3-0\ufe0f\u20e3) condena a la <a href=\"https:\/\/twitter.com\/ArandinaCF?ref_src=twsrc%5Etfw\">@ArandinaCF<\/a> al descenso<br><br>\u26aa\ud83d\udd35 <a href=\"https:\/\/twitter.com\/ArandinaCF?ref_src=twsrc%5Etfw\">@ArandinaCF<\/a> 1\ufe0f\u20e3<br>\ud83d\udd34\ud83d\udd34 <a href=\"https:\/\/twitter.com\/MarinoLuanco?ref_src=twsrc%5Etfw\">@MarinoLuanco<\/a> 1\ufe0f\u20e3<br><br>\u27a1\ufe0f 3\ufe0f\u20e33\ufe0f\u20e3&#39; jr. Gr. 1\ufe0f\u20e3 de 2\ufe0f\u20e3&#39; <a href=\"https:\/\/twitter.com\/rfef?ref_src=twsrc%5Etfw\">@rfef<\/a><br>\ud83c\udfdf\ufe0f Santiago Mangu\u00e1n<br><br>\ud83c\udfa6 <a href=\"https:\/\/twitter.com\/Monzn46?ref_src=twsrc%5Etfw\">@Monzn46<\/a> <a href=\"https:\/\/t.co\/YW7VnTQwLB\">pic.twitter.com\/YW7VnTQwLB<\/a><\/p>&mdash; Diego A. Mart\u00edn (@Diegoamartin13) <a href=\"https:\/\/twitter.com\/Diegoamartin13\/status\/1784538174103970060?ref_src=twsrc%5Etfw\">April 28, 2024<\/a><\/blockquote><script async src=\"https:\/\/platform.twitter.com\/widgets.js\" charset=\"utf-8\"><\/script>\n<\/div><figcaption class=\"wp-element-caption\"><strong><a href=\"https:\/\/twitter.com\/Diegoamartin13\">@Diegoamartin13<\/a><\/strong><\/figcaption><\/figure>\n\n\n\n<h2 class=\"wp-block-heading\">Segunda partes nunca fueron buenas<\/h2>\n\n\n\n<p>Tras el paso por los vestuarios y despu\u00e9s de los primeros minutos de juego de la segunda parte todo parec\u00eda inamovible, tanto en Aranda de Duero como en Torrelavega.<\/p>\n\n\n\n<p>Pero la Arandina quer\u00eda morir matando y el gol de <strong>Varona <\/strong>a los 59 minutos de partido al menos alimentaba ese esp\u00edritu (<strong>2-1<\/strong>) Los de las tierras del Duero cumpl\u00edan con la obligaci\u00f3n, pero sin que llegaran buenas nuevas desde <strong>Torrelavega<\/strong>. El Guijuelo, c\u00f3modo en posiciones de play off, solo fue capaz de reaccionar con un tanto frente a los c\u00e1ntabros (<strong>2-1<\/strong>) que har\u00edan el <strong>3-1<\/strong> en el descuento.<\/p>\n\n\n\n<p>Para mas inri, el Villalba (Galicia) el <strong>Villalb\u00e9s <\/strong>sabedor de los resultados de la jornada reaccion\u00f3 para endosarle un <strong>2-0<\/strong> al Coruxo en la segunda parte. Todos los resultados en contra.<\/p>\n\n\n\n<p>Y as\u00ed acabar\u00eda la<strong> 33\u00ba jornada<\/strong> del liga en el Grupo I del Campeonato de Segunda Federaci\u00f3n para la Arandina, con<strong> el triunfo m\u00e1s amargo de la temporada<\/strong>, pero con el orgullo de haber cumplido con las obligaciones hasta donde se pudo.<\/p>\n\n\n\n<p>De esta manera se pone fin a una temporada en la que<strong> la Arandina ha demostrado un gran nivel competitivo, insuficiente ante la falta de pegada<\/strong> que ha terminado por condenar el proyecto al descenso. Comienza una nueva etapa en <strong>Tercera Federaci\u00f3n<\/strong>.<\/p>\n","protected":false},"excerpt":{"rendered":"<p>A pesar del triunfo ante el Marino de Luanco, los blanquiazules no pueden evitar perder la categor\u00eda tras la victoria de la Gimn\u00e1stica de Torrelavega frente al Guijuelo (3-1) Cr\u00f3nica [&hellip;]<\/p>\n","protected":false},"author":3,"featured_media":2866,"comment_status":"open","ping_status":"open","sticky":false,"template":"","format":"standard","meta":{"footnotes":""},"categories":[17,15],"tags":[43,22,26,327,106,36,88],"class_list":["post-2854","post","type-post","status-publish","format-standard","has-post-thumbnail","category-futbol","category-portada","tag-aranda-de-duero","tag-arandina","tag-futbol","tag-gimnastica-de-torrelavega","tag-guijuelo","tag-rfef","tag-segunda-federacion"],"yoast_head":"<!-- This site is optimized with the Yoast SEO plugin v27.5 - https:\/\/yoast.com\/product\/yoast-seo-wordpress\/ -->\r\n<title>La Arandina desciende a Tercera Federaci\u00f3n tras la victoria m\u00e1s amarga (2-1)<\/title>\r\n<meta name=\"description\" content=\"El Deporte de Aranda y las tierras del Duero\" \/>\r\n<meta name=\"robots\" content=\"index, follow, max-snippet:-1, max-image-preview:large, max-video-preview:-1\" \/>\r\n<link rel=\"canonical\" href=\"https:\/\/www.duerodeporte.com\/index.php\/archivos\/2854\" \/>\r\n<meta property=\"og:locale\" content=\"es_ES\" \/>\r\n<meta property=\"og:type\" content=\"article\" \/>\r\n<meta property=\"og:title\" content=\"La Arandina desciende a Tercera Federaci\u00f3n tras la victoria m\u00e1s amarga (2-1)\" \/>\r\n<meta property=\"og:description\" content=\"El Deporte de Aranda y las tierras del Duero\" \/>\r\n<meta property=\"og:url\" content=\"https:\/\/www.duerodeporte.com\/index.php\/archivos\/2854\" \/>\r\n<meta property=\"og:site_name\" content=\"Duero Deporte\" \/>\r\n<meta property=\"article:publisher\" content=\"https:\/\/www.facebook.com\/61555928375028\" \/>\r\n<meta property=\"article:published_time\" content=\"2024-04-28T11:50:25+00:00\" \/>\r\n<meta property=\"article:modified_time\" content=\"2024-04-29T23:32:55+00:00\" \/>\r\n<meta property=\"og:image\" content=\"https:\/\/www.duerodeporte.com\/wp-content\/uploads\/2024\/04\/WhatsApp-Image-2024-04-28-at-12.58.42-scaled.jpeg\" \/>\r\n\t<meta property=\"og:image:width\" content=\"2560\" \/>\r\n\t<meta property=\"og:image:height\" content=\"1707\" \/>\r\n\t<meta property=\"og:image:type\" content=\"image\/jpeg\" \/>\r\n<meta name=\"author\" content=\"Diego A. Mart\u00edn\" \/>\r\n<meta name=\"twitter:card\" content=\"summary_large_image\" \/>\r\n<meta name=\"twitter:creator\" content=\"@Diegoamartin13\" \/>\r\n<meta name=\"twitter:site\" content=\"@Diegoamartin13\" \/>\r\n<meta name=\"twitter:label1\" content=\"Escrito por\" \/>\n\t<meta name=\"twitter:data1\" content=\"Diego A. Mart\u00edn\" \/>\n\t<meta name=\"twitter:label2\" content=\"Tiempo de lectura\" \/>\n\t<meta name=\"twitter:data2\" content=\"3 minutos\" \/>\r\n<script type=\"application\/ld+json\" class=\"yoast-schema-graph\">{\"@context\":\"https:\\\/\\\/schema.org\",\"@graph\":[{\"@type\":[\"Article\",\"SocialMediaPosting\"],\"@id\":\"https:\\\/\\\/www.duerodeporte.com\\\/index.php\\\/archivos\\\/2854#article\",\"isPartOf\":{\"@id\":\"https:\\\/\\\/www.duerodeporte.com\\\/index.php\\\/archivos\\\/2854\"},\"author\":{\"name\":\"Diego A. Mart\u00edn\",\"@id\":\"https:\\\/\\\/www.duerodeporte.com\\\/#\\\/schema\\\/person\\\/5f3368966f635b5ae0d23ffaf7a7f894\"},\"headline\":\"La Arandina desciende a Tercera Federaci\u00f3n tras la victoria m\u00e1s amarga (2-1)\",\"datePublished\":\"2024-04-28T11:50:25+00:00\",\"dateModified\":\"2024-04-29T23:32:55+00:00\",\"mainEntityOfPage\":{\"@id\":\"https:\\\/\\\/www.duerodeporte.com\\\/index.php\\\/archivos\\\/2854\"},\"wordCount\":591,\"commentCount\":0,\"publisher\":{\"@id\":\"https:\\\/\\\/www.duerodeporte.com\\\/#organization\"},\"image\":{\"@id\":\"https:\\\/\\\/www.duerodeporte.com\\\/index.php\\\/archivos\\\/2854#primaryimage\"},\"thumbnailUrl\":\"https:\\\/\\\/www.duerodeporte.com\\\/wp-content\\\/uploads\\\/2024\\\/04\\\/WhatsApp-Image-2024-04-28-at-12.58.42-scaled.jpeg\",\"keywords\":[\"aranda de duero\",\"arandina\",\"f\u00fatbol\",\"Gimn\u00e1stica de Torrelavega\",\"Guijuelo\",\"RFEF\",\"Segunda Federaci\u00f3n\"],\"articleSection\":[\"FUTBOL\",\"z_PORTADA\"],\"inLanguage\":\"es\",\"potentialAction\":[{\"@type\":\"CommentAction\",\"name\":\"Comment\",\"target\":[\"https:\\\/\\\/www.duerodeporte.com\\\/index.php\\\/archivos\\\/2854#respond\"]}]},{\"@type\":[\"WebPage\",\"ItemPage\"],\"@id\":\"https:\\\/\\\/www.duerodeporte.com\\\/index.php\\\/archivos\\\/2854\",\"url\":\"https:\\\/\\\/www.duerodeporte.com\\\/index.php\\\/archivos\\\/2854\",\"name\":\"La Arandina desciende a Tercera Federaci\u00f3n tras la victoria m\u00e1s amarga (2-1)\",\"isPartOf\":{\"@id\":\"https:\\\/\\\/www.duerodeporte.com\\\/#website\"},\"primaryImageOfPage\":{\"@id\":\"https:\\\/\\\/www.duerodeporte.com\\\/index.php\\\/archivos\\\/2854#primaryimage\"},\"image\":{\"@id\":\"https:\\\/\\\/www.duerodeporte.com\\\/index.php\\\/archivos\\\/2854#primaryimage\"},\"thumbnailUrl\":\"https:\\\/\\\/www.duerodeporte.com\\\/wp-content\\\/uploads\\\/2024\\\/04\\\/WhatsApp-Image-2024-04-28-at-12.58.42-scaled.jpeg\",\"datePublished\":\"2024-04-28T11:50:25+00:00\",\"dateModified\":\"2024-04-29T23:32:55+00:00\",\"description\":\"El Deporte de Aranda y las tierras del Duero\",\"breadcrumb\":{\"@id\":\"https:\\\/\\\/www.duerodeporte.com\\\/index.php\\\/archivos\\\/2854#breadcrumb\"},\"inLanguage\":\"es\",\"potentialAction\":[{\"@type\":\"ReadAction\",\"target\":[\"https:\\\/\\\/www.duerodeporte.com\\\/index.php\\\/archivos\\\/2854\"]}]},{\"@type\":\"ImageObject\",\"inLanguage\":\"es\",\"@id\":\"https:\\\/\\\/www.duerodeporte.com\\\/index.php\\\/archivos\\\/2854#primaryimage\",\"url\":\"https:\\\/\\\/www.duerodeporte.com\\\/wp-content\\\/uploads\\\/2024\\\/04\\\/WhatsApp-Image-2024-04-28-at-12.58.42-scaled.jpeg\",\"contentUrl\":\"https:\\\/\\\/www.duerodeporte.com\\\/wp-content\\\/uploads\\\/2024\\\/04\\\/WhatsApp-Image-2024-04-28-at-12.58.42-scaled.jpeg\",\"width\":2560,\"height\":1707,\"caption\":\"Los blanquiazules supieron amarrar las embestidas de los asturianos. \\\/ @Monzn46\"},{\"@type\":\"BreadcrumbList\",\"@id\":\"https:\\\/\\\/www.duerodeporte.com\\\/index.php\\\/archivos\\\/2854#breadcrumb\",\"itemListElement\":[{\"@type\":\"ListItem\",\"position\":1,\"name\":\"Portada\",\"item\":\"https:\\\/\\\/www.duerodeporte.com\\\/\"},{\"@type\":\"ListItem\",\"position\":2,\"name\":\"La Arandina desciende a Tercera Federaci\u00f3n tras la victoria m\u00e1s amarga (2-1)\"}]},{\"@type\":\"WebSite\",\"@id\":\"https:\\\/\\\/www.duerodeporte.com\\\/#website\",\"url\":\"https:\\\/\\\/www.duerodeporte.com\\\/\",\"name\":\"Duero Deporte\",\"description\":\"El Deporte de Aranda y las tierras del Duero\",\"publisher\":{\"@id\":\"https:\\\/\\\/www.duerodeporte.com\\\/#organization\"},\"alternateName\":\"El Deporte de Aranda y las tierras del Duero\",\"potentialAction\":[{\"@type\":\"SearchAction\",\"target\":{\"@type\":\"EntryPoint\",\"urlTemplate\":\"https:\\\/\\\/www.duerodeporte.com\\\/?s={search_term_string}\"},\"query-input\":{\"@type\":\"PropertyValueSpecification\",\"valueRequired\":true,\"valueName\":\"search_term_string\"}}],\"inLanguage\":\"es\"},{\"@type\":\"Organization\",\"@id\":\"https:\\\/\\\/www.duerodeporte.com\\\/#organization\",\"name\":\"Duero Deporte\",\"alternateName\":\"El Deporte de Aranda y las tierras del Duero\",\"url\":\"https:\\\/\\\/www.duerodeporte.com\\\/\",\"logo\":{\"@type\":\"ImageObject\",\"inLanguage\":\"es\",\"@id\":\"https:\\\/\\\/www.duerodeporte.com\\\/#\\\/schema\\\/logo\\\/image\\\/\",\"url\":\"https:\\\/\\\/www.duerodeporte.com\\\/wp-content\\\/uploads\\\/2023\\\/11\\\/A.ColorSinFondo-e1708011627555.png\",\"contentUrl\":\"https:\\\/\\\/www.duerodeporte.com\\\/wp-content\\\/uploads\\\/2023\\\/11\\\/A.ColorSinFondo-e1708011627555.png\",\"width\":750,\"height\":132,\"caption\":\"Duero Deporte\"},\"image\":{\"@id\":\"https:\\\/\\\/www.duerodeporte.com\\\/#\\\/schema\\\/logo\\\/image\\\/\"},\"sameAs\":[\"https:\\\/\\\/www.facebook.com\\\/61555928375028\",\"https:\\\/\\\/x.com\\\/Diegoamartin13\",\"https:\\\/\\\/www.youtube.com\\\/channel\\\/UCxIGQL8b9gmW-NjaChabCdA\"]},{\"@type\":\"Person\",\"@id\":\"https:\\\/\\\/www.duerodeporte.com\\\/#\\\/schema\\\/person\\\/5f3368966f635b5ae0d23ffaf7a7f894\",\"name\":\"Diego A. Mart\u00edn\",\"image\":{\"@type\":\"ImageObject\",\"inLanguage\":\"es\",\"@id\":\"https:\\\/\\\/www.duerodeporte.com\\\/wp-content\\\/uploads\\\/2024\\\/01\\\/Diego2-e1706522808572-150x150.jpeg\",\"url\":\"https:\\\/\\\/www.duerodeporte.com\\\/wp-content\\\/uploads\\\/2024\\\/01\\\/Diego2-e1706522808572-150x150.jpeg\",\"contentUrl\":\"https:\\\/\\\/www.duerodeporte.com\\\/wp-content\\\/uploads\\\/2024\\\/01\\\/Diego2-e1706522808572-150x150.jpeg\",\"caption\":\"Diego A. Mart\u00edn\"},\"url\":\"https:\\\/\\\/www.duerodeporte.com\\\/index.php\\\/archivos\\\/author\\\/diego\"}]}<\/script>\r\n<!-- \/ Yoast SEO plugin. -->","yoast_head_json":{"title":"La Arandina desciende a Tercera Federaci\u00f3n tras la victoria m\u00e1s amarga (2-1)","description":"El Deporte de Aranda y las tierras del Duero","robots":{"index":"index","follow":"follow","max-snippet":"max-snippet:-1","max-image-preview":"max-image-preview:large","max-video-preview":"max-video-preview:-1"},"canonical":"https:\/\/www.duerodeporte.com\/index.php\/archivos\/2854","og_locale":"es_ES","og_type":"article","og_title":"La Arandina desciende a Tercera Federaci\u00f3n tras la victoria m\u00e1s amarga (2-1)","og_description":"El Deporte de Aranda y las tierras del Duero","og_url":"https:\/\/www.duerodeporte.com\/index.php\/archivos\/2854","og_site_name":"Duero Deporte","article_publisher":"https:\/\/www.facebook.com\/61555928375028","article_published_time":"2024-04-28T11:50:25+00:00","article_modified_time":"2024-04-29T23:32:55+00:00","og_image":[{"width":2560,"height":1707,"url":"https:\/\/www.duerodeporte.com\/wp-content\/uploads\/2024\/04\/WhatsApp-Image-2024-04-28-at-12.58.42-scaled.jpeg","type":"image\/jpeg"}],"author":"Diego A. Mart\u00edn","twitter_card":"summary_large_image","twitter_creator":"@Diegoamartin13","twitter_site":"@Diegoamartin13","twitter_misc":{"Escrito por":"Diego A. Mart\u00edn","Tiempo de lectura":"3 minutos"},"schema":{"@context":"https:\/\/schema.org","@graph":[{"@type":["Article","SocialMediaPosting"],"@id":"https:\/\/www.duerodeporte.com\/index.php\/archivos\/2854#article","isPartOf":{"@id":"https:\/\/www.duerodeporte.com\/index.php\/archivos\/2854"},"author":{"name":"Diego A. Mart\u00edn","@id":"https:\/\/www.duerodeporte.com\/#\/schema\/person\/5f3368966f635b5ae0d23ffaf7a7f894"},"headline":"La Arandina desciende a Tercera Federaci\u00f3n tras la victoria m\u00e1s amarga (2-1)","datePublished":"2024-04-28T11:50:25+00:00","dateModified":"2024-04-29T23:32:55+00:00","mainEntityOfPage":{"@id":"https:\/\/www.duerodeporte.com\/index.php\/archivos\/2854"},"wordCount":591,"commentCount":0,"publisher":{"@id":"https:\/\/www.duerodeporte.com\/#organization"},"image":{"@id":"https:\/\/www.duerodeporte.com\/index.php\/archivos\/2854#primaryimage"},"thumbnailUrl":"https:\/\/www.duerodeporte.com\/wp-content\/uploads\/2024\/04\/WhatsApp-Image-2024-04-28-at-12.58.42-scaled.jpeg","keywords":["aranda de duero","arandina","f\u00fatbol","Gimn\u00e1stica de Torrelavega","Guijuelo","RFEF","Segunda Federaci\u00f3n"],"articleSection":["FUTBOL","z_PORTADA"],"inLanguage":"es","potentialAction":[{"@type":"CommentAction","name":"Comment","target":["https:\/\/www.duerodeporte.com\/index.php\/archivos\/2854#respond"]}]},{"@type":["WebPage","ItemPage"],"@id":"https:\/\/www.duerodeporte.com\/index.php\/archivos\/2854","url":"https:\/\/www.duerodeporte.com\/index.php\/archivos\/2854","name":"La Arandina desciende a Tercera Federaci\u00f3n tras la victoria m\u00e1s amarga (2-1)","isPartOf":{"@id":"https:\/\/www.duerodeporte.com\/#website"},"primaryImageOfPage":{"@id":"https:\/\/www.duerodeporte.com\/index.php\/archivos\/2854#primaryimage"},"image":{"@id":"https:\/\/www.duerodeporte.com\/index.php\/archivos\/2854#primaryimage"},"thumbnailUrl":"https:\/\/www.duerodeporte.com\/wp-content\/uploads\/2024\/04\/WhatsApp-Image-2024-04-28-at-12.58.42-scaled.jpeg","datePublished":"2024-04-28T11:50:25+00:00","dateModified":"2024-04-29T23:32:55+00:00","description":"El Deporte de Aranda y las tierras del Duero","breadcrumb":{"@id":"https:\/\/www.duerodeporte.com\/index.php\/archivos\/2854#breadcrumb"},"inLanguage":"es","potentialAction":[{"@type":"ReadAction","target":["https:\/\/www.duerodeporte.com\/index.php\/archivos\/2854"]}]},{"@type":"ImageObject","inLanguage":"es","@id":"https:\/\/www.duerodeporte.com\/index.php\/archivos\/2854#primaryimage","url":"https:\/\/www.duerodeporte.com\/wp-content\/uploads\/2024\/04\/WhatsApp-Image-2024-04-28-at-12.58.42-scaled.jpeg","contentUrl":"https:\/\/www.duerodeporte.com\/wp-content\/uploads\/2024\/04\/WhatsApp-Image-2024-04-28-at-12.58.42-scaled.jpeg","width":2560,"height":1707,"caption":"Los blanquiazules supieron amarrar las embestidas de los asturianos. \/ @Monzn46"},{"@type":"BreadcrumbList","@id":"https:\/\/www.duerodeporte.com\/index.php\/archivos\/2854#breadcrumb","itemListElement":[{"@type":"ListItem","position":1,"name":"Portada","item":"https:\/\/www.duerodeporte.com\/"},{"@type":"ListItem","position":2,"name":"La Arandina desciende a Tercera Federaci\u00f3n tras la victoria m\u00e1s amarga (2-1)"}]},{"@type":"WebSite","@id":"https:\/\/www.duerodeporte.com\/#website","url":"https:\/\/www.duerodeporte.com\/","name":"Duero Deporte","description":"El Deporte de Aranda y las tierras del Duero","publisher":{"@id":"https:\/\/www.duerodeporte.com\/#organization"},"alternateName":"El Deporte de Aranda y las tierras del Duero","potentialAction":[{"@type":"SearchAction","target":{"@type":"EntryPoint","urlTemplate":"https:\/\/www.duerodeporte.com\/?s={search_term_string}"},"query-input":{"@type":"PropertyValueSpecification","valueRequired":true,"valueName":"search_term_string"}}],"inLanguage":"es"},{"@type":"Organization","@id":"https:\/\/www.duerodeporte.com\/#organization","name":"Duero Deporte","alternateName":"El Deporte de Aranda y las tierras del Duero","url":"https:\/\/www.duerodeporte.com\/","logo":{"@type":"ImageObject","inLanguage":"es","@id":"https:\/\/www.duerodeporte.com\/#\/schema\/logo\/image\/","url":"https:\/\/www.duerodeporte.com\/wp-content\/uploads\/2023\/11\/A.ColorSinFondo-e1708011627555.png","contentUrl":"https:\/\/www.duerodeporte.com\/wp-content\/uploads\/2023\/11\/A.ColorSinFondo-e1708011627555.png","width":750,"height":132,"caption":"Duero Deporte"},"image":{"@id":"https:\/\/www.duerodeporte.com\/#\/schema\/logo\/image\/"},"sameAs":["https:\/\/www.facebook.com\/61555928375028","https:\/\/x.com\/Diegoamartin13","https:\/\/www.youtube.com\/channel\/UCxIGQL8b9gmW-NjaChabCdA"]},{"@type":"Person","@id":"https:\/\/www.duerodeporte.com\/#\/schema\/person\/5f3368966f635b5ae0d23ffaf7a7f894","name":"Diego A. Mart\u00edn","image":{"@type":"ImageObject","inLanguage":"es","@id":"https:\/\/www.duerodeporte.com\/wp-content\/uploads\/2024\/01\/Diego2-e1706522808572-150x150.jpeg","url":"https:\/\/www.duerodeporte.com\/wp-content\/uploads\/2024\/01\/Diego2-e1706522808572-150x150.jpeg","contentUrl":"https:\/\/www.duerodeporte.com\/wp-content\/uploads\/2024\/01\/Diego2-e1706522808572-150x150.jpeg","caption":"Diego A. Mart\u00edn"},"url":"https:\/\/www.duerodeporte.com\/index.php\/archivos\/author\/diego"}]}},"views":452,"_links":{"self":[{"href":"https:\/\/www.duerodeporte.com\/index.php\/wp-json\/wp\/v2\/posts\/2854","targetHints":{"allow":["GET"]}}],"collection":[{"href":"https:\/\/www.duerodeporte.com\/index.php\/wp-json\/wp\/v2\/posts"}],"about":[{"href":"https:\/\/www.duerodeporte.com\/index.php\/wp-json\/wp\/v2\/types\/post"}],"author":[{"embeddable":true,"href":"https:\/\/www.duerodeporte.com\/index.php\/wp-json\/wp\/v2\/users\/3"}],"replies":[{"embeddable":true,"href":"https:\/\/www.duerodeporte.com\/index.php\/wp-json\/wp\/v2\/comments?post=2854"}],"version-history":[{"count":18,"href":"https:\/\/www.duerodeporte.com\/index.php\/wp-json\/wp\/v2\/posts\/2854\/revisions"}],"predecessor-version":[{"id":2896,"href":"https:\/\/www.duerodeporte.com\/index.php\/wp-json\/wp\/v2\/posts\/2854\/revisions\/2896"}],"wp:featuredmedia":[{"embeddable":true,"href":"https:\/\/www.duerodeporte.com\/index.php\/wp-json\/wp\/v2\/media\/2866"}],"wp:attachment":[{"href":"https:\/\/www.duerodeporte.com\/index.php\/wp-json\/wp\/v2\/media?parent=2854"}],"wp:term":[{"taxonomy":"category","embeddable":true,"href":"https:\/\/www.duerodeporte.com\/index.php\/wp-json\/wp\/v2\/categories?post=2854"},{"taxonomy":"post_tag","embeddable":true,"href":"https:\/\/www.duerodeporte.com\/index.php\/wp-json\/wp\/v2\/tags?post=2854"}],"curies":[{"name":"wp","href":"https:\/\/api.w.org\/{rel}","templated":true}]}}