{"id":3035,"date":"2024-05-06T16:35:03","date_gmt":"2024-05-06T15:35:03","guid":{"rendered":"https:\/\/www.duerodeporte.com\/?p=3035"},"modified":"2024-05-08T17:36:01","modified_gmt":"2024-05-08T16:36:01","slug":"jordi-lluelles-y-julian-rasero-lideran-al-invicto-balonmano-soria-que-luchara-ahora-por-el-ascenso-a-plata","status":"publish","type":"post","link":"https:\/\/www.duerodeporte.com\/index.php\/archivos\/3035","title":{"rendered":"Jordi Lluelles y Juli\u00e1n Rasero lideran al invicto Soria que luchar\u00e1 por volver a Plata"},"content":{"rendered":"\n<h2 class=\"wp-block-heading\">T\u00e9cnico y jugador ex amarillos logran cerrar el campeonato regular en el Grupo B de Primera Nacional sin perder un solo partido. Los sorianos buscan ahora un ascenso a Plata que ya se les escap\u00f3 la temporada pasada<\/h2>\n\n\n\n<p>El <strong>balonmano <\/strong>de la<strong> tierras del Duero<\/strong> cuenta con protagonistas cercanos. Ejemplo de ello es la trayectoria de dos ex amarillos ahora en las filas de un exitoso <strong><a href=\"https:\/\/www.balonmanosoria.com\/\">Balonmano Soria<\/a><\/strong>.<\/p>\n\n\n\n<p>El entrenador <strong>Jordi Lluelles<\/strong>, que la pr\u00f3xima temporada formar\u00e1 parte del proyecto de Torrelavega en Liga ASOBAL, y el especialista en defensa<strong> Juli\u00e1n Rasero<\/strong>, con el que <a href=\"https:\/\/youtu.be\/PMPCebqy5Zk?si=bVSFTezFJaphHPIN\">duerodeporte.com ya habl\u00f3 hace unos meses <\/a>sobre el gran momento de los sorianos, han logrado un \u00e9xito sin precedentes en el balonmano espa\u00f1ol y solo a la altura del todopoderoso FC Barcelona, <a href=\"https:\/\/www.rfebm.com\/competiciones\/clasificacion.php?seleccion=0&amp;id=1018089&amp;id_ambito=1\"><strong>terminar invicto el campeonato regular<\/strong> en el Grupo B de Primera Nacional<\/a>. <strong>Hist\u00f3rico<\/strong>.<\/p>\n\n\n\n<p>Ahora tras cerrar con la<strong> 30\u00aa victoria<\/strong> del curso este pasado fin de semana en el pabell\u00f3n San Andr\u00e9s ante <strong>Santo\u00f1a <\/strong>(<strong>31-22<\/strong>) los amarillos buscar\u00e1n poner la <strong>guinda <\/strong>al proyecto con el <strong>ascenso <\/strong>de categor\u00eda a<strong> Divisi\u00f3n de Honor Plata<\/strong>.<\/p>\n\n\n\n<p>Esta tarde se daba a conocer el sorteo de la <strong>fase de ascenso <\/strong>a Divisi\u00f3n de Honor Plata en el que los ex amarillos se medir\u00e1n a <strong>La Roca<\/strong>, <strong>Romo<\/strong> y <strong>Lanzarote<\/strong> en <strong>Soria <\/strong>del<strong> 17 al 19 de mayo<\/strong>.<\/p>\n\n\n\n<p>As\u00ed se ha desarrollado <strong>el<\/strong> <strong>sorteo de fase ascenso a Divisi\u00f3n de Honor Plata <\/strong>que se ha realizado esta tarde en la sede de la <a href=\"https:\/\/www.rfebm.com\/\">Real Federaci\u00f3n Espa\u00f1ola de Balonmano<\/a>:<\/p>\n\n\n\n<figure class=\"wp-block-embed is-type-rich is-provider-twitter wp-block-embed-twitter\"><div class=\"wp-block-embed__wrapper\">\n<blockquote class=\"twitter-tweet\" data-width=\"550\" data-dnt=\"true\"><p lang=\"es\" dir=\"ltr\">\ud83d\udd25 \u00a1Va a empezar el sorteo de la Fase Final de <a href=\"https:\/\/twitter.com\/hashtag\/PrimeraNac?src=hash&amp;ref_src=twsrc%5Etfw\">#PrimeraNac<\/a>! <br><br>\ud83d\udd34 \u00a1V\u00edvelo aqu\u00ed! \ud83d\udc47\ud83c\udffc<a href=\"https:\/\/t.co\/gcZ4oVfaiX\">https:\/\/t.co\/gcZ4oVfaiX<\/a><\/p>&mdash; RFEBalonmano (@RFEBalonmano) <a href=\"https:\/\/twitter.com\/RFEBalonmano\/status\/1787499680848306536?ref_src=twsrc%5Etfw\">May 6, 2024<\/a><\/blockquote><script async src=\"https:\/\/platform.twitter.com\/widgets.js\" charset=\"utf-8\"><\/script>\n<\/div><\/figure>\n","protected":false},"excerpt":{"rendered":"<p>T\u00e9cnico y jugador ex amarillos logran cerrar el campeonato regular en el Grupo B de Primera Nacional sin perder un solo partido. Los sorianos buscan ahora un ascenso a Plata [&hellip;]<\/p>\n","protected":false},"author":3,"featured_media":3037,"comment_status":"open","ping_status":"open","sticky":false,"template":"","format":"standard","meta":{"footnotes":""},"categories":[18,15],"tags":[43,27,205,29,40],"class_list":["post-3035","post","type-post","status-publish","format-standard","has-post-thumbnail","category-balonmano","category-portada","tag-aranda-de-duero","tag-balonmano","tag-balonmano-soria","tag-division-de-honor-plata","tag-rfebm"],"yoast_head":"<!-- This site is optimized with the Yoast SEO plugin v27.5 - https:\/\/yoast.com\/product\/yoast-seo-wordpress\/ -->\r\n<title>Jordi Lluelles y Juli\u00e1n Rasero lideran al invicto Soria que luchar\u00e1 por volver a Plata<\/title>\r\n<meta name=\"description\" content=\"El Deporte de Aranda y las tierras del Duero\" \/>\r\n<meta name=\"robots\" content=\"index, follow, max-snippet:-1, max-image-preview:large, max-video-preview:-1\" \/>\r\n<link rel=\"canonical\" href=\"https:\/\/www.duerodeporte.com\/index.php\/archivos\/3035\" \/>\r\n<meta property=\"og:locale\" content=\"es_ES\" \/>\r\n<meta property=\"og:type\" content=\"article\" \/>\r\n<meta property=\"og:title\" content=\"Jordi Lluelles y Juli\u00e1n Rasero lideran al invicto Soria que luchar\u00e1 por volver a Plata\" \/>\r\n<meta property=\"og:description\" content=\"El Deporte de Aranda y las tierras del Duero\" \/>\r\n<meta property=\"og:url\" content=\"https:\/\/www.duerodeporte.com\/index.php\/archivos\/3035\" \/>\r\n<meta property=\"og:site_name\" content=\"Duero Deporte\" \/>\r\n<meta property=\"article:publisher\" content=\"https:\/\/www.facebook.com\/61555928375028\" \/>\r\n<meta property=\"article:published_time\" content=\"2024-05-06T15:35:03+00:00\" \/>\r\n<meta property=\"article:modified_time\" content=\"2024-05-08T16:36:01+00:00\" \/>\r\n<meta property=\"og:image\" content=\"https:\/\/www.duerodeporte.com\/wp-content\/uploads\/2024\/05\/BM-Soria-Llulles-y-Juli-3.jpg\" \/>\r\n\t<meta property=\"og:image:width\" content=\"937\" \/>\r\n\t<meta property=\"og:image:height\" content=\"535\" \/>\r\n\t<meta property=\"og:image:type\" content=\"image\/jpeg\" \/>\r\n<meta name=\"author\" content=\"Diego A. Mart\u00edn\" \/>\r\n<meta name=\"twitter:card\" content=\"summary_large_image\" \/>\r\n<meta name=\"twitter:creator\" content=\"@Diegoamartin13\" \/>\r\n<meta name=\"twitter:site\" content=\"@Diegoamartin13\" \/>\r\n<meta name=\"twitter:label1\" content=\"Escrito por\" \/>\n\t<meta name=\"twitter:data1\" content=\"Diego A. Mart\u00edn\" \/>\n\t<meta name=\"twitter:label2\" content=\"Tiempo de lectura\" \/>\n\t<meta name=\"twitter:data2\" content=\"2 minutos\" \/>\r\n<script type=\"application\/ld+json\" class=\"yoast-schema-graph\">{\"@context\":\"https:\\\/\\\/schema.org\",\"@graph\":[{\"@type\":[\"Article\",\"SocialMediaPosting\"],\"@id\":\"https:\\\/\\\/www.duerodeporte.com\\\/index.php\\\/archivos\\\/3035#article\",\"isPartOf\":{\"@id\":\"https:\\\/\\\/www.duerodeporte.com\\\/index.php\\\/archivos\\\/3035\"},\"author\":{\"name\":\"Diego A. Mart\u00edn\",\"@id\":\"https:\\\/\\\/www.duerodeporte.com\\\/#\\\/schema\\\/person\\\/5f3368966f635b5ae0d23ffaf7a7f894\"},\"headline\":\"Jordi Lluelles y Juli\u00e1n Rasero lideran al invicto Soria que luchar\u00e1 por volver a Plata\",\"datePublished\":\"2024-05-06T15:35:03+00:00\",\"dateModified\":\"2024-05-08T16:36:01+00:00\",\"mainEntityOfPage\":{\"@id\":\"https:\\\/\\\/www.duerodeporte.com\\\/index.php\\\/archivos\\\/3035\"},\"wordCount\":285,\"commentCount\":0,\"publisher\":{\"@id\":\"https:\\\/\\\/www.duerodeporte.com\\\/#organization\"},\"image\":{\"@id\":\"https:\\\/\\\/www.duerodeporte.com\\\/index.php\\\/archivos\\\/3035#primaryimage\"},\"thumbnailUrl\":\"https:\\\/\\\/www.duerodeporte.com\\\/wp-content\\\/uploads\\\/2024\\\/05\\\/BM-Soria-Llulles-y-Juli-3.jpg\",\"keywords\":[\"aranda de duero\",\"balonmano\",\"balonmano soria\",\"Divisi\u00f3n de Honor Plata\",\"Rfebm\"],\"articleSection\":[\"BALONMANO\",\"z_PORTADA\"],\"inLanguage\":\"es\",\"potentialAction\":[{\"@type\":\"CommentAction\",\"name\":\"Comment\",\"target\":[\"https:\\\/\\\/www.duerodeporte.com\\\/index.php\\\/archivos\\\/3035#respond\"]}]},{\"@type\":[\"WebPage\",\"ItemPage\"],\"@id\":\"https:\\\/\\\/www.duerodeporte.com\\\/index.php\\\/archivos\\\/3035\",\"url\":\"https:\\\/\\\/www.duerodeporte.com\\\/index.php\\\/archivos\\\/3035\",\"name\":\"Jordi Lluelles y Juli\u00e1n Rasero lideran al invicto Soria que luchar\u00e1 por volver a Plata\",\"isPartOf\":{\"@id\":\"https:\\\/\\\/www.duerodeporte.com\\\/#website\"},\"primaryImageOfPage\":{\"@id\":\"https:\\\/\\\/www.duerodeporte.com\\\/index.php\\\/archivos\\\/3035#primaryimage\"},\"image\":{\"@id\":\"https:\\\/\\\/www.duerodeporte.com\\\/index.php\\\/archivos\\\/3035#primaryimage\"},\"thumbnailUrl\":\"https:\\\/\\\/www.duerodeporte.com\\\/wp-content\\\/uploads\\\/2024\\\/05\\\/BM-Soria-Llulles-y-Juli-3.jpg\",\"datePublished\":\"2024-05-06T15:35:03+00:00\",\"dateModified\":\"2024-05-08T16:36:01+00:00\",\"description\":\"El Deporte de Aranda y las tierras del Duero\",\"breadcrumb\":{\"@id\":\"https:\\\/\\\/www.duerodeporte.com\\\/index.php\\\/archivos\\\/3035#breadcrumb\"},\"inLanguage\":\"es\",\"potentialAction\":[{\"@type\":\"ReadAction\",\"target\":[\"https:\\\/\\\/www.duerodeporte.com\\\/index.php\\\/archivos\\\/3035\"]}]},{\"@type\":\"ImageObject\",\"inLanguage\":\"es\",\"@id\":\"https:\\\/\\\/www.duerodeporte.com\\\/index.php\\\/archivos\\\/3035#primaryimage\",\"url\":\"https:\\\/\\\/www.duerodeporte.com\\\/wp-content\\\/uploads\\\/2024\\\/05\\\/BM-Soria-Llulles-y-Juli-3.jpg\",\"contentUrl\":\"https:\\\/\\\/www.duerodeporte.com\\\/wp-content\\\/uploads\\\/2024\\\/05\\\/BM-Soria-Llulles-y-Juli-3.jpg\",\"width\":937,\"height\":535,\"caption\":\"La plantilla de BM Soria campeona del Grupo B de Primera Nacional. \\\/ desdesoria.es\"},{\"@type\":\"BreadcrumbList\",\"@id\":\"https:\\\/\\\/www.duerodeporte.com\\\/index.php\\\/archivos\\\/3035#breadcrumb\",\"itemListElement\":[{\"@type\":\"ListItem\",\"position\":1,\"name\":\"Portada\",\"item\":\"https:\\\/\\\/www.duerodeporte.com\\\/\"},{\"@type\":\"ListItem\",\"position\":2,\"name\":\"Jordi Lluelles y Juli\u00e1n Rasero lideran al invicto Soria que luchar\u00e1 por volver a Plata\"}]},{\"@type\":\"WebSite\",\"@id\":\"https:\\\/\\\/www.duerodeporte.com\\\/#website\",\"url\":\"https:\\\/\\\/www.duerodeporte.com\\\/\",\"name\":\"Duero Deporte\",\"description\":\"El Deporte de Aranda y las tierras del Duero\",\"publisher\":{\"@id\":\"https:\\\/\\\/www.duerodeporte.com\\\/#organization\"},\"alternateName\":\"El Deporte de Aranda y las tierras del Duero\",\"potentialAction\":[{\"@type\":\"SearchAction\",\"target\":{\"@type\":\"EntryPoint\",\"urlTemplate\":\"https:\\\/\\\/www.duerodeporte.com\\\/?s={search_term_string}\"},\"query-input\":{\"@type\":\"PropertyValueSpecification\",\"valueRequired\":true,\"valueName\":\"search_term_string\"}}],\"inLanguage\":\"es\"},{\"@type\":\"Organization\",\"@id\":\"https:\\\/\\\/www.duerodeporte.com\\\/#organization\",\"name\":\"Duero Deporte\",\"alternateName\":\"El Deporte de Aranda y las tierras del Duero\",\"url\":\"https:\\\/\\\/www.duerodeporte.com\\\/\",\"logo\":{\"@type\":\"ImageObject\",\"inLanguage\":\"es\",\"@id\":\"https:\\\/\\\/www.duerodeporte.com\\\/#\\\/schema\\\/logo\\\/image\\\/\",\"url\":\"https:\\\/\\\/www.duerodeporte.com\\\/wp-content\\\/uploads\\\/2023\\\/11\\\/A.ColorSinFondo-e1708011627555.png\",\"contentUrl\":\"https:\\\/\\\/www.duerodeporte.com\\\/wp-content\\\/uploads\\\/2023\\\/11\\\/A.ColorSinFondo-e1708011627555.png\",\"width\":750,\"height\":132,\"caption\":\"Duero Deporte\"},\"image\":{\"@id\":\"https:\\\/\\\/www.duerodeporte.com\\\/#\\\/schema\\\/logo\\\/image\\\/\"},\"sameAs\":[\"https:\\\/\\\/www.facebook.com\\\/61555928375028\",\"https:\\\/\\\/x.com\\\/Diegoamartin13\",\"https:\\\/\\\/www.youtube.com\\\/channel\\\/UCxIGQL8b9gmW-NjaChabCdA\"]},{\"@type\":\"Person\",\"@id\":\"https:\\\/\\\/www.duerodeporte.com\\\/#\\\/schema\\\/person\\\/5f3368966f635b5ae0d23ffaf7a7f894\",\"name\":\"Diego A. Mart\u00edn\",\"image\":{\"@type\":\"ImageObject\",\"inLanguage\":\"es\",\"@id\":\"https:\\\/\\\/www.duerodeporte.com\\\/wp-content\\\/uploads\\\/2024\\\/01\\\/Diego2-e1706522808572-150x150.jpeg\",\"url\":\"https:\\\/\\\/www.duerodeporte.com\\\/wp-content\\\/uploads\\\/2024\\\/01\\\/Diego2-e1706522808572-150x150.jpeg\",\"contentUrl\":\"https:\\\/\\\/www.duerodeporte.com\\\/wp-content\\\/uploads\\\/2024\\\/01\\\/Diego2-e1706522808572-150x150.jpeg\",\"caption\":\"Diego A. Mart\u00edn\"},\"url\":\"https:\\\/\\\/www.duerodeporte.com\\\/index.php\\\/archivos\\\/author\\\/diego\"}]}<\/script>\r\n<!-- \/ Yoast SEO plugin. -->","yoast_head_json":{"title":"Jordi Lluelles y Juli\u00e1n Rasero lideran al invicto Soria que luchar\u00e1 por volver a Plata","description":"El Deporte de Aranda y las tierras del Duero","robots":{"index":"index","follow":"follow","max-snippet":"max-snippet:-1","max-image-preview":"max-image-preview:large","max-video-preview":"max-video-preview:-1"},"canonical":"https:\/\/www.duerodeporte.com\/index.php\/archivos\/3035","og_locale":"es_ES","og_type":"article","og_title":"Jordi Lluelles y Juli\u00e1n Rasero lideran al invicto Soria que luchar\u00e1 por volver a Plata","og_description":"El Deporte de Aranda y las tierras del Duero","og_url":"https:\/\/www.duerodeporte.com\/index.php\/archivos\/3035","og_site_name":"Duero Deporte","article_publisher":"https:\/\/www.facebook.com\/61555928375028","article_published_time":"2024-05-06T15:35:03+00:00","article_modified_time":"2024-05-08T16:36:01+00:00","og_image":[{"width":937,"height":535,"url":"https:\/\/www.duerodeporte.com\/wp-content\/uploads\/2024\/05\/BM-Soria-Llulles-y-Juli-3.jpg","type":"image\/jpeg"}],"author":"Diego A. Mart\u00edn","twitter_card":"summary_large_image","twitter_creator":"@Diegoamartin13","twitter_site":"@Diegoamartin13","twitter_misc":{"Escrito por":"Diego A. Mart\u00edn","Tiempo de lectura":"2 minutos"},"schema":{"@context":"https:\/\/schema.org","@graph":[{"@type":["Article","SocialMediaPosting"],"@id":"https:\/\/www.duerodeporte.com\/index.php\/archivos\/3035#article","isPartOf":{"@id":"https:\/\/www.duerodeporte.com\/index.php\/archivos\/3035"},"author":{"name":"Diego A. Mart\u00edn","@id":"https:\/\/www.duerodeporte.com\/#\/schema\/person\/5f3368966f635b5ae0d23ffaf7a7f894"},"headline":"Jordi Lluelles y Juli\u00e1n Rasero lideran al invicto Soria que luchar\u00e1 por volver a Plata","datePublished":"2024-05-06T15:35:03+00:00","dateModified":"2024-05-08T16:36:01+00:00","mainEntityOfPage":{"@id":"https:\/\/www.duerodeporte.com\/index.php\/archivos\/3035"},"wordCount":285,"commentCount":0,"publisher":{"@id":"https:\/\/www.duerodeporte.com\/#organization"},"image":{"@id":"https:\/\/www.duerodeporte.com\/index.php\/archivos\/3035#primaryimage"},"thumbnailUrl":"https:\/\/www.duerodeporte.com\/wp-content\/uploads\/2024\/05\/BM-Soria-Llulles-y-Juli-3.jpg","keywords":["aranda de duero","balonmano","balonmano soria","Divisi\u00f3n de Honor Plata","Rfebm"],"articleSection":["BALONMANO","z_PORTADA"],"inLanguage":"es","potentialAction":[{"@type":"CommentAction","name":"Comment","target":["https:\/\/www.duerodeporte.com\/index.php\/archivos\/3035#respond"]}]},{"@type":["WebPage","ItemPage"],"@id":"https:\/\/www.duerodeporte.com\/index.php\/archivos\/3035","url":"https:\/\/www.duerodeporte.com\/index.php\/archivos\/3035","name":"Jordi Lluelles y Juli\u00e1n Rasero lideran al invicto Soria que luchar\u00e1 por volver a Plata","isPartOf":{"@id":"https:\/\/www.duerodeporte.com\/#website"},"primaryImageOfPage":{"@id":"https:\/\/www.duerodeporte.com\/index.php\/archivos\/3035#primaryimage"},"image":{"@id":"https:\/\/www.duerodeporte.com\/index.php\/archivos\/3035#primaryimage"},"thumbnailUrl":"https:\/\/www.duerodeporte.com\/wp-content\/uploads\/2024\/05\/BM-Soria-Llulles-y-Juli-3.jpg","datePublished":"2024-05-06T15:35:03+00:00","dateModified":"2024-05-08T16:36:01+00:00","description":"El Deporte de Aranda y las tierras del Duero","breadcrumb":{"@id":"https:\/\/www.duerodeporte.com\/index.php\/archivos\/3035#breadcrumb"},"inLanguage":"es","potentialAction":[{"@type":"ReadAction","target":["https:\/\/www.duerodeporte.com\/index.php\/archivos\/3035"]}]},{"@type":"ImageObject","inLanguage":"es","@id":"https:\/\/www.duerodeporte.com\/index.php\/archivos\/3035#primaryimage","url":"https:\/\/www.duerodeporte.com\/wp-content\/uploads\/2024\/05\/BM-Soria-Llulles-y-Juli-3.jpg","contentUrl":"https:\/\/www.duerodeporte.com\/wp-content\/uploads\/2024\/05\/BM-Soria-Llulles-y-Juli-3.jpg","width":937,"height":535,"caption":"La plantilla de BM Soria campeona del Grupo B de Primera Nacional. \/ desdesoria.es"},{"@type":"BreadcrumbList","@id":"https:\/\/www.duerodeporte.com\/index.php\/archivos\/3035#breadcrumb","itemListElement":[{"@type":"ListItem","position":1,"name":"Portada","item":"https:\/\/www.duerodeporte.com\/"},{"@type":"ListItem","position":2,"name":"Jordi Lluelles y Juli\u00e1n Rasero lideran al invicto Soria que luchar\u00e1 por volver a Plata"}]},{"@type":"WebSite","@id":"https:\/\/www.duerodeporte.com\/#website","url":"https:\/\/www.duerodeporte.com\/","name":"Duero Deporte","description":"El Deporte de Aranda y las tierras del Duero","publisher":{"@id":"https:\/\/www.duerodeporte.com\/#organization"},"alternateName":"El Deporte de Aranda y las tierras del Duero","potentialAction":[{"@type":"SearchAction","target":{"@type":"EntryPoint","urlTemplate":"https:\/\/www.duerodeporte.com\/?s={search_term_string}"},"query-input":{"@type":"PropertyValueSpecification","valueRequired":true,"valueName":"search_term_string"}}],"inLanguage":"es"},{"@type":"Organization","@id":"https:\/\/www.duerodeporte.com\/#organization","name":"Duero Deporte","alternateName":"El Deporte de Aranda y las tierras del Duero","url":"https:\/\/www.duerodeporte.com\/","logo":{"@type":"ImageObject","inLanguage":"es","@id":"https:\/\/www.duerodeporte.com\/#\/schema\/logo\/image\/","url":"https:\/\/www.duerodeporte.com\/wp-content\/uploads\/2023\/11\/A.ColorSinFondo-e1708011627555.png","contentUrl":"https:\/\/www.duerodeporte.com\/wp-content\/uploads\/2023\/11\/A.ColorSinFondo-e1708011627555.png","width":750,"height":132,"caption":"Duero Deporte"},"image":{"@id":"https:\/\/www.duerodeporte.com\/#\/schema\/logo\/image\/"},"sameAs":["https:\/\/www.facebook.com\/61555928375028","https:\/\/x.com\/Diegoamartin13","https:\/\/www.youtube.com\/channel\/UCxIGQL8b9gmW-NjaChabCdA"]},{"@type":"Person","@id":"https:\/\/www.duerodeporte.com\/#\/schema\/person\/5f3368966f635b5ae0d23ffaf7a7f894","name":"Diego A. Mart\u00edn","image":{"@type":"ImageObject","inLanguage":"es","@id":"https:\/\/www.duerodeporte.com\/wp-content\/uploads\/2024\/01\/Diego2-e1706522808572-150x150.jpeg","url":"https:\/\/www.duerodeporte.com\/wp-content\/uploads\/2024\/01\/Diego2-e1706522808572-150x150.jpeg","contentUrl":"https:\/\/www.duerodeporte.com\/wp-content\/uploads\/2024\/01\/Diego2-e1706522808572-150x150.jpeg","caption":"Diego A. Mart\u00edn"},"url":"https:\/\/www.duerodeporte.com\/index.php\/archivos\/author\/diego"}]}},"views":630,"_links":{"self":[{"href":"https:\/\/www.duerodeporte.com\/index.php\/wp-json\/wp\/v2\/posts\/3035","targetHints":{"allow":["GET"]}}],"collection":[{"href":"https:\/\/www.duerodeporte.com\/index.php\/wp-json\/wp\/v2\/posts"}],"about":[{"href":"https:\/\/www.duerodeporte.com\/index.php\/wp-json\/wp\/v2\/types\/post"}],"author":[{"embeddable":true,"href":"https:\/\/www.duerodeporte.com\/index.php\/wp-json\/wp\/v2\/users\/3"}],"replies":[{"embeddable":true,"href":"https:\/\/www.duerodeporte.com\/index.php\/wp-json\/wp\/v2\/comments?post=3035"}],"version-history":[{"count":9,"href":"https:\/\/www.duerodeporte.com\/index.php\/wp-json\/wp\/v2\/posts\/3035\/revisions"}],"predecessor-version":[{"id":3101,"href":"https:\/\/www.duerodeporte.com\/index.php\/wp-json\/wp\/v2\/posts\/3035\/revisions\/3101"}],"wp:featuredmedia":[{"embeddable":true,"href":"https:\/\/www.duerodeporte.com\/index.php\/wp-json\/wp\/v2\/media\/3037"}],"wp:attachment":[{"href":"https:\/\/www.duerodeporte.com\/index.php\/wp-json\/wp\/v2\/media?parent=3035"}],"wp:term":[{"taxonomy":"category","embeddable":true,"href":"https:\/\/www.duerodeporte.com\/index.php\/wp-json\/wp\/v2\/categories?post=3035"},{"taxonomy":"post_tag","embeddable":true,"href":"https:\/\/www.duerodeporte.com\/index.php\/wp-json\/wp\/v2\/tags?post=3035"}],"curies":[{"name":"wp","href":"https:\/\/api.w.org\/{rel}","templated":true}]}}