{"id":3303,"date":"2024-05-15T16:07:31","date_gmt":"2024-05-15T15:07:31","guid":{"rendered":"https:\/\/www.duerodeporte.com\/?p=3303"},"modified":"2024-05-15T16:47:45","modified_gmt":"2024-05-15T15:47:45","slug":"deportes-comprometido-con-seguir-mejorando-el-campo-de-rugby-virgen-de-las-vinas","status":"publish","type":"post","link":"https:\/\/www.duerodeporte.com\/index.php\/archivos\/3303","title":{"rendered":"Deportes comprometido con seguir mejorando el campo Virgen de las Vi\u00f1as"},"content":{"rendered":"\n<h2 class=\"wp-block-heading\">La recepci\u00f3n municipal por los \u00e9xitos de Rugby Aranda ha mostrado la voluntad de la concejala Bel\u00e9n Esteban de \u00abinvertir de verdad en la instalaci\u00f3n\u00bb. El presidente del club, Juan Calvo, explica la renuncia al play off de ascenso: \u00abno queremos condenar al club por una visi\u00f3n poco realista\u00bb<\/h2>\n\n\n\n<p>El<strong> rugby seguir\u00e1 creciendo en Aranda de Duero<\/strong>. Al menos esa es la conclusi\u00f3n que se extrae tras lo expuesto por <strong>Ayuntamiento <\/strong>y <strong>Rugby Aranda<\/strong> durante la recepci\u00f3n municipal llevada a cabo este mi\u00e9rcoles con motivo de los recientes \u00e9xitos de la entidad celeste y vino esta temporada.<\/p>\n\n\n\n<figure class=\"wp-block-image size-large\"><a href=\"https:\/\/www.instagram.com\/cafeberlinaranda\/?hl=es\"><img loading=\"lazy\" decoding=\"async\" width=\"1024\" height=\"339\" src=\"https:\/\/www.duerodeporte.com\/wp-content\/uploads\/2024\/02\/\u00a1FELIZ-CUMPLEANOS-1-1024x339.png\" alt=\"Caf\u00e9 Berl\u00edn Aranda\" class=\"wp-image-1182\" srcset=\"https:\/\/www.duerodeporte.com\/wp-content\/uploads\/2024\/02\/\u00a1FELIZ-CUMPLEANOS-1-1024x339.png 1024w, https:\/\/www.duerodeporte.com\/wp-content\/uploads\/2024\/02\/\u00a1FELIZ-CUMPLEANOS-1-300x99.png 300w, https:\/\/www.duerodeporte.com\/wp-content\/uploads\/2024\/02\/\u00a1FELIZ-CUMPLEANOS-1-768x254.png 768w, https:\/\/www.duerodeporte.com\/wp-content\/uploads\/2024\/02\/\u00a1FELIZ-CUMPLEANOS-1-1536x508.png 1536w, https:\/\/www.duerodeporte.com\/wp-content\/uploads\/2024\/02\/\u00a1FELIZ-CUMPLEANOS-1-696x230.png 696w, https:\/\/www.duerodeporte.com\/wp-content\/uploads\/2024\/02\/\u00a1FELIZ-CUMPLEANOS-1-1068x353.png 1068w, https:\/\/www.duerodeporte.com\/wp-content\/uploads\/2024\/02\/\u00a1FELIZ-CUMPLEANOS-1.png 1920w\" sizes=\"auto, (max-width: 1024px) 100vw, 1024px\" \/><\/a><figcaption class=\"wp-element-caption\">Caf\u00e9 Berl\u00edn Aranda<\/figcaption><\/figure>\n\n\n\n<p>La voluntad de las partes cuenta, pero ahora toca encontrar las f\u00f3rmula adecuadas para que la Concejal\u00eda de Deportes pueda acometer unas mejoras que se postergan en el tiempo.<\/p>\n\n\n\n<p>Presente en la recepci\u00f3n, el alcalde<strong> Antonio Linaje<\/strong>, y su compa\u00f1era de agrupaci\u00f3n y responsable del \u00e1rea de Deportes, <strong>Bel\u00e9n Esteban<\/strong>, han entregado una placa conmemorativa por los recientes \u00e9xitos logros del club celeste y vino tras proclamarse <strong><a href=\"https:\/\/www.duerodeporte.com\/index.php\/archivos\/482\">campeones de Liga Asisa<\/a><\/strong> Castilla y Le\u00f3n y <strong><a href=\"https:\/\/www.duerodeporte.com\/index.php\/archivos\/2729\">subcampeones de Liga Norte<\/a><\/strong>.<\/p>\n\n\n\n<h2 class=\"wp-block-heading\">Sin ascenso, pero esperando mejoras<\/h2>\n\n\n\n<p>Dos logros a los que no pudieron sumar un tercero, el del ascenso a Divisi\u00f3n de Honor B ante <a href=\"https:\/\/www.duerodeporte.com\/index.php\/archivos\/2758\"><strong>la renuncia por \u00ablos requisitos t\u00e9cnicos y econ\u00f3micos que la Ferugby exige\u00bb<\/strong><\/a>. Una cuesti\u00f3n que el presidente del club, Juan Calvo ha explicado claramente.<\/p>\n\n\n\n<p><strong>\u00abTodos queremos crecer y hacer todo lo posible para estar en una competici\u00f3n superior, pero tampoco queremos condenar al club con una visi\u00f3n poco realista. No vamos a hipotecarnos por un ascenso\u00bb<\/strong>, ha manifestado de manera contundente.<\/p>\n\n\n\n<figure class=\"wp-block-embed is-type-rich is-provider-twitter wp-block-embed-twitter\"><div class=\"wp-block-embed__wrapper\">\n<blockquote class=\"twitter-tweet\" data-width=\"550\" data-dnt=\"true\"><p lang=\"es\" dir=\"ltr\">\ud83d\udfe0 RUGBY<br><br>\ud83c\udfc9 El presidente, Juan Calvo, explica la renuncia al play off de ascenso a Divisi\u00f3n de Honor B para &quot;no  hipotecar al club&quot;<br><br>\ud83d\udde3\ufe0f &quot;No queremos condenar al club por una visi\u00f3n poco realista, no creceremos por encima de nuestras posibilidades&quot;<br><br>\ud83c\udfa6 <a href=\"https:\/\/twitter.com\/Diegoamartin13?ref_src=twsrc%5Etfw\">@Diegoamartin13<\/a> <a href=\"https:\/\/t.co\/0N8THECBfx\">pic.twitter.com\/0N8THECBfx<\/a><\/p>&mdash; Diego A. Mart\u00edn (@Diegoamartin13) <a href=\"https:\/\/twitter.com\/Diegoamartin13\/status\/1790762570778898774?ref_src=twsrc%5Etfw\">May 15, 2024<\/a><\/blockquote><script async src=\"https:\/\/platform.twitter.com\/widgets.js\" charset=\"utf-8\"><\/script>\n<\/div><figcaption class=\"wp-element-caption\"><strong><a href=\"https:\/\/twitter.com\/Diegoamartin13\">@Diegoamartin13<\/a><\/strong><\/figcaption><\/figure>\n\n\n\n<p>Y es que al parecer el estado de alguno de los espacios de la instalaci\u00f3n no se encuentran en las mejores condiciones. Un aspecto sobre el que la propia concejala de Deportes, Bel\u00e9n Esteban, ha asegurado \u00abmejorar\u00bb en un futuro cercano.<\/p>\n\n\n\n<p><strong>\u00abTenemos previsto mejorar la instalaci\u00f3n con un buen proyecto, no poner parches, sino hacer un proyecto que no nos cubra tres o cuatro a\u00f1os y en cinco a\u00f1os se quede obsoleto, sino invirtiendo de verdad en el beneficio de todos\u00bb<\/strong>, ha expuesto.<\/p>\n\n\n\n<h2 class=\"wp-block-heading\">Futuros eventos de primer nivel<\/h2>\n\n\n\n<p>Por otro lado, tambi\u00e9n ha estado presente el <strong>ex presidente del club<\/strong>, ahora <strong>miembro <\/strong>de la Junta Directiva de <strong>Ferugby<\/strong>, <strong>Pedro Sardina<\/strong>, quien ha mostrado orgullo por la trayectoria de los celeste y vino y ha confirmado la posibilidad real de que <strong>\u00abAranda pueda albergar alg\u00fan evento de alto nivel pr\u00f3ximamente\u00bb<\/strong>.<\/p>\n","protected":false},"excerpt":{"rendered":"<p>La recepci\u00f3n municipal por los \u00e9xitos de Rugby Aranda ha mostrado la voluntad de la concejala Bel\u00e9n Esteban de \u00abinvertir de verdad en la instalaci\u00f3n\u00bb. El presidente del club, Juan [&hellip;]<\/p>\n","protected":false},"author":3,"featured_media":3305,"comment_status":"open","ping_status":"open","sticky":false,"template":"","format":"standard","meta":{"footnotes":""},"categories":[21,15],"tags":[43,45,214,31,374],"class_list":["post-3303","post","type-post","status-publish","format-standard","has-post-thumbnail","category-rugby","category-portada","tag-aranda-de-duero","tag-frcyl","tag-liga-asisa","tag-rugby","tag-virgen-de-las-vinas"],"yoast_head":"<!-- This site is optimized with the Yoast SEO plugin v27.5 - https:\/\/yoast.com\/product\/yoast-seo-wordpress\/ -->\r\n<title>Deportes comprometido con seguir mejorando el campo Virgen de las Vi\u00f1as<\/title>\r\n<meta name=\"description\" content=\"El Deporte de Aranda y las tierras del Duero\" \/>\r\n<meta name=\"robots\" content=\"index, follow, max-snippet:-1, max-image-preview:large, max-video-preview:-1\" \/>\r\n<link rel=\"canonical\" href=\"https:\/\/www.duerodeporte.com\/index.php\/archivos\/3303\" \/>\r\n<meta property=\"og:locale\" content=\"es_ES\" \/>\r\n<meta property=\"og:type\" content=\"article\" \/>\r\n<meta property=\"og:title\" content=\"Deportes comprometido con seguir mejorando el campo Virgen de las Vi\u00f1as\" \/>\r\n<meta property=\"og:description\" content=\"El Deporte de Aranda y las tierras del Duero\" \/>\r\n<meta property=\"og:url\" content=\"https:\/\/www.duerodeporte.com\/index.php\/archivos\/3303\" \/>\r\n<meta property=\"og:site_name\" content=\"Duero Deporte\" \/>\r\n<meta property=\"article:publisher\" content=\"https:\/\/www.facebook.com\/61555928375028\" \/>\r\n<meta property=\"article:published_time\" content=\"2024-05-15T15:07:31+00:00\" \/>\r\n<meta property=\"article:modified_time\" content=\"2024-05-15T15:47:45+00:00\" \/>\r\n<meta property=\"og:image\" content=\"https:\/\/www.duerodeporte.com\/wp-content\/uploads\/2024\/05\/IMG_20240515_103151-scaled.jpg\" \/>\r\n\t<meta property=\"og:image:width\" content=\"2560\" \/>\r\n\t<meta property=\"og:image:height\" content=\"1528\" \/>\r\n\t<meta property=\"og:image:type\" content=\"image\/jpeg\" \/>\r\n<meta name=\"author\" content=\"Diego A. Mart\u00edn\" \/>\r\n<meta name=\"twitter:card\" content=\"summary_large_image\" \/>\r\n<meta name=\"twitter:creator\" content=\"@Diegoamartin13\" \/>\r\n<meta name=\"twitter:site\" content=\"@Diegoamartin13\" \/>\r\n<meta name=\"twitter:label1\" content=\"Escrito por\" \/>\n\t<meta name=\"twitter:data1\" content=\"Diego A. Mart\u00edn\" \/>\n\t<meta name=\"twitter:label2\" content=\"Tiempo de lectura\" \/>\n\t<meta name=\"twitter:data2\" content=\"3 minutos\" \/>\r\n<script type=\"application\/ld+json\" class=\"yoast-schema-graph\">{\"@context\":\"https:\\\/\\\/schema.org\",\"@graph\":[{\"@type\":[\"Article\",\"SocialMediaPosting\"],\"@id\":\"https:\\\/\\\/www.duerodeporte.com\\\/index.php\\\/archivos\\\/3303#article\",\"isPartOf\":{\"@id\":\"https:\\\/\\\/www.duerodeporte.com\\\/index.php\\\/archivos\\\/3303\"},\"author\":{\"name\":\"Diego A. Mart\u00edn\",\"@id\":\"https:\\\/\\\/www.duerodeporte.com\\\/#\\\/schema\\\/person\\\/5f3368966f635b5ae0d23ffaf7a7f894\"},\"headline\":\"Deportes comprometido con seguir mejorando el campo Virgen de las Vi\u00f1as\",\"datePublished\":\"2024-05-15T15:07:31+00:00\",\"dateModified\":\"2024-05-15T15:47:45+00:00\",\"mainEntityOfPage\":{\"@id\":\"https:\\\/\\\/www.duerodeporte.com\\\/index.php\\\/archivos\\\/3303\"},\"wordCount\":450,\"commentCount\":0,\"publisher\":{\"@id\":\"https:\\\/\\\/www.duerodeporte.com\\\/#organization\"},\"image\":{\"@id\":\"https:\\\/\\\/www.duerodeporte.com\\\/index.php\\\/archivos\\\/3303#primaryimage\"},\"thumbnailUrl\":\"https:\\\/\\\/www.duerodeporte.com\\\/wp-content\\\/uploads\\\/2024\\\/05\\\/IMG_20240515_103151-scaled.jpg\",\"keywords\":[\"aranda de duero\",\"FRCyL\",\"Liga Asisa\",\"rugby\",\"Virgen de las Vi\u00f1as\"],\"articleSection\":[\"RUGBY\",\"z_PORTADA\"],\"inLanguage\":\"es\",\"potentialAction\":[{\"@type\":\"CommentAction\",\"name\":\"Comment\",\"target\":[\"https:\\\/\\\/www.duerodeporte.com\\\/index.php\\\/archivos\\\/3303#respond\"]}]},{\"@type\":[\"WebPage\",\"ItemPage\"],\"@id\":\"https:\\\/\\\/www.duerodeporte.com\\\/index.php\\\/archivos\\\/3303\",\"url\":\"https:\\\/\\\/www.duerodeporte.com\\\/index.php\\\/archivos\\\/3303\",\"name\":\"Deportes comprometido con seguir mejorando el campo Virgen de las Vi\u00f1as\",\"isPartOf\":{\"@id\":\"https:\\\/\\\/www.duerodeporte.com\\\/#website\"},\"primaryImageOfPage\":{\"@id\":\"https:\\\/\\\/www.duerodeporte.com\\\/index.php\\\/archivos\\\/3303#primaryimage\"},\"image\":{\"@id\":\"https:\\\/\\\/www.duerodeporte.com\\\/index.php\\\/archivos\\\/3303#primaryimage\"},\"thumbnailUrl\":\"https:\\\/\\\/www.duerodeporte.com\\\/wp-content\\\/uploads\\\/2024\\\/05\\\/IMG_20240515_103151-scaled.jpg\",\"datePublished\":\"2024-05-15T15:07:31+00:00\",\"dateModified\":\"2024-05-15T15:47:45+00:00\",\"description\":\"El Deporte de Aranda y las tierras del Duero\",\"breadcrumb\":{\"@id\":\"https:\\\/\\\/www.duerodeporte.com\\\/index.php\\\/archivos\\\/3303#breadcrumb\"},\"inLanguage\":\"es\",\"potentialAction\":[{\"@type\":\"ReadAction\",\"target\":[\"https:\\\/\\\/www.duerodeporte.com\\\/index.php\\\/archivos\\\/3303\"]}]},{\"@type\":\"ImageObject\",\"inLanguage\":\"es\",\"@id\":\"https:\\\/\\\/www.duerodeporte.com\\\/index.php\\\/archivos\\\/3303#primaryimage\",\"url\":\"https:\\\/\\\/www.duerodeporte.com\\\/wp-content\\\/uploads\\\/2024\\\/05\\\/IMG_20240515_103151-scaled.jpg\",\"contentUrl\":\"https:\\\/\\\/www.duerodeporte.com\\\/wp-content\\\/uploads\\\/2024\\\/05\\\/IMG_20240515_103151-scaled.jpg\",\"width\":2560,\"height\":1528,\"caption\":\"Los integrantes de Rugby Aranda reciben una placa conmemorativa del Ayuntamiento. \\\/ duerodeporte.com\"},{\"@type\":\"BreadcrumbList\",\"@id\":\"https:\\\/\\\/www.duerodeporte.com\\\/index.php\\\/archivos\\\/3303#breadcrumb\",\"itemListElement\":[{\"@type\":\"ListItem\",\"position\":1,\"name\":\"Portada\",\"item\":\"https:\\\/\\\/www.duerodeporte.com\\\/\"},{\"@type\":\"ListItem\",\"position\":2,\"name\":\"Deportes comprometido con seguir mejorando el campo Virgen de las Vi\u00f1as\"}]},{\"@type\":\"WebSite\",\"@id\":\"https:\\\/\\\/www.duerodeporte.com\\\/#website\",\"url\":\"https:\\\/\\\/www.duerodeporte.com\\\/\",\"name\":\"Duero Deporte\",\"description\":\"El Deporte de Aranda y las tierras del Duero\",\"publisher\":{\"@id\":\"https:\\\/\\\/www.duerodeporte.com\\\/#organization\"},\"alternateName\":\"El Deporte de Aranda y las tierras del Duero\",\"potentialAction\":[{\"@type\":\"SearchAction\",\"target\":{\"@type\":\"EntryPoint\",\"urlTemplate\":\"https:\\\/\\\/www.duerodeporte.com\\\/?s={search_term_string}\"},\"query-input\":{\"@type\":\"PropertyValueSpecification\",\"valueRequired\":true,\"valueName\":\"search_term_string\"}}],\"inLanguage\":\"es\"},{\"@type\":\"Organization\",\"@id\":\"https:\\\/\\\/www.duerodeporte.com\\\/#organization\",\"name\":\"Duero Deporte\",\"alternateName\":\"El Deporte de Aranda y las tierras del Duero\",\"url\":\"https:\\\/\\\/www.duerodeporte.com\\\/\",\"logo\":{\"@type\":\"ImageObject\",\"inLanguage\":\"es\",\"@id\":\"https:\\\/\\\/www.duerodeporte.com\\\/#\\\/schema\\\/logo\\\/image\\\/\",\"url\":\"https:\\\/\\\/www.duerodeporte.com\\\/wp-content\\\/uploads\\\/2023\\\/11\\\/A.ColorSinFondo-e1708011627555.png\",\"contentUrl\":\"https:\\\/\\\/www.duerodeporte.com\\\/wp-content\\\/uploads\\\/2023\\\/11\\\/A.ColorSinFondo-e1708011627555.png\",\"width\":750,\"height\":132,\"caption\":\"Duero Deporte\"},\"image\":{\"@id\":\"https:\\\/\\\/www.duerodeporte.com\\\/#\\\/schema\\\/logo\\\/image\\\/\"},\"sameAs\":[\"https:\\\/\\\/www.facebook.com\\\/61555928375028\",\"https:\\\/\\\/x.com\\\/Diegoamartin13\",\"https:\\\/\\\/www.youtube.com\\\/channel\\\/UCxIGQL8b9gmW-NjaChabCdA\"]},{\"@type\":\"Person\",\"@id\":\"https:\\\/\\\/www.duerodeporte.com\\\/#\\\/schema\\\/person\\\/5f3368966f635b5ae0d23ffaf7a7f894\",\"name\":\"Diego A. Mart\u00edn\",\"image\":{\"@type\":\"ImageObject\",\"inLanguage\":\"es\",\"@id\":\"https:\\\/\\\/www.duerodeporte.com\\\/wp-content\\\/uploads\\\/2024\\\/01\\\/Diego2-e1706522808572-150x150.jpeg\",\"url\":\"https:\\\/\\\/www.duerodeporte.com\\\/wp-content\\\/uploads\\\/2024\\\/01\\\/Diego2-e1706522808572-150x150.jpeg\",\"contentUrl\":\"https:\\\/\\\/www.duerodeporte.com\\\/wp-content\\\/uploads\\\/2024\\\/01\\\/Diego2-e1706522808572-150x150.jpeg\",\"caption\":\"Diego A. Mart\u00edn\"},\"url\":\"https:\\\/\\\/www.duerodeporte.com\\\/index.php\\\/archivos\\\/author\\\/diego\"}]}<\/script>\r\n<!-- \/ Yoast SEO plugin. -->","yoast_head_json":{"title":"Deportes comprometido con seguir mejorando el campo Virgen de las Vi\u00f1as","description":"El Deporte de Aranda y las tierras del Duero","robots":{"index":"index","follow":"follow","max-snippet":"max-snippet:-1","max-image-preview":"max-image-preview:large","max-video-preview":"max-video-preview:-1"},"canonical":"https:\/\/www.duerodeporte.com\/index.php\/archivos\/3303","og_locale":"es_ES","og_type":"article","og_title":"Deportes comprometido con seguir mejorando el campo Virgen de las Vi\u00f1as","og_description":"El Deporte de Aranda y las tierras del Duero","og_url":"https:\/\/www.duerodeporte.com\/index.php\/archivos\/3303","og_site_name":"Duero Deporte","article_publisher":"https:\/\/www.facebook.com\/61555928375028","article_published_time":"2024-05-15T15:07:31+00:00","article_modified_time":"2024-05-15T15:47:45+00:00","og_image":[{"width":2560,"height":1528,"url":"https:\/\/www.duerodeporte.com\/wp-content\/uploads\/2024\/05\/IMG_20240515_103151-scaled.jpg","type":"image\/jpeg"}],"author":"Diego A. Mart\u00edn","twitter_card":"summary_large_image","twitter_creator":"@Diegoamartin13","twitter_site":"@Diegoamartin13","twitter_misc":{"Escrito por":"Diego A. Mart\u00edn","Tiempo de lectura":"3 minutos"},"schema":{"@context":"https:\/\/schema.org","@graph":[{"@type":["Article","SocialMediaPosting"],"@id":"https:\/\/www.duerodeporte.com\/index.php\/archivos\/3303#article","isPartOf":{"@id":"https:\/\/www.duerodeporte.com\/index.php\/archivos\/3303"},"author":{"name":"Diego A. Mart\u00edn","@id":"https:\/\/www.duerodeporte.com\/#\/schema\/person\/5f3368966f635b5ae0d23ffaf7a7f894"},"headline":"Deportes comprometido con seguir mejorando el campo Virgen de las Vi\u00f1as","datePublished":"2024-05-15T15:07:31+00:00","dateModified":"2024-05-15T15:47:45+00:00","mainEntityOfPage":{"@id":"https:\/\/www.duerodeporte.com\/index.php\/archivos\/3303"},"wordCount":450,"commentCount":0,"publisher":{"@id":"https:\/\/www.duerodeporte.com\/#organization"},"image":{"@id":"https:\/\/www.duerodeporte.com\/index.php\/archivos\/3303#primaryimage"},"thumbnailUrl":"https:\/\/www.duerodeporte.com\/wp-content\/uploads\/2024\/05\/IMG_20240515_103151-scaled.jpg","keywords":["aranda de duero","FRCyL","Liga Asisa","rugby","Virgen de las Vi\u00f1as"],"articleSection":["RUGBY","z_PORTADA"],"inLanguage":"es","potentialAction":[{"@type":"CommentAction","name":"Comment","target":["https:\/\/www.duerodeporte.com\/index.php\/archivos\/3303#respond"]}]},{"@type":["WebPage","ItemPage"],"@id":"https:\/\/www.duerodeporte.com\/index.php\/archivos\/3303","url":"https:\/\/www.duerodeporte.com\/index.php\/archivos\/3303","name":"Deportes comprometido con seguir mejorando el campo Virgen de las Vi\u00f1as","isPartOf":{"@id":"https:\/\/www.duerodeporte.com\/#website"},"primaryImageOfPage":{"@id":"https:\/\/www.duerodeporte.com\/index.php\/archivos\/3303#primaryimage"},"image":{"@id":"https:\/\/www.duerodeporte.com\/index.php\/archivos\/3303#primaryimage"},"thumbnailUrl":"https:\/\/www.duerodeporte.com\/wp-content\/uploads\/2024\/05\/IMG_20240515_103151-scaled.jpg","datePublished":"2024-05-15T15:07:31+00:00","dateModified":"2024-05-15T15:47:45+00:00","description":"El Deporte de Aranda y las tierras del Duero","breadcrumb":{"@id":"https:\/\/www.duerodeporte.com\/index.php\/archivos\/3303#breadcrumb"},"inLanguage":"es","potentialAction":[{"@type":"ReadAction","target":["https:\/\/www.duerodeporte.com\/index.php\/archivos\/3303"]}]},{"@type":"ImageObject","inLanguage":"es","@id":"https:\/\/www.duerodeporte.com\/index.php\/archivos\/3303#primaryimage","url":"https:\/\/www.duerodeporte.com\/wp-content\/uploads\/2024\/05\/IMG_20240515_103151-scaled.jpg","contentUrl":"https:\/\/www.duerodeporte.com\/wp-content\/uploads\/2024\/05\/IMG_20240515_103151-scaled.jpg","width":2560,"height":1528,"caption":"Los integrantes de Rugby Aranda reciben una placa conmemorativa del Ayuntamiento. \/ duerodeporte.com"},{"@type":"BreadcrumbList","@id":"https:\/\/www.duerodeporte.com\/index.php\/archivos\/3303#breadcrumb","itemListElement":[{"@type":"ListItem","position":1,"name":"Portada","item":"https:\/\/www.duerodeporte.com\/"},{"@type":"ListItem","position":2,"name":"Deportes comprometido con seguir mejorando el campo Virgen de las Vi\u00f1as"}]},{"@type":"WebSite","@id":"https:\/\/www.duerodeporte.com\/#website","url":"https:\/\/www.duerodeporte.com\/","name":"Duero Deporte","description":"El Deporte de Aranda y las tierras del Duero","publisher":{"@id":"https:\/\/www.duerodeporte.com\/#organization"},"alternateName":"El Deporte de Aranda y las tierras del Duero","potentialAction":[{"@type":"SearchAction","target":{"@type":"EntryPoint","urlTemplate":"https:\/\/www.duerodeporte.com\/?s={search_term_string}"},"query-input":{"@type":"PropertyValueSpecification","valueRequired":true,"valueName":"search_term_string"}}],"inLanguage":"es"},{"@type":"Organization","@id":"https:\/\/www.duerodeporte.com\/#organization","name":"Duero Deporte","alternateName":"El Deporte de Aranda y las tierras del Duero","url":"https:\/\/www.duerodeporte.com\/","logo":{"@type":"ImageObject","inLanguage":"es","@id":"https:\/\/www.duerodeporte.com\/#\/schema\/logo\/image\/","url":"https:\/\/www.duerodeporte.com\/wp-content\/uploads\/2023\/11\/A.ColorSinFondo-e1708011627555.png","contentUrl":"https:\/\/www.duerodeporte.com\/wp-content\/uploads\/2023\/11\/A.ColorSinFondo-e1708011627555.png","width":750,"height":132,"caption":"Duero Deporte"},"image":{"@id":"https:\/\/www.duerodeporte.com\/#\/schema\/logo\/image\/"},"sameAs":["https:\/\/www.facebook.com\/61555928375028","https:\/\/x.com\/Diegoamartin13","https:\/\/www.youtube.com\/channel\/UCxIGQL8b9gmW-NjaChabCdA"]},{"@type":"Person","@id":"https:\/\/www.duerodeporte.com\/#\/schema\/person\/5f3368966f635b5ae0d23ffaf7a7f894","name":"Diego A. Mart\u00edn","image":{"@type":"ImageObject","inLanguage":"es","@id":"https:\/\/www.duerodeporte.com\/wp-content\/uploads\/2024\/01\/Diego2-e1706522808572-150x150.jpeg","url":"https:\/\/www.duerodeporte.com\/wp-content\/uploads\/2024\/01\/Diego2-e1706522808572-150x150.jpeg","contentUrl":"https:\/\/www.duerodeporte.com\/wp-content\/uploads\/2024\/01\/Diego2-e1706522808572-150x150.jpeg","caption":"Diego A. Mart\u00edn"},"url":"https:\/\/www.duerodeporte.com\/index.php\/archivos\/author\/diego"}]}},"views":725,"_links":{"self":[{"href":"https:\/\/www.duerodeporte.com\/index.php\/wp-json\/wp\/v2\/posts\/3303","targetHints":{"allow":["GET"]}}],"collection":[{"href":"https:\/\/www.duerodeporte.com\/index.php\/wp-json\/wp\/v2\/posts"}],"about":[{"href":"https:\/\/www.duerodeporte.com\/index.php\/wp-json\/wp\/v2\/types\/post"}],"author":[{"embeddable":true,"href":"https:\/\/www.duerodeporte.com\/index.php\/wp-json\/wp\/v2\/users\/3"}],"replies":[{"embeddable":true,"href":"https:\/\/www.duerodeporte.com\/index.php\/wp-json\/wp\/v2\/comments?post=3303"}],"version-history":[{"count":9,"href":"https:\/\/www.duerodeporte.com\/index.php\/wp-json\/wp\/v2\/posts\/3303\/revisions"}],"predecessor-version":[{"id":3316,"href":"https:\/\/www.duerodeporte.com\/index.php\/wp-json\/wp\/v2\/posts\/3303\/revisions\/3316"}],"wp:featuredmedia":[{"embeddable":true,"href":"https:\/\/www.duerodeporte.com\/index.php\/wp-json\/wp\/v2\/media\/3305"}],"wp:attachment":[{"href":"https:\/\/www.duerodeporte.com\/index.php\/wp-json\/wp\/v2\/media?parent=3303"}],"wp:term":[{"taxonomy":"category","embeddable":true,"href":"https:\/\/www.duerodeporte.com\/index.php\/wp-json\/wp\/v2\/categories?post=3303"},{"taxonomy":"post_tag","embeddable":true,"href":"https:\/\/www.duerodeporte.com\/index.php\/wp-json\/wp\/v2\/tags?post=3303"}],"curies":[{"name":"wp","href":"https:\/\/api.w.org\/{rel}","templated":true}]}}