{"id":3476,"date":"2024-05-22T14:15:47","date_gmt":"2024-05-22T13:15:47","guid":{"rendered":"https:\/\/www.duerodeporte.com\/?p=3476"},"modified":"2024-05-22T15:26:34","modified_gmt":"2024-05-22T14:26:34","slug":"duero-deporte-con-el-tubos-villa-de-aranda-en-la-final-four-a-liga-asobal","status":"publish","type":"post","link":"https:\/\/www.duerodeporte.com\/index.php\/archivos\/3476","title":{"rendered":"DUERO Deporte con el Tubos Villa de Aranda en la Final Four a Liga ASOBAL"},"content":{"rendered":"\n<h2 class=\"wp-block-heading\">Este s\u00e1bado desde el Pabell\u00f3n El Plant\u00edo de Burgos vive en directo a trav\u00e9s de YouTube la semifinal ante Caser\u00edo (20:15 horas) Y el domingo desde las 12:00 horas la gran final<\/h2>\n\n\n\n<p>Lleg\u00f3 la hora de la verdad, seguir adelante o caer eliminados. El&nbsp;<strong><a href=\"https:\/\/www.bmvilladearanda.com\/\">Tubos Villa de Aranda<\/a><\/strong>&nbsp;disputa este fin de semana la <strong>Final Four a Liga ASOBAL<\/strong>. Una fase de ascenso que parec\u00eda una quimera hace unos meses, pero que ya es una <strong>realidad gracias a la transformaci\u00f3n de un equipo que no ha dejado de crecer<\/strong> con el paso de las jornadas.<\/p>\n\n\n\n<p>Un crecimiento que desde<strong> duerodeporte.com<\/strong> hemos tenido la oportunidad de trasladar a todos nuestros lectores en esta nueva etapa y que nuevamente volver\u00e1 a estar<strong> al lado de la escuadra amarilla<\/strong> este fin de semana en el Polideportivo <strong>El Plant\u00edo<\/strong> para narrar todo lo que sucede en la semifinal ante <strong><a href=\"https:\/\/balonmanocaserio.com\/\">Caser\u00edo <\/a><\/strong>el <strong>s\u00e1bado <\/strong>(<strong>20:15 horas<\/strong>) a trav\u00e9s de nuestro <strong>canal de YouTube<\/strong>: <strong><a href=\"https:\/\/www.youtube.com\/channel\/UCxIGQL8b9gmW-NjaChabCdA\">@duerodeporte<\/a><\/strong>.<\/p>\n\n\n\n<figure class=\"wp-block-embed is-type-rich is-provider-twitter wp-block-embed-twitter\"><div class=\"wp-block-embed__wrapper\">\n<blockquote class=\"twitter-tweet\" data-width=\"550\" data-dnt=\"true\"><p lang=\"es\" dir=\"ltr\">\ud83d\udfe0 BALONMANO<br><br>\ud83e\udd3e\ud83c\udffb\u200d\u2642\ufe0f La Final Four a <a href=\"https:\/\/twitter.com\/ASOBAL?ref_src=twsrc%5Etfw\">@asobal<\/a> de <a href=\"https:\/\/twitter.com\/hashtag\/Tubos?src=hash&amp;ref_src=twsrc%5Etfw\">#Tubos<\/a> <a href=\"https:\/\/twitter.com\/bmvillaaranda?ref_src=twsrc%5Etfw\">@bmvillaaranda<\/a> en <a href=\"https:\/\/t.co\/QxLvd9klfJ\">https:\/\/t.co\/QxLvd9klfJ<\/a><br><br>\ud83d\udd35\ud83d\udfe1 <a href=\"https:\/\/twitter.com\/BM_Caserio?ref_src=twsrc%5Etfw\">@BM_Caserio<\/a><br>\ud83d\udfe1\ud83d\udd35 <a href=\"https:\/\/twitter.com\/bmvillaaranda?ref_src=twsrc%5Etfw\">@bmvillaaranda<\/a><br><br>\ud83d\uddd3\ufe0f S\u00e1bado 2\ufe0f\u20e35\ufe0f\u20e3 de mayo<br>\ud83d\udd57 2\ufe0f\u20e30\ufe0f\u20e3:1\ufe0f\u20e35\ufe0f\u20e3 h<br>\ud83c\udfdf\ufe0f El Plant\u00edo<br><br>\ud83d\udcf2 Streaming @duerodeporte: <a href=\"https:\/\/t.co\/KIYzGjHV0A\">https:\/\/t.co\/KIYzGjHV0A<\/a><br><br>\ud83c\udfa6 <a href=\"https:\/\/t.co\/QxLvd9klfJ\">https:\/\/t.co\/QxLvd9klfJ<\/a> <a href=\"https:\/\/t.co\/8DnjHGlld0\">pic.twitter.com\/8DnjHGlld0<\/a><\/p>&mdash; Diego A. Mart\u00edn (@Diegoamartin13) <a href=\"https:\/\/twitter.com\/Diegoamartin13\/status\/1792987791925641594?ref_src=twsrc%5Etfw\">May 21, 2024<\/a><\/blockquote><script async src=\"https:\/\/platform.twitter.com\/widgets.js\" charset=\"utf-8\"><\/script>\n<\/div><figcaption class=\"wp-element-caption\"><strong><a href=\"https:\/\/x.com\/Diegoamartin13\">@Diegoamartin13<\/a><\/strong><\/figcaption><\/figure>\n\n\n\n<p>Como ya tuviera lugar en el <a href=\"https:\/\/www.duerodeporte.com\/index.php\/archivos\/2897\">estreno de las retransmisiones de esta casa en <strong>Alcobendas<\/strong><\/a>, Duero Deporte acompa\u00f1ar\u00e1 a la escuadra amarilla minutos antes del inicio del encuentro y hasta el t\u00e9rmino del encuentro. Con posterioridad todos los detalles del desarrollo del encuentro en la <strong>cr\u00f3nica en nuestra p\u00e1gina web<\/strong> con las mejores im\u00e1genes del partido.<\/p>\n\n\n\n<h2 class=\"wp-block-heading\">Entradas en Aranda y autob\u00fas a Burgos<\/h2>\n\n\n\n<p>Por otro lado, desde la directiva del Tubos Villa de Aranda, gracias a la colaboraci\u00f3n con<strong> <a href=\"https:\/\/www.balonmanoburgos.es\/\">Balonmano Burgos<\/a><\/strong> -organizador de la fase- y el <strong><a href=\"https:\/\/www.arandadeduero.es\/\">Ayuntamiento de Aranda<\/a> <\/strong>-patrocinador del equipo-, est\u00e1n trabajando para poner todas las facilidades posibles a la afici\u00f3n amarilla y que los seguidores de las tierras del Duero asistan en gran n\u00famero al encuentro del s\u00e1bado.<\/p>\n\n\n\n<p>De esta manera, posiblemente desde este jueves puedan adquirirse en la oficina del club (Pasaje Primo de Rivera) <strong>entradas individuales <\/strong>&#8211;<strong>15 euros<\/strong>&#8211; para el partido ante Caser\u00edo.<\/p>\n\n\n\n<p>Al mismo tiempo, desde el Consistorio arandino se va sufragar el coste de una l\u00ednea de <strong>autob\u00fas <\/strong>que permitir\u00e1 a los aficionados desplazarse hasta la capital cidiana por un importe de<strong> 5 euros<\/strong> el viaje de ida y vuelta. La salida del mismo est\u00e1 prevista para las <strong>18:00 horas<\/strong> del s\u00e1bado. Y el regreso, al t\u00e9rmino del encuentro.<\/p>\n\n\n\n<figure class=\"wp-block-embed is-type-rich is-provider-twitter wp-block-embed-twitter\"><div class=\"wp-block-embed__wrapper\">\n<blockquote class=\"twitter-tweet\" data-width=\"550\" data-dnt=\"true\"><p lang=\"es\" dir=\"ltr\">\ud83d\udfe0 BALONMANO<br><br>\ud83e\udd3e\ud83c\udffb\u200d\u2642\ufe0f El <a href=\"https:\/\/twitter.com\/hashtag\/Tubos?src=hash&amp;ref_src=twsrc%5Etfw\">#Tubos<\/a> <a href=\"https:\/\/twitter.com\/bmvillaaranda?ref_src=twsrc%5Etfw\">@bmvillaaranda<\/a> podr\u00eda poner a la venta entradas de la <a href=\"https:\/\/twitter.com\/hashtag\/FinalFour?src=hash&amp;ref_src=twsrc%5Etfw\">#FinalFour<\/a> en la misma oficina del club (C.Pasaje) esta semana<br><br>\u27a1\ufe0f El Ayuntamiento colabora con la entidad <a href=\"https:\/\/twitter.com\/hashtag\/amarilla?src=hash&amp;ref_src=twsrc%5Etfw\">#amarilla<\/a> y fleta un autob\u00fas con un precio 5\ufe0f\u20e3 euros el billete<a href=\"https:\/\/t.co\/BgfKCG5Q3w\">https:\/\/t.co\/BgfKCG5Q3w<\/a><\/p>&mdash; Diego A. Mart\u00edn (@Diegoamartin13) <a href=\"https:\/\/twitter.com\/Diegoamartin13\/status\/1792936543616671920?ref_src=twsrc%5Etfw\">May 21, 2024<\/a><\/blockquote><script async src=\"https:\/\/platform.twitter.com\/widgets.js\" charset=\"utf-8\"><\/script>\n<\/div><figcaption class=\"wp-element-caption\"><strong><a href=\"https:\/\/x.com\/Diegoamartin13\">@Diegoamartin13<\/a><\/strong><\/figcaption><\/figure>\n","protected":false},"excerpt":{"rendered":"<p>Este s\u00e1bado desde el Pabell\u00f3n El Plant\u00edo de Burgos vive en directo a trav\u00e9s de YouTube la semifinal ante Caser\u00edo (20:15 horas) Y el domingo desde las 12:00 horas la [&hellip;]<\/p>\n","protected":false},"author":3,"featured_media":3477,"comment_status":"open","ping_status":"open","sticky":false,"template":"","format":"standard","meta":{"footnotes":""},"categories":[18,15],"tags":[43,27,104,29,40,28],"class_list":["post-3476","post","type-post","status-publish","format-standard","has-post-thumbnail","category-balonmano","category-portada","tag-aranda-de-duero","tag-balonmano","tag-burgos","tag-division-de-honor-plata","tag-rfebm","tag-villa-de-aranda"],"yoast_head":"<!-- This site is optimized with the Yoast SEO plugin v27.5 - https:\/\/yoast.com\/product\/yoast-seo-wordpress\/ -->\r\n<title>DUERO Deporte con el Tubos Villa de Aranda en la Final Four a Liga ASOBAL<\/title>\r\n<meta name=\"description\" content=\"El Deporte de Aranda y las tierras del Duero\" \/>\r\n<meta name=\"robots\" content=\"index, follow, max-snippet:-1, max-image-preview:large, max-video-preview:-1\" \/>\r\n<link rel=\"canonical\" href=\"https:\/\/www.duerodeporte.com\/index.php\/archivos\/3476\" \/>\r\n<meta property=\"og:locale\" content=\"es_ES\" \/>\r\n<meta property=\"og:type\" content=\"article\" \/>\r\n<meta property=\"og:title\" content=\"DUERO Deporte con el Tubos Villa de Aranda en la Final Four a Liga ASOBAL\" \/>\r\n<meta property=\"og:description\" content=\"El Deporte de Aranda y las tierras del Duero\" \/>\r\n<meta property=\"og:url\" content=\"https:\/\/www.duerodeporte.com\/index.php\/archivos\/3476\" \/>\r\n<meta property=\"og:site_name\" content=\"Duero Deporte\" \/>\r\n<meta property=\"article:publisher\" content=\"https:\/\/www.facebook.com\/61555928375028\" \/>\r\n<meta property=\"article:published_time\" content=\"2024-05-22T13:15:47+00:00\" \/>\r\n<meta property=\"article:modified_time\" content=\"2024-05-22T14:26:34+00:00\" \/>\r\n<meta property=\"og:image\" content=\"https:\/\/www.duerodeporte.com\/wp-content\/uploads\/2024\/05\/Copia-de-Duero-Deporte-careta-deporte-1.png\" \/>\r\n\t<meta property=\"og:image:width\" content=\"1600\" \/>\r\n\t<meta property=\"og:image:height\" content=\"900\" \/>\r\n\t<meta property=\"og:image:type\" content=\"image\/png\" \/>\r\n<meta name=\"author\" content=\"Diego A. Mart\u00edn\" \/>\r\n<meta name=\"twitter:card\" content=\"summary_large_image\" \/>\r\n<meta name=\"twitter:creator\" content=\"@Diegoamartin13\" \/>\r\n<meta name=\"twitter:site\" content=\"@Diegoamartin13\" \/>\r\n<meta name=\"twitter:label1\" content=\"Escrito por\" \/>\n\t<meta name=\"twitter:data1\" content=\"Diego A. Mart\u00edn\" \/>\n\t<meta name=\"twitter:label2\" content=\"Tiempo de lectura\" \/>\n\t<meta name=\"twitter:data2\" content=\"2 minutos\" \/>\r\n<script type=\"application\/ld+json\" class=\"yoast-schema-graph\">{\"@context\":\"https:\\\/\\\/schema.org\",\"@graph\":[{\"@type\":[\"Article\",\"SocialMediaPosting\"],\"@id\":\"https:\\\/\\\/www.duerodeporte.com\\\/index.php\\\/archivos\\\/3476#article\",\"isPartOf\":{\"@id\":\"https:\\\/\\\/www.duerodeporte.com\\\/index.php\\\/archivos\\\/3476\"},\"author\":{\"name\":\"Diego A. Mart\u00edn\",\"@id\":\"https:\\\/\\\/www.duerodeporte.com\\\/#\\\/schema\\\/person\\\/5f3368966f635b5ae0d23ffaf7a7f894\"},\"headline\":\"DUERO Deporte con el Tubos Villa de Aranda en la Final Four a Liga ASOBAL\",\"datePublished\":\"2024-05-22T13:15:47+00:00\",\"dateModified\":\"2024-05-22T14:26:34+00:00\",\"mainEntityOfPage\":{\"@id\":\"https:\\\/\\\/www.duerodeporte.com\\\/index.php\\\/archivos\\\/3476\"},\"wordCount\":417,\"commentCount\":0,\"publisher\":{\"@id\":\"https:\\\/\\\/www.duerodeporte.com\\\/#organization\"},\"image\":{\"@id\":\"https:\\\/\\\/www.duerodeporte.com\\\/index.php\\\/archivos\\\/3476#primaryimage\"},\"thumbnailUrl\":\"https:\\\/\\\/www.duerodeporte.com\\\/wp-content\\\/uploads\\\/2024\\\/05\\\/Copia-de-Duero-Deporte-careta-deporte-1.png\",\"keywords\":[\"aranda de duero\",\"balonmano\",\"burgos\",\"Divisi\u00f3n de Honor Plata\",\"Rfebm\",\"Villa de Aranda\"],\"articleSection\":[\"BALONMANO\",\"z_PORTADA\"],\"inLanguage\":\"es\",\"potentialAction\":[{\"@type\":\"CommentAction\",\"name\":\"Comment\",\"target\":[\"https:\\\/\\\/www.duerodeporte.com\\\/index.php\\\/archivos\\\/3476#respond\"]}]},{\"@type\":[\"WebPage\",\"ItemPage\"],\"@id\":\"https:\\\/\\\/www.duerodeporte.com\\\/index.php\\\/archivos\\\/3476\",\"url\":\"https:\\\/\\\/www.duerodeporte.com\\\/index.php\\\/archivos\\\/3476\",\"name\":\"DUERO Deporte con el Tubos Villa de Aranda en la Final Four a Liga ASOBAL\",\"isPartOf\":{\"@id\":\"https:\\\/\\\/www.duerodeporte.com\\\/#website\"},\"primaryImageOfPage\":{\"@id\":\"https:\\\/\\\/www.duerodeporte.com\\\/index.php\\\/archivos\\\/3476#primaryimage\"},\"image\":{\"@id\":\"https:\\\/\\\/www.duerodeporte.com\\\/index.php\\\/archivos\\\/3476#primaryimage\"},\"thumbnailUrl\":\"https:\\\/\\\/www.duerodeporte.com\\\/wp-content\\\/uploads\\\/2024\\\/05\\\/Copia-de-Duero-Deporte-careta-deporte-1.png\",\"datePublished\":\"2024-05-22T13:15:47+00:00\",\"dateModified\":\"2024-05-22T14:26:34+00:00\",\"description\":\"El Deporte de Aranda y las tierras del Duero\",\"breadcrumb\":{\"@id\":\"https:\\\/\\\/www.duerodeporte.com\\\/index.php\\\/archivos\\\/3476#breadcrumb\"},\"inLanguage\":\"es\",\"potentialAction\":[{\"@type\":\"ReadAction\",\"target\":[\"https:\\\/\\\/www.duerodeporte.com\\\/index.php\\\/archivos\\\/3476\"]}]},{\"@type\":\"ImageObject\",\"inLanguage\":\"es\",\"@id\":\"https:\\\/\\\/www.duerodeporte.com\\\/index.php\\\/archivos\\\/3476#primaryimage\",\"url\":\"https:\\\/\\\/www.duerodeporte.com\\\/wp-content\\\/uploads\\\/2024\\\/05\\\/Copia-de-Duero-Deporte-careta-deporte-1.png\",\"contentUrl\":\"https:\\\/\\\/www.duerodeporte.com\\\/wp-content\\\/uploads\\\/2024\\\/05\\\/Copia-de-Duero-Deporte-careta-deporte-1.png\",\"width\":1600,\"height\":900,\"caption\":\"DUERO Deporte estar\u00e1 en directo en El Plant\u00edo para retransmitir las evoluciones del Tubos Villa de Aranda en la Final Four a ASOBAL. \\\/ duerodeporte.com\"},{\"@type\":\"BreadcrumbList\",\"@id\":\"https:\\\/\\\/www.duerodeporte.com\\\/index.php\\\/archivos\\\/3476#breadcrumb\",\"itemListElement\":[{\"@type\":\"ListItem\",\"position\":1,\"name\":\"Portada\",\"item\":\"https:\\\/\\\/www.duerodeporte.com\\\/\"},{\"@type\":\"ListItem\",\"position\":2,\"name\":\"DUERO Deporte con el Tubos Villa de Aranda en la Final Four a Liga ASOBAL\"}]},{\"@type\":\"WebSite\",\"@id\":\"https:\\\/\\\/www.duerodeporte.com\\\/#website\",\"url\":\"https:\\\/\\\/www.duerodeporte.com\\\/\",\"name\":\"Duero Deporte\",\"description\":\"El Deporte de Aranda y las tierras del Duero\",\"publisher\":{\"@id\":\"https:\\\/\\\/www.duerodeporte.com\\\/#organization\"},\"alternateName\":\"El Deporte de Aranda y las tierras del Duero\",\"potentialAction\":[{\"@type\":\"SearchAction\",\"target\":{\"@type\":\"EntryPoint\",\"urlTemplate\":\"https:\\\/\\\/www.duerodeporte.com\\\/?s={search_term_string}\"},\"query-input\":{\"@type\":\"PropertyValueSpecification\",\"valueRequired\":true,\"valueName\":\"search_term_string\"}}],\"inLanguage\":\"es\"},{\"@type\":\"Organization\",\"@id\":\"https:\\\/\\\/www.duerodeporte.com\\\/#organization\",\"name\":\"Duero Deporte\",\"alternateName\":\"El Deporte de Aranda y las tierras del Duero\",\"url\":\"https:\\\/\\\/www.duerodeporte.com\\\/\",\"logo\":{\"@type\":\"ImageObject\",\"inLanguage\":\"es\",\"@id\":\"https:\\\/\\\/www.duerodeporte.com\\\/#\\\/schema\\\/logo\\\/image\\\/\",\"url\":\"https:\\\/\\\/www.duerodeporte.com\\\/wp-content\\\/uploads\\\/2023\\\/11\\\/A.ColorSinFondo-e1708011627555.png\",\"contentUrl\":\"https:\\\/\\\/www.duerodeporte.com\\\/wp-content\\\/uploads\\\/2023\\\/11\\\/A.ColorSinFondo-e1708011627555.png\",\"width\":750,\"height\":132,\"caption\":\"Duero Deporte\"},\"image\":{\"@id\":\"https:\\\/\\\/www.duerodeporte.com\\\/#\\\/schema\\\/logo\\\/image\\\/\"},\"sameAs\":[\"https:\\\/\\\/www.facebook.com\\\/61555928375028\",\"https:\\\/\\\/x.com\\\/Diegoamartin13\",\"https:\\\/\\\/www.youtube.com\\\/channel\\\/UCxIGQL8b9gmW-NjaChabCdA\"]},{\"@type\":\"Person\",\"@id\":\"https:\\\/\\\/www.duerodeporte.com\\\/#\\\/schema\\\/person\\\/5f3368966f635b5ae0d23ffaf7a7f894\",\"name\":\"Diego A. Mart\u00edn\",\"image\":{\"@type\":\"ImageObject\",\"inLanguage\":\"es\",\"@id\":\"https:\\\/\\\/www.duerodeporte.com\\\/wp-content\\\/uploads\\\/2024\\\/01\\\/Diego2-e1706522808572-150x150.jpeg\",\"url\":\"https:\\\/\\\/www.duerodeporte.com\\\/wp-content\\\/uploads\\\/2024\\\/01\\\/Diego2-e1706522808572-150x150.jpeg\",\"contentUrl\":\"https:\\\/\\\/www.duerodeporte.com\\\/wp-content\\\/uploads\\\/2024\\\/01\\\/Diego2-e1706522808572-150x150.jpeg\",\"caption\":\"Diego A. Mart\u00edn\"},\"url\":\"https:\\\/\\\/www.duerodeporte.com\\\/index.php\\\/archivos\\\/author\\\/diego\"}]}<\/script>\r\n<!-- \/ Yoast SEO plugin. -->","yoast_head_json":{"title":"DUERO Deporte con el Tubos Villa de Aranda en la Final Four a Liga ASOBAL","description":"El Deporte de Aranda y las tierras del Duero","robots":{"index":"index","follow":"follow","max-snippet":"max-snippet:-1","max-image-preview":"max-image-preview:large","max-video-preview":"max-video-preview:-1"},"canonical":"https:\/\/www.duerodeporte.com\/index.php\/archivos\/3476","og_locale":"es_ES","og_type":"article","og_title":"DUERO Deporte con el Tubos Villa de Aranda en la Final Four a Liga ASOBAL","og_description":"El Deporte de Aranda y las tierras del Duero","og_url":"https:\/\/www.duerodeporte.com\/index.php\/archivos\/3476","og_site_name":"Duero Deporte","article_publisher":"https:\/\/www.facebook.com\/61555928375028","article_published_time":"2024-05-22T13:15:47+00:00","article_modified_time":"2024-05-22T14:26:34+00:00","og_image":[{"width":1600,"height":900,"url":"https:\/\/www.duerodeporte.com\/wp-content\/uploads\/2024\/05\/Copia-de-Duero-Deporte-careta-deporte-1.png","type":"image\/png"}],"author":"Diego A. Mart\u00edn","twitter_card":"summary_large_image","twitter_creator":"@Diegoamartin13","twitter_site":"@Diegoamartin13","twitter_misc":{"Escrito por":"Diego A. Mart\u00edn","Tiempo de lectura":"2 minutos"},"schema":{"@context":"https:\/\/schema.org","@graph":[{"@type":["Article","SocialMediaPosting"],"@id":"https:\/\/www.duerodeporte.com\/index.php\/archivos\/3476#article","isPartOf":{"@id":"https:\/\/www.duerodeporte.com\/index.php\/archivos\/3476"},"author":{"name":"Diego A. Mart\u00edn","@id":"https:\/\/www.duerodeporte.com\/#\/schema\/person\/5f3368966f635b5ae0d23ffaf7a7f894"},"headline":"DUERO Deporte con el Tubos Villa de Aranda en la Final Four a Liga ASOBAL","datePublished":"2024-05-22T13:15:47+00:00","dateModified":"2024-05-22T14:26:34+00:00","mainEntityOfPage":{"@id":"https:\/\/www.duerodeporte.com\/index.php\/archivos\/3476"},"wordCount":417,"commentCount":0,"publisher":{"@id":"https:\/\/www.duerodeporte.com\/#organization"},"image":{"@id":"https:\/\/www.duerodeporte.com\/index.php\/archivos\/3476#primaryimage"},"thumbnailUrl":"https:\/\/www.duerodeporte.com\/wp-content\/uploads\/2024\/05\/Copia-de-Duero-Deporte-careta-deporte-1.png","keywords":["aranda de duero","balonmano","burgos","Divisi\u00f3n de Honor Plata","Rfebm","Villa de Aranda"],"articleSection":["BALONMANO","z_PORTADA"],"inLanguage":"es","potentialAction":[{"@type":"CommentAction","name":"Comment","target":["https:\/\/www.duerodeporte.com\/index.php\/archivos\/3476#respond"]}]},{"@type":["WebPage","ItemPage"],"@id":"https:\/\/www.duerodeporte.com\/index.php\/archivos\/3476","url":"https:\/\/www.duerodeporte.com\/index.php\/archivos\/3476","name":"DUERO Deporte con el Tubos Villa de Aranda en la Final Four a Liga ASOBAL","isPartOf":{"@id":"https:\/\/www.duerodeporte.com\/#website"},"primaryImageOfPage":{"@id":"https:\/\/www.duerodeporte.com\/index.php\/archivos\/3476#primaryimage"},"image":{"@id":"https:\/\/www.duerodeporte.com\/index.php\/archivos\/3476#primaryimage"},"thumbnailUrl":"https:\/\/www.duerodeporte.com\/wp-content\/uploads\/2024\/05\/Copia-de-Duero-Deporte-careta-deporte-1.png","datePublished":"2024-05-22T13:15:47+00:00","dateModified":"2024-05-22T14:26:34+00:00","description":"El Deporte de Aranda y las tierras del Duero","breadcrumb":{"@id":"https:\/\/www.duerodeporte.com\/index.php\/archivos\/3476#breadcrumb"},"inLanguage":"es","potentialAction":[{"@type":"ReadAction","target":["https:\/\/www.duerodeporte.com\/index.php\/archivos\/3476"]}]},{"@type":"ImageObject","inLanguage":"es","@id":"https:\/\/www.duerodeporte.com\/index.php\/archivos\/3476#primaryimage","url":"https:\/\/www.duerodeporte.com\/wp-content\/uploads\/2024\/05\/Copia-de-Duero-Deporte-careta-deporte-1.png","contentUrl":"https:\/\/www.duerodeporte.com\/wp-content\/uploads\/2024\/05\/Copia-de-Duero-Deporte-careta-deporte-1.png","width":1600,"height":900,"caption":"DUERO Deporte estar\u00e1 en directo en El Plant\u00edo para retransmitir las evoluciones del Tubos Villa de Aranda en la Final Four a ASOBAL. \/ duerodeporte.com"},{"@type":"BreadcrumbList","@id":"https:\/\/www.duerodeporte.com\/index.php\/archivos\/3476#breadcrumb","itemListElement":[{"@type":"ListItem","position":1,"name":"Portada","item":"https:\/\/www.duerodeporte.com\/"},{"@type":"ListItem","position":2,"name":"DUERO Deporte con el Tubos Villa de Aranda en la Final Four a Liga ASOBAL"}]},{"@type":"WebSite","@id":"https:\/\/www.duerodeporte.com\/#website","url":"https:\/\/www.duerodeporte.com\/","name":"Duero Deporte","description":"El Deporte de Aranda y las tierras del Duero","publisher":{"@id":"https:\/\/www.duerodeporte.com\/#organization"},"alternateName":"El Deporte de Aranda y las tierras del Duero","potentialAction":[{"@type":"SearchAction","target":{"@type":"EntryPoint","urlTemplate":"https:\/\/www.duerodeporte.com\/?s={search_term_string}"},"query-input":{"@type":"PropertyValueSpecification","valueRequired":true,"valueName":"search_term_string"}}],"inLanguage":"es"},{"@type":"Organization","@id":"https:\/\/www.duerodeporte.com\/#organization","name":"Duero Deporte","alternateName":"El Deporte de Aranda y las tierras del Duero","url":"https:\/\/www.duerodeporte.com\/","logo":{"@type":"ImageObject","inLanguage":"es","@id":"https:\/\/www.duerodeporte.com\/#\/schema\/logo\/image\/","url":"https:\/\/www.duerodeporte.com\/wp-content\/uploads\/2023\/11\/A.ColorSinFondo-e1708011627555.png","contentUrl":"https:\/\/www.duerodeporte.com\/wp-content\/uploads\/2023\/11\/A.ColorSinFondo-e1708011627555.png","width":750,"height":132,"caption":"Duero Deporte"},"image":{"@id":"https:\/\/www.duerodeporte.com\/#\/schema\/logo\/image\/"},"sameAs":["https:\/\/www.facebook.com\/61555928375028","https:\/\/x.com\/Diegoamartin13","https:\/\/www.youtube.com\/channel\/UCxIGQL8b9gmW-NjaChabCdA"]},{"@type":"Person","@id":"https:\/\/www.duerodeporte.com\/#\/schema\/person\/5f3368966f635b5ae0d23ffaf7a7f894","name":"Diego A. Mart\u00edn","image":{"@type":"ImageObject","inLanguage":"es","@id":"https:\/\/www.duerodeporte.com\/wp-content\/uploads\/2024\/01\/Diego2-e1706522808572-150x150.jpeg","url":"https:\/\/www.duerodeporte.com\/wp-content\/uploads\/2024\/01\/Diego2-e1706522808572-150x150.jpeg","contentUrl":"https:\/\/www.duerodeporte.com\/wp-content\/uploads\/2024\/01\/Diego2-e1706522808572-150x150.jpeg","caption":"Diego A. Mart\u00edn"},"url":"https:\/\/www.duerodeporte.com\/index.php\/archivos\/author\/diego"}]}},"views":714,"_links":{"self":[{"href":"https:\/\/www.duerodeporte.com\/index.php\/wp-json\/wp\/v2\/posts\/3476","targetHints":{"allow":["GET"]}}],"collection":[{"href":"https:\/\/www.duerodeporte.com\/index.php\/wp-json\/wp\/v2\/posts"}],"about":[{"href":"https:\/\/www.duerodeporte.com\/index.php\/wp-json\/wp\/v2\/types\/post"}],"author":[{"embeddable":true,"href":"https:\/\/www.duerodeporte.com\/index.php\/wp-json\/wp\/v2\/users\/3"}],"replies":[{"embeddable":true,"href":"https:\/\/www.duerodeporte.com\/index.php\/wp-json\/wp\/v2\/comments?post=3476"}],"version-history":[{"count":9,"href":"https:\/\/www.duerodeporte.com\/index.php\/wp-json\/wp\/v2\/posts\/3476\/revisions"}],"predecessor-version":[{"id":3492,"href":"https:\/\/www.duerodeporte.com\/index.php\/wp-json\/wp\/v2\/posts\/3476\/revisions\/3492"}],"wp:featuredmedia":[{"embeddable":true,"href":"https:\/\/www.duerodeporte.com\/index.php\/wp-json\/wp\/v2\/media\/3477"}],"wp:attachment":[{"href":"https:\/\/www.duerodeporte.com\/index.php\/wp-json\/wp\/v2\/media?parent=3476"}],"wp:term":[{"taxonomy":"category","embeddable":true,"href":"https:\/\/www.duerodeporte.com\/index.php\/wp-json\/wp\/v2\/categories?post=3476"},{"taxonomy":"post_tag","embeddable":true,"href":"https:\/\/www.duerodeporte.com\/index.php\/wp-json\/wp\/v2\/tags?post=3476"}],"curies":[{"name":"wp","href":"https:\/\/api.w.org\/{rel}","templated":true}]}}