{"id":3542,"date":"2024-05-25T00:20:41","date_gmt":"2024-05-24T23:20:41","guid":{"rendered":"https:\/\/www.duerodeporte.com\/?p=3542"},"modified":"2024-05-25T00:59:58","modified_gmt":"2024-05-24T23:59:58","slug":"listos-para-la-una-nueva-cita-con-la-historia","status":"publish","type":"post","link":"https:\/\/www.duerodeporte.com\/index.php\/archivos\/3542","title":{"rendered":"Listos para una nueva cita con la historia"},"content":{"rendered":"\n<h2 class=\"wp-block-heading\">El Tubos Villa de Aranda afronta la segunda fase de ascenso de su historia en busca del regreso a ASOBAL tres temporadas m\u00e1s tarde. Los amarillos se miden a Caser\u00edo en la 2\u00aa semifinal (20:15 h) de una Final Four que comenzar\u00e1 a las 18:00 horas con un Burgos-Cisne totalmente imprevisible<\/h2>\n\n\n\n<p>El <strong><a href=\"https:\/\/www.bmvilladearanda.com\/\">Tubos Villa de Aranda<\/a><\/strong> afronta la<a href=\"https:\/\/www.rfebm.com\/competiciones\/competicion.php?seleccion=0&amp;id_categoria=200014&amp;id_competicion=205389&amp;id=1022786&amp;id_temp=2324&amp;id_territorial=9999&amp;id_ambito=1\"> <strong>Final Four<\/strong><\/a> con la ilusi\u00f3n intacta. Un proyecto que ya ha ganado solo por estar en la lucha por volver a<strong> Liga ASOBAL<\/strong> tres temporadas despu\u00e9s. Atr\u00e1s quedan de los contratiempos de un arranque de temporada p\u00e9simo. Aquello queda lejos y ahora, el<strong> binomio equipo-afici\u00f3n<\/strong> recuperado gracias a la <strong>reconstrucci\u00f3n de M\u00e1rquez<\/strong> en la pista, no teme nada de lo que pueda suceder este fin de semana en el Polideportivo El Plant\u00edo.<\/p>\n\n\n\n<p><strong>Caser\u00edo <\/strong>(<strong>4\u00ba, 37 puntos<\/strong>) ser\u00e1 el primer rival en el camino del <strong>Tubos Villa de Aranda <\/strong>(<strong>5\u00ba, 37 puntos<\/strong>) a partir de las 20:15 horas. Una pugna por el ascenso que tambi\u00e9n buscan<strong> Cisne <\/strong>(<strong>6\u00ba, 36 puntos<\/strong>) y<strong> Burgos <\/strong>(<strong>3\u00ba, 40 puntos<\/strong>) El duelo castellano-gallego abrir\u00e1 la Final Four a las 18:00 horas en el Polideportivo de El Plant\u00edo.<\/p>\n\n\n\n<p>Atr\u00e1s quedan todas las trayectorias. Los<strong> nueve partido sin perder de los arandinos<\/strong>, el \u00faltimo <strong>mes victorioso de Cisne<\/strong> que ha metido a los de Jabato en la fase, las<strong> dudas de un Caser\u00edo que solo ha ganado un partido de los \u00faltimos seis<\/strong>, pero est\u00e1 en la fase final de la Copa del Rey, o un <strong>Burgos anfitri\u00f3n con la mejor plantilla de todos<\/strong>, pero con las dudas de un cierre de temporada con demasiados sinsabores.<\/p>\n\n\n\n<h2 class=\"wp-block-heading\">La afici\u00f3n est\u00e1 preparada <\/h2>\n\n\n\n<p>Por otro lado, otro de los grandes momentos que puede dejar esta hist\u00f3rica fase de ascenso ser\u00e1 ver a centenares de seguidores amarillos en las gradas. En @duerodeporte charl\u00e1bamos esta semanas con algunos representantes de las pe\u00f1as <strong>Petete <\/strong>y <strong>desFASEVDA<\/strong>.<\/p>\n\n\n\n<figure class=\"wp-block-embed is-type-video is-provider-youtube wp-block-embed-youtube wp-embed-aspect-16-9 wp-has-aspect-ratio\"><div class=\"wp-block-embed__wrapper\">\n<iframe loading=\"lazy\"  id=\"_ytid_45276\"  width=\"696\" height=\"391\"  data-origwidth=\"696\" data-origheight=\"391\" src=\"https:\/\/www.youtube.com\/embed\/Cubhs1WEx68?enablejsapi=1&#038;autoplay=0&#038;cc_load_policy=0&#038;cc_lang_pref=&#038;iv_load_policy=1&#038;loop=0&#038;rel=0&#038;fs=1&#038;playsinline=0&#038;autohide=2&#038;theme=dark&#038;color=red&#038;controls=1&#038;disablekb=0&#038;\" class=\"__youtube_prefs__  epyt-is-override  no-lazyload\" title=\"YouTube player\"  allow=\"fullscreen; accelerometer; autoplay; clipboard-write; encrypted-media; gyroscope; picture-in-picture; web-share\" referrerpolicy=\"strict-origin-when-cross-origin\" allowfullscreen data-no-lazy=\"1\" data-skipgform_ajax_framebjll=\"\"><\/iframe>\n<\/div><\/figure>\n\n\n\n<h2 class=\"wp-block-heading\">La historia como aliada<\/h2>\n\n\n\n<p>Mientras, la historia del Villa de Aranda se ha hecho grande gracias a haza\u00f1as en escenario que ya forman parte de la retina y la \u00e9pica de <strong>Elda<\/strong>, <strong>Huesca <\/strong>o <strong>Cangas<\/strong>. Protagonistas de aquellos episodios, @duerodeporte ha podido charlar con los <strong>Pino<\/strong>, actual capit\u00e1n,<strong> Iker Antonio<\/strong> presente en Cangas, y <strong><em>Guayo<\/em><\/strong>, uno de los fundadores del club:<\/p>\n\n\n\n<figure class=\"wp-block-embed is-type-video is-provider-youtube wp-block-embed-youtube wp-embed-aspect-16-9 wp-has-aspect-ratio\"><div class=\"wp-block-embed__wrapper\">\n<iframe loading=\"lazy\"  id=\"_ytid_58848\"  width=\"696\" height=\"391\"  data-origwidth=\"696\" data-origheight=\"391\" src=\"https:\/\/www.youtube.com\/embed\/TMCTIcRUQS0?enablejsapi=1&#038;autoplay=0&#038;cc_load_policy=0&#038;cc_lang_pref=&#038;iv_load_policy=1&#038;loop=0&#038;rel=0&#038;fs=1&#038;playsinline=0&#038;autohide=2&#038;theme=dark&#038;color=red&#038;controls=1&#038;disablekb=0&#038;\" class=\"__youtube_prefs__  epyt-is-override  no-lazyload\" title=\"YouTube player\"  allow=\"fullscreen; accelerometer; autoplay; clipboard-write; encrypted-media; gyroscope; picture-in-picture; web-share\" referrerpolicy=\"strict-origin-when-cross-origin\" allowfullscreen data-no-lazy=\"1\" data-skipgform_ajax_framebjll=\"\"><\/iframe>\n<\/div><\/figure>\n\n\n\n<h2 class=\"wp-block-heading\">La opini\u00f3n de los entrenadores<\/h2>\n\n\n\n<p>Adem\u00e1s, si alguien conoce bien el devenir de este deporte esos son los entrenadores. Muchos han pasado por las filas amarillas y pocos han dejado la huella de los <strong>Carlos Colmenero<\/strong>,<strong> Juan Moreno<\/strong> o<strong> Alberto Su\u00e1rez<\/strong> que recuerdan sus momentos para @diegoamartin13 dando apuntes sobre lo que ser\u00e1 este fin de semana con nada menos que un ascenso en juego:<\/p>\n\n\n\n<figure class=\"wp-block-embed is-type-rich is-provider-twitter wp-block-embed-twitter\"><div class=\"wp-block-embed__wrapper\">\n<blockquote class=\"twitter-tweet\" data-width=\"550\" data-dnt=\"true\"><p lang=\"es\" dir=\"ltr\">\ud83d\udfe0 Previa <a href=\"https:\/\/twitter.com\/hashtag\/FinalFour?src=hash&amp;ref_src=twsrc%5Etfw\">#FinalFour<\/a><br><br>\ud83e\udd3e\u200d\u2642\ufe0f Carlos Colmenero, uno de los t\u00e9cnicos m\u00e1s queridos por la afici\u00f3n <a href=\"https:\/\/twitter.com\/hashtag\/amarilla?src=hash&amp;ref_src=twsrc%5Etfw\">#amarilla<\/a>, aliente y conf\u00eda en el <a href=\"https:\/\/twitter.com\/hashtag\/Tubos?src=hash&amp;ref_src=twsrc%5Etfw\">#Tubos<\/a> <a href=\"https:\/\/twitter.com\/bmvillaaranda?ref_src=twsrc%5Etfw\">@bmvillaaranda<\/a> <br><br>\ud83d\udde3\ufe0f &quot;Ser\u00e1 complicado&#8230; pero conf\u00edo en la s\u00f3lida defensa del equipo. \u00a1Hasta el final!&quot;<br><br>\ud83c\udfa6 <a href=\"https:\/\/twitter.com\/Diegoamartin13?ref_src=twsrc%5Etfw\">@Diegoamartin13<\/a> <a href=\"https:\/\/t.co\/8dmoxCNHlt\">pic.twitter.com\/8dmoxCNHlt<\/a><\/p>&mdash; Diego A. Mart\u00edn (@Diegoamartin13) <a href=\"https:\/\/twitter.com\/Diegoamartin13\/status\/1794090659764179362?ref_src=twsrc%5Etfw\">May 24, 2024<\/a><\/blockquote><script async src=\"https:\/\/platform.twitter.com\/widgets.js\" charset=\"utf-8\"><\/script>\n<\/div><\/figure>\n\n\n\n<figure class=\"wp-block-embed is-type-rich is-provider-twitter wp-block-embed-twitter\"><div class=\"wp-block-embed__wrapper\">\n<blockquote class=\"twitter-tweet\" data-width=\"550\" data-dnt=\"true\"><p lang=\"es\" dir=\"ltr\">\ud83d\udfe0 Previa <a href=\"https:\/\/twitter.com\/hashtag\/FinalFour?src=hash&amp;ref_src=twsrc%5Etfw\">#FinalFour<\/a><br><br>\ud83e\udd3e\u200d\u2642\ufe0f Juan Moreno, fue el entrenador de la 1\ufe0f\u20e3&#39; fase de ascenso en la historia de <a href=\"https:\/\/twitter.com\/bmvillaaranda?ref_src=twsrc%5Etfw\">@bmvillaaranda<\/a> y recuerda el \u00e9xito<br><br>\ud83d\udde3\ufe0f &quot;Esto se repite cada cierto tiempo&#8230; lo de Cangas fue inesperado y la comuni\u00f3n con afici\u00f3n fue fant\u00e1stica&quot;<br><br>\ud83c\udfa6 <a href=\"https:\/\/twitter.com\/Diegoamartin13?ref_src=twsrc%5Etfw\">@Diegoamartin13<\/a> <a href=\"https:\/\/t.co\/40D8olqM6c\">pic.twitter.com\/40D8olqM6c<\/a><\/p>&mdash; Diego A. Mart\u00edn (@Diegoamartin13) <a href=\"https:\/\/twitter.com\/Diegoamartin13\/status\/1794109586598674547?ref_src=twsrc%5Etfw\">May 24, 2024<\/a><\/blockquote><script async src=\"https:\/\/platform.twitter.com\/widgets.js\" charset=\"utf-8\"><\/script>\n<\/div><\/figure>\n\n\n\n<figure class=\"wp-block-embed is-type-rich is-provider-twitter wp-block-embed-twitter\"><div class=\"wp-block-embed__wrapper\">\n<blockquote class=\"twitter-tweet\" data-width=\"550\" data-dnt=\"true\"><p lang=\"es\" dir=\"ltr\">\ud83d\udfe0 Previa <a href=\"https:\/\/twitter.com\/hashtag\/FinalFour?src=hash&amp;ref_src=twsrc%5Etfw\">#FinalFour<\/a><br><br>\ud83e\udd3e\u200d\u2642\ufe0f <a href=\"https:\/\/twitter.com\/ASMA1963?ref_src=twsrc%5Etfw\">@ASMA1963<\/a>, el \u00faltimo entrenador en lograr un ascenso a <a href=\"https:\/\/twitter.com\/ASOBAL?ref_src=twsrc%5Etfw\">@ASOBAL<\/a> co <a href=\"https:\/\/twitter.com\/bmvillaaranda?ref_src=twsrc%5Etfw\">@bmvillaaranda<\/a> analiza las posibilidades de los <a href=\"https:\/\/twitter.com\/hashtag\/amarillos?src=hash&amp;ref_src=twsrc%5Etfw\">#amarillos<\/a><br><br>\ud83d\udde3\ufe0f &quot;El equipo llega bien, pero hay otros favoritos&#8230; hay que estar tranquilo y hacer bien las cosas f\u00e1ciles&quot;<br><br>\ud83c\udfa6 <a href=\"https:\/\/twitter.com\/Diegoamartin13?ref_src=twsrc%5Etfw\">@Diegoamartin13<\/a> <a href=\"https:\/\/t.co\/GnSBvGfxNq\">pic.twitter.com\/GnSBvGfxNq<\/a><\/p>&mdash; Diego A. Mart\u00edn (@Diegoamartin13) <a href=\"https:\/\/twitter.com\/Diegoamartin13\/status\/1794138776031174966?ref_src=twsrc%5Etfw\">May 24, 2024<\/a><\/blockquote><script async src=\"https:\/\/platform.twitter.com\/widgets.js\" charset=\"utf-8\"><\/script>\n<\/div><\/figure>\n","protected":false},"excerpt":{"rendered":"<p>El Tubos Villa de Aranda afronta la segunda fase de ascenso de su historia en busca del regreso a ASOBAL tres temporadas m\u00e1s tarde. Los amarillos se miden a Caser\u00edo [&hellip;]<\/p>\n","protected":false},"author":3,"featured_media":3544,"comment_status":"open","ping_status":"open","sticky":false,"template":"","format":"standard","meta":{"footnotes":""},"categories":[18,15],"tags":[43,27,104,213,29,396,203,40,28],"class_list":["post-3542","post","type-post","status-publish","format-standard","has-post-thumbnail","category-balonmano","category-portada","tag-aranda-de-duero","tag-balonmano","tag-burgos","tag-cisne","tag-division-de-honor-plata","tag-el-plantio","tag-final-four","tag-rfebm","tag-villa-de-aranda"],"yoast_head":"<!-- This site is optimized with the Yoast SEO plugin v27.5 - https:\/\/yoast.com\/product\/yoast-seo-wordpress\/ -->\r\n<title>Listos para una nueva cita con la historia<\/title>\r\n<meta name=\"description\" content=\"El Deporte de Aranda y las tierras del Duero\" \/>\r\n<meta name=\"robots\" content=\"index, follow, max-snippet:-1, max-image-preview:large, max-video-preview:-1\" \/>\r\n<link rel=\"canonical\" href=\"https:\/\/www.duerodeporte.com\/index.php\/archivos\/3542\" \/>\r\n<meta property=\"og:locale\" content=\"es_ES\" \/>\r\n<meta property=\"og:type\" content=\"article\" \/>\r\n<meta property=\"og:title\" content=\"Listos para una nueva cita con la historia\" \/>\r\n<meta property=\"og:description\" content=\"El Deporte de Aranda y las tierras del Duero\" \/>\r\n<meta property=\"og:url\" content=\"https:\/\/www.duerodeporte.com\/index.php\/archivos\/3542\" \/>\r\n<meta property=\"og:site_name\" content=\"Duero Deporte\" \/>\r\n<meta property=\"article:publisher\" content=\"https:\/\/www.facebook.com\/61555928375028\" \/>\r\n<meta property=\"article:published_time\" content=\"2024-05-24T23:20:41+00:00\" \/>\r\n<meta property=\"article:modified_time\" content=\"2024-05-24T23:59:58+00:00\" \/>\r\n<meta property=\"og:image\" content=\"https:\/\/www.duerodeporte.com\/wp-content\/uploads\/2024\/05\/IMG_20240524_194211-scaled.jpg\" \/>\r\n\t<meta property=\"og:image:width\" content=\"2560\" \/>\r\n\t<meta property=\"og:image:height\" content=\"1550\" \/>\r\n\t<meta property=\"og:image:type\" content=\"image\/jpeg\" \/>\r\n<meta name=\"author\" content=\"Diego A. Mart\u00edn\" \/>\r\n<meta name=\"twitter:card\" content=\"summary_large_image\" \/>\r\n<meta name=\"twitter:creator\" content=\"@Diegoamartin13\" \/>\r\n<meta name=\"twitter:site\" content=\"@Diegoamartin13\" \/>\r\n<meta name=\"twitter:label1\" content=\"Escrito por\" \/>\n\t<meta name=\"twitter:data1\" content=\"Diego A. Mart\u00edn\" \/>\n\t<meta name=\"twitter:label2\" content=\"Tiempo de lectura\" \/>\n\t<meta name=\"twitter:data2\" content=\"3 minutos\" \/>\r\n<script type=\"application\/ld+json\" class=\"yoast-schema-graph\">{\"@context\":\"https:\\\/\\\/schema.org\",\"@graph\":[{\"@type\":[\"Article\",\"SocialMediaPosting\"],\"@id\":\"https:\\\/\\\/www.duerodeporte.com\\\/index.php\\\/archivos\\\/3542#article\",\"isPartOf\":{\"@id\":\"https:\\\/\\\/www.duerodeporte.com\\\/index.php\\\/archivos\\\/3542\"},\"author\":{\"name\":\"Diego A. Mart\u00edn\",\"@id\":\"https:\\\/\\\/www.duerodeporte.com\\\/#\\\/schema\\\/person\\\/5f3368966f635b5ae0d23ffaf7a7f894\"},\"headline\":\"Listos para una nueva cita con la historia\",\"datePublished\":\"2024-05-24T23:20:41+00:00\",\"dateModified\":\"2024-05-24T23:59:58+00:00\",\"mainEntityOfPage\":{\"@id\":\"https:\\\/\\\/www.duerodeporte.com\\\/index.php\\\/archivos\\\/3542\"},\"wordCount\":487,\"commentCount\":0,\"publisher\":{\"@id\":\"https:\\\/\\\/www.duerodeporte.com\\\/#organization\"},\"image\":{\"@id\":\"https:\\\/\\\/www.duerodeporte.com\\\/index.php\\\/archivos\\\/3542#primaryimage\"},\"thumbnailUrl\":\"https:\\\/\\\/www.duerodeporte.com\\\/wp-content\\\/uploads\\\/2024\\\/05\\\/IMG_20240524_194211-scaled.jpg\",\"keywords\":[\"aranda de duero\",\"balonmano\",\"burgos\",\"Cisne\",\"Divisi\u00f3n de Honor Plata\",\"El Plant\u00edo\",\"Final Four\",\"Rfebm\",\"Villa de Aranda\"],\"articleSection\":[\"BALONMANO\",\"z_PORTADA\"],\"inLanguage\":\"es\",\"potentialAction\":[{\"@type\":\"CommentAction\",\"name\":\"Comment\",\"target\":[\"https:\\\/\\\/www.duerodeporte.com\\\/index.php\\\/archivos\\\/3542#respond\"]}]},{\"@type\":[\"WebPage\",\"ItemPage\"],\"@id\":\"https:\\\/\\\/www.duerodeporte.com\\\/index.php\\\/archivos\\\/3542\",\"url\":\"https:\\\/\\\/www.duerodeporte.com\\\/index.php\\\/archivos\\\/3542\",\"name\":\"Listos para una nueva cita con la historia\",\"isPartOf\":{\"@id\":\"https:\\\/\\\/www.duerodeporte.com\\\/#website\"},\"primaryImageOfPage\":{\"@id\":\"https:\\\/\\\/www.duerodeporte.com\\\/index.php\\\/archivos\\\/3542#primaryimage\"},\"image\":{\"@id\":\"https:\\\/\\\/www.duerodeporte.com\\\/index.php\\\/archivos\\\/3542#primaryimage\"},\"thumbnailUrl\":\"https:\\\/\\\/www.duerodeporte.com\\\/wp-content\\\/uploads\\\/2024\\\/05\\\/IMG_20240524_194211-scaled.jpg\",\"datePublished\":\"2024-05-24T23:20:41+00:00\",\"dateModified\":\"2024-05-24T23:59:58+00:00\",\"description\":\"El Deporte de Aranda y las tierras del Duero\",\"breadcrumb\":{\"@id\":\"https:\\\/\\\/www.duerodeporte.com\\\/index.php\\\/archivos\\\/3542#breadcrumb\"},\"inLanguage\":\"es\",\"potentialAction\":[{\"@type\":\"ReadAction\",\"target\":[\"https:\\\/\\\/www.duerodeporte.com\\\/index.php\\\/archivos\\\/3542\"]}]},{\"@type\":\"ImageObject\",\"inLanguage\":\"es\",\"@id\":\"https:\\\/\\\/www.duerodeporte.com\\\/index.php\\\/archivos\\\/3542#primaryimage\",\"url\":\"https:\\\/\\\/www.duerodeporte.com\\\/wp-content\\\/uploads\\\/2024\\\/05\\\/IMG_20240524_194211-scaled.jpg\",\"contentUrl\":\"https:\\\/\\\/www.duerodeporte.com\\\/wp-content\\\/uploads\\\/2024\\\/05\\\/IMG_20240524_194211-scaled.jpg\",\"width\":2560,\"height\":1550,\"caption\":\"La plantilla del Tubos Villa de Aranda est\u00e1 lista tras el \u00faltimo entrenamiento ante de la Final Four. \\\/ duerodeporte.com\"},{\"@type\":\"BreadcrumbList\",\"@id\":\"https:\\\/\\\/www.duerodeporte.com\\\/index.php\\\/archivos\\\/3542#breadcrumb\",\"itemListElement\":[{\"@type\":\"ListItem\",\"position\":1,\"name\":\"Portada\",\"item\":\"https:\\\/\\\/www.duerodeporte.com\\\/\"},{\"@type\":\"ListItem\",\"position\":2,\"name\":\"Listos para una nueva cita con la historia\"}]},{\"@type\":\"WebSite\",\"@id\":\"https:\\\/\\\/www.duerodeporte.com\\\/#website\",\"url\":\"https:\\\/\\\/www.duerodeporte.com\\\/\",\"name\":\"Duero Deporte\",\"description\":\"El Deporte de Aranda y las tierras del Duero\",\"publisher\":{\"@id\":\"https:\\\/\\\/www.duerodeporte.com\\\/#organization\"},\"alternateName\":\"El Deporte de Aranda y las tierras del Duero\",\"potentialAction\":[{\"@type\":\"SearchAction\",\"target\":{\"@type\":\"EntryPoint\",\"urlTemplate\":\"https:\\\/\\\/www.duerodeporte.com\\\/?s={search_term_string}\"},\"query-input\":{\"@type\":\"PropertyValueSpecification\",\"valueRequired\":true,\"valueName\":\"search_term_string\"}}],\"inLanguage\":\"es\"},{\"@type\":\"Organization\",\"@id\":\"https:\\\/\\\/www.duerodeporte.com\\\/#organization\",\"name\":\"Duero Deporte\",\"alternateName\":\"El Deporte de Aranda y las tierras del Duero\",\"url\":\"https:\\\/\\\/www.duerodeporte.com\\\/\",\"logo\":{\"@type\":\"ImageObject\",\"inLanguage\":\"es\",\"@id\":\"https:\\\/\\\/www.duerodeporte.com\\\/#\\\/schema\\\/logo\\\/image\\\/\",\"url\":\"https:\\\/\\\/www.duerodeporte.com\\\/wp-content\\\/uploads\\\/2023\\\/11\\\/A.ColorSinFondo-e1708011627555.png\",\"contentUrl\":\"https:\\\/\\\/www.duerodeporte.com\\\/wp-content\\\/uploads\\\/2023\\\/11\\\/A.ColorSinFondo-e1708011627555.png\",\"width\":750,\"height\":132,\"caption\":\"Duero Deporte\"},\"image\":{\"@id\":\"https:\\\/\\\/www.duerodeporte.com\\\/#\\\/schema\\\/logo\\\/image\\\/\"},\"sameAs\":[\"https:\\\/\\\/www.facebook.com\\\/61555928375028\",\"https:\\\/\\\/x.com\\\/Diegoamartin13\",\"https:\\\/\\\/www.youtube.com\\\/channel\\\/UCxIGQL8b9gmW-NjaChabCdA\"]},{\"@type\":\"Person\",\"@id\":\"https:\\\/\\\/www.duerodeporte.com\\\/#\\\/schema\\\/person\\\/5f3368966f635b5ae0d23ffaf7a7f894\",\"name\":\"Diego A. Mart\u00edn\",\"image\":{\"@type\":\"ImageObject\",\"inLanguage\":\"es\",\"@id\":\"https:\\\/\\\/www.duerodeporte.com\\\/wp-content\\\/uploads\\\/2024\\\/01\\\/Diego2-e1706522808572-150x150.jpeg\",\"url\":\"https:\\\/\\\/www.duerodeporte.com\\\/wp-content\\\/uploads\\\/2024\\\/01\\\/Diego2-e1706522808572-150x150.jpeg\",\"contentUrl\":\"https:\\\/\\\/www.duerodeporte.com\\\/wp-content\\\/uploads\\\/2024\\\/01\\\/Diego2-e1706522808572-150x150.jpeg\",\"caption\":\"Diego A. Mart\u00edn\"},\"url\":\"https:\\\/\\\/www.duerodeporte.com\\\/index.php\\\/archivos\\\/author\\\/diego\"}]}<\/script>\r\n<!-- \/ Yoast SEO plugin. -->","yoast_head_json":{"title":"Listos para una nueva cita con la historia","description":"El Deporte de Aranda y las tierras del Duero","robots":{"index":"index","follow":"follow","max-snippet":"max-snippet:-1","max-image-preview":"max-image-preview:large","max-video-preview":"max-video-preview:-1"},"canonical":"https:\/\/www.duerodeporte.com\/index.php\/archivos\/3542","og_locale":"es_ES","og_type":"article","og_title":"Listos para una nueva cita con la historia","og_description":"El Deporte de Aranda y las tierras del Duero","og_url":"https:\/\/www.duerodeporte.com\/index.php\/archivos\/3542","og_site_name":"Duero Deporte","article_publisher":"https:\/\/www.facebook.com\/61555928375028","article_published_time":"2024-05-24T23:20:41+00:00","article_modified_time":"2024-05-24T23:59:58+00:00","og_image":[{"width":2560,"height":1550,"url":"https:\/\/www.duerodeporte.com\/wp-content\/uploads\/2024\/05\/IMG_20240524_194211-scaled.jpg","type":"image\/jpeg"}],"author":"Diego A. Mart\u00edn","twitter_card":"summary_large_image","twitter_creator":"@Diegoamartin13","twitter_site":"@Diegoamartin13","twitter_misc":{"Escrito por":"Diego A. Mart\u00edn","Tiempo de lectura":"3 minutos"},"schema":{"@context":"https:\/\/schema.org","@graph":[{"@type":["Article","SocialMediaPosting"],"@id":"https:\/\/www.duerodeporte.com\/index.php\/archivos\/3542#article","isPartOf":{"@id":"https:\/\/www.duerodeporte.com\/index.php\/archivos\/3542"},"author":{"name":"Diego A. Mart\u00edn","@id":"https:\/\/www.duerodeporte.com\/#\/schema\/person\/5f3368966f635b5ae0d23ffaf7a7f894"},"headline":"Listos para una nueva cita con la historia","datePublished":"2024-05-24T23:20:41+00:00","dateModified":"2024-05-24T23:59:58+00:00","mainEntityOfPage":{"@id":"https:\/\/www.duerodeporte.com\/index.php\/archivos\/3542"},"wordCount":487,"commentCount":0,"publisher":{"@id":"https:\/\/www.duerodeporte.com\/#organization"},"image":{"@id":"https:\/\/www.duerodeporte.com\/index.php\/archivos\/3542#primaryimage"},"thumbnailUrl":"https:\/\/www.duerodeporte.com\/wp-content\/uploads\/2024\/05\/IMG_20240524_194211-scaled.jpg","keywords":["aranda de duero","balonmano","burgos","Cisne","Divisi\u00f3n de Honor Plata","El Plant\u00edo","Final Four","Rfebm","Villa de Aranda"],"articleSection":["BALONMANO","z_PORTADA"],"inLanguage":"es","potentialAction":[{"@type":"CommentAction","name":"Comment","target":["https:\/\/www.duerodeporte.com\/index.php\/archivos\/3542#respond"]}]},{"@type":["WebPage","ItemPage"],"@id":"https:\/\/www.duerodeporte.com\/index.php\/archivos\/3542","url":"https:\/\/www.duerodeporte.com\/index.php\/archivos\/3542","name":"Listos para una nueva cita con la historia","isPartOf":{"@id":"https:\/\/www.duerodeporte.com\/#website"},"primaryImageOfPage":{"@id":"https:\/\/www.duerodeporte.com\/index.php\/archivos\/3542#primaryimage"},"image":{"@id":"https:\/\/www.duerodeporte.com\/index.php\/archivos\/3542#primaryimage"},"thumbnailUrl":"https:\/\/www.duerodeporte.com\/wp-content\/uploads\/2024\/05\/IMG_20240524_194211-scaled.jpg","datePublished":"2024-05-24T23:20:41+00:00","dateModified":"2024-05-24T23:59:58+00:00","description":"El Deporte de Aranda y las tierras del Duero","breadcrumb":{"@id":"https:\/\/www.duerodeporte.com\/index.php\/archivos\/3542#breadcrumb"},"inLanguage":"es","potentialAction":[{"@type":"ReadAction","target":["https:\/\/www.duerodeporte.com\/index.php\/archivos\/3542"]}]},{"@type":"ImageObject","inLanguage":"es","@id":"https:\/\/www.duerodeporte.com\/index.php\/archivos\/3542#primaryimage","url":"https:\/\/www.duerodeporte.com\/wp-content\/uploads\/2024\/05\/IMG_20240524_194211-scaled.jpg","contentUrl":"https:\/\/www.duerodeporte.com\/wp-content\/uploads\/2024\/05\/IMG_20240524_194211-scaled.jpg","width":2560,"height":1550,"caption":"La plantilla del Tubos Villa de Aranda est\u00e1 lista tras el \u00faltimo entrenamiento ante de la Final Four. \/ duerodeporte.com"},{"@type":"BreadcrumbList","@id":"https:\/\/www.duerodeporte.com\/index.php\/archivos\/3542#breadcrumb","itemListElement":[{"@type":"ListItem","position":1,"name":"Portada","item":"https:\/\/www.duerodeporte.com\/"},{"@type":"ListItem","position":2,"name":"Listos para una nueva cita con la historia"}]},{"@type":"WebSite","@id":"https:\/\/www.duerodeporte.com\/#website","url":"https:\/\/www.duerodeporte.com\/","name":"Duero Deporte","description":"El Deporte de Aranda y las tierras del Duero","publisher":{"@id":"https:\/\/www.duerodeporte.com\/#organization"},"alternateName":"El Deporte de Aranda y las tierras del Duero","potentialAction":[{"@type":"SearchAction","target":{"@type":"EntryPoint","urlTemplate":"https:\/\/www.duerodeporte.com\/?s={search_term_string}"},"query-input":{"@type":"PropertyValueSpecification","valueRequired":true,"valueName":"search_term_string"}}],"inLanguage":"es"},{"@type":"Organization","@id":"https:\/\/www.duerodeporte.com\/#organization","name":"Duero Deporte","alternateName":"El Deporte de Aranda y las tierras del Duero","url":"https:\/\/www.duerodeporte.com\/","logo":{"@type":"ImageObject","inLanguage":"es","@id":"https:\/\/www.duerodeporte.com\/#\/schema\/logo\/image\/","url":"https:\/\/www.duerodeporte.com\/wp-content\/uploads\/2023\/11\/A.ColorSinFondo-e1708011627555.png","contentUrl":"https:\/\/www.duerodeporte.com\/wp-content\/uploads\/2023\/11\/A.ColorSinFondo-e1708011627555.png","width":750,"height":132,"caption":"Duero Deporte"},"image":{"@id":"https:\/\/www.duerodeporte.com\/#\/schema\/logo\/image\/"},"sameAs":["https:\/\/www.facebook.com\/61555928375028","https:\/\/x.com\/Diegoamartin13","https:\/\/www.youtube.com\/channel\/UCxIGQL8b9gmW-NjaChabCdA"]},{"@type":"Person","@id":"https:\/\/www.duerodeporte.com\/#\/schema\/person\/5f3368966f635b5ae0d23ffaf7a7f894","name":"Diego A. Mart\u00edn","image":{"@type":"ImageObject","inLanguage":"es","@id":"https:\/\/www.duerodeporte.com\/wp-content\/uploads\/2024\/01\/Diego2-e1706522808572-150x150.jpeg","url":"https:\/\/www.duerodeporte.com\/wp-content\/uploads\/2024\/01\/Diego2-e1706522808572-150x150.jpeg","contentUrl":"https:\/\/www.duerodeporte.com\/wp-content\/uploads\/2024\/01\/Diego2-e1706522808572-150x150.jpeg","caption":"Diego A. Mart\u00edn"},"url":"https:\/\/www.duerodeporte.com\/index.php\/archivos\/author\/diego"}]}},"views":472,"_links":{"self":[{"href":"https:\/\/www.duerodeporte.com\/index.php\/wp-json\/wp\/v2\/posts\/3542","targetHints":{"allow":["GET"]}}],"collection":[{"href":"https:\/\/www.duerodeporte.com\/index.php\/wp-json\/wp\/v2\/posts"}],"about":[{"href":"https:\/\/www.duerodeporte.com\/index.php\/wp-json\/wp\/v2\/types\/post"}],"author":[{"embeddable":true,"href":"https:\/\/www.duerodeporte.com\/index.php\/wp-json\/wp\/v2\/users\/3"}],"replies":[{"embeddable":true,"href":"https:\/\/www.duerodeporte.com\/index.php\/wp-json\/wp\/v2\/comments?post=3542"}],"version-history":[{"count":12,"href":"https:\/\/www.duerodeporte.com\/index.php\/wp-json\/wp\/v2\/posts\/3542\/revisions"}],"predecessor-version":[{"id":3558,"href":"https:\/\/www.duerodeporte.com\/index.php\/wp-json\/wp\/v2\/posts\/3542\/revisions\/3558"}],"wp:featuredmedia":[{"embeddable":true,"href":"https:\/\/www.duerodeporte.com\/index.php\/wp-json\/wp\/v2\/media\/3544"}],"wp:attachment":[{"href":"https:\/\/www.duerodeporte.com\/index.php\/wp-json\/wp\/v2\/media?parent=3542"}],"wp:term":[{"taxonomy":"category","embeddable":true,"href":"https:\/\/www.duerodeporte.com\/index.php\/wp-json\/wp\/v2\/categories?post=3542"},{"taxonomy":"post_tag","embeddable":true,"href":"https:\/\/www.duerodeporte.com\/index.php\/wp-json\/wp\/v2\/tags?post=3542"}],"curies":[{"name":"wp","href":"https:\/\/api.w.org\/{rel}","templated":true}]}}