{"id":3647,"date":"2024-05-30T12:11:12","date_gmt":"2024-05-30T11:11:12","guid":{"rendered":"https:\/\/www.duerodeporte.com\/?p=3647"},"modified":"2024-05-30T16:38:46","modified_gmt":"2024-05-30T15:38:46","slug":"el-tubos-aranda-anuncia-las-primeras-bajas-magnol-y-adri","status":"publish","type":"post","link":"https:\/\/www.duerodeporte.com\/index.php\/archivos\/3647","title":{"rendered":"Tubos Villa de Aranda anuncia seis bajas para la pr\u00f3xima temporada"},"content":{"rendered":"\n<h2 class=\"wp-block-heading\">La entidad del Santiago Mangu\u00e1n ha anunciado este jueves la marcha de los porteros Adri y Magnol, adem\u00e1s de Arnau, Isaac, Virulegio y Pato Van Barem<\/h2>\n\n\n\n<p>El proyecto de la<strong> temporada 24-25<\/strong> est\u00e1 en marcha. Tras la consecuci\u00f3n del ascenso a <a href=\"https:\/\/asobal.es\/\">Liga ASOBAL<\/a> <strong>el <a href=\"https:\/\/www.bmvilladearanda.com\/\">Villa de Aranda<\/a> ha anunciado la desvinculaci\u00f3n de seis jugadores<\/strong>. Algunos de ellos ya se despidieron de la afici\u00f3n amarilla el pasado domingo durante la celebraci\u00f3n del ascenso en el parque de La Isla.<\/p>\n\n\n\n<p>As\u00ed, la porter\u00eda se quedar\u00e1 hu\u00e9rfana de <strong>Adri <\/strong>y <strong>Magnol<\/strong>. Dos ausencias a las que se suman las del pivote <strong>Virulegio<\/strong>, el extremo <strong>Isaac<\/strong>, adem\u00e1s del primera l\u00ednea <strong>Arnau <\/strong>y el argentino <strong><em>Pato <\/em><\/strong>Van Barem.<\/p>\n\n\n\n<figure class=\"wp-block-embed is-type-rich is-provider-twitter wp-block-embed-twitter\"><div class=\"wp-block-embed__wrapper\">\n<blockquote class=\"twitter-tweet\" data-width=\"550\" data-dnt=\"true\"><p lang=\"es\" dir=\"ltr\">BAJAS \ud83e\udd72<br><br>No quer\u00edamos que llegara este d\u00eda.<br><br>Pero algo se muere en el alma cuando unos amigos abondonan nuestra familia.<br><br>Gracias por vuestro trabajo y esfuerzo.<br><br>Gracias por cumplir un sue\u00f1o.<br><br>Os deseamos lo mejor en vuestro futuro \ud83d\ude1a<br>Adri, Magnol, Arnau, Pato, Viru e Isaac. <a href=\"https:\/\/t.co\/p21KaDAWZh\">pic.twitter.com\/p21KaDAWZh<\/a><\/p>&mdash; Club Balonmano Villa de Aranda (@bmvillaaranda) <a href=\"https:\/\/twitter.com\/bmvillaaranda\/status\/1796102567396540492?ref_src=twsrc%5Etfw\">May 30, 2024<\/a><\/blockquote><script async src=\"https:\/\/platform.twitter.com\/widgets.js\" charset=\"utf-8\"><\/script>\n<\/div><figcaption class=\"wp-element-caption\"><strong><a href=\"https:\/\/x.com\/bmvillaaranda\">@bmvillaaranda<\/a><\/strong><\/figcaption><\/figure>\n\n\n\n<h2 class=\"wp-block-heading\">El 14 de junio, fecha l\u00edmite para ASOBAL<\/h2>\n\n\n\n<p>Por otro lado, como ya avanzara <a href=\"https:\/\/www.duerodeporte.com\/index.php\/archivos\/3603\">DUERO Deporte esta misma semana el club debe cumplir con varios <strong>requisitos<\/strong><\/a>, entre ellos los econ\u00f3micos -canon y avales- para poder salir a competir en ASOBAL.<\/p>\n\n\n\n<p>Aunque no haya que cumplir fiscalmente hasta que comience la competici\u00f3n, el club debe dar una respuesta si acepta participar en la m\u00e1xima categor\u00eda antes de la celebraci\u00f3n de la Asamblea de la RFEBM -14 de junio-.<\/p>\n","protected":false},"excerpt":{"rendered":"<p>La entidad del Santiago Mangu\u00e1n ha anunciado este jueves la marcha de los porteros Adri y Magnol, adem\u00e1s de Arnau, Isaac, Virulegio y Pato Van Barem El proyecto de la [&hellip;]<\/p>\n","protected":false},"author":3,"featured_media":3648,"comment_status":"open","ping_status":"open","sticky":false,"template":"","format":"standard","meta":{"footnotes":""},"categories":[18,15],"tags":[43,27,29,40,28],"class_list":["post-3647","post","type-post","status-publish","format-standard","has-post-thumbnail","category-balonmano","category-portada","tag-aranda-de-duero","tag-balonmano","tag-division-de-honor-plata","tag-rfebm","tag-villa-de-aranda"],"yoast_head":"<!-- This site is optimized with the Yoast SEO plugin v27.5 - https:\/\/yoast.com\/product\/yoast-seo-wordpress\/ -->\r\n<title>Tubos Villa de Aranda anuncia seis bajas para la pr\u00f3xima temporada<\/title>\r\n<meta name=\"description\" content=\"El Deporte de Aranda y las tierras del Duero\" \/>\r\n<meta name=\"robots\" content=\"index, follow, max-snippet:-1, max-image-preview:large, max-video-preview:-1\" \/>\r\n<link rel=\"canonical\" href=\"https:\/\/www.duerodeporte.com\/index.php\/archivos\/3647\" \/>\r\n<meta property=\"og:locale\" content=\"es_ES\" \/>\r\n<meta property=\"og:type\" content=\"article\" \/>\r\n<meta property=\"og:title\" content=\"Tubos Villa de Aranda anuncia seis bajas para la pr\u00f3xima temporada\" \/>\r\n<meta property=\"og:description\" content=\"El Deporte de Aranda y las tierras del Duero\" \/>\r\n<meta property=\"og:url\" content=\"https:\/\/www.duerodeporte.com\/index.php\/archivos\/3647\" \/>\r\n<meta property=\"og:site_name\" content=\"Duero Deporte\" \/>\r\n<meta property=\"article:publisher\" content=\"https:\/\/www.facebook.com\/61555928375028\" \/>\r\n<meta property=\"article:published_time\" content=\"2024-05-30T11:11:12+00:00\" \/>\r\n<meta property=\"article:modified_time\" content=\"2024-05-30T15:38:46+00:00\" \/>\r\n<meta property=\"og:image\" content=\"https:\/\/www.duerodeporte.com\/wp-content\/uploads\/2024\/05\/437980472_1003708841763080_6034738271634471041_n.jpg\" \/>\r\n\t<meta property=\"og:image:width\" content=\"2048\" \/>\r\n\t<meta property=\"og:image:height\" content=\"1365\" \/>\r\n\t<meta property=\"og:image:type\" content=\"image\/jpeg\" \/>\r\n<meta name=\"author\" content=\"Diego A. Mart\u00edn\" \/>\r\n<meta name=\"twitter:card\" content=\"summary_large_image\" \/>\r\n<meta name=\"twitter:creator\" content=\"@Diegoamartin13\" \/>\r\n<meta name=\"twitter:site\" content=\"@Diegoamartin13\" \/>\r\n<meta name=\"twitter:label1\" content=\"Escrito por\" \/>\n\t<meta name=\"twitter:data1\" content=\"Diego A. Mart\u00edn\" \/>\n\t<meta name=\"twitter:label2\" content=\"Tiempo de lectura\" \/>\n\t<meta name=\"twitter:data2\" content=\"2 minutos\" \/>\r\n<script type=\"application\/ld+json\" class=\"yoast-schema-graph\">{\"@context\":\"https:\\\/\\\/schema.org\",\"@graph\":[{\"@type\":[\"Article\",\"SocialMediaPosting\"],\"@id\":\"https:\\\/\\\/www.duerodeporte.com\\\/index.php\\\/archivos\\\/3647#article\",\"isPartOf\":{\"@id\":\"https:\\\/\\\/www.duerodeporte.com\\\/index.php\\\/archivos\\\/3647\"},\"author\":{\"name\":\"Diego A. Mart\u00edn\",\"@id\":\"https:\\\/\\\/www.duerodeporte.com\\\/#\\\/schema\\\/person\\\/5f3368966f635b5ae0d23ffaf7a7f894\"},\"headline\":\"Tubos Villa de Aranda anuncia seis bajas para la pr\u00f3xima temporada\",\"datePublished\":\"2024-05-30T11:11:12+00:00\",\"dateModified\":\"2024-05-30T15:38:46+00:00\",\"mainEntityOfPage\":{\"@id\":\"https:\\\/\\\/www.duerodeporte.com\\\/index.php\\\/archivos\\\/3647\"},\"wordCount\":223,\"commentCount\":0,\"publisher\":{\"@id\":\"https:\\\/\\\/www.duerodeporte.com\\\/#organization\"},\"image\":{\"@id\":\"https:\\\/\\\/www.duerodeporte.com\\\/index.php\\\/archivos\\\/3647#primaryimage\"},\"thumbnailUrl\":\"https:\\\/\\\/www.duerodeporte.com\\\/wp-content\\\/uploads\\\/2024\\\/05\\\/437980472_1003708841763080_6034738271634471041_n.jpg\",\"keywords\":[\"aranda de duero\",\"balonmano\",\"Divisi\u00f3n de Honor Plata\",\"Rfebm\",\"Villa de Aranda\"],\"articleSection\":[\"BALONMANO\",\"z_PORTADA\"],\"inLanguage\":\"es\",\"potentialAction\":[{\"@type\":\"CommentAction\",\"name\":\"Comment\",\"target\":[\"https:\\\/\\\/www.duerodeporte.com\\\/index.php\\\/archivos\\\/3647#respond\"]}]},{\"@type\":[\"WebPage\",\"ItemPage\"],\"@id\":\"https:\\\/\\\/www.duerodeporte.com\\\/index.php\\\/archivos\\\/3647\",\"url\":\"https:\\\/\\\/www.duerodeporte.com\\\/index.php\\\/archivos\\\/3647\",\"name\":\"Tubos Villa de Aranda anuncia seis bajas para la pr\u00f3xima temporada\",\"isPartOf\":{\"@id\":\"https:\\\/\\\/www.duerodeporte.com\\\/#website\"},\"primaryImageOfPage\":{\"@id\":\"https:\\\/\\\/www.duerodeporte.com\\\/index.php\\\/archivos\\\/3647#primaryimage\"},\"image\":{\"@id\":\"https:\\\/\\\/www.duerodeporte.com\\\/index.php\\\/archivos\\\/3647#primaryimage\"},\"thumbnailUrl\":\"https:\\\/\\\/www.duerodeporte.com\\\/wp-content\\\/uploads\\\/2024\\\/05\\\/437980472_1003708841763080_6034738271634471041_n.jpg\",\"datePublished\":\"2024-05-30T11:11:12+00:00\",\"dateModified\":\"2024-05-30T15:38:46+00:00\",\"description\":\"El Deporte de Aranda y las tierras del Duero\",\"breadcrumb\":{\"@id\":\"https:\\\/\\\/www.duerodeporte.com\\\/index.php\\\/archivos\\\/3647#breadcrumb\"},\"inLanguage\":\"es\",\"potentialAction\":[{\"@type\":\"ReadAction\",\"target\":[\"https:\\\/\\\/www.duerodeporte.com\\\/index.php\\\/archivos\\\/3647\"]}]},{\"@type\":\"ImageObject\",\"inLanguage\":\"es\",\"@id\":\"https:\\\/\\\/www.duerodeporte.com\\\/index.php\\\/archivos\\\/3647#primaryimage\",\"url\":\"https:\\\/\\\/www.duerodeporte.com\\\/wp-content\\\/uploads\\\/2024\\\/05\\\/437980472_1003708841763080_6034738271634471041_n.jpg\",\"contentUrl\":\"https:\\\/\\\/www.duerodeporte.com\\\/wp-content\\\/uploads\\\/2024\\\/05\\\/437980472_1003708841763080_6034738271634471041_n.jpg\",\"width\":2048,\"height\":1365,\"caption\":\"La plantilla del Tubos Aranda tras un partido de la reciente temporada. \\\/ BM Villa de Aranda\"},{\"@type\":\"BreadcrumbList\",\"@id\":\"https:\\\/\\\/www.duerodeporte.com\\\/index.php\\\/archivos\\\/3647#breadcrumb\",\"itemListElement\":[{\"@type\":\"ListItem\",\"position\":1,\"name\":\"Portada\",\"item\":\"https:\\\/\\\/www.duerodeporte.com\\\/\"},{\"@type\":\"ListItem\",\"position\":2,\"name\":\"Tubos Villa de Aranda anuncia seis bajas para la pr\u00f3xima temporada\"}]},{\"@type\":\"WebSite\",\"@id\":\"https:\\\/\\\/www.duerodeporte.com\\\/#website\",\"url\":\"https:\\\/\\\/www.duerodeporte.com\\\/\",\"name\":\"Duero Deporte\",\"description\":\"El Deporte de Aranda y las tierras del Duero\",\"publisher\":{\"@id\":\"https:\\\/\\\/www.duerodeporte.com\\\/#organization\"},\"alternateName\":\"El Deporte de Aranda y las tierras del Duero\",\"potentialAction\":[{\"@type\":\"SearchAction\",\"target\":{\"@type\":\"EntryPoint\",\"urlTemplate\":\"https:\\\/\\\/www.duerodeporte.com\\\/?s={search_term_string}\"},\"query-input\":{\"@type\":\"PropertyValueSpecification\",\"valueRequired\":true,\"valueName\":\"search_term_string\"}}],\"inLanguage\":\"es\"},{\"@type\":\"Organization\",\"@id\":\"https:\\\/\\\/www.duerodeporte.com\\\/#organization\",\"name\":\"Duero Deporte\",\"alternateName\":\"El Deporte de Aranda y las tierras del Duero\",\"url\":\"https:\\\/\\\/www.duerodeporte.com\\\/\",\"logo\":{\"@type\":\"ImageObject\",\"inLanguage\":\"es\",\"@id\":\"https:\\\/\\\/www.duerodeporte.com\\\/#\\\/schema\\\/logo\\\/image\\\/\",\"url\":\"https:\\\/\\\/www.duerodeporte.com\\\/wp-content\\\/uploads\\\/2023\\\/11\\\/A.ColorSinFondo-e1708011627555.png\",\"contentUrl\":\"https:\\\/\\\/www.duerodeporte.com\\\/wp-content\\\/uploads\\\/2023\\\/11\\\/A.ColorSinFondo-e1708011627555.png\",\"width\":750,\"height\":132,\"caption\":\"Duero Deporte\"},\"image\":{\"@id\":\"https:\\\/\\\/www.duerodeporte.com\\\/#\\\/schema\\\/logo\\\/image\\\/\"},\"sameAs\":[\"https:\\\/\\\/www.facebook.com\\\/61555928375028\",\"https:\\\/\\\/x.com\\\/Diegoamartin13\",\"https:\\\/\\\/www.youtube.com\\\/channel\\\/UCxIGQL8b9gmW-NjaChabCdA\"]},{\"@type\":\"Person\",\"@id\":\"https:\\\/\\\/www.duerodeporte.com\\\/#\\\/schema\\\/person\\\/5f3368966f635b5ae0d23ffaf7a7f894\",\"name\":\"Diego A. Mart\u00edn\",\"image\":{\"@type\":\"ImageObject\",\"inLanguage\":\"es\",\"@id\":\"https:\\\/\\\/www.duerodeporte.com\\\/wp-content\\\/uploads\\\/2024\\\/01\\\/Diego2-e1706522808572-150x150.jpeg\",\"url\":\"https:\\\/\\\/www.duerodeporte.com\\\/wp-content\\\/uploads\\\/2024\\\/01\\\/Diego2-e1706522808572-150x150.jpeg\",\"contentUrl\":\"https:\\\/\\\/www.duerodeporte.com\\\/wp-content\\\/uploads\\\/2024\\\/01\\\/Diego2-e1706522808572-150x150.jpeg\",\"caption\":\"Diego A. Mart\u00edn\"},\"url\":\"https:\\\/\\\/www.duerodeporte.com\\\/index.php\\\/archivos\\\/author\\\/diego\"}]}<\/script>\r\n<!-- \/ Yoast SEO plugin. -->","yoast_head_json":{"title":"Tubos Villa de Aranda anuncia seis bajas para la pr\u00f3xima temporada","description":"El Deporte de Aranda y las tierras del Duero","robots":{"index":"index","follow":"follow","max-snippet":"max-snippet:-1","max-image-preview":"max-image-preview:large","max-video-preview":"max-video-preview:-1"},"canonical":"https:\/\/www.duerodeporte.com\/index.php\/archivos\/3647","og_locale":"es_ES","og_type":"article","og_title":"Tubos Villa de Aranda anuncia seis bajas para la pr\u00f3xima temporada","og_description":"El Deporte de Aranda y las tierras del Duero","og_url":"https:\/\/www.duerodeporte.com\/index.php\/archivos\/3647","og_site_name":"Duero Deporte","article_publisher":"https:\/\/www.facebook.com\/61555928375028","article_published_time":"2024-05-30T11:11:12+00:00","article_modified_time":"2024-05-30T15:38:46+00:00","og_image":[{"width":2048,"height":1365,"url":"https:\/\/www.duerodeporte.com\/wp-content\/uploads\/2024\/05\/437980472_1003708841763080_6034738271634471041_n.jpg","type":"image\/jpeg"}],"author":"Diego A. Mart\u00edn","twitter_card":"summary_large_image","twitter_creator":"@Diegoamartin13","twitter_site":"@Diegoamartin13","twitter_misc":{"Escrito por":"Diego A. Mart\u00edn","Tiempo de lectura":"2 minutos"},"schema":{"@context":"https:\/\/schema.org","@graph":[{"@type":["Article","SocialMediaPosting"],"@id":"https:\/\/www.duerodeporte.com\/index.php\/archivos\/3647#article","isPartOf":{"@id":"https:\/\/www.duerodeporte.com\/index.php\/archivos\/3647"},"author":{"name":"Diego A. Mart\u00edn","@id":"https:\/\/www.duerodeporte.com\/#\/schema\/person\/5f3368966f635b5ae0d23ffaf7a7f894"},"headline":"Tubos Villa de Aranda anuncia seis bajas para la pr\u00f3xima temporada","datePublished":"2024-05-30T11:11:12+00:00","dateModified":"2024-05-30T15:38:46+00:00","mainEntityOfPage":{"@id":"https:\/\/www.duerodeporte.com\/index.php\/archivos\/3647"},"wordCount":223,"commentCount":0,"publisher":{"@id":"https:\/\/www.duerodeporte.com\/#organization"},"image":{"@id":"https:\/\/www.duerodeporte.com\/index.php\/archivos\/3647#primaryimage"},"thumbnailUrl":"https:\/\/www.duerodeporte.com\/wp-content\/uploads\/2024\/05\/437980472_1003708841763080_6034738271634471041_n.jpg","keywords":["aranda de duero","balonmano","Divisi\u00f3n de Honor Plata","Rfebm","Villa de Aranda"],"articleSection":["BALONMANO","z_PORTADA"],"inLanguage":"es","potentialAction":[{"@type":"CommentAction","name":"Comment","target":["https:\/\/www.duerodeporte.com\/index.php\/archivos\/3647#respond"]}]},{"@type":["WebPage","ItemPage"],"@id":"https:\/\/www.duerodeporte.com\/index.php\/archivos\/3647","url":"https:\/\/www.duerodeporte.com\/index.php\/archivos\/3647","name":"Tubos Villa de Aranda anuncia seis bajas para la pr\u00f3xima temporada","isPartOf":{"@id":"https:\/\/www.duerodeporte.com\/#website"},"primaryImageOfPage":{"@id":"https:\/\/www.duerodeporte.com\/index.php\/archivos\/3647#primaryimage"},"image":{"@id":"https:\/\/www.duerodeporte.com\/index.php\/archivos\/3647#primaryimage"},"thumbnailUrl":"https:\/\/www.duerodeporte.com\/wp-content\/uploads\/2024\/05\/437980472_1003708841763080_6034738271634471041_n.jpg","datePublished":"2024-05-30T11:11:12+00:00","dateModified":"2024-05-30T15:38:46+00:00","description":"El Deporte de Aranda y las tierras del Duero","breadcrumb":{"@id":"https:\/\/www.duerodeporte.com\/index.php\/archivos\/3647#breadcrumb"},"inLanguage":"es","potentialAction":[{"@type":"ReadAction","target":["https:\/\/www.duerodeporte.com\/index.php\/archivos\/3647"]}]},{"@type":"ImageObject","inLanguage":"es","@id":"https:\/\/www.duerodeporte.com\/index.php\/archivos\/3647#primaryimage","url":"https:\/\/www.duerodeporte.com\/wp-content\/uploads\/2024\/05\/437980472_1003708841763080_6034738271634471041_n.jpg","contentUrl":"https:\/\/www.duerodeporte.com\/wp-content\/uploads\/2024\/05\/437980472_1003708841763080_6034738271634471041_n.jpg","width":2048,"height":1365,"caption":"La plantilla del Tubos Aranda tras un partido de la reciente temporada. \/ BM Villa de Aranda"},{"@type":"BreadcrumbList","@id":"https:\/\/www.duerodeporte.com\/index.php\/archivos\/3647#breadcrumb","itemListElement":[{"@type":"ListItem","position":1,"name":"Portada","item":"https:\/\/www.duerodeporte.com\/"},{"@type":"ListItem","position":2,"name":"Tubos Villa de Aranda anuncia seis bajas para la pr\u00f3xima temporada"}]},{"@type":"WebSite","@id":"https:\/\/www.duerodeporte.com\/#website","url":"https:\/\/www.duerodeporte.com\/","name":"Duero Deporte","description":"El Deporte de Aranda y las tierras del Duero","publisher":{"@id":"https:\/\/www.duerodeporte.com\/#organization"},"alternateName":"El Deporte de Aranda y las tierras del Duero","potentialAction":[{"@type":"SearchAction","target":{"@type":"EntryPoint","urlTemplate":"https:\/\/www.duerodeporte.com\/?s={search_term_string}"},"query-input":{"@type":"PropertyValueSpecification","valueRequired":true,"valueName":"search_term_string"}}],"inLanguage":"es"},{"@type":"Organization","@id":"https:\/\/www.duerodeporte.com\/#organization","name":"Duero Deporte","alternateName":"El Deporte de Aranda y las tierras del Duero","url":"https:\/\/www.duerodeporte.com\/","logo":{"@type":"ImageObject","inLanguage":"es","@id":"https:\/\/www.duerodeporte.com\/#\/schema\/logo\/image\/","url":"https:\/\/www.duerodeporte.com\/wp-content\/uploads\/2023\/11\/A.ColorSinFondo-e1708011627555.png","contentUrl":"https:\/\/www.duerodeporte.com\/wp-content\/uploads\/2023\/11\/A.ColorSinFondo-e1708011627555.png","width":750,"height":132,"caption":"Duero Deporte"},"image":{"@id":"https:\/\/www.duerodeporte.com\/#\/schema\/logo\/image\/"},"sameAs":["https:\/\/www.facebook.com\/61555928375028","https:\/\/x.com\/Diegoamartin13","https:\/\/www.youtube.com\/channel\/UCxIGQL8b9gmW-NjaChabCdA"]},{"@type":"Person","@id":"https:\/\/www.duerodeporte.com\/#\/schema\/person\/5f3368966f635b5ae0d23ffaf7a7f894","name":"Diego A. Mart\u00edn","image":{"@type":"ImageObject","inLanguage":"es","@id":"https:\/\/www.duerodeporte.com\/wp-content\/uploads\/2024\/01\/Diego2-e1706522808572-150x150.jpeg","url":"https:\/\/www.duerodeporte.com\/wp-content\/uploads\/2024\/01\/Diego2-e1706522808572-150x150.jpeg","contentUrl":"https:\/\/www.duerodeporte.com\/wp-content\/uploads\/2024\/01\/Diego2-e1706522808572-150x150.jpeg","caption":"Diego A. Mart\u00edn"},"url":"https:\/\/www.duerodeporte.com\/index.php\/archivos\/author\/diego"}]}},"views":1090,"_links":{"self":[{"href":"https:\/\/www.duerodeporte.com\/index.php\/wp-json\/wp\/v2\/posts\/3647","targetHints":{"allow":["GET"]}}],"collection":[{"href":"https:\/\/www.duerodeporte.com\/index.php\/wp-json\/wp\/v2\/posts"}],"about":[{"href":"https:\/\/www.duerodeporte.com\/index.php\/wp-json\/wp\/v2\/types\/post"}],"author":[{"embeddable":true,"href":"https:\/\/www.duerodeporte.com\/index.php\/wp-json\/wp\/v2\/users\/3"}],"replies":[{"embeddable":true,"href":"https:\/\/www.duerodeporte.com\/index.php\/wp-json\/wp\/v2\/comments?post=3647"}],"version-history":[{"count":5,"href":"https:\/\/www.duerodeporte.com\/index.php\/wp-json\/wp\/v2\/posts\/3647\/revisions"}],"predecessor-version":[{"id":3655,"href":"https:\/\/www.duerodeporte.com\/index.php\/wp-json\/wp\/v2\/posts\/3647\/revisions\/3655"}],"wp:featuredmedia":[{"embeddable":true,"href":"https:\/\/www.duerodeporte.com\/index.php\/wp-json\/wp\/v2\/media\/3648"}],"wp:attachment":[{"href":"https:\/\/www.duerodeporte.com\/index.php\/wp-json\/wp\/v2\/media?parent=3647"}],"wp:term":[{"taxonomy":"category","embeddable":true,"href":"https:\/\/www.duerodeporte.com\/index.php\/wp-json\/wp\/v2\/categories?post=3647"},{"taxonomy":"post_tag","embeddable":true,"href":"https:\/\/www.duerodeporte.com\/index.php\/wp-json\/wp\/v2\/tags?post=3647"}],"curies":[{"name":"wp","href":"https:\/\/api.w.org\/{rel}","templated":true}]}}