{"id":3975,"date":"2024-06-12T14:02:01","date_gmt":"2024-06-12T13:02:01","guid":{"rendered":"https:\/\/www.duerodeporte.com\/?p=3975"},"modified":"2024-06-12T15:09:02","modified_gmt":"2024-06-12T14:09:02","slug":"ruben-fernandez-vestira-de-amarillo-con-el-tubos-villa-de-aranda","status":"publish","type":"post","link":"https:\/\/www.duerodeporte.com\/index.php\/archivos\/3975","title":{"rendered":"Rub\u00e9n Fern\u00e1ndez vestir\u00e1 de amarillo con el Tubos Villa de Aranda"},"content":{"rendered":"\n<h2 class=\"wp-block-heading\">El pivote gallego, hasta la fecha en las filas de San Pablo Burgos, reforzar\u00e1 la posici\u00f3n de ataque junto a Rogonovs para el proyecto de la Liga Plenitude. El club podr\u00eda anunciar estos d\u00edas otras dos renovaciones arandinas: Tamayo y Pinillos <\/h2>\n\n\n\n<p>Las llegadas para el proyecto en la<strong> <a href=\"https:\/\/asobal.es\/\">Liga Plenitude<\/a><\/strong> del <strong><a href=\"https:\/\/www.bmvilladearanda.com\/\">Tubos Villa de Aranda<\/a> <\/strong>se hacen de rogar. A expensas de la celebraci\u00f3n este s\u00e1bado de la <strong>Asamblea de la RFEBM<\/strong> en Santander y la confirmaci\u00f3n oficial del club a la propia <strong>ASOBAL <\/strong>de salir a competir en la m\u00e1xima competici\u00f3n nacional, la parcela t\u00e9cnica sigue pendiente de cerrar la <strong>plantilla<\/strong>.<\/p>\n\n\n\n<p>Un plantel al que se unir\u00e1 si nada se tuerce y seg\u00fan ha podido conocer DUERO Deporte, el pivote gallego <strong>Rub\u00e9n Fern\u00e1ndez<\/strong>, que la pasada temporada milit\u00f3 en las filas de San Pablo Burgos. Un movimiento que se unir\u00eda al que tambi\u00e9n puso sobre la mesa esta redacci\u00f3n con la llegada del portero<strong> Javier Teij\u00f3n<\/strong>.<\/p>\n\n\n\n<p>Fern\u00e1ndez, natural de <strong>Lal\u00edn tiene 23 a\u00f1os y mide 1.95 metros<\/strong>. Antes de fichar hace dos temporadas por Burgos, desarroll\u00f3 toda su carrera deportiva en Lal\u00edn tocando las <strong>selecciones nacionales <\/strong>en categor\u00edas inferiores. La pasada temporada no cont\u00f3 con la confianza esperada por Roi S\u00e1nchez en la capital y busca una nueva oportunidad para demostrar el talento que atesora.<\/p>\n\n\n\n<h2 class=\"wp-block-heading\">Sumando efectivos<\/h2>\n\n\n\n<p>Dos incorporaciones que se suman a las <strong>seis renovaciones oficiales <\/strong>hechas por el club: <strong>Pau<\/strong>, <strong>Pino<\/strong>, <strong>Berbel<\/strong>, <strong>Enebral<\/strong>, <strong>Rogonovs<\/strong> y <strong>Fischer<\/strong>. Continuidades a las que se unir\u00e1 en pr\u00f3ximas fechas las de otros dos arandinos: <strong>Tamayo <\/strong>y <strong>Pinillos<\/strong>, una vez que se resuelvan algunos aspectos del central de la tierras del Duero. Y a ellos deber\u00edan unirse <strong>Dalmau<\/strong>, fundamental en los \u00e9xitos del equipo la presente temporada y un canterano que emergi\u00f3 con gran talento como <strong>Sergio Tobes<\/strong>.<\/p>\n\n\n\n<p>As\u00ed con todo el equipo contar\u00eda con <strong>12 jugadores<\/strong> a falta de firmar a un <strong>central <\/strong>y<strong> dos laterales <\/strong>primeras l\u00edneas y no descartar la llegada de m\u00e1s refuerzos para contar con una plantilla que llegue a los <strong>15 jugadores m\u00ednimamente<\/strong>.<\/p>\n\n\n\n<h2 class=\"wp-block-heading\">Las bajas confirmadas<\/h2>\n\n\n\n<p>Hay que recordar que la entidad del Santiago Mangu\u00e1n tambi\u00e9n ha hecho oficial <strong>ocho bajas<\/strong>, las de: <strong>Arnau <\/strong>(Puerto Sagunto) <strong><em>Pato<\/em><\/strong>, <strong>Magnol<\/strong>, <strong><em>Adri<\/em><\/strong>, <strong>Isaac<\/strong>, <strong>Virulegio<\/strong>, <strong>Barcel\u00f3 <\/strong>e <strong>Ivanov<\/strong>.<\/p>\n","protected":false},"excerpt":{"rendered":"<p>El pivote gallego, hasta la fecha en las filas de San Pablo Burgos, reforzar\u00e1 la posici\u00f3n de ataque junto a Rogonovs para el proyecto de la Liga Plenitude. El club [&hellip;]<\/p>\n","protected":false},"author":3,"featured_media":3976,"comment_status":"open","ping_status":"open","sticky":false,"template":"","format":"standard","meta":{"footnotes":""},"categories":[18,15],"tags":[43,27,426,40,28],"class_list":["post-3975","post","type-post","status-publish","format-standard","has-post-thumbnail","category-balonmano","category-portada","tag-aranda-de-duero","tag-balonmano","tag-liga-plenitude","tag-rfebm","tag-villa-de-aranda"],"yoast_head":"<!-- This site is optimized with the Yoast SEO plugin v27.5 - https:\/\/yoast.com\/product\/yoast-seo-wordpress\/ -->\r\n<title>Rub\u00e9n Fern\u00e1ndez vestir\u00e1 de amarillo con el Tubos Villa de Aranda<\/title>\r\n<meta name=\"description\" content=\"El Deporte de Aranda y las tierras del Duero\" \/>\r\n<meta name=\"robots\" content=\"index, follow, max-snippet:-1, max-image-preview:large, max-video-preview:-1\" \/>\r\n<link rel=\"canonical\" href=\"https:\/\/www.duerodeporte.com\/index.php\/archivos\/3975\" \/>\r\n<meta property=\"og:locale\" content=\"es_ES\" \/>\r\n<meta property=\"og:type\" content=\"article\" \/>\r\n<meta property=\"og:title\" content=\"Rub\u00e9n Fern\u00e1ndez vestir\u00e1 de amarillo con el Tubos Villa de Aranda\" \/>\r\n<meta property=\"og:description\" content=\"El Deporte de Aranda y las tierras del Duero\" \/>\r\n<meta property=\"og:url\" content=\"https:\/\/www.duerodeporte.com\/index.php\/archivos\/3975\" \/>\r\n<meta property=\"og:site_name\" content=\"Duero Deporte\" \/>\r\n<meta property=\"article:publisher\" content=\"https:\/\/www.facebook.com\/61555928375028\" \/>\r\n<meta property=\"article:published_time\" content=\"2024-06-12T13:02:01+00:00\" \/>\r\n<meta property=\"article:modified_time\" content=\"2024-06-12T14:09:02+00:00\" \/>\r\n<meta property=\"og:image\" content=\"https:\/\/www.duerodeporte.com\/wp-content\/uploads\/2024\/06\/ruben-fernandez-Burgos.jpg\" \/>\r\n\t<meta property=\"og:image:width\" content=\"630\" \/>\r\n\t<meta property=\"og:image:height\" content=\"400\" \/>\r\n\t<meta property=\"og:image:type\" content=\"image\/jpeg\" \/>\r\n<meta name=\"author\" content=\"Diego A. Mart\u00edn\" \/>\r\n<meta name=\"twitter:card\" content=\"summary_large_image\" \/>\r\n<meta name=\"twitter:creator\" content=\"@Diegoamartin13\" \/>\r\n<meta name=\"twitter:site\" content=\"@Diegoamartin13\" \/>\r\n<meta name=\"twitter:label1\" content=\"Escrito por\" \/>\n\t<meta name=\"twitter:data1\" content=\"Diego A. Mart\u00edn\" \/>\n\t<meta name=\"twitter:label2\" content=\"Tiempo de lectura\" \/>\n\t<meta name=\"twitter:data2\" content=\"2 minutos\" \/>\r\n<script type=\"application\/ld+json\" class=\"yoast-schema-graph\">{\"@context\":\"https:\\\/\\\/schema.org\",\"@graph\":[{\"@type\":[\"Article\",\"SocialMediaPosting\"],\"@id\":\"https:\\\/\\\/www.duerodeporte.com\\\/index.php\\\/archivos\\\/3975#article\",\"isPartOf\":{\"@id\":\"https:\\\/\\\/www.duerodeporte.com\\\/index.php\\\/archivos\\\/3975\"},\"author\":{\"name\":\"Diego A. Mart\u00edn\",\"@id\":\"https:\\\/\\\/www.duerodeporte.com\\\/#\\\/schema\\\/person\\\/5f3368966f635b5ae0d23ffaf7a7f894\"},\"headline\":\"Rub\u00e9n Fern\u00e1ndez vestir\u00e1 de amarillo con el Tubos Villa de Aranda\",\"datePublished\":\"2024-06-12T13:02:01+00:00\",\"dateModified\":\"2024-06-12T14:09:02+00:00\",\"mainEntityOfPage\":{\"@id\":\"https:\\\/\\\/www.duerodeporte.com\\\/index.php\\\/archivos\\\/3975\"},\"wordCount\":407,\"commentCount\":0,\"publisher\":{\"@id\":\"https:\\\/\\\/www.duerodeporte.com\\\/#organization\"},\"image\":{\"@id\":\"https:\\\/\\\/www.duerodeporte.com\\\/index.php\\\/archivos\\\/3975#primaryimage\"},\"thumbnailUrl\":\"https:\\\/\\\/www.duerodeporte.com\\\/wp-content\\\/uploads\\\/2024\\\/06\\\/ruben-fernandez-Burgos.jpg\",\"keywords\":[\"aranda de duero\",\"balonmano\",\"Liga Plenitude\",\"Rfebm\",\"Villa de Aranda\"],\"articleSection\":[\"BALONMANO\",\"z_PORTADA\"],\"inLanguage\":\"es\",\"potentialAction\":[{\"@type\":\"CommentAction\",\"name\":\"Comment\",\"target\":[\"https:\\\/\\\/www.duerodeporte.com\\\/index.php\\\/archivos\\\/3975#respond\"]}]},{\"@type\":[\"WebPage\",\"ItemPage\"],\"@id\":\"https:\\\/\\\/www.duerodeporte.com\\\/index.php\\\/archivos\\\/3975\",\"url\":\"https:\\\/\\\/www.duerodeporte.com\\\/index.php\\\/archivos\\\/3975\",\"name\":\"Rub\u00e9n Fern\u00e1ndez vestir\u00e1 de amarillo con el Tubos Villa de Aranda\",\"isPartOf\":{\"@id\":\"https:\\\/\\\/www.duerodeporte.com\\\/#website\"},\"primaryImageOfPage\":{\"@id\":\"https:\\\/\\\/www.duerodeporte.com\\\/index.php\\\/archivos\\\/3975#primaryimage\"},\"image\":{\"@id\":\"https:\\\/\\\/www.duerodeporte.com\\\/index.php\\\/archivos\\\/3975#primaryimage\"},\"thumbnailUrl\":\"https:\\\/\\\/www.duerodeporte.com\\\/wp-content\\\/uploads\\\/2024\\\/06\\\/ruben-fernandez-Burgos.jpg\",\"datePublished\":\"2024-06-12T13:02:01+00:00\",\"dateModified\":\"2024-06-12T14:09:02+00:00\",\"description\":\"El Deporte de Aranda y las tierras del Duero\",\"breadcrumb\":{\"@id\":\"https:\\\/\\\/www.duerodeporte.com\\\/index.php\\\/archivos\\\/3975#breadcrumb\"},\"inLanguage\":\"es\",\"potentialAction\":[{\"@type\":\"ReadAction\",\"target\":[\"https:\\\/\\\/www.duerodeporte.com\\\/index.php\\\/archivos\\\/3975\"]}]},{\"@type\":\"ImageObject\",\"inLanguage\":\"es\",\"@id\":\"https:\\\/\\\/www.duerodeporte.com\\\/index.php\\\/archivos\\\/3975#primaryimage\",\"url\":\"https:\\\/\\\/www.duerodeporte.com\\\/wp-content\\\/uploads\\\/2024\\\/06\\\/ruben-fernandez-Burgos.jpg\",\"contentUrl\":\"https:\\\/\\\/www.duerodeporte.com\\\/wp-content\\\/uploads\\\/2024\\\/06\\\/ruben-fernandez-Burgos.jpg\",\"width\":630,\"height\":400,\"caption\":\"El pivote gallego Rub\u00e9n Fern\u00e1ndez durante el encuentro de Final Four ante el propio Tubos Villa de Aranda. \\\/ BM Burgos\"},{\"@type\":\"BreadcrumbList\",\"@id\":\"https:\\\/\\\/www.duerodeporte.com\\\/index.php\\\/archivos\\\/3975#breadcrumb\",\"itemListElement\":[{\"@type\":\"ListItem\",\"position\":1,\"name\":\"Portada\",\"item\":\"https:\\\/\\\/www.duerodeporte.com\\\/\"},{\"@type\":\"ListItem\",\"position\":2,\"name\":\"Rub\u00e9n Fern\u00e1ndez vestir\u00e1 de amarillo con el Tubos Villa de Aranda\"}]},{\"@type\":\"WebSite\",\"@id\":\"https:\\\/\\\/www.duerodeporte.com\\\/#website\",\"url\":\"https:\\\/\\\/www.duerodeporte.com\\\/\",\"name\":\"Duero Deporte\",\"description\":\"El Deporte de Aranda y las tierras del Duero\",\"publisher\":{\"@id\":\"https:\\\/\\\/www.duerodeporte.com\\\/#organization\"},\"alternateName\":\"El Deporte de Aranda y las tierras del Duero\",\"potentialAction\":[{\"@type\":\"SearchAction\",\"target\":{\"@type\":\"EntryPoint\",\"urlTemplate\":\"https:\\\/\\\/www.duerodeporte.com\\\/?s={search_term_string}\"},\"query-input\":{\"@type\":\"PropertyValueSpecification\",\"valueRequired\":true,\"valueName\":\"search_term_string\"}}],\"inLanguage\":\"es\"},{\"@type\":\"Organization\",\"@id\":\"https:\\\/\\\/www.duerodeporte.com\\\/#organization\",\"name\":\"Duero Deporte\",\"alternateName\":\"El Deporte de Aranda y las tierras del Duero\",\"url\":\"https:\\\/\\\/www.duerodeporte.com\\\/\",\"logo\":{\"@type\":\"ImageObject\",\"inLanguage\":\"es\",\"@id\":\"https:\\\/\\\/www.duerodeporte.com\\\/#\\\/schema\\\/logo\\\/image\\\/\",\"url\":\"https:\\\/\\\/www.duerodeporte.com\\\/wp-content\\\/uploads\\\/2023\\\/11\\\/A.ColorSinFondo-e1708011627555.png\",\"contentUrl\":\"https:\\\/\\\/www.duerodeporte.com\\\/wp-content\\\/uploads\\\/2023\\\/11\\\/A.ColorSinFondo-e1708011627555.png\",\"width\":750,\"height\":132,\"caption\":\"Duero Deporte\"},\"image\":{\"@id\":\"https:\\\/\\\/www.duerodeporte.com\\\/#\\\/schema\\\/logo\\\/image\\\/\"},\"sameAs\":[\"https:\\\/\\\/www.facebook.com\\\/61555928375028\",\"https:\\\/\\\/x.com\\\/Diegoamartin13\",\"https:\\\/\\\/www.youtube.com\\\/channel\\\/UCxIGQL8b9gmW-NjaChabCdA\"]},{\"@type\":\"Person\",\"@id\":\"https:\\\/\\\/www.duerodeporte.com\\\/#\\\/schema\\\/person\\\/5f3368966f635b5ae0d23ffaf7a7f894\",\"name\":\"Diego A. Mart\u00edn\",\"image\":{\"@type\":\"ImageObject\",\"inLanguage\":\"es\",\"@id\":\"https:\\\/\\\/www.duerodeporte.com\\\/wp-content\\\/uploads\\\/2024\\\/01\\\/Diego2-e1706522808572-150x150.jpeg\",\"url\":\"https:\\\/\\\/www.duerodeporte.com\\\/wp-content\\\/uploads\\\/2024\\\/01\\\/Diego2-e1706522808572-150x150.jpeg\",\"contentUrl\":\"https:\\\/\\\/www.duerodeporte.com\\\/wp-content\\\/uploads\\\/2024\\\/01\\\/Diego2-e1706522808572-150x150.jpeg\",\"caption\":\"Diego A. Mart\u00edn\"},\"url\":\"https:\\\/\\\/www.duerodeporte.com\\\/index.php\\\/archivos\\\/author\\\/diego\"}]}<\/script>\r\n<!-- \/ Yoast SEO plugin. -->","yoast_head_json":{"title":"Rub\u00e9n Fern\u00e1ndez vestir\u00e1 de amarillo con el Tubos Villa de Aranda","description":"El Deporte de Aranda y las tierras del Duero","robots":{"index":"index","follow":"follow","max-snippet":"max-snippet:-1","max-image-preview":"max-image-preview:large","max-video-preview":"max-video-preview:-1"},"canonical":"https:\/\/www.duerodeporte.com\/index.php\/archivos\/3975","og_locale":"es_ES","og_type":"article","og_title":"Rub\u00e9n Fern\u00e1ndez vestir\u00e1 de amarillo con el Tubos Villa de Aranda","og_description":"El Deporte de Aranda y las tierras del Duero","og_url":"https:\/\/www.duerodeporte.com\/index.php\/archivos\/3975","og_site_name":"Duero Deporte","article_publisher":"https:\/\/www.facebook.com\/61555928375028","article_published_time":"2024-06-12T13:02:01+00:00","article_modified_time":"2024-06-12T14:09:02+00:00","og_image":[{"width":630,"height":400,"url":"https:\/\/www.duerodeporte.com\/wp-content\/uploads\/2024\/06\/ruben-fernandez-Burgos.jpg","type":"image\/jpeg"}],"author":"Diego A. Mart\u00edn","twitter_card":"summary_large_image","twitter_creator":"@Diegoamartin13","twitter_site":"@Diegoamartin13","twitter_misc":{"Escrito por":"Diego A. Mart\u00edn","Tiempo de lectura":"2 minutos"},"schema":{"@context":"https:\/\/schema.org","@graph":[{"@type":["Article","SocialMediaPosting"],"@id":"https:\/\/www.duerodeporte.com\/index.php\/archivos\/3975#article","isPartOf":{"@id":"https:\/\/www.duerodeporte.com\/index.php\/archivos\/3975"},"author":{"name":"Diego A. Mart\u00edn","@id":"https:\/\/www.duerodeporte.com\/#\/schema\/person\/5f3368966f635b5ae0d23ffaf7a7f894"},"headline":"Rub\u00e9n Fern\u00e1ndez vestir\u00e1 de amarillo con el Tubos Villa de Aranda","datePublished":"2024-06-12T13:02:01+00:00","dateModified":"2024-06-12T14:09:02+00:00","mainEntityOfPage":{"@id":"https:\/\/www.duerodeporte.com\/index.php\/archivos\/3975"},"wordCount":407,"commentCount":0,"publisher":{"@id":"https:\/\/www.duerodeporte.com\/#organization"},"image":{"@id":"https:\/\/www.duerodeporte.com\/index.php\/archivos\/3975#primaryimage"},"thumbnailUrl":"https:\/\/www.duerodeporte.com\/wp-content\/uploads\/2024\/06\/ruben-fernandez-Burgos.jpg","keywords":["aranda de duero","balonmano","Liga Plenitude","Rfebm","Villa de Aranda"],"articleSection":["BALONMANO","z_PORTADA"],"inLanguage":"es","potentialAction":[{"@type":"CommentAction","name":"Comment","target":["https:\/\/www.duerodeporte.com\/index.php\/archivos\/3975#respond"]}]},{"@type":["WebPage","ItemPage"],"@id":"https:\/\/www.duerodeporte.com\/index.php\/archivos\/3975","url":"https:\/\/www.duerodeporte.com\/index.php\/archivos\/3975","name":"Rub\u00e9n Fern\u00e1ndez vestir\u00e1 de amarillo con el Tubos Villa de Aranda","isPartOf":{"@id":"https:\/\/www.duerodeporte.com\/#website"},"primaryImageOfPage":{"@id":"https:\/\/www.duerodeporte.com\/index.php\/archivos\/3975#primaryimage"},"image":{"@id":"https:\/\/www.duerodeporte.com\/index.php\/archivos\/3975#primaryimage"},"thumbnailUrl":"https:\/\/www.duerodeporte.com\/wp-content\/uploads\/2024\/06\/ruben-fernandez-Burgos.jpg","datePublished":"2024-06-12T13:02:01+00:00","dateModified":"2024-06-12T14:09:02+00:00","description":"El Deporte de Aranda y las tierras del Duero","breadcrumb":{"@id":"https:\/\/www.duerodeporte.com\/index.php\/archivos\/3975#breadcrumb"},"inLanguage":"es","potentialAction":[{"@type":"ReadAction","target":["https:\/\/www.duerodeporte.com\/index.php\/archivos\/3975"]}]},{"@type":"ImageObject","inLanguage":"es","@id":"https:\/\/www.duerodeporte.com\/index.php\/archivos\/3975#primaryimage","url":"https:\/\/www.duerodeporte.com\/wp-content\/uploads\/2024\/06\/ruben-fernandez-Burgos.jpg","contentUrl":"https:\/\/www.duerodeporte.com\/wp-content\/uploads\/2024\/06\/ruben-fernandez-Burgos.jpg","width":630,"height":400,"caption":"El pivote gallego Rub\u00e9n Fern\u00e1ndez durante el encuentro de Final Four ante el propio Tubos Villa de Aranda. \/ BM Burgos"},{"@type":"BreadcrumbList","@id":"https:\/\/www.duerodeporte.com\/index.php\/archivos\/3975#breadcrumb","itemListElement":[{"@type":"ListItem","position":1,"name":"Portada","item":"https:\/\/www.duerodeporte.com\/"},{"@type":"ListItem","position":2,"name":"Rub\u00e9n Fern\u00e1ndez vestir\u00e1 de amarillo con el Tubos Villa de Aranda"}]},{"@type":"WebSite","@id":"https:\/\/www.duerodeporte.com\/#website","url":"https:\/\/www.duerodeporte.com\/","name":"Duero Deporte","description":"El Deporte de Aranda y las tierras del Duero","publisher":{"@id":"https:\/\/www.duerodeporte.com\/#organization"},"alternateName":"El Deporte de Aranda y las tierras del Duero","potentialAction":[{"@type":"SearchAction","target":{"@type":"EntryPoint","urlTemplate":"https:\/\/www.duerodeporte.com\/?s={search_term_string}"},"query-input":{"@type":"PropertyValueSpecification","valueRequired":true,"valueName":"search_term_string"}}],"inLanguage":"es"},{"@type":"Organization","@id":"https:\/\/www.duerodeporte.com\/#organization","name":"Duero Deporte","alternateName":"El Deporte de Aranda y las tierras del Duero","url":"https:\/\/www.duerodeporte.com\/","logo":{"@type":"ImageObject","inLanguage":"es","@id":"https:\/\/www.duerodeporte.com\/#\/schema\/logo\/image\/","url":"https:\/\/www.duerodeporte.com\/wp-content\/uploads\/2023\/11\/A.ColorSinFondo-e1708011627555.png","contentUrl":"https:\/\/www.duerodeporte.com\/wp-content\/uploads\/2023\/11\/A.ColorSinFondo-e1708011627555.png","width":750,"height":132,"caption":"Duero Deporte"},"image":{"@id":"https:\/\/www.duerodeporte.com\/#\/schema\/logo\/image\/"},"sameAs":["https:\/\/www.facebook.com\/61555928375028","https:\/\/x.com\/Diegoamartin13","https:\/\/www.youtube.com\/channel\/UCxIGQL8b9gmW-NjaChabCdA"]},{"@type":"Person","@id":"https:\/\/www.duerodeporte.com\/#\/schema\/person\/5f3368966f635b5ae0d23ffaf7a7f894","name":"Diego A. Mart\u00edn","image":{"@type":"ImageObject","inLanguage":"es","@id":"https:\/\/www.duerodeporte.com\/wp-content\/uploads\/2024\/01\/Diego2-e1706522808572-150x150.jpeg","url":"https:\/\/www.duerodeporte.com\/wp-content\/uploads\/2024\/01\/Diego2-e1706522808572-150x150.jpeg","contentUrl":"https:\/\/www.duerodeporte.com\/wp-content\/uploads\/2024\/01\/Diego2-e1706522808572-150x150.jpeg","caption":"Diego A. Mart\u00edn"},"url":"https:\/\/www.duerodeporte.com\/index.php\/archivos\/author\/diego"}]}},"views":1261,"_links":{"self":[{"href":"https:\/\/www.duerodeporte.com\/index.php\/wp-json\/wp\/v2\/posts\/3975","targetHints":{"allow":["GET"]}}],"collection":[{"href":"https:\/\/www.duerodeporte.com\/index.php\/wp-json\/wp\/v2\/posts"}],"about":[{"href":"https:\/\/www.duerodeporte.com\/index.php\/wp-json\/wp\/v2\/types\/post"}],"author":[{"embeddable":true,"href":"https:\/\/www.duerodeporte.com\/index.php\/wp-json\/wp\/v2\/users\/3"}],"replies":[{"embeddable":true,"href":"https:\/\/www.duerodeporte.com\/index.php\/wp-json\/wp\/v2\/comments?post=3975"}],"version-history":[{"count":10,"href":"https:\/\/www.duerodeporte.com\/index.php\/wp-json\/wp\/v2\/posts\/3975\/revisions"}],"predecessor-version":[{"id":3990,"href":"https:\/\/www.duerodeporte.com\/index.php\/wp-json\/wp\/v2\/posts\/3975\/revisions\/3990"}],"wp:featuredmedia":[{"embeddable":true,"href":"https:\/\/www.duerodeporte.com\/index.php\/wp-json\/wp\/v2\/media\/3976"}],"wp:attachment":[{"href":"https:\/\/www.duerodeporte.com\/index.php\/wp-json\/wp\/v2\/media?parent=3975"}],"wp:term":[{"taxonomy":"category","embeddable":true,"href":"https:\/\/www.duerodeporte.com\/index.php\/wp-json\/wp\/v2\/categories?post=3975"},{"taxonomy":"post_tag","embeddable":true,"href":"https:\/\/www.duerodeporte.com\/index.php\/wp-json\/wp\/v2\/tags?post=3975"}],"curies":[{"name":"wp","href":"https:\/\/api.w.org\/{rel}","templated":true}]}}