{"id":4128,"date":"2024-06-20T17:32:47","date_gmt":"2024-06-20T16:32:47","guid":{"rendered":"https:\/\/www.duerodeporte.com\/?p=4128"},"modified":"2024-06-20T20:19:58","modified_gmt":"2024-06-20T19:19:58","slug":"candela-arranz-ultima-su-debut-en-el-campeonato-de-europa-de-edad-en-polonia","status":"publish","type":"post","link":"https:\/\/www.duerodeporte.com\/index.php\/archivos\/4128","title":{"rendered":"Candela Arranz ultima su debut en el Campeonato de Europa de edad en Polonia"},"content":{"rendered":"\n<h2 class=\"wp-block-heading\">La arandina del Corzo Orientaci\u00f3n se estrena este s\u00e1bado (10:00 h) en la prueba larga de su categor\u00eda. La selecci\u00f3n espa\u00f1ola FEDO se encuentra en Szczecin desde el martes\u00a0<\/h2>\n\n\n\n<p>El <strong>Campeonato de Europa en edad<\/strong> descuenta las horas para la arandina <strong><a href=\"https:\/\/www.instagram.com\/candelaarranzz_\/?hl=es\">Candela Arranz<\/a><\/strong>. La del <strong><a href=\"https:\/\/corzoorientacion.wordpress.com\/\">Corzo Orientaci\u00f3n<\/a><\/strong> se enfundar\u00e1 la indumentaria de la selecci\u00f3n espa\u00f1ola (<strong><a href=\"https:\/\/www.fedo.org\/web\/\">FEDO<\/a><\/strong>) el pr\u00f3ximo s\u00e1bado en <strong>Polonia<\/strong>.<\/p>\n\n\n\n<figure class=\"wp-block-image size-large\"><a href=\"https:\/\/whatsapp.com\/channel\/0029VaKr9Jr5kg76tHjXkZ2b\"><img loading=\"lazy\" decoding=\"async\" width=\"1024\" height=\"80\" src=\"https:\/\/www.duerodeporte.com\/wp-content\/uploads\/2024\/06\/2-2-1024x80.png\" alt=\"\" class=\"wp-image-3887\" srcset=\"https:\/\/www.duerodeporte.com\/wp-content\/uploads\/2024\/06\/2-2-1024x80.png 1024w, https:\/\/www.duerodeporte.com\/wp-content\/uploads\/2024\/06\/2-2-300x23.png 300w, https:\/\/www.duerodeporte.com\/wp-content\/uploads\/2024\/06\/2-2-768x60.png 768w, https:\/\/www.duerodeporte.com\/wp-content\/uploads\/2024\/06\/2-2-1536x120.png 1536w, https:\/\/www.duerodeporte.com\/wp-content\/uploads\/2024\/06\/2-2-696x54.png 696w, https:\/\/www.duerodeporte.com\/wp-content\/uploads\/2024\/06\/2-2-1068x83.png 1068w, https:\/\/www.duerodeporte.com\/wp-content\/uploads\/2024\/06\/2-2.png 1920w\" sizes=\"auto, (max-width: 1024px) 100vw, 1024px\" \/><\/a><\/figure>\n\n\n\n<p>Una cita hist\u00f3rica para el deporte de las tierras del Duero que tendr\u00e1 su desenlace en el <strong>circuito<\/strong> dise\u00f1ado en el entorno de la localidad de <strong>Szczecin <\/strong>y en el que Arranz tomar\u00e1 parte este <strong>s\u00e1bado <\/strong>(<strong>10:00 h<\/strong>) en la prueba de larga distancia en la categor\u00eda F-16.<\/p>\n\n\n\n<p>Una primera toma de contacto antes afrontar las<strong> otras dos pruebas <\/strong>en las que participar\u00e1 la joven atleta de las tierras del Duero. El domingo, turno para la<strong> carrera sprint<\/strong> en circuito urbano. Y el lunes, la prueba de <strong>relevos <\/strong>nuevamente en el entorno de Szczecin.<\/p>\n\n\n\n<figure class=\"wp-block-embed is-type-rich is-provider-twitter wp-block-embed-twitter\"><div class=\"wp-block-embed__wrapper\">\n<blockquote class=\"twitter-tweet\" data-width=\"550\" data-dnt=\"true\"><p lang=\"es\" dir=\"ltr\">\ud83d\udfe0 ORIENTACI\u00d3N<br><br>\ud83e\udded La <a href=\"https:\/\/twitter.com\/fedo_org?ref_src=twsrc%5Etfw\">@fedo_org<\/a> emprende viaje al EYOC 2\ufe0f\u20e30\ufe0f\u20e32\ufe0f\u20e34\ufe0f\u20e3 de Polonia para disputar el Europeo Cadete y Juvenil<br><br>\u27a1\ufe0f La arandina Candela Arranz participar\u00e1 en categor\u00eda F-1\ufe0f\u20e36\ufe0f\u20e3<br><br>\u2795 info: <a href=\"https:\/\/t.co\/oLYAtvB4CB\">https:\/\/t.co\/oLYAtvB4CB<\/a><br><br>\ud83c\udfa6 <a href=\"https:\/\/t.co\/QxLvd9klfJ\">https:\/\/t.co\/QxLvd9klfJ<\/a> <a href=\"https:\/\/t.co\/E6Spmku5CD\">pic.twitter.com\/E6Spmku5CD<\/a><\/p>&mdash; Diego A. Mart\u00edn (@Diegoamartin13) <a href=\"https:\/\/twitter.com\/Diegoamartin13\/status\/1803181470631993367?ref_src=twsrc%5Etfw\">June 18, 2024<\/a><\/blockquote><script async src=\"https:\/\/platform.twitter.com\/widgets.js\" charset=\"utf-8\"><\/script>\n<\/div><figcaption class=\"wp-element-caption\"><strong><a href=\"https:\/\/x.com\/Diegoamartin13\">@Diegomartin13<\/a><\/strong><\/figcaption><\/figure>\n\n\n\n<p>Toda la informaci\u00f3n sobre los horarios y localizaciones del campeonato pueden consultarse, <strong><a href=\"https:\/\/eyoc2024.pl\/\">AQU\u00cd<\/a><\/strong>.<\/p>\n\n\n\n<h2 class=\"wp-block-heading\">Carrera de Orientaci\u00f3n de la Mujer<\/h2>\n\n\n\n<p>Por otro lado, la orientaci\u00f3n tambi\u00e9n ser\u00e1 protagonista este mismo fin de semana en un escenario m\u00e1s cercano, la <strong>Plaza Mayor <\/strong>de Aranda de Duero.<\/p>\n\n\n\n<p>La<strong> <a href=\"http:\/\/www.arandactiva.com\/\">Concejal\u00eda del Deportes<\/a><\/strong> junto al propio<strong> Club Corzo Orientaci\u00f3n<\/strong> celebran la <strong>Carrera de Orientaci\u00f3n de la Mujer<\/strong> que comenzar\u00e1 a partir de las <strong>10:00 horas<\/strong>.<\/p>\n\n\n\n<figure class=\"wp-block-embed is-type-rich is-provider-twitter wp-block-embed-twitter\"><div class=\"wp-block-embed__wrapper\">\n<blockquote class=\"twitter-tweet\" data-width=\"550\" data-dnt=\"true\"><p lang=\"es\" dir=\"ltr\">\ud83d\udfe0 ORIENTACI\u00d3N<br><br>\ud83c\udfbd La Concejal\u00eda de Deportes y el Club Corzo Orientaci\u00f3n organizan la Carrera Popular de la Mujer en Orientaci\u00f3n<br><br>\u2795 Informaci\u00f3n: <a href=\"https:\/\/t.co\/rr5WJrglPi\">https:\/\/t.co\/rr5WJrglPi<\/a><br><br>\ud83d\uddd3\ufe0f 2\ufe0f\u20e32\ufe0f\u20e3 de junio<br>\ud83d\udd53 1\ufe0f\u20e30\ufe0f\u20e3:0\ufe0f\u20e30\ufe0f\u20e3 h<br>\ud83c\udfdf\ufe0f Plaza Mayor<br>\ud83c\udfd8\ufe0f Aranda de Duero<br><br>\ud83c\udfa6 <a href=\"https:\/\/twitter.com\/arandactiva1?ref_src=twsrc%5Etfw\">@arandactiva1<\/a> <a href=\"https:\/\/t.co\/sWYW0lhWQz\">pic.twitter.com\/sWYW0lhWQz<\/a><\/p>&mdash; Diego A. Mart\u00edn (@Diegoamartin13) <a href=\"https:\/\/twitter.com\/Diegoamartin13\/status\/1800489764153606452?ref_src=twsrc%5Etfw\">June 11, 2024<\/a><\/blockquote><script async src=\"https:\/\/platform.twitter.com\/widgets.js\" charset=\"utf-8\"><\/script>\n<\/div><\/figure>\n","protected":false},"excerpt":{"rendered":"<p>La arandina del Corzo Orientaci\u00f3n se estrena este s\u00e1bado (10:00 h) en la prueba larga de su categor\u00eda. La selecci\u00f3n espa\u00f1ola FEDO se encuentra en Szczecin desde el martes\u00a0 El [&hellip;]<\/p>\n","protected":false},"author":3,"featured_media":4131,"comment_status":"open","ping_status":"open","sticky":false,"template":"","format":"standard","meta":{"footnotes":""},"categories":[443,15],"tags":[43,118,116,368,444],"class_list":["post-4128","post","type-post","status-publish","format-standard","has-post-thumbnail","category-orientacion","category-portada","tag-aranda-de-duero","tag-fedo","tag-orientacion","tag-polonia","tag-szczecin"],"yoast_head":"<!-- This site is optimized with the Yoast SEO plugin v27.5 - https:\/\/yoast.com\/product\/yoast-seo-wordpress\/ -->\r\n<title>Candela Arranz ultima su debut en el Campeonato de Europa de edad en Polonia<\/title>\r\n<meta name=\"description\" content=\"El Deporte de Aranda y las tierras del Duero\" \/>\r\n<meta name=\"robots\" content=\"index, follow, max-snippet:-1, max-image-preview:large, max-video-preview:-1\" \/>\r\n<link rel=\"canonical\" href=\"https:\/\/www.duerodeporte.com\/index.php\/archivos\/4128\" \/>\r\n<meta property=\"og:locale\" content=\"es_ES\" \/>\r\n<meta property=\"og:type\" content=\"article\" \/>\r\n<meta property=\"og:title\" content=\"Candela Arranz ultima su debut en el Campeonato de Europa de edad en Polonia\" \/>\r\n<meta property=\"og:description\" content=\"El Deporte de Aranda y las tierras del Duero\" \/>\r\n<meta property=\"og:url\" content=\"https:\/\/www.duerodeporte.com\/index.php\/archivos\/4128\" \/>\r\n<meta property=\"og:site_name\" content=\"Duero Deporte\" \/>\r\n<meta property=\"article:publisher\" content=\"https:\/\/www.facebook.com\/61555928375028\" \/>\r\n<meta property=\"article:published_time\" content=\"2024-06-20T16:32:47+00:00\" \/>\r\n<meta property=\"article:modified_time\" content=\"2024-06-20T19:19:58+00:00\" \/>\r\n<meta property=\"og:image\" content=\"https:\/\/www.duerodeporte.com\/wp-content\/uploads\/2024\/06\/WhatsApp-Image-2024-06-18-at-20.44.08.jpeg\" \/>\r\n\t<meta property=\"og:image:width\" content=\"1477\" \/>\r\n\t<meta property=\"og:image:height\" content=\"1496\" \/>\r\n\t<meta property=\"og:image:type\" content=\"image\/jpeg\" \/>\r\n<meta name=\"author\" content=\"Diego A. Mart\u00edn\" \/>\r\n<meta name=\"twitter:card\" content=\"summary_large_image\" \/>\r\n<meta name=\"twitter:creator\" content=\"@Diegoamartin13\" \/>\r\n<meta name=\"twitter:site\" content=\"@Diegoamartin13\" \/>\r\n<meta name=\"twitter:label1\" content=\"Escrito por\" \/>\n\t<meta name=\"twitter:data1\" content=\"Diego A. Mart\u00edn\" \/>\n\t<meta name=\"twitter:label2\" content=\"Tiempo de lectura\" \/>\n\t<meta name=\"twitter:data2\" content=\"2 minutos\" \/>\r\n<script type=\"application\/ld+json\" class=\"yoast-schema-graph\">{\"@context\":\"https:\\\/\\\/schema.org\",\"@graph\":[{\"@type\":[\"Article\",\"SocialMediaPosting\"],\"@id\":\"https:\\\/\\\/www.duerodeporte.com\\\/index.php\\\/archivos\\\/4128#article\",\"isPartOf\":{\"@id\":\"https:\\\/\\\/www.duerodeporte.com\\\/index.php\\\/archivos\\\/4128\"},\"author\":{\"name\":\"Diego A. Mart\u00edn\",\"@id\":\"https:\\\/\\\/www.duerodeporte.com\\\/#\\\/schema\\\/person\\\/5f3368966f635b5ae0d23ffaf7a7f894\"},\"headline\":\"Candela Arranz ultima su debut en el Campeonato de Europa de edad en Polonia\",\"datePublished\":\"2024-06-20T16:32:47+00:00\",\"dateModified\":\"2024-06-20T19:19:58+00:00\",\"mainEntityOfPage\":{\"@id\":\"https:\\\/\\\/www.duerodeporte.com\\\/index.php\\\/archivos\\\/4128\"},\"wordCount\":269,\"commentCount\":0,\"publisher\":{\"@id\":\"https:\\\/\\\/www.duerodeporte.com\\\/#organization\"},\"image\":{\"@id\":\"https:\\\/\\\/www.duerodeporte.com\\\/index.php\\\/archivos\\\/4128#primaryimage\"},\"thumbnailUrl\":\"https:\\\/\\\/www.duerodeporte.com\\\/wp-content\\\/uploads\\\/2024\\\/06\\\/WhatsApp-Image-2024-06-18-at-20.44.08.jpeg\",\"keywords\":[\"aranda de duero\",\"FEDO\",\"orientaci\u00f3n\",\"Polonia\",\"Szczecin\"],\"articleSection\":[\"ORIENTACI\u00d3N\",\"z_PORTADA\"],\"inLanguage\":\"es\",\"potentialAction\":[{\"@type\":\"CommentAction\",\"name\":\"Comment\",\"target\":[\"https:\\\/\\\/www.duerodeporte.com\\\/index.php\\\/archivos\\\/4128#respond\"]}]},{\"@type\":[\"WebPage\",\"ItemPage\"],\"@id\":\"https:\\\/\\\/www.duerodeporte.com\\\/index.php\\\/archivos\\\/4128\",\"url\":\"https:\\\/\\\/www.duerodeporte.com\\\/index.php\\\/archivos\\\/4128\",\"name\":\"Candela Arranz ultima su debut en el Campeonato de Europa de edad en Polonia\",\"isPartOf\":{\"@id\":\"https:\\\/\\\/www.duerodeporte.com\\\/#website\"},\"primaryImageOfPage\":{\"@id\":\"https:\\\/\\\/www.duerodeporte.com\\\/index.php\\\/archivos\\\/4128#primaryimage\"},\"image\":{\"@id\":\"https:\\\/\\\/www.duerodeporte.com\\\/index.php\\\/archivos\\\/4128#primaryimage\"},\"thumbnailUrl\":\"https:\\\/\\\/www.duerodeporte.com\\\/wp-content\\\/uploads\\\/2024\\\/06\\\/WhatsApp-Image-2024-06-18-at-20.44.08.jpeg\",\"datePublished\":\"2024-06-20T16:32:47+00:00\",\"dateModified\":\"2024-06-20T19:19:58+00:00\",\"description\":\"El Deporte de Aranda y las tierras del Duero\",\"breadcrumb\":{\"@id\":\"https:\\\/\\\/www.duerodeporte.com\\\/index.php\\\/archivos\\\/4128#breadcrumb\"},\"inLanguage\":\"es\",\"potentialAction\":[{\"@type\":\"ReadAction\",\"target\":[\"https:\\\/\\\/www.duerodeporte.com\\\/index.php\\\/archivos\\\/4128\"]}]},{\"@type\":\"ImageObject\",\"inLanguage\":\"es\",\"@id\":\"https:\\\/\\\/www.duerodeporte.com\\\/index.php\\\/archivos\\\/4128#primaryimage\",\"url\":\"https:\\\/\\\/www.duerodeporte.com\\\/wp-content\\\/uploads\\\/2024\\\/06\\\/WhatsApp-Image-2024-06-18-at-20.44.08.jpeg\",\"contentUrl\":\"https:\\\/\\\/www.duerodeporte.com\\\/wp-content\\\/uploads\\\/2024\\\/06\\\/WhatsApp-Image-2024-06-18-at-20.44.08.jpeg\",\"width\":1477,\"height\":1496,\"caption\":\"Candela Arranz (2\u00aa por dch) junto a sus compa\u00f1eros de expedici\u00f3n de la FEDO. \\\/ duerodeporte.com\"},{\"@type\":\"BreadcrumbList\",\"@id\":\"https:\\\/\\\/www.duerodeporte.com\\\/index.php\\\/archivos\\\/4128#breadcrumb\",\"itemListElement\":[{\"@type\":\"ListItem\",\"position\":1,\"name\":\"Portada\",\"item\":\"https:\\\/\\\/www.duerodeporte.com\\\/\"},{\"@type\":\"ListItem\",\"position\":2,\"name\":\"Candela Arranz ultima su debut en el Campeonato de Europa de edad en Polonia\"}]},{\"@type\":\"WebSite\",\"@id\":\"https:\\\/\\\/www.duerodeporte.com\\\/#website\",\"url\":\"https:\\\/\\\/www.duerodeporte.com\\\/\",\"name\":\"Duero Deporte\",\"description\":\"El Deporte de Aranda y las tierras del Duero\",\"publisher\":{\"@id\":\"https:\\\/\\\/www.duerodeporte.com\\\/#organization\"},\"alternateName\":\"El Deporte de Aranda y las tierras del Duero\",\"potentialAction\":[{\"@type\":\"SearchAction\",\"target\":{\"@type\":\"EntryPoint\",\"urlTemplate\":\"https:\\\/\\\/www.duerodeporte.com\\\/?s={search_term_string}\"},\"query-input\":{\"@type\":\"PropertyValueSpecification\",\"valueRequired\":true,\"valueName\":\"search_term_string\"}}],\"inLanguage\":\"es\"},{\"@type\":\"Organization\",\"@id\":\"https:\\\/\\\/www.duerodeporte.com\\\/#organization\",\"name\":\"Duero Deporte\",\"alternateName\":\"El Deporte de Aranda y las tierras del Duero\",\"url\":\"https:\\\/\\\/www.duerodeporte.com\\\/\",\"logo\":{\"@type\":\"ImageObject\",\"inLanguage\":\"es\",\"@id\":\"https:\\\/\\\/www.duerodeporte.com\\\/#\\\/schema\\\/logo\\\/image\\\/\",\"url\":\"https:\\\/\\\/www.duerodeporte.com\\\/wp-content\\\/uploads\\\/2023\\\/11\\\/A.ColorSinFondo-e1708011627555.png\",\"contentUrl\":\"https:\\\/\\\/www.duerodeporte.com\\\/wp-content\\\/uploads\\\/2023\\\/11\\\/A.ColorSinFondo-e1708011627555.png\",\"width\":750,\"height\":132,\"caption\":\"Duero Deporte\"},\"image\":{\"@id\":\"https:\\\/\\\/www.duerodeporte.com\\\/#\\\/schema\\\/logo\\\/image\\\/\"},\"sameAs\":[\"https:\\\/\\\/www.facebook.com\\\/61555928375028\",\"https:\\\/\\\/x.com\\\/Diegoamartin13\",\"https:\\\/\\\/www.youtube.com\\\/channel\\\/UCxIGQL8b9gmW-NjaChabCdA\"]},{\"@type\":\"Person\",\"@id\":\"https:\\\/\\\/www.duerodeporte.com\\\/#\\\/schema\\\/person\\\/5f3368966f635b5ae0d23ffaf7a7f894\",\"name\":\"Diego A. Mart\u00edn\",\"image\":{\"@type\":\"ImageObject\",\"inLanguage\":\"es\",\"@id\":\"https:\\\/\\\/www.duerodeporte.com\\\/wp-content\\\/uploads\\\/2024\\\/01\\\/Diego2-e1706522808572-150x150.jpeg\",\"url\":\"https:\\\/\\\/www.duerodeporte.com\\\/wp-content\\\/uploads\\\/2024\\\/01\\\/Diego2-e1706522808572-150x150.jpeg\",\"contentUrl\":\"https:\\\/\\\/www.duerodeporte.com\\\/wp-content\\\/uploads\\\/2024\\\/01\\\/Diego2-e1706522808572-150x150.jpeg\",\"caption\":\"Diego A. Mart\u00edn\"},\"url\":\"https:\\\/\\\/www.duerodeporte.com\\\/index.php\\\/archivos\\\/author\\\/diego\"}]}<\/script>\r\n<!-- \/ Yoast SEO plugin. -->","yoast_head_json":{"title":"Candela Arranz ultima su debut en el Campeonato de Europa de edad en Polonia","description":"El Deporte de Aranda y las tierras del Duero","robots":{"index":"index","follow":"follow","max-snippet":"max-snippet:-1","max-image-preview":"max-image-preview:large","max-video-preview":"max-video-preview:-1"},"canonical":"https:\/\/www.duerodeporte.com\/index.php\/archivos\/4128","og_locale":"es_ES","og_type":"article","og_title":"Candela Arranz ultima su debut en el Campeonato de Europa de edad en Polonia","og_description":"El Deporte de Aranda y las tierras del Duero","og_url":"https:\/\/www.duerodeporte.com\/index.php\/archivos\/4128","og_site_name":"Duero Deporte","article_publisher":"https:\/\/www.facebook.com\/61555928375028","article_published_time":"2024-06-20T16:32:47+00:00","article_modified_time":"2024-06-20T19:19:58+00:00","og_image":[{"width":1477,"height":1496,"url":"https:\/\/www.duerodeporte.com\/wp-content\/uploads\/2024\/06\/WhatsApp-Image-2024-06-18-at-20.44.08.jpeg","type":"image\/jpeg"}],"author":"Diego A. Mart\u00edn","twitter_card":"summary_large_image","twitter_creator":"@Diegoamartin13","twitter_site":"@Diegoamartin13","twitter_misc":{"Escrito por":"Diego A. Mart\u00edn","Tiempo de lectura":"2 minutos"},"schema":{"@context":"https:\/\/schema.org","@graph":[{"@type":["Article","SocialMediaPosting"],"@id":"https:\/\/www.duerodeporte.com\/index.php\/archivos\/4128#article","isPartOf":{"@id":"https:\/\/www.duerodeporte.com\/index.php\/archivos\/4128"},"author":{"name":"Diego A. Mart\u00edn","@id":"https:\/\/www.duerodeporte.com\/#\/schema\/person\/5f3368966f635b5ae0d23ffaf7a7f894"},"headline":"Candela Arranz ultima su debut en el Campeonato de Europa de edad en Polonia","datePublished":"2024-06-20T16:32:47+00:00","dateModified":"2024-06-20T19:19:58+00:00","mainEntityOfPage":{"@id":"https:\/\/www.duerodeporte.com\/index.php\/archivos\/4128"},"wordCount":269,"commentCount":0,"publisher":{"@id":"https:\/\/www.duerodeporte.com\/#organization"},"image":{"@id":"https:\/\/www.duerodeporte.com\/index.php\/archivos\/4128#primaryimage"},"thumbnailUrl":"https:\/\/www.duerodeporte.com\/wp-content\/uploads\/2024\/06\/WhatsApp-Image-2024-06-18-at-20.44.08.jpeg","keywords":["aranda de duero","FEDO","orientaci\u00f3n","Polonia","Szczecin"],"articleSection":["ORIENTACI\u00d3N","z_PORTADA"],"inLanguage":"es","potentialAction":[{"@type":"CommentAction","name":"Comment","target":["https:\/\/www.duerodeporte.com\/index.php\/archivos\/4128#respond"]}]},{"@type":["WebPage","ItemPage"],"@id":"https:\/\/www.duerodeporte.com\/index.php\/archivos\/4128","url":"https:\/\/www.duerodeporte.com\/index.php\/archivos\/4128","name":"Candela Arranz ultima su debut en el Campeonato de Europa de edad en Polonia","isPartOf":{"@id":"https:\/\/www.duerodeporte.com\/#website"},"primaryImageOfPage":{"@id":"https:\/\/www.duerodeporte.com\/index.php\/archivos\/4128#primaryimage"},"image":{"@id":"https:\/\/www.duerodeporte.com\/index.php\/archivos\/4128#primaryimage"},"thumbnailUrl":"https:\/\/www.duerodeporte.com\/wp-content\/uploads\/2024\/06\/WhatsApp-Image-2024-06-18-at-20.44.08.jpeg","datePublished":"2024-06-20T16:32:47+00:00","dateModified":"2024-06-20T19:19:58+00:00","description":"El Deporte de Aranda y las tierras del Duero","breadcrumb":{"@id":"https:\/\/www.duerodeporte.com\/index.php\/archivos\/4128#breadcrumb"},"inLanguage":"es","potentialAction":[{"@type":"ReadAction","target":["https:\/\/www.duerodeporte.com\/index.php\/archivos\/4128"]}]},{"@type":"ImageObject","inLanguage":"es","@id":"https:\/\/www.duerodeporte.com\/index.php\/archivos\/4128#primaryimage","url":"https:\/\/www.duerodeporte.com\/wp-content\/uploads\/2024\/06\/WhatsApp-Image-2024-06-18-at-20.44.08.jpeg","contentUrl":"https:\/\/www.duerodeporte.com\/wp-content\/uploads\/2024\/06\/WhatsApp-Image-2024-06-18-at-20.44.08.jpeg","width":1477,"height":1496,"caption":"Candela Arranz (2\u00aa por dch) junto a sus compa\u00f1eros de expedici\u00f3n de la FEDO. \/ duerodeporte.com"},{"@type":"BreadcrumbList","@id":"https:\/\/www.duerodeporte.com\/index.php\/archivos\/4128#breadcrumb","itemListElement":[{"@type":"ListItem","position":1,"name":"Portada","item":"https:\/\/www.duerodeporte.com\/"},{"@type":"ListItem","position":2,"name":"Candela Arranz ultima su debut en el Campeonato de Europa de edad en Polonia"}]},{"@type":"WebSite","@id":"https:\/\/www.duerodeporte.com\/#website","url":"https:\/\/www.duerodeporte.com\/","name":"Duero Deporte","description":"El Deporte de Aranda y las tierras del Duero","publisher":{"@id":"https:\/\/www.duerodeporte.com\/#organization"},"alternateName":"El Deporte de Aranda y las tierras del Duero","potentialAction":[{"@type":"SearchAction","target":{"@type":"EntryPoint","urlTemplate":"https:\/\/www.duerodeporte.com\/?s={search_term_string}"},"query-input":{"@type":"PropertyValueSpecification","valueRequired":true,"valueName":"search_term_string"}}],"inLanguage":"es"},{"@type":"Organization","@id":"https:\/\/www.duerodeporte.com\/#organization","name":"Duero Deporte","alternateName":"El Deporte de Aranda y las tierras del Duero","url":"https:\/\/www.duerodeporte.com\/","logo":{"@type":"ImageObject","inLanguage":"es","@id":"https:\/\/www.duerodeporte.com\/#\/schema\/logo\/image\/","url":"https:\/\/www.duerodeporte.com\/wp-content\/uploads\/2023\/11\/A.ColorSinFondo-e1708011627555.png","contentUrl":"https:\/\/www.duerodeporte.com\/wp-content\/uploads\/2023\/11\/A.ColorSinFondo-e1708011627555.png","width":750,"height":132,"caption":"Duero Deporte"},"image":{"@id":"https:\/\/www.duerodeporte.com\/#\/schema\/logo\/image\/"},"sameAs":["https:\/\/www.facebook.com\/61555928375028","https:\/\/x.com\/Diegoamartin13","https:\/\/www.youtube.com\/channel\/UCxIGQL8b9gmW-NjaChabCdA"]},{"@type":"Person","@id":"https:\/\/www.duerodeporte.com\/#\/schema\/person\/5f3368966f635b5ae0d23ffaf7a7f894","name":"Diego A. Mart\u00edn","image":{"@type":"ImageObject","inLanguage":"es","@id":"https:\/\/www.duerodeporte.com\/wp-content\/uploads\/2024\/01\/Diego2-e1706522808572-150x150.jpeg","url":"https:\/\/www.duerodeporte.com\/wp-content\/uploads\/2024\/01\/Diego2-e1706522808572-150x150.jpeg","contentUrl":"https:\/\/www.duerodeporte.com\/wp-content\/uploads\/2024\/01\/Diego2-e1706522808572-150x150.jpeg","caption":"Diego A. Mart\u00edn"},"url":"https:\/\/www.duerodeporte.com\/index.php\/archivos\/author\/diego"}]}},"views":753,"_links":{"self":[{"href":"https:\/\/www.duerodeporte.com\/index.php\/wp-json\/wp\/v2\/posts\/4128","targetHints":{"allow":["GET"]}}],"collection":[{"href":"https:\/\/www.duerodeporte.com\/index.php\/wp-json\/wp\/v2\/posts"}],"about":[{"href":"https:\/\/www.duerodeporte.com\/index.php\/wp-json\/wp\/v2\/types\/post"}],"author":[{"embeddable":true,"href":"https:\/\/www.duerodeporte.com\/index.php\/wp-json\/wp\/v2\/users\/3"}],"replies":[{"embeddable":true,"href":"https:\/\/www.duerodeporte.com\/index.php\/wp-json\/wp\/v2\/comments?post=4128"}],"version-history":[{"count":10,"href":"https:\/\/www.duerodeporte.com\/index.php\/wp-json\/wp\/v2\/posts\/4128\/revisions"}],"predecessor-version":[{"id":4142,"href":"https:\/\/www.duerodeporte.com\/index.php\/wp-json\/wp\/v2\/posts\/4128\/revisions\/4142"}],"wp:featuredmedia":[{"embeddable":true,"href":"https:\/\/www.duerodeporte.com\/index.php\/wp-json\/wp\/v2\/media\/4131"}],"wp:attachment":[{"href":"https:\/\/www.duerodeporte.com\/index.php\/wp-json\/wp\/v2\/media?parent=4128"}],"wp:term":[{"taxonomy":"category","embeddable":true,"href":"https:\/\/www.duerodeporte.com\/index.php\/wp-json\/wp\/v2\/categories?post=4128"},{"taxonomy":"post_tag","embeddable":true,"href":"https:\/\/www.duerodeporte.com\/index.php\/wp-json\/wp\/v2\/tags?post=4128"}],"curies":[{"name":"wp","href":"https:\/\/api.w.org\/{rel}","templated":true}]}}