{"id":5623,"date":"2024-08-27T10:00:39","date_gmt":"2024-08-27T09:00:39","guid":{"rendered":"https:\/\/www.duerodeporte.com\/?p=5623"},"modified":"2024-08-28T10:36:30","modified_gmt":"2024-08-28T09:36:30","slug":"paula-bartolome-e-ismael-andres-afrontan-el-campeonato-de-espana","status":"publish","type":"post","link":"https:\/\/www.duerodeporte.com\/index.php\/archivos\/5623","title":{"rendered":"Paula Bartolom\u00e9 e Ismael Andr\u00e9s afrontan el Campeonato de Espa\u00f1a"},"content":{"rendered":"\n<h2 class=\"wp-block-heading\">Los dos padelistas arandinos participan en el Nacional de Menores por parejas que se disputa en la Comunidad de Madrid. Los dos debutar\u00e1n este jueves junto a Olaia Olivas y Mateo Hidalgo, respectivamente<\/h2>\n\n\n\n<p>El <strong>p\u00e1del <\/strong>de las tierras del Duero nos regala la presencia de dos padelistas arandinos en el<strong> <a href=\"http:\/\/circuitomenores.padelfederacion.es\/Campeonato?IdTorneo=25065\">Campeonato de Espa\u00f1a de Menores<\/a><\/strong>: <strong><a href=\"https:\/\/www.instagram.com\/p\/C27SwYCtfe7\/?hl=es&amp;img_index=1\">Paula Bartolom\u00e9<\/a><\/strong> (<strong><a href=\"https:\/\/inacua.com\/aranda\/node\/120\">Inacua Aranda<\/a><\/strong>) y <strong><a href=\"https:\/\/www.instagram.com\/isma.7_22\/?hl=es\">Ismael Andr\u00e9s<\/a><\/strong> (<strong><a href=\"https:\/\/www.instagram.com\/padel_fit\/?hl=es\">Club Deportivo Padel Fit<\/a><\/strong>) La competici\u00f3n, que se desarrolla en la modalidad por parejas, se est\u00e1 disputando desde este lunes en las instalaciones de varios centros de la <strong>Comunidad de Madrid<\/strong>.<\/p>\n\n\n\n<figure class=\"wp-block-image size-large\"><a href=\"https:\/\/whatsapp.com\/channel\/0029VaKr9Jr5kg76tHjXkZ2b\"><img loading=\"lazy\" decoding=\"async\" width=\"1024\" height=\"80\" src=\"https:\/\/www.duerodeporte.com\/wp-content\/uploads\/2024\/06\/2-2-1024x80.png\" alt=\"\" class=\"wp-image-3887\" srcset=\"https:\/\/www.duerodeporte.com\/wp-content\/uploads\/2024\/06\/2-2-1024x80.png 1024w, https:\/\/www.duerodeporte.com\/wp-content\/uploads\/2024\/06\/2-2-300x23.png 300w, https:\/\/www.duerodeporte.com\/wp-content\/uploads\/2024\/06\/2-2-768x60.png 768w, https:\/\/www.duerodeporte.com\/wp-content\/uploads\/2024\/06\/2-2-1536x120.png 1536w, https:\/\/www.duerodeporte.com\/wp-content\/uploads\/2024\/06\/2-2-696x54.png 696w, https:\/\/www.duerodeporte.com\/wp-content\/uploads\/2024\/06\/2-2-1068x83.png 1068w, https:\/\/www.duerodeporte.com\/wp-content\/uploads\/2024\/06\/2-2.png 1920w\" sizes=\"auto, (max-width: 1024px) 100vw, 1024px\" \/><\/a><\/figure>\n\n\n\n<p>Ambos toman parte en la edici\u00f3n m\u00e1s numerosa de la historia, con m\u00e1s de 1800 participantes, seg\u00fan la organizaci\u00f3n. Paula Bartolom\u00e9 lo har\u00e1 en categor\u00eda <strong>cadete <\/strong>junto a la vasca <strong>Olaia Olivas<\/strong>. Mientras, Ismael Andr\u00e9s<strong> <\/strong>lo har\u00e1 en<strong> infantil <\/strong>con al abulense <strong>Mateo Hidalgo<\/strong>.<\/p>\n\n\n\n<figure class=\"wp-block-embed is-type-rich is-provider-twitter wp-block-embed-twitter\"><div class=\"wp-block-embed__wrapper\">\n<blockquote class=\"twitter-tweet\" data-width=\"550\" data-dnt=\"true\"><p lang=\"es\" dir=\"ltr\">\ud83d\udd1c \ud835\udc02\ud835\udc1a\ud835\udc26\ud835\udc29\ud835\udc1e\ud835\udc28\ud835\udc27\ud835\udc1a\ud835\udc2d\ud835\udc28 \ud835\udc1d\ud835\udc1e \ud835\udc04\ud835\udc2c\ud835\udc29\ud835\udc1a\u00f1\ud835\udc1a \ud835\udc1d\ud835\udc1e \ud835\udc0c\ud835\udc1e\ud835\udc27\ud835\udc28\ud835\udc2b\ud835\udc1e\ud835\udc2c &#8211; \ud835\udc13\ud835\udc2b\ud835\udc28\ud835\udc1f\ud835\udc1e\ud835\udc28 <a href=\"https:\/\/twitter.com\/babolatpadel?ref_src=twsrc%5Etfw\">@babolatpadel<\/a> &#8211; \ud835\udc0c\ud835\udc1a\ud835\udc1d\ud835\udc2b\ud835\udc22\ud835\udc1d \ud835\udfd0\ud835\udfce\ud835\udfd0\ud835\udfd2 <br><br>\u2714 Consulta ya los CUADROS y HORARIOS del <a href=\"https:\/\/twitter.com\/hashtag\/CEMMadrid2024?src=hash&amp;ref_src=twsrc%5Etfw\">#CEMMadrid2024<\/a><br><br>\u2b07\ufe0f Hilo por categor\u00edas \u2b07\ufe0f<br><br>\u2139 <a href=\"https:\/\/t.co\/iZVqjiCnZH\">https:\/\/t.co\/iZVqjiCnZH<\/a><a href=\"https:\/\/twitter.com\/hashtag\/padelFEP?src=hash&amp;ref_src=twsrc%5Etfw\">#padelFEP<\/a> <a href=\"https:\/\/t.co\/ppJDygcHls\">pic.twitter.com\/ppJDygcHls<\/a><\/p>&mdash; FEP (@padelfederacion) <a href=\"https:\/\/twitter.com\/padelfederacion\/status\/1823325598963339718?ref_src=twsrc%5Etfw\">August 13, 2024<\/a><\/blockquote><script async src=\"https:\/\/platform.twitter.com\/widgets.js\" charset=\"utf-8\"><\/script>\n<\/div><figcaption class=\"wp-element-caption\"><strong><a href=\"https:\/\/x.com\/padelfederacion\">@padelfederacion<\/a><\/strong><\/figcaption><\/figure>\n\n\n\n<p>El <strong>debut <\/strong>de los dos j\u00f3venes padelistas de Aranda de Duero llegar\u00e1 este <strong>jueves <\/strong>-29 de agosto-. El m\u00e1s madrugador ser\u00e1 <strong>Ismael <\/strong>que jugar\u00e1 en en las instalaciones del <strong>Club Deportivo Somontes<\/strong> a las<strong> 09:00 horas<\/strong> ante una pareja a\u00fan por definir en la fase pre previa.<\/p>\n\n\n\n<p>Por su parte, <strong>Paula <\/strong>debutar\u00e1 a las <strong>21:45 horas<\/strong> en las instalaciones del <strong>Club Puerta del Hierro<\/strong> frente a la dupla formada por Irina Ceresuela y Elisabeth Alcoberro en el <strong>cuadro final <\/strong>de<strong> 1\/16 de final<\/strong>.<\/p>\n","protected":false},"excerpt":{"rendered":"<p>Los dos padelistas arandinos participan en el Nacional de Menores por parejas que se disputa en la Comunidad de Madrid. Los dos debutar\u00e1n este jueves junto a Olaia Olivas y [&hellip;]<\/p>\n","protected":false},"author":3,"featured_media":5636,"comment_status":"open","ping_status":"open","sticky":false,"template":"","format":"standard","meta":{"footnotes":""},"categories":[423,15],"tags":[],"class_list":["post-5623","post","type-post","status-publish","format-standard","has-post-thumbnail","category-padel","category-portada"],"yoast_head":"<!-- This site is optimized with the Yoast SEO plugin v27.5 - https:\/\/yoast.com\/product\/yoast-seo-wordpress\/ -->\r\n<title>Paula Bartolom\u00e9 e Ismael Andr\u00e9s afrontan el Campeonato de Espa\u00f1a<\/title>\r\n<meta name=\"description\" content=\"El Deporte de Aranda y las tierras del Duero\" \/>\r\n<meta name=\"robots\" content=\"index, follow, max-snippet:-1, max-image-preview:large, max-video-preview:-1\" \/>\r\n<link rel=\"canonical\" href=\"https:\/\/www.duerodeporte.com\/index.php\/archivos\/5623\" \/>\r\n<meta property=\"og:locale\" content=\"es_ES\" \/>\r\n<meta property=\"og:type\" content=\"article\" \/>\r\n<meta property=\"og:title\" content=\"Paula Bartolom\u00e9 e Ismael Andr\u00e9s afrontan el Campeonato de Espa\u00f1a\" \/>\r\n<meta property=\"og:description\" content=\"El Deporte de Aranda y las tierras del Duero\" \/>\r\n<meta property=\"og:url\" content=\"https:\/\/www.duerodeporte.com\/index.php\/archivos\/5623\" \/>\r\n<meta property=\"og:site_name\" content=\"Duero Deporte\" \/>\r\n<meta property=\"article:publisher\" content=\"https:\/\/www.facebook.com\/61555928375028\" \/>\r\n<meta property=\"article:published_time\" content=\"2024-08-27T09:00:39+00:00\" \/>\r\n<meta property=\"article:modified_time\" content=\"2024-08-28T09:36:30+00:00\" \/>\r\n<meta property=\"og:image\" content=\"https:\/\/www.duerodeporte.com\/wp-content\/uploads\/2024\/08\/WhatsApp-Image-2024-08-27-at-18.52.26-e1724778289277.jpeg\" \/>\r\n\t<meta property=\"og:image:width\" content=\"968\" \/>\r\n\t<meta property=\"og:image:height\" content=\"527\" \/>\r\n\t<meta property=\"og:image:type\" content=\"image\/jpeg\" \/>\r\n<meta name=\"author\" content=\"Diego A. Mart\u00edn\" \/>\r\n<meta name=\"twitter:card\" content=\"summary_large_image\" \/>\r\n<meta name=\"twitter:creator\" content=\"@Diegoamartin13\" \/>\r\n<meta name=\"twitter:site\" content=\"@Diegoamartin13\" \/>\r\n<meta name=\"twitter:label1\" content=\"Escrito por\" \/>\n\t<meta name=\"twitter:data1\" content=\"Diego A. Mart\u00edn\" \/>\n\t<meta name=\"twitter:label2\" content=\"Tiempo de lectura\" \/>\n\t<meta name=\"twitter:data2\" content=\"2 minutos\" \/>\r\n<script type=\"application\/ld+json\" class=\"yoast-schema-graph\">{\"@context\":\"https:\\\/\\\/schema.org\",\"@graph\":[{\"@type\":[\"Article\",\"SocialMediaPosting\"],\"@id\":\"https:\\\/\\\/www.duerodeporte.com\\\/index.php\\\/archivos\\\/5623#article\",\"isPartOf\":{\"@id\":\"https:\\\/\\\/www.duerodeporte.com\\\/index.php\\\/archivos\\\/5623\"},\"author\":{\"name\":\"Diego A. Mart\u00edn\",\"@id\":\"https:\\\/\\\/www.duerodeporte.com\\\/#\\\/schema\\\/person\\\/5f3368966f635b5ae0d23ffaf7a7f894\"},\"headline\":\"Paula Bartolom\u00e9 e Ismael Andr\u00e9s afrontan el Campeonato de Espa\u00f1a\",\"datePublished\":\"2024-08-27T09:00:39+00:00\",\"dateModified\":\"2024-08-28T09:36:30+00:00\",\"mainEntityOfPage\":{\"@id\":\"https:\\\/\\\/www.duerodeporte.com\\\/index.php\\\/archivos\\\/5623\"},\"wordCount\":249,\"commentCount\":0,\"publisher\":{\"@id\":\"https:\\\/\\\/www.duerodeporte.com\\\/#organization\"},\"image\":{\"@id\":\"https:\\\/\\\/www.duerodeporte.com\\\/index.php\\\/archivos\\\/5623#primaryimage\"},\"thumbnailUrl\":\"https:\\\/\\\/www.duerodeporte.com\\\/wp-content\\\/uploads\\\/2024\\\/08\\\/WhatsApp-Image-2024-08-27-at-18.52.26-e1724778289277.jpeg\",\"articleSection\":[\"P\u00c1DEL\",\"z_PORTADA\"],\"inLanguage\":\"es\",\"potentialAction\":[{\"@type\":\"CommentAction\",\"name\":\"Comment\",\"target\":[\"https:\\\/\\\/www.duerodeporte.com\\\/index.php\\\/archivos\\\/5623#respond\"]}]},{\"@type\":[\"WebPage\",\"ItemPage\"],\"@id\":\"https:\\\/\\\/www.duerodeporte.com\\\/index.php\\\/archivos\\\/5623\",\"url\":\"https:\\\/\\\/www.duerodeporte.com\\\/index.php\\\/archivos\\\/5623\",\"name\":\"Paula Bartolom\u00e9 e Ismael Andr\u00e9s afrontan el Campeonato de Espa\u00f1a\",\"isPartOf\":{\"@id\":\"https:\\\/\\\/www.duerodeporte.com\\\/#website\"},\"primaryImageOfPage\":{\"@id\":\"https:\\\/\\\/www.duerodeporte.com\\\/index.php\\\/archivos\\\/5623#primaryimage\"},\"image\":{\"@id\":\"https:\\\/\\\/www.duerodeporte.com\\\/index.php\\\/archivos\\\/5623#primaryimage\"},\"thumbnailUrl\":\"https:\\\/\\\/www.duerodeporte.com\\\/wp-content\\\/uploads\\\/2024\\\/08\\\/WhatsApp-Image-2024-08-27-at-18.52.26-e1724778289277.jpeg\",\"datePublished\":\"2024-08-27T09:00:39+00:00\",\"dateModified\":\"2024-08-28T09:36:30+00:00\",\"description\":\"El Deporte de Aranda y las tierras del Duero\",\"breadcrumb\":{\"@id\":\"https:\\\/\\\/www.duerodeporte.com\\\/index.php\\\/archivos\\\/5623#breadcrumb\"},\"inLanguage\":\"es\",\"potentialAction\":[{\"@type\":\"ReadAction\",\"target\":[\"https:\\\/\\\/www.duerodeporte.com\\\/index.php\\\/archivos\\\/5623\"]}]},{\"@type\":\"ImageObject\",\"inLanguage\":\"es\",\"@id\":\"https:\\\/\\\/www.duerodeporte.com\\\/index.php\\\/archivos\\\/5623#primaryimage\",\"url\":\"https:\\\/\\\/www.duerodeporte.com\\\/wp-content\\\/uploads\\\/2024\\\/08\\\/WhatsApp-Image-2024-08-27-at-18.52.26-e1724778289277.jpeg\",\"contentUrl\":\"https:\\\/\\\/www.duerodeporte.com\\\/wp-content\\\/uploads\\\/2024\\\/08\\\/WhatsApp-Image-2024-08-27-at-18.52.26-e1724778289277.jpeg\",\"width\":968,\"height\":527,\"caption\":\"Paula Bartolom\u00e9 e Ismael Andr\u00e9s participan en el Campeonato de Espa\u00f1a Menores de P\u00e1del. \\\/ duerodeporte.com\"},{\"@type\":\"BreadcrumbList\",\"@id\":\"https:\\\/\\\/www.duerodeporte.com\\\/index.php\\\/archivos\\\/5623#breadcrumb\",\"itemListElement\":[{\"@type\":\"ListItem\",\"position\":1,\"name\":\"Portada\",\"item\":\"https:\\\/\\\/www.duerodeporte.com\\\/\"},{\"@type\":\"ListItem\",\"position\":2,\"name\":\"Paula Bartolom\u00e9 e Ismael Andr\u00e9s afrontan el Campeonato de Espa\u00f1a\"}]},{\"@type\":\"WebSite\",\"@id\":\"https:\\\/\\\/www.duerodeporte.com\\\/#website\",\"url\":\"https:\\\/\\\/www.duerodeporte.com\\\/\",\"name\":\"Duero Deporte\",\"description\":\"El Deporte de Aranda y las tierras del Duero\",\"publisher\":{\"@id\":\"https:\\\/\\\/www.duerodeporte.com\\\/#organization\"},\"alternateName\":\"El Deporte de Aranda y las tierras del Duero\",\"potentialAction\":[{\"@type\":\"SearchAction\",\"target\":{\"@type\":\"EntryPoint\",\"urlTemplate\":\"https:\\\/\\\/www.duerodeporte.com\\\/?s={search_term_string}\"},\"query-input\":{\"@type\":\"PropertyValueSpecification\",\"valueRequired\":true,\"valueName\":\"search_term_string\"}}],\"inLanguage\":\"es\"},{\"@type\":\"Organization\",\"@id\":\"https:\\\/\\\/www.duerodeporte.com\\\/#organization\",\"name\":\"Duero Deporte\",\"alternateName\":\"El Deporte de Aranda y las tierras del Duero\",\"url\":\"https:\\\/\\\/www.duerodeporte.com\\\/\",\"logo\":{\"@type\":\"ImageObject\",\"inLanguage\":\"es\",\"@id\":\"https:\\\/\\\/www.duerodeporte.com\\\/#\\\/schema\\\/logo\\\/image\\\/\",\"url\":\"https:\\\/\\\/www.duerodeporte.com\\\/wp-content\\\/uploads\\\/2023\\\/11\\\/A.ColorSinFondo-e1708011627555.png\",\"contentUrl\":\"https:\\\/\\\/www.duerodeporte.com\\\/wp-content\\\/uploads\\\/2023\\\/11\\\/A.ColorSinFondo-e1708011627555.png\",\"width\":750,\"height\":132,\"caption\":\"Duero Deporte\"},\"image\":{\"@id\":\"https:\\\/\\\/www.duerodeporte.com\\\/#\\\/schema\\\/logo\\\/image\\\/\"},\"sameAs\":[\"https:\\\/\\\/www.facebook.com\\\/61555928375028\",\"https:\\\/\\\/x.com\\\/Diegoamartin13\",\"https:\\\/\\\/www.youtube.com\\\/channel\\\/UCxIGQL8b9gmW-NjaChabCdA\"]},{\"@type\":\"Person\",\"@id\":\"https:\\\/\\\/www.duerodeporte.com\\\/#\\\/schema\\\/person\\\/5f3368966f635b5ae0d23ffaf7a7f894\",\"name\":\"Diego A. Mart\u00edn\",\"image\":{\"@type\":\"ImageObject\",\"inLanguage\":\"es\",\"@id\":\"https:\\\/\\\/www.duerodeporte.com\\\/wp-content\\\/uploads\\\/2024\\\/01\\\/Diego2-e1706522808572-150x150.jpeg\",\"url\":\"https:\\\/\\\/www.duerodeporte.com\\\/wp-content\\\/uploads\\\/2024\\\/01\\\/Diego2-e1706522808572-150x150.jpeg\",\"contentUrl\":\"https:\\\/\\\/www.duerodeporte.com\\\/wp-content\\\/uploads\\\/2024\\\/01\\\/Diego2-e1706522808572-150x150.jpeg\",\"caption\":\"Diego A. Mart\u00edn\"},\"url\":\"https:\\\/\\\/www.duerodeporte.com\\\/index.php\\\/archivos\\\/author\\\/diego\"}]}<\/script>\r\n<!-- \/ Yoast SEO plugin. -->","yoast_head_json":{"title":"Paula Bartolom\u00e9 e Ismael Andr\u00e9s afrontan el Campeonato de Espa\u00f1a","description":"El Deporte de Aranda y las tierras del Duero","robots":{"index":"index","follow":"follow","max-snippet":"max-snippet:-1","max-image-preview":"max-image-preview:large","max-video-preview":"max-video-preview:-1"},"canonical":"https:\/\/www.duerodeporte.com\/index.php\/archivos\/5623","og_locale":"es_ES","og_type":"article","og_title":"Paula Bartolom\u00e9 e Ismael Andr\u00e9s afrontan el Campeonato de Espa\u00f1a","og_description":"El Deporte de Aranda y las tierras del Duero","og_url":"https:\/\/www.duerodeporte.com\/index.php\/archivos\/5623","og_site_name":"Duero Deporte","article_publisher":"https:\/\/www.facebook.com\/61555928375028","article_published_time":"2024-08-27T09:00:39+00:00","article_modified_time":"2024-08-28T09:36:30+00:00","og_image":[{"width":968,"height":527,"url":"https:\/\/www.duerodeporte.com\/wp-content\/uploads\/2024\/08\/WhatsApp-Image-2024-08-27-at-18.52.26-e1724778289277.jpeg","type":"image\/jpeg"}],"author":"Diego A. Mart\u00edn","twitter_card":"summary_large_image","twitter_creator":"@Diegoamartin13","twitter_site":"@Diegoamartin13","twitter_misc":{"Escrito por":"Diego A. Mart\u00edn","Tiempo de lectura":"2 minutos"},"schema":{"@context":"https:\/\/schema.org","@graph":[{"@type":["Article","SocialMediaPosting"],"@id":"https:\/\/www.duerodeporte.com\/index.php\/archivos\/5623#article","isPartOf":{"@id":"https:\/\/www.duerodeporte.com\/index.php\/archivos\/5623"},"author":{"name":"Diego A. Mart\u00edn","@id":"https:\/\/www.duerodeporte.com\/#\/schema\/person\/5f3368966f635b5ae0d23ffaf7a7f894"},"headline":"Paula Bartolom\u00e9 e Ismael Andr\u00e9s afrontan el Campeonato de Espa\u00f1a","datePublished":"2024-08-27T09:00:39+00:00","dateModified":"2024-08-28T09:36:30+00:00","mainEntityOfPage":{"@id":"https:\/\/www.duerodeporte.com\/index.php\/archivos\/5623"},"wordCount":249,"commentCount":0,"publisher":{"@id":"https:\/\/www.duerodeporte.com\/#organization"},"image":{"@id":"https:\/\/www.duerodeporte.com\/index.php\/archivos\/5623#primaryimage"},"thumbnailUrl":"https:\/\/www.duerodeporte.com\/wp-content\/uploads\/2024\/08\/WhatsApp-Image-2024-08-27-at-18.52.26-e1724778289277.jpeg","articleSection":["P\u00c1DEL","z_PORTADA"],"inLanguage":"es","potentialAction":[{"@type":"CommentAction","name":"Comment","target":["https:\/\/www.duerodeporte.com\/index.php\/archivos\/5623#respond"]}]},{"@type":["WebPage","ItemPage"],"@id":"https:\/\/www.duerodeporte.com\/index.php\/archivos\/5623","url":"https:\/\/www.duerodeporte.com\/index.php\/archivos\/5623","name":"Paula Bartolom\u00e9 e Ismael Andr\u00e9s afrontan el Campeonato de Espa\u00f1a","isPartOf":{"@id":"https:\/\/www.duerodeporte.com\/#website"},"primaryImageOfPage":{"@id":"https:\/\/www.duerodeporte.com\/index.php\/archivos\/5623#primaryimage"},"image":{"@id":"https:\/\/www.duerodeporte.com\/index.php\/archivos\/5623#primaryimage"},"thumbnailUrl":"https:\/\/www.duerodeporte.com\/wp-content\/uploads\/2024\/08\/WhatsApp-Image-2024-08-27-at-18.52.26-e1724778289277.jpeg","datePublished":"2024-08-27T09:00:39+00:00","dateModified":"2024-08-28T09:36:30+00:00","description":"El Deporte de Aranda y las tierras del Duero","breadcrumb":{"@id":"https:\/\/www.duerodeporte.com\/index.php\/archivos\/5623#breadcrumb"},"inLanguage":"es","potentialAction":[{"@type":"ReadAction","target":["https:\/\/www.duerodeporte.com\/index.php\/archivos\/5623"]}]},{"@type":"ImageObject","inLanguage":"es","@id":"https:\/\/www.duerodeporte.com\/index.php\/archivos\/5623#primaryimage","url":"https:\/\/www.duerodeporte.com\/wp-content\/uploads\/2024\/08\/WhatsApp-Image-2024-08-27-at-18.52.26-e1724778289277.jpeg","contentUrl":"https:\/\/www.duerodeporte.com\/wp-content\/uploads\/2024\/08\/WhatsApp-Image-2024-08-27-at-18.52.26-e1724778289277.jpeg","width":968,"height":527,"caption":"Paula Bartolom\u00e9 e Ismael Andr\u00e9s participan en el Campeonato de Espa\u00f1a Menores de P\u00e1del. \/ duerodeporte.com"},{"@type":"BreadcrumbList","@id":"https:\/\/www.duerodeporte.com\/index.php\/archivos\/5623#breadcrumb","itemListElement":[{"@type":"ListItem","position":1,"name":"Portada","item":"https:\/\/www.duerodeporte.com\/"},{"@type":"ListItem","position":2,"name":"Paula Bartolom\u00e9 e Ismael Andr\u00e9s afrontan el Campeonato de Espa\u00f1a"}]},{"@type":"WebSite","@id":"https:\/\/www.duerodeporte.com\/#website","url":"https:\/\/www.duerodeporte.com\/","name":"Duero Deporte","description":"El Deporte de Aranda y las tierras del Duero","publisher":{"@id":"https:\/\/www.duerodeporte.com\/#organization"},"alternateName":"El Deporte de Aranda y las tierras del Duero","potentialAction":[{"@type":"SearchAction","target":{"@type":"EntryPoint","urlTemplate":"https:\/\/www.duerodeporte.com\/?s={search_term_string}"},"query-input":{"@type":"PropertyValueSpecification","valueRequired":true,"valueName":"search_term_string"}}],"inLanguage":"es"},{"@type":"Organization","@id":"https:\/\/www.duerodeporte.com\/#organization","name":"Duero Deporte","alternateName":"El Deporte de Aranda y las tierras del Duero","url":"https:\/\/www.duerodeporte.com\/","logo":{"@type":"ImageObject","inLanguage":"es","@id":"https:\/\/www.duerodeporte.com\/#\/schema\/logo\/image\/","url":"https:\/\/www.duerodeporte.com\/wp-content\/uploads\/2023\/11\/A.ColorSinFondo-e1708011627555.png","contentUrl":"https:\/\/www.duerodeporte.com\/wp-content\/uploads\/2023\/11\/A.ColorSinFondo-e1708011627555.png","width":750,"height":132,"caption":"Duero Deporte"},"image":{"@id":"https:\/\/www.duerodeporte.com\/#\/schema\/logo\/image\/"},"sameAs":["https:\/\/www.facebook.com\/61555928375028","https:\/\/x.com\/Diegoamartin13","https:\/\/www.youtube.com\/channel\/UCxIGQL8b9gmW-NjaChabCdA"]},{"@type":"Person","@id":"https:\/\/www.duerodeporte.com\/#\/schema\/person\/5f3368966f635b5ae0d23ffaf7a7f894","name":"Diego A. Mart\u00edn","image":{"@type":"ImageObject","inLanguage":"es","@id":"https:\/\/www.duerodeporte.com\/wp-content\/uploads\/2024\/01\/Diego2-e1706522808572-150x150.jpeg","url":"https:\/\/www.duerodeporte.com\/wp-content\/uploads\/2024\/01\/Diego2-e1706522808572-150x150.jpeg","contentUrl":"https:\/\/www.duerodeporte.com\/wp-content\/uploads\/2024\/01\/Diego2-e1706522808572-150x150.jpeg","caption":"Diego A. Mart\u00edn"},"url":"https:\/\/www.duerodeporte.com\/index.php\/archivos\/author\/diego"}]}},"views":1325,"_links":{"self":[{"href":"https:\/\/www.duerodeporte.com\/index.php\/wp-json\/wp\/v2\/posts\/5623","targetHints":{"allow":["GET"]}}],"collection":[{"href":"https:\/\/www.duerodeporte.com\/index.php\/wp-json\/wp\/v2\/posts"}],"about":[{"href":"https:\/\/www.duerodeporte.com\/index.php\/wp-json\/wp\/v2\/types\/post"}],"author":[{"embeddable":true,"href":"https:\/\/www.duerodeporte.com\/index.php\/wp-json\/wp\/v2\/users\/3"}],"replies":[{"embeddable":true,"href":"https:\/\/www.duerodeporte.com\/index.php\/wp-json\/wp\/v2\/comments?post=5623"}],"version-history":[{"count":11,"href":"https:\/\/www.duerodeporte.com\/index.php\/wp-json\/wp\/v2\/posts\/5623\/revisions"}],"predecessor-version":[{"id":5639,"href":"https:\/\/www.duerodeporte.com\/index.php\/wp-json\/wp\/v2\/posts\/5623\/revisions\/5639"}],"wp:featuredmedia":[{"embeddable":true,"href":"https:\/\/www.duerodeporte.com\/index.php\/wp-json\/wp\/v2\/media\/5636"}],"wp:attachment":[{"href":"https:\/\/www.duerodeporte.com\/index.php\/wp-json\/wp\/v2\/media?parent=5623"}],"wp:term":[{"taxonomy":"category","embeddable":true,"href":"https:\/\/www.duerodeporte.com\/index.php\/wp-json\/wp\/v2\/categories?post=5623"},{"taxonomy":"post_tag","embeddable":true,"href":"https:\/\/www.duerodeporte.com\/index.php\/wp-json\/wp\/v2\/tags?post=5623"}],"curies":[{"name":"wp","href":"https:\/\/api.w.org\/{rel}","templated":true}]}}