{"id":6799,"date":"2024-10-17T12:39:32","date_gmt":"2024-10-17T11:39:32","guid":{"rendered":"https:\/\/www.duerodeporte.com\/?p=6799"},"modified":"2024-10-17T13:04:41","modified_gmt":"2024-10-17T12:04:41","slug":"el-kickboxing-aranda-participa-en-el-gran-open-fighter-de-avila","status":"publish","type":"post","link":"https:\/\/www.duerodeporte.com\/index.php\/archivos\/6799","title":{"rendered":"El Kickboxing Aranda participa en el Gran Open Fighter de \u00c1vila"},"content":{"rendered":"\n<h2 class=\"wp-block-heading\">Un total de siete integrantes del club de las tierras del Duero tomar\u00e1n parte en las disciplinas de kick light, low kick y light contact en el certamen que congregar\u00e1 a varios centenares de luchadores de todo el pa\u00eds en la capital abulenses este s\u00e1bado<\/h2>\n\n\n\n<p>Arranca la temporada para el <strong>Kickboxing Aranda<\/strong>. El club de artes marciales de las tierras del Duero entrenado por <strong><a href=\"https:\/\/www.instagram.com\/raulrubioalonso\/?hl=es\">Ra\u00fal Rubio Alonso<\/a><\/strong> participa este fin de semana en el <strong>Gran Open Fighter <\/strong>de \u00c1vila.<\/p>\n\n\n\n<figure class=\"wp-block-image size-large\"><a href=\"https:\/\/whatsapp.com\/channel\/0029VaKr9Jr5kg76tHjXkZ2b\"><img loading=\"lazy\" decoding=\"async\" width=\"1024\" height=\"80\" src=\"https:\/\/www.duerodeporte.com\/wp-content\/uploads\/2024\/06\/2-2-1024x80.png\" alt=\"\" class=\"wp-image-3887\" srcset=\"https:\/\/www.duerodeporte.com\/wp-content\/uploads\/2024\/06\/2-2-1024x80.png 1024w, https:\/\/www.duerodeporte.com\/wp-content\/uploads\/2024\/06\/2-2-300x23.png 300w, https:\/\/www.duerodeporte.com\/wp-content\/uploads\/2024\/06\/2-2-768x60.png 768w, https:\/\/www.duerodeporte.com\/wp-content\/uploads\/2024\/06\/2-2-1536x120.png 1536w, https:\/\/www.duerodeporte.com\/wp-content\/uploads\/2024\/06\/2-2-696x54.png 696w, https:\/\/www.duerodeporte.com\/wp-content\/uploads\/2024\/06\/2-2-1068x83.png 1068w, https:\/\/www.duerodeporte.com\/wp-content\/uploads\/2024\/06\/2-2.png 1920w\" sizes=\"auto, (max-width: 1024px) 100vw, 1024px\" \/><\/a><\/figure>\n\n\n\n<p>La cita organizada por el <strong>Club Deportivo \u00c1vila Martial Arts Fighters<\/strong>, en colaboraci\u00f3n del Ayuntamiento de \u00c1vila, contar\u00e1 con la presencia de varios centenares de <strong>luchadores de todo el pa\u00eds<\/strong>.<\/p>\n\n\n\n<p>Un evento multitudinario, y arraigado ya en el calendario de pruebas nacionales, hasta que el que se desplazar\u00e1n un total de <strong>siete representantes del Kickboxing Aranda para participar en tres modalidades diferentes<\/strong>.<\/p>\n\n\n\n<p>En kicklight tomar\u00e1n parte: <strong>Nehemias Delcid<\/strong> (-55 kg) <strong>Zeus Laguna<\/strong> (-64 kg) <strong>David Mihai<\/strong> (-70 kg) <strong>Yahya Ouahab<\/strong>i (-80 kg) <strong>Oscar del Pozo <\/strong>(-80 kg)<\/p>\n\n\n\n<p>Mientras, en lowkick participar\u00e1n: <strong>Mario Crespo<\/strong> (-64 kg) y <strong>Pablo Ismael Hernando<\/strong> (-71 kg)<\/p>\n\n\n\n<p>Adem\u00e1s, <strong>Zeus Laguna<\/strong> doblar\u00e1 con su presencia en la categor\u00eda de -64  kg en Lightcontac.<\/p>\n\n\n\n<h2 class=\"wp-block-heading\">Con el objetivo de seguir creciendo<\/h2>\n\n\n\n<p>Ser\u00e1 una gran oportunidad para iniciar esta nueva etapa del Kickboxing Aranda que hace unas jornadas abr\u00eda sus puertas en <strong><a href=\"https:\/\/www.instagram.com\/colliseum_gym\/?hl=es\">Colliseum Gym<\/a><\/strong> de la capital de las tierras del Duero para fomentar su actividad desde las m\u00e1s tempranas edades, como ya public\u00f3 DUERO Deporte a trav\u00e9s de sus redes sociales.<\/p>\n\n\n\n<figure class=\"wp-block-embed is-type-rich is-provider-twitter wp-block-embed-twitter\"><div class=\"wp-block-embed__wrapper\">\n<blockquote class=\"twitter-tweet\" data-width=\"550\" data-dnt=\"true\"><p lang=\"es\" dir=\"ltr\">\ud83d\udfe0 KICK BOXING<br><br>\ud83e\udd4a Gimnasio Coliseum organiza Jornadas de Deportes de Contacto durante este fin de semana<br><br>\u27a1\ufe0f Los miembros de Club Kick Boxing Aranda Ra\u00fal Rubio y Juan Pedro Sanz imparte las clases<br><br>\ud83c\udfa6 <a href=\"https:\/\/t.co\/QxLvd9klfJ\">https:\/\/t.co\/QxLvd9klfJ<\/a> <a href=\"https:\/\/t.co\/V3CNGjZCBK\">pic.twitter.com\/V3CNGjZCBK<\/a><\/p>&mdash; Diego A. Mart\u00edn (@Diegoamartin13) <a href=\"https:\/\/twitter.com\/Diegoamartin13\/status\/1839987002600526179?ref_src=twsrc%5Etfw\">September 28, 2024<\/a><\/blockquote><script async src=\"https:\/\/platform.twitter.com\/widgets.js\" charset=\"utf-8\"><\/script>\n<\/div><figcaption class=\"wp-element-caption\"><strong><a href=\"https:\/\/x.com\/Diegoamartin13\">@Diegoamartin13<\/a><\/strong><\/figcaption><\/figure>\n","protected":false},"excerpt":{"rendered":"<p>Un total de siete integrantes del club de las tierras del Duero tomar\u00e1n parte en las disciplinas de kick light, low kick y light contact en el certamen que congregar\u00e1 [&hellip;]<\/p>\n","protected":false},"author":3,"featured_media":6802,"comment_status":"open","ping_status":"open","sticky":false,"template":"","format":"standard","meta":{"footnotes":""},"categories":[49,15],"tags":[43,630,631],"class_list":["post-6799","post","type-post","status-publish","format-standard","has-post-thumbnail","category-mas_deporte","category-portada","tag-aranda-de-duero","tag-avila","tag-kickboxing-aranda"],"yoast_head":"<!-- This site is optimized with the Yoast SEO plugin v27.5 - https:\/\/yoast.com\/product\/yoast-seo-wordpress\/ -->\r\n<title>El Kickboxing Aranda participa en el Gran Open Fighter de \u00c1vila<\/title>\r\n<meta name=\"description\" content=\"El Deporte de Aranda y las tierras del Duero\" \/>\r\n<meta name=\"robots\" content=\"index, follow, max-snippet:-1, max-image-preview:large, max-video-preview:-1\" \/>\r\n<link rel=\"canonical\" href=\"https:\/\/www.duerodeporte.com\/index.php\/archivos\/6799\" \/>\r\n<meta property=\"og:locale\" content=\"es_ES\" \/>\r\n<meta property=\"og:type\" content=\"article\" \/>\r\n<meta property=\"og:title\" content=\"El Kickboxing Aranda participa en el Gran Open Fighter de \u00c1vila\" \/>\r\n<meta property=\"og:description\" content=\"El Deporte de Aranda y las tierras del Duero\" \/>\r\n<meta property=\"og:url\" content=\"https:\/\/www.duerodeporte.com\/index.php\/archivos\/6799\" \/>\r\n<meta property=\"og:site_name\" content=\"Duero Deporte\" \/>\r\n<meta property=\"article:publisher\" content=\"https:\/\/www.facebook.com\/61555928375028\" \/>\r\n<meta property=\"article:published_time\" content=\"2024-10-17T11:39:32+00:00\" \/>\r\n<meta property=\"article:modified_time\" content=\"2024-10-17T12:04:41+00:00\" \/>\r\n<meta property=\"og:image\" content=\"https:\/\/www.duerodeporte.com\/wp-content\/uploads\/2024\/10\/WhatsApp-Image-2024-10-16-at-15.56.34-e1729165651991.jpeg\" \/>\r\n\t<meta property=\"og:image:width\" content=\"1600\" \/>\r\n\t<meta property=\"og:image:height\" content=\"912\" \/>\r\n\t<meta property=\"og:image:type\" content=\"image\/jpeg\" \/>\r\n<meta name=\"author\" content=\"Diego A. Mart\u00edn\" \/>\r\n<meta name=\"twitter:card\" content=\"summary_large_image\" \/>\r\n<meta name=\"twitter:creator\" content=\"@Diegoamartin13\" \/>\r\n<meta name=\"twitter:site\" content=\"@Diegoamartin13\" \/>\r\n<meta name=\"twitter:label1\" content=\"Escrito por\" \/>\n\t<meta name=\"twitter:data1\" content=\"Diego A. Mart\u00edn\" \/>\n\t<meta name=\"twitter:label2\" content=\"Tiempo de lectura\" \/>\n\t<meta name=\"twitter:data2\" content=\"2 minutos\" \/>\r\n<script type=\"application\/ld+json\" class=\"yoast-schema-graph\">{\"@context\":\"https:\\\/\\\/schema.org\",\"@graph\":[{\"@type\":[\"Article\",\"SocialMediaPosting\"],\"@id\":\"https:\\\/\\\/www.duerodeporte.com\\\/index.php\\\/archivos\\\/6799#article\",\"isPartOf\":{\"@id\":\"https:\\\/\\\/www.duerodeporte.com\\\/index.php\\\/archivos\\\/6799\"},\"author\":{\"name\":\"Diego A. Mart\u00edn\",\"@id\":\"https:\\\/\\\/www.duerodeporte.com\\\/#\\\/schema\\\/person\\\/5f3368966f635b5ae0d23ffaf7a7f894\"},\"headline\":\"El Kickboxing Aranda participa en el Gran Open Fighter de \u00c1vila\",\"datePublished\":\"2024-10-17T11:39:32+00:00\",\"dateModified\":\"2024-10-17T12:04:41+00:00\",\"mainEntityOfPage\":{\"@id\":\"https:\\\/\\\/www.duerodeporte.com\\\/index.php\\\/archivos\\\/6799\"},\"wordCount\":282,\"commentCount\":0,\"publisher\":{\"@id\":\"https:\\\/\\\/www.duerodeporte.com\\\/#organization\"},\"image\":{\"@id\":\"https:\\\/\\\/www.duerodeporte.com\\\/index.php\\\/archivos\\\/6799#primaryimage\"},\"thumbnailUrl\":\"https:\\\/\\\/www.duerodeporte.com\\\/wp-content\\\/uploads\\\/2024\\\/10\\\/WhatsApp-Image-2024-10-16-at-15.56.34-e1729165651991.jpeg\",\"keywords\":[\"aranda de duero\",\"\u00c1vila\",\"Kickboxing Aranda\"],\"articleSection\":[\"MAS DEPORTE\",\"z_PORTADA\"],\"inLanguage\":\"es\",\"potentialAction\":[{\"@type\":\"CommentAction\",\"name\":\"Comment\",\"target\":[\"https:\\\/\\\/www.duerodeporte.com\\\/index.php\\\/archivos\\\/6799#respond\"]}]},{\"@type\":[\"WebPage\",\"ItemPage\"],\"@id\":\"https:\\\/\\\/www.duerodeporte.com\\\/index.php\\\/archivos\\\/6799\",\"url\":\"https:\\\/\\\/www.duerodeporte.com\\\/index.php\\\/archivos\\\/6799\",\"name\":\"El Kickboxing Aranda participa en el Gran Open Fighter de \u00c1vila\",\"isPartOf\":{\"@id\":\"https:\\\/\\\/www.duerodeporte.com\\\/#website\"},\"primaryImageOfPage\":{\"@id\":\"https:\\\/\\\/www.duerodeporte.com\\\/index.php\\\/archivos\\\/6799#primaryimage\"},\"image\":{\"@id\":\"https:\\\/\\\/www.duerodeporte.com\\\/index.php\\\/archivos\\\/6799#primaryimage\"},\"thumbnailUrl\":\"https:\\\/\\\/www.duerodeporte.com\\\/wp-content\\\/uploads\\\/2024\\\/10\\\/WhatsApp-Image-2024-10-16-at-15.56.34-e1729165651991.jpeg\",\"datePublished\":\"2024-10-17T11:39:32+00:00\",\"dateModified\":\"2024-10-17T12:04:41+00:00\",\"description\":\"El Deporte de Aranda y las tierras del Duero\",\"breadcrumb\":{\"@id\":\"https:\\\/\\\/www.duerodeporte.com\\\/index.php\\\/archivos\\\/6799#breadcrumb\"},\"inLanguage\":\"es\",\"potentialAction\":[{\"@type\":\"ReadAction\",\"target\":[\"https:\\\/\\\/www.duerodeporte.com\\\/index.php\\\/archivos\\\/6799\"]}]},{\"@type\":\"ImageObject\",\"inLanguage\":\"es\",\"@id\":\"https:\\\/\\\/www.duerodeporte.com\\\/index.php\\\/archivos\\\/6799#primaryimage\",\"url\":\"https:\\\/\\\/www.duerodeporte.com\\\/wp-content\\\/uploads\\\/2024\\\/10\\\/WhatsApp-Image-2024-10-16-at-15.56.34-e1729165651991.jpeg\",\"contentUrl\":\"https:\\\/\\\/www.duerodeporte.com\\\/wp-content\\\/uploads\\\/2024\\\/10\\\/WhatsApp-Image-2024-10-16-at-15.56.34-e1729165651991.jpeg\",\"width\":1600,\"height\":912,\"caption\":\"Los integrantes del Kickboxing Aranda en las instalaciones de Colliseum Gym. \\\/ duerodeporte.com\"},{\"@type\":\"BreadcrumbList\",\"@id\":\"https:\\\/\\\/www.duerodeporte.com\\\/index.php\\\/archivos\\\/6799#breadcrumb\",\"itemListElement\":[{\"@type\":\"ListItem\",\"position\":1,\"name\":\"Portada\",\"item\":\"https:\\\/\\\/www.duerodeporte.com\\\/\"},{\"@type\":\"ListItem\",\"position\":2,\"name\":\"El Kickboxing Aranda participa en el Gran Open Fighter de \u00c1vila\"}]},{\"@type\":\"WebSite\",\"@id\":\"https:\\\/\\\/www.duerodeporte.com\\\/#website\",\"url\":\"https:\\\/\\\/www.duerodeporte.com\\\/\",\"name\":\"Duero Deporte\",\"description\":\"El Deporte de Aranda y las tierras del Duero\",\"publisher\":{\"@id\":\"https:\\\/\\\/www.duerodeporte.com\\\/#organization\"},\"alternateName\":\"El Deporte de Aranda y las tierras del Duero\",\"potentialAction\":[{\"@type\":\"SearchAction\",\"target\":{\"@type\":\"EntryPoint\",\"urlTemplate\":\"https:\\\/\\\/www.duerodeporte.com\\\/?s={search_term_string}\"},\"query-input\":{\"@type\":\"PropertyValueSpecification\",\"valueRequired\":true,\"valueName\":\"search_term_string\"}}],\"inLanguage\":\"es\"},{\"@type\":\"Organization\",\"@id\":\"https:\\\/\\\/www.duerodeporte.com\\\/#organization\",\"name\":\"Duero Deporte\",\"alternateName\":\"El Deporte de Aranda y las tierras del Duero\",\"url\":\"https:\\\/\\\/www.duerodeporte.com\\\/\",\"logo\":{\"@type\":\"ImageObject\",\"inLanguage\":\"es\",\"@id\":\"https:\\\/\\\/www.duerodeporte.com\\\/#\\\/schema\\\/logo\\\/image\\\/\",\"url\":\"https:\\\/\\\/www.duerodeporte.com\\\/wp-content\\\/uploads\\\/2023\\\/11\\\/A.ColorSinFondo-e1708011627555.png\",\"contentUrl\":\"https:\\\/\\\/www.duerodeporte.com\\\/wp-content\\\/uploads\\\/2023\\\/11\\\/A.ColorSinFondo-e1708011627555.png\",\"width\":750,\"height\":132,\"caption\":\"Duero Deporte\"},\"image\":{\"@id\":\"https:\\\/\\\/www.duerodeporte.com\\\/#\\\/schema\\\/logo\\\/image\\\/\"},\"sameAs\":[\"https:\\\/\\\/www.facebook.com\\\/61555928375028\",\"https:\\\/\\\/x.com\\\/Diegoamartin13\",\"https:\\\/\\\/www.youtube.com\\\/channel\\\/UCxIGQL8b9gmW-NjaChabCdA\"]},{\"@type\":\"Person\",\"@id\":\"https:\\\/\\\/www.duerodeporte.com\\\/#\\\/schema\\\/person\\\/5f3368966f635b5ae0d23ffaf7a7f894\",\"name\":\"Diego A. Mart\u00edn\",\"image\":{\"@type\":\"ImageObject\",\"inLanguage\":\"es\",\"@id\":\"https:\\\/\\\/www.duerodeporte.com\\\/wp-content\\\/uploads\\\/2024\\\/01\\\/Diego2-e1706522808572-150x150.jpeg\",\"url\":\"https:\\\/\\\/www.duerodeporte.com\\\/wp-content\\\/uploads\\\/2024\\\/01\\\/Diego2-e1706522808572-150x150.jpeg\",\"contentUrl\":\"https:\\\/\\\/www.duerodeporte.com\\\/wp-content\\\/uploads\\\/2024\\\/01\\\/Diego2-e1706522808572-150x150.jpeg\",\"caption\":\"Diego A. Mart\u00edn\"},\"url\":\"https:\\\/\\\/www.duerodeporte.com\\\/index.php\\\/archivos\\\/author\\\/diego\"}]}<\/script>\r\n<!-- \/ Yoast SEO plugin. -->","yoast_head_json":{"title":"El Kickboxing Aranda participa en el Gran Open Fighter de \u00c1vila","description":"El Deporte de Aranda y las tierras del Duero","robots":{"index":"index","follow":"follow","max-snippet":"max-snippet:-1","max-image-preview":"max-image-preview:large","max-video-preview":"max-video-preview:-1"},"canonical":"https:\/\/www.duerodeporte.com\/index.php\/archivos\/6799","og_locale":"es_ES","og_type":"article","og_title":"El Kickboxing Aranda participa en el Gran Open Fighter de \u00c1vila","og_description":"El Deporte de Aranda y las tierras del Duero","og_url":"https:\/\/www.duerodeporte.com\/index.php\/archivos\/6799","og_site_name":"Duero Deporte","article_publisher":"https:\/\/www.facebook.com\/61555928375028","article_published_time":"2024-10-17T11:39:32+00:00","article_modified_time":"2024-10-17T12:04:41+00:00","og_image":[{"width":1600,"height":912,"url":"https:\/\/www.duerodeporte.com\/wp-content\/uploads\/2024\/10\/WhatsApp-Image-2024-10-16-at-15.56.34-e1729165651991.jpeg","type":"image\/jpeg"}],"author":"Diego A. Mart\u00edn","twitter_card":"summary_large_image","twitter_creator":"@Diegoamartin13","twitter_site":"@Diegoamartin13","twitter_misc":{"Escrito por":"Diego A. Mart\u00edn","Tiempo de lectura":"2 minutos"},"schema":{"@context":"https:\/\/schema.org","@graph":[{"@type":["Article","SocialMediaPosting"],"@id":"https:\/\/www.duerodeporte.com\/index.php\/archivos\/6799#article","isPartOf":{"@id":"https:\/\/www.duerodeporte.com\/index.php\/archivos\/6799"},"author":{"name":"Diego A. Mart\u00edn","@id":"https:\/\/www.duerodeporte.com\/#\/schema\/person\/5f3368966f635b5ae0d23ffaf7a7f894"},"headline":"El Kickboxing Aranda participa en el Gran Open Fighter de \u00c1vila","datePublished":"2024-10-17T11:39:32+00:00","dateModified":"2024-10-17T12:04:41+00:00","mainEntityOfPage":{"@id":"https:\/\/www.duerodeporte.com\/index.php\/archivos\/6799"},"wordCount":282,"commentCount":0,"publisher":{"@id":"https:\/\/www.duerodeporte.com\/#organization"},"image":{"@id":"https:\/\/www.duerodeporte.com\/index.php\/archivos\/6799#primaryimage"},"thumbnailUrl":"https:\/\/www.duerodeporte.com\/wp-content\/uploads\/2024\/10\/WhatsApp-Image-2024-10-16-at-15.56.34-e1729165651991.jpeg","keywords":["aranda de duero","\u00c1vila","Kickboxing Aranda"],"articleSection":["MAS DEPORTE","z_PORTADA"],"inLanguage":"es","potentialAction":[{"@type":"CommentAction","name":"Comment","target":["https:\/\/www.duerodeporte.com\/index.php\/archivos\/6799#respond"]}]},{"@type":["WebPage","ItemPage"],"@id":"https:\/\/www.duerodeporte.com\/index.php\/archivos\/6799","url":"https:\/\/www.duerodeporte.com\/index.php\/archivos\/6799","name":"El Kickboxing Aranda participa en el Gran Open Fighter de \u00c1vila","isPartOf":{"@id":"https:\/\/www.duerodeporte.com\/#website"},"primaryImageOfPage":{"@id":"https:\/\/www.duerodeporte.com\/index.php\/archivos\/6799#primaryimage"},"image":{"@id":"https:\/\/www.duerodeporte.com\/index.php\/archivos\/6799#primaryimage"},"thumbnailUrl":"https:\/\/www.duerodeporte.com\/wp-content\/uploads\/2024\/10\/WhatsApp-Image-2024-10-16-at-15.56.34-e1729165651991.jpeg","datePublished":"2024-10-17T11:39:32+00:00","dateModified":"2024-10-17T12:04:41+00:00","description":"El Deporte de Aranda y las tierras del Duero","breadcrumb":{"@id":"https:\/\/www.duerodeporte.com\/index.php\/archivos\/6799#breadcrumb"},"inLanguage":"es","potentialAction":[{"@type":"ReadAction","target":["https:\/\/www.duerodeporte.com\/index.php\/archivos\/6799"]}]},{"@type":"ImageObject","inLanguage":"es","@id":"https:\/\/www.duerodeporte.com\/index.php\/archivos\/6799#primaryimage","url":"https:\/\/www.duerodeporte.com\/wp-content\/uploads\/2024\/10\/WhatsApp-Image-2024-10-16-at-15.56.34-e1729165651991.jpeg","contentUrl":"https:\/\/www.duerodeporte.com\/wp-content\/uploads\/2024\/10\/WhatsApp-Image-2024-10-16-at-15.56.34-e1729165651991.jpeg","width":1600,"height":912,"caption":"Los integrantes del Kickboxing Aranda en las instalaciones de Colliseum Gym. \/ duerodeporte.com"},{"@type":"BreadcrumbList","@id":"https:\/\/www.duerodeporte.com\/index.php\/archivos\/6799#breadcrumb","itemListElement":[{"@type":"ListItem","position":1,"name":"Portada","item":"https:\/\/www.duerodeporte.com\/"},{"@type":"ListItem","position":2,"name":"El Kickboxing Aranda participa en el Gran Open Fighter de \u00c1vila"}]},{"@type":"WebSite","@id":"https:\/\/www.duerodeporte.com\/#website","url":"https:\/\/www.duerodeporte.com\/","name":"Duero Deporte","description":"El Deporte de Aranda y las tierras del Duero","publisher":{"@id":"https:\/\/www.duerodeporte.com\/#organization"},"alternateName":"El Deporte de Aranda y las tierras del Duero","potentialAction":[{"@type":"SearchAction","target":{"@type":"EntryPoint","urlTemplate":"https:\/\/www.duerodeporte.com\/?s={search_term_string}"},"query-input":{"@type":"PropertyValueSpecification","valueRequired":true,"valueName":"search_term_string"}}],"inLanguage":"es"},{"@type":"Organization","@id":"https:\/\/www.duerodeporte.com\/#organization","name":"Duero Deporte","alternateName":"El Deporte de Aranda y las tierras del Duero","url":"https:\/\/www.duerodeporte.com\/","logo":{"@type":"ImageObject","inLanguage":"es","@id":"https:\/\/www.duerodeporte.com\/#\/schema\/logo\/image\/","url":"https:\/\/www.duerodeporte.com\/wp-content\/uploads\/2023\/11\/A.ColorSinFondo-e1708011627555.png","contentUrl":"https:\/\/www.duerodeporte.com\/wp-content\/uploads\/2023\/11\/A.ColorSinFondo-e1708011627555.png","width":750,"height":132,"caption":"Duero Deporte"},"image":{"@id":"https:\/\/www.duerodeporte.com\/#\/schema\/logo\/image\/"},"sameAs":["https:\/\/www.facebook.com\/61555928375028","https:\/\/x.com\/Diegoamartin13","https:\/\/www.youtube.com\/channel\/UCxIGQL8b9gmW-NjaChabCdA"]},{"@type":"Person","@id":"https:\/\/www.duerodeporte.com\/#\/schema\/person\/5f3368966f635b5ae0d23ffaf7a7f894","name":"Diego A. Mart\u00edn","image":{"@type":"ImageObject","inLanguage":"es","@id":"https:\/\/www.duerodeporte.com\/wp-content\/uploads\/2024\/01\/Diego2-e1706522808572-150x150.jpeg","url":"https:\/\/www.duerodeporte.com\/wp-content\/uploads\/2024\/01\/Diego2-e1706522808572-150x150.jpeg","contentUrl":"https:\/\/www.duerodeporte.com\/wp-content\/uploads\/2024\/01\/Diego2-e1706522808572-150x150.jpeg","caption":"Diego A. Mart\u00edn"},"url":"https:\/\/www.duerodeporte.com\/index.php\/archivos\/author\/diego"}]}},"views":1344,"_links":{"self":[{"href":"https:\/\/www.duerodeporte.com\/index.php\/wp-json\/wp\/v2\/posts\/6799","targetHints":{"allow":["GET"]}}],"collection":[{"href":"https:\/\/www.duerodeporte.com\/index.php\/wp-json\/wp\/v2\/posts"}],"about":[{"href":"https:\/\/www.duerodeporte.com\/index.php\/wp-json\/wp\/v2\/types\/post"}],"author":[{"embeddable":true,"href":"https:\/\/www.duerodeporte.com\/index.php\/wp-json\/wp\/v2\/users\/3"}],"replies":[{"embeddable":true,"href":"https:\/\/www.duerodeporte.com\/index.php\/wp-json\/wp\/v2\/comments?post=6799"}],"version-history":[{"count":6,"href":"https:\/\/www.duerodeporte.com\/index.php\/wp-json\/wp\/v2\/posts\/6799\/revisions"}],"predecessor-version":[{"id":6807,"href":"https:\/\/www.duerodeporte.com\/index.php\/wp-json\/wp\/v2\/posts\/6799\/revisions\/6807"}],"wp:featuredmedia":[{"embeddable":true,"href":"https:\/\/www.duerodeporte.com\/index.php\/wp-json\/wp\/v2\/media\/6802"}],"wp:attachment":[{"href":"https:\/\/www.duerodeporte.com\/index.php\/wp-json\/wp\/v2\/media?parent=6799"}],"wp:term":[{"taxonomy":"category","embeddable":true,"href":"https:\/\/www.duerodeporte.com\/index.php\/wp-json\/wp\/v2\/categories?post=6799"},{"taxonomy":"post_tag","embeddable":true,"href":"https:\/\/www.duerodeporte.com\/index.php\/wp-json\/wp\/v2\/tags?post=6799"}],"curies":[{"name":"wp","href":"https:\/\/api.w.org\/{rel}","templated":true}]}}